{"id":1440,"date":"2013-11-11T21:13:10","date_gmt":"2013-11-11T20:13:10","guid":{"rendered":"http:\/\/arteeluoghi.it\/index.php\/2013\/11\/11\/meraviglioso-modi\/"},"modified":"2013-11-11T21:13:10","modified_gmt":"2013-11-11T20:13:10","slug":"meraviglioso-modi","status":"publish","type":"post","link":"https:\/\/arteeluoghi.it\/index.php\/2013\/11\/11\/meraviglioso-modi\/","title":{"rendered":"Meraviglioso Mod\u00ec"},"content":{"rendered":"<p><img src=\"\/images\/03_Modigliani.jpg\" border=\"0\" title=\"Amedeo Modigliani, Elvire con colletto bianco (Elvire con collettino), 1917 o 1918, Olio su tela, Firmato in alto a destra, cm 92 x 65, \u00a9 Pinacoth\u00e8que de Paris \/Fabrice Gousset\" width=\"300\" style=\"margin: 21px; float: left;\" \/>A Roma, Palazzo Cipolla, dal 14 novembre 2013 al 6 aprile 2014<\/p>\n<p><strong>Modigliani, Soutine e gli artisti maledetti. <\/strong><br \/><strong>La collezione Netter<\/strong><\/p>\n<p>Nel 2010 la Fondazione Roma e il Comune di Milano hanno condiviso un grande successo: la mostra di \u201cEdward Hopper\u201d, realizzata a Palazzo Reale di Milano e poi al Museo della Fondazione Roma, con una quasi paradossale coincidenza di visitatori: 208.400 a Milano, 209.200 a Roma.<br \/>A distanza di qualche anno, e sempre con Arthemisia Group, la fortunata partnership \u2013 arricchita dalla partecipazione della Soprintendenza Speciale per il Polo Museale di Roma \u2013 si rinnova con un\u2019altra importante mostra: \u201cModigliani, Soutine e gli artisti maledetti\u201d, oltre 100 splendide opere realizzate negli anni d\u2019oro di Parigi, in quel magico ventennio di inizio \u2018900 in cui tutti i pi\u00f9 grandi artisti si ritrovavano nei caff\u00e8 parigini a parlare e a litigare d\u2019arte.<br \/>La mostra \u00e8 promossa dalla Fondazione Roma, guidata dallo sguardo lungimirante del Presidente Emmanuele F. M. Emanuele che ha accolto generosamente la mostra nel rinnovato Museo di Palazzo Cipolla, dal Comune di Milano-Palazzo Reale sotto l\u2019Assessorato alla Cultura di Filippo Dal Corno e la Direzione sempre puntuale di Domenico Piraina, e dalla Soprintendenza Speciale PSAE e del Polo Museale della Citt\u00e0 di Roma, retta dalla Soprintendente Daniela Porro.<br \/>La produzione e l\u2019organizzazione sono di Arthemisia Group, che ha realizzato la mostra in collaborazione con la Pinacoth\u00e8que de Paris e con il contributo di 24 ORE Cultura &#8211; Gruppo 24 ORE. Se oggi noi ammiriamo questi lavori come capolavori assoluti dell\u2019arte, non dobbiamo dimenticare tuttavia che all\u2019epoca in cui videro la luce venivano considerati veri e propri obbrobri. \u00c8 per questo che l\u2019intuizione di Netter appare una vera e propria profezia, oltre che un atto coraggioso e spesso disinteressato. Poco si sapeva di quest\u2019uomo tale era la sua discrezione. Oggi, grazie al lavoro di ricostruzione di Restellini, possiamo farci un\u2019idea del suo volto grazie al ritratto che gli fece, riconosciuto da vecchie fotografie familiari, Kisling, anch\u2019esso in mostra. E la leggenda vuole che sia stato proprio Modigliani a presentare Kisling a Netter. A causa del suo atteggiamento cos\u00ec discreto, di Jonas Netter non rimane nulla di personale. Tranne le opere che am\u00f2 e collezion\u00f2 e che anche noi oggi possiamo contemplare.<\/p>\n<p>(fonte: comunicato stampa)<\/p>\n","protected":false},"excerpt":{"rendered":"<p>A Roma, Palazzo Cipolla, dal 14 novembre 2013 al 6 aprile 2014 Modigliani, Soutine e gli artisti maledetti. La collezione<\/p>\n","protected":false},"author":1,"featured_media":0,"comment_status":"open","ping_status":"open","sticky":false,"template":"","format":"standard","meta":[],"categories":[27],"tags":[],"yoast_head":"<!-- This site is optimized with the Yoast SEO plugin v18.0 - https:\/\/yoast.com\/wordpress\/plugins\/seo\/ -->\n<title>Meraviglioso Mod\u00ec | Arte e Luoghi<\/title>\n<meta name=\"robots\" content=\"index, follow, max-snippet:-1, max-image-preview:large, max-video-preview:-1\" \/>\n<link rel=\"canonical\" href=\"https:\/\/arteeluoghi.it\/index.php\/2013\/11\/11\/meraviglioso-modi\/\" \/>\n<meta property=\"og:locale\" content=\"it_IT\" \/>\n<meta property=\"og:type\" content=\"article\" \/>\n<meta property=\"og:title\" content=\"Meraviglioso Mod\u00ec | Arte e Luoghi\" \/>\n<meta property=\"og:description\" content=\"A Roma, Palazzo Cipolla, dal 14 novembre 2013 al 6 aprile 2014 Modigliani, Soutine e gli artisti maledetti. La collezione\" \/>\n<meta property=\"og:url\" content=\"https:\/\/arteeluoghi.it\/index.php\/2013\/11\/11\/meraviglioso-modi\/\" \/>\n<meta property=\"og:site_name\" content=\"Arte e Luoghi\" \/>\n<meta property=\"article:publisher\" content=\"https:\/\/www.facebook.com\/ArteELuoghi\/\" \/>\n<meta property=\"article:published_time\" content=\"2013-11-11T20:13:10+00:00\" \/>\n<meta property=\"og:image\" content=\"https:\/\/arteeluoghi.it\/images\/03_Modigliani.jpg\" \/>\n<meta name=\"twitter:card\" content=\"summary\" \/>\n<meta name=\"twitter:creator\" content=\"@arteeluoghi\" \/>\n<meta name=\"twitter:site\" content=\"@arteeluoghi\" \/>\n<meta name=\"twitter:label1\" content=\"Scritto da\" \/>\n\t<meta name=\"twitter:data1\" content=\"Staff\" \/>\n\t<meta name=\"twitter:label2\" content=\"Tempo di lettura stimato\" \/>\n\t<meta name=\"twitter:data2\" content=\"2 minuti\" \/>\n<script type=\"application\/ld+json\" class=\"yoast-schema-graph\">{\"@context\":\"https:\/\/schema.org\",\"@graph\":[{\"@type\":\"Organization\",\"@id\":\"https:\/\/arteeluoghi.it\/#organization\",\"name\":\"Arte e Luoghi\",\"url\":\"https:\/\/arteeluoghi.it\/\",\"sameAs\":[\"https:\/\/www.facebook.com\/ArteELuoghi\/\",\"https:\/\/www.instagram.com\/arteeluoghi\/?hl=it\",\"https:\/\/www.youtube.com\/channel\/UCuRVc4JW4-C5sg9rQB-srkw?view_as=subscriber\",\"https:\/\/twitter.com\/arteeluoghi\"],\"logo\":{\"@type\":\"ImageObject\",\"@id\":\"https:\/\/arteeluoghi.it\/#logo\",\"inLanguage\":\"it-IT\",\"url\":\"https:\/\/arteeluoghi.it\/wp-content\/uploads\/2018\/08\/logoinstagramarte.jpg\",\"contentUrl\":\"https:\/\/arteeluoghi.it\/wp-content\/uploads\/2018\/08\/logoinstagramarte.jpg\",\"width\":150,\"height\":150,\"caption\":\"Arte e Luoghi\"},\"image\":{\"@id\":\"https:\/\/arteeluoghi.it\/#logo\"}},{\"@type\":\"WebSite\",\"@id\":\"https:\/\/arteeluoghi.it\/#website\",\"url\":\"https:\/\/arteeluoghi.it\/\",\"name\":\"Arte e Luoghi\",\"description\":\"Mensile di arte, cultura, turismo e curiosit\u00e0\",\"publisher\":{\"@id\":\"https:\/\/arteeluoghi.it\/#organization\"},\"potentialAction\":[{\"@type\":\"SearchAction\",\"target\":{\"@type\":\"EntryPoint\",\"urlTemplate\":\"https:\/\/arteeluoghi.it\/?s={search_term_string}\"},\"query-input\":\"required name=search_term_string\"}],\"inLanguage\":\"it-IT\"},{\"@type\":\"ImageObject\",\"@id\":\"https:\/\/arteeluoghi.it\/index.php\/2013\/11\/11\/meraviglioso-modi\/#primaryimage\",\"inLanguage\":\"it-IT\",\"url\":\"\/images\/03_Modigliani.jpg\",\"contentUrl\":\"\/images\/03_Modigliani.jpg\"},{\"@type\":\"WebPage\",\"@id\":\"https:\/\/arteeluoghi.it\/index.php\/2013\/11\/11\/meraviglioso-modi\/#webpage\",\"url\":\"https:\/\/arteeluoghi.it\/index.php\/2013\/11\/11\/meraviglioso-modi\/\",\"name\":\"Meraviglioso Mod\u00ec | Arte e Luoghi\",\"isPartOf\":{\"@id\":\"https:\/\/arteeluoghi.it\/#website\"},\"primaryImageOfPage\":{\"@id\":\"https:\/\/arteeluoghi.it\/index.php\/2013\/11\/11\/meraviglioso-modi\/#primaryimage\"},\"datePublished\":\"2013-11-11T20:13:10+00:00\",\"dateModified\":\"2013-11-11T20:13:10+00:00\",\"breadcrumb\":{\"@id\":\"https:\/\/arteeluoghi.it\/index.php\/2013\/11\/11\/meraviglioso-modi\/#breadcrumb\"},\"inLanguage\":\"it-IT\",\"potentialAction\":[{\"@type\":\"ReadAction\",\"target\":[\"https:\/\/arteeluoghi.it\/index.php\/2013\/11\/11\/meraviglioso-modi\/\"]}]},{\"@type\":\"BreadcrumbList\",\"@id\":\"https:\/\/arteeluoghi.it\/index.php\/2013\/11\/11\/meraviglioso-modi\/#breadcrumb\",\"itemListElement\":[{\"@type\":\"ListItem\",\"position\":1,\"name\":\"Home\",\"item\":\"https:\/\/arteeluoghi.it\/\"},{\"@type\":\"ListItem\",\"position\":2,\"name\":\"Meraviglioso Mod\u00ec\"}]},{\"@type\":\"Article\",\"@id\":\"https:\/\/arteeluoghi.it\/index.php\/2013\/11\/11\/meraviglioso-modi\/#article\",\"isPartOf\":{\"@id\":\"https:\/\/arteeluoghi.it\/index.php\/2013\/11\/11\/meraviglioso-modi\/#webpage\"},\"author\":{\"@id\":\"https:\/\/arteeluoghi.it\/#\/schema\/person\/f84e814e36e91e01448ee07eaadd41d4\"},\"headline\":\"Meraviglioso Mod\u00ec\",\"datePublished\":\"2013-11-11T20:13:10+00:00\",\"dateModified\":\"2013-11-11T20:13:10+00:00\",\"mainEntityOfPage\":{\"@id\":\"https:\/\/arteeluoghi.it\/index.php\/2013\/11\/11\/meraviglioso-modi\/#webpage\"},\"wordCount\":373,\"commentCount\":0,\"publisher\":{\"@id\":\"https:\/\/arteeluoghi.it\/#organization\"},\"image\":{\"@id\":\"https:\/\/arteeluoghi.it\/index.php\/2013\/11\/11\/meraviglioso-modi\/#primaryimage\"},\"thumbnailUrl\":\"\/images\/03_Modigliani.jpg\",\"articleSection\":[\"Arte\"],\"inLanguage\":\"it-IT\",\"potentialAction\":[{\"@type\":\"CommentAction\",\"name\":\"Comment\",\"target\":[\"https:\/\/arteeluoghi.it\/index.php\/2013\/11\/11\/meraviglioso-modi\/#respond\"]}]},{\"@type\":\"Person\",\"@id\":\"https:\/\/arteeluoghi.it\/#\/schema\/person\/f84e814e36e91e01448ee07eaadd41d4\",\"name\":\"Staff\",\"image\":{\"@type\":\"ImageObject\",\"@id\":\"https:\/\/arteeluoghi.it\/#personlogo\",\"inLanguage\":\"it-IT\",\"url\":\"https:\/\/secure.gravatar.com\/avatar\/49d2f9e46271bb04e19cebfaf141313a?s=96&d=blank&r=g\",\"contentUrl\":\"https:\/\/secure.gravatar.com\/avatar\/49d2f9e46271bb04e19cebfaf141313a?s=96&d=blank&r=g\",\"caption\":\"Staff\"}}]}<\/script>\n<!-- \/ Yoast SEO plugin. -->","yoast_head_json":{"title":"Meraviglioso Mod\u00ec | Arte e Luoghi","robots":{"index":"index","follow":"follow","max-snippet":"max-snippet:-1","max-image-preview":"max-image-preview:large","max-video-preview":"max-video-preview:-1"},"canonical":"https:\/\/arteeluoghi.it\/index.php\/2013\/11\/11\/meraviglioso-modi\/","og_locale":"it_IT","og_type":"article","og_title":"Meraviglioso Mod\u00ec | Arte e Luoghi","og_description":"A Roma, Palazzo Cipolla, dal 14 novembre 2013 al 6 aprile 2014 Modigliani, Soutine e gli artisti maledetti. La collezione","og_url":"https:\/\/arteeluoghi.it\/index.php\/2013\/11\/11\/meraviglioso-modi\/","og_site_name":"Arte e Luoghi","article_publisher":"https:\/\/www.facebook.com\/ArteELuoghi\/","article_published_time":"2013-11-11T20:13:10+00:00","og_image":[{"url":"https:\/\/arteeluoghi.it\/images\/03_Modigliani.jpg"}],"twitter_card":"summary","twitter_creator":"@arteeluoghi","twitter_site":"@arteeluoghi","twitter_misc":{"Scritto da":"Staff","Tempo di lettura stimato":"2 minuti"},"schema":{"@context":"https:\/\/schema.org","@graph":[{"@type":"Organization","@id":"https:\/\/arteeluoghi.it\/#organization","name":"Arte e Luoghi","url":"https:\/\/arteeluoghi.it\/","sameAs":["https:\/\/www.facebook.com\/ArteELuoghi\/","https:\/\/www.instagram.com\/arteeluoghi\/?hl=it","https:\/\/www.youtube.com\/channel\/UCuRVc4JW4-C5sg9rQB-srkw?view_as=subscriber","https:\/\/twitter.com\/arteeluoghi"],"logo":{"@type":"ImageObject","@id":"https:\/\/arteeluoghi.it\/#logo","inLanguage":"it-IT","url":"https:\/\/arteeluoghi.it\/wp-content\/uploads\/2018\/08\/logoinstagramarte.jpg","contentUrl":"https:\/\/arteeluoghi.it\/wp-content\/uploads\/2018\/08\/logoinstagramarte.jpg","width":150,"height":150,"caption":"Arte e Luoghi"},"image":{"@id":"https:\/\/arteeluoghi.it\/#logo"}},{"@type":"WebSite","@id":"https:\/\/arteeluoghi.it\/#website","url":"https:\/\/arteeluoghi.it\/","name":"Arte e Luoghi","description":"Mensile di arte, cultura, turismo e curiosit\u00e0","publisher":{"@id":"https:\/\/arteeluoghi.it\/#organization"},"potentialAction":[{"@type":"SearchAction","target":{"@type":"EntryPoint","urlTemplate":"https:\/\/arteeluoghi.it\/?s={search_term_string}"},"query-input":"required name=search_term_string"}],"inLanguage":"it-IT"},{"@type":"ImageObject","@id":"https:\/\/arteeluoghi.it\/index.php\/2013\/11\/11\/meraviglioso-modi\/#primaryimage","inLanguage":"it-IT","url":"\/images\/03_Modigliani.jpg","contentUrl":"\/images\/03_Modigliani.jpg"},{"@type":"WebPage","@id":"https:\/\/arteeluoghi.it\/index.php\/2013\/11\/11\/meraviglioso-modi\/#webpage","url":"https:\/\/arteeluoghi.it\/index.php\/2013\/11\/11\/meraviglioso-modi\/","name":"Meraviglioso Mod\u00ec | Arte e Luoghi","isPartOf":{"@id":"https:\/\/arteeluoghi.it\/#website"},"primaryImageOfPage":{"@id":"https:\/\/arteeluoghi.it\/index.php\/2013\/11\/11\/meraviglioso-modi\/#primaryimage"},"datePublished":"2013-11-11T20:13:10+00:00","dateModified":"2013-11-11T20:13:10+00:00","breadcrumb":{"@id":"https:\/\/arteeluoghi.it\/index.php\/2013\/11\/11\/meraviglioso-modi\/#breadcrumb"},"inLanguage":"it-IT","potentialAction":[{"@type":"ReadAction","target":["https:\/\/arteeluoghi.it\/index.php\/2013\/11\/11\/meraviglioso-modi\/"]}]},{"@type":"BreadcrumbList","@id":"https:\/\/arteeluoghi.it\/index.php\/2013\/11\/11\/meraviglioso-modi\/#breadcrumb","itemListElement":[{"@type":"ListItem","position":1,"name":"Home","item":"https:\/\/arteeluoghi.it\/"},{"@type":"ListItem","position":2,"name":"Meraviglioso Mod\u00ec"}]},{"@type":"Article","@id":"https:\/\/arteeluoghi.it\/index.php\/2013\/11\/11\/meraviglioso-modi\/#article","isPartOf":{"@id":"https:\/\/arteeluoghi.it\/index.php\/2013\/11\/11\/meraviglioso-modi\/#webpage"},"author":{"@id":"https:\/\/arteeluoghi.it\/#\/schema\/person\/f84e814e36e91e01448ee07eaadd41d4"},"headline":"Meraviglioso Mod\u00ec","datePublished":"2013-11-11T20:13:10+00:00","dateModified":"2013-11-11T20:13:10+00:00","mainEntityOfPage":{"@id":"https:\/\/arteeluoghi.it\/index.php\/2013\/11\/11\/meraviglioso-modi\/#webpage"},"wordCount":373,"commentCount":0,"publisher":{"@id":"https:\/\/arteeluoghi.it\/#organization"},"image":{"@id":"https:\/\/arteeluoghi.it\/index.php\/2013\/11\/11\/meraviglioso-modi\/#primaryimage"},"thumbnailUrl":"\/images\/03_Modigliani.jpg","articleSection":["Arte"],"inLanguage":"it-IT","potentialAction":[{"@type":"CommentAction","name":"Comment","target":["https:\/\/arteeluoghi.it\/index.php\/2013\/11\/11\/meraviglioso-modi\/#respond"]}]},{"@type":"Person","@id":"https:\/\/arteeluoghi.it\/#\/schema\/person\/f84e814e36e91e01448ee07eaadd41d4","name":"Staff","image":{"@type":"ImageObject","@id":"https:\/\/arteeluoghi.it\/#personlogo","inLanguage":"it-IT","url":"https:\/\/secure.gravatar.com\/avatar\/49d2f9e46271bb04e19cebfaf141313a?s=96&d=blank&r=g","contentUrl":"https:\/\/secure.gravatar.com\/avatar\/49d2f9e46271bb04e19cebfaf141313a?s=96&d=blank&r=g","caption":"Staff"}}]}},"_links":{"self":[{"href":"https:\/\/arteeluoghi.it\/index.php\/wp-json\/wp\/v2\/posts\/1440"}],"collection":[{"href":"https:\/\/arteeluoghi.it\/index.php\/wp-json\/wp\/v2\/posts"}],"about":[{"href":"https:\/\/arteeluoghi.it\/index.php\/wp-json\/wp\/v2\/types\/post"}],"author":[{"embeddable":true,"href":"https:\/\/arteeluoghi.it\/index.php\/wp-json\/wp\/v2\/users\/1"}],"replies":[{"embeddable":true,"href":"https:\/\/arteeluoghi.it\/index.php\/wp-json\/wp\/v2\/comments?post=1440"}],"version-history":[{"count":0,"href":"https:\/\/arteeluoghi.it\/index.php\/wp-json\/wp\/v2\/posts\/1440\/revisions"}],"wp:attachment":[{"href":"https:\/\/arteeluoghi.it\/index.php\/wp-json\/wp\/v2\/media?parent=1440"}],"wp:term":[{"taxonomy":"category","embeddable":true,"href":"https:\/\/arteeluoghi.it\/index.php\/wp-json\/wp\/v2\/categories?post=1440"},{"taxonomy":"post_tag","embeddable":true,"href":"https:\/\/arteeluoghi.it\/index.php\/wp-json\/wp\/v2\/tags?post=1440"}],"curies":[{"name":"wp","href":"https:\/\/api.w.org\/{rel}","templated":true}]}}