{"id":14429,"date":"2024-05-22T15:12:31","date_gmt":"2024-05-22T13:12:31","guid":{"rendered":"https:\/\/arteeluoghi.it\/?p=14429"},"modified":"2024-05-22T15:12:32","modified_gmt":"2024-05-22T13:12:32","slug":"al-via-il-maggio-musicale-salentino-2","status":"publish","type":"post","link":"https:\/\/arteeluoghi.it\/index.php\/2024\/05\/22\/al-via-il-maggio-musicale-salentino-2\/","title":{"rendered":"Al via il Maggio Musicale Salentino"},"content":{"rendered":"\n<blockquote class=\"wp-block-quote is-style-default\"><p>La manifestazione organizzata dall&#8217;associazione culturale Aulos con la direzione artistica di Gianluca Milanese si terr\u00e0 il 25 maggio al Teatro Paisiello di Lecce, preceduto da una matin\u00e9\u00e9 al Liceo Musicale Palmieri di Lecce<\/p><\/blockquote>\n\n\n\n<p>Organizzato dall&#8217;associazione culturale Aulos, il  Festival \u201cMaggio Musicale Salentino\u201d  ha ricevuto il riconoscimento del Ministero dello Sviluppo economico Uffcio Brevetti e Marchi, gi\u00e0 patrocinato, tra gli altri, nelle precedenti edizioni dalla Presidenza del Consiglio dei Ministri, dal Comune di Lecce, dalla Provincia di Lecce, dal Conservatorio di Musica \u201cTito Schipa\u201d e dall\u2019Universit\u00e0 del Salento, \u00e8 una manifestazione artistico-culturale che propone la diffusione della musica, attraverso anche l\u2019incontro con altre arti, quali la danza e la poesia.<br>Il Festival, giunto alla XVI edizione, sotto la direzione artistica del M\u00b0 Gianluca Milanese, con la project<br>manager Simona Ciullo, ha visto la partecipazione di artisti di calibro internazionale.<\/p>\n\n\n\n<!--more-->\n\n\n\n<p><br>Nel corso degli anni, infatti, si sono alternati sul palco Richard Sinclair, Nello Salza, Nicola Stilo, Nico<br>Morelli, Salento Cinema Ensemble, Antonio Ancora, I Respiro, Bud Powell Jazz Orchestra, Shuruq<br>Ensemble, Valeria Vetruccio, Orode? Deoro, Simone Franco, Giulia Epifani, Annamaria Colomba,<br>Ensemble Concentus.<\/p>\n\n\n\n<figure class=\"wp-block-image size-large\"><img loading=\"lazy\" width=\"1024\" height=\"512\" src=\"https:\/\/arteeluoghi.it\/wp-content\/uploads\/2024\/05\/WhatsApp-Image-2024-05-22-at-14.44.36-1024x512.jpeg\" alt=\"\" class=\"wp-image-14430\" srcset=\"https:\/\/arteeluoghi.it\/wp-content\/uploads\/2024\/05\/WhatsApp-Image-2024-05-22-at-14.44.36-1024x512.jpeg 1024w, https:\/\/arteeluoghi.it\/wp-content\/uploads\/2024\/05\/WhatsApp-Image-2024-05-22-at-14.44.36-300x150.jpeg 300w, https:\/\/arteeluoghi.it\/wp-content\/uploads\/2024\/05\/WhatsApp-Image-2024-05-22-at-14.44.36-768x384.jpeg 768w, https:\/\/arteeluoghi.it\/wp-content\/uploads\/2024\/05\/WhatsApp-Image-2024-05-22-at-14.44.36-1536x768.jpeg 1536w, https:\/\/arteeluoghi.it\/wp-content\/uploads\/2024\/05\/WhatsApp-Image-2024-05-22-at-14.44.36.jpeg 1600w\" sizes=\"(max-width: 1024px) 100vw, 1024px\" \/><\/figure>\n\n\n\n<p><br>La finalit\u00e0 del Festival \u00e8 quella della diffusione della musica e delle arti attraverso artisti salentini per la<br>valorizzazione delle eccellenze del territorio. I destinatari e fruitori del Festival sono racchiusi in una larga<br>fascia che va dall\u2019adolescenza all&#8217;et\u00e0 adulta grazie ad una scelta di repertori musicali capaci di accattivare<br>trasversalmente l&#8217;interesse di un pubblico quanto pi\u00f9 vario possibile.<br>Questa edizione del festival si terr\u00e0 il 25 maggio e si svolger\u00e0 in due fasi nell&#8217;arco della giornata.<br>La mattina, presso il Liceo musicale Palmieri di Lecce, si terr\u00e0 una tavola rotonda, destinata agli studenti<br>del Liceo, dedicata all&#8217;iconografa musicale a cura del dott. Francesco Spada, direttore della prestigiosa<br>collezione di strumenti musicali Spada, con un intervento dal titolo La Basilica di Santa Caterina, modello<br>di cultura mediterranea: \u201cGli strumenti medievali nella chiesa di Galatina\u201d e sar\u00e0 arricchita<br>dall&#8217;esecuzione di alcuni brani tratti dal repertorio strumentale del XV secolo a cura dei maestri Andrea<br>Cataldo (liuto) e Gianluca Milanese (flauti a becco), specializzati in musica antica.<br>La sera presso il teatro Paisiello di Lecce, si terr\u00e0 il concerto dell&#8217; nsemble Tzich\u00ec.<br>Il gruppo da anni svolge attivit\u00e0 di ricerca musicale sul repertorio barocco con particolare attenzione ai<br>compositori pugliesi e salentini. I musicisti, specializzati in musica antica presso le pi\u00f9 importanti<br>istituzioni nazionali ed internazionali, eseguono il repertorio in maniera filologica usando strumenti copie<br>degli strumenti originali del XVII secolo.<br>Il programma proposto seguir\u00e0 un percorso che spazia dalla musica colta a quella popolare.<\/p>\n\n\n\n<p>In continuit\u00e0 con le precedenti edizioni del Festival, il concerto sar\u00e0 introdotto da brevi letture a cura<br>dell&#8217;attrice Agnese Perrone tratte dalla produzione poetica di Claudia Petracca.<br>Anche quest&#8217;anno il festival sosterr\u00e0 il progetto di beneficenza dell&#8217;associazione \u201cCuore e mani aperte verso<br>chi soffre: BIMBULANZA\u201d a sostegno del Polo Pediatrico dell&#8217;Ospedale di Lecce. Al fine di consentire la massima fruizione dell\u2019evento l\u2019ingresso sar\u00e0 gratuito.<\/p>\n\n\n\n<p>(fonte: comunicato stampa)<\/p>\n","protected":false},"excerpt":{"rendered":"<p>La manifestazione organizzata dall&#8217;associazione culturale Aulos con la direzione artistica di Gianluca Milanese si terr\u00e0 il 25 maggio al Teatro<\/p>\n","protected":false},"author":1,"featured_media":14431,"comment_status":"open","ping_status":"open","sticky":true,"template":"","format":"standard","meta":[],"categories":[12],"tags":[],"yoast_head":"<!-- This site is optimized with the Yoast SEO plugin v18.0 - https:\/\/yoast.com\/wordpress\/plugins\/seo\/ -->\n<title>Al via il Maggio Musicale Salentino | Arte e Luoghi<\/title>\n<meta name=\"description\" content=\"La manifestazione organizzata dall&#039;associazione culturale Aulos con la direzione artistica di Gianluca Milanese si terr\u00e0 il 25 maggio\" \/>\n<meta name=\"robots\" content=\"index, follow, max-snippet:-1, max-image-preview:large, max-video-preview:-1\" \/>\n<link rel=\"canonical\" href=\"https:\/\/arteeluoghi.it\/index.php\/2024\/05\/22\/al-via-il-maggio-musicale-salentino-2\/\" \/>\n<meta property=\"og:locale\" content=\"it_IT\" \/>\n<meta property=\"og:type\" content=\"article\" \/>\n<meta property=\"og:title\" content=\"Al via il Maggio Musicale Salentino | Arte e Luoghi\" \/>\n<meta property=\"og:description\" content=\"La manifestazione organizzata dall&#039;associazione culturale Aulos con la direzione artistica di Gianluca Milanese si terr\u00e0 il 25 maggio\" \/>\n<meta property=\"og:url\" content=\"https:\/\/arteeluoghi.it\/index.php\/2024\/05\/22\/al-via-il-maggio-musicale-salentino-2\/\" \/>\n<meta property=\"og:site_name\" content=\"Arte e Luoghi\" \/>\n<meta property=\"article:publisher\" content=\"https:\/\/www.facebook.com\/ArteELuoghi\/\" \/>\n<meta property=\"article:published_time\" content=\"2024-05-22T13:12:31+00:00\" \/>\n<meta property=\"article:modified_time\" content=\"2024-05-22T13:12:32+00:00\" \/>\n<meta property=\"og:image\" content=\"https:\/\/arteeluoghi.it\/wp-content\/uploads\/2024\/05\/WhatsApp-Image-2024-05-22-at-14.45.11.jpeg\" \/>\n\t<meta property=\"og:image:width\" content=\"1600\" \/>\n\t<meta property=\"og:image:height\" content=\"1067\" \/>\n\t<meta property=\"og:image:type\" content=\"image\/jpeg\" \/>\n<meta name=\"twitter:card\" content=\"summary\" \/>\n<meta name=\"twitter:creator\" content=\"@arteeluoghi\" \/>\n<meta name=\"twitter:site\" content=\"@arteeluoghi\" \/>\n<meta name=\"twitter:label1\" content=\"Scritto da\" \/>\n\t<meta name=\"twitter:data1\" content=\"Staff\" \/>\n\t<meta name=\"twitter:label2\" content=\"Tempo di lettura stimato\" \/>\n\t<meta name=\"twitter:data2\" content=\"3 minuti\" \/>\n<script type=\"application\/ld+json\" class=\"yoast-schema-graph\">{\"@context\":\"https:\/\/schema.org\",\"@graph\":[{\"@type\":\"Organization\",\"@id\":\"https:\/\/arteeluoghi.it\/#organization\",\"name\":\"Arte e Luoghi\",\"url\":\"https:\/\/arteeluoghi.it\/\",\"sameAs\":[\"https:\/\/www.facebook.com\/ArteELuoghi\/\",\"https:\/\/www.instagram.com\/arteeluoghi\/?hl=it\",\"https:\/\/www.youtube.com\/channel\/UCuRVc4JW4-C5sg9rQB-srkw?view_as=subscriber\",\"https:\/\/twitter.com\/arteeluoghi\"],\"logo\":{\"@type\":\"ImageObject\",\"@id\":\"https:\/\/arteeluoghi.it\/#logo\",\"inLanguage\":\"it-IT\",\"url\":\"https:\/\/arteeluoghi.it\/wp-content\/uploads\/2018\/08\/logoinstagramarte.jpg\",\"contentUrl\":\"https:\/\/arteeluoghi.it\/wp-content\/uploads\/2018\/08\/logoinstagramarte.jpg\",\"width\":150,\"height\":150,\"caption\":\"Arte e Luoghi\"},\"image\":{\"@id\":\"https:\/\/arteeluoghi.it\/#logo\"}},{\"@type\":\"WebSite\",\"@id\":\"https:\/\/arteeluoghi.it\/#website\",\"url\":\"https:\/\/arteeluoghi.it\/\",\"name\":\"Arte e Luoghi\",\"description\":\"Mensile di arte, cultura, turismo e curiosit\u00e0\",\"publisher\":{\"@id\":\"https:\/\/arteeluoghi.it\/#organization\"},\"potentialAction\":[{\"@type\":\"SearchAction\",\"target\":{\"@type\":\"EntryPoint\",\"urlTemplate\":\"https:\/\/arteeluoghi.it\/?s={search_term_string}\"},\"query-input\":\"required name=search_term_string\"}],\"inLanguage\":\"it-IT\"},{\"@type\":\"ImageObject\",\"@id\":\"https:\/\/arteeluoghi.it\/index.php\/2024\/05\/22\/al-via-il-maggio-musicale-salentino-2\/#primaryimage\",\"inLanguage\":\"it-IT\",\"url\":\"https:\/\/arteeluoghi.it\/wp-content\/uploads\/2024\/05\/WhatsApp-Image-2024-05-22-at-14.45.11.jpeg\",\"contentUrl\":\"https:\/\/arteeluoghi.it\/wp-content\/uploads\/2024\/05\/WhatsApp-Image-2024-05-22-at-14.45.11.jpeg\",\"width\":1600,\"height\":1067},{\"@type\":\"WebPage\",\"@id\":\"https:\/\/arteeluoghi.it\/index.php\/2024\/05\/22\/al-via-il-maggio-musicale-salentino-2\/#webpage\",\"url\":\"https:\/\/arteeluoghi.it\/index.php\/2024\/05\/22\/al-via-il-maggio-musicale-salentino-2\/\",\"name\":\"Al via il Maggio Musicale Salentino | Arte e Luoghi\",\"isPartOf\":{\"@id\":\"https:\/\/arteeluoghi.it\/#website\"},\"primaryImageOfPage\":{\"@id\":\"https:\/\/arteeluoghi.it\/index.php\/2024\/05\/22\/al-via-il-maggio-musicale-salentino-2\/#primaryimage\"},\"datePublished\":\"2024-05-22T13:12:31+00:00\",\"dateModified\":\"2024-05-22T13:12:32+00:00\",\"description\":\"La manifestazione organizzata dall'associazione culturale Aulos con la direzione artistica di Gianluca Milanese si terr\u00e0 il 25 maggio\",\"breadcrumb\":{\"@id\":\"https:\/\/arteeluoghi.it\/index.php\/2024\/05\/22\/al-via-il-maggio-musicale-salentino-2\/#breadcrumb\"},\"inLanguage\":\"it-IT\",\"potentialAction\":[{\"@type\":\"ReadAction\",\"target\":[\"https:\/\/arteeluoghi.it\/index.php\/2024\/05\/22\/al-via-il-maggio-musicale-salentino-2\/\"]}]},{\"@type\":\"BreadcrumbList\",\"@id\":\"https:\/\/arteeluoghi.it\/index.php\/2024\/05\/22\/al-via-il-maggio-musicale-salentino-2\/#breadcrumb\",\"itemListElement\":[{\"@type\":\"ListItem\",\"position\":1,\"name\":\"Home\",\"item\":\"https:\/\/arteeluoghi.it\/\"},{\"@type\":\"ListItem\",\"position\":2,\"name\":\"Al via il Maggio Musicale Salentino\"}]},{\"@type\":\"Article\",\"@id\":\"https:\/\/arteeluoghi.it\/index.php\/2024\/05\/22\/al-via-il-maggio-musicale-salentino-2\/#article\",\"isPartOf\":{\"@id\":\"https:\/\/arteeluoghi.it\/index.php\/2024\/05\/22\/al-via-il-maggio-musicale-salentino-2\/#webpage\"},\"author\":{\"@id\":\"https:\/\/arteeluoghi.it\/#\/schema\/person\/f84e814e36e91e01448ee07eaadd41d4\"},\"headline\":\"Al via il Maggio Musicale Salentino\",\"datePublished\":\"2024-05-22T13:12:31+00:00\",\"dateModified\":\"2024-05-22T13:12:32+00:00\",\"mainEntityOfPage\":{\"@id\":\"https:\/\/arteeluoghi.it\/index.php\/2024\/05\/22\/al-via-il-maggio-musicale-salentino-2\/#webpage\"},\"wordCount\":482,\"commentCount\":0,\"publisher\":{\"@id\":\"https:\/\/arteeluoghi.it\/#organization\"},\"image\":{\"@id\":\"https:\/\/arteeluoghi.it\/index.php\/2024\/05\/22\/al-via-il-maggio-musicale-salentino-2\/#primaryimage\"},\"thumbnailUrl\":\"https:\/\/arteeluoghi.it\/wp-content\/uploads\/2024\/05\/WhatsApp-Image-2024-05-22-at-14.45.11.jpeg\",\"articleSection\":[\"MUSICA\"],\"inLanguage\":\"it-IT\",\"potentialAction\":[{\"@type\":\"CommentAction\",\"name\":\"Comment\",\"target\":[\"https:\/\/arteeluoghi.it\/index.php\/2024\/05\/22\/al-via-il-maggio-musicale-salentino-2\/#respond\"]}]},{\"@type\":\"Person\",\"@id\":\"https:\/\/arteeluoghi.it\/#\/schema\/person\/f84e814e36e91e01448ee07eaadd41d4\",\"name\":\"Staff\",\"image\":{\"@type\":\"ImageObject\",\"@id\":\"https:\/\/arteeluoghi.it\/#personlogo\",\"inLanguage\":\"it-IT\",\"url\":\"https:\/\/secure.gravatar.com\/avatar\/49d2f9e46271bb04e19cebfaf141313a?s=96&d=blank&r=g\",\"contentUrl\":\"https:\/\/secure.gravatar.com\/avatar\/49d2f9e46271bb04e19cebfaf141313a?s=96&d=blank&r=g\",\"caption\":\"Staff\"}}]}<\/script>\n<!-- \/ Yoast SEO plugin. -->","yoast_head_json":{"title":"Al via il Maggio Musicale Salentino | Arte e Luoghi","description":"La manifestazione organizzata dall'associazione culturale Aulos con la direzione artistica di Gianluca Milanese si terr\u00e0 il 25 maggio","robots":{"index":"index","follow":"follow","max-snippet":"max-snippet:-1","max-image-preview":"max-image-preview:large","max-video-preview":"max-video-preview:-1"},"canonical":"https:\/\/arteeluoghi.it\/index.php\/2024\/05\/22\/al-via-il-maggio-musicale-salentino-2\/","og_locale":"it_IT","og_type":"article","og_title":"Al via il Maggio Musicale Salentino | Arte e Luoghi","og_description":"La manifestazione organizzata dall'associazione culturale Aulos con la direzione artistica di Gianluca Milanese si terr\u00e0 il 25 maggio","og_url":"https:\/\/arteeluoghi.it\/index.php\/2024\/05\/22\/al-via-il-maggio-musicale-salentino-2\/","og_site_name":"Arte e Luoghi","article_publisher":"https:\/\/www.facebook.com\/ArteELuoghi\/","article_published_time":"2024-05-22T13:12:31+00:00","article_modified_time":"2024-05-22T13:12:32+00:00","og_image":[{"width":1600,"height":1067,"url":"https:\/\/arteeluoghi.it\/wp-content\/uploads\/2024\/05\/WhatsApp-Image-2024-05-22-at-14.45.11.jpeg","type":"image\/jpeg"}],"twitter_card":"summary","twitter_creator":"@arteeluoghi","twitter_site":"@arteeluoghi","twitter_misc":{"Scritto da":"Staff","Tempo di lettura stimato":"3 minuti"},"schema":{"@context":"https:\/\/schema.org","@graph":[{"@type":"Organization","@id":"https:\/\/arteeluoghi.it\/#organization","name":"Arte e Luoghi","url":"https:\/\/arteeluoghi.it\/","sameAs":["https:\/\/www.facebook.com\/ArteELuoghi\/","https:\/\/www.instagram.com\/arteeluoghi\/?hl=it","https:\/\/www.youtube.com\/channel\/UCuRVc4JW4-C5sg9rQB-srkw?view_as=subscriber","https:\/\/twitter.com\/arteeluoghi"],"logo":{"@type":"ImageObject","@id":"https:\/\/arteeluoghi.it\/#logo","inLanguage":"it-IT","url":"https:\/\/arteeluoghi.it\/wp-content\/uploads\/2018\/08\/logoinstagramarte.jpg","contentUrl":"https:\/\/arteeluoghi.it\/wp-content\/uploads\/2018\/08\/logoinstagramarte.jpg","width":150,"height":150,"caption":"Arte e Luoghi"},"image":{"@id":"https:\/\/arteeluoghi.it\/#logo"}},{"@type":"WebSite","@id":"https:\/\/arteeluoghi.it\/#website","url":"https:\/\/arteeluoghi.it\/","name":"Arte e Luoghi","description":"Mensile di arte, cultura, turismo e curiosit\u00e0","publisher":{"@id":"https:\/\/arteeluoghi.it\/#organization"},"potentialAction":[{"@type":"SearchAction","target":{"@type":"EntryPoint","urlTemplate":"https:\/\/arteeluoghi.it\/?s={search_term_string}"},"query-input":"required name=search_term_string"}],"inLanguage":"it-IT"},{"@type":"ImageObject","@id":"https:\/\/arteeluoghi.it\/index.php\/2024\/05\/22\/al-via-il-maggio-musicale-salentino-2\/#primaryimage","inLanguage":"it-IT","url":"https:\/\/arteeluoghi.it\/wp-content\/uploads\/2024\/05\/WhatsApp-Image-2024-05-22-at-14.45.11.jpeg","contentUrl":"https:\/\/arteeluoghi.it\/wp-content\/uploads\/2024\/05\/WhatsApp-Image-2024-05-22-at-14.45.11.jpeg","width":1600,"height":1067},{"@type":"WebPage","@id":"https:\/\/arteeluoghi.it\/index.php\/2024\/05\/22\/al-via-il-maggio-musicale-salentino-2\/#webpage","url":"https:\/\/arteeluoghi.it\/index.php\/2024\/05\/22\/al-via-il-maggio-musicale-salentino-2\/","name":"Al via il Maggio Musicale Salentino | Arte e Luoghi","isPartOf":{"@id":"https:\/\/arteeluoghi.it\/#website"},"primaryImageOfPage":{"@id":"https:\/\/arteeluoghi.it\/index.php\/2024\/05\/22\/al-via-il-maggio-musicale-salentino-2\/#primaryimage"},"datePublished":"2024-05-22T13:12:31+00:00","dateModified":"2024-05-22T13:12:32+00:00","description":"La manifestazione organizzata dall'associazione culturale Aulos con la direzione artistica di Gianluca Milanese si terr\u00e0 il 25 maggio","breadcrumb":{"@id":"https:\/\/arteeluoghi.it\/index.php\/2024\/05\/22\/al-via-il-maggio-musicale-salentino-2\/#breadcrumb"},"inLanguage":"it-IT","potentialAction":[{"@type":"ReadAction","target":["https:\/\/arteeluoghi.it\/index.php\/2024\/05\/22\/al-via-il-maggio-musicale-salentino-2\/"]}]},{"@type":"BreadcrumbList","@id":"https:\/\/arteeluoghi.it\/index.php\/2024\/05\/22\/al-via-il-maggio-musicale-salentino-2\/#breadcrumb","itemListElement":[{"@type":"ListItem","position":1,"name":"Home","item":"https:\/\/arteeluoghi.it\/"},{"@type":"ListItem","position":2,"name":"Al via il Maggio Musicale Salentino"}]},{"@type":"Article","@id":"https:\/\/arteeluoghi.it\/index.php\/2024\/05\/22\/al-via-il-maggio-musicale-salentino-2\/#article","isPartOf":{"@id":"https:\/\/arteeluoghi.it\/index.php\/2024\/05\/22\/al-via-il-maggio-musicale-salentino-2\/#webpage"},"author":{"@id":"https:\/\/arteeluoghi.it\/#\/schema\/person\/f84e814e36e91e01448ee07eaadd41d4"},"headline":"Al via il Maggio Musicale Salentino","datePublished":"2024-05-22T13:12:31+00:00","dateModified":"2024-05-22T13:12:32+00:00","mainEntityOfPage":{"@id":"https:\/\/arteeluoghi.it\/index.php\/2024\/05\/22\/al-via-il-maggio-musicale-salentino-2\/#webpage"},"wordCount":482,"commentCount":0,"publisher":{"@id":"https:\/\/arteeluoghi.it\/#organization"},"image":{"@id":"https:\/\/arteeluoghi.it\/index.php\/2024\/05\/22\/al-via-il-maggio-musicale-salentino-2\/#primaryimage"},"thumbnailUrl":"https:\/\/arteeluoghi.it\/wp-content\/uploads\/2024\/05\/WhatsApp-Image-2024-05-22-at-14.45.11.jpeg","articleSection":["MUSICA"],"inLanguage":"it-IT","potentialAction":[{"@type":"CommentAction","name":"Comment","target":["https:\/\/arteeluoghi.it\/index.php\/2024\/05\/22\/al-via-il-maggio-musicale-salentino-2\/#respond"]}]},{"@type":"Person","@id":"https:\/\/arteeluoghi.it\/#\/schema\/person\/f84e814e36e91e01448ee07eaadd41d4","name":"Staff","image":{"@type":"ImageObject","@id":"https:\/\/arteeluoghi.it\/#personlogo","inLanguage":"it-IT","url":"https:\/\/secure.gravatar.com\/avatar\/49d2f9e46271bb04e19cebfaf141313a?s=96&d=blank&r=g","contentUrl":"https:\/\/secure.gravatar.com\/avatar\/49d2f9e46271bb04e19cebfaf141313a?s=96&d=blank&r=g","caption":"Staff"}}]}},"_links":{"self":[{"href":"https:\/\/arteeluoghi.it\/index.php\/wp-json\/wp\/v2\/posts\/14429"}],"collection":[{"href":"https:\/\/arteeluoghi.it\/index.php\/wp-json\/wp\/v2\/posts"}],"about":[{"href":"https:\/\/arteeluoghi.it\/index.php\/wp-json\/wp\/v2\/types\/post"}],"author":[{"embeddable":true,"href":"https:\/\/arteeluoghi.it\/index.php\/wp-json\/wp\/v2\/users\/1"}],"replies":[{"embeddable":true,"href":"https:\/\/arteeluoghi.it\/index.php\/wp-json\/wp\/v2\/comments?post=14429"}],"version-history":[{"count":1,"href":"https:\/\/arteeluoghi.it\/index.php\/wp-json\/wp\/v2\/posts\/14429\/revisions"}],"predecessor-version":[{"id":14432,"href":"https:\/\/arteeluoghi.it\/index.php\/wp-json\/wp\/v2\/posts\/14429\/revisions\/14432"}],"wp:featuredmedia":[{"embeddable":true,"href":"https:\/\/arteeluoghi.it\/index.php\/wp-json\/wp\/v2\/media\/14431"}],"wp:attachment":[{"href":"https:\/\/arteeluoghi.it\/index.php\/wp-json\/wp\/v2\/media?parent=14429"}],"wp:term":[{"taxonomy":"category","embeddable":true,"href":"https:\/\/arteeluoghi.it\/index.php\/wp-json\/wp\/v2\/categories?post=14429"},{"taxonomy":"post_tag","embeddable":true,"href":"https:\/\/arteeluoghi.it\/index.php\/wp-json\/wp\/v2\/tags?post=14429"}],"curies":[{"name":"wp","href":"https:\/\/api.w.org\/{rel}","templated":true}]}}