{"id":1443,"date":"2013-11-21T22:11:52","date_gmt":"2013-11-21T21:11:52","guid":{"rendered":"http:\/\/arteeluoghi.it\/index.php\/2013\/11\/21\/musica-visitando-la-galleria-dell-accademia\/"},"modified":"2013-11-21T22:11:52","modified_gmt":"2013-11-21T21:11:52","slug":"musica-visitando-la-galleria-dell-accademia","status":"publish","type":"post","link":"https:\/\/arteeluoghi.it\/index.php\/2013\/11\/21\/musica-visitando-la-galleria-dell-accademia\/","title":{"rendered":"Musica? Visitando la Galleria dell\u2019Accademia"},"content":{"rendered":"<p class=\"Default\" style=\"text-indent: 14.2pt;\"><strong><img src=\"\/images\/Pillole%20di%20musica.jpg\" border=\"0\" alt=\"Un momento della manifestazione\" width=\"300\" style=\"margin: 21px; float: left;\" \/>A Firenze \u201cPillole di musica\u201d: microconcerti nella Galleria dell\u2019Accademia<\/strong><\/p>\n<p class=\"Default\"><span style=\"color: windowtext;\">Un concerto al giorno, in un luogo \u201ca sorpresa\u201d all\u2019interno degli spazi museali, durante il quale si esibiscono (in versione solista o in gruppo) da uno a quattro studenti per volta, per una durata totale di 15 minuti. Si chiama <\/span><strong>Pillole di musica <\/strong>ed \u00e8 il\u00a0 programma di microconcerti che vede protagonisti, dal marted\u00ec al venerd\u00ec alle ore 11, gli studenti delle classi di stumenti e di canto del prestigioso istituto musicale. L&#8217;iniziativa, grazie ad un accordo tra la Soprintendenza e per il Polo Museale e la Direzione del Conservatorio Luigi Cherubini di Firenze, ha una location d&#8217;eccezione la Galleria dell\u2019Accademia di Firenze.\u00a0<\/p>\n<p>  <!--more-->  <\/p>\n<p class=\"Default\">\u00a0<\/p>\n<p class=\"Default\">Il programma prevede anche la posibilit\u00e0 di &#8220;far suonare&#8221; gli strumenti della collezione esposta (archi e cembalo) nella sezione musicale del museo. I brani eseguiti, solitamente tre o quattro per volta, spaziano lungo un repertorio di musica classica che va da Claudio Monteverdi ai Beatles.<\/p>\n<p class=\"Default\">Finalit\u00e0 dell\u2019iniziativa, che \u00e8 al suo esordio, \u00e8 di fornire dei veloci inserti musicali durante le visite al museo, cos\u00ec come dei momenti di pausa per il pubblico che potr\u00e0 assistere ai ai \u201cmicroconcerti\u201d perch\u00e9 la quota di partecipazione \u00e8 compresa nel prezzo del biglietto d\u2019ingresso alla Galleria dell\u2019Accademia.<\/p>\n<p class=\"Default\">La prima parte del programma di <strong>Pillole di musica<\/strong> proseguir\u00e0 fino al 20 dicembre; poi riprender\u00e0 dal 15 gennaio 2014 fino alla fine di aprile.<\/p>\n<p class=\"Default\">red. Arte e Luoghi<\/p>\n<p class=\"Default\">\u00a0<\/p>\n<p class=\"Default\" style=\"text-indent: 14.2pt; text-align: left;\">\u00a0<\/p>\n<p style=\"text-align: left;\" align=\"center\"><strong>\u00a0<\/strong><\/p>\n","protected":false},"excerpt":{"rendered":"<p>A Firenze \u201cPillole di musica\u201d: microconcerti nella Galleria dell\u2019Accademia Un concerto al giorno, in un luogo \u201ca sorpresa\u201d all\u2019interno degli<\/p>\n","protected":false},"author":1,"featured_media":0,"comment_status":"open","ping_status":"open","sticky":false,"template":"","format":"standard","meta":[],"categories":[12],"tags":[],"yoast_head":"<!-- This site is optimized with the Yoast SEO plugin v18.0 - https:\/\/yoast.com\/wordpress\/plugins\/seo\/ -->\n<title>Musica? Visitando la Galleria dell\u2019Accademia | Arte e Luoghi<\/title>\n<meta name=\"robots\" content=\"index, follow, max-snippet:-1, max-image-preview:large, max-video-preview:-1\" \/>\n<link rel=\"canonical\" href=\"https:\/\/arteeluoghi.it\/index.php\/2013\/11\/21\/musica-visitando-la-galleria-dell-accademia\/\" \/>\n<meta property=\"og:locale\" content=\"it_IT\" \/>\n<meta property=\"og:type\" content=\"article\" \/>\n<meta property=\"og:title\" content=\"Musica? Visitando la Galleria dell\u2019Accademia | Arte e Luoghi\" \/>\n<meta property=\"og:description\" content=\"A Firenze \u201cPillole di musica\u201d: microconcerti nella Galleria dell\u2019Accademia Un concerto al giorno, in un luogo \u201ca sorpresa\u201d all\u2019interno degli\" \/>\n<meta property=\"og:url\" content=\"https:\/\/arteeluoghi.it\/index.php\/2013\/11\/21\/musica-visitando-la-galleria-dell-accademia\/\" \/>\n<meta property=\"og:site_name\" content=\"Arte e Luoghi\" \/>\n<meta property=\"article:publisher\" content=\"https:\/\/www.facebook.com\/ArteELuoghi\/\" \/>\n<meta property=\"article:published_time\" content=\"2013-11-21T21:11:52+00:00\" \/>\n<meta property=\"og:image\" content=\"https:\/\/arteeluoghi.it\/images\/Pillole%20di%20musica.jpg\" \/>\n<meta name=\"twitter:card\" content=\"summary\" \/>\n<meta name=\"twitter:creator\" content=\"@arteeluoghi\" \/>\n<meta name=\"twitter:site\" content=\"@arteeluoghi\" \/>\n<meta name=\"twitter:label1\" content=\"Scritto da\" \/>\n\t<meta name=\"twitter:data1\" content=\"Staff\" \/>\n\t<meta name=\"twitter:label2\" content=\"Tempo di lettura stimato\" \/>\n\t<meta name=\"twitter:data2\" content=\"1 minuto\" \/>\n<script type=\"application\/ld+json\" class=\"yoast-schema-graph\">{\"@context\":\"https:\/\/schema.org\",\"@graph\":[{\"@type\":\"Organization\",\"@id\":\"https:\/\/arteeluoghi.it\/#organization\",\"name\":\"Arte e Luoghi\",\"url\":\"https:\/\/arteeluoghi.it\/\",\"sameAs\":[\"https:\/\/www.facebook.com\/ArteELuoghi\/\",\"https:\/\/www.instagram.com\/arteeluoghi\/?hl=it\",\"https:\/\/www.youtube.com\/channel\/UCuRVc4JW4-C5sg9rQB-srkw?view_as=subscriber\",\"https:\/\/twitter.com\/arteeluoghi\"],\"logo\":{\"@type\":\"ImageObject\",\"@id\":\"https:\/\/arteeluoghi.it\/#logo\",\"inLanguage\":\"it-IT\",\"url\":\"https:\/\/arteeluoghi.it\/wp-content\/uploads\/2018\/08\/logoinstagramarte.jpg\",\"contentUrl\":\"https:\/\/arteeluoghi.it\/wp-content\/uploads\/2018\/08\/logoinstagramarte.jpg\",\"width\":150,\"height\":150,\"caption\":\"Arte e Luoghi\"},\"image\":{\"@id\":\"https:\/\/arteeluoghi.it\/#logo\"}},{\"@type\":\"WebSite\",\"@id\":\"https:\/\/arteeluoghi.it\/#website\",\"url\":\"https:\/\/arteeluoghi.it\/\",\"name\":\"Arte e Luoghi\",\"description\":\"Mensile di arte, cultura, turismo e curiosit\u00e0\",\"publisher\":{\"@id\":\"https:\/\/arteeluoghi.it\/#organization\"},\"potentialAction\":[{\"@type\":\"SearchAction\",\"target\":{\"@type\":\"EntryPoint\",\"urlTemplate\":\"https:\/\/arteeluoghi.it\/?s={search_term_string}\"},\"query-input\":\"required name=search_term_string\"}],\"inLanguage\":\"it-IT\"},{\"@type\":\"ImageObject\",\"@id\":\"https:\/\/arteeluoghi.it\/index.php\/2013\/11\/21\/musica-visitando-la-galleria-dell-accademia\/#primaryimage\",\"inLanguage\":\"it-IT\",\"url\":\"\/images\/Pillole%20di%20musica.jpg\",\"contentUrl\":\"\/images\/Pillole%20di%20musica.jpg\"},{\"@type\":\"WebPage\",\"@id\":\"https:\/\/arteeluoghi.it\/index.php\/2013\/11\/21\/musica-visitando-la-galleria-dell-accademia\/#webpage\",\"url\":\"https:\/\/arteeluoghi.it\/index.php\/2013\/11\/21\/musica-visitando-la-galleria-dell-accademia\/\",\"name\":\"Musica? Visitando la Galleria dell\u2019Accademia | Arte e Luoghi\",\"isPartOf\":{\"@id\":\"https:\/\/arteeluoghi.it\/#website\"},\"primaryImageOfPage\":{\"@id\":\"https:\/\/arteeluoghi.it\/index.php\/2013\/11\/21\/musica-visitando-la-galleria-dell-accademia\/#primaryimage\"},\"datePublished\":\"2013-11-21T21:11:52+00:00\",\"dateModified\":\"2013-11-21T21:11:52+00:00\",\"breadcrumb\":{\"@id\":\"https:\/\/arteeluoghi.it\/index.php\/2013\/11\/21\/musica-visitando-la-galleria-dell-accademia\/#breadcrumb\"},\"inLanguage\":\"it-IT\",\"potentialAction\":[{\"@type\":\"ReadAction\",\"target\":[\"https:\/\/arteeluoghi.it\/index.php\/2013\/11\/21\/musica-visitando-la-galleria-dell-accademia\/\"]}]},{\"@type\":\"BreadcrumbList\",\"@id\":\"https:\/\/arteeluoghi.it\/index.php\/2013\/11\/21\/musica-visitando-la-galleria-dell-accademia\/#breadcrumb\",\"itemListElement\":[{\"@type\":\"ListItem\",\"position\":1,\"name\":\"Home\",\"item\":\"https:\/\/arteeluoghi.it\/\"},{\"@type\":\"ListItem\",\"position\":2,\"name\":\"Musica? Visitando la Galleria dell\u2019Accademia\"}]},{\"@type\":\"Article\",\"@id\":\"https:\/\/arteeluoghi.it\/index.php\/2013\/11\/21\/musica-visitando-la-galleria-dell-accademia\/#article\",\"isPartOf\":{\"@id\":\"https:\/\/arteeluoghi.it\/index.php\/2013\/11\/21\/musica-visitando-la-galleria-dell-accademia\/#webpage\"},\"author\":{\"@id\":\"https:\/\/arteeluoghi.it\/#\/schema\/person\/f84e814e36e91e01448ee07eaadd41d4\"},\"headline\":\"Musica? Visitando la Galleria dell\u2019Accademia\",\"datePublished\":\"2013-11-21T21:11:52+00:00\",\"dateModified\":\"2013-11-21T21:11:52+00:00\",\"mainEntityOfPage\":{\"@id\":\"https:\/\/arteeluoghi.it\/index.php\/2013\/11\/21\/musica-visitando-la-galleria-dell-accademia\/#webpage\"},\"wordCount\":238,\"commentCount\":0,\"publisher\":{\"@id\":\"https:\/\/arteeluoghi.it\/#organization\"},\"image\":{\"@id\":\"https:\/\/arteeluoghi.it\/index.php\/2013\/11\/21\/musica-visitando-la-galleria-dell-accademia\/#primaryimage\"},\"thumbnailUrl\":\"\/images\/Pillole%20di%20musica.jpg\",\"articleSection\":[\"MUSICA\"],\"inLanguage\":\"it-IT\",\"potentialAction\":[{\"@type\":\"CommentAction\",\"name\":\"Comment\",\"target\":[\"https:\/\/arteeluoghi.it\/index.php\/2013\/11\/21\/musica-visitando-la-galleria-dell-accademia\/#respond\"]}]},{\"@type\":\"Person\",\"@id\":\"https:\/\/arteeluoghi.it\/#\/schema\/person\/f84e814e36e91e01448ee07eaadd41d4\",\"name\":\"Staff\",\"image\":{\"@type\":\"ImageObject\",\"@id\":\"https:\/\/arteeluoghi.it\/#personlogo\",\"inLanguage\":\"it-IT\",\"url\":\"https:\/\/secure.gravatar.com\/avatar\/49d2f9e46271bb04e19cebfaf141313a?s=96&d=blank&r=g\",\"contentUrl\":\"https:\/\/secure.gravatar.com\/avatar\/49d2f9e46271bb04e19cebfaf141313a?s=96&d=blank&r=g\",\"caption\":\"Staff\"}}]}<\/script>\n<!-- \/ Yoast SEO plugin. -->","yoast_head_json":{"title":"Musica? Visitando la Galleria dell\u2019Accademia | Arte e Luoghi","robots":{"index":"index","follow":"follow","max-snippet":"max-snippet:-1","max-image-preview":"max-image-preview:large","max-video-preview":"max-video-preview:-1"},"canonical":"https:\/\/arteeluoghi.it\/index.php\/2013\/11\/21\/musica-visitando-la-galleria-dell-accademia\/","og_locale":"it_IT","og_type":"article","og_title":"Musica? Visitando la Galleria dell\u2019Accademia | Arte e Luoghi","og_description":"A Firenze \u201cPillole di musica\u201d: microconcerti nella Galleria dell\u2019Accademia Un concerto al giorno, in un luogo \u201ca sorpresa\u201d all\u2019interno degli","og_url":"https:\/\/arteeluoghi.it\/index.php\/2013\/11\/21\/musica-visitando-la-galleria-dell-accademia\/","og_site_name":"Arte e Luoghi","article_publisher":"https:\/\/www.facebook.com\/ArteELuoghi\/","article_published_time":"2013-11-21T21:11:52+00:00","og_image":[{"url":"https:\/\/arteeluoghi.it\/images\/Pillole%20di%20musica.jpg"}],"twitter_card":"summary","twitter_creator":"@arteeluoghi","twitter_site":"@arteeluoghi","twitter_misc":{"Scritto da":"Staff","Tempo di lettura stimato":"1 minuto"},"schema":{"@context":"https:\/\/schema.org","@graph":[{"@type":"Organization","@id":"https:\/\/arteeluoghi.it\/#organization","name":"Arte e Luoghi","url":"https:\/\/arteeluoghi.it\/","sameAs":["https:\/\/www.facebook.com\/ArteELuoghi\/","https:\/\/www.instagram.com\/arteeluoghi\/?hl=it","https:\/\/www.youtube.com\/channel\/UCuRVc4JW4-C5sg9rQB-srkw?view_as=subscriber","https:\/\/twitter.com\/arteeluoghi"],"logo":{"@type":"ImageObject","@id":"https:\/\/arteeluoghi.it\/#logo","inLanguage":"it-IT","url":"https:\/\/arteeluoghi.it\/wp-content\/uploads\/2018\/08\/logoinstagramarte.jpg","contentUrl":"https:\/\/arteeluoghi.it\/wp-content\/uploads\/2018\/08\/logoinstagramarte.jpg","width":150,"height":150,"caption":"Arte e Luoghi"},"image":{"@id":"https:\/\/arteeluoghi.it\/#logo"}},{"@type":"WebSite","@id":"https:\/\/arteeluoghi.it\/#website","url":"https:\/\/arteeluoghi.it\/","name":"Arte e Luoghi","description":"Mensile di arte, cultura, turismo e curiosit\u00e0","publisher":{"@id":"https:\/\/arteeluoghi.it\/#organization"},"potentialAction":[{"@type":"SearchAction","target":{"@type":"EntryPoint","urlTemplate":"https:\/\/arteeluoghi.it\/?s={search_term_string}"},"query-input":"required name=search_term_string"}],"inLanguage":"it-IT"},{"@type":"ImageObject","@id":"https:\/\/arteeluoghi.it\/index.php\/2013\/11\/21\/musica-visitando-la-galleria-dell-accademia\/#primaryimage","inLanguage":"it-IT","url":"\/images\/Pillole%20di%20musica.jpg","contentUrl":"\/images\/Pillole%20di%20musica.jpg"},{"@type":"WebPage","@id":"https:\/\/arteeluoghi.it\/index.php\/2013\/11\/21\/musica-visitando-la-galleria-dell-accademia\/#webpage","url":"https:\/\/arteeluoghi.it\/index.php\/2013\/11\/21\/musica-visitando-la-galleria-dell-accademia\/","name":"Musica? Visitando la Galleria dell\u2019Accademia | Arte e Luoghi","isPartOf":{"@id":"https:\/\/arteeluoghi.it\/#website"},"primaryImageOfPage":{"@id":"https:\/\/arteeluoghi.it\/index.php\/2013\/11\/21\/musica-visitando-la-galleria-dell-accademia\/#primaryimage"},"datePublished":"2013-11-21T21:11:52+00:00","dateModified":"2013-11-21T21:11:52+00:00","breadcrumb":{"@id":"https:\/\/arteeluoghi.it\/index.php\/2013\/11\/21\/musica-visitando-la-galleria-dell-accademia\/#breadcrumb"},"inLanguage":"it-IT","potentialAction":[{"@type":"ReadAction","target":["https:\/\/arteeluoghi.it\/index.php\/2013\/11\/21\/musica-visitando-la-galleria-dell-accademia\/"]}]},{"@type":"BreadcrumbList","@id":"https:\/\/arteeluoghi.it\/index.php\/2013\/11\/21\/musica-visitando-la-galleria-dell-accademia\/#breadcrumb","itemListElement":[{"@type":"ListItem","position":1,"name":"Home","item":"https:\/\/arteeluoghi.it\/"},{"@type":"ListItem","position":2,"name":"Musica? Visitando la Galleria dell\u2019Accademia"}]},{"@type":"Article","@id":"https:\/\/arteeluoghi.it\/index.php\/2013\/11\/21\/musica-visitando-la-galleria-dell-accademia\/#article","isPartOf":{"@id":"https:\/\/arteeluoghi.it\/index.php\/2013\/11\/21\/musica-visitando-la-galleria-dell-accademia\/#webpage"},"author":{"@id":"https:\/\/arteeluoghi.it\/#\/schema\/person\/f84e814e36e91e01448ee07eaadd41d4"},"headline":"Musica? Visitando la Galleria dell\u2019Accademia","datePublished":"2013-11-21T21:11:52+00:00","dateModified":"2013-11-21T21:11:52+00:00","mainEntityOfPage":{"@id":"https:\/\/arteeluoghi.it\/index.php\/2013\/11\/21\/musica-visitando-la-galleria-dell-accademia\/#webpage"},"wordCount":238,"commentCount":0,"publisher":{"@id":"https:\/\/arteeluoghi.it\/#organization"},"image":{"@id":"https:\/\/arteeluoghi.it\/index.php\/2013\/11\/21\/musica-visitando-la-galleria-dell-accademia\/#primaryimage"},"thumbnailUrl":"\/images\/Pillole%20di%20musica.jpg","articleSection":["MUSICA"],"inLanguage":"it-IT","potentialAction":[{"@type":"CommentAction","name":"Comment","target":["https:\/\/arteeluoghi.it\/index.php\/2013\/11\/21\/musica-visitando-la-galleria-dell-accademia\/#respond"]}]},{"@type":"Person","@id":"https:\/\/arteeluoghi.it\/#\/schema\/person\/f84e814e36e91e01448ee07eaadd41d4","name":"Staff","image":{"@type":"ImageObject","@id":"https:\/\/arteeluoghi.it\/#personlogo","inLanguage":"it-IT","url":"https:\/\/secure.gravatar.com\/avatar\/49d2f9e46271bb04e19cebfaf141313a?s=96&d=blank&r=g","contentUrl":"https:\/\/secure.gravatar.com\/avatar\/49d2f9e46271bb04e19cebfaf141313a?s=96&d=blank&r=g","caption":"Staff"}}]}},"_links":{"self":[{"href":"https:\/\/arteeluoghi.it\/index.php\/wp-json\/wp\/v2\/posts\/1443"}],"collection":[{"href":"https:\/\/arteeluoghi.it\/index.php\/wp-json\/wp\/v2\/posts"}],"about":[{"href":"https:\/\/arteeluoghi.it\/index.php\/wp-json\/wp\/v2\/types\/post"}],"author":[{"embeddable":true,"href":"https:\/\/arteeluoghi.it\/index.php\/wp-json\/wp\/v2\/users\/1"}],"replies":[{"embeddable":true,"href":"https:\/\/arteeluoghi.it\/index.php\/wp-json\/wp\/v2\/comments?post=1443"}],"version-history":[{"count":0,"href":"https:\/\/arteeluoghi.it\/index.php\/wp-json\/wp\/v2\/posts\/1443\/revisions"}],"wp:attachment":[{"href":"https:\/\/arteeluoghi.it\/index.php\/wp-json\/wp\/v2\/media?parent=1443"}],"wp:term":[{"taxonomy":"category","embeddable":true,"href":"https:\/\/arteeluoghi.it\/index.php\/wp-json\/wp\/v2\/categories?post=1443"},{"taxonomy":"post_tag","embeddable":true,"href":"https:\/\/arteeluoghi.it\/index.php\/wp-json\/wp\/v2\/tags?post=1443"}],"curies":[{"name":"wp","href":"https:\/\/api.w.org\/{rel}","templated":true}]}}