{"id":1446,"date":"2013-11-22T14:12:51","date_gmt":"2013-11-22T13:12:51","guid":{"rendered":"http:\/\/arteeluoghi.it\/index.php\/2013\/11\/22\/carte-graffiate-a-bari-la-personale-di-biffi\/"},"modified":"2013-11-22T14:12:51","modified_gmt":"2013-11-22T13:12:51","slug":"carte-graffiate-a-bari-la-personale-di-biffi","status":"publish","type":"post","link":"https:\/\/arteeluoghi.it\/index.php\/2013\/11\/22\/carte-graffiate-a-bari-la-personale-di-biffi\/","title":{"rendered":"Carte Graffiate. A Bari la personale di Biffi"},"content":{"rendered":"<p><img src=\"\/images\/Andrea-Biffi.jpg\" border=\"0\" title=\"un'opera di Andrea Biffi\" width=\"300\" style=\"margin: 21px; float: left;\" \/>Dal 24 novembre all&#8217;8 dicembre 2013 la personale dell&#8217;artista Andrea Biffi nella Chiesa di Santa Tersa dei Maschi.\u00a0 L&#8217;evento \u00e8 organizzato da Artoteca Vallisa e Federico II Eventi<\/p>\n<p><strong>Le scritture colorate di Biffi<\/strong><\/p>\n<p>di Michele Loiacono<\/p>\n<p>L\u2019Arte di Andrea Biffi si muove tra Metafisica e informale passando attraverso forme cubiste e va oltre. Un percorso di continua sperimentazione fortemente sentita e un complesso mondo di sentimenti e pensieri.<\/p>\n<p>Le raffigurazioni diventano simboli che trascendono la realt\u00e0 e assumono significati e valenze che si rivolgono all\u2019essenza. Un mondo interiore, quello di Biffi, che non si coglie al primo approccio, occorre un\u2019attenta lettura delle opere perch\u00e8 Andrea Biffi \u00e8 uomo schivo e profondo con una eleganza d&#8217;animo rara, per capirne il messaggio, al di l\u00e0 dell\u2019apparenza del primo sguardo, \u00e8 necessario capire l&#8217;uomo Biffi.<\/p>\n<p>  <!--more-->  <\/p>\n<p>\u00a0<\/p>\n<p>In questa mostra, \u201cCarte Graffiate\u201d che si aprir\u00e0 domenica 23 novembre nella Chiesa di Santa Teresa dei Maschi alle ore 18.00, curata da Miguel Gomez, Andrea Biffi si esprime in modo singolare, le opere esposte sono interventi su carta fotografica. Biffi si esprime su queste superfici fotosensibili sfruttandone le caratteristiche strutturali, ossia attraverso le varie stratificazioni di colori che ci sono sulla pellicola cartacea, le sfrutta come segno grafico, \u201cle graffia\u201d con un bulino, ne vengono fuori opere ancestrali che ricordano le primordiali rappresentazioni grafiche dell&#8217;uomo, i graffiti delle caverne. Una \u201cscrittura\u201d colorata che si pone a met\u00e0 strada tra grafica e poesia, fusione tra lucidit\u00e0 e l\u2019intelletto, sogno e inconscio, ma anche passioni. (Miguel Gomez)<\/p>\n<p>Andrea Biffi, artista poliedrico (pittore, scultore, designer e poeta), si \u00e8 diplomato all\u2019Istituto statale d\u2019Arte di Bari e, dopo l\u2019abilitazione, ha insegnato \u201cDisegno e Storia dell\u2019Arte\u201d nelle scuole superiori. Ha partecipato a numerose mostre, personali e collettive, nazionali e internazionali, riscuotendo il consenso di pubblico e critica, nonch\u00e9 premi prestigiosi. Ha illustrato, inoltre, libri di fiabe e commedie e copertine di raccolte di poesie. Sue opere si trovano in diversi musei quali quelli delle \u201cArti e delle tradizioni popolari\u201d di Roma e della \u201cMarsica\u201d dell\u2019Aquila. E\u2019 recensito sulle pi\u00f9 importanti riviste specializzate e sui pi\u00f9 importanti cataloghi d\u2019Arte moderna e contemporanea. Hanno espresso apprezzamenti e interesse alla sua originale produzione anche i noti critici quali Achille Bonito Oliva e Vittorio Sgarbi.<\/p>\n<p>\u00a0<\/p>\n<hr \/>\n<p>\u00a0<\/p>\n<p>Andrea Biffi<\/p>\n<p>Chiesa di Santa Tersa dei Maschi, piazzetta Santa Teresa dei Maschi<\/p>\n<p>dal 24 novembre all&#8217;8 dicembre 2013 dal martedi al sabato ore 16.00\/20.00<\/p>\n","protected":false},"excerpt":{"rendered":"<p>Dal 24 novembre all&#8217;8 dicembre 2013 la personale dell&#8217;artista Andrea Biffi nella Chiesa di Santa Tersa dei Maschi.\u00a0 L&#8217;evento \u00e8<\/p>\n","protected":false},"author":1,"featured_media":0,"comment_status":"open","ping_status":"open","sticky":false,"template":"","format":"standard","meta":[],"categories":[27],"tags":[],"yoast_head":"<!-- This site is optimized with the Yoast SEO plugin v18.0 - https:\/\/yoast.com\/wordpress\/plugins\/seo\/ -->\n<title>Carte Graffiate. A Bari la personale di Biffi | Arte e Luoghi<\/title>\n<meta name=\"robots\" content=\"index, follow, max-snippet:-1, max-image-preview:large, max-video-preview:-1\" \/>\n<link rel=\"canonical\" href=\"https:\/\/arteeluoghi.it\/index.php\/2013\/11\/22\/carte-graffiate-a-bari-la-personale-di-biffi\/\" \/>\n<meta property=\"og:locale\" content=\"it_IT\" \/>\n<meta property=\"og:type\" content=\"article\" \/>\n<meta property=\"og:title\" content=\"Carte Graffiate. A Bari la personale di Biffi | Arte e Luoghi\" \/>\n<meta property=\"og:description\" content=\"Dal 24 novembre all&#8217;8 dicembre 2013 la personale dell&#8217;artista Andrea Biffi nella Chiesa di Santa Tersa dei Maschi.\u00a0 L&#8217;evento \u00e8\" \/>\n<meta property=\"og:url\" content=\"https:\/\/arteeluoghi.it\/index.php\/2013\/11\/22\/carte-graffiate-a-bari-la-personale-di-biffi\/\" \/>\n<meta property=\"og:site_name\" content=\"Arte e Luoghi\" \/>\n<meta property=\"article:publisher\" content=\"https:\/\/www.facebook.com\/ArteELuoghi\/\" \/>\n<meta property=\"article:published_time\" content=\"2013-11-22T13:12:51+00:00\" \/>\n<meta property=\"og:image\" content=\"https:\/\/arteeluoghi.it\/images\/Andrea-Biffi.jpg\" \/>\n<meta name=\"twitter:card\" content=\"summary\" \/>\n<meta name=\"twitter:creator\" content=\"@arteeluoghi\" \/>\n<meta name=\"twitter:site\" content=\"@arteeluoghi\" \/>\n<meta name=\"twitter:label1\" content=\"Scritto da\" \/>\n\t<meta name=\"twitter:data1\" content=\"Staff\" \/>\n\t<meta name=\"twitter:label2\" content=\"Tempo di lettura stimato\" \/>\n\t<meta name=\"twitter:data2\" content=\"2 minuti\" \/>\n<script type=\"application\/ld+json\" class=\"yoast-schema-graph\">{\"@context\":\"https:\/\/schema.org\",\"@graph\":[{\"@type\":\"Organization\",\"@id\":\"https:\/\/arteeluoghi.it\/#organization\",\"name\":\"Arte e Luoghi\",\"url\":\"https:\/\/arteeluoghi.it\/\",\"sameAs\":[\"https:\/\/www.facebook.com\/ArteELuoghi\/\",\"https:\/\/www.instagram.com\/arteeluoghi\/?hl=it\",\"https:\/\/www.youtube.com\/channel\/UCuRVc4JW4-C5sg9rQB-srkw?view_as=subscriber\",\"https:\/\/twitter.com\/arteeluoghi\"],\"logo\":{\"@type\":\"ImageObject\",\"@id\":\"https:\/\/arteeluoghi.it\/#logo\",\"inLanguage\":\"it-IT\",\"url\":\"https:\/\/arteeluoghi.it\/wp-content\/uploads\/2018\/08\/logoinstagramarte.jpg\",\"contentUrl\":\"https:\/\/arteeluoghi.it\/wp-content\/uploads\/2018\/08\/logoinstagramarte.jpg\",\"width\":150,\"height\":150,\"caption\":\"Arte e Luoghi\"},\"image\":{\"@id\":\"https:\/\/arteeluoghi.it\/#logo\"}},{\"@type\":\"WebSite\",\"@id\":\"https:\/\/arteeluoghi.it\/#website\",\"url\":\"https:\/\/arteeluoghi.it\/\",\"name\":\"Arte e Luoghi\",\"description\":\"Mensile di arte, cultura, turismo e curiosit\u00e0\",\"publisher\":{\"@id\":\"https:\/\/arteeluoghi.it\/#organization\"},\"potentialAction\":[{\"@type\":\"SearchAction\",\"target\":{\"@type\":\"EntryPoint\",\"urlTemplate\":\"https:\/\/arteeluoghi.it\/?s={search_term_string}\"},\"query-input\":\"required name=search_term_string\"}],\"inLanguage\":\"it-IT\"},{\"@type\":\"ImageObject\",\"@id\":\"https:\/\/arteeluoghi.it\/index.php\/2013\/11\/22\/carte-graffiate-a-bari-la-personale-di-biffi\/#primaryimage\",\"inLanguage\":\"it-IT\",\"url\":\"\/images\/Andrea-Biffi.jpg\",\"contentUrl\":\"\/images\/Andrea-Biffi.jpg\"},{\"@type\":\"WebPage\",\"@id\":\"https:\/\/arteeluoghi.it\/index.php\/2013\/11\/22\/carte-graffiate-a-bari-la-personale-di-biffi\/#webpage\",\"url\":\"https:\/\/arteeluoghi.it\/index.php\/2013\/11\/22\/carte-graffiate-a-bari-la-personale-di-biffi\/\",\"name\":\"Carte Graffiate. A Bari la personale di Biffi | Arte e Luoghi\",\"isPartOf\":{\"@id\":\"https:\/\/arteeluoghi.it\/#website\"},\"primaryImageOfPage\":{\"@id\":\"https:\/\/arteeluoghi.it\/index.php\/2013\/11\/22\/carte-graffiate-a-bari-la-personale-di-biffi\/#primaryimage\"},\"datePublished\":\"2013-11-22T13:12:51+00:00\",\"dateModified\":\"2013-11-22T13:12:51+00:00\",\"breadcrumb\":{\"@id\":\"https:\/\/arteeluoghi.it\/index.php\/2013\/11\/22\/carte-graffiate-a-bari-la-personale-di-biffi\/#breadcrumb\"},\"inLanguage\":\"it-IT\",\"potentialAction\":[{\"@type\":\"ReadAction\",\"target\":[\"https:\/\/arteeluoghi.it\/index.php\/2013\/11\/22\/carte-graffiate-a-bari-la-personale-di-biffi\/\"]}]},{\"@type\":\"BreadcrumbList\",\"@id\":\"https:\/\/arteeluoghi.it\/index.php\/2013\/11\/22\/carte-graffiate-a-bari-la-personale-di-biffi\/#breadcrumb\",\"itemListElement\":[{\"@type\":\"ListItem\",\"position\":1,\"name\":\"Home\",\"item\":\"https:\/\/arteeluoghi.it\/\"},{\"@type\":\"ListItem\",\"position\":2,\"name\":\"Carte Graffiate. A Bari la personale di Biffi\"}]},{\"@type\":\"Article\",\"@id\":\"https:\/\/arteeluoghi.it\/index.php\/2013\/11\/22\/carte-graffiate-a-bari-la-personale-di-biffi\/#article\",\"isPartOf\":{\"@id\":\"https:\/\/arteeluoghi.it\/index.php\/2013\/11\/22\/carte-graffiate-a-bari-la-personale-di-biffi\/#webpage\"},\"author\":{\"@id\":\"https:\/\/arteeluoghi.it\/#\/schema\/person\/f84e814e36e91e01448ee07eaadd41d4\"},\"headline\":\"Carte Graffiate. A Bari la personale di Biffi\",\"datePublished\":\"2013-11-22T13:12:51+00:00\",\"dateModified\":\"2013-11-22T13:12:51+00:00\",\"mainEntityOfPage\":{\"@id\":\"https:\/\/arteeluoghi.it\/index.php\/2013\/11\/22\/carte-graffiate-a-bari-la-personale-di-biffi\/#webpage\"},\"wordCount\":401,\"commentCount\":0,\"publisher\":{\"@id\":\"https:\/\/arteeluoghi.it\/#organization\"},\"image\":{\"@id\":\"https:\/\/arteeluoghi.it\/index.php\/2013\/11\/22\/carte-graffiate-a-bari-la-personale-di-biffi\/#primaryimage\"},\"thumbnailUrl\":\"\/images\/Andrea-Biffi.jpg\",\"articleSection\":[\"Arte\"],\"inLanguage\":\"it-IT\",\"potentialAction\":[{\"@type\":\"CommentAction\",\"name\":\"Comment\",\"target\":[\"https:\/\/arteeluoghi.it\/index.php\/2013\/11\/22\/carte-graffiate-a-bari-la-personale-di-biffi\/#respond\"]}]},{\"@type\":\"Person\",\"@id\":\"https:\/\/arteeluoghi.it\/#\/schema\/person\/f84e814e36e91e01448ee07eaadd41d4\",\"name\":\"Staff\",\"image\":{\"@type\":\"ImageObject\",\"@id\":\"https:\/\/arteeluoghi.it\/#personlogo\",\"inLanguage\":\"it-IT\",\"url\":\"https:\/\/secure.gravatar.com\/avatar\/49d2f9e46271bb04e19cebfaf141313a?s=96&d=blank&r=g\",\"contentUrl\":\"https:\/\/secure.gravatar.com\/avatar\/49d2f9e46271bb04e19cebfaf141313a?s=96&d=blank&r=g\",\"caption\":\"Staff\"}}]}<\/script>\n<!-- \/ Yoast SEO plugin. -->","yoast_head_json":{"title":"Carte Graffiate. A Bari la personale di Biffi | Arte e Luoghi","robots":{"index":"index","follow":"follow","max-snippet":"max-snippet:-1","max-image-preview":"max-image-preview:large","max-video-preview":"max-video-preview:-1"},"canonical":"https:\/\/arteeluoghi.it\/index.php\/2013\/11\/22\/carte-graffiate-a-bari-la-personale-di-biffi\/","og_locale":"it_IT","og_type":"article","og_title":"Carte Graffiate. A Bari la personale di Biffi | Arte e Luoghi","og_description":"Dal 24 novembre all&#8217;8 dicembre 2013 la personale dell&#8217;artista Andrea Biffi nella Chiesa di Santa Tersa dei Maschi.\u00a0 L&#8217;evento \u00e8","og_url":"https:\/\/arteeluoghi.it\/index.php\/2013\/11\/22\/carte-graffiate-a-bari-la-personale-di-biffi\/","og_site_name":"Arte e Luoghi","article_publisher":"https:\/\/www.facebook.com\/ArteELuoghi\/","article_published_time":"2013-11-22T13:12:51+00:00","og_image":[{"url":"https:\/\/arteeluoghi.it\/images\/Andrea-Biffi.jpg"}],"twitter_card":"summary","twitter_creator":"@arteeluoghi","twitter_site":"@arteeluoghi","twitter_misc":{"Scritto da":"Staff","Tempo di lettura stimato":"2 minuti"},"schema":{"@context":"https:\/\/schema.org","@graph":[{"@type":"Organization","@id":"https:\/\/arteeluoghi.it\/#organization","name":"Arte e Luoghi","url":"https:\/\/arteeluoghi.it\/","sameAs":["https:\/\/www.facebook.com\/ArteELuoghi\/","https:\/\/www.instagram.com\/arteeluoghi\/?hl=it","https:\/\/www.youtube.com\/channel\/UCuRVc4JW4-C5sg9rQB-srkw?view_as=subscriber","https:\/\/twitter.com\/arteeluoghi"],"logo":{"@type":"ImageObject","@id":"https:\/\/arteeluoghi.it\/#logo","inLanguage":"it-IT","url":"https:\/\/arteeluoghi.it\/wp-content\/uploads\/2018\/08\/logoinstagramarte.jpg","contentUrl":"https:\/\/arteeluoghi.it\/wp-content\/uploads\/2018\/08\/logoinstagramarte.jpg","width":150,"height":150,"caption":"Arte e Luoghi"},"image":{"@id":"https:\/\/arteeluoghi.it\/#logo"}},{"@type":"WebSite","@id":"https:\/\/arteeluoghi.it\/#website","url":"https:\/\/arteeluoghi.it\/","name":"Arte e Luoghi","description":"Mensile di arte, cultura, turismo e curiosit\u00e0","publisher":{"@id":"https:\/\/arteeluoghi.it\/#organization"},"potentialAction":[{"@type":"SearchAction","target":{"@type":"EntryPoint","urlTemplate":"https:\/\/arteeluoghi.it\/?s={search_term_string}"},"query-input":"required name=search_term_string"}],"inLanguage":"it-IT"},{"@type":"ImageObject","@id":"https:\/\/arteeluoghi.it\/index.php\/2013\/11\/22\/carte-graffiate-a-bari-la-personale-di-biffi\/#primaryimage","inLanguage":"it-IT","url":"\/images\/Andrea-Biffi.jpg","contentUrl":"\/images\/Andrea-Biffi.jpg"},{"@type":"WebPage","@id":"https:\/\/arteeluoghi.it\/index.php\/2013\/11\/22\/carte-graffiate-a-bari-la-personale-di-biffi\/#webpage","url":"https:\/\/arteeluoghi.it\/index.php\/2013\/11\/22\/carte-graffiate-a-bari-la-personale-di-biffi\/","name":"Carte Graffiate. A Bari la personale di Biffi | Arte e Luoghi","isPartOf":{"@id":"https:\/\/arteeluoghi.it\/#website"},"primaryImageOfPage":{"@id":"https:\/\/arteeluoghi.it\/index.php\/2013\/11\/22\/carte-graffiate-a-bari-la-personale-di-biffi\/#primaryimage"},"datePublished":"2013-11-22T13:12:51+00:00","dateModified":"2013-11-22T13:12:51+00:00","breadcrumb":{"@id":"https:\/\/arteeluoghi.it\/index.php\/2013\/11\/22\/carte-graffiate-a-bari-la-personale-di-biffi\/#breadcrumb"},"inLanguage":"it-IT","potentialAction":[{"@type":"ReadAction","target":["https:\/\/arteeluoghi.it\/index.php\/2013\/11\/22\/carte-graffiate-a-bari-la-personale-di-biffi\/"]}]},{"@type":"BreadcrumbList","@id":"https:\/\/arteeluoghi.it\/index.php\/2013\/11\/22\/carte-graffiate-a-bari-la-personale-di-biffi\/#breadcrumb","itemListElement":[{"@type":"ListItem","position":1,"name":"Home","item":"https:\/\/arteeluoghi.it\/"},{"@type":"ListItem","position":2,"name":"Carte Graffiate. A Bari la personale di Biffi"}]},{"@type":"Article","@id":"https:\/\/arteeluoghi.it\/index.php\/2013\/11\/22\/carte-graffiate-a-bari-la-personale-di-biffi\/#article","isPartOf":{"@id":"https:\/\/arteeluoghi.it\/index.php\/2013\/11\/22\/carte-graffiate-a-bari-la-personale-di-biffi\/#webpage"},"author":{"@id":"https:\/\/arteeluoghi.it\/#\/schema\/person\/f84e814e36e91e01448ee07eaadd41d4"},"headline":"Carte Graffiate. A Bari la personale di Biffi","datePublished":"2013-11-22T13:12:51+00:00","dateModified":"2013-11-22T13:12:51+00:00","mainEntityOfPage":{"@id":"https:\/\/arteeluoghi.it\/index.php\/2013\/11\/22\/carte-graffiate-a-bari-la-personale-di-biffi\/#webpage"},"wordCount":401,"commentCount":0,"publisher":{"@id":"https:\/\/arteeluoghi.it\/#organization"},"image":{"@id":"https:\/\/arteeluoghi.it\/index.php\/2013\/11\/22\/carte-graffiate-a-bari-la-personale-di-biffi\/#primaryimage"},"thumbnailUrl":"\/images\/Andrea-Biffi.jpg","articleSection":["Arte"],"inLanguage":"it-IT","potentialAction":[{"@type":"CommentAction","name":"Comment","target":["https:\/\/arteeluoghi.it\/index.php\/2013\/11\/22\/carte-graffiate-a-bari-la-personale-di-biffi\/#respond"]}]},{"@type":"Person","@id":"https:\/\/arteeluoghi.it\/#\/schema\/person\/f84e814e36e91e01448ee07eaadd41d4","name":"Staff","image":{"@type":"ImageObject","@id":"https:\/\/arteeluoghi.it\/#personlogo","inLanguage":"it-IT","url":"https:\/\/secure.gravatar.com\/avatar\/49d2f9e46271bb04e19cebfaf141313a?s=96&d=blank&r=g","contentUrl":"https:\/\/secure.gravatar.com\/avatar\/49d2f9e46271bb04e19cebfaf141313a?s=96&d=blank&r=g","caption":"Staff"}}]}},"_links":{"self":[{"href":"https:\/\/arteeluoghi.it\/index.php\/wp-json\/wp\/v2\/posts\/1446"}],"collection":[{"href":"https:\/\/arteeluoghi.it\/index.php\/wp-json\/wp\/v2\/posts"}],"about":[{"href":"https:\/\/arteeluoghi.it\/index.php\/wp-json\/wp\/v2\/types\/post"}],"author":[{"embeddable":true,"href":"https:\/\/arteeluoghi.it\/index.php\/wp-json\/wp\/v2\/users\/1"}],"replies":[{"embeddable":true,"href":"https:\/\/arteeluoghi.it\/index.php\/wp-json\/wp\/v2\/comments?post=1446"}],"version-history":[{"count":0,"href":"https:\/\/arteeluoghi.it\/index.php\/wp-json\/wp\/v2\/posts\/1446\/revisions"}],"wp:attachment":[{"href":"https:\/\/arteeluoghi.it\/index.php\/wp-json\/wp\/v2\/media?parent=1446"}],"wp:term":[{"taxonomy":"category","embeddable":true,"href":"https:\/\/arteeluoghi.it\/index.php\/wp-json\/wp\/v2\/categories?post=1446"},{"taxonomy":"post_tag","embeddable":true,"href":"https:\/\/arteeluoghi.it\/index.php\/wp-json\/wp\/v2\/tags?post=1446"}],"curies":[{"name":"wp","href":"https:\/\/api.w.org\/{rel}","templated":true}]}}