{"id":1450,"date":"2013-11-13T17:54:17","date_gmt":"2013-11-13T16:54:17","guid":{"rendered":"http:\/\/arteeluoghi.it\/index.php\/2013\/11\/13\/vvvvv\/"},"modified":"2013-11-13T17:54:17","modified_gmt":"2013-11-13T16:54:17","slug":"vvvvv","status":"publish","type":"post","link":"https:\/\/arteeluoghi.it\/index.php\/2013\/11\/13\/vvvvv\/","title":{"rendered":"Visioni differenti. Un diritto. Una mostra"},"content":{"rendered":"<p style=\"text-align: left;\" align=\"center\"><img src=\"\/images\/pandora.jpg\" border=\"0\" width=\"200\" style=\"margin: 21px; float: right;\" \/>Dal 13 al 19 novembre presso il Laboratorio Urbano \u201cVilla Serena\u201d\u00a0 in San Pietro in Lama (LE)<\/p>\n<p style=\"text-align: left;\" align=\"center\"><strong>\u201cPandora, diritto di&#8230;condividere una visione differente\u201d<\/strong><\/p>\n<p align=\"center\"><strong>\u00a0<\/strong><\/p>\n<p>Mercoled\u00ec 13 novembre 2013 alle ore 18,30, Il &#8216;Teatro Dei Veleni&#8217; Soc. Coop. sociale a R. L.\u00a0 e l&#8217;associazione Le Ali Di Pandora, presso il Laboratorio Urbano \u201cVilla Serena\u201d Via Regina Margherita di Savoia 38 \u2013 San Pietro in Lama (LE); ancora una tappa con la mostra di arte contemporanea \u201cPandora, diritto di&#8230;condividere una visione differente\u201d.\u00a0 La mostra vede il patrocinio dei Comuni di: San Pietro in Lama, Arnesano, Monteroni e San Cesario. Interverranno Salvatore Tondo &#8211; Sindaco Comune di San Pietro in Lama; Anna Potuto \u2013 Assessore alle Pari Opportunit\u00e0 Comune di San Pietro in Lama; Ambra Biscuso &#8211; \u201cLe Ali di Pandora\u201d e Alessandra Cocciolo Minuz &#8211; \u201cTeatro dei Veleni\u201d\u00a0 Coop. Sociale.<\/p>\n<p>  <!--more-->  <\/p>\n<p>\u00a0<\/p>\n<p>In mostra le opere di Serena Alvarenz, Maria Grazia Anglano, Paola Bitelli, Daniela Cecere, Giusy Fosca, Lucy Ghionna, Monica Lisi, Lucia Macr\u00ec, Vera Mastrangelo, Alessandro Matteo \u2013 Bianca Moretti, Carmelo Pennetta, Freddiana Raino, Valentina Schito, Romina Tafuro, Erica Viva.<\/p>\n<p>\u201cPandora, diritto di\u2026 condividere una visione differente\u201d \u00e8 una mostra ma anche un meeting artistico-storico-culturale che focalizza la \u201cquestione femminile\u201d in un panorama multietnico e multiculturale come quello odierno. Si parler\u00e0 della biografia dei primi e degli ultimi nelle tonalit\u00e0 del rosa e del grigio, la tangibilit\u00e0 di vite certe e di vite sospese, di precariet\u00e0 e obiettivi raggiunti, di possibilit\u00e0 e impossibilit\u00e0, di uguaglianza e disuguaglianza, di giustizia e ingiustizia; scarti di quotidianit\u00e0, nell&#8217;analisi della societ\u00e0, chiari e decolorati, dove intollerabili sono le conseguenze quando in gioco \u00e8 la dignit\u00e0 dell&#8217;essere umano con i suoi diritti.<\/p>\n<p>Parallelamente alla Mostra, verranno esposti gli elaborati finali degli allievi dei corsi di disegno e pittura\/fumetto condotti da Daniela Cecere, nell\u2019ambito delle attivit\u00e0 dei Laboratori Urbani \u201cS.A.R.E.M.O.\u201d\u00a0 Finanziamenti Regionali \u201cBollenti Spiriti\u201d.<\/p>\n<hr \/>\n<p>\u00a0<\/p>\n<p style=\"text-align: left;\" align=\"right\">il Laboratorio Urbano \u201cVilla Serena\u201d<\/p>\n<p style=\"text-align: left;\" align=\"right\">Via Regina Margherita di Savoia 38<\/p>\n<p style=\"text-align: left;\" align=\"right\">San Pietro in Lama (LE)<\/p>\n<p style=\"text-align: left;\" align=\"right\">La mostra sar\u00e0 aperta anche il 15, 18 e 19 novembre ore 18 &#8211; 20<\/p>\n<p style=\"text-align: left;\" align=\"right\">(fonte: comunicato stampa)<\/p>\n","protected":false},"excerpt":{"rendered":"<p>Dal 13 al 19 novembre presso il Laboratorio Urbano \u201cVilla Serena\u201d\u00a0 in San Pietro in Lama (LE) \u201cPandora, diritto di&#8230;condividere<\/p>\n","protected":false},"author":1,"featured_media":0,"comment_status":"open","ping_status":"open","sticky":false,"template":"","format":"standard","meta":[],"categories":[27],"tags":[],"yoast_head":"<!-- This site is optimized with the Yoast SEO plugin v18.0 - https:\/\/yoast.com\/wordpress\/plugins\/seo\/ -->\n<title>Visioni differenti. Un diritto. Una mostra | Arte e Luoghi<\/title>\n<meta name=\"robots\" content=\"index, follow, max-snippet:-1, max-image-preview:large, max-video-preview:-1\" \/>\n<link rel=\"canonical\" href=\"https:\/\/arteeluoghi.it\/index.php\/2013\/11\/13\/vvvvv\/\" \/>\n<meta property=\"og:locale\" content=\"it_IT\" \/>\n<meta property=\"og:type\" content=\"article\" \/>\n<meta property=\"og:title\" content=\"Visioni differenti. Un diritto. Una mostra | Arte e Luoghi\" \/>\n<meta property=\"og:description\" content=\"Dal 13 al 19 novembre presso il Laboratorio Urbano \u201cVilla Serena\u201d\u00a0 in San Pietro in Lama (LE) \u201cPandora, diritto di&#8230;condividere\" \/>\n<meta property=\"og:url\" content=\"https:\/\/arteeluoghi.it\/index.php\/2013\/11\/13\/vvvvv\/\" \/>\n<meta property=\"og:site_name\" content=\"Arte e Luoghi\" \/>\n<meta property=\"article:publisher\" content=\"https:\/\/www.facebook.com\/ArteELuoghi\/\" \/>\n<meta property=\"article:published_time\" content=\"2013-11-13T16:54:17+00:00\" \/>\n<meta property=\"og:image\" content=\"https:\/\/arteeluoghi.it\/images\/pandora.jpg\" \/>\n<meta name=\"twitter:card\" content=\"summary\" \/>\n<meta name=\"twitter:creator\" content=\"@arteeluoghi\" \/>\n<meta name=\"twitter:site\" content=\"@arteeluoghi\" \/>\n<meta name=\"twitter:label1\" content=\"Scritto da\" \/>\n\t<meta name=\"twitter:data1\" content=\"Staff\" \/>\n\t<meta name=\"twitter:label2\" content=\"Tempo di lettura stimato\" \/>\n\t<meta name=\"twitter:data2\" content=\"2 minuti\" \/>\n<script type=\"application\/ld+json\" class=\"yoast-schema-graph\">{\"@context\":\"https:\/\/schema.org\",\"@graph\":[{\"@type\":\"Organization\",\"@id\":\"https:\/\/arteeluoghi.it\/#organization\",\"name\":\"Arte e Luoghi\",\"url\":\"https:\/\/arteeluoghi.it\/\",\"sameAs\":[\"https:\/\/www.facebook.com\/ArteELuoghi\/\",\"https:\/\/www.instagram.com\/arteeluoghi\/?hl=it\",\"https:\/\/www.youtube.com\/channel\/UCuRVc4JW4-C5sg9rQB-srkw?view_as=subscriber\",\"https:\/\/twitter.com\/arteeluoghi\"],\"logo\":{\"@type\":\"ImageObject\",\"@id\":\"https:\/\/arteeluoghi.it\/#logo\",\"inLanguage\":\"it-IT\",\"url\":\"https:\/\/arteeluoghi.it\/wp-content\/uploads\/2018\/08\/logoinstagramarte.jpg\",\"contentUrl\":\"https:\/\/arteeluoghi.it\/wp-content\/uploads\/2018\/08\/logoinstagramarte.jpg\",\"width\":150,\"height\":150,\"caption\":\"Arte e Luoghi\"},\"image\":{\"@id\":\"https:\/\/arteeluoghi.it\/#logo\"}},{\"@type\":\"WebSite\",\"@id\":\"https:\/\/arteeluoghi.it\/#website\",\"url\":\"https:\/\/arteeluoghi.it\/\",\"name\":\"Arte e Luoghi\",\"description\":\"Mensile di arte, cultura, turismo e curiosit\u00e0\",\"publisher\":{\"@id\":\"https:\/\/arteeluoghi.it\/#organization\"},\"potentialAction\":[{\"@type\":\"SearchAction\",\"target\":{\"@type\":\"EntryPoint\",\"urlTemplate\":\"https:\/\/arteeluoghi.it\/?s={search_term_string}\"},\"query-input\":\"required name=search_term_string\"}],\"inLanguage\":\"it-IT\"},{\"@type\":\"ImageObject\",\"@id\":\"https:\/\/arteeluoghi.it\/index.php\/2013\/11\/13\/vvvvv\/#primaryimage\",\"inLanguage\":\"it-IT\",\"url\":\"\/images\/pandora.jpg\",\"contentUrl\":\"\/images\/pandora.jpg\"},{\"@type\":\"WebPage\",\"@id\":\"https:\/\/arteeluoghi.it\/index.php\/2013\/11\/13\/vvvvv\/#webpage\",\"url\":\"https:\/\/arteeluoghi.it\/index.php\/2013\/11\/13\/vvvvv\/\",\"name\":\"Visioni differenti. Un diritto. Una mostra | Arte e Luoghi\",\"isPartOf\":{\"@id\":\"https:\/\/arteeluoghi.it\/#website\"},\"primaryImageOfPage\":{\"@id\":\"https:\/\/arteeluoghi.it\/index.php\/2013\/11\/13\/vvvvv\/#primaryimage\"},\"datePublished\":\"2013-11-13T16:54:17+00:00\",\"dateModified\":\"2013-11-13T16:54:17+00:00\",\"breadcrumb\":{\"@id\":\"https:\/\/arteeluoghi.it\/index.php\/2013\/11\/13\/vvvvv\/#breadcrumb\"},\"inLanguage\":\"it-IT\",\"potentialAction\":[{\"@type\":\"ReadAction\",\"target\":[\"https:\/\/arteeluoghi.it\/index.php\/2013\/11\/13\/vvvvv\/\"]}]},{\"@type\":\"BreadcrumbList\",\"@id\":\"https:\/\/arteeluoghi.it\/index.php\/2013\/11\/13\/vvvvv\/#breadcrumb\",\"itemListElement\":[{\"@type\":\"ListItem\",\"position\":1,\"name\":\"Home\",\"item\":\"https:\/\/arteeluoghi.it\/\"},{\"@type\":\"ListItem\",\"position\":2,\"name\":\"Visioni differenti. Un diritto. Una mostra\"}]},{\"@type\":\"Article\",\"@id\":\"https:\/\/arteeluoghi.it\/index.php\/2013\/11\/13\/vvvvv\/#article\",\"isPartOf\":{\"@id\":\"https:\/\/arteeluoghi.it\/index.php\/2013\/11\/13\/vvvvv\/#webpage\"},\"author\":{\"@id\":\"https:\/\/arteeluoghi.it\/#\/schema\/person\/f84e814e36e91e01448ee07eaadd41d4\"},\"headline\":\"Visioni differenti. Un diritto. Una mostra\",\"datePublished\":\"2013-11-13T16:54:17+00:00\",\"dateModified\":\"2013-11-13T16:54:17+00:00\",\"mainEntityOfPage\":{\"@id\":\"https:\/\/arteeluoghi.it\/index.php\/2013\/11\/13\/vvvvv\/#webpage\"},\"wordCount\":336,\"commentCount\":0,\"publisher\":{\"@id\":\"https:\/\/arteeluoghi.it\/#organization\"},\"image\":{\"@id\":\"https:\/\/arteeluoghi.it\/index.php\/2013\/11\/13\/vvvvv\/#primaryimage\"},\"thumbnailUrl\":\"\/images\/pandora.jpg\",\"articleSection\":[\"Arte\"],\"inLanguage\":\"it-IT\",\"potentialAction\":[{\"@type\":\"CommentAction\",\"name\":\"Comment\",\"target\":[\"https:\/\/arteeluoghi.it\/index.php\/2013\/11\/13\/vvvvv\/#respond\"]}]},{\"@type\":\"Person\",\"@id\":\"https:\/\/arteeluoghi.it\/#\/schema\/person\/f84e814e36e91e01448ee07eaadd41d4\",\"name\":\"Staff\",\"image\":{\"@type\":\"ImageObject\",\"@id\":\"https:\/\/arteeluoghi.it\/#personlogo\",\"inLanguage\":\"it-IT\",\"url\":\"https:\/\/secure.gravatar.com\/avatar\/49d2f9e46271bb04e19cebfaf141313a?s=96&d=blank&r=g\",\"contentUrl\":\"https:\/\/secure.gravatar.com\/avatar\/49d2f9e46271bb04e19cebfaf141313a?s=96&d=blank&r=g\",\"caption\":\"Staff\"}}]}<\/script>\n<!-- \/ Yoast SEO plugin. -->","yoast_head_json":{"title":"Visioni differenti. Un diritto. Una mostra | Arte e Luoghi","robots":{"index":"index","follow":"follow","max-snippet":"max-snippet:-1","max-image-preview":"max-image-preview:large","max-video-preview":"max-video-preview:-1"},"canonical":"https:\/\/arteeluoghi.it\/index.php\/2013\/11\/13\/vvvvv\/","og_locale":"it_IT","og_type":"article","og_title":"Visioni differenti. Un diritto. Una mostra | Arte e Luoghi","og_description":"Dal 13 al 19 novembre presso il Laboratorio Urbano \u201cVilla Serena\u201d\u00a0 in San Pietro in Lama (LE) \u201cPandora, diritto di&#8230;condividere","og_url":"https:\/\/arteeluoghi.it\/index.php\/2013\/11\/13\/vvvvv\/","og_site_name":"Arte e Luoghi","article_publisher":"https:\/\/www.facebook.com\/ArteELuoghi\/","article_published_time":"2013-11-13T16:54:17+00:00","og_image":[{"url":"https:\/\/arteeluoghi.it\/images\/pandora.jpg"}],"twitter_card":"summary","twitter_creator":"@arteeluoghi","twitter_site":"@arteeluoghi","twitter_misc":{"Scritto da":"Staff","Tempo di lettura stimato":"2 minuti"},"schema":{"@context":"https:\/\/schema.org","@graph":[{"@type":"Organization","@id":"https:\/\/arteeluoghi.it\/#organization","name":"Arte e Luoghi","url":"https:\/\/arteeluoghi.it\/","sameAs":["https:\/\/www.facebook.com\/ArteELuoghi\/","https:\/\/www.instagram.com\/arteeluoghi\/?hl=it","https:\/\/www.youtube.com\/channel\/UCuRVc4JW4-C5sg9rQB-srkw?view_as=subscriber","https:\/\/twitter.com\/arteeluoghi"],"logo":{"@type":"ImageObject","@id":"https:\/\/arteeluoghi.it\/#logo","inLanguage":"it-IT","url":"https:\/\/arteeluoghi.it\/wp-content\/uploads\/2018\/08\/logoinstagramarte.jpg","contentUrl":"https:\/\/arteeluoghi.it\/wp-content\/uploads\/2018\/08\/logoinstagramarte.jpg","width":150,"height":150,"caption":"Arte e Luoghi"},"image":{"@id":"https:\/\/arteeluoghi.it\/#logo"}},{"@type":"WebSite","@id":"https:\/\/arteeluoghi.it\/#website","url":"https:\/\/arteeluoghi.it\/","name":"Arte e Luoghi","description":"Mensile di arte, cultura, turismo e curiosit\u00e0","publisher":{"@id":"https:\/\/arteeluoghi.it\/#organization"},"potentialAction":[{"@type":"SearchAction","target":{"@type":"EntryPoint","urlTemplate":"https:\/\/arteeluoghi.it\/?s={search_term_string}"},"query-input":"required name=search_term_string"}],"inLanguage":"it-IT"},{"@type":"ImageObject","@id":"https:\/\/arteeluoghi.it\/index.php\/2013\/11\/13\/vvvvv\/#primaryimage","inLanguage":"it-IT","url":"\/images\/pandora.jpg","contentUrl":"\/images\/pandora.jpg"},{"@type":"WebPage","@id":"https:\/\/arteeluoghi.it\/index.php\/2013\/11\/13\/vvvvv\/#webpage","url":"https:\/\/arteeluoghi.it\/index.php\/2013\/11\/13\/vvvvv\/","name":"Visioni differenti. Un diritto. Una mostra | Arte e Luoghi","isPartOf":{"@id":"https:\/\/arteeluoghi.it\/#website"},"primaryImageOfPage":{"@id":"https:\/\/arteeluoghi.it\/index.php\/2013\/11\/13\/vvvvv\/#primaryimage"},"datePublished":"2013-11-13T16:54:17+00:00","dateModified":"2013-11-13T16:54:17+00:00","breadcrumb":{"@id":"https:\/\/arteeluoghi.it\/index.php\/2013\/11\/13\/vvvvv\/#breadcrumb"},"inLanguage":"it-IT","potentialAction":[{"@type":"ReadAction","target":["https:\/\/arteeluoghi.it\/index.php\/2013\/11\/13\/vvvvv\/"]}]},{"@type":"BreadcrumbList","@id":"https:\/\/arteeluoghi.it\/index.php\/2013\/11\/13\/vvvvv\/#breadcrumb","itemListElement":[{"@type":"ListItem","position":1,"name":"Home","item":"https:\/\/arteeluoghi.it\/"},{"@type":"ListItem","position":2,"name":"Visioni differenti. Un diritto. Una mostra"}]},{"@type":"Article","@id":"https:\/\/arteeluoghi.it\/index.php\/2013\/11\/13\/vvvvv\/#article","isPartOf":{"@id":"https:\/\/arteeluoghi.it\/index.php\/2013\/11\/13\/vvvvv\/#webpage"},"author":{"@id":"https:\/\/arteeluoghi.it\/#\/schema\/person\/f84e814e36e91e01448ee07eaadd41d4"},"headline":"Visioni differenti. Un diritto. Una mostra","datePublished":"2013-11-13T16:54:17+00:00","dateModified":"2013-11-13T16:54:17+00:00","mainEntityOfPage":{"@id":"https:\/\/arteeluoghi.it\/index.php\/2013\/11\/13\/vvvvv\/#webpage"},"wordCount":336,"commentCount":0,"publisher":{"@id":"https:\/\/arteeluoghi.it\/#organization"},"image":{"@id":"https:\/\/arteeluoghi.it\/index.php\/2013\/11\/13\/vvvvv\/#primaryimage"},"thumbnailUrl":"\/images\/pandora.jpg","articleSection":["Arte"],"inLanguage":"it-IT","potentialAction":[{"@type":"CommentAction","name":"Comment","target":["https:\/\/arteeluoghi.it\/index.php\/2013\/11\/13\/vvvvv\/#respond"]}]},{"@type":"Person","@id":"https:\/\/arteeluoghi.it\/#\/schema\/person\/f84e814e36e91e01448ee07eaadd41d4","name":"Staff","image":{"@type":"ImageObject","@id":"https:\/\/arteeluoghi.it\/#personlogo","inLanguage":"it-IT","url":"https:\/\/secure.gravatar.com\/avatar\/49d2f9e46271bb04e19cebfaf141313a?s=96&d=blank&r=g","contentUrl":"https:\/\/secure.gravatar.com\/avatar\/49d2f9e46271bb04e19cebfaf141313a?s=96&d=blank&r=g","caption":"Staff"}}]}},"_links":{"self":[{"href":"https:\/\/arteeluoghi.it\/index.php\/wp-json\/wp\/v2\/posts\/1450"}],"collection":[{"href":"https:\/\/arteeluoghi.it\/index.php\/wp-json\/wp\/v2\/posts"}],"about":[{"href":"https:\/\/arteeluoghi.it\/index.php\/wp-json\/wp\/v2\/types\/post"}],"author":[{"embeddable":true,"href":"https:\/\/arteeluoghi.it\/index.php\/wp-json\/wp\/v2\/users\/1"}],"replies":[{"embeddable":true,"href":"https:\/\/arteeluoghi.it\/index.php\/wp-json\/wp\/v2\/comments?post=1450"}],"version-history":[{"count":0,"href":"https:\/\/arteeluoghi.it\/index.php\/wp-json\/wp\/v2\/posts\/1450\/revisions"}],"wp:attachment":[{"href":"https:\/\/arteeluoghi.it\/index.php\/wp-json\/wp\/v2\/media?parent=1450"}],"wp:term":[{"taxonomy":"category","embeddable":true,"href":"https:\/\/arteeluoghi.it\/index.php\/wp-json\/wp\/v2\/categories?post=1450"},{"taxonomy":"post_tag","embeddable":true,"href":"https:\/\/arteeluoghi.it\/index.php\/wp-json\/wp\/v2\/tags?post=1450"}],"curies":[{"name":"wp","href":"https:\/\/api.w.org\/{rel}","templated":true}]}}