{"id":14520,"date":"2024-06-07T22:36:56","date_gmt":"2024-06-07T20:36:56","guid":{"rendered":"https:\/\/arteeluoghi.it\/?p=14520"},"modified":"2024-06-08T09:20:11","modified_gmt":"2024-06-08T07:20:11","slug":"la-cattedrale-delle-anime-senza-nome-di-giuseppe-pascali","status":"publish","type":"post","link":"https:\/\/arteeluoghi.it\/index.php\/2024\/06\/07\/la-cattedrale-delle-anime-senza-nome-di-giuseppe-pascali\/","title":{"rendered":"La cattedrale delle anime senza nome di Giuseppe Pascali"},"content":{"rendered":"\n<blockquote class=\"wp-block-quote\"><p>La presentazione del nuovo romanzo storico del giornalista e scrittore leccese si terr\u00e0 l&#8217;11 giugno nel chiostro dell&#8217;ex Convento dei Padri Domenicani a Cavallino<\/p><\/blockquote>\n\n\n\n<p>Si terr\u00e0 <strong>marted\u00ec 11 giugno 2024 alle ore 18.30 <\/strong>nel <strong>chiostro dell\u2019ex Convento dei Padri Domenicani a Cavallino<\/strong>, la presentazione del romanzo storico <strong>\u00abLa cattedrale delle anime senza nome\u00bb <\/strong>di<strong> Giuseppe Pascali.<\/strong><\/p>\n\n\n\n<p>Ad aprire la serata saranno i saluti del Sindaco della Citt\u00e0 di Cavallino Avv. Bruno Ciccarese Gorgoni. Presenter\u00e0 il libro il Dott. <strong>Alessandro Laporta<\/strong>, gi\u00e0 Direttore della Biblioteca provinciale \u00abN. Bernardini\u00bb di Lecce. Dialogher\u00e0 con l\u2019autore il Dottor <strong>Vincenzo Sparviero<\/strong>, giornalista e scrittore. L\u2019attrice <strong>Carla Guido<\/strong> sar\u00e0 interprete di alcuni passi scelti del romanzo, accompagnata al flauto dal maestro <strong>Gianluca Milanese<\/strong>.<\/p>\n\n\n\n<!--more-->\n\n\n\n<p><strong>Il libro<\/strong>: <em>Napoli, febbraio 1751<\/em>. Vincenzo, un giovane chierico del seminario della citt\u00e0, si trova ad essere, suo malgrado, testimone dell\u2019assassinio di un uomo il quale, prima di morire in mezzo alla via, gli affida il brandello di un foglio di carta su cui \u00e8 scritta la met\u00e0 di un\u2019oscura frase. L\u2019altra parte del documento \u00e8 rimasta nelle mani dell\u2019assassino. Cosa nascondono quelle parole, e cosa voleva proteggere quell\u2019uomo? Alfonso Vitaliano, chierico compagno del giovane testimone, audace e dalla cultura raffinata, decide di indagare su quelle impenetrabili parole. Sulla sua strada per\u00f2, si presenta Nicol\u00f2 Da Silva, il reggente di Vicaria che, per una serie di coincidenze, finisce per sospettare di Vitaliano e dei suoi amici, puntando loro gli occhi addosso. Ma non saranno certamente le sue indagini al limite della liceit\u00e0 a fermare il desiderio di Alfonso Vitaliano di venire a capo di quel fitto mistero. Sfidando la legge e il controllo del rettore, comincia quindi ad indagare, e le sue scoperte lo condurranno nella parte pi\u00f9 occulta della citt\u00e0, quella sotterranea, fino ad imbattersi nei segreti dell\u2019<em>Academia Secretorum Naturae<\/em>, l\u2019Accademia fondata due secoli prima dall\u2019alchimista Giovanni Battista Della Porta, e tra antichi culti di cui Napoli da sempre \u00e8 depositaria, tra i quali quello delle&nbsp;<em>anime pezzentelle<\/em><\/p>\n\n\n\n<p><strong>Giuseppe Pascali<\/strong> (Lecce, 1970) \u00e8 laureato in Materie Letterarie all\u2019Universit\u00e0 degli Studi di Lecce (oggi Universit\u00e0 del Salento). Insegnante, giornalista, scrive per La Gazzetta del Mezzogiorno occupandosi di Cultura e Spettacoli ed \u00e8 direttore responsabile del quotidiano online <em>Salentoinlinea.it<\/em>. Ha realizzato numerosi servizi su lirica, musica sinfonica e bande musicali del Mezzogiorno d\u2019Italia. Ha intervistato personaggi dello spettacolo tra cui Giancarlo Giannini, Katia Ricciarelli, Al Bano, Monica Guerritore, Margherita Buy, SebastianoSomma, Ennio Fantastichini e scrittori come Roberto Pazzi, Valerio Massimo Manfredi e Marcello Simoni. Ha seguito seminari di approfondimento con i giornalisti Rai Duilio Giammaria, Antonio Caprarica, Salvo Sottile e Piero Dorfles. Con Capone Editore ha pubblicato i saggi La banda di Lecce. Dal concerto cittadino alla Schipa-D\u2019Ascoli (2006), Bande di Puglia. Il teatro sotto le stelle (2008 \u2013 Seconda edizione 2024), Gli Spiziotti. Storia della banda dell\u2019Ospizio Garibaldi di Lecce (2009). Ha pubblicato i romanzi storici Il maestro della banda, Il sigillo del Marchese (Kimerik), con il quale si \u00e8 classificato secondo nel concorso letterario Protagonisti <em>2014,<\/em> <em>La maledizione di Toledo<\/em> (Grifo 2016), <em>La Confraternita del Re<\/em> (Kimerik 2020). \u00c8 insignito del titolo L\u2019eccellenza del territorio dell\u2019Ordo Equestris Templi Arcadia, del premio Il Sallentino per la Letteratura e del Premio Thot, quest\u2019ultimo riconosciutogli per il personale impegno profuso nel concorso Lo scrivo io organizzato da <em>La Gazzetta del Mezzogiorno<\/em> e riservato agli studenti di scuole di ogni ordine e grado. Il suo nome figura nel Dizionario Enciclopedico dei Salentini di Carlo Stasi.<\/p>\n","protected":false},"excerpt":{"rendered":"<p>La presentazione del nuovo romanzo storico del giornalista e scrittore leccese si terr\u00e0 l&#8217;11 giugno nel chiostro dell&#8217;ex Convento dei<\/p>\n","protected":false},"author":1,"featured_media":14521,"comment_status":"open","ping_status":"open","sticky":true,"template":"","format":"standard","meta":[],"categories":[17],"tags":[3033,6165,160,6164],"yoast_head":"<!-- This site is optimized with the Yoast SEO plugin v18.0 - https:\/\/yoast.com\/wordpress\/plugins\/seo\/ -->\n<title>La cattedrale delle anime senza nome di Giuseppe Pascali | Arte e Luoghi<\/title>\n<meta name=\"description\" content=\"La presentazione del nuovo romanzo storico del giornalista e scrittore leccese si terr\u00e0 l&#039;11 giugno nel chiostro dell&#039;ex Convento dei\" \/>\n<meta name=\"robots\" content=\"index, follow, max-snippet:-1, max-image-preview:large, max-video-preview:-1\" \/>\n<link rel=\"canonical\" href=\"https:\/\/arteeluoghi.it\/index.php\/2024\/06\/07\/la-cattedrale-delle-anime-senza-nome-di-giuseppe-pascali\/\" \/>\n<meta property=\"og:locale\" content=\"it_IT\" \/>\n<meta property=\"og:type\" content=\"article\" \/>\n<meta property=\"og:title\" content=\"La cattedrale delle anime senza nome di Giuseppe Pascali | Arte e Luoghi\" \/>\n<meta property=\"og:description\" content=\"La presentazione del nuovo romanzo storico del giornalista e scrittore leccese si terr\u00e0 l&#039;11 giugno nel chiostro dell&#039;ex Convento dei\" \/>\n<meta property=\"og:url\" content=\"https:\/\/arteeluoghi.it\/index.php\/2024\/06\/07\/la-cattedrale-delle-anime-senza-nome-di-giuseppe-pascali\/\" \/>\n<meta property=\"og:site_name\" content=\"Arte e Luoghi\" \/>\n<meta property=\"article:publisher\" content=\"https:\/\/www.facebook.com\/ArteELuoghi\/\" \/>\n<meta property=\"article:published_time\" content=\"2024-06-07T20:36:56+00:00\" \/>\n<meta property=\"article:modified_time\" content=\"2024-06-08T07:20:11+00:00\" \/>\n<meta property=\"og:image\" content=\"https:\/\/arteeluoghi.it\/wp-content\/uploads\/2024\/06\/Copertina-Cattedrale-732x1024.jpg\" \/>\n\t<meta property=\"og:image:width\" content=\"732\" \/>\n\t<meta property=\"og:image:height\" content=\"1024\" \/>\n\t<meta property=\"og:image:type\" content=\"image\/jpeg\" \/>\n<meta name=\"twitter:card\" content=\"summary\" \/>\n<meta name=\"twitter:creator\" content=\"@arteeluoghi\" \/>\n<meta name=\"twitter:site\" content=\"@arteeluoghi\" \/>\n<meta name=\"twitter:label1\" content=\"Scritto da\" \/>\n\t<meta name=\"twitter:data1\" content=\"Staff\" \/>\n\t<meta name=\"twitter:label2\" content=\"Tempo di lettura stimato\" \/>\n\t<meta name=\"twitter:data2\" content=\"4 minuti\" \/>\n<script type=\"application\/ld+json\" class=\"yoast-schema-graph\">{\"@context\":\"https:\/\/schema.org\",\"@graph\":[{\"@type\":\"Organization\",\"@id\":\"https:\/\/arteeluoghi.it\/#organization\",\"name\":\"Arte e Luoghi\",\"url\":\"https:\/\/arteeluoghi.it\/\",\"sameAs\":[\"https:\/\/www.facebook.com\/ArteELuoghi\/\",\"https:\/\/www.instagram.com\/arteeluoghi\/?hl=it\",\"https:\/\/www.youtube.com\/channel\/UCuRVc4JW4-C5sg9rQB-srkw?view_as=subscriber\",\"https:\/\/twitter.com\/arteeluoghi\"],\"logo\":{\"@type\":\"ImageObject\",\"@id\":\"https:\/\/arteeluoghi.it\/#logo\",\"inLanguage\":\"it-IT\",\"url\":\"https:\/\/arteeluoghi.it\/wp-content\/uploads\/2018\/08\/logoinstagramarte.jpg\",\"contentUrl\":\"https:\/\/arteeluoghi.it\/wp-content\/uploads\/2018\/08\/logoinstagramarte.jpg\",\"width\":150,\"height\":150,\"caption\":\"Arte e Luoghi\"},\"image\":{\"@id\":\"https:\/\/arteeluoghi.it\/#logo\"}},{\"@type\":\"WebSite\",\"@id\":\"https:\/\/arteeluoghi.it\/#website\",\"url\":\"https:\/\/arteeluoghi.it\/\",\"name\":\"Arte e Luoghi\",\"description\":\"Mensile di arte, cultura, turismo e curiosit\u00e0\",\"publisher\":{\"@id\":\"https:\/\/arteeluoghi.it\/#organization\"},\"potentialAction\":[{\"@type\":\"SearchAction\",\"target\":{\"@type\":\"EntryPoint\",\"urlTemplate\":\"https:\/\/arteeluoghi.it\/?s={search_term_string}\"},\"query-input\":\"required name=search_term_string\"}],\"inLanguage\":\"it-IT\"},{\"@type\":\"ImageObject\",\"@id\":\"https:\/\/arteeluoghi.it\/index.php\/2024\/06\/07\/la-cattedrale-delle-anime-senza-nome-di-giuseppe-pascali\/#primaryimage\",\"inLanguage\":\"it-IT\",\"url\":\"https:\/\/arteeluoghi.it\/wp-content\/uploads\/2024\/06\/Copertina-Cattedrale.jpg\",\"contentUrl\":\"https:\/\/arteeluoghi.it\/wp-content\/uploads\/2024\/06\/Copertina-Cattedrale.jpg\",\"width\":1772,\"height\":2480},{\"@type\":\"WebPage\",\"@id\":\"https:\/\/arteeluoghi.it\/index.php\/2024\/06\/07\/la-cattedrale-delle-anime-senza-nome-di-giuseppe-pascali\/#webpage\",\"url\":\"https:\/\/arteeluoghi.it\/index.php\/2024\/06\/07\/la-cattedrale-delle-anime-senza-nome-di-giuseppe-pascali\/\",\"name\":\"La cattedrale delle anime senza nome di Giuseppe Pascali | Arte e Luoghi\",\"isPartOf\":{\"@id\":\"https:\/\/arteeluoghi.it\/#website\"},\"primaryImageOfPage\":{\"@id\":\"https:\/\/arteeluoghi.it\/index.php\/2024\/06\/07\/la-cattedrale-delle-anime-senza-nome-di-giuseppe-pascali\/#primaryimage\"},\"datePublished\":\"2024-06-07T20:36:56+00:00\",\"dateModified\":\"2024-06-08T07:20:11+00:00\",\"description\":\"La presentazione del nuovo romanzo storico del giornalista e scrittore leccese si terr\u00e0 l'11 giugno nel chiostro dell'ex Convento dei\",\"breadcrumb\":{\"@id\":\"https:\/\/arteeluoghi.it\/index.php\/2024\/06\/07\/la-cattedrale-delle-anime-senza-nome-di-giuseppe-pascali\/#breadcrumb\"},\"inLanguage\":\"it-IT\",\"potentialAction\":[{\"@type\":\"ReadAction\",\"target\":[\"https:\/\/arteeluoghi.it\/index.php\/2024\/06\/07\/la-cattedrale-delle-anime-senza-nome-di-giuseppe-pascali\/\"]}]},{\"@type\":\"BreadcrumbList\",\"@id\":\"https:\/\/arteeluoghi.it\/index.php\/2024\/06\/07\/la-cattedrale-delle-anime-senza-nome-di-giuseppe-pascali\/#breadcrumb\",\"itemListElement\":[{\"@type\":\"ListItem\",\"position\":1,\"name\":\"Home\",\"item\":\"https:\/\/arteeluoghi.it\/\"},{\"@type\":\"ListItem\",\"position\":2,\"name\":\"La cattedrale delle anime senza nome di Giuseppe Pascali\"}]},{\"@type\":\"Article\",\"@id\":\"https:\/\/arteeluoghi.it\/index.php\/2024\/06\/07\/la-cattedrale-delle-anime-senza-nome-di-giuseppe-pascali\/#article\",\"isPartOf\":{\"@id\":\"https:\/\/arteeluoghi.it\/index.php\/2024\/06\/07\/la-cattedrale-delle-anime-senza-nome-di-giuseppe-pascali\/#webpage\"},\"author\":{\"@id\":\"https:\/\/arteeluoghi.it\/#\/schema\/person\/f84e814e36e91e01448ee07eaadd41d4\"},\"headline\":\"La cattedrale delle anime senza nome di Giuseppe Pascali\",\"datePublished\":\"2024-06-07T20:36:56+00:00\",\"dateModified\":\"2024-06-08T07:20:11+00:00\",\"mainEntityOfPage\":{\"@id\":\"https:\/\/arteeluoghi.it\/index.php\/2024\/06\/07\/la-cattedrale-delle-anime-senza-nome-di-giuseppe-pascali\/#webpage\"},\"wordCount\":578,\"commentCount\":0,\"publisher\":{\"@id\":\"https:\/\/arteeluoghi.it\/#organization\"},\"image\":{\"@id\":\"https:\/\/arteeluoghi.it\/index.php\/2024\/06\/07\/la-cattedrale-delle-anime-senza-nome-di-giuseppe-pascali\/#primaryimage\"},\"thumbnailUrl\":\"https:\/\/arteeluoghi.it\/wp-content\/uploads\/2024\/06\/Copertina-Cattedrale.jpg\",\"keywords\":[\"Giuseppe Pascali\",\"La cattedrale delle anime senza nome\",\"Napoli\",\"romanzo storico\"],\"articleSection\":[\"LIBRI\"],\"inLanguage\":\"it-IT\",\"potentialAction\":[{\"@type\":\"CommentAction\",\"name\":\"Comment\",\"target\":[\"https:\/\/arteeluoghi.it\/index.php\/2024\/06\/07\/la-cattedrale-delle-anime-senza-nome-di-giuseppe-pascali\/#respond\"]}]},{\"@type\":\"Person\",\"@id\":\"https:\/\/arteeluoghi.it\/#\/schema\/person\/f84e814e36e91e01448ee07eaadd41d4\",\"name\":\"Staff\",\"image\":{\"@type\":\"ImageObject\",\"@id\":\"https:\/\/arteeluoghi.it\/#personlogo\",\"inLanguage\":\"it-IT\",\"url\":\"https:\/\/secure.gravatar.com\/avatar\/49d2f9e46271bb04e19cebfaf141313a?s=96&d=blank&r=g\",\"contentUrl\":\"https:\/\/secure.gravatar.com\/avatar\/49d2f9e46271bb04e19cebfaf141313a?s=96&d=blank&r=g\",\"caption\":\"Staff\"}}]}<\/script>\n<!-- \/ Yoast SEO plugin. -->","yoast_head_json":{"title":"La cattedrale delle anime senza nome di Giuseppe Pascali | Arte e Luoghi","description":"La presentazione del nuovo romanzo storico del giornalista e scrittore leccese si terr\u00e0 l'11 giugno nel chiostro dell'ex Convento dei","robots":{"index":"index","follow":"follow","max-snippet":"max-snippet:-1","max-image-preview":"max-image-preview:large","max-video-preview":"max-video-preview:-1"},"canonical":"https:\/\/arteeluoghi.it\/index.php\/2024\/06\/07\/la-cattedrale-delle-anime-senza-nome-di-giuseppe-pascali\/","og_locale":"it_IT","og_type":"article","og_title":"La cattedrale delle anime senza nome di Giuseppe Pascali | Arte e Luoghi","og_description":"La presentazione del nuovo romanzo storico del giornalista e scrittore leccese si terr\u00e0 l'11 giugno nel chiostro dell'ex Convento dei","og_url":"https:\/\/arteeluoghi.it\/index.php\/2024\/06\/07\/la-cattedrale-delle-anime-senza-nome-di-giuseppe-pascali\/","og_site_name":"Arte e Luoghi","article_publisher":"https:\/\/www.facebook.com\/ArteELuoghi\/","article_published_time":"2024-06-07T20:36:56+00:00","article_modified_time":"2024-06-08T07:20:11+00:00","og_image":[{"width":732,"height":1024,"url":"https:\/\/arteeluoghi.it\/wp-content\/uploads\/2024\/06\/Copertina-Cattedrale-732x1024.jpg","type":"image\/jpeg"}],"twitter_card":"summary","twitter_creator":"@arteeluoghi","twitter_site":"@arteeluoghi","twitter_misc":{"Scritto da":"Staff","Tempo di lettura stimato":"4 minuti"},"schema":{"@context":"https:\/\/schema.org","@graph":[{"@type":"Organization","@id":"https:\/\/arteeluoghi.it\/#organization","name":"Arte e Luoghi","url":"https:\/\/arteeluoghi.it\/","sameAs":["https:\/\/www.facebook.com\/ArteELuoghi\/","https:\/\/www.instagram.com\/arteeluoghi\/?hl=it","https:\/\/www.youtube.com\/channel\/UCuRVc4JW4-C5sg9rQB-srkw?view_as=subscriber","https:\/\/twitter.com\/arteeluoghi"],"logo":{"@type":"ImageObject","@id":"https:\/\/arteeluoghi.it\/#logo","inLanguage":"it-IT","url":"https:\/\/arteeluoghi.it\/wp-content\/uploads\/2018\/08\/logoinstagramarte.jpg","contentUrl":"https:\/\/arteeluoghi.it\/wp-content\/uploads\/2018\/08\/logoinstagramarte.jpg","width":150,"height":150,"caption":"Arte e Luoghi"},"image":{"@id":"https:\/\/arteeluoghi.it\/#logo"}},{"@type":"WebSite","@id":"https:\/\/arteeluoghi.it\/#website","url":"https:\/\/arteeluoghi.it\/","name":"Arte e Luoghi","description":"Mensile di arte, cultura, turismo e curiosit\u00e0","publisher":{"@id":"https:\/\/arteeluoghi.it\/#organization"},"potentialAction":[{"@type":"SearchAction","target":{"@type":"EntryPoint","urlTemplate":"https:\/\/arteeluoghi.it\/?s={search_term_string}"},"query-input":"required name=search_term_string"}],"inLanguage":"it-IT"},{"@type":"ImageObject","@id":"https:\/\/arteeluoghi.it\/index.php\/2024\/06\/07\/la-cattedrale-delle-anime-senza-nome-di-giuseppe-pascali\/#primaryimage","inLanguage":"it-IT","url":"https:\/\/arteeluoghi.it\/wp-content\/uploads\/2024\/06\/Copertina-Cattedrale.jpg","contentUrl":"https:\/\/arteeluoghi.it\/wp-content\/uploads\/2024\/06\/Copertina-Cattedrale.jpg","width":1772,"height":2480},{"@type":"WebPage","@id":"https:\/\/arteeluoghi.it\/index.php\/2024\/06\/07\/la-cattedrale-delle-anime-senza-nome-di-giuseppe-pascali\/#webpage","url":"https:\/\/arteeluoghi.it\/index.php\/2024\/06\/07\/la-cattedrale-delle-anime-senza-nome-di-giuseppe-pascali\/","name":"La cattedrale delle anime senza nome di Giuseppe Pascali | Arte e Luoghi","isPartOf":{"@id":"https:\/\/arteeluoghi.it\/#website"},"primaryImageOfPage":{"@id":"https:\/\/arteeluoghi.it\/index.php\/2024\/06\/07\/la-cattedrale-delle-anime-senza-nome-di-giuseppe-pascali\/#primaryimage"},"datePublished":"2024-06-07T20:36:56+00:00","dateModified":"2024-06-08T07:20:11+00:00","description":"La presentazione del nuovo romanzo storico del giornalista e scrittore leccese si terr\u00e0 l'11 giugno nel chiostro dell'ex Convento dei","breadcrumb":{"@id":"https:\/\/arteeluoghi.it\/index.php\/2024\/06\/07\/la-cattedrale-delle-anime-senza-nome-di-giuseppe-pascali\/#breadcrumb"},"inLanguage":"it-IT","potentialAction":[{"@type":"ReadAction","target":["https:\/\/arteeluoghi.it\/index.php\/2024\/06\/07\/la-cattedrale-delle-anime-senza-nome-di-giuseppe-pascali\/"]}]},{"@type":"BreadcrumbList","@id":"https:\/\/arteeluoghi.it\/index.php\/2024\/06\/07\/la-cattedrale-delle-anime-senza-nome-di-giuseppe-pascali\/#breadcrumb","itemListElement":[{"@type":"ListItem","position":1,"name":"Home","item":"https:\/\/arteeluoghi.it\/"},{"@type":"ListItem","position":2,"name":"La cattedrale delle anime senza nome di Giuseppe Pascali"}]},{"@type":"Article","@id":"https:\/\/arteeluoghi.it\/index.php\/2024\/06\/07\/la-cattedrale-delle-anime-senza-nome-di-giuseppe-pascali\/#article","isPartOf":{"@id":"https:\/\/arteeluoghi.it\/index.php\/2024\/06\/07\/la-cattedrale-delle-anime-senza-nome-di-giuseppe-pascali\/#webpage"},"author":{"@id":"https:\/\/arteeluoghi.it\/#\/schema\/person\/f84e814e36e91e01448ee07eaadd41d4"},"headline":"La cattedrale delle anime senza nome di Giuseppe Pascali","datePublished":"2024-06-07T20:36:56+00:00","dateModified":"2024-06-08T07:20:11+00:00","mainEntityOfPage":{"@id":"https:\/\/arteeluoghi.it\/index.php\/2024\/06\/07\/la-cattedrale-delle-anime-senza-nome-di-giuseppe-pascali\/#webpage"},"wordCount":578,"commentCount":0,"publisher":{"@id":"https:\/\/arteeluoghi.it\/#organization"},"image":{"@id":"https:\/\/arteeluoghi.it\/index.php\/2024\/06\/07\/la-cattedrale-delle-anime-senza-nome-di-giuseppe-pascali\/#primaryimage"},"thumbnailUrl":"https:\/\/arteeluoghi.it\/wp-content\/uploads\/2024\/06\/Copertina-Cattedrale.jpg","keywords":["Giuseppe Pascali","La cattedrale delle anime senza nome","Napoli","romanzo storico"],"articleSection":["LIBRI"],"inLanguage":"it-IT","potentialAction":[{"@type":"CommentAction","name":"Comment","target":["https:\/\/arteeluoghi.it\/index.php\/2024\/06\/07\/la-cattedrale-delle-anime-senza-nome-di-giuseppe-pascali\/#respond"]}]},{"@type":"Person","@id":"https:\/\/arteeluoghi.it\/#\/schema\/person\/f84e814e36e91e01448ee07eaadd41d4","name":"Staff","image":{"@type":"ImageObject","@id":"https:\/\/arteeluoghi.it\/#personlogo","inLanguage":"it-IT","url":"https:\/\/secure.gravatar.com\/avatar\/49d2f9e46271bb04e19cebfaf141313a?s=96&d=blank&r=g","contentUrl":"https:\/\/secure.gravatar.com\/avatar\/49d2f9e46271bb04e19cebfaf141313a?s=96&d=blank&r=g","caption":"Staff"}}]}},"_links":{"self":[{"href":"https:\/\/arteeluoghi.it\/index.php\/wp-json\/wp\/v2\/posts\/14520"}],"collection":[{"href":"https:\/\/arteeluoghi.it\/index.php\/wp-json\/wp\/v2\/posts"}],"about":[{"href":"https:\/\/arteeluoghi.it\/index.php\/wp-json\/wp\/v2\/types\/post"}],"author":[{"embeddable":true,"href":"https:\/\/arteeluoghi.it\/index.php\/wp-json\/wp\/v2\/users\/1"}],"replies":[{"embeddable":true,"href":"https:\/\/arteeluoghi.it\/index.php\/wp-json\/wp\/v2\/comments?post=14520"}],"version-history":[{"count":1,"href":"https:\/\/arteeluoghi.it\/index.php\/wp-json\/wp\/v2\/posts\/14520\/revisions"}],"predecessor-version":[{"id":14522,"href":"https:\/\/arteeluoghi.it\/index.php\/wp-json\/wp\/v2\/posts\/14520\/revisions\/14522"}],"wp:featuredmedia":[{"embeddable":true,"href":"https:\/\/arteeluoghi.it\/index.php\/wp-json\/wp\/v2\/media\/14521"}],"wp:attachment":[{"href":"https:\/\/arteeluoghi.it\/index.php\/wp-json\/wp\/v2\/media?parent=14520"}],"wp:term":[{"taxonomy":"category","embeddable":true,"href":"https:\/\/arteeluoghi.it\/index.php\/wp-json\/wp\/v2\/categories?post=14520"},{"taxonomy":"post_tag","embeddable":true,"href":"https:\/\/arteeluoghi.it\/index.php\/wp-json\/wp\/v2\/tags?post=14520"}],"curies":[{"name":"wp","href":"https:\/\/api.w.org\/{rel}","templated":true}]}}