{"id":14523,"date":"2024-03-19T09:37:00","date_gmt":"2024-03-19T08:37:00","guid":{"rendered":"https:\/\/arteeluoghi.it\/?p=14523"},"modified":"2024-06-08T09:41:37","modified_gmt":"2024-06-08T07:41:37","slug":"in-arrivo-la-giornata-mondiale-della-marionetta","status":"publish","type":"post","link":"https:\/\/arteeluoghi.it\/index.php\/2024\/03\/19\/in-arrivo-la-giornata-mondiale-della-marionetta\/","title":{"rendered":"In arrivo la Giornata Mondiale della Marionetta"},"content":{"rendered":"\n<blockquote class=\"wp-block-quote\"><p>Lecce\u00a0ospita questo prezioso momento di incontro e formazione per burattinai, marionettisti, ombristi e semplici amanti del teatro di figura. Per questa occasione\u00a0dal 17 al 24 marzo, tra il capoluogo salentino e\u00a0Aradeo, \u00e8 stata organizzata un&#8217;intensa settimana di spettacoli<\/p><\/blockquote>\n\n\n\n<p>Il\u00a0<strong>21 marzo\u00a0<\/strong>si festeggia la\u00a0<strong>Giornata Mondiale della Marionetta<\/strong>. Dal 2003 la \u201c<strong>Union Internationale de la Marionnette<\/strong>\u201d, fondata a Praga nel 1929, rende infatti omaggio al teatro di figura, arte millenaria di eccezionale ricchezza che fa della sintesi e del simbolismo, della virtuosit\u00e0 tecnica e della poesia il suo punto di forza che la rende un\u2019arte universale. Celebrata in oltre 100 Paesi, l&#8217;Italia ogni anno individua una citt\u00e0 diversa per i festeggiamenti ufficiali. Dopo Maiori, Roma, Grugliasco, Milano, Perugia, Bari, Cividale del Friuli, Parma, Pordenone e Busto Arsizio, nel 2024 \u00e8 stata scelta\u00a0<strong>Lecce<\/strong>\u00a0per ospitare questo prezioso momento di incontro e formazione per burattinai, marionettisti, ombristi e semplici amanti del teatro di figura. Per questa occasione\u00a0<strong>dal 17 al 24 marzo<\/strong>, tra il capoluogo salentino e\u00a0<strong>Aradeo<\/strong>, \u00e8 stata organizzata un&#8217;intensa settimana di spettacoli, eventi speciali, mostre, lezioni, incontri con artisti da tutta Italia e da altri paesi del mondo, ideata e curata dal Teatro Le Giravolte di Aradeo, compagnia fondata da Francesco Ferramosca, e sostenuta da Ministero della Cultura, Regione Puglia, Polo Biblio Museale di Lecce, Comune di Lecce \u2013 Biblioteca Ogni Bene, Comune di Aradeo e Teatro Pubblico Pugliese.<\/p>\n\n\n\n<p><strong><br><br>Gioved\u00ec 21 marzo<\/strong>\u00a0il\u00a0<strong>Convitto Palmieri di Lecce<\/strong>\u00a0ospiter\u00e0 la doppia replica di\u00a0<strong>Zio mondo<\/strong>\u00a0del\u00a0<strong>Teatro Le Giravolte<\/strong>\u00a0(<em>ore 10:30 e 17:30<\/em>). Nina Adilardi e Matteo Padula con scenografie, disegni e figure di Amelia Sielo e la regia di Francesco Ferramosca, prendendo in prestito le filastrocche di Bruno Tognolini, propongono una fiaba che narra di Nietta, una bambina che diventa triste perch\u00e9\u00a0 la mamma \u00e8 malata e lei ha paura di perderla. Con grande forza d\u2019animo parte in cerca del Fiore Domani che si dice faccia nascere ogni giorno il giorno dopo e poi l\u2019altro ancora e cos\u00ec via. Chiede aiuto a tutto il mondo, il mondo la protegge, l\u2019accoglie e alla fine ottiene l\u2019aiuto desiderato. La sua tenacia viene premiata. La Campagna, il Fiume, il Cielo, la Notte, son tutti \u201czii\u201d (come i bambini chiamano tutti gli adulti quando entrano in empatia): e sar\u00e0 questa parentela allargata con tutto ci\u00f2 che \u00e8 vivo, e l\u2019aiuto di cinque animaletti dai nomi favolosi e bizzarri, che sembrano inventati, a far s\u00ec che Nietta trovi il Fiore sul bordo del giorno Domani, giusto in tempo.\u00a0<strong>Alle 20:00<\/strong>\u00a0l&#8217;incontro\u00a0<strong>Semi interculturali\u00a0<\/strong>per l&#8217;avvio di un dialogo tra\u00a0<strong>Unima Italia<\/strong>\u00a0e\u00a0<strong>Unima Africa<\/strong>, con la partecipazione di un gruppo di\u00a0<strong>Griot senegalesi<\/strong>.<br><strong><br>Venerd\u00ec 22 marzo<\/strong>\u00a0una lunga serata al\u00a0<strong>Convitto Palmieri<\/strong>\u00a0con\u00a0<strong>Le mani che muovono i sogni<\/strong>, un confronto tra le compagnie pugliesi di teatro di figura (<em>dalle 16:30 alle 18:30<\/em>), un approfondimento sull&#8217;attore, artista e artigiano\u00a0<strong>Giancarlo Santelli<\/strong>\u00a0(pseudonimo di Giovanni Prisciantelli) che ha fornito un importante contributo allo studio e alla tradizione della Commedia dell&#8217;Arte e del teatro antico, principalmente attraverso la creazione di maschere e burattini (dalle 18:30 alle 19:15), un incontro tra Unima Italia e il teatro di figura della Puglia (dalle 19:15 alle 21:00).\u00a0<strong>Sabato 23 marzo<\/strong>\u00a0la\u00a0<strong>Biblioteca OgniBene del Complesso degli Agostiniani<\/strong>\u00a0accoglier\u00e0 un\u00a0<strong>Laboratorio sul teatro delle ombre<\/strong>\u00a0a cura del\u00a0<strong>Teatro Le Giravolte<\/strong>\u00a0(dalle 11:00 alle 12:30) e lo spettacolo<strong>\u00a0L&#8217;Opera di Pulcinella<\/strong>\u00a0del Granteatrino di Bari (ore 18:30). Nel\u00a0<strong>Teatrino del Convitto Palmieri<\/strong>\u00a0dalle 10 alle 15 si terr\u00e0 l&#8217;<strong>Assemblea Generale Unima &#8211; Italia<\/strong>. Le\u00a0<strong>Manifatture Knos<\/strong>, infine, accoglieranno alle 19:00 il video incontro\u00a0<strong>Radioresistiamo<\/strong>\u00a0e alle 20:00 lo spettacolo\u00a0<strong>Piccolo Sushi<\/strong>\u00a0di Factory Compagnia Transadriatica.\u00a0<strong>Domenica 24 marzo,<\/strong>\u00a0in concomitanza con la giornata dei festeggiamenti ufficiali per i due anni della biblioteca di comunit\u00e0 OgniBene, nel chiostro degli Agostiniani, alle 16.30, si terr\u00e0 la prima parte della performance artistica collettiva \u201c<strong>Siamo Unima Siamo Umani<\/strong>\u201d, realizzata da socie e soci dell&#8217;Union Internationale de la Marionnette Italia e dedicata alla cittadinanza di Lecce (seconda parte prevista alle 19.30). Alle 18.30, nella chiesa\u00a0<strong>Santa Maria di Ogni Bene<\/strong>, il\u00a0<strong>Teatro dei Colori di Avezzano\u00a0<\/strong>proporr\u00e0 lo spettacolo \u201c<strong>Sinfonia dei giocattoli<\/strong>\u201d di Valentina Ciaccia: giocare con le mani, con i colori, con le forme, con gli oggetti, con la luce, e poi comporre, smontare, ricomporre. Buttare tutto all\u2019aria e, come un giocoliere prendere tutto al volo, davanti agli occhi curiosi degli spettatore, per costruire nuovi giocattoli, forme colori.<\/p>\n\n\n\n<!--more-->\n\n\n\n<p><strong>Fino al 1 aprile<\/strong>&nbsp;(tutti i giorni dalle 9:30 alle 20), nella chiesa di Santa Maria di Ogni Bene sar\u00e0 aperta la mostra \u201c<strong>Il mio amico Pulcinella<\/strong>\u201d. Frutto di anni di ricerche, l&#8217;esposizione di propriet\u00e0 del Granteatrino di Bari, raccoglie bozzetti, scene, manifesti e burattini progettati da Emanuele Luzzati, scenografo e illustratore, scomparso nel 2007, due volte candidato al Premio Oscar per film di animazione.<\/p>\n\n\n\n<p>Tra gli ospiti della settimana &#8211; che accoglier\u00e0 i suoi appuntamenti anche alle Manifatture Knos e al Convitto Palmieri di Lecce &#8211; un gruppo di&nbsp;<strong>Griot senegalesi<\/strong>&nbsp;(in rappresentanza della sezione africana dell&#8217;Unima),&nbsp;<strong>Tonino Murru<\/strong>&nbsp;(primo burattinaio che, nel 2023, ha ricevuto il premio UBU per il teatro di Figura),&nbsp;<strong>Bruno Leone<\/strong>&nbsp;(Pulcinella e le guarattelle del maestro napoletano),&nbsp;<strong>Francesca Cecconi<\/strong>&nbsp;(docente di teatro di figura, Accademia Belle Arti di Verona),&nbsp;<strong>Roberta Colombo<\/strong>&nbsp;(compagnia Famiglia d\u2019Arte Monticelli di Ravenna),&nbsp;<strong>Rosellina Leone<\/strong>&nbsp;(attrice e&nbsp; burattinaia &#8211; socia onoraria UNIMA-Italia),&nbsp;<strong>Stefano Giunchi<\/strong>, (storico fondatore di Arrivano dal Mare! di Cervia, il pi\u00f9 vecchio festival di Teatro di figura italiano),&nbsp;<strong>Fioravante Rea<\/strong>&nbsp;(autore, attore, regista, storyteller, esperto in teatro di figura),&nbsp;<strong>Valentina Ciaccia<\/strong>&nbsp;(regista\/attrice del Teatro dei Colori di Avezzano),&nbsp;<strong>Paolo Comentale<\/strong>&nbsp;(burattinaio\/regista del Granteatrino di Bari),&nbsp;<strong>Chicco Colombo<\/strong>&nbsp;e&nbsp;<strong>Valter Broggini<\/strong>&nbsp;(burattinai di Varese), Valerio Sacc\u00e0 (Fondazione Ravasio). Nutrita la partecipazione di esperienze pugliesi con&nbsp;<strong>Teatro delle Forche<\/strong>,&nbsp;<strong>Molino d\u2019Arte<\/strong>,&nbsp;<strong>Nina Theatre<\/strong>,&nbsp;<strong>Teatro dell\u2019Altopiano<\/strong>,&nbsp;<strong>Silvio Gioia<\/strong>,&nbsp;<strong>Massimiliano Massari<\/strong>,&nbsp;<strong>Teste di legno, Tina Aretano<\/strong>, Renato Grilli, Tiziana Blanco, Gigamondo, Frank Le Lay, Michela Marrazzi. Da segnalare anche l&#8217;assemblea di UNIMA &#8211; Italia con la partecipazione del presidente&nbsp;<strong>Alfonso Cipolla<\/strong>&nbsp;(direttore del Museo delle Arti Popolari di Grugliasco) e<strong>Fabrizio Montecchi<\/strong>&nbsp;(regista di Teatro GiocoVita, storica compagnia italiana di teatro d\u2019ombre).<\/p>\n\n\n\n<p><em>Info e programma\u00a0<a href=\"http:\/\/teatrolegiravolte.it\/\" target=\"_blank\" rel=\"noreferrer noopener\">teatrolegiravolte.it<\/a>.<\/em><\/p>\n\n\n\n<p>(fonte: comunicato stampa)<\/p>\n","protected":false},"excerpt":{"rendered":"<p>Lecce\u00a0ospita questo prezioso momento di incontro e formazione per burattinai, marionettisti, ombristi e semplici amanti del teatro di figura. Per<\/p>\n","protected":false},"author":1,"featured_media":14524,"comment_status":"open","ping_status":"open","sticky":true,"template":"","format":"standard","meta":[],"categories":[1],"tags":[4072,6167,6166,134,6168,377],"yoast_head":"<!-- This site is optimized with the Yoast SEO plugin v18.0 - https:\/\/yoast.com\/wordpress\/plugins\/seo\/ -->\n<title>In arrivo la Giornata Mondiale della Marionetta | Arte e Luoghi<\/title>\n<meta name=\"description\" content=\"Lecce ospita questo prezioso momento di incontro e formazione per burattinai, marionettisti, ombristi e semplici amanti del teatro\" \/>\n<meta name=\"robots\" content=\"index, follow, max-snippet:-1, max-image-preview:large, max-video-preview:-1\" \/>\n<link rel=\"canonical\" href=\"https:\/\/arteeluoghi.it\/index.php\/2024\/03\/19\/in-arrivo-la-giornata-mondiale-della-marionetta\/\" \/>\n<meta property=\"og:locale\" content=\"it_IT\" \/>\n<meta property=\"og:type\" content=\"article\" \/>\n<meta property=\"og:title\" content=\"In arrivo la Giornata Mondiale della Marionetta | Arte e Luoghi\" \/>\n<meta property=\"og:description\" content=\"Lecce ospita questo prezioso momento di incontro e formazione per burattinai, marionettisti, ombristi e semplici amanti del teatro\" \/>\n<meta property=\"og:url\" content=\"https:\/\/arteeluoghi.it\/index.php\/2024\/03\/19\/in-arrivo-la-giornata-mondiale-della-marionetta\/\" \/>\n<meta property=\"og:site_name\" content=\"Arte e Luoghi\" \/>\n<meta property=\"article:publisher\" content=\"https:\/\/www.facebook.com\/ArteELuoghi\/\" \/>\n<meta property=\"article:published_time\" content=\"2024-03-19T08:37:00+00:00\" \/>\n<meta property=\"article:modified_time\" content=\"2024-06-08T07:41:37+00:00\" \/>\n<meta property=\"og:image\" content=\"https:\/\/arteeluoghi.it\/wp-content\/uploads\/2024\/06\/La-giornata-mondiale-della-marionetta.jpg\" \/>\n\t<meta property=\"og:image:width\" content=\"930\" \/>\n\t<meta property=\"og:image:height\" content=\"934\" \/>\n\t<meta property=\"og:image:type\" content=\"image\/jpeg\" \/>\n<meta name=\"twitter:card\" content=\"summary\" \/>\n<meta name=\"twitter:creator\" content=\"@arteeluoghi\" \/>\n<meta name=\"twitter:site\" content=\"@arteeluoghi\" \/>\n<meta name=\"twitter:label1\" content=\"Scritto da\" \/>\n\t<meta name=\"twitter:data1\" content=\"Staff\" \/>\n\t<meta name=\"twitter:label2\" content=\"Tempo di lettura stimato\" \/>\n\t<meta name=\"twitter:data2\" content=\"6 minuti\" \/>\n<script type=\"application\/ld+json\" class=\"yoast-schema-graph\">{\"@context\":\"https:\/\/schema.org\",\"@graph\":[{\"@type\":\"Organization\",\"@id\":\"https:\/\/arteeluoghi.it\/#organization\",\"name\":\"Arte e Luoghi\",\"url\":\"https:\/\/arteeluoghi.it\/\",\"sameAs\":[\"https:\/\/www.facebook.com\/ArteELuoghi\/\",\"https:\/\/www.instagram.com\/arteeluoghi\/?hl=it\",\"https:\/\/www.youtube.com\/channel\/UCuRVc4JW4-C5sg9rQB-srkw?view_as=subscriber\",\"https:\/\/twitter.com\/arteeluoghi\"],\"logo\":{\"@type\":\"ImageObject\",\"@id\":\"https:\/\/arteeluoghi.it\/#logo\",\"inLanguage\":\"it-IT\",\"url\":\"https:\/\/arteeluoghi.it\/wp-content\/uploads\/2018\/08\/logoinstagramarte.jpg\",\"contentUrl\":\"https:\/\/arteeluoghi.it\/wp-content\/uploads\/2018\/08\/logoinstagramarte.jpg\",\"width\":150,\"height\":150,\"caption\":\"Arte e Luoghi\"},\"image\":{\"@id\":\"https:\/\/arteeluoghi.it\/#logo\"}},{\"@type\":\"WebSite\",\"@id\":\"https:\/\/arteeluoghi.it\/#website\",\"url\":\"https:\/\/arteeluoghi.it\/\",\"name\":\"Arte e Luoghi\",\"description\":\"Mensile di arte, cultura, turismo e curiosit\u00e0\",\"publisher\":{\"@id\":\"https:\/\/arteeluoghi.it\/#organization\"},\"potentialAction\":[{\"@type\":\"SearchAction\",\"target\":{\"@type\":\"EntryPoint\",\"urlTemplate\":\"https:\/\/arteeluoghi.it\/?s={search_term_string}\"},\"query-input\":\"required name=search_term_string\"}],\"inLanguage\":\"it-IT\"},{\"@type\":\"ImageObject\",\"@id\":\"https:\/\/arteeluoghi.it\/index.php\/2024\/03\/19\/in-arrivo-la-giornata-mondiale-della-marionetta\/#primaryimage\",\"inLanguage\":\"it-IT\",\"url\":\"https:\/\/arteeluoghi.it\/wp-content\/uploads\/2024\/06\/La-giornata-mondiale-della-marionetta.jpg\",\"contentUrl\":\"https:\/\/arteeluoghi.it\/wp-content\/uploads\/2024\/06\/La-giornata-mondiale-della-marionetta.jpg\",\"width\":930,\"height\":934},{\"@type\":\"WebPage\",\"@id\":\"https:\/\/arteeluoghi.it\/index.php\/2024\/03\/19\/in-arrivo-la-giornata-mondiale-della-marionetta\/#webpage\",\"url\":\"https:\/\/arteeluoghi.it\/index.php\/2024\/03\/19\/in-arrivo-la-giornata-mondiale-della-marionetta\/\",\"name\":\"In arrivo la Giornata Mondiale della Marionetta | Arte e Luoghi\",\"isPartOf\":{\"@id\":\"https:\/\/arteeluoghi.it\/#website\"},\"primaryImageOfPage\":{\"@id\":\"https:\/\/arteeluoghi.it\/index.php\/2024\/03\/19\/in-arrivo-la-giornata-mondiale-della-marionetta\/#primaryimage\"},\"datePublished\":\"2024-03-19T08:37:00+00:00\",\"dateModified\":\"2024-06-08T07:41:37+00:00\",\"description\":\"Lecce ospita questo prezioso momento di incontro e formazione per burattinai, marionettisti, ombristi e semplici amanti del teatro\",\"breadcrumb\":{\"@id\":\"https:\/\/arteeluoghi.it\/index.php\/2024\/03\/19\/in-arrivo-la-giornata-mondiale-della-marionetta\/#breadcrumb\"},\"inLanguage\":\"it-IT\",\"potentialAction\":[{\"@type\":\"ReadAction\",\"target\":[\"https:\/\/arteeluoghi.it\/index.php\/2024\/03\/19\/in-arrivo-la-giornata-mondiale-della-marionetta\/\"]}]},{\"@type\":\"BreadcrumbList\",\"@id\":\"https:\/\/arteeluoghi.it\/index.php\/2024\/03\/19\/in-arrivo-la-giornata-mondiale-della-marionetta\/#breadcrumb\",\"itemListElement\":[{\"@type\":\"ListItem\",\"position\":1,\"name\":\"Home\",\"item\":\"https:\/\/arteeluoghi.it\/\"},{\"@type\":\"ListItem\",\"position\":2,\"name\":\"In arrivo la Giornata Mondiale della Marionetta\"}]},{\"@type\":\"Article\",\"@id\":\"https:\/\/arteeluoghi.it\/index.php\/2024\/03\/19\/in-arrivo-la-giornata-mondiale-della-marionetta\/#article\",\"isPartOf\":{\"@id\":\"https:\/\/arteeluoghi.it\/index.php\/2024\/03\/19\/in-arrivo-la-giornata-mondiale-della-marionetta\/#webpage\"},\"author\":{\"@id\":\"https:\/\/arteeluoghi.it\/#\/schema\/person\/f84e814e36e91e01448ee07eaadd41d4\"},\"headline\":\"In arrivo la Giornata Mondiale della Marionetta\",\"datePublished\":\"2024-03-19T08:37:00+00:00\",\"dateModified\":\"2024-06-08T07:41:37+00:00\",\"mainEntityOfPage\":{\"@id\":\"https:\/\/arteeluoghi.it\/index.php\/2024\/03\/19\/in-arrivo-la-giornata-mondiale-della-marionetta\/#webpage\"},\"wordCount\":1038,\"commentCount\":0,\"publisher\":{\"@id\":\"https:\/\/arteeluoghi.it\/#organization\"},\"image\":{\"@id\":\"https:\/\/arteeluoghi.it\/index.php\/2024\/03\/19\/in-arrivo-la-giornata-mondiale-della-marionetta\/#primaryimage\"},\"thumbnailUrl\":\"https:\/\/arteeluoghi.it\/wp-content\/uploads\/2024\/06\/La-giornata-mondiale-della-marionetta.jpg\",\"keywords\":[\"Aradeo\",\"burattini\",\"Giornata Mondiale della Marionetta\",\"Lecce\",\"marionetta\",\"teatro\"],\"inLanguage\":\"it-IT\",\"potentialAction\":[{\"@type\":\"CommentAction\",\"name\":\"Comment\",\"target\":[\"https:\/\/arteeluoghi.it\/index.php\/2024\/03\/19\/in-arrivo-la-giornata-mondiale-della-marionetta\/#respond\"]}]},{\"@type\":\"Person\",\"@id\":\"https:\/\/arteeluoghi.it\/#\/schema\/person\/f84e814e36e91e01448ee07eaadd41d4\",\"name\":\"Staff\",\"image\":{\"@type\":\"ImageObject\",\"@id\":\"https:\/\/arteeluoghi.it\/#personlogo\",\"inLanguage\":\"it-IT\",\"url\":\"https:\/\/secure.gravatar.com\/avatar\/49d2f9e46271bb04e19cebfaf141313a?s=96&d=blank&r=g\",\"contentUrl\":\"https:\/\/secure.gravatar.com\/avatar\/49d2f9e46271bb04e19cebfaf141313a?s=96&d=blank&r=g\",\"caption\":\"Staff\"}}]}<\/script>\n<!-- \/ Yoast SEO plugin. -->","yoast_head_json":{"title":"In arrivo la Giornata Mondiale della Marionetta | Arte e Luoghi","description":"Lecce ospita questo prezioso momento di incontro e formazione per burattinai, marionettisti, ombristi e semplici amanti del teatro","robots":{"index":"index","follow":"follow","max-snippet":"max-snippet:-1","max-image-preview":"max-image-preview:large","max-video-preview":"max-video-preview:-1"},"canonical":"https:\/\/arteeluoghi.it\/index.php\/2024\/03\/19\/in-arrivo-la-giornata-mondiale-della-marionetta\/","og_locale":"it_IT","og_type":"article","og_title":"In arrivo la Giornata Mondiale della Marionetta | Arte e Luoghi","og_description":"Lecce ospita questo prezioso momento di incontro e formazione per burattinai, marionettisti, ombristi e semplici amanti del teatro","og_url":"https:\/\/arteeluoghi.it\/index.php\/2024\/03\/19\/in-arrivo-la-giornata-mondiale-della-marionetta\/","og_site_name":"Arte e Luoghi","article_publisher":"https:\/\/www.facebook.com\/ArteELuoghi\/","article_published_time":"2024-03-19T08:37:00+00:00","article_modified_time":"2024-06-08T07:41:37+00:00","og_image":[{"width":930,"height":934,"url":"https:\/\/arteeluoghi.it\/wp-content\/uploads\/2024\/06\/La-giornata-mondiale-della-marionetta.jpg","type":"image\/jpeg"}],"twitter_card":"summary","twitter_creator":"@arteeluoghi","twitter_site":"@arteeluoghi","twitter_misc":{"Scritto da":"Staff","Tempo di lettura stimato":"6 minuti"},"schema":{"@context":"https:\/\/schema.org","@graph":[{"@type":"Organization","@id":"https:\/\/arteeluoghi.it\/#organization","name":"Arte e Luoghi","url":"https:\/\/arteeluoghi.it\/","sameAs":["https:\/\/www.facebook.com\/ArteELuoghi\/","https:\/\/www.instagram.com\/arteeluoghi\/?hl=it","https:\/\/www.youtube.com\/channel\/UCuRVc4JW4-C5sg9rQB-srkw?view_as=subscriber","https:\/\/twitter.com\/arteeluoghi"],"logo":{"@type":"ImageObject","@id":"https:\/\/arteeluoghi.it\/#logo","inLanguage":"it-IT","url":"https:\/\/arteeluoghi.it\/wp-content\/uploads\/2018\/08\/logoinstagramarte.jpg","contentUrl":"https:\/\/arteeluoghi.it\/wp-content\/uploads\/2018\/08\/logoinstagramarte.jpg","width":150,"height":150,"caption":"Arte e Luoghi"},"image":{"@id":"https:\/\/arteeluoghi.it\/#logo"}},{"@type":"WebSite","@id":"https:\/\/arteeluoghi.it\/#website","url":"https:\/\/arteeluoghi.it\/","name":"Arte e Luoghi","description":"Mensile di arte, cultura, turismo e curiosit\u00e0","publisher":{"@id":"https:\/\/arteeluoghi.it\/#organization"},"potentialAction":[{"@type":"SearchAction","target":{"@type":"EntryPoint","urlTemplate":"https:\/\/arteeluoghi.it\/?s={search_term_string}"},"query-input":"required name=search_term_string"}],"inLanguage":"it-IT"},{"@type":"ImageObject","@id":"https:\/\/arteeluoghi.it\/index.php\/2024\/03\/19\/in-arrivo-la-giornata-mondiale-della-marionetta\/#primaryimage","inLanguage":"it-IT","url":"https:\/\/arteeluoghi.it\/wp-content\/uploads\/2024\/06\/La-giornata-mondiale-della-marionetta.jpg","contentUrl":"https:\/\/arteeluoghi.it\/wp-content\/uploads\/2024\/06\/La-giornata-mondiale-della-marionetta.jpg","width":930,"height":934},{"@type":"WebPage","@id":"https:\/\/arteeluoghi.it\/index.php\/2024\/03\/19\/in-arrivo-la-giornata-mondiale-della-marionetta\/#webpage","url":"https:\/\/arteeluoghi.it\/index.php\/2024\/03\/19\/in-arrivo-la-giornata-mondiale-della-marionetta\/","name":"In arrivo la Giornata Mondiale della Marionetta | Arte e Luoghi","isPartOf":{"@id":"https:\/\/arteeluoghi.it\/#website"},"primaryImageOfPage":{"@id":"https:\/\/arteeluoghi.it\/index.php\/2024\/03\/19\/in-arrivo-la-giornata-mondiale-della-marionetta\/#primaryimage"},"datePublished":"2024-03-19T08:37:00+00:00","dateModified":"2024-06-08T07:41:37+00:00","description":"Lecce ospita questo prezioso momento di incontro e formazione per burattinai, marionettisti, ombristi e semplici amanti del teatro","breadcrumb":{"@id":"https:\/\/arteeluoghi.it\/index.php\/2024\/03\/19\/in-arrivo-la-giornata-mondiale-della-marionetta\/#breadcrumb"},"inLanguage":"it-IT","potentialAction":[{"@type":"ReadAction","target":["https:\/\/arteeluoghi.it\/index.php\/2024\/03\/19\/in-arrivo-la-giornata-mondiale-della-marionetta\/"]}]},{"@type":"BreadcrumbList","@id":"https:\/\/arteeluoghi.it\/index.php\/2024\/03\/19\/in-arrivo-la-giornata-mondiale-della-marionetta\/#breadcrumb","itemListElement":[{"@type":"ListItem","position":1,"name":"Home","item":"https:\/\/arteeluoghi.it\/"},{"@type":"ListItem","position":2,"name":"In arrivo la Giornata Mondiale della Marionetta"}]},{"@type":"Article","@id":"https:\/\/arteeluoghi.it\/index.php\/2024\/03\/19\/in-arrivo-la-giornata-mondiale-della-marionetta\/#article","isPartOf":{"@id":"https:\/\/arteeluoghi.it\/index.php\/2024\/03\/19\/in-arrivo-la-giornata-mondiale-della-marionetta\/#webpage"},"author":{"@id":"https:\/\/arteeluoghi.it\/#\/schema\/person\/f84e814e36e91e01448ee07eaadd41d4"},"headline":"In arrivo la Giornata Mondiale della Marionetta","datePublished":"2024-03-19T08:37:00+00:00","dateModified":"2024-06-08T07:41:37+00:00","mainEntityOfPage":{"@id":"https:\/\/arteeluoghi.it\/index.php\/2024\/03\/19\/in-arrivo-la-giornata-mondiale-della-marionetta\/#webpage"},"wordCount":1038,"commentCount":0,"publisher":{"@id":"https:\/\/arteeluoghi.it\/#organization"},"image":{"@id":"https:\/\/arteeluoghi.it\/index.php\/2024\/03\/19\/in-arrivo-la-giornata-mondiale-della-marionetta\/#primaryimage"},"thumbnailUrl":"https:\/\/arteeluoghi.it\/wp-content\/uploads\/2024\/06\/La-giornata-mondiale-della-marionetta.jpg","keywords":["Aradeo","burattini","Giornata Mondiale della Marionetta","Lecce","marionetta","teatro"],"inLanguage":"it-IT","potentialAction":[{"@type":"CommentAction","name":"Comment","target":["https:\/\/arteeluoghi.it\/index.php\/2024\/03\/19\/in-arrivo-la-giornata-mondiale-della-marionetta\/#respond"]}]},{"@type":"Person","@id":"https:\/\/arteeluoghi.it\/#\/schema\/person\/f84e814e36e91e01448ee07eaadd41d4","name":"Staff","image":{"@type":"ImageObject","@id":"https:\/\/arteeluoghi.it\/#personlogo","inLanguage":"it-IT","url":"https:\/\/secure.gravatar.com\/avatar\/49d2f9e46271bb04e19cebfaf141313a?s=96&d=blank&r=g","contentUrl":"https:\/\/secure.gravatar.com\/avatar\/49d2f9e46271bb04e19cebfaf141313a?s=96&d=blank&r=g","caption":"Staff"}}]}},"_links":{"self":[{"href":"https:\/\/arteeluoghi.it\/index.php\/wp-json\/wp\/v2\/posts\/14523"}],"collection":[{"href":"https:\/\/arteeluoghi.it\/index.php\/wp-json\/wp\/v2\/posts"}],"about":[{"href":"https:\/\/arteeluoghi.it\/index.php\/wp-json\/wp\/v2\/types\/post"}],"author":[{"embeddable":true,"href":"https:\/\/arteeluoghi.it\/index.php\/wp-json\/wp\/v2\/users\/1"}],"replies":[{"embeddable":true,"href":"https:\/\/arteeluoghi.it\/index.php\/wp-json\/wp\/v2\/comments?post=14523"}],"version-history":[{"count":1,"href":"https:\/\/arteeluoghi.it\/index.php\/wp-json\/wp\/v2\/posts\/14523\/revisions"}],"predecessor-version":[{"id":14525,"href":"https:\/\/arteeluoghi.it\/index.php\/wp-json\/wp\/v2\/posts\/14523\/revisions\/14525"}],"wp:featuredmedia":[{"embeddable":true,"href":"https:\/\/arteeluoghi.it\/index.php\/wp-json\/wp\/v2\/media\/14524"}],"wp:attachment":[{"href":"https:\/\/arteeluoghi.it\/index.php\/wp-json\/wp\/v2\/media?parent=14523"}],"wp:term":[{"taxonomy":"category","embeddable":true,"href":"https:\/\/arteeluoghi.it\/index.php\/wp-json\/wp\/v2\/categories?post=14523"},{"taxonomy":"post_tag","embeddable":true,"href":"https:\/\/arteeluoghi.it\/index.php\/wp-json\/wp\/v2\/tags?post=14523"}],"curies":[{"name":"wp","href":"https:\/\/api.w.org\/{rel}","templated":true}]}}