{"id":1453,"date":"2013-11-19T17:32:01","date_gmt":"2013-11-19T16:32:01","guid":{"rendered":"http:\/\/arteeluoghi.it\/index.php\/2013\/11\/19\/premio-arte-laguna-ultimi-giorni-per-l-iscrizione\/"},"modified":"2017-08-06T23:57:41","modified_gmt":"2017-08-06T21:57:41","slug":"premio-arte-laguna-ultimi-giorni-per-l-iscrizione","status":"publish","type":"post","link":"https:\/\/arteeluoghi.it\/index.php\/2013\/11\/19\/premio-arte-laguna-ultimi-giorni-per-l-iscrizione\/","title":{"rendered":"Premio Arte Laguna. Ultimi giorni per l&#8217;iscrizione"},"content":{"rendered":"<p><img src=\"\/images\/news_-4.jpg\" border=\"0\" width=\"200\" style=\"margin: 21px; float: left;\" \/>Quattro giorni alla chiusura del concorso<\/p>\n<h2 class=\"contentheading clearfix\"><strong>8\u00b0 Premio Internazionale Arte Laguna<\/strong><\/h2>\n<p>Ultimi giorni per iscriveri all&#8217;ottava edizione del Premio Internazionale Arte Laguna. Bando einformazioni sul sito\u00a0 www.premioartelaguna.it<\/p>\n<p>  <!--more-->  <\/p>\n<p>\u00a0<\/p>\n<p>L\u2019Associazione Culturale MoCA (Modern Contemporary Art), in collaborazione con lo Studio Arte Laguna, indice l&#8217;8\u00b0 Edizione del Premio Internazionale Arte Laguna finalizzato alla promozione e valorizzazione dell\u2019Arte Contemporanea. La dotazione complessiva del Premio \u00e8 di \u20ac 180000<br \/> Il Premio ha ricevuto la medaglia del Presidente della Repubblica Italiana, \u00e8 patrocinato tra gli altri dal Ministero per i Beni e le Attivit\u00e0 Culturali, Ministero degli Esteri, Regione del Veneto, Universit\u00e0 C\u00e0 Foscari di Venezia, IUAV, Istituto Europeo di Design e si svolge in collaborazione con il Comune di Venezia &#8211; Presidenza del Consiglio. Il concorso prevede l\u2019assegnazione di premi in denaro, l\u2019allestimento di un\u2019importante esposizione collettiva a Venezia, mostre in Gallerie d\u2019Arte Internazionali, collaborazioni con Aziende, Residenze d&#8217;Arte e pubblicazione del catalogo. Il Premio, a tema libero, si suddivide in cinque sezioni: pittura, scultura e installazione, arte fotografica, video arte e performance, arte virtuale e digitale.<\/p>\n<p>\u00a0<\/p>\n","protected":false},"excerpt":{"rendered":"<p>Quattro giorni alla chiusura del concorso 8\u00b0 Premio Internazionale Arte Laguna Ultimi giorni per iscriveri all&#8217;ottava edizione del Premio Internazionale<\/p>\n","protected":false},"author":1,"featured_media":0,"comment_status":"open","ping_status":"open","sticky":false,"template":"","format":"standard","meta":[],"categories":[28],"tags":[],"yoast_head":"<!-- This site is optimized with the Yoast SEO plugin v18.0 - https:\/\/yoast.com\/wordpress\/plugins\/seo\/ -->\n<title>Premio Arte Laguna. Ultimi giorni per l&#039;iscrizione | Arte e Luoghi<\/title>\n<meta name=\"robots\" content=\"index, follow, max-snippet:-1, max-image-preview:large, max-video-preview:-1\" \/>\n<link rel=\"canonical\" href=\"https:\/\/arteeluoghi.it\/index.php\/2013\/11\/19\/premio-arte-laguna-ultimi-giorni-per-l-iscrizione\/\" \/>\n<meta property=\"og:locale\" content=\"it_IT\" \/>\n<meta property=\"og:type\" content=\"article\" \/>\n<meta property=\"og:title\" content=\"Premio Arte Laguna. Ultimi giorni per l&#039;iscrizione | Arte e Luoghi\" \/>\n<meta property=\"og:description\" content=\"Quattro giorni alla chiusura del concorso 8\u00b0 Premio Internazionale Arte Laguna Ultimi giorni per iscriveri all&#8217;ottava edizione del Premio Internazionale\" \/>\n<meta property=\"og:url\" content=\"https:\/\/arteeluoghi.it\/index.php\/2013\/11\/19\/premio-arte-laguna-ultimi-giorni-per-l-iscrizione\/\" \/>\n<meta property=\"og:site_name\" content=\"Arte e Luoghi\" \/>\n<meta property=\"article:publisher\" content=\"https:\/\/www.facebook.com\/ArteELuoghi\/\" \/>\n<meta property=\"article:published_time\" content=\"2013-11-19T16:32:01+00:00\" \/>\n<meta property=\"article:modified_time\" content=\"2017-08-06T21:57:41+00:00\" \/>\n<meta property=\"og:image\" content=\"https:\/\/arteeluoghi.it\/images\/news_-4.jpg\" \/>\n<meta name=\"twitter:card\" content=\"summary\" \/>\n<meta name=\"twitter:creator\" content=\"@arteeluoghi\" \/>\n<meta name=\"twitter:site\" content=\"@arteeluoghi\" \/>\n<meta name=\"twitter:label1\" content=\"Scritto da\" \/>\n\t<meta name=\"twitter:data1\" content=\"Staff\" \/>\n\t<meta name=\"twitter:label2\" content=\"Tempo di lettura stimato\" \/>\n\t<meta name=\"twitter:data2\" content=\"1 minuto\" \/>\n<script type=\"application\/ld+json\" class=\"yoast-schema-graph\">{\"@context\":\"https:\/\/schema.org\",\"@graph\":[{\"@type\":\"Organization\",\"@id\":\"https:\/\/arteeluoghi.it\/#organization\",\"name\":\"Arte e Luoghi\",\"url\":\"https:\/\/arteeluoghi.it\/\",\"sameAs\":[\"https:\/\/www.facebook.com\/ArteELuoghi\/\",\"https:\/\/www.instagram.com\/arteeluoghi\/?hl=it\",\"https:\/\/www.youtube.com\/channel\/UCuRVc4JW4-C5sg9rQB-srkw?view_as=subscriber\",\"https:\/\/twitter.com\/arteeluoghi\"],\"logo\":{\"@type\":\"ImageObject\",\"@id\":\"https:\/\/arteeluoghi.it\/#logo\",\"inLanguage\":\"it-IT\",\"url\":\"https:\/\/arteeluoghi.it\/wp-content\/uploads\/2018\/08\/logoinstagramarte.jpg\",\"contentUrl\":\"https:\/\/arteeluoghi.it\/wp-content\/uploads\/2018\/08\/logoinstagramarte.jpg\",\"width\":150,\"height\":150,\"caption\":\"Arte e Luoghi\"},\"image\":{\"@id\":\"https:\/\/arteeluoghi.it\/#logo\"}},{\"@type\":\"WebSite\",\"@id\":\"https:\/\/arteeluoghi.it\/#website\",\"url\":\"https:\/\/arteeluoghi.it\/\",\"name\":\"Arte e Luoghi\",\"description\":\"Mensile di arte, cultura, turismo e curiosit\u00e0\",\"publisher\":{\"@id\":\"https:\/\/arteeluoghi.it\/#organization\"},\"potentialAction\":[{\"@type\":\"SearchAction\",\"target\":{\"@type\":\"EntryPoint\",\"urlTemplate\":\"https:\/\/arteeluoghi.it\/?s={search_term_string}\"},\"query-input\":\"required name=search_term_string\"}],\"inLanguage\":\"it-IT\"},{\"@type\":\"ImageObject\",\"@id\":\"https:\/\/arteeluoghi.it\/index.php\/2013\/11\/19\/premio-arte-laguna-ultimi-giorni-per-l-iscrizione\/#primaryimage\",\"inLanguage\":\"it-IT\",\"url\":\"\/images\/news_-4.jpg\",\"contentUrl\":\"\/images\/news_-4.jpg\"},{\"@type\":\"WebPage\",\"@id\":\"https:\/\/arteeluoghi.it\/index.php\/2013\/11\/19\/premio-arte-laguna-ultimi-giorni-per-l-iscrizione\/#webpage\",\"url\":\"https:\/\/arteeluoghi.it\/index.php\/2013\/11\/19\/premio-arte-laguna-ultimi-giorni-per-l-iscrizione\/\",\"name\":\"Premio Arte Laguna. Ultimi giorni per l'iscrizione | Arte e Luoghi\",\"isPartOf\":{\"@id\":\"https:\/\/arteeluoghi.it\/#website\"},\"primaryImageOfPage\":{\"@id\":\"https:\/\/arteeluoghi.it\/index.php\/2013\/11\/19\/premio-arte-laguna-ultimi-giorni-per-l-iscrizione\/#primaryimage\"},\"datePublished\":\"2013-11-19T16:32:01+00:00\",\"dateModified\":\"2017-08-06T21:57:41+00:00\",\"breadcrumb\":{\"@id\":\"https:\/\/arteeluoghi.it\/index.php\/2013\/11\/19\/premio-arte-laguna-ultimi-giorni-per-l-iscrizione\/#breadcrumb\"},\"inLanguage\":\"it-IT\",\"potentialAction\":[{\"@type\":\"ReadAction\",\"target\":[\"https:\/\/arteeluoghi.it\/index.php\/2013\/11\/19\/premio-arte-laguna-ultimi-giorni-per-l-iscrizione\/\"]}]},{\"@type\":\"BreadcrumbList\",\"@id\":\"https:\/\/arteeluoghi.it\/index.php\/2013\/11\/19\/premio-arte-laguna-ultimi-giorni-per-l-iscrizione\/#breadcrumb\",\"itemListElement\":[{\"@type\":\"ListItem\",\"position\":1,\"name\":\"Home\",\"item\":\"https:\/\/arteeluoghi.it\/\"},{\"@type\":\"ListItem\",\"position\":2,\"name\":\"Premio Arte Laguna. Ultimi giorni per l&#8217;iscrizione\"}]},{\"@type\":\"Article\",\"@id\":\"https:\/\/arteeluoghi.it\/index.php\/2013\/11\/19\/premio-arte-laguna-ultimi-giorni-per-l-iscrizione\/#article\",\"isPartOf\":{\"@id\":\"https:\/\/arteeluoghi.it\/index.php\/2013\/11\/19\/premio-arte-laguna-ultimi-giorni-per-l-iscrizione\/#webpage\"},\"author\":{\"@id\":\"https:\/\/arteeluoghi.it\/#\/schema\/person\/f84e814e36e91e01448ee07eaadd41d4\"},\"headline\":\"Premio Arte Laguna. Ultimi giorni per l&#8217;iscrizione\",\"datePublished\":\"2013-11-19T16:32:01+00:00\",\"dateModified\":\"2017-08-06T21:57:41+00:00\",\"mainEntityOfPage\":{\"@id\":\"https:\/\/arteeluoghi.it\/index.php\/2013\/11\/19\/premio-arte-laguna-ultimi-giorni-per-l-iscrizione\/#webpage\"},\"wordCount\":182,\"commentCount\":0,\"publisher\":{\"@id\":\"https:\/\/arteeluoghi.it\/#organization\"},\"image\":{\"@id\":\"https:\/\/arteeluoghi.it\/index.php\/2013\/11\/19\/premio-arte-laguna-ultimi-giorni-per-l-iscrizione\/#primaryimage\"},\"thumbnailUrl\":\"\/images\/news_-4.jpg\",\"articleSection\":[\"Notizie\"],\"inLanguage\":\"it-IT\",\"potentialAction\":[{\"@type\":\"CommentAction\",\"name\":\"Comment\",\"target\":[\"https:\/\/arteeluoghi.it\/index.php\/2013\/11\/19\/premio-arte-laguna-ultimi-giorni-per-l-iscrizione\/#respond\"]}]},{\"@type\":\"Person\",\"@id\":\"https:\/\/arteeluoghi.it\/#\/schema\/person\/f84e814e36e91e01448ee07eaadd41d4\",\"name\":\"Staff\",\"image\":{\"@type\":\"ImageObject\",\"@id\":\"https:\/\/arteeluoghi.it\/#personlogo\",\"inLanguage\":\"it-IT\",\"url\":\"https:\/\/secure.gravatar.com\/avatar\/49d2f9e46271bb04e19cebfaf141313a?s=96&d=blank&r=g\",\"contentUrl\":\"https:\/\/secure.gravatar.com\/avatar\/49d2f9e46271bb04e19cebfaf141313a?s=96&d=blank&r=g\",\"caption\":\"Staff\"}}]}<\/script>\n<!-- \/ Yoast SEO plugin. -->","yoast_head_json":{"title":"Premio Arte Laguna. Ultimi giorni per l'iscrizione | Arte e Luoghi","robots":{"index":"index","follow":"follow","max-snippet":"max-snippet:-1","max-image-preview":"max-image-preview:large","max-video-preview":"max-video-preview:-1"},"canonical":"https:\/\/arteeluoghi.it\/index.php\/2013\/11\/19\/premio-arte-laguna-ultimi-giorni-per-l-iscrizione\/","og_locale":"it_IT","og_type":"article","og_title":"Premio Arte Laguna. Ultimi giorni per l'iscrizione | Arte e Luoghi","og_description":"Quattro giorni alla chiusura del concorso 8\u00b0 Premio Internazionale Arte Laguna Ultimi giorni per iscriveri all&#8217;ottava edizione del Premio Internazionale","og_url":"https:\/\/arteeluoghi.it\/index.php\/2013\/11\/19\/premio-arte-laguna-ultimi-giorni-per-l-iscrizione\/","og_site_name":"Arte e Luoghi","article_publisher":"https:\/\/www.facebook.com\/ArteELuoghi\/","article_published_time":"2013-11-19T16:32:01+00:00","article_modified_time":"2017-08-06T21:57:41+00:00","og_image":[{"url":"https:\/\/arteeluoghi.it\/images\/news_-4.jpg"}],"twitter_card":"summary","twitter_creator":"@arteeluoghi","twitter_site":"@arteeluoghi","twitter_misc":{"Scritto da":"Staff","Tempo di lettura stimato":"1 minuto"},"schema":{"@context":"https:\/\/schema.org","@graph":[{"@type":"Organization","@id":"https:\/\/arteeluoghi.it\/#organization","name":"Arte e Luoghi","url":"https:\/\/arteeluoghi.it\/","sameAs":["https:\/\/www.facebook.com\/ArteELuoghi\/","https:\/\/www.instagram.com\/arteeluoghi\/?hl=it","https:\/\/www.youtube.com\/channel\/UCuRVc4JW4-C5sg9rQB-srkw?view_as=subscriber","https:\/\/twitter.com\/arteeluoghi"],"logo":{"@type":"ImageObject","@id":"https:\/\/arteeluoghi.it\/#logo","inLanguage":"it-IT","url":"https:\/\/arteeluoghi.it\/wp-content\/uploads\/2018\/08\/logoinstagramarte.jpg","contentUrl":"https:\/\/arteeluoghi.it\/wp-content\/uploads\/2018\/08\/logoinstagramarte.jpg","width":150,"height":150,"caption":"Arte e Luoghi"},"image":{"@id":"https:\/\/arteeluoghi.it\/#logo"}},{"@type":"WebSite","@id":"https:\/\/arteeluoghi.it\/#website","url":"https:\/\/arteeluoghi.it\/","name":"Arte e Luoghi","description":"Mensile di arte, cultura, turismo e curiosit\u00e0","publisher":{"@id":"https:\/\/arteeluoghi.it\/#organization"},"potentialAction":[{"@type":"SearchAction","target":{"@type":"EntryPoint","urlTemplate":"https:\/\/arteeluoghi.it\/?s={search_term_string}"},"query-input":"required name=search_term_string"}],"inLanguage":"it-IT"},{"@type":"ImageObject","@id":"https:\/\/arteeluoghi.it\/index.php\/2013\/11\/19\/premio-arte-laguna-ultimi-giorni-per-l-iscrizione\/#primaryimage","inLanguage":"it-IT","url":"\/images\/news_-4.jpg","contentUrl":"\/images\/news_-4.jpg"},{"@type":"WebPage","@id":"https:\/\/arteeluoghi.it\/index.php\/2013\/11\/19\/premio-arte-laguna-ultimi-giorni-per-l-iscrizione\/#webpage","url":"https:\/\/arteeluoghi.it\/index.php\/2013\/11\/19\/premio-arte-laguna-ultimi-giorni-per-l-iscrizione\/","name":"Premio Arte Laguna. Ultimi giorni per l'iscrizione | Arte e Luoghi","isPartOf":{"@id":"https:\/\/arteeluoghi.it\/#website"},"primaryImageOfPage":{"@id":"https:\/\/arteeluoghi.it\/index.php\/2013\/11\/19\/premio-arte-laguna-ultimi-giorni-per-l-iscrizione\/#primaryimage"},"datePublished":"2013-11-19T16:32:01+00:00","dateModified":"2017-08-06T21:57:41+00:00","breadcrumb":{"@id":"https:\/\/arteeluoghi.it\/index.php\/2013\/11\/19\/premio-arte-laguna-ultimi-giorni-per-l-iscrizione\/#breadcrumb"},"inLanguage":"it-IT","potentialAction":[{"@type":"ReadAction","target":["https:\/\/arteeluoghi.it\/index.php\/2013\/11\/19\/premio-arte-laguna-ultimi-giorni-per-l-iscrizione\/"]}]},{"@type":"BreadcrumbList","@id":"https:\/\/arteeluoghi.it\/index.php\/2013\/11\/19\/premio-arte-laguna-ultimi-giorni-per-l-iscrizione\/#breadcrumb","itemListElement":[{"@type":"ListItem","position":1,"name":"Home","item":"https:\/\/arteeluoghi.it\/"},{"@type":"ListItem","position":2,"name":"Premio Arte Laguna. Ultimi giorni per l&#8217;iscrizione"}]},{"@type":"Article","@id":"https:\/\/arteeluoghi.it\/index.php\/2013\/11\/19\/premio-arte-laguna-ultimi-giorni-per-l-iscrizione\/#article","isPartOf":{"@id":"https:\/\/arteeluoghi.it\/index.php\/2013\/11\/19\/premio-arte-laguna-ultimi-giorni-per-l-iscrizione\/#webpage"},"author":{"@id":"https:\/\/arteeluoghi.it\/#\/schema\/person\/f84e814e36e91e01448ee07eaadd41d4"},"headline":"Premio Arte Laguna. Ultimi giorni per l&#8217;iscrizione","datePublished":"2013-11-19T16:32:01+00:00","dateModified":"2017-08-06T21:57:41+00:00","mainEntityOfPage":{"@id":"https:\/\/arteeluoghi.it\/index.php\/2013\/11\/19\/premio-arte-laguna-ultimi-giorni-per-l-iscrizione\/#webpage"},"wordCount":182,"commentCount":0,"publisher":{"@id":"https:\/\/arteeluoghi.it\/#organization"},"image":{"@id":"https:\/\/arteeluoghi.it\/index.php\/2013\/11\/19\/premio-arte-laguna-ultimi-giorni-per-l-iscrizione\/#primaryimage"},"thumbnailUrl":"\/images\/news_-4.jpg","articleSection":["Notizie"],"inLanguage":"it-IT","potentialAction":[{"@type":"CommentAction","name":"Comment","target":["https:\/\/arteeluoghi.it\/index.php\/2013\/11\/19\/premio-arte-laguna-ultimi-giorni-per-l-iscrizione\/#respond"]}]},{"@type":"Person","@id":"https:\/\/arteeluoghi.it\/#\/schema\/person\/f84e814e36e91e01448ee07eaadd41d4","name":"Staff","image":{"@type":"ImageObject","@id":"https:\/\/arteeluoghi.it\/#personlogo","inLanguage":"it-IT","url":"https:\/\/secure.gravatar.com\/avatar\/49d2f9e46271bb04e19cebfaf141313a?s=96&d=blank&r=g","contentUrl":"https:\/\/secure.gravatar.com\/avatar\/49d2f9e46271bb04e19cebfaf141313a?s=96&d=blank&r=g","caption":"Staff"}}]}},"_links":{"self":[{"href":"https:\/\/arteeluoghi.it\/index.php\/wp-json\/wp\/v2\/posts\/1453"}],"collection":[{"href":"https:\/\/arteeluoghi.it\/index.php\/wp-json\/wp\/v2\/posts"}],"about":[{"href":"https:\/\/arteeluoghi.it\/index.php\/wp-json\/wp\/v2\/types\/post"}],"author":[{"embeddable":true,"href":"https:\/\/arteeluoghi.it\/index.php\/wp-json\/wp\/v2\/users\/1"}],"replies":[{"embeddable":true,"href":"https:\/\/arteeluoghi.it\/index.php\/wp-json\/wp\/v2\/comments?post=1453"}],"version-history":[{"count":1,"href":"https:\/\/arteeluoghi.it\/index.php\/wp-json\/wp\/v2\/posts\/1453\/revisions"}],"predecessor-version":[{"id":3099,"href":"https:\/\/arteeluoghi.it\/index.php\/wp-json\/wp\/v2\/posts\/1453\/revisions\/3099"}],"wp:attachment":[{"href":"https:\/\/arteeluoghi.it\/index.php\/wp-json\/wp\/v2\/media?parent=1453"}],"wp:term":[{"taxonomy":"category","embeddable":true,"href":"https:\/\/arteeluoghi.it\/index.php\/wp-json\/wp\/v2\/categories?post=1453"},{"taxonomy":"post_tag","embeddable":true,"href":"https:\/\/arteeluoghi.it\/index.php\/wp-json\/wp\/v2\/tags?post=1453"}],"curies":[{"name":"wp","href":"https:\/\/api.w.org\/{rel}","templated":true}]}}