{"id":1454,"date":"2013-11-22T14:08:00","date_gmt":"2013-11-22T13:08:00","guid":{"rendered":"http:\/\/arteeluoghi.it\/index.php\/2013\/11\/22\/noino-org-in-campo-gli-uomini-contro-la-violenza-sulle-donne\/"},"modified":"2013-11-22T14:08:00","modified_gmt":"2013-11-22T13:08:00","slug":"noino-org-in-campo-gli-uomini-contro-la-violenza-sulle-donne","status":"publish","type":"post","link":"https:\/\/arteeluoghi.it\/index.php\/2013\/11\/22\/noino-org-in-campo-gli-uomini-contro-la-violenza-sulle-donne\/","title":{"rendered":"Noino.org. In campo gli uomini contro la violenza sulle donne"},"content":{"rendered":"<p style=\"text-align: left;\" align=\"center\"><img src=\"\/images\/AdrianaDeSantis034.jpg\" border=\"0\" title=\"il Sindaco Paolo Perrone con gli organizzatori del progetto dopo la conferenza stampa\" width=\"300\" style=\"margin: 21px; float: right;\" \/>Al via la campagna nazionale \u201cNoiNo.org \u2013 Uomini contro la violenza sulle donne\u201d: anche il sindaco Paolo Perrone ci mette la faccia<\/p>\n<p style=\"text-align: left;\" align=\"center\"><strong>VIOLENZA SULLE DONNE, IN CAMPO GLI UOMINI<\/strong><\/p>\n<p class=\"Default\">Questa mattina a Palazzo Carafa \u00e8 stata presentata la campagna nazionale <strong><em>\u201cNoiNo.org \u2013 Uomini contro la violenza sulle donne\u201d,<\/em><\/strong> alla quale ha aderito l\u2019associazione Press &amp; Comunicazione. L\u2019obiettivo \u00e8 quello di sensibilizzare e coinvolgere gli uomini sul tema della violenza di genere: minacciare, umiliare, picchiare. Questa \u00e8 violenza. Molte campagne sono state realizzate finora su questo tema, nella maggior parte dei casi rivolte alle donne, con l\u2019intento di sostenerle nel proprio percorso di denuncia. Ma gli uomini? Nonostante gli autori delle violenze siano gli uomini, il genere maschile \u00e8 il grande assente della comunicazione sociale sulla violenza di genere. A questo ha cercato di porre rimedio la campagna NoiNo.org, nata dall\u2019esplicita richiesta\u00a0 di essere pensata per comunicare prima di tutto agli uomini.\u00a0<\/p>\n<p>  <!--more-->  <\/p>\n<p class=\"Default\">\u00a0<\/p>\n<p class=\"Default\"><img src=\"\/images\/AdrianaDeSantis035.jpg\" border=\"0\" title=\"il sindaco Paolo Perrone con la maglia di noino.org\" width=\"300\" style=\"margin: 21px; float: left;\" \/>Proprio agli uomini, infatti, <strong><em>NoiNo.org<\/em><\/strong> chiede di mettere la faccia, di partecipare, di porsi in relazione tra loro per creare una comunit\u00e0 di uomini consapevoli, che dicono pubblicamente \u201cNo\u201d alla violenza di genere, divulgano la campagna e coinvolgono altri uomini in questo network.<\/p>\n<p class=\"Default\">NoiNo.org, gi\u00e0 partita in Emilia Romagna, ha visto la fattiva partecipazione del Comune di Bologna, Provincia di Bologna e Universit\u00e0 di Bologna, ed in questi giorni \u00e8 stato promosso da Regione Lazio e Comune di Roma, che patrocinano e sostengono il progetto mettendo a disposizione i propri canali e strumenti di comunicazione.<\/p>\n<p class=\"Default\">Alla campagna nazionale ha aderito anche il sindaco di Lecce, <strong>Paolo Perrone,<\/strong> presente oggi in conferenza stampa assieme al vicesindaco <strong>Carmen Tessitore<\/strong>, all\u2019assessore alle Politiche sociali e Pari opportunit\u00e0 della Provincia di Lecce <strong>Filomena D\u2019Antini Solero<\/strong>, al consigliere provinciale <strong>Cosimo Durante<\/strong>, al sindaco di Monteroni <strong>Pasquale Giorgio Guido<\/strong> e alla presidente di Press e comunicazione <strong>Maria Teresa Carrozzo<\/strong>.<\/p>\n<p class=\"Default\">Durante il mese di novembre L&#8217;Associazione Press &amp; Comunicazione si sta facendo promotrice del progetto, promuovendo incontri a tema, sollecitando l&#8217;attenzione di imprenditori e commercianti locali, promuovendo la distribuzione di materiale di sensibilizzazione (T-shirts, adesivi, etc).<\/p>\n<p class=\"Default\"><strong>Il 25 novembre, alle ore 10, alle Officine Cantelmo<\/strong> di Lecce, \u00e8 in programma un dibattito per sensibilizzare i giovani alla gestione dei rapporti interpersonali. Saranno presenti: <strong>Paolo Perrone<\/strong>, sindaco di Lecce, <strong>Filomena D\u2019Antini Solero<\/strong>, l\u2019assessore alle Politiche Sociali e Pari Opportunit\u00e0 della Provincia di Lecce, <strong>Carmen Tessitore<\/strong>, l\u2019assessore ai Servizi Sociali del Comune di Lecce, il professor <strong>Alessandro De<\/strong> <strong>Belvis<\/strong>,\u00a0 il presidente <strong>Paolo Pagliaro<\/strong>, editore di TeleRama, il senatore <strong>Vittorio Zizza<\/strong>, il consigliere alla Provincia di Lecce <strong>Cosimo Durante<\/strong>, il sindaco di Monteroni <strong>Pasquale Giorgio Guido<\/strong> e sindaci di vari comuni del Salento.<\/p>\n<p>Sempre <strong>luned\u00ec 25 novembre, ma alle ore 17, alle Officine Cantelmo<\/strong>, si svolger\u00e0 un incontro culturale\u00a0 per riflettere su questi temi di stringente attualit\u00e0 al quale verranno coinvolti in maniera diretta gli studenti delle scuole secondarie di primo e secondo grado. Durante l\u2019incontro\u00a0 verr\u00e0 \u00a0presentato in maniera originale il volume \u201c<em>Quando il vento soffia forte\u201d<\/em> alla\u00a0 presenza della sua autrice, drammaturga e regista teatrale Rosanna Filomena, giovane scrittrice di Nova Siri, che ha ottenuto\u00a0 prestigiosi riconoscimenti nazionali. Il libro tratta del delicatissimo argomento del femminicidio e contiene due opere teatrali.<\/p>\n<p>L\u2019appuntamento si realizzer\u00e0 attraverso la lettura interpretativa di alcuni brani letti direttamente da alcuni\u00a0 studenti\u00a0 liceali.\u00a0 Tra un brano e l\u2019altro si aprir\u00e0\u00a0 una tavola rotonda con la partecipazione di <strong>Cinzia Vergine<\/strong>, magistrato del Tribunale di Lecce, <strong>Maria Rita Verardo<\/strong>, giudice del Tribunale per i minorenni di Lecce, <strong>Sandra Meo,<\/strong> primo Dirigente della Polizia di Stato della Questura\u00a0 di Lecce, che potranno dialogare con il pubblico presente in sala.\u00a0 Moderer\u00e0 i lavori <strong>Loredana Di Cuonzo<\/strong>, dirigente scolastico del Liceo Classico \u201cG. Palmieri\u201d.<\/p>\n<p>(fonte: comunicato stampa)<\/p>\n<p>\u00a0<\/p>\n<p>\u00a0<\/p>\n<p>\u00a0<\/p>\n","protected":false},"excerpt":{"rendered":"<p>Al via la campagna nazionale \u201cNoiNo.org \u2013 Uomini contro la violenza sulle donne\u201d: anche il sindaco Paolo Perrone ci mette<\/p>\n","protected":false},"author":1,"featured_media":0,"comment_status":"open","ping_status":"open","sticky":false,"template":"","format":"standard","meta":[],"categories":[28],"tags":[],"yoast_head":"<!-- This site is optimized with the Yoast SEO plugin v18.0 - https:\/\/yoast.com\/wordpress\/plugins\/seo\/ -->\n<title>Noino.org. In campo gli uomini contro la violenza sulle donne | Arte e Luoghi<\/title>\n<meta name=\"robots\" content=\"index, follow, max-snippet:-1, max-image-preview:large, max-video-preview:-1\" \/>\n<link rel=\"canonical\" href=\"https:\/\/arteeluoghi.it\/index.php\/2013\/11\/22\/noino-org-in-campo-gli-uomini-contro-la-violenza-sulle-donne\/\" \/>\n<meta property=\"og:locale\" content=\"it_IT\" \/>\n<meta property=\"og:type\" content=\"article\" \/>\n<meta property=\"og:title\" content=\"Noino.org. In campo gli uomini contro la violenza sulle donne | Arte e Luoghi\" \/>\n<meta property=\"og:description\" content=\"Al via la campagna nazionale \u201cNoiNo.org \u2013 Uomini contro la violenza sulle donne\u201d: anche il sindaco Paolo Perrone ci mette\" \/>\n<meta property=\"og:url\" content=\"https:\/\/arteeluoghi.it\/index.php\/2013\/11\/22\/noino-org-in-campo-gli-uomini-contro-la-violenza-sulle-donne\/\" \/>\n<meta property=\"og:site_name\" content=\"Arte e Luoghi\" \/>\n<meta property=\"article:publisher\" content=\"https:\/\/www.facebook.com\/ArteELuoghi\/\" \/>\n<meta property=\"article:published_time\" content=\"2013-11-22T13:08:00+00:00\" \/>\n<meta property=\"og:image\" content=\"https:\/\/arteeluoghi.it\/images\/AdrianaDeSantis034.jpg\" \/>\n<meta name=\"twitter:card\" content=\"summary\" \/>\n<meta name=\"twitter:creator\" content=\"@arteeluoghi\" \/>\n<meta name=\"twitter:site\" content=\"@arteeluoghi\" \/>\n<meta name=\"twitter:label1\" content=\"Scritto da\" \/>\n\t<meta name=\"twitter:data1\" content=\"Staff\" \/>\n\t<meta name=\"twitter:label2\" content=\"Tempo di lettura stimato\" \/>\n\t<meta name=\"twitter:data2\" content=\"3 minuti\" \/>\n<script type=\"application\/ld+json\" class=\"yoast-schema-graph\">{\"@context\":\"https:\/\/schema.org\",\"@graph\":[{\"@type\":\"Organization\",\"@id\":\"https:\/\/arteeluoghi.it\/#organization\",\"name\":\"Arte e Luoghi\",\"url\":\"https:\/\/arteeluoghi.it\/\",\"sameAs\":[\"https:\/\/www.facebook.com\/ArteELuoghi\/\",\"https:\/\/www.instagram.com\/arteeluoghi\/?hl=it\",\"https:\/\/www.youtube.com\/channel\/UCuRVc4JW4-C5sg9rQB-srkw?view_as=subscriber\",\"https:\/\/twitter.com\/arteeluoghi\"],\"logo\":{\"@type\":\"ImageObject\",\"@id\":\"https:\/\/arteeluoghi.it\/#logo\",\"inLanguage\":\"it-IT\",\"url\":\"https:\/\/arteeluoghi.it\/wp-content\/uploads\/2018\/08\/logoinstagramarte.jpg\",\"contentUrl\":\"https:\/\/arteeluoghi.it\/wp-content\/uploads\/2018\/08\/logoinstagramarte.jpg\",\"width\":150,\"height\":150,\"caption\":\"Arte e Luoghi\"},\"image\":{\"@id\":\"https:\/\/arteeluoghi.it\/#logo\"}},{\"@type\":\"WebSite\",\"@id\":\"https:\/\/arteeluoghi.it\/#website\",\"url\":\"https:\/\/arteeluoghi.it\/\",\"name\":\"Arte e Luoghi\",\"description\":\"Mensile di arte, cultura, turismo e curiosit\u00e0\",\"publisher\":{\"@id\":\"https:\/\/arteeluoghi.it\/#organization\"},\"potentialAction\":[{\"@type\":\"SearchAction\",\"target\":{\"@type\":\"EntryPoint\",\"urlTemplate\":\"https:\/\/arteeluoghi.it\/?s={search_term_string}\"},\"query-input\":\"required name=search_term_string\"}],\"inLanguage\":\"it-IT\"},{\"@type\":\"ImageObject\",\"@id\":\"https:\/\/arteeluoghi.it\/index.php\/2013\/11\/22\/noino-org-in-campo-gli-uomini-contro-la-violenza-sulle-donne\/#primaryimage\",\"inLanguage\":\"it-IT\",\"url\":\"\/images\/AdrianaDeSantis034.jpg\",\"contentUrl\":\"\/images\/AdrianaDeSantis034.jpg\"},{\"@type\":\"WebPage\",\"@id\":\"https:\/\/arteeluoghi.it\/index.php\/2013\/11\/22\/noino-org-in-campo-gli-uomini-contro-la-violenza-sulle-donne\/#webpage\",\"url\":\"https:\/\/arteeluoghi.it\/index.php\/2013\/11\/22\/noino-org-in-campo-gli-uomini-contro-la-violenza-sulle-donne\/\",\"name\":\"Noino.org. In campo gli uomini contro la violenza sulle donne | Arte e Luoghi\",\"isPartOf\":{\"@id\":\"https:\/\/arteeluoghi.it\/#website\"},\"primaryImageOfPage\":{\"@id\":\"https:\/\/arteeluoghi.it\/index.php\/2013\/11\/22\/noino-org-in-campo-gli-uomini-contro-la-violenza-sulle-donne\/#primaryimage\"},\"datePublished\":\"2013-11-22T13:08:00+00:00\",\"dateModified\":\"2013-11-22T13:08:00+00:00\",\"breadcrumb\":{\"@id\":\"https:\/\/arteeluoghi.it\/index.php\/2013\/11\/22\/noino-org-in-campo-gli-uomini-contro-la-violenza-sulle-donne\/#breadcrumb\"},\"inLanguage\":\"it-IT\",\"potentialAction\":[{\"@type\":\"ReadAction\",\"target\":[\"https:\/\/arteeluoghi.it\/index.php\/2013\/11\/22\/noino-org-in-campo-gli-uomini-contro-la-violenza-sulle-donne\/\"]}]},{\"@type\":\"BreadcrumbList\",\"@id\":\"https:\/\/arteeluoghi.it\/index.php\/2013\/11\/22\/noino-org-in-campo-gli-uomini-contro-la-violenza-sulle-donne\/#breadcrumb\",\"itemListElement\":[{\"@type\":\"ListItem\",\"position\":1,\"name\":\"Home\",\"item\":\"https:\/\/arteeluoghi.it\/\"},{\"@type\":\"ListItem\",\"position\":2,\"name\":\"Noino.org. In campo gli uomini contro la violenza sulle donne\"}]},{\"@type\":\"Article\",\"@id\":\"https:\/\/arteeluoghi.it\/index.php\/2013\/11\/22\/noino-org-in-campo-gli-uomini-contro-la-violenza-sulle-donne\/#article\",\"isPartOf\":{\"@id\":\"https:\/\/arteeluoghi.it\/index.php\/2013\/11\/22\/noino-org-in-campo-gli-uomini-contro-la-violenza-sulle-donne\/#webpage\"},\"author\":{\"@id\":\"https:\/\/arteeluoghi.it\/#\/schema\/person\/f84e814e36e91e01448ee07eaadd41d4\"},\"headline\":\"Noino.org. In campo gli uomini contro la violenza sulle donne\",\"datePublished\":\"2013-11-22T13:08:00+00:00\",\"dateModified\":\"2013-11-22T13:08:00+00:00\",\"mainEntityOfPage\":{\"@id\":\"https:\/\/arteeluoghi.it\/index.php\/2013\/11\/22\/noino-org-in-campo-gli-uomini-contro-la-violenza-sulle-donne\/#webpage\"},\"wordCount\":625,\"commentCount\":0,\"publisher\":{\"@id\":\"https:\/\/arteeluoghi.it\/#organization\"},\"image\":{\"@id\":\"https:\/\/arteeluoghi.it\/index.php\/2013\/11\/22\/noino-org-in-campo-gli-uomini-contro-la-violenza-sulle-donne\/#primaryimage\"},\"thumbnailUrl\":\"\/images\/AdrianaDeSantis034.jpg\",\"articleSection\":[\"Notizie\"],\"inLanguage\":\"it-IT\",\"potentialAction\":[{\"@type\":\"CommentAction\",\"name\":\"Comment\",\"target\":[\"https:\/\/arteeluoghi.it\/index.php\/2013\/11\/22\/noino-org-in-campo-gli-uomini-contro-la-violenza-sulle-donne\/#respond\"]}]},{\"@type\":\"Person\",\"@id\":\"https:\/\/arteeluoghi.it\/#\/schema\/person\/f84e814e36e91e01448ee07eaadd41d4\",\"name\":\"Staff\",\"image\":{\"@type\":\"ImageObject\",\"@id\":\"https:\/\/arteeluoghi.it\/#personlogo\",\"inLanguage\":\"it-IT\",\"url\":\"https:\/\/secure.gravatar.com\/avatar\/49d2f9e46271bb04e19cebfaf141313a?s=96&d=blank&r=g\",\"contentUrl\":\"https:\/\/secure.gravatar.com\/avatar\/49d2f9e46271bb04e19cebfaf141313a?s=96&d=blank&r=g\",\"caption\":\"Staff\"}}]}<\/script>\n<!-- \/ Yoast SEO plugin. -->","yoast_head_json":{"title":"Noino.org. In campo gli uomini contro la violenza sulle donne | Arte e Luoghi","robots":{"index":"index","follow":"follow","max-snippet":"max-snippet:-1","max-image-preview":"max-image-preview:large","max-video-preview":"max-video-preview:-1"},"canonical":"https:\/\/arteeluoghi.it\/index.php\/2013\/11\/22\/noino-org-in-campo-gli-uomini-contro-la-violenza-sulle-donne\/","og_locale":"it_IT","og_type":"article","og_title":"Noino.org. In campo gli uomini contro la violenza sulle donne | Arte e Luoghi","og_description":"Al via la campagna nazionale \u201cNoiNo.org \u2013 Uomini contro la violenza sulle donne\u201d: anche il sindaco Paolo Perrone ci mette","og_url":"https:\/\/arteeluoghi.it\/index.php\/2013\/11\/22\/noino-org-in-campo-gli-uomini-contro-la-violenza-sulle-donne\/","og_site_name":"Arte e Luoghi","article_publisher":"https:\/\/www.facebook.com\/ArteELuoghi\/","article_published_time":"2013-11-22T13:08:00+00:00","og_image":[{"url":"https:\/\/arteeluoghi.it\/images\/AdrianaDeSantis034.jpg"}],"twitter_card":"summary","twitter_creator":"@arteeluoghi","twitter_site":"@arteeluoghi","twitter_misc":{"Scritto da":"Staff","Tempo di lettura stimato":"3 minuti"},"schema":{"@context":"https:\/\/schema.org","@graph":[{"@type":"Organization","@id":"https:\/\/arteeluoghi.it\/#organization","name":"Arte e Luoghi","url":"https:\/\/arteeluoghi.it\/","sameAs":["https:\/\/www.facebook.com\/ArteELuoghi\/","https:\/\/www.instagram.com\/arteeluoghi\/?hl=it","https:\/\/www.youtube.com\/channel\/UCuRVc4JW4-C5sg9rQB-srkw?view_as=subscriber","https:\/\/twitter.com\/arteeluoghi"],"logo":{"@type":"ImageObject","@id":"https:\/\/arteeluoghi.it\/#logo","inLanguage":"it-IT","url":"https:\/\/arteeluoghi.it\/wp-content\/uploads\/2018\/08\/logoinstagramarte.jpg","contentUrl":"https:\/\/arteeluoghi.it\/wp-content\/uploads\/2018\/08\/logoinstagramarte.jpg","width":150,"height":150,"caption":"Arte e Luoghi"},"image":{"@id":"https:\/\/arteeluoghi.it\/#logo"}},{"@type":"WebSite","@id":"https:\/\/arteeluoghi.it\/#website","url":"https:\/\/arteeluoghi.it\/","name":"Arte e Luoghi","description":"Mensile di arte, cultura, turismo e curiosit\u00e0","publisher":{"@id":"https:\/\/arteeluoghi.it\/#organization"},"potentialAction":[{"@type":"SearchAction","target":{"@type":"EntryPoint","urlTemplate":"https:\/\/arteeluoghi.it\/?s={search_term_string}"},"query-input":"required name=search_term_string"}],"inLanguage":"it-IT"},{"@type":"ImageObject","@id":"https:\/\/arteeluoghi.it\/index.php\/2013\/11\/22\/noino-org-in-campo-gli-uomini-contro-la-violenza-sulle-donne\/#primaryimage","inLanguage":"it-IT","url":"\/images\/AdrianaDeSantis034.jpg","contentUrl":"\/images\/AdrianaDeSantis034.jpg"},{"@type":"WebPage","@id":"https:\/\/arteeluoghi.it\/index.php\/2013\/11\/22\/noino-org-in-campo-gli-uomini-contro-la-violenza-sulle-donne\/#webpage","url":"https:\/\/arteeluoghi.it\/index.php\/2013\/11\/22\/noino-org-in-campo-gli-uomini-contro-la-violenza-sulle-donne\/","name":"Noino.org. In campo gli uomini contro la violenza sulle donne | Arte e Luoghi","isPartOf":{"@id":"https:\/\/arteeluoghi.it\/#website"},"primaryImageOfPage":{"@id":"https:\/\/arteeluoghi.it\/index.php\/2013\/11\/22\/noino-org-in-campo-gli-uomini-contro-la-violenza-sulle-donne\/#primaryimage"},"datePublished":"2013-11-22T13:08:00+00:00","dateModified":"2013-11-22T13:08:00+00:00","breadcrumb":{"@id":"https:\/\/arteeluoghi.it\/index.php\/2013\/11\/22\/noino-org-in-campo-gli-uomini-contro-la-violenza-sulle-donne\/#breadcrumb"},"inLanguage":"it-IT","potentialAction":[{"@type":"ReadAction","target":["https:\/\/arteeluoghi.it\/index.php\/2013\/11\/22\/noino-org-in-campo-gli-uomini-contro-la-violenza-sulle-donne\/"]}]},{"@type":"BreadcrumbList","@id":"https:\/\/arteeluoghi.it\/index.php\/2013\/11\/22\/noino-org-in-campo-gli-uomini-contro-la-violenza-sulle-donne\/#breadcrumb","itemListElement":[{"@type":"ListItem","position":1,"name":"Home","item":"https:\/\/arteeluoghi.it\/"},{"@type":"ListItem","position":2,"name":"Noino.org. In campo gli uomini contro la violenza sulle donne"}]},{"@type":"Article","@id":"https:\/\/arteeluoghi.it\/index.php\/2013\/11\/22\/noino-org-in-campo-gli-uomini-contro-la-violenza-sulle-donne\/#article","isPartOf":{"@id":"https:\/\/arteeluoghi.it\/index.php\/2013\/11\/22\/noino-org-in-campo-gli-uomini-contro-la-violenza-sulle-donne\/#webpage"},"author":{"@id":"https:\/\/arteeluoghi.it\/#\/schema\/person\/f84e814e36e91e01448ee07eaadd41d4"},"headline":"Noino.org. In campo gli uomini contro la violenza sulle donne","datePublished":"2013-11-22T13:08:00+00:00","dateModified":"2013-11-22T13:08:00+00:00","mainEntityOfPage":{"@id":"https:\/\/arteeluoghi.it\/index.php\/2013\/11\/22\/noino-org-in-campo-gli-uomini-contro-la-violenza-sulle-donne\/#webpage"},"wordCount":625,"commentCount":0,"publisher":{"@id":"https:\/\/arteeluoghi.it\/#organization"},"image":{"@id":"https:\/\/arteeluoghi.it\/index.php\/2013\/11\/22\/noino-org-in-campo-gli-uomini-contro-la-violenza-sulle-donne\/#primaryimage"},"thumbnailUrl":"\/images\/AdrianaDeSantis034.jpg","articleSection":["Notizie"],"inLanguage":"it-IT","potentialAction":[{"@type":"CommentAction","name":"Comment","target":["https:\/\/arteeluoghi.it\/index.php\/2013\/11\/22\/noino-org-in-campo-gli-uomini-contro-la-violenza-sulle-donne\/#respond"]}]},{"@type":"Person","@id":"https:\/\/arteeluoghi.it\/#\/schema\/person\/f84e814e36e91e01448ee07eaadd41d4","name":"Staff","image":{"@type":"ImageObject","@id":"https:\/\/arteeluoghi.it\/#personlogo","inLanguage":"it-IT","url":"https:\/\/secure.gravatar.com\/avatar\/49d2f9e46271bb04e19cebfaf141313a?s=96&d=blank&r=g","contentUrl":"https:\/\/secure.gravatar.com\/avatar\/49d2f9e46271bb04e19cebfaf141313a?s=96&d=blank&r=g","caption":"Staff"}}]}},"_links":{"self":[{"href":"https:\/\/arteeluoghi.it\/index.php\/wp-json\/wp\/v2\/posts\/1454"}],"collection":[{"href":"https:\/\/arteeluoghi.it\/index.php\/wp-json\/wp\/v2\/posts"}],"about":[{"href":"https:\/\/arteeluoghi.it\/index.php\/wp-json\/wp\/v2\/types\/post"}],"author":[{"embeddable":true,"href":"https:\/\/arteeluoghi.it\/index.php\/wp-json\/wp\/v2\/users\/1"}],"replies":[{"embeddable":true,"href":"https:\/\/arteeluoghi.it\/index.php\/wp-json\/wp\/v2\/comments?post=1454"}],"version-history":[{"count":0,"href":"https:\/\/arteeluoghi.it\/index.php\/wp-json\/wp\/v2\/posts\/1454\/revisions"}],"wp:attachment":[{"href":"https:\/\/arteeluoghi.it\/index.php\/wp-json\/wp\/v2\/media?parent=1454"}],"wp:term":[{"taxonomy":"category","embeddable":true,"href":"https:\/\/arteeluoghi.it\/index.php\/wp-json\/wp\/v2\/categories?post=1454"},{"taxonomy":"post_tag","embeddable":true,"href":"https:\/\/arteeluoghi.it\/index.php\/wp-json\/wp\/v2\/tags?post=1454"}],"curies":[{"name":"wp","href":"https:\/\/api.w.org\/{rel}","templated":true}]}}