{"id":14545,"date":"2024-06-10T22:04:07","date_gmt":"2024-06-10T20:04:07","guid":{"rendered":"https:\/\/arteeluoghi.it\/?p=14545"},"modified":"2024-06-10T22:04:08","modified_gmt":"2024-06-10T20:04:08","slug":"in-arrivo-il-paf-ovvero-il-palizzi-arte-festival","status":"publish","type":"post","link":"https:\/\/arteeluoghi.it\/index.php\/2024\/06\/10\/in-arrivo-il-paf-ovvero-il-palizzi-arte-festival\/","title":{"rendered":"In arrivo il Paf ovvero il Palizzi Arte Festival"},"content":{"rendered":"\n<blockquote class=\"wp-block-quote is-style-default\"><p>Lo storico giardino del Liceo Artistico Coreutico Musicale \u201cPalizzi\u201d ospiter\u00e0  il 12 e 13 giugno la prima edizione del festival ideato e diretto dall&#8217;attore e regista Gianfranco Gallo e dedicata al poeta e scrittore Libero Bovio<\/p><\/blockquote>\n\n\n\n<p>Mercoled\u00ec e gioved\u00ec prossimi (12 e 13 giugno) il giardino storico del Liceo Artistico Coreutico Musicale \u201cPalizzi\u201d ospiter\u00e0 la prima edizione del PAF &#8211; Palizzi Arte Festival. Ideato e diretto da Gianfranco Gallo, il PAF vuole essere un\u2019opportunit\u00e0 di confronto per gli studenti dei licei artistici e, al contempo, un\u2019occasione per il comparto turistico della citt\u00e0 di Napoli. Il progetto e il programma della prima edizione, dedicata a Libero Bovio, sono stati presentati questa mattina nel corso di una conferenza stampa che si \u00e8 tenuta nella Sala Pignatiello di Palazzo San Giacomo con la partecipazione dell\u2019assessora al Turismo e alle Attivit\u00e0 Produttive del Comune di Napoli Teresa Armato, dell\u2019attore e regista Gianfranco Gallo e del direttore del Polo delle Arti Caselli Palizzi Valter Luca De Bartolomeis. &nbsp;<\/p>\n\n\n\n<!--more-->\n\n\n\n<p>Per ogni edizione, all\u2019inizio dell\u2019anno scolastico la direzione artistica comunicher\u00e0 al Liceo artistico Palizzi di Napoli il nome della personalit\u00e0 del mondo dell\u2019arte o dell\u2019industria campana intorno alla quale lavorare per poi costruire i tre giorni di incontri e spettacoli.&nbsp;<\/p>\n\n\n\n<p>Il Polo Palizzi \u00e8 ubicato nella sede del Museo artistico industriale Filangieri, che molti napoletani ancora non conoscono. Alla fine dei corsi, nel mese di giugno, il giardino storico all\u2019interno del magnifico edificio ospiter\u00e0 gli spettacoli che i ragazzi avranno preparato e performance di professionisti, dedicate al personaggio individuato come protagonista dell\u2019anno. Intenzione futura \u00e8 quella di allargare ad altri licei artistici campani e poi a quelli di tutta Italia la proposta di partecipazione. &nbsp;<\/p>\n\n\n\n<p>Il PAF, coniugando arte, industria e proposta culturale, pu\u00f2 diventare un attrattore turistico al pari di altre manifestazioni di successo con i giovani al centro del progetto.&nbsp; Il valore aggiunto sta nelle opere di cui il Museo Artistico Industriale pu\u00f2 disporre.&nbsp;<\/p>\n\n\n\n<p>Il primo anno del PAF \u00e8 dedicato a Libero Bovio. \u201cSono Libero\u201d \u00e8 un evento che ruota intorno alla figura del poeta, drammaturgo e scrittore Libero Bovio. Gran parte dei pi\u00f9 grandi successi della canzone napoletana \u00e8 stata scritta dalla sua penna: Tu ca nun chiagne (musica di Ernesto De Curtis), Reginella (musica di Gaetano Lama), Chiove, \u2018O Paese d\u2019 \u2018o sole e Lacreme napulitane, solo per ricordarne alcune. &nbsp;<\/p>\n\n\n\n<p>Il PAF &#8211; in collaborazione con l\u2019Istituto Palizzi di Napoli, in cui hanno sede Liceo artistico, Liceo Musicale, Liceo Coreutico e Museo Artistico Industriale &#8211; prevede spettacoli, incontri e concerti che si terranno nel giardino storico dell\u2019edificio di piazzetta Salazar, proprio alle spalle di Piazza del Plebiscito. &nbsp;<\/p>\n\n\n\n<p>Nei due giorni di eventi (mercoled\u00ec 12 giugno dalle ore 16.00 e gioved\u00ec 13 giugno dalle ore 18.00) sar\u00e0 possibile visitare le sale del Museo Artistico Industriale e per la prima volta, in esclusiva, verranno esposti i bozzetti originali di Domenico Morelli relativi ai pannelli maiolicati del museo e i gioielli disegnati da Palizzi a tema naturalistico, che hanno ispirato la spilla realizzata come Premio PAF 2024.&nbsp; &nbsp;<\/p>\n\n\n\n<p>\u201cNapoli \u2013 ha esordito l\u2019assessora Armato \u2013 sta vivendo un risveglio che riguarda l\u2019arte, la cultura e la musica. Al tempo stesso sta dimostrando che pu\u00f2 contenere contemporaneamente grandi eventi come i concerti che si stanno facendo al Maradona e in piazza Plebiscito e progetti di grandezza come il PAF che tiene insieme arte, musica e artigianato di pregio, facendone un percorso di formazione per i ragazzi e coinvolgendo realt\u00e0 scolastiche che sono un vanto per la nostra citt\u00e0\u201d. &nbsp;<\/p>\n\n\n\n<p>\u201cCon questo festival \u2013 ha spiegato Gianfranco Gallo \u2013 vogliamo unire l\u2019attivit\u00e0 degli studenti del liceo artistico in tutte le sue declinazioni con quella di attori e professionisti del settore, creando un\u2019occasione di arricchimento per i ragazzi. Abbiamo unito questo percorso con un premio che non \u00e8 un gesto simbolico come spesso avviene, ma verr\u00e0 consegnato a personaggi che hanno davvero un legame con il protagonista di questa edizione, che \u00e8 Libero Bovio\u201d. &nbsp;<\/p>\n\n\n\n<p>\u201cQuesto festival \u00e8 un\u2019opportunit\u00e0 straordinaria per dei giovani in formazione \u2013 ha sottolineato il direttore De Bartolomeis \u2013 perch\u00e9 entrano in contatto con grandi artisti apprendendo in modo diretto cosa significhi, ad esempio, allestire uno spettacolo. E poi tutti i ragazzi, da quelli che studiano grafica a quelli dei laboratori del gioiello e della ceramica, hanno lavorato insieme: nell\u2019allestimento di questo progetto c\u2019\u00e8 stato un trionfo della creativit\u00e0\u201d.&nbsp;<br><strong><br>Il programma di \u201cSono Libero\u201d&nbsp;<\/strong><\/p>\n\n\n\n<p>Mercoled\u00ec 12 giugno alle ore 17.00 ci sar\u00e0 un live dedicato alla Canzone classica napoletana dal titolo Cu\u2019 \u2018e nastre e cu\u2019 \u2018e rrose tenuto dai ragazzi del liceo musicale e da quelli del coreutico e alle ore 18.00, nell\u2019Aula Magna dell\u2019Istituto, si terr\u00e0 il \u201cConcerto per don Liberato\u201d del pianista Luigi Esposito accompagnato da Emiliano Barrella alle percussioni.&nbsp;<\/p>\n\n\n\n<p>Gioved\u00ec alle ore 20.30 si terr\u00e0 il Premio PAF 2024 durante il quale saranno premiate alcune personalit\u00e0 per la loro attivit\u00e0 legata alla canzone napoletana, a Libero Bovio e al mondo giovanile. Ricever\u00e0 il premio l\u2019attore e cantante Ciro Capano, ultimo erede della parte pi\u00f9 sanguigna e passionale del repertorio di Bovio, da Zappatore a Lacrime napulitane, da Pupatella a Brinnese. Capano per l\u2019occasione interpreter\u00e0 tre brani del poeta. Gli altri premiati sono: Roberto Colella del gruppo musicale La Maschera; Antonella Fracchiolla, giornalista RAI; Luisa Franzese, direttore generale dell\u2019Ufficio scolastico regionale; l\u2019attore e drammaturgo Peppe Lanzetta. Il Premio consiste in una spilla in ceramica e oro realizzata dagli studenti del Palizzi dei corsi di Ceramica e di Orafo che hanno voluto chiamare Cu\u2019\u2019e nastre e cu\u2019\u2019e rose, ispirandosi alla celebre canzone Reginella di Libero Bovio.&nbsp;<\/p>\n\n\n\n<p>Le serate saranno presentate dall\u2019attrice Rosaria De Cicco.&nbsp;<\/p>\n\n\n\n<p>La due giorni dedicata a Libero Bovio culminer\u00e0 gioved\u00ec 13 giugno alle ore 21.15 con la rappresentazione dello spettacolo teatrale e musicale Reginella&#8230;sono Libero che vedr\u00e0 in sena Gianfranco Gallo con la sua compagnia di 10 performer e con la partecipazione del percussionista Ciccio Merolla. &nbsp;<\/p>\n\n\n\n<p>Tutti gli eventi sono a ingresso gratuito fino a esaurimento posti.<\/p>\n\n\n\n<p>(fonte: comunicato stampa)<\/p>\n","protected":false},"excerpt":{"rendered":"<p>Lo storico giardino del Liceo Artistico Coreutico Musicale \u201cPalizzi\u201d ospiter\u00e0 il 12 e 13 giugno la prima edizione del festival<\/p>\n","protected":false},"author":1,"featured_media":14546,"comment_status":"open","ping_status":"open","sticky":true,"template":"","format":"standard","meta":[],"categories":[27,3,13],"tags":[],"yoast_head":"<!-- This site is optimized with the Yoast SEO plugin v18.0 - https:\/\/yoast.com\/wordpress\/plugins\/seo\/ -->\n<title>In arrivo il Paf ovvero il Palizzi Arte Festival | Arte e Luoghi<\/title>\n<meta name=\"description\" content=\"Lo storico giardino del Liceo Artistico Coreutico Musicale \u201cPalizzi\u201d ospiter\u00e0 il 12 e 13 giugno la prima edizione del festival ideato\" \/>\n<meta name=\"robots\" content=\"index, follow, max-snippet:-1, max-image-preview:large, max-video-preview:-1\" \/>\n<link rel=\"canonical\" href=\"https:\/\/arteeluoghi.it\/index.php\/2024\/06\/10\/in-arrivo-il-paf-ovvero-il-palizzi-arte-festival\/\" \/>\n<meta property=\"og:locale\" content=\"it_IT\" \/>\n<meta property=\"og:type\" content=\"article\" \/>\n<meta property=\"og:title\" content=\"In arrivo il Paf ovvero il Palizzi Arte Festival | Arte e Luoghi\" \/>\n<meta property=\"og:description\" content=\"Lo storico giardino del Liceo Artistico Coreutico Musicale \u201cPalizzi\u201d ospiter\u00e0 il 12 e 13 giugno la prima edizione del festival ideato\" \/>\n<meta property=\"og:url\" content=\"https:\/\/arteeluoghi.it\/index.php\/2024\/06\/10\/in-arrivo-il-paf-ovvero-il-palizzi-arte-festival\/\" \/>\n<meta property=\"og:site_name\" content=\"Arte e Luoghi\" \/>\n<meta property=\"article:publisher\" content=\"https:\/\/www.facebook.com\/ArteELuoghi\/\" \/>\n<meta property=\"article:published_time\" content=\"2024-06-10T20:04:07+00:00\" \/>\n<meta property=\"article:modified_time\" content=\"2024-06-10T20:04:08+00:00\" \/>\n<meta property=\"og:image\" content=\"https:\/\/arteeluoghi.it\/wp-content\/uploads\/2024\/06\/6.jpg\" \/>\n\t<meta property=\"og:image:width\" content=\"1600\" \/>\n\t<meta property=\"og:image:height\" content=\"996\" \/>\n\t<meta property=\"og:image:type\" content=\"image\/jpeg\" \/>\n<meta name=\"twitter:card\" content=\"summary\" \/>\n<meta name=\"twitter:creator\" content=\"@arteeluoghi\" \/>\n<meta name=\"twitter:site\" content=\"@arteeluoghi\" \/>\n<meta name=\"twitter:label1\" content=\"Scritto da\" \/>\n\t<meta name=\"twitter:data1\" content=\"Staff\" \/>\n\t<meta name=\"twitter:label2\" content=\"Tempo di lettura stimato\" \/>\n\t<meta name=\"twitter:data2\" content=\"6 minuti\" \/>\n<script type=\"application\/ld+json\" class=\"yoast-schema-graph\">{\"@context\":\"https:\/\/schema.org\",\"@graph\":[{\"@type\":\"Organization\",\"@id\":\"https:\/\/arteeluoghi.it\/#organization\",\"name\":\"Arte e Luoghi\",\"url\":\"https:\/\/arteeluoghi.it\/\",\"sameAs\":[\"https:\/\/www.facebook.com\/ArteELuoghi\/\",\"https:\/\/www.instagram.com\/arteeluoghi\/?hl=it\",\"https:\/\/www.youtube.com\/channel\/UCuRVc4JW4-C5sg9rQB-srkw?view_as=subscriber\",\"https:\/\/twitter.com\/arteeluoghi\"],\"logo\":{\"@type\":\"ImageObject\",\"@id\":\"https:\/\/arteeluoghi.it\/#logo\",\"inLanguage\":\"it-IT\",\"url\":\"https:\/\/arteeluoghi.it\/wp-content\/uploads\/2018\/08\/logoinstagramarte.jpg\",\"contentUrl\":\"https:\/\/arteeluoghi.it\/wp-content\/uploads\/2018\/08\/logoinstagramarte.jpg\",\"width\":150,\"height\":150,\"caption\":\"Arte e Luoghi\"},\"image\":{\"@id\":\"https:\/\/arteeluoghi.it\/#logo\"}},{\"@type\":\"WebSite\",\"@id\":\"https:\/\/arteeluoghi.it\/#website\",\"url\":\"https:\/\/arteeluoghi.it\/\",\"name\":\"Arte e Luoghi\",\"description\":\"Mensile di arte, cultura, turismo e curiosit\u00e0\",\"publisher\":{\"@id\":\"https:\/\/arteeluoghi.it\/#organization\"},\"potentialAction\":[{\"@type\":\"SearchAction\",\"target\":{\"@type\":\"EntryPoint\",\"urlTemplate\":\"https:\/\/arteeluoghi.it\/?s={search_term_string}\"},\"query-input\":\"required name=search_term_string\"}],\"inLanguage\":\"it-IT\"},{\"@type\":\"ImageObject\",\"@id\":\"https:\/\/arteeluoghi.it\/index.php\/2024\/06\/10\/in-arrivo-il-paf-ovvero-il-palizzi-arte-festival\/#primaryimage\",\"inLanguage\":\"it-IT\",\"url\":\"https:\/\/arteeluoghi.it\/wp-content\/uploads\/2024\/06\/6.jpg\",\"contentUrl\":\"https:\/\/arteeluoghi.it\/wp-content\/uploads\/2024\/06\/6.jpg\",\"width\":1600,\"height\":996},{\"@type\":\"WebPage\",\"@id\":\"https:\/\/arteeluoghi.it\/index.php\/2024\/06\/10\/in-arrivo-il-paf-ovvero-il-palizzi-arte-festival\/#webpage\",\"url\":\"https:\/\/arteeluoghi.it\/index.php\/2024\/06\/10\/in-arrivo-il-paf-ovvero-il-palizzi-arte-festival\/\",\"name\":\"In arrivo il Paf ovvero il Palizzi Arte Festival | Arte e Luoghi\",\"isPartOf\":{\"@id\":\"https:\/\/arteeluoghi.it\/#website\"},\"primaryImageOfPage\":{\"@id\":\"https:\/\/arteeluoghi.it\/index.php\/2024\/06\/10\/in-arrivo-il-paf-ovvero-il-palizzi-arte-festival\/#primaryimage\"},\"datePublished\":\"2024-06-10T20:04:07+00:00\",\"dateModified\":\"2024-06-10T20:04:08+00:00\",\"description\":\"Lo storico giardino del Liceo Artistico Coreutico Musicale \u201cPalizzi\u201d ospiter\u00e0 il 12 e 13 giugno la prima edizione del festival ideato\",\"breadcrumb\":{\"@id\":\"https:\/\/arteeluoghi.it\/index.php\/2024\/06\/10\/in-arrivo-il-paf-ovvero-il-palizzi-arte-festival\/#breadcrumb\"},\"inLanguage\":\"it-IT\",\"potentialAction\":[{\"@type\":\"ReadAction\",\"target\":[\"https:\/\/arteeluoghi.it\/index.php\/2024\/06\/10\/in-arrivo-il-paf-ovvero-il-palizzi-arte-festival\/\"]}]},{\"@type\":\"BreadcrumbList\",\"@id\":\"https:\/\/arteeluoghi.it\/index.php\/2024\/06\/10\/in-arrivo-il-paf-ovvero-il-palizzi-arte-festival\/#breadcrumb\",\"itemListElement\":[{\"@type\":\"ListItem\",\"position\":1,\"name\":\"Home\",\"item\":\"https:\/\/arteeluoghi.it\/\"},{\"@type\":\"ListItem\",\"position\":2,\"name\":\"In arrivo il Paf ovvero il Palizzi Arte Festival\"}]},{\"@type\":\"Article\",\"@id\":\"https:\/\/arteeluoghi.it\/index.php\/2024\/06\/10\/in-arrivo-il-paf-ovvero-il-palizzi-arte-festival\/#article\",\"isPartOf\":{\"@id\":\"https:\/\/arteeluoghi.it\/index.php\/2024\/06\/10\/in-arrivo-il-paf-ovvero-il-palizzi-arte-festival\/#webpage\"},\"author\":{\"@id\":\"https:\/\/arteeluoghi.it\/#\/schema\/person\/f84e814e36e91e01448ee07eaadd41d4\"},\"headline\":\"In arrivo il Paf ovvero il Palizzi Arte Festival\",\"datePublished\":\"2024-06-10T20:04:07+00:00\",\"dateModified\":\"2024-06-10T20:04:08+00:00\",\"mainEntityOfPage\":{\"@id\":\"https:\/\/arteeluoghi.it\/index.php\/2024\/06\/10\/in-arrivo-il-paf-ovvero-il-palizzi-arte-festival\/#webpage\"},\"wordCount\":1008,\"commentCount\":0,\"publisher\":{\"@id\":\"https:\/\/arteeluoghi.it\/#organization\"},\"image\":{\"@id\":\"https:\/\/arteeluoghi.it\/index.php\/2024\/06\/10\/in-arrivo-il-paf-ovvero-il-palizzi-arte-festival\/#primaryimage\"},\"thumbnailUrl\":\"https:\/\/arteeluoghi.it\/wp-content\/uploads\/2024\/06\/6.jpg\",\"articleSection\":[\"Arte\",\"Arti visive\",\"teatro\"],\"inLanguage\":\"it-IT\",\"potentialAction\":[{\"@type\":\"CommentAction\",\"name\":\"Comment\",\"target\":[\"https:\/\/arteeluoghi.it\/index.php\/2024\/06\/10\/in-arrivo-il-paf-ovvero-il-palizzi-arte-festival\/#respond\"]}]},{\"@type\":\"Person\",\"@id\":\"https:\/\/arteeluoghi.it\/#\/schema\/person\/f84e814e36e91e01448ee07eaadd41d4\",\"name\":\"Staff\",\"image\":{\"@type\":\"ImageObject\",\"@id\":\"https:\/\/arteeluoghi.it\/#personlogo\",\"inLanguage\":\"it-IT\",\"url\":\"https:\/\/secure.gravatar.com\/avatar\/49d2f9e46271bb04e19cebfaf141313a?s=96&d=blank&r=g\",\"contentUrl\":\"https:\/\/secure.gravatar.com\/avatar\/49d2f9e46271bb04e19cebfaf141313a?s=96&d=blank&r=g\",\"caption\":\"Staff\"}}]}<\/script>\n<!-- \/ Yoast SEO plugin. -->","yoast_head_json":{"title":"In arrivo il Paf ovvero il Palizzi Arte Festival | Arte e Luoghi","description":"Lo storico giardino del Liceo Artistico Coreutico Musicale \u201cPalizzi\u201d ospiter\u00e0 il 12 e 13 giugno la prima edizione del festival ideato","robots":{"index":"index","follow":"follow","max-snippet":"max-snippet:-1","max-image-preview":"max-image-preview:large","max-video-preview":"max-video-preview:-1"},"canonical":"https:\/\/arteeluoghi.it\/index.php\/2024\/06\/10\/in-arrivo-il-paf-ovvero-il-palizzi-arte-festival\/","og_locale":"it_IT","og_type":"article","og_title":"In arrivo il Paf ovvero il Palizzi Arte Festival | Arte e Luoghi","og_description":"Lo storico giardino del Liceo Artistico Coreutico Musicale \u201cPalizzi\u201d ospiter\u00e0 il 12 e 13 giugno la prima edizione del festival ideato","og_url":"https:\/\/arteeluoghi.it\/index.php\/2024\/06\/10\/in-arrivo-il-paf-ovvero-il-palizzi-arte-festival\/","og_site_name":"Arte e Luoghi","article_publisher":"https:\/\/www.facebook.com\/ArteELuoghi\/","article_published_time":"2024-06-10T20:04:07+00:00","article_modified_time":"2024-06-10T20:04:08+00:00","og_image":[{"width":1600,"height":996,"url":"https:\/\/arteeluoghi.it\/wp-content\/uploads\/2024\/06\/6.jpg","type":"image\/jpeg"}],"twitter_card":"summary","twitter_creator":"@arteeluoghi","twitter_site":"@arteeluoghi","twitter_misc":{"Scritto da":"Staff","Tempo di lettura stimato":"6 minuti"},"schema":{"@context":"https:\/\/schema.org","@graph":[{"@type":"Organization","@id":"https:\/\/arteeluoghi.it\/#organization","name":"Arte e Luoghi","url":"https:\/\/arteeluoghi.it\/","sameAs":["https:\/\/www.facebook.com\/ArteELuoghi\/","https:\/\/www.instagram.com\/arteeluoghi\/?hl=it","https:\/\/www.youtube.com\/channel\/UCuRVc4JW4-C5sg9rQB-srkw?view_as=subscriber","https:\/\/twitter.com\/arteeluoghi"],"logo":{"@type":"ImageObject","@id":"https:\/\/arteeluoghi.it\/#logo","inLanguage":"it-IT","url":"https:\/\/arteeluoghi.it\/wp-content\/uploads\/2018\/08\/logoinstagramarte.jpg","contentUrl":"https:\/\/arteeluoghi.it\/wp-content\/uploads\/2018\/08\/logoinstagramarte.jpg","width":150,"height":150,"caption":"Arte e Luoghi"},"image":{"@id":"https:\/\/arteeluoghi.it\/#logo"}},{"@type":"WebSite","@id":"https:\/\/arteeluoghi.it\/#website","url":"https:\/\/arteeluoghi.it\/","name":"Arte e Luoghi","description":"Mensile di arte, cultura, turismo e curiosit\u00e0","publisher":{"@id":"https:\/\/arteeluoghi.it\/#organization"},"potentialAction":[{"@type":"SearchAction","target":{"@type":"EntryPoint","urlTemplate":"https:\/\/arteeluoghi.it\/?s={search_term_string}"},"query-input":"required name=search_term_string"}],"inLanguage":"it-IT"},{"@type":"ImageObject","@id":"https:\/\/arteeluoghi.it\/index.php\/2024\/06\/10\/in-arrivo-il-paf-ovvero-il-palizzi-arte-festival\/#primaryimage","inLanguage":"it-IT","url":"https:\/\/arteeluoghi.it\/wp-content\/uploads\/2024\/06\/6.jpg","contentUrl":"https:\/\/arteeluoghi.it\/wp-content\/uploads\/2024\/06\/6.jpg","width":1600,"height":996},{"@type":"WebPage","@id":"https:\/\/arteeluoghi.it\/index.php\/2024\/06\/10\/in-arrivo-il-paf-ovvero-il-palizzi-arte-festival\/#webpage","url":"https:\/\/arteeluoghi.it\/index.php\/2024\/06\/10\/in-arrivo-il-paf-ovvero-il-palizzi-arte-festival\/","name":"In arrivo il Paf ovvero il Palizzi Arte Festival | Arte e Luoghi","isPartOf":{"@id":"https:\/\/arteeluoghi.it\/#website"},"primaryImageOfPage":{"@id":"https:\/\/arteeluoghi.it\/index.php\/2024\/06\/10\/in-arrivo-il-paf-ovvero-il-palizzi-arte-festival\/#primaryimage"},"datePublished":"2024-06-10T20:04:07+00:00","dateModified":"2024-06-10T20:04:08+00:00","description":"Lo storico giardino del Liceo Artistico Coreutico Musicale \u201cPalizzi\u201d ospiter\u00e0 il 12 e 13 giugno la prima edizione del festival ideato","breadcrumb":{"@id":"https:\/\/arteeluoghi.it\/index.php\/2024\/06\/10\/in-arrivo-il-paf-ovvero-il-palizzi-arte-festival\/#breadcrumb"},"inLanguage":"it-IT","potentialAction":[{"@type":"ReadAction","target":["https:\/\/arteeluoghi.it\/index.php\/2024\/06\/10\/in-arrivo-il-paf-ovvero-il-palizzi-arte-festival\/"]}]},{"@type":"BreadcrumbList","@id":"https:\/\/arteeluoghi.it\/index.php\/2024\/06\/10\/in-arrivo-il-paf-ovvero-il-palizzi-arte-festival\/#breadcrumb","itemListElement":[{"@type":"ListItem","position":1,"name":"Home","item":"https:\/\/arteeluoghi.it\/"},{"@type":"ListItem","position":2,"name":"In arrivo il Paf ovvero il Palizzi Arte Festival"}]},{"@type":"Article","@id":"https:\/\/arteeluoghi.it\/index.php\/2024\/06\/10\/in-arrivo-il-paf-ovvero-il-palizzi-arte-festival\/#article","isPartOf":{"@id":"https:\/\/arteeluoghi.it\/index.php\/2024\/06\/10\/in-arrivo-il-paf-ovvero-il-palizzi-arte-festival\/#webpage"},"author":{"@id":"https:\/\/arteeluoghi.it\/#\/schema\/person\/f84e814e36e91e01448ee07eaadd41d4"},"headline":"In arrivo il Paf ovvero il Palizzi Arte Festival","datePublished":"2024-06-10T20:04:07+00:00","dateModified":"2024-06-10T20:04:08+00:00","mainEntityOfPage":{"@id":"https:\/\/arteeluoghi.it\/index.php\/2024\/06\/10\/in-arrivo-il-paf-ovvero-il-palizzi-arte-festival\/#webpage"},"wordCount":1008,"commentCount":0,"publisher":{"@id":"https:\/\/arteeluoghi.it\/#organization"},"image":{"@id":"https:\/\/arteeluoghi.it\/index.php\/2024\/06\/10\/in-arrivo-il-paf-ovvero-il-palizzi-arte-festival\/#primaryimage"},"thumbnailUrl":"https:\/\/arteeluoghi.it\/wp-content\/uploads\/2024\/06\/6.jpg","articleSection":["Arte","Arti visive","teatro"],"inLanguage":"it-IT","potentialAction":[{"@type":"CommentAction","name":"Comment","target":["https:\/\/arteeluoghi.it\/index.php\/2024\/06\/10\/in-arrivo-il-paf-ovvero-il-palizzi-arte-festival\/#respond"]}]},{"@type":"Person","@id":"https:\/\/arteeluoghi.it\/#\/schema\/person\/f84e814e36e91e01448ee07eaadd41d4","name":"Staff","image":{"@type":"ImageObject","@id":"https:\/\/arteeluoghi.it\/#personlogo","inLanguage":"it-IT","url":"https:\/\/secure.gravatar.com\/avatar\/49d2f9e46271bb04e19cebfaf141313a?s=96&d=blank&r=g","contentUrl":"https:\/\/secure.gravatar.com\/avatar\/49d2f9e46271bb04e19cebfaf141313a?s=96&d=blank&r=g","caption":"Staff"}}]}},"_links":{"self":[{"href":"https:\/\/arteeluoghi.it\/index.php\/wp-json\/wp\/v2\/posts\/14545"}],"collection":[{"href":"https:\/\/arteeluoghi.it\/index.php\/wp-json\/wp\/v2\/posts"}],"about":[{"href":"https:\/\/arteeluoghi.it\/index.php\/wp-json\/wp\/v2\/types\/post"}],"author":[{"embeddable":true,"href":"https:\/\/arteeluoghi.it\/index.php\/wp-json\/wp\/v2\/users\/1"}],"replies":[{"embeddable":true,"href":"https:\/\/arteeluoghi.it\/index.php\/wp-json\/wp\/v2\/comments?post=14545"}],"version-history":[{"count":1,"href":"https:\/\/arteeluoghi.it\/index.php\/wp-json\/wp\/v2\/posts\/14545\/revisions"}],"predecessor-version":[{"id":14547,"href":"https:\/\/arteeluoghi.it\/index.php\/wp-json\/wp\/v2\/posts\/14545\/revisions\/14547"}],"wp:featuredmedia":[{"embeddable":true,"href":"https:\/\/arteeluoghi.it\/index.php\/wp-json\/wp\/v2\/media\/14546"}],"wp:attachment":[{"href":"https:\/\/arteeluoghi.it\/index.php\/wp-json\/wp\/v2\/media?parent=14545"}],"wp:term":[{"taxonomy":"category","embeddable":true,"href":"https:\/\/arteeluoghi.it\/index.php\/wp-json\/wp\/v2\/categories?post=14545"},{"taxonomy":"post_tag","embeddable":true,"href":"https:\/\/arteeluoghi.it\/index.php\/wp-json\/wp\/v2\/tags?post=14545"}],"curies":[{"name":"wp","href":"https:\/\/api.w.org\/{rel}","templated":true}]}}