{"id":14629,"date":"2024-07-08T14:34:40","date_gmt":"2024-07-08T12:34:40","guid":{"rendered":"https:\/\/arteeluoghi.it\/?p=14629"},"modified":"2024-07-08T15:12:53","modified_gmt":"2024-07-08T13:12:53","slug":"intervista-a-isabella-briganti-premio-lu-mieere-cinema-2024","status":"publish","type":"post","link":"https:\/\/arteeluoghi.it\/index.php\/2024\/07\/08\/intervista-a-isabella-briganti-premio-lu-mieere-cinema-2024\/","title":{"rendered":"Intervista a Isabella Briganti, Premio L\u00f9 Mi\u00e8re calicidicinema 2024"},"content":{"rendered":"\n<blockquote class=\"wp-block-quote is-style-default\"><p>L&#8217;attrice romana \u00e8 stata la protagonista della serata di premiazione del decennale L\u00f9 Mi\u00e8re calici di cinema ideato da Antonio Manzo. La manifestazione si \u00e8 svolta a Lecce domenica 7 luglio nella suggestiva corte di Palazzo Brunetti. Abbiamo incontrato Isabella Briganti  alla vigilia del Premio per parlare  di cinema, il suo nuovo film Holy&nbsp;Shoes, diretto dal regista Luigi Di Capua \u00e8 uscito nelle sale cinematografiche lo scorso 4 luglio e probabilmente in primavera la rivedremo sul grande schermo con il film &#8220;Cuori di carta&#8221; della regista Kristina Sarkyte, interamente girato nel Salento. Ma anche di viaggi di formazione, soprattutto in India, di scelte di vita. Una persona autentica e sensibile, un&#8217;attrice che mette l&#8217;anima nei personaggi che interpreta come in tutto ci\u00f2 che vive<\/p><cite><strong>Antonietta Fulvio<\/strong><\/cite><\/blockquote>\n\n\n\n<p><\/p>\n\n\n\n<p><strong>Una carriera lunga sedici anni, tantissimi personaggi, quando e come incontra il cinema<\/strong> <strong>Isabella Briganti<\/strong><\/p>\n\n\n\n<p><em>Il cinema \u00e8 sempre stata una passione e ci arrivo perch\u00e9 cresco con Nonna Marcella che, pur non essendo stata un\u2019attrice, lo era nel temperamento. Per un periodo della sua vita si era trovata a frequentare Anna Magnani perch\u00e9 la sua mamma insieme a mia zia avevano una tintoria e la Magnani voleva che ad occuparsi delle cose che la riguardavano fosse proprio la mia bisnonna e quando per qualche ragione lei non poteva andare preferiva mia nonna Marcella.&nbsp; Nacque un grande afflato tra lei e la Magnani anche perch\u00e9 mia nonna \u00e8 stata tra le prime donne ad occupare le case popolari e quando Anna Magnani si trov\u00f2 a dover interpretare l\u2019onorevole Angelina quale miglior fonte di ispirazione se non mia nonna che incarnava i personaggi meravigliosi del neorealismo. &nbsp;Quindi nonna Marcella mi ha spinta molto, mi ha come addestrata, ricordo che da piccolissima alla domanda \u201ccosa vuoi fare da grande\u201d io dovevo rispondere l\u2019attrice, non avrei potuto fare altro. Suo padre, un uomo molto severo fra quelli che ritenevano il cinema un luogo di perdizione, non la mandava nemmeno a ballare con le amiche, e quando nasce mia madre ci prova ma anche mio nonno aveva lo stesso rigore e non le permise nemmeno di partecipare al concorso di Miss Italia pur essendo stata scelta. Quando sono nata io, invece, i tempi erano cambiati, i miei genitori erano molto giovani e distratti da tante altre cose e lei con me ha avuto carta bianca. Avr\u00e0 detto fra s\u00e9 \u201cquesta non mi scappa\u201d &nbsp;e, in fondo, nonna Marcella \u00e8 stata una specie di promoter, non so, andava dal parrucchiere incontrava Lella Costa e le parlava di me e mi faceva conoscere, era una forza della natura. &nbsp;<\/em><\/p>\n\n\n\n<!--more-->\n\n\n\n<p><strong>Ma probabilmente aveva intuito e visto delle qualit\u00e0 in lei, \u00e8 stata lungimirante\u2026<\/strong><\/p>\n\n\n\n<p><em>Penso che in lei era talmente vivo questo fuoco che anche se non ci fossero state le avrebbe comunque viste, indubbiamente, a parte il famoso detto \u201cOgni scarrafone \u00e8 bell\u2019a mamma soja\u201d.<\/em><\/p>\n\n\n\n<p><strong>Dove \u00e8 nata Isabella?<\/strong><\/p>\n\n\n\n<p><em>Sono nata a Roma per\u00f2 nelle mie vene scorre anche un po\u2019 di pummarole \u2018ncoppe, dico io.<\/em> <em>Mio padre e tutta la sua famiglia sono di Napoli\u2026<\/em><\/p>\n\n\n\n<p><strong>Ha ereditato il bello della romanit\u00e0 e della napoletanit\u00e0 allora\u2026<\/strong><\/p>\n\n\n\n<p><em>In me c\u2019\u00e8 un grande mix, in realt\u00e0 devo dirle che mi sento figlia del mondo, ci sono tanti posti in cui mi sono sentita a casa nella mia vita: in India dove sono stata per tanti anni in viaggio e ho studiato qualcosa che \u00e8 stato molto importante per me come la filosofia orientale, la meditazione, l\u2019Hatha Yoga di scuola tibetana, l\u2019incontro con i maestri per\u00f2 anche in Egitto\u2026 ci sono dei posti che ho visitato e in cui mi sono sentita subito a casa.<\/em><\/p>\n\n\n\n<p><strong>Secondo lei che cos\u2019\u00e8 che fa sentire a casa?<\/strong><\/p>\n\n\n\n<p><em>Intanto energeticamente ci\u00f2 che avverti come calore della gente del luogo. Lo senti se sei amata, accettata, gradita anche se entri e nessuno ti conosce. Ci sono delle sensazioni che vanno al di l\u00e0 della razionalit\u00e0. Quando per esempio mi capita di stare a Napoli \u00e8 facile, per\u00f2 non \u00e8 che per tutti \u00e8 la stessa cosa. La necessit\u00e0 di stare in ascolto nasce anche perch\u00e9 Roma \u00e8 una citt\u00e0 molto caotica e purtroppo nel caos si sopravvive, per me chi pu\u00f2 vivere una vita semplice a contatto con la natura \u00e8 un uomo fortunato.<\/em><\/p>\n\n\n\n<p><strong>Come arriva il suo primo film?<\/strong><\/p>\n\n\n\n<p><em>Arriva con un provino, mi scelgono per \u201cBreakfast with Dracula\u201d &nbsp;di Fabrizio De Angelis, un genere horror, ancora ricordo la scena di me che correvo con una bellissima vestaglia di pizzo con Dracula alle calcagna. Per\u00f2 come sempre questo lavoro ti aiuta a metterti a nudo, alla prova. Davanti ad una macchina da presa che ti guarda, improvvisamente sei molto pi\u00f9 scoperta e vulnerabile che nella vita. \u00c8 pazzesco ma nella vita portiamo molte pi\u00f9 maschere e poi quando ci troviamo davanti ad una telecamera si vede molto che cosa emani ed esprimi. Tutto questo mi affascinava perch\u00e9 l\u2019ho percepito come uno strumento per conoscermi meglio.<\/em><\/p>\n\n\n\n<style id=\"bwg-style-0\">  #bwg_container1_0 {    display: table;\t\/*visibility: hidden;*\/  }  #bwg_container1_0 * {\t  -moz-user-select: none;\t  -khtml-user-select: none;\t  -webkit-user-select: none;\t  -ms-user-select: none;\t  user-select: none;  }  #bwg_container1_0 #bwg_container2_0 .bwg_slideshow_image_wrap_0 {\t  background-color: #000000;\t  width: 800px;\t  height: 500px;  }  #bwg_container1_0 #bwg_container2_0 .bwg_slideshow_image_0 {\t  max-width: 800px;\t  max-height: 410px;  }  #bwg_container1_0 #bwg_container2_0 .bwg_slideshow_embed_0 {    width: 800px;    height: 410px;  }  #bwg_container1_0 #bwg_container2_0 #bwg_slideshow_play_pause_0 {\t  background: transparent url(\"https:\/\/arteeluoghi.it\/wp-content\/plugins\/photo-gallery\/images\/blank.gif\") repeat scroll 0 0;  }  #bwg_container1_0 #bwg_container2_0 #bwg_slideshow_play_pause-ico_0 {    color: #FFFFFF;    font-size: 60px;  }  #bwg_container1_0 #bwg_container2_0 #bwg_slideshow_play_pause-ico_0:hover {\t  color: #CCCCCC;  }  #bwg_container1_0 #bwg_container2_0 #spider_slideshow_left_0,  #bwg_container1_0 #bwg_container2_0 #spider_slideshow_right_0 {\t  background: transparent url(\"https:\/\/arteeluoghi.it\/wp-content\/plugins\/photo-gallery\/images\/blank.gif\") repeat scroll 0 0;  }  #bwg_container1_0 #bwg_container2_0 #spider_slideshow_left-ico_0,  #bwg_container1_0 #bwg_container2_0 #spider_slideshow_right-ico_0 {\t  background-color: #000000;\t  border-radius: 20px;\t  border: 0px none #FFFFFF;\t  box-shadow: 0px 0px 0px #000000;\t  color: #FFFFFF;\t  height: 40px;\t  font-size: 20px;\t  width: 40px;\t  opacity: 1.00;  }  #bwg_container1_0 #bwg_container2_0 #spider_slideshow_left-ico_0:hover,  #bwg_container1_0 #bwg_container2_0 #spider_slideshow_right-ico_0:hover {\t  color: #CCCCCC;  }      #spider_slideshow_left-ico_0{      left: -9999px;    }    #spider_slideshow_right-ico_0{      left: -9999px;    }      #bwg_container1_0 #bwg_container2_0 .bwg_slideshow_image_container_0 {\t  top: 90px;\t  width: 800px;\t  height: 500px;\t}\t#bwg_container1_0 #bwg_container2_0 .bwg_slideshow_filmstrip_container_0 {\t  display: table;\t  height: 90px;\t  width: 800px;\t  top: 0;  }  \/* Filmstrip dimension *\/  #bwg_container1_0 #bwg_container2_0 .bwg_slideshow_filmstrip_0 {\t  left: 20px;\t  width: 760px;\t  \/*z-index: 10106;*\/  }  #bwg_container1_0 #bwg_container2_0 .bwg_slideshow_filmstrip_thumbnails_0 {    left: 0px;    width: 1630px;    height: 90px;  }  #bwg_container1_0 #bwg_container2_0 .bwg_slideshow_filmstrip_thumbnail_0 {    width: 161px;    height: 90px;    margin: 0 1px;    border: 1px solid #000000;    border-radius: 0;  }  #bwg_container1_0 #bwg_container2_0 .bwg_slideshow_thumb_active_0 {\t  border: 0px solid #FFFFFF;  }  #bwg_container1_0 #bwg_container2_0 .bwg_slideshow_thumb_deactive_0 {    opacity: 0.80;  }  #bwg_container1_0 #bwg_container2_0 .bwg_slideshow_filmstrip_left_0,  #bwg_container1_0 #bwg_container2_0 .bwg_slideshow_filmstrip_left_disabled_0 {\t  background-color: #3B3B3B;\t  display: table-cell;\t  width: 20px;\t  left: 0;\t  \t    }  #bwg_container1_0 #bwg_container2_0 .bwg_slideshow_filmstrip_right_0,  #bwg_container1_0 #bwg_container2_0 .bwg_slideshow_filmstrip_right_disabled_0 {\t  background-color: #3B3B3B;    display: table-cell;    right: 0;\t  width: 20px;\t  \t    }  #bwg_container1_0 #bwg_container2_0 .bwg_slideshow_filmstrip_left_0 i,  #bwg_container1_0 #bwg_container2_0 .bwg_slideshow_filmstrip_right_0 i,  #bwg_container1_0 #bwg_container2_0 .bwg_slideshow_filmstrip_left_disabled_0 i,  #bwg_container1_0 #bwg_container2_0 .bwg_slideshow_filmstrip_right_disabled_0 i {\t  color: #FFFFFF;\t  font-size: 20px;  }  #bwg_container1_0 #bwg_container2_0 .bwg_slideshow_filmstrip_left_0 {    display: none;  }  #bwg_container1_0 #bwg_container2_0 .bwg_slideshow_filmstrip_left_disabled_0,  #bwg_container1_0 #bwg_container2_0 .bwg_slideshow_filmstrip_right_disabled_0 {    display: none;    opacity: 0.3;  }  #bwg_container1_0 #bwg_container2_0 .bwg_slideshow_filmstrip_left_disabled_0 {    display: table-cell;  }  #bwg_container1_0 #bwg_container2_0 .bwg_slideshow_watermark_spun_0 {\t  text-align: left;\t  vertical-align: bottom;  }  #bwg_container1_0 #bwg_container2_0 .bwg_slideshow_title_spun_0 {\t  text-align: right;\t  vertical-align: top;  }  #bwg_container1_0 #bwg_container2_0 .bwg_slideshow_description_spun_0 {\t  text-align: right;\t  vertical-align: bottom;  }  #bwg_container1_0 #bwg_container2_0 .bwg_slideshow_watermark_image_0 {\t  max-height: 90px;\t  max-width: 90px;\t  opacity: 0.30;  }  #bwg_container1_0 #bwg_container2_0 .bwg_slideshow_watermark_text_0,  #bwg_container1_0 #bwg_container2_0 .bwg_slideshow_watermark_text_0:hover {\t  text-decoration: none;\t  margin: 4px;\t  position: relative;\t  z-index: 15;  }  #bwg_container1_0 #bwg_container2_0 .bwg_slideshow_title_text_0 {\t  font-size: 16px;\t  font-family: segoe ui;\t  color: #FFFFFF !important;\t  opacity: 0.70;    border-radius: 5px;\t  background-color: #000000;\t  padding: 0 0 0 0;\t  \t\tmargin: 5px;\t  \t    }  #bwg_container1_0 #bwg_container2_0 .bwg_slideshow_description_text_0 {\t  font-size: 14px;\t  font-family: segoe ui;\t  color: #FFFFFF !important;\t  opacity: 0.70;    border-radius: 0;\t  background-color: #000000;\t  padding: 5px 10px 5px 10px;\t    }  #bwg_container1_0 #bwg_container2_0 .bwg_slideshow_description_text_0 * {\ttext-decoration: none;\tcolor: #FFFFFF !important;  }  #bwg_container1_0 #bwg_container2_0 .bwg_slideshow_dots_0 {\t  width: 12px;\t  height: 12px;\t  border-radius: 5px;\t  background: #F2D22E;\t  margin: 3px;  }  #bwg_container1_0 #bwg_container2_0 .bwg_slideshow_dots_container_0 {\t  width: 800px;\t  top: 0;  }  #bwg_container1_0 #bwg_container2_0 .bwg_slideshow_dots_thumbnails_0 {\t  height: 18px;\t  width: 180px;  }  #bwg_container1_0 #bwg_container2_0 .bwg_slideshow_dots_active_0 {\t  background: #FFFFFF;\t  border: 1px solid #000000;  }  <\/style>    <div id=\"bwg_container1_0\"         class=\"bwg_container bwg_thumbnail bwg_slideshow \"         data-right-click-protection=\"0\"         data-bwg=\"0\"         data-scroll=\"0\"         data-gallery-type=\"slideshow\"         data-gallery-view-type=\"slideshow\"         data-current-url=\"\/index.php\/wp-json\/wp\/v2\/posts\/14629\"         data-lightbox-url=\"https:\/\/arteeluoghi.it\/wp-admin\/admin-ajax.php?action=GalleryBox&#038;current_view=0&#038;gallery_id=64&#038;tag=0&#038;theme_id=1&#038;shortcode_id=175&#038;sort_by=order&#038;order_by=asc&#038;current_url=%2Findex.php%2Fwp-json%2Fwp%2Fv2%2Fposts%2F14629\"         data-gallery-id=\"64\"         data-popup-width=\"800\"         data-popup-height=\"500\"         data-is-album=\"gallery\"         data-buttons-position=\"bottom\">      <div id=\"bwg_container2_0\">             <div id=\"ajax_loading_0\" class=\"bwg_loading_div_1\">      <div class=\"bwg_loading_div_2\">        <div class=\"bwg_loading_div_3\">          <div id=\"loading_div_0\" class=\"bwg_spider_ajax_loading\">          <\/div>        <\/div>      <\/div>    <\/div>            <form id=\"gal_front_form_0\"              class=\"bwg-hidden\"              method=\"post\"              action=\"#\"              data-current=\"0\"              data-shortcode-id=\"175\"              data-gallery-type=\"slideshow\"              data-gallery-id=\"64\"              data-tag=\"0\"              data-album-id=\"0\"              data-theme-id=\"1\"              data-ajax-url=\"https:\/\/arteeluoghi.it\/wp-admin\/admin-ajax.php?action=bwg_frontend_data\">          <div id=\"bwg_container3_0\" class=\"bwg-background bwg-background-0\">              <div class=\"bwg_slideshow_image_wrap_0 bwg-slideshow-images-wrapper bwg-container\"       data-bwg=\"0\"       data-lightbox-url=\"https:\/\/arteeluoghi.it\/wp-admin\/admin-ajax.php?action=GalleryBox&#038;current_view=0&#038;gallery_id=64&#038;tag=0&#038;theme_id=1&#038;shortcode_id=175&#038;sort_by=order&#038;order_by=asc&#038;current_url=%2Findex.php%2Fwp-json%2Fwp%2Fv2%2Fposts%2F14629\">          <div class=\"bwg_slideshow_filmstrip_container_0\">        <div class=\"bwg_slideshow_filmstrip_left_0\">          <i class=\"bwg-icon-angle-left\"><\/i>        <\/div>        <div class=\"bwg_slideshow_filmstrip_left_disabled_0\">          <i class=\"bwg-icon-angle-left\"><\/i>        <\/div>        <div class=\"bwg_slideshow_filmstrip_0 bwg_slideshow_filmstrip\">          <div class=\"bwg_slideshow_filmstrip_thumbnails_0\">                          <div id=\"bwg_filmstrip_thumbnail_0_0\"                class=\"bwg_slideshow_filmstrip_thumbnail_0 bwg_slideshow_thumb_active_0\"                data-style=\"width:161px; height:90px;\">                <img class=\"bwg_filmstrip_thumbnail_img bwg_slideshow_filmstrip_thumbnail_img_0\"                  style=\"width:161px; height:107.226px; margin-left: 0px; margin-top: -8.613px;\"                  data-style=\"width:161px; height:107.226px; margin-left: 0px; margin-top: -8.613px;\"                  src=\"https:\/\/arteeluoghi.it\/wp-content\/uploads\/photo-gallery\/lu_miere_2024\/thumb\/450377468_1051655346403686_5668721768354447128_n_(1).jpg?bwg=1720443126\"                  data-src=\"https:\/\/arteeluoghi.it\/wp-content\/uploads\/photo-gallery\/lu_miere_2024\/thumb\/450377468_1051655346403686_5668721768354447128_n_(1).jpg?bwg=1720443126\"                  onclick=\"bwg_change_image(parseInt(jQuery('#bwg_current_image_key_0').val()), '0', '', '', '0')\"                  image_id=\"958\"                  image_key=\"0\"                  alt=\"L\u00f9 Mi\u00e8re calicidicinema 2024 foto di Francesco Miglietta\"                  title=\"L\u00f9 Mi\u00e8re calicidicinema 2024 foto di Francesco Miglietta\" \/>              <\/div>                            <div id=\"bwg_filmstrip_thumbnail_1_0\"                class=\"bwg_slideshow_filmstrip_thumbnail_0 bwg_slideshow_thumb_deactive_0\"                data-style=\"width:161px; height:90px;\">                <img class=\"bwg_filmstrip_thumbnail_img bwg_slideshow_filmstrip_thumbnail_img_0\"                  style=\"width:161px; height:107.226px; margin-left: 0px; margin-top: -8.613px;\"                  data-style=\"width:161px; height:107.226px; margin-left: 0px; margin-top: -8.613px;\"                  src=\"https:\/\/arteeluoghi.it\/wp-content\/uploads\/photo-gallery\/lu_miere_2024\/thumb\/450358332_1051655429737011_8768454367139592145_n.jpg?bwg=1720443126\"                  data-src=\"https:\/\/arteeluoghi.it\/wp-content\/uploads\/photo-gallery\/lu_miere_2024\/thumb\/450358332_1051655429737011_8768454367139592145_n.jpg?bwg=1720443126\"                  onclick=\"bwg_change_image(parseInt(jQuery('#bwg_current_image_key_0').val()), '1', '', '', '0')\"                  image_id=\"960\"                  image_key=\"1\"                  alt=\"L\u00f9 Mi\u00e8re calicidicinema 2024 foto di Francesco Miglietta\"                  title=\"L\u00f9 Mi\u00e8re calicidicinema 2024 foto di Francesco Miglietta\" \/>              <\/div>                            <div id=\"bwg_filmstrip_thumbnail_2_0\"                class=\"bwg_slideshow_filmstrip_thumbnail_0 bwg_slideshow_thumb_deactive_0\"                data-style=\"width:161px; height:90px;\">                <img class=\"bwg_filmstrip_thumbnail_img bwg_slideshow_filmstrip_thumbnail_img_0\"                  style=\"width:161px; height:90.804px; margin-left: 0px; margin-top: -0.402px;\"                  data-style=\"width:161px; height:90.804px; margin-left: 0px; margin-top: -0.402px;\"                  src=\"https:\/\/arteeluoghi.it\/wp-content\/uploads\/photo-gallery\/lu_miere_2024\/thumb\/450377322_1051655313070356_1555626983543068423_n_(1).jpg?bwg=1720443126\"                  data-src=\"https:\/\/arteeluoghi.it\/wp-content\/uploads\/photo-gallery\/lu_miere_2024\/thumb\/450377322_1051655313070356_1555626983543068423_n_(1).jpg?bwg=1720443126\"                  onclick=\"bwg_change_image(parseInt(jQuery('#bwg_current_image_key_0').val()), '2', '', '', '0')\"                  image_id=\"962\"                  image_key=\"2\"                  alt=\"L\u00f9 Mi\u00e8re calicidicinema 2024 foto di Francesco Miglietta\"                  title=\"L\u00f9 Mi\u00e8re calicidicinema 2024 foto di Francesco Miglietta\" \/>              <\/div>                            <div id=\"bwg_filmstrip_thumbnail_3_0\"                class=\"bwg_slideshow_filmstrip_thumbnail_0 bwg_slideshow_thumb_deactive_0\"                data-style=\"width:161px; height:90px;\">                <img class=\"bwg_filmstrip_thumbnail_img bwg_slideshow_filmstrip_thumbnail_img_0\"                  style=\"width:161px; height:91.77px; margin-left: 0px; margin-top: -0.885px;\"                  data-style=\"width:161px; height:91.77px; margin-left: 0px; margin-top: -0.885px;\"                  src=\"https:\/\/arteeluoghi.it\/wp-content\/uploads\/photo-gallery\/lu_miere_2024\/thumb\/37e9b535-b2bb-47ed-9c00-c8b8cd91f17e.jpeg?bwg=1720443126\"                  data-src=\"https:\/\/arteeluoghi.it\/wp-content\/uploads\/photo-gallery\/lu_miere_2024\/thumb\/37e9b535-b2bb-47ed-9c00-c8b8cd91f17e.jpeg?bwg=1720443126\"                  onclick=\"bwg_change_image(parseInt(jQuery('#bwg_current_image_key_0').val()), '3', '', '', '0')\"                  image_id=\"968\"                  image_key=\"3\"                  alt=\"L\u00f9 Mi\u00e8re calicidicinema 2024 foto di Francesco Miglietta\"                  title=\"L\u00f9 Mi\u00e8re calicidicinema 2024 foto di Francesco Miglietta\" \/>              <\/div>                            <div id=\"bwg_filmstrip_thumbnail_4_0\"                class=\"bwg_slideshow_filmstrip_thumbnail_0 bwg_slideshow_thumb_deactive_0\"                data-style=\"width:161px; height:90px;\">                <img class=\"bwg_filmstrip_thumbnail_img bwg_slideshow_filmstrip_thumbnail_img_0\"                  style=\"width:161px; height:107.226px; margin-left: 0px; margin-top: -8.613px;\"                  data-style=\"width:161px; height:107.226px; margin-left: 0px; margin-top: -8.613px;\"                  src=\"https:\/\/arteeluoghi.it\/wp-content\/uploads\/photo-gallery\/lu_miere_2024\/thumb\/af0b1c6c-ed00-4edb-99da-adc9bfb60e30.jpg?bwg=1720443126\"                  data-src=\"https:\/\/arteeluoghi.it\/wp-content\/uploads\/photo-gallery\/lu_miere_2024\/thumb\/af0b1c6c-ed00-4edb-99da-adc9bfb60e30.jpg?bwg=1720443126\"                  onclick=\"bwg_change_image(parseInt(jQuery('#bwg_current_image_key_0').val()), '4', '', '', '0')\"                  image_id=\"954\"                  image_key=\"4\"                  alt=\"L\u00f9 Mi\u00e8re calicidicinema 2024 foto di Francesco Miglietta\"                  title=\"L\u00f9 Mi\u00e8re calicidicinema 2024 foto di Francesco Miglietta\" \/>              <\/div>                            <div id=\"bwg_filmstrip_thumbnail_5_0\"                class=\"bwg_slideshow_filmstrip_thumbnail_0 bwg_slideshow_thumb_deactive_0\"                data-style=\"width:161px; height:90px;\">                <img class=\"bwg_filmstrip_thumbnail_img bwg_slideshow_filmstrip_thumbnail_img_0\"                  style=\"width:161px; height:108.836px; margin-left: 0px; margin-top: -9.418px;\"                  data-style=\"width:161px; height:108.836px; margin-left: 0px; margin-top: -9.418px;\"                  src=\"https:\/\/arteeluoghi.it\/wp-content\/uploads\/photo-gallery\/lu_miere_2024\/thumb\/ac535999-9e7f-40ec-8924-eb168100e0fa.jpeg?bwg=1720443126\"                  data-src=\"https:\/\/arteeluoghi.it\/wp-content\/uploads\/photo-gallery\/lu_miere_2024\/thumb\/ac535999-9e7f-40ec-8924-eb168100e0fa.jpeg?bwg=1720443126\"                  onclick=\"bwg_change_image(parseInt(jQuery('#bwg_current_image_key_0').val()), '5', '', '', '0')\"                  image_id=\"955\"                  image_key=\"5\"                  alt=\"L\u00f9 Mi\u00e8re calicidicinema 2024 foto di Francesco Migliettaa\"                  title=\"L\u00f9 Mi\u00e8re calicidicinema 2024 foto di Francesco Migliettaa\" \/>              <\/div>                            <div id=\"bwg_filmstrip_thumbnail_6_0\"                class=\"bwg_slideshow_filmstrip_thumbnail_0 bwg_slideshow_thumb_deactive_0\"                data-style=\"width:161px; height:90px;\">                <img class=\"bwg_filmstrip_thumbnail_img bwg_slideshow_filmstrip_thumbnail_img_0\"                  style=\"width:161px; height:107.226px; margin-left: 0px; margin-top: -8.613px;\"                  data-style=\"width:161px; height:107.226px; margin-left: 0px; margin-top: -8.613px;\"                  src=\"https:\/\/arteeluoghi.it\/wp-content\/uploads\/photo-gallery\/lu_miere_2024\/thumb\/450390264_1051655499737004_3043126107359317818_n_(1).jpg?bwg=1720443126\"                  data-src=\"https:\/\/arteeluoghi.it\/wp-content\/uploads\/photo-gallery\/lu_miere_2024\/thumb\/450390264_1051655499737004_3043126107359317818_n_(1).jpg?bwg=1720443126\"                  onclick=\"bwg_change_image(parseInt(jQuery('#bwg_current_image_key_0').val()), '6', '', '', '0')\"                  image_id=\"957\"                  image_key=\"6\"                  alt=\"L\u00f9 Mi\u00e8re calicidicinema 2024 foto di Francesco Miglietta)\"                  title=\"L\u00f9 Mi\u00e8re calicidicinema 2024 foto di Francesco Miglietta)\" \/>              <\/div>                            <div id=\"bwg_filmstrip_thumbnail_7_0\"                class=\"bwg_slideshow_filmstrip_thumbnail_0 bwg_slideshow_thumb_deactive_0\"                data-style=\"width:161px; height:90px;\">                <img class=\"bwg_filmstrip_thumbnail_img bwg_slideshow_filmstrip_thumbnail_img_0\"                  style=\"width:161px; height:286.4768683274px; margin-left: 0px; margin-top: -98.238434163701px;\"                  data-style=\"width:161px; height:286.4768683274px; margin-left: 0px; margin-top: -98.238434163701px;\"                  src=\"https:\/\/arteeluoghi.it\/wp-content\/uploads\/photo-gallery\/lu_miere_2024\/thumb\/43bf9cf4-3ab6-45d6-96de-52a19c50645a.jpeg?bwg=1720443126\"                  data-src=\"https:\/\/arteeluoghi.it\/wp-content\/uploads\/photo-gallery\/lu_miere_2024\/thumb\/43bf9cf4-3ab6-45d6-96de-52a19c50645a.jpeg?bwg=1720443126\"                  onclick=\"bwg_change_image(parseInt(jQuery('#bwg_current_image_key_0').val()), '7', '', '', '0')\"                  image_id=\"969\"                  image_key=\"7\"                  alt=\"L\u00f9 Mi\u00e8re calicidicinema 2024 foto di Francesco Miglietta\"                  title=\"L\u00f9 Mi\u00e8re calicidicinema 2024 foto di Francesco Miglietta\" \/>              <\/div>                            <div id=\"bwg_filmstrip_thumbnail_8_0\"                class=\"bwg_slideshow_filmstrip_thumbnail_0 bwg_slideshow_thumb_deactive_0\"                data-style=\"width:161px; height:90px;\">                <img class=\"bwg_filmstrip_thumbnail_img bwg_slideshow_filmstrip_thumbnail_img_0\"                  style=\"width:161px; height:107.226px; margin-left: 0px; margin-top: -8.613px;\"                  data-style=\"width:161px; height:107.226px; margin-left: 0px; margin-top: -8.613px;\"                  src=\"https:\/\/arteeluoghi.it\/wp-content\/uploads\/photo-gallery\/lu_miere_2024\/thumb\/f3518076-a7d4-4247-bace-19735a1e71a0.jpeg?bwg=1720443126\"                  data-src=\"https:\/\/arteeluoghi.it\/wp-content\/uploads\/photo-gallery\/lu_miere_2024\/thumb\/f3518076-a7d4-4247-bace-19735a1e71a0.jpeg?bwg=1720443126\"                  onclick=\"bwg_change_image(parseInt(jQuery('#bwg_current_image_key_0').val()), '8', '', '', '0')\"                  image_id=\"964\"                  image_key=\"8\"                  alt=\"L\u00f9 Mi\u00e8re calicidicinema 2024 foto di Francesco Miglietta\"                  title=\"L\u00f9 Mi\u00e8re calicidicinema 2024 foto di Francesco Miglietta\" \/>              <\/div>                            <div id=\"bwg_filmstrip_thumbnail_9_0\"                class=\"bwg_slideshow_filmstrip_thumbnail_0 bwg_slideshow_thumb_deactive_0\"                data-style=\"width:161px; height:90px;\">                <img class=\"bwg_filmstrip_thumbnail_img bwg_slideshow_filmstrip_thumbnail_img_0\"                  style=\"width:161px; height:286.4768683274px; margin-left: 0px; margin-top: -98.238434163701px;\"                  data-style=\"width:161px; height:286.4768683274px; margin-left: 0px; margin-top: -98.238434163701px;\"                  src=\"https:\/\/arteeluoghi.it\/wp-content\/uploads\/photo-gallery\/lu_miere_2024\/thumb\/450080722_1051655649736989_7687663472604405520_n.jpg?bwg=1720443126\"                  data-src=\"https:\/\/arteeluoghi.it\/wp-content\/uploads\/photo-gallery\/lu_miere_2024\/thumb\/450080722_1051655649736989_7687663472604405520_n.jpg?bwg=1720443126\"                  onclick=\"bwg_change_image(parseInt(jQuery('#bwg_current_image_key_0').val()), '9', '', '', '0')\"                  image_id=\"959\"                  image_key=\"9\"                  alt=\"L\u00f9 Mi\u00e8re calicidicinema 2024 foto di Francesco Miglietta\"                  title=\"L\u00f9 Mi\u00e8re calicidicinema 2024 foto di Francesco Miglietta\" \/>              <\/div>                        <\/div>        <\/div>        <div class=\"bwg_slideshow_filmstrip_right_0\">          <i class=\"bwg-icon-angle-right\"><\/i>        <\/div>        <div class=\"bwg_slideshow_filmstrip_right_disabled_0\">          <i class=\"bwg-icon-angle-right\"><\/i>        <\/div>      <\/div>          <div id=\"bwg_slideshow_image_container_0\"         class=\"bwg_slideshow_image_container_0\"         data-params='{&quot;bwg_source&quot;:&quot;slider&quot;,&quot;bwg_current_key&quot;:&quot;&quot;,&quot;bwg_transition_duration&quot;:100,&quot;bwg_trans_in_progress&quot;:false,&quot;data&quot;:[{&quot;id&quot;:&quot;958&quot;,&quot;alt&quot;:&quot;L\\u00f9 Mi\\u00e8re calicidicinema 2024 foto di Francesco Miglietta&quot;,&quot;description&quot;:&quot;&quot;,&quot;filetype&quot;:&quot;jpg&quot;,&quot;filename&quot;:&quot;450377468_1051655346403686_5668721768354447128_n_(1)&quot;,&quot;image_url&quot;:&quot;\\\/lu_miere_2024\\\/450377468_1051655346403686_5668721768354447128_n_(1).jpg?bwg=1720443126&quot;,&quot;thumb_url&quot;:&quot;\\\/lu_miere_2024\\\/thumb\\\/450377468_1051655346403686_5668721768354447128_n_(1).jpg?bwg=1720443126&quot;,&quot;redirect_url&quot;:&quot;&quot;,&quot;date&quot;:&quot;2024-07-08 12:43:52&quot;,&quot;is_embed&quot;:false,&quot;is_embed_video&quot;:false,&quot;thumb_width&quot;:&quot;500.00&quot;,&quot;thumb_height&quot;:&quot;333.00&quot;},{&quot;id&quot;:&quot;960&quot;,&quot;alt&quot;:&quot;L\\u00f9 Mi\\u00e8re calicidicinema 2024 foto di Francesco Miglietta&quot;,&quot;description&quot;:&quot;&quot;,&quot;filetype&quot;:&quot;jpg&quot;,&quot;filename&quot;:&quot;450358332_1051655429737011_8768454367139592145_n&quot;,&quot;image_url&quot;:&quot;\\\/lu_miere_2024\\\/450358332_1051655429737011_8768454367139592145_n.jpg?bwg=1720443126&quot;,&quot;thumb_url&quot;:&quot;\\\/lu_miere_2024\\\/thumb\\\/450358332_1051655429737011_8768454367139592145_n.jpg?bwg=1720443126&quot;,&quot;redirect_url&quot;:&quot;&quot;,&quot;date&quot;:&quot;2024-07-08 12:43:51&quot;,&quot;is_embed&quot;:false,&quot;is_embed_video&quot;:false,&quot;thumb_width&quot;:&quot;500.00&quot;,&quot;thumb_height&quot;:&quot;333.00&quot;},{&quot;id&quot;:&quot;962&quot;,&quot;alt&quot;:&quot;L\\u00f9 Mi\\u00e8re calicidicinema 2024 foto di Francesco Miglietta&quot;,&quot;description&quot;:&quot;&quot;,&quot;filetype&quot;:&quot;jpg&quot;,&quot;filename&quot;:&quot;450377322_1051655313070356_1555626983543068423_n_(1)&quot;,&quot;image_url&quot;:&quot;\\\/lu_miere_2024\\\/450377322_1051655313070356_1555626983543068423_n_(1).jpg?bwg=1720443126&quot;,&quot;thumb_url&quot;:&quot;\\\/lu_miere_2024\\\/thumb\\\/450377322_1051655313070356_1555626983543068423_n_(1).jpg?bwg=1720443126&quot;,&quot;redirect_url&quot;:&quot;&quot;,&quot;date&quot;:&quot;2024-07-08 12:43:51&quot;,&quot;is_embed&quot;:false,&quot;is_embed_video&quot;:false,&quot;thumb_width&quot;:&quot;500.00&quot;,&quot;thumb_height&quot;:&quot;282.00&quot;},{&quot;id&quot;:&quot;968&quot;,&quot;alt&quot;:&quot;L\\u00f9 Mi\\u00e8re calicidicinema 2024 foto di Francesco Miglietta&quot;,&quot;description&quot;:&quot;&quot;,&quot;filetype&quot;:&quot;jpeg&quot;,&quot;filename&quot;:&quot;37e9b535-b2bb-47ed-9c00-c8b8cd91f17e&quot;,&quot;image_url&quot;:&quot;\\\/lu_miere_2024\\\/37e9b535-b2bb-47ed-9c00-c8b8cd91f17e.jpeg?bwg=1720443126&quot;,&quot;thumb_url&quot;:&quot;\\\/lu_miere_2024\\\/thumb\\\/37e9b535-b2bb-47ed-9c00-c8b8cd91f17e.jpeg?bwg=1720443126&quot;,&quot;redirect_url&quot;:&quot;&quot;,&quot;date&quot;:&quot;2024-07-08 12:35:49&quot;,&quot;is_embed&quot;:false,&quot;is_embed_video&quot;:false,&quot;thumb_width&quot;:&quot;500.00&quot;,&quot;thumb_height&quot;:&quot;285.00&quot;},{&quot;id&quot;:&quot;954&quot;,&quot;alt&quot;:&quot;L\\u00f9 Mi\\u00e8re calicidicinema 2024 foto di Francesco Miglietta&quot;,&quot;description&quot;:&quot;&quot;,&quot;filetype&quot;:&quot;jpg&quot;,&quot;filename&quot;:&quot;af0b1c6c-ed00-4edb-99da-adc9bfb60e30&quot;,&quot;image_url&quot;:&quot;\\\/lu_miere_2024\\\/af0b1c6c-ed00-4edb-99da-adc9bfb60e30.jpg?bwg=1720443126&quot;,&quot;thumb_url&quot;:&quot;\\\/lu_miere_2024\\\/thumb\\\/af0b1c6c-ed00-4edb-99da-adc9bfb60e30.jpg?bwg=1720443126&quot;,&quot;redirect_url&quot;:&quot;&quot;,&quot;date&quot;:&quot;2024-07-08 12:43:54&quot;,&quot;is_embed&quot;:false,&quot;is_embed_video&quot;:false,&quot;thumb_width&quot;:&quot;500.00&quot;,&quot;thumb_height&quot;:&quot;333.00&quot;},{&quot;id&quot;:&quot;955&quot;,&quot;alt&quot;:&quot;L\\u00f9 Mi\\u00e8re calicidicinema 2024 foto di Francesco Migliettaa&quot;,&quot;description&quot;:&quot;&quot;,&quot;filetype&quot;:&quot;jpeg&quot;,&quot;filename&quot;:&quot;ac535999-9e7f-40ec-8924-eb168100e0fa&quot;,&quot;image_url&quot;:&quot;\\\/lu_miere_2024\\\/ac535999-9e7f-40ec-8924-eb168100e0fa.jpeg?bwg=1720443126&quot;,&quot;thumb_url&quot;:&quot;\\\/lu_miere_2024\\\/thumb\\\/ac535999-9e7f-40ec-8924-eb168100e0fa.jpeg?bwg=1720443126&quot;,&quot;redirect_url&quot;:&quot;&quot;,&quot;date&quot;:&quot;2024-07-08 12:43:54&quot;,&quot;is_embed&quot;:false,&quot;is_embed_video&quot;:false,&quot;thumb_width&quot;:&quot;500.00&quot;,&quot;thumb_height&quot;:&quot;338.00&quot;},{&quot;id&quot;:&quot;957&quot;,&quot;alt&quot;:&quot;L\\u00f9 Mi\\u00e8re calicidicinema 2024 foto di Francesco Miglietta)&quot;,&quot;description&quot;:&quot;&quot;,&quot;filetype&quot;:&quot;jpg&quot;,&quot;filename&quot;:&quot;450390264_1051655499737004_3043126107359317818_n_(1)&quot;,&quot;image_url&quot;:&quot;\\\/lu_miere_2024\\\/450390264_1051655499737004_3043126107359317818_n_(1).jpg?bwg=1720443126&quot;,&quot;thumb_url&quot;:&quot;\\\/lu_miere_2024\\\/thumb\\\/450390264_1051655499737004_3043126107359317818_n_(1).jpg?bwg=1720443126&quot;,&quot;redirect_url&quot;:&quot;&quot;,&quot;date&quot;:&quot;2024-07-08 12:43:53&quot;,&quot;is_embed&quot;:false,&quot;is_embed_video&quot;:false,&quot;thumb_width&quot;:&quot;500.00&quot;,&quot;thumb_height&quot;:&quot;333.00&quot;},{&quot;id&quot;:&quot;969&quot;,&quot;alt&quot;:&quot;L\\u00f9 Mi\\u00e8re calicidicinema 2024 foto di Francesco Miglietta&quot;,&quot;description&quot;:&quot;&quot;,&quot;filetype&quot;:&quot;jpeg&quot;,&quot;filename&quot;:&quot;43bf9cf4-3ab6-45d6-96de-52a19c50645a&quot;,&quot;image_url&quot;:&quot;\\\/lu_miere_2024\\\/43bf9cf4-3ab6-45d6-96de-52a19c50645a.jpeg?bwg=1720443126&quot;,&quot;thumb_url&quot;:&quot;\\\/lu_miere_2024\\\/thumb\\\/43bf9cf4-3ab6-45d6-96de-52a19c50645a.jpeg?bwg=1720443126&quot;,&quot;redirect_url&quot;:&quot;&quot;,&quot;date&quot;:&quot;2024-07-08 12:35:49&quot;,&quot;is_embed&quot;:false,&quot;is_embed_video&quot;:false,&quot;thumb_width&quot;:&quot;281.00&quot;,&quot;thumb_height&quot;:&quot;500.00&quot;},{&quot;id&quot;:&quot;964&quot;,&quot;alt&quot;:&quot;L\\u00f9 Mi\\u00e8re calicidicinema 2024 foto di Francesco Miglietta&quot;,&quot;description&quot;:&quot;&quot;,&quot;filetype&quot;:&quot;jpeg&quot;,&quot;filename&quot;:&quot;f3518076-a7d4-4247-bace-19735a1e71a0&quot;,&quot;image_url&quot;:&quot;\\\/lu_miere_2024\\\/f3518076-a7d4-4247-bace-19735a1e71a0.jpeg?bwg=1720443126&quot;,&quot;thumb_url&quot;:&quot;\\\/lu_miere_2024\\\/thumb\\\/f3518076-a7d4-4247-bace-19735a1e71a0.jpeg?bwg=1720443126&quot;,&quot;redirect_url&quot;:&quot;&quot;,&quot;date&quot;:&quot;2024-07-08 12:43:25&quot;,&quot;is_embed&quot;:false,&quot;is_embed_video&quot;:false,&quot;thumb_width&quot;:&quot;500.00&quot;,&quot;thumb_height&quot;:&quot;333.00&quot;},{&quot;id&quot;:&quot;959&quot;,&quot;alt&quot;:&quot;L\\u00f9 Mi\\u00e8re calicidicinema 2024 foto di Francesco Miglietta&quot;,&quot;description&quot;:&quot;&quot;,&quot;filetype&quot;:&quot;jpg&quot;,&quot;filename&quot;:&quot;450080722_1051655649736989_7687663472604405520_n&quot;,&quot;image_url&quot;:&quot;\\\/lu_miere_2024\\\/450080722_1051655649736989_7687663472604405520_n.jpg?bwg=1720443126&quot;,&quot;thumb_url&quot;:&quot;\\\/lu_miere_2024\\\/thumb\\\/450080722_1051655649736989_7687663472604405520_n.jpg?bwg=1720443126&quot;,&quot;redirect_url&quot;:&quot;&quot;,&quot;date&quot;:&quot;2024-07-08 12:43:51&quot;,&quot;is_embed&quot;:false,&quot;is_embed_video&quot;:false,&quot;thumb_width&quot;:&quot;281.00&quot;,&quot;thumb_height&quot;:&quot;500.00&quot;}],&quot;width_or_height&quot;:&quot;width&quot;,&quot;filmstrip_thumb_margin_hor&quot;:2,&quot;left_or_top&quot;:&quot;left&quot;,&quot;outerWidth_or_outerHeight&quot;:&quot;outerWidth&quot;,&quot;enable_slideshow_shuffle&quot;:&quot;0&quot;,&quot;lightbox_filmstrip_thumb_border_width&quot;:&quot;1&quot;,&quot;thumb_click_action&quot;:&quot;open_lightbox&quot;,&quot;thumb_link_target&quot;:&quot;1&quot;,&quot;upload_url&quot;:&quot;https:\\\/\\\/arteeluoghi.it\\\/wp-content\\\/uploads\\\/photo-gallery&quot;,&quot;preload_images&quot;:&quot;1&quot;,&quot;slideshow_effect&quot;:&quot;fade&quot;,&quot;event_stack&quot;:&quot;&quot;,&quot;preload_images_count&quot;:10,&quot;image_width&quot;:&quot;800&quot;,&quot;image_height&quot;:&quot;500&quot;,&quot;thumb_width&quot;:&quot;250&quot;,&quot;thumb_height&quot;:&quot;140&quot;,&quot;filmstrip_direction&quot;:&quot;horizontal&quot;,&quot;slideshow_filmstrip_type&quot;:1,&quot;slideshow_thumbnails_count&quot;:5,&quot;slideshow_filmstrip_width&quot;:161,&quot;slideshow_filmstrip_height&quot;:&quot;90&quot;,&quot;slideshow_filmstrip_rl_btn_size&quot;:&quot;20&quot;,&quot;slideshow_play_pause_btn_size&quot;:&quot;60&quot;,&quot;watermark_type&quot;:&quot;90&quot;,&quot;watermark_height&quot;:&quot;90&quot;,&quot;watermark_font_size&quot;:&quot;20&quot;,&quot;slideshow_title_font_size&quot;:&quot;16&quot;,&quot;slideshow_description_font_size&quot;:&quot;14&quot;,&quot;bwg_playInterval&quot;:&quot;&quot;,&quot;slideshow_interval&quot;:5,&quot;image_right_click&quot;:&quot;0&quot;,&quot;enable_slideshow_autoplay&quot;:&quot;0&quot;,&quot;enable_slideshow_music&quot;:&quot;0&quot;,&quot;bwg_current_filmstrip_pos&quot;:0}'         data-filmstrip-position=\"top\"         data-filmstrip-size=\"90\">      <div class=\"bwg_slide_container_0\">        <div class=\"bwg_slide_bg_0\">          <div class=\"bwg_slider_0\">                            <span class=\"bwg_slideshow_image_spun_0\" id=\"image_id_0_958\">                    <span class=\"bwg_slideshow_image_spun1_0\">                      <span class=\"bwg_slideshow_image_spun2_0\">                                                  <a  class=\"bwg-a bwg_lightbox\" href=\"https:\/\/arteeluoghi.it\/wp-content\/uploads\/photo-gallery\/lu_miere_2024\/450377468_1051655346403686_5668721768354447128_n_(1).jpg?bwg=1720443126\" data-image-id=\"958\" data-elementor-open-lightbox=\"no\">                          <img id=\"bwg_slideshow_image_0\"                               class=\"skip-lazy bwg_slide bwg_slideshow_image_0 \"                               src=\"https:\/\/arteeluoghi.it\/wp-content\/uploads\/photo-gallery\/lu_miere_2024\/450377468_1051655346403686_5668721768354447128_n_(1).jpg?bwg=1720443126\"                               data-src=\"https:\/\/arteeluoghi.it\/wp-content\/uploads\/photo-gallery\/lu_miere_2024\/450377468_1051655346403686_5668721768354447128_n_(1).jpg?bwg=1720443126\"                               image_id=\"958\"                               alt=\"L\u00f9 Mi\u00e8re calicidicinema 2024 foto di Francesco Miglietta\" \/>                          <\/a>                                                <\/span>                    <\/span>                  <\/span>                <span class=\"bwg_slideshow_image_second_spun_0\">                  <\/span>                <input type=\"hidden\" id=\"bwg_current_image_key_0\" value=\"0\" \/>                          <\/div>        <\/div>      <\/div>              <a class=\"bwg-a\" id=\"spider_slideshow_left_0\" onclick=\"bwg_change_image(parseInt(jQuery('#bwg_current_image_key_0').val()), (parseInt(jQuery('#bwg_current_image_key_0').val()) + 10 - bwg_iterator(0)) % 10, '', '', 0); return false;\"><span id=\"spider_slideshow_left-ico_0\"><span><i class=\"bwg-icon-chevron-left bwg_slideshow_prev_btn_0\"><\/i><\/span><\/span><\/a>        <span id=\"bwg_slideshow_play_pause_0\" class=\"bwg_slideshow_play_pause\" style=\"display: ;\"><span><span id=\"bwg_slideshow_play_pause-ico_0\"><i class=\"bwg-icon-play bwg_ctrl_btn_0 bwg_slideshow_play_pause_0\"><\/i><\/span><\/span><\/span>        <a class=\"bwg-a\" id=\"spider_slideshow_right_0\" onclick=\"bwg_change_image(parseInt(jQuery('#bwg_current_image_key_0').val()), (parseInt(jQuery('#bwg_current_image_key_0').val()) + bwg_iterator(0)) % 10, '', '', 0); return false;\"><span id=\"spider_slideshow_right-ico_0\"><span><i class=\"bwg-icon-chevron-right bwg_slideshow_next_btn_0\"><\/i><\/span><\/span><\/a>            <\/div>      <\/div>            <\/div>        <\/form>        <style>          #bwg_container1_0 #bwg_container2_0 #spider_popup_overlay_0 {          background-color: #000000;          opacity: 0.70;          }          <\/style>        <div id=\"bwg_spider_popup_loading_0\" class=\"bwg_spider_popup_loading\"><\/div>        <div id=\"spider_popup_overlay_0\" class=\"spider_popup_overlay\" onclick=\"spider_destroypopup(1000)\"><\/div>        <input type=\"hidden\" id=\"bwg_random_seed_0\" value=\"1504953164\">                <\/div>    <\/div>    <script>      if (document.readyState === 'complete') {        if( typeof bwg_main_ready == 'function' ) {          if ( jQuery(\"#bwg_container1_0\").height() ) {            bwg_main_ready(jQuery(\"#bwg_container1_0\"));          }        }      } else {        document.addEventListener('DOMContentLoaded', function() {          if( typeof bwg_main_ready == 'function' ) {            if ( jQuery(\"#bwg_container1_0\").height() ) {             bwg_main_ready(jQuery(\"#bwg_container1_0\"));            }          }        });      }    <\/script>    \n\n\n\n<p><strong>Il cinema \u00e8 stato dunque un terreno di formazione?<\/strong><\/p>\n\n\n\n<p><em>Assolutamente, qualcosa che mi permetteva di fare esperienze in un ambito anche lavorativo dove la chiave anche psicanalitica cominciava a funzionare perch\u00e9 ovviamente se puoi pensare, se puoi riflettere, vivere \u00e8 molto pi\u00f9 interessante e costruttivo che se invece ti fai trascinare da una corrente all\u2019altra senza farti delle domande sulla propria esistenza. C\u2019\u00e8 un momento nella vita di un individuo che se non cominci a porti delle domande, gli alti e bassi si fanno sentire.<\/em> <em>Divento vegetariana, sostanzialmente mi sono interessata di quelle discipline riguardo la salute, l\u2019alimentazione , avverto la necessit\u00e0 di capire cosa significa una vita sana, longeva. Noi abbiamo questo mito della giovinezza, ma senza salute che te ne fai?, Comincio ad interessare di alimentazione e capisco che l\u2019alimentazione sana non pu\u00f2 comprendere ci\u00f2 che la medicina ayurvetica chiama raggiasica perch\u00e9 ti produce infiammazione. Mi sono dedicata all\u2019arte del vivere, un vivere sano che \u00e8 un concetto metafisico semplice, perch\u00e9 noi siamo quello che mangiamo, che sentiamo e Goethe dice \u201cTu incontrerai nel mondo quello che hai nel cuore\u201d E quello che hai nel cuore chiama le persone e le cose che devono arrivarti.<\/em> <em>Per me \u00e8 arrivato quello che meritavo. Poi la lotta tra il bene e il male \u00e8 un principio del mondo materiale, quindi arriva sempre qualcosa con cui fare i conti, che devi combattere, per\u00f2 anche queste guerre non sono perch\u00e9 io voglio dimostrare che sono pi\u00f9 forte di te ma perch\u00e9 non voglio che tu sotterri il mio s\u00e8 profondo, quindi anche qui ti dico sono quella che si siede sulla riva del fiume e aspetta il cadavere. Perch\u00e9 io non faccio niente, non odio. Quelli che hanno deciso di essere i miei nemici, se pensano che io possa rispondere con l\u2019odio, no, mai. L\u2019arte di vivere \u00e8 la strada principale che tutti dovrebbero percorrere, per me \u00e8 cominciata, pi\u00f9 di venti anni fa, grazie all\u2019Hatha yoga di scuola tibetana dedicandomi allo studio delle discipline orientali da autodidatta e poi frequentando l\u2019accademia del mio primo maestro yoga Jivan Mukta che mi ha illuminato su quello che \u00e8 stato un percorso filosofico pi\u00f9 che teologico.<\/em> &nbsp;<\/p>\n\n\n\n<p><strong>Un percorso che la porta in India\u2026<\/strong><\/p>\n\n\n\n<p><em>Dopo un primo viaggio conoscitivo in India, a partire dai 24 anni sono stata poi in India ogni anno, per lunghi dieci anni ho seguito un guru, ho vissuto nell\u2019ashram Phrasanthi Nilayam&nbsp; situato a Puttaparthi, nella zona dell\u2019Andhra Pradesh.<\/em><\/p>\n\n\n\n<p><strong>E nel 2005 fonda a Roma il centro di terapie del benessere Naturopratic<\/strong><\/p>\n\n\n\n<p><em>Con Naturopratic ho potuto donare a tante altre persone ci\u00f2 che io avevo ricevuto, questo \u00e8 un altro principio fondamentale dell\u2019esistenza umana. Tu ricevi doni e se li condividi ne fioriscono ancora altri, l\u2019esperienza dell\u2019insegnamento \u00e8 stata molto positiva per me e tuttora con alcuni allievi ho contatti ancora oggi nonostante siano passati tanti anni. Quando si semina bene, quando vai in profondit\u00e0 non rimani in superficie, probabilmente \u00e8 vero il detto \u201cchi si incontra veramente non si perde mai\u201d. Puoi anche non vederti pi\u00f9 con quella persona ma non la perdi.<\/em> <em>La depressione, il male del secolo, ha la sua radice nella superficialit\u00e0 dei rapporti.<\/em> <em>Nella vita di un essere umano ci sono delle esperienze, delle traiettorie dove tutto \u00e8 stato importante, che tu faccia cinema, casalinga \u00e8 come la fai quella cosa, quello che ci metti di te, il valore aggiunto \u00e8 quello che scopri e riesci a comunicare, anche la pi\u00f9 semplice delle azioni preparare un te pu\u00f2 diventare un\u2019esperienza molto interessante.<\/em><\/p>\n\n\n\n<p><strong>E tra gli accadimenti c\u2019\u00e8 il suo ritorno al cinema<\/strong><\/p>\n\n\n\n<p><em>A distanza di anni per caso, senza andarmela a cercare, quando pensavo che con questo lavoro fosse chiusa la parentesi, ricomincio a incontrare persone che invece me la riaprono. Ed erano persone che lavoravano nel mondo dello spettacolo, e mi ritrovo di nuovo in questa immersione e allora forse ho pensato \u201cnonna, anche adesso non mi lasci in pace, non si \u00e8 data per vinta\u201d.<\/em><\/p>\n\n\n\n<p><strong>E come se dovesse compiere qualcosa che era rimasto incompiuto\u2026<\/strong><\/p>\n\n\n\n<p><em>S\u00ec una predestinazione. Allora, io la sento e ho detto \u201cci sono\u201d. Quando ho detto questa famosa frase sono ricominciate ad affiorare delle opportunit\u00e0. In questa prima fase della ripresa addirittura mi giungevano dei ruoli dove tutto quello che io avevo fatto con la mia esperienza spirituale era fondamentale. Il ruolo di mamma Irene in Don Zeno di Gianluigi Calderone, di Suor Giovanna in Il capitano di Vittorio Sindoni, compenetranti con quella che era stata la mia missione Quindi riprendo con ovviamente tutte le difficolt\u00e0. Perch\u00e9 come in tutti i lavori ci sono degli obblighi, bisogna allenarsi per non perdere la capacit\u00e0 di memorizzare, curare la voce, il fisico, c\u2019\u00e8<\/em> <em>dietro Il lavoro dell\u2019attore c\u2019\u00e8 un lavoro enorme che si completa sul set.<\/em><\/p>\n\n\n\n<p><strong>Nel 2016 arriva il film \u201cDove non ho mai abitato\u201d. Un film che indaga le fragilit\u00e0, il rapporto con i genitori spesso conflittuale e i sentimenti.&nbsp; Un film a distanza di anni che tocca temi profondamente attuali<\/strong><\/p>\n\n\n\n<p><em>Questo film rappresenta il tipo di cinema che mi piacerebbe fare.<\/em><\/p>\n\n\n\n<p><strong>Nel film interpreta&nbsp; Sandra, una donna che sa che intuisce il cerchio magico che si \u00e8 creato tra Francesca e Massimo ma resta in silenzio&#8230;<\/strong><\/p>\n\n\n\n<p><em>Sandra \u00e8 una donna che sa e rimane al suo posto. Quel cerchio magico le fa scoprire un compagno pi\u00f9 interessante di quello che lei pensava di avere. A volte pu\u00f2 capitare e continuer\u00e0 a capitare che magari un rapporto si sta quasi esaurendo, poi arriva un episodio che scombina apparentemente la coppia ma in realt\u00e0 lo vivifica.&nbsp; Se il sentimento e il rapporto \u00e8 solido quello di passaggio si esaurisce ma tu hai la possibilit\u00e0 di confrontarti e soprattutto di avere davanti a te un uomo che attraverso quell\u2019esperienza ha fatto scoprire qualcosa che non conoscevi di lui. Infatti Massimo per lei diventa pi\u00f9 interessante quando succede tutto questo. Gli attori calati in quei personaggi che erano talmente giusti che hanno raccontato molto di pi\u00f9 di quello che c\u2019era scritto nella sceneggiatura.<\/em><\/p>\n\n\n\n<p><strong>Prima per\u00f2 ci sono altre produzioni, \u201cLa stella dei re\u201d,&nbsp; Amor nello specchio, Rebecca la prima moglie,&nbsp; Sei mai stata sulla luna in cui ha dato vita ad una serie di ruoli femminili sempre interessanti ma quando pensa a un ruolo che sente suo quale personaggio vorrebbe che le fosse proposto<\/strong><\/p>\n\n\n\n<p><em>Penso a ruoli come quelli nei film \u201cRoma citt\u00e0 aperta\u201d, \u201cBellissima\u201d, \u201cMamma Roma\u201d che sono stati i miei film di formazione, per un ruolo cos\u00ec non so cosa farei parafrasando la canzone dei Matia Bazar. L\u2019incontro con il grande ruolo lo sto ancora aspettando ma la mia soddisfazione sta nel fatto che nel mio firmamento ci sono tante piccole costellazioni, l\u2019universo \u00e8 stato molto generoso con me, mi ha fatto incontrare dei personaggi mai banali ai quali ho potuto conferire l\u2019anima.<\/em><\/p>\n\n\n\n<p><strong>E a proposito di anima, bellissimo il ruolo di Adelaide, una donna colta determinante nella formazione del figlio Goffredo nella recente fiction \u201cMameli\u201d<\/strong><\/p>\n\n\n\n<p><em>Adelaide \u00e8 una donna libera di pensare e le anticipo che a breve uscir\u00e0 la versione integrale su Rai educational dove si vedranno delle scene inedite rispetto alla versione andata in onda.<\/em><\/p>\n\n\n\n<p><strong>Una donna libera di pensare, un concetto ancora profondamente attuale.<\/strong><\/p>\n\n\n\n<p><em>Le donne hanno anche bisogno di tornare a casa perch\u00e9 in questa legittima sacrosanta lotta per affermare i loro diritti si sono dovuti sacrificare quei valori che senza la donna sono perduti, la donna \u00e8 la regina della casa, la radice principale della famiglia e dell\u2019educazione dei figli. L\u2019uomo \u00e8 chiamato ad altro per leggi divine e biologiche. Questo ritorno a casa \u00e8 un aspetto molto doloroso che pochi hanno il coraggio di dirlo, quante invece di stare otto ore in ufficio davanti al computer starebbero volentieri a casa! Oggi non se lo possono pi\u00f9 permettere, per\u00f2 \u00e8 un aspetto della societ\u00e0, una piaga perch\u00e9 poi le giovani generazioni stanno risentendo tantissimo con bimbi che nascono e crescono comunque affidati ad altri. Non siamo dei robot, dopo otto ore che stai fuori di casa e lavori sfido chiunque a ritornare e ad avere la forza\u2026 siamo chiamate a lavorare 24 ore su 24. Si dovrebbe sposare una politica economica diversa, investire sul sociale. L\u2019uomo ha diritto ad esercitare il suo libero arbitrio ma va educato, se non ci sono le leggi, le regole, la storia ci racconta che l\u2019uomo pu\u00f2 anche compiere delle barbarie.<\/em><\/p>\n\n\n\n<p><strong>E a proposito di sociale veniamo al film che la vede coprotagonista insieme a Carla Signoris \u201cHoly Shoes\u201d che arriver\u00e0 nelle sale il 4 luglio ed \u00e8 stato presentato fuori concorso al Festival del cinema di Torino<\/strong><\/p>\n\n\n\n<p><em>Il film ha un tema sociale importantissimo: la tirannia dei desideri. Oggi non sono pi\u00f9 gli uomini che possiedono degli oggetti ma sono gli oggetti che possiedono gli uomini. Purtroppo non siamo pi\u00f9 a scegliere un telefono ma obbligati ad averlo, siamo in una condizione ormai che senza questi strumenti non esistiamo. Tutto viaggia all\u2019interno di questi strumenti, ma questi non ci consentono solo di stare connessi ma sono diventati input a comprare non c\u2019\u00e8 nemmeno bisogno di accendere la tv e vedere la pubblicit\u00e0, perch\u00e9 appena prendi il telefono ti appaiono mille immagini, l\u2019umanit\u00e0 rischia di finire, non lo dico perch\u00e9 sono una catastrofista, anzi sono molto positiva credo nell\u2019eternit\u00e0, nell\u2019assoluto dio universo, per\u00f2 tutto questo ci porta continuamente ad avere un rapporto di ping pong tra ego e contro ego. Basta vedere i carrelli della spesa al supermercato che si riempiono di cose non solo spesso inutili ma dannosi alla salute. Questa fuga dall\u2019essenziale \u00e8 la tirannia dei desideri e degli oggetti sull\u2019uomo purch\u00e9 si vendano \u00e8 tutto ci\u00f2 che interessa.<\/em> <em>Il film \u00e8 strutturato in quattro episodi. Il personaggio di &nbsp;Agnese \u00e8 molto emblematico poich\u00e9 nel film \u00e8 quello che paga il prezzo pi\u00f9 alto per il fascino che subisce dalla tirannia dei desideri ma proprio per questo la sua rinascita, dopo la discesa agli inferi, la riscatter\u00e0 facendole trovare una forza in se stessa che non immaginava di avere. La nuova Agnese apparir\u00e0 quindi con la luce della consapevolezza scolpita sul suo volto, una luce che non sar\u00e0 pi\u00f9 disposta a sacrificare per nessun desiderio al mondo!<\/em><\/p>\n\n\n\n<p><strong>In fase di postproduzione c\u2019\u00e8 per\u00f2 un altro film che \u00e8 stato girato nel Salento<\/strong><\/p>\n\n\n\n<p><em>Recentemente ho partecipato a \u201cCuore di carta\u201d, l\u2019opera prima della regista lituana Cristina Sarkyte con Stefania Rocca, girato tra Lecce e Porto Badisco, dove interpreto Mina, una mamma molto fragile e forte allo stesso tempo che cade in una trappola di autodistruzione vittima di un uomo rozzo e violento ma per l\u2019amore dei figli trova la forza di ribellarsi.&nbsp;&nbsp;<\/em><\/p>\n\n\n\n<p><strong>Una storia di violenza domestica fatti ormai all\u2019ordine del giorno, ahim\u00e8\u2026<\/strong><\/p>\n\n\n\n<p><em>Oggi la societ\u00e0 \u00e8 umanamente parlando regredita. Purtroppo una forma di violenza \u00e8 anche indifferenza. Indifferenza verso il nostro prossimo che soffre, che \u00e8 in difficolt\u00e0. Ci sono tante forme di violenza, quando si manifesta nel suo aspetto pi\u00f9 crudo \u00e8 cominciata dall\u2019indifferenza, da un senso di disagio, un disagio profondo lasciato l\u00ec marcire che genera dei mostri.<\/em><\/p>\n\n\n\n<p><strong>Il cinema deve avere dunque una funzione sociale importante e mostrare anche i lati scomodi<\/strong><\/p>\n\n\n\n<p><em>Il cinema deve proporre dei modelli. Alti. Dare l\u2019esempio. Un modello alto pu\u00f2 salvare un\u2019intera&nbsp; nazione. Il bello come il male \u00e8 contagioso. Se diventa virale tutto \u00e8 contagioso, ma se proponi dei modelli giusti questi arrivano proprio come quelli sbagliati e possono fare la differenza.<\/em><\/p>\n\n\n\n<p><strong>Quali sono i progetti futuri?<\/strong><\/p>\n\n\n\n<p><em>Con il regista Paolo Franchi c\u2019\u00e8 un grande scambio, una tappa in progress, c\u2019\u00e8 un nuovo progetto il&nbsp; film dal titolo \u201cUn giorno una notte\u201d, le cui riprese dovrebbero partire in primavera, \u00e8 la storia di una famiglia dove Olga, il mio personaggio,&nbsp; sar\u00e0 quella che cerca di trainare verso un percorso di maturit\u00e0 questa famiglia che tende ad avere dei contraccolpi dovuti ad una serie di accadimenti che saranno svelati. Olga \u00e8 quella che pi\u00f9 si sacrifica ed \u00e8 anche quella pi\u00f9 incompresa dalla famiglia e sono certa che con questo personaggio andr\u00f2 verso quella maturit\u00e0 e quella grande prova che sentivo doveva arrivare.<\/em><\/p>\n\n\n\n<p><strong>Che significato ha per lei ricevere il premio L\u00f9 Mi\u00e8re?<\/strong><\/p>\n\n\n\n<p><em>Con Antonio ci conosciamo sin dalla prima edizione, e finalmente \u00e8 arrivato il premio nel decennale io che l\u2019ho visto nascere. Avevo appena finito di girare Sei mai stata sulla luna di Paolo Genovese che \u00e8 stato girato in Puglia e mi fermo in vacanza perch\u00e9 naturalmente non potevo non andare a visitare i luoghi del film e un\u2019amica comune ci presenta e da allora ho sempre seguito il L\u00f9 Mi\u00e8re e la sua passione per il cinema e l\u2019arte, la musica\u2026 lui \u00e8 un modello, il L\u00f9 Mi\u00e8re doveva diventare un po\u2019 quello che per noi romani \u00e8 Gigi Marzullo, Antonio Manzo dovrebbe avere una sua trasmissione anche su una tv locale e parlare del suo <em>L\u00f9 Mi\u00e8re<\/em>, parlare di cinema, di storia dell\u2019arte perch\u00e9 lui ha una grande cultura e la Puglia \u00e8 piena di luoghi meravigliosi che riesce intelligentemente a promuovere.<\/em><\/p>\n\n\n\n<p>Antonietta Fulvio<\/p>\n","protected":false},"excerpt":{"rendered":"<p>L&#8217;attrice romana \u00e8 stata la protagonista della serata di premiazione del decennale L\u00f9 Mi\u00e8re calici di cinema ideato da Antonio<\/p>\n","protected":false},"author":1,"featured_media":14635,"comment_status":"open","ping_status":"open","sticky":true,"template":"","format":"standard","meta":[],"categories":[29,22],"tags":[383,6194,1496,5628],"yoast_head":"<!-- This site is optimized with the Yoast SEO plugin v18.0 - https:\/\/yoast.com\/wordpress\/plugins\/seo\/ -->\n<title>Intervista a Isabella Briganti, Premio L\u00f9 Mi\u00e8re calicidicinema 2024 | Arte e Luoghi<\/title>\n<meta name=\"description\" content=\"L&#039;attrice romana \u00e8 stata la protagonista della serata di premiazione del decennale L\u00f9 Mi\u00e8re calici di cinema ideato da Antonio Manzo.\" \/>\n<meta name=\"robots\" content=\"index, follow, max-snippet:-1, max-image-preview:large, max-video-preview:-1\" \/>\n<link rel=\"canonical\" href=\"https:\/\/arteeluoghi.it\/index.php\/2024\/07\/08\/intervista-a-isabella-briganti-premio-lu-mieere-cinema-2024\/\" \/>\n<meta property=\"og:locale\" content=\"it_IT\" \/>\n<meta property=\"og:type\" content=\"article\" \/>\n<meta property=\"og:title\" content=\"Intervista a Isabella Briganti, Premio L\u00f9 Mi\u00e8re calicidicinema 2024 | Arte e Luoghi\" \/>\n<meta property=\"og:description\" content=\"L&#039;attrice romana \u00e8 stata la protagonista della serata di premiazione del decennale L\u00f9 Mi\u00e8re calici di cinema ideato da Antonio Manzo.\" \/>\n<meta property=\"og:url\" content=\"https:\/\/arteeluoghi.it\/index.php\/2024\/07\/08\/intervista-a-isabella-briganti-premio-lu-mieere-cinema-2024\/\" \/>\n<meta property=\"og:site_name\" content=\"Arte e Luoghi\" \/>\n<meta property=\"article:publisher\" content=\"https:\/\/www.facebook.com\/ArteELuoghi\/\" \/>\n<meta property=\"article:published_time\" content=\"2024-07-08T12:34:40+00:00\" \/>\n<meta property=\"article:modified_time\" content=\"2024-07-08T13:12:53+00:00\" \/>\n<meta property=\"og:image\" content=\"https:\/\/arteeluoghi.it\/wp-content\/uploads\/2024\/07\/450377468_1051655346403686_5668721768354447128_n.jpg\" \/>\n\t<meta property=\"og:image:width\" content=\"1620\" \/>\n\t<meta property=\"og:image:height\" content=\"1080\" \/>\n\t<meta property=\"og:image:type\" content=\"image\/jpeg\" \/>\n<meta name=\"twitter:card\" content=\"summary\" \/>\n<meta name=\"twitter:creator\" content=\"@arteeluoghi\" \/>\n<meta name=\"twitter:site\" content=\"@arteeluoghi\" \/>\n<meta name=\"twitter:label1\" content=\"Scritto da\" \/>\n\t<meta name=\"twitter:data1\" content=\"Staff\" \/>\n\t<meta name=\"twitter:label2\" content=\"Tempo di lettura stimato\" \/>\n\t<meta name=\"twitter:data2\" content=\"16 minuti\" \/>\n<script type=\"application\/ld+json\" class=\"yoast-schema-graph\">{\"@context\":\"https:\/\/schema.org\",\"@graph\":[{\"@type\":\"Organization\",\"@id\":\"https:\/\/arteeluoghi.it\/#organization\",\"name\":\"Arte e Luoghi\",\"url\":\"https:\/\/arteeluoghi.it\/\",\"sameAs\":[\"https:\/\/www.facebook.com\/ArteELuoghi\/\",\"https:\/\/www.instagram.com\/arteeluoghi\/?hl=it\",\"https:\/\/www.youtube.com\/channel\/UCuRVc4JW4-C5sg9rQB-srkw?view_as=subscriber\",\"https:\/\/twitter.com\/arteeluoghi\"],\"logo\":{\"@type\":\"ImageObject\",\"@id\":\"https:\/\/arteeluoghi.it\/#logo\",\"inLanguage\":\"it-IT\",\"url\":\"https:\/\/arteeluoghi.it\/wp-content\/uploads\/2018\/08\/logoinstagramarte.jpg\",\"contentUrl\":\"https:\/\/arteeluoghi.it\/wp-content\/uploads\/2018\/08\/logoinstagramarte.jpg\",\"width\":150,\"height\":150,\"caption\":\"Arte e Luoghi\"},\"image\":{\"@id\":\"https:\/\/arteeluoghi.it\/#logo\"}},{\"@type\":\"WebSite\",\"@id\":\"https:\/\/arteeluoghi.it\/#website\",\"url\":\"https:\/\/arteeluoghi.it\/\",\"name\":\"Arte e Luoghi\",\"description\":\"Mensile di arte, cultura, turismo e curiosit\u00e0\",\"publisher\":{\"@id\":\"https:\/\/arteeluoghi.it\/#organization\"},\"potentialAction\":[{\"@type\":\"SearchAction\",\"target\":{\"@type\":\"EntryPoint\",\"urlTemplate\":\"https:\/\/arteeluoghi.it\/?s={search_term_string}\"},\"query-input\":\"required name=search_term_string\"}],\"inLanguage\":\"it-IT\"},{\"@type\":\"ImageObject\",\"@id\":\"https:\/\/arteeluoghi.it\/index.php\/2024\/07\/08\/intervista-a-isabella-briganti-premio-lu-mieere-cinema-2024\/#primaryimage\",\"inLanguage\":\"it-IT\",\"url\":\"https:\/\/arteeluoghi.it\/wp-content\/uploads\/2024\/07\/450377468_1051655346403686_5668721768354447128_n.jpg\",\"contentUrl\":\"https:\/\/arteeluoghi.it\/wp-content\/uploads\/2024\/07\/450377468_1051655346403686_5668721768354447128_n.jpg\",\"width\":1620,\"height\":1080},{\"@type\":\"WebPage\",\"@id\":\"https:\/\/arteeluoghi.it\/index.php\/2024\/07\/08\/intervista-a-isabella-briganti-premio-lu-mieere-cinema-2024\/#webpage\",\"url\":\"https:\/\/arteeluoghi.it\/index.php\/2024\/07\/08\/intervista-a-isabella-briganti-premio-lu-mieere-cinema-2024\/\",\"name\":\"Intervista a Isabella Briganti, Premio L\u00f9 Mi\u00e8re calicidicinema 2024 | Arte e Luoghi\",\"isPartOf\":{\"@id\":\"https:\/\/arteeluoghi.it\/#website\"},\"primaryImageOfPage\":{\"@id\":\"https:\/\/arteeluoghi.it\/index.php\/2024\/07\/08\/intervista-a-isabella-briganti-premio-lu-mieere-cinema-2024\/#primaryimage\"},\"datePublished\":\"2024-07-08T12:34:40+00:00\",\"dateModified\":\"2024-07-08T13:12:53+00:00\",\"description\":\"L'attrice romana \u00e8 stata la protagonista della serata di premiazione del decennale L\u00f9 Mi\u00e8re calici di cinema ideato da Antonio Manzo.\",\"breadcrumb\":{\"@id\":\"https:\/\/arteeluoghi.it\/index.php\/2024\/07\/08\/intervista-a-isabella-briganti-premio-lu-mieere-cinema-2024\/#breadcrumb\"},\"inLanguage\":\"it-IT\",\"potentialAction\":[{\"@type\":\"ReadAction\",\"target\":[\"https:\/\/arteeluoghi.it\/index.php\/2024\/07\/08\/intervista-a-isabella-briganti-premio-lu-mieere-cinema-2024\/\"]}]},{\"@type\":\"BreadcrumbList\",\"@id\":\"https:\/\/arteeluoghi.it\/index.php\/2024\/07\/08\/intervista-a-isabella-briganti-premio-lu-mieere-cinema-2024\/#breadcrumb\",\"itemListElement\":[{\"@type\":\"ListItem\",\"position\":1,\"name\":\"Home\",\"item\":\"https:\/\/arteeluoghi.it\/\"},{\"@type\":\"ListItem\",\"position\":2,\"name\":\"Intervista a Isabella Briganti, Premio L\u00f9 Mi\u00e8re calicidicinema 2024\"}]},{\"@type\":\"Article\",\"@id\":\"https:\/\/arteeluoghi.it\/index.php\/2024\/07\/08\/intervista-a-isabella-briganti-premio-lu-mieere-cinema-2024\/#article\",\"isPartOf\":{\"@id\":\"https:\/\/arteeluoghi.it\/index.php\/2024\/07\/08\/intervista-a-isabella-briganti-premio-lu-mieere-cinema-2024\/#webpage\"},\"author\":{\"@id\":\"https:\/\/arteeluoghi.it\/#\/schema\/person\/f84e814e36e91e01448ee07eaadd41d4\"},\"headline\":\"Intervista a Isabella Briganti, Premio L\u00f9 Mi\u00e8re calicidicinema 2024\",\"datePublished\":\"2024-07-08T12:34:40+00:00\",\"dateModified\":\"2024-07-08T13:12:53+00:00\",\"mainEntityOfPage\":{\"@id\":\"https:\/\/arteeluoghi.it\/index.php\/2024\/07\/08\/intervista-a-isabella-briganti-premio-lu-mieere-cinema-2024\/#webpage\"},\"wordCount\":2997,\"commentCount\":0,\"publisher\":{\"@id\":\"https:\/\/arteeluoghi.it\/#organization\"},\"image\":{\"@id\":\"https:\/\/arteeluoghi.it\/index.php\/2024\/07\/08\/intervista-a-isabella-briganti-premio-lu-mieere-cinema-2024\/#primaryimage\"},\"thumbnailUrl\":\"https:\/\/arteeluoghi.it\/wp-content\/uploads\/2024\/07\/450377468_1051655346403686_5668721768354447128_n.jpg\",\"keywords\":[\"Antonio Manzo\",\"Isabella Briganti\",\"L\u00f9 Mi\u00e8re Calicidicinema\",\"Palazzo Brunetti\"],\"articleSection\":[\"Cinema\",\"interviste\"],\"inLanguage\":\"it-IT\",\"potentialAction\":[{\"@type\":\"CommentAction\",\"name\":\"Comment\",\"target\":[\"https:\/\/arteeluoghi.it\/index.php\/2024\/07\/08\/intervista-a-isabella-briganti-premio-lu-mieere-cinema-2024\/#respond\"]}]},{\"@type\":\"Person\",\"@id\":\"https:\/\/arteeluoghi.it\/#\/schema\/person\/f84e814e36e91e01448ee07eaadd41d4\",\"name\":\"Staff\",\"image\":{\"@type\":\"ImageObject\",\"@id\":\"https:\/\/arteeluoghi.it\/#personlogo\",\"inLanguage\":\"it-IT\",\"url\":\"https:\/\/secure.gravatar.com\/avatar\/49d2f9e46271bb04e19cebfaf141313a?s=96&d=blank&r=g\",\"contentUrl\":\"https:\/\/secure.gravatar.com\/avatar\/49d2f9e46271bb04e19cebfaf141313a?s=96&d=blank&r=g\",\"caption\":\"Staff\"}}]}<\/script>\n<!-- \/ Yoast SEO plugin. -->","yoast_head_json":{"title":"Intervista a Isabella Briganti, Premio L\u00f9 Mi\u00e8re calicidicinema 2024 | Arte e Luoghi","description":"L'attrice romana \u00e8 stata la protagonista della serata di premiazione del decennale L\u00f9 Mi\u00e8re calici di cinema ideato da Antonio Manzo.","robots":{"index":"index","follow":"follow","max-snippet":"max-snippet:-1","max-image-preview":"max-image-preview:large","max-video-preview":"max-video-preview:-1"},"canonical":"https:\/\/arteeluoghi.it\/index.php\/2024\/07\/08\/intervista-a-isabella-briganti-premio-lu-mieere-cinema-2024\/","og_locale":"it_IT","og_type":"article","og_title":"Intervista a Isabella Briganti, Premio L\u00f9 Mi\u00e8re calicidicinema 2024 | Arte e Luoghi","og_description":"L'attrice romana \u00e8 stata la protagonista della serata di premiazione del decennale L\u00f9 Mi\u00e8re calici di cinema ideato da Antonio Manzo.","og_url":"https:\/\/arteeluoghi.it\/index.php\/2024\/07\/08\/intervista-a-isabella-briganti-premio-lu-mieere-cinema-2024\/","og_site_name":"Arte e Luoghi","article_publisher":"https:\/\/www.facebook.com\/ArteELuoghi\/","article_published_time":"2024-07-08T12:34:40+00:00","article_modified_time":"2024-07-08T13:12:53+00:00","og_image":[{"width":1620,"height":1080,"url":"https:\/\/arteeluoghi.it\/wp-content\/uploads\/2024\/07\/450377468_1051655346403686_5668721768354447128_n.jpg","type":"image\/jpeg"}],"twitter_card":"summary","twitter_creator":"@arteeluoghi","twitter_site":"@arteeluoghi","twitter_misc":{"Scritto da":"Staff","Tempo di lettura stimato":"16 minuti"},"schema":{"@context":"https:\/\/schema.org","@graph":[{"@type":"Organization","@id":"https:\/\/arteeluoghi.it\/#organization","name":"Arte e Luoghi","url":"https:\/\/arteeluoghi.it\/","sameAs":["https:\/\/www.facebook.com\/ArteELuoghi\/","https:\/\/www.instagram.com\/arteeluoghi\/?hl=it","https:\/\/www.youtube.com\/channel\/UCuRVc4JW4-C5sg9rQB-srkw?view_as=subscriber","https:\/\/twitter.com\/arteeluoghi"],"logo":{"@type":"ImageObject","@id":"https:\/\/arteeluoghi.it\/#logo","inLanguage":"it-IT","url":"https:\/\/arteeluoghi.it\/wp-content\/uploads\/2018\/08\/logoinstagramarte.jpg","contentUrl":"https:\/\/arteeluoghi.it\/wp-content\/uploads\/2018\/08\/logoinstagramarte.jpg","width":150,"height":150,"caption":"Arte e Luoghi"},"image":{"@id":"https:\/\/arteeluoghi.it\/#logo"}},{"@type":"WebSite","@id":"https:\/\/arteeluoghi.it\/#website","url":"https:\/\/arteeluoghi.it\/","name":"Arte e Luoghi","description":"Mensile di arte, cultura, turismo e curiosit\u00e0","publisher":{"@id":"https:\/\/arteeluoghi.it\/#organization"},"potentialAction":[{"@type":"SearchAction","target":{"@type":"EntryPoint","urlTemplate":"https:\/\/arteeluoghi.it\/?s={search_term_string}"},"query-input":"required name=search_term_string"}],"inLanguage":"it-IT"},{"@type":"ImageObject","@id":"https:\/\/arteeluoghi.it\/index.php\/2024\/07\/08\/intervista-a-isabella-briganti-premio-lu-mieere-cinema-2024\/#primaryimage","inLanguage":"it-IT","url":"https:\/\/arteeluoghi.it\/wp-content\/uploads\/2024\/07\/450377468_1051655346403686_5668721768354447128_n.jpg","contentUrl":"https:\/\/arteeluoghi.it\/wp-content\/uploads\/2024\/07\/450377468_1051655346403686_5668721768354447128_n.jpg","width":1620,"height":1080},{"@type":"WebPage","@id":"https:\/\/arteeluoghi.it\/index.php\/2024\/07\/08\/intervista-a-isabella-briganti-premio-lu-mieere-cinema-2024\/#webpage","url":"https:\/\/arteeluoghi.it\/index.php\/2024\/07\/08\/intervista-a-isabella-briganti-premio-lu-mieere-cinema-2024\/","name":"Intervista a Isabella Briganti, Premio L\u00f9 Mi\u00e8re calicidicinema 2024 | Arte e Luoghi","isPartOf":{"@id":"https:\/\/arteeluoghi.it\/#website"},"primaryImageOfPage":{"@id":"https:\/\/arteeluoghi.it\/index.php\/2024\/07\/08\/intervista-a-isabella-briganti-premio-lu-mieere-cinema-2024\/#primaryimage"},"datePublished":"2024-07-08T12:34:40+00:00","dateModified":"2024-07-08T13:12:53+00:00","description":"L'attrice romana \u00e8 stata la protagonista della serata di premiazione del decennale L\u00f9 Mi\u00e8re calici di cinema ideato da Antonio Manzo.","breadcrumb":{"@id":"https:\/\/arteeluoghi.it\/index.php\/2024\/07\/08\/intervista-a-isabella-briganti-premio-lu-mieere-cinema-2024\/#breadcrumb"},"inLanguage":"it-IT","potentialAction":[{"@type":"ReadAction","target":["https:\/\/arteeluoghi.it\/index.php\/2024\/07\/08\/intervista-a-isabella-briganti-premio-lu-mieere-cinema-2024\/"]}]},{"@type":"BreadcrumbList","@id":"https:\/\/arteeluoghi.it\/index.php\/2024\/07\/08\/intervista-a-isabella-briganti-premio-lu-mieere-cinema-2024\/#breadcrumb","itemListElement":[{"@type":"ListItem","position":1,"name":"Home","item":"https:\/\/arteeluoghi.it\/"},{"@type":"ListItem","position":2,"name":"Intervista a Isabella Briganti, Premio L\u00f9 Mi\u00e8re calicidicinema 2024"}]},{"@type":"Article","@id":"https:\/\/arteeluoghi.it\/index.php\/2024\/07\/08\/intervista-a-isabella-briganti-premio-lu-mieere-cinema-2024\/#article","isPartOf":{"@id":"https:\/\/arteeluoghi.it\/index.php\/2024\/07\/08\/intervista-a-isabella-briganti-premio-lu-mieere-cinema-2024\/#webpage"},"author":{"@id":"https:\/\/arteeluoghi.it\/#\/schema\/person\/f84e814e36e91e01448ee07eaadd41d4"},"headline":"Intervista a Isabella Briganti, Premio L\u00f9 Mi\u00e8re calicidicinema 2024","datePublished":"2024-07-08T12:34:40+00:00","dateModified":"2024-07-08T13:12:53+00:00","mainEntityOfPage":{"@id":"https:\/\/arteeluoghi.it\/index.php\/2024\/07\/08\/intervista-a-isabella-briganti-premio-lu-mieere-cinema-2024\/#webpage"},"wordCount":2997,"commentCount":0,"publisher":{"@id":"https:\/\/arteeluoghi.it\/#organization"},"image":{"@id":"https:\/\/arteeluoghi.it\/index.php\/2024\/07\/08\/intervista-a-isabella-briganti-premio-lu-mieere-cinema-2024\/#primaryimage"},"thumbnailUrl":"https:\/\/arteeluoghi.it\/wp-content\/uploads\/2024\/07\/450377468_1051655346403686_5668721768354447128_n.jpg","keywords":["Antonio Manzo","Isabella Briganti","L\u00f9 Mi\u00e8re Calicidicinema","Palazzo Brunetti"],"articleSection":["Cinema","interviste"],"inLanguage":"it-IT","potentialAction":[{"@type":"CommentAction","name":"Comment","target":["https:\/\/arteeluoghi.it\/index.php\/2024\/07\/08\/intervista-a-isabella-briganti-premio-lu-mieere-cinema-2024\/#respond"]}]},{"@type":"Person","@id":"https:\/\/arteeluoghi.it\/#\/schema\/person\/f84e814e36e91e01448ee07eaadd41d4","name":"Staff","image":{"@type":"ImageObject","@id":"https:\/\/arteeluoghi.it\/#personlogo","inLanguage":"it-IT","url":"https:\/\/secure.gravatar.com\/avatar\/49d2f9e46271bb04e19cebfaf141313a?s=96&d=blank&r=g","contentUrl":"https:\/\/secure.gravatar.com\/avatar\/49d2f9e46271bb04e19cebfaf141313a?s=96&d=blank&r=g","caption":"Staff"}}]}},"_links":{"self":[{"href":"https:\/\/arteeluoghi.it\/index.php\/wp-json\/wp\/v2\/posts\/14629"}],"collection":[{"href":"https:\/\/arteeluoghi.it\/index.php\/wp-json\/wp\/v2\/posts"}],"about":[{"href":"https:\/\/arteeluoghi.it\/index.php\/wp-json\/wp\/v2\/types\/post"}],"author":[{"embeddable":true,"href":"https:\/\/arteeluoghi.it\/index.php\/wp-json\/wp\/v2\/users\/1"}],"replies":[{"embeddable":true,"href":"https:\/\/arteeluoghi.it\/index.php\/wp-json\/wp\/v2\/comments?post=14629"}],"version-history":[{"count":8,"href":"https:\/\/arteeluoghi.it\/index.php\/wp-json\/wp\/v2\/posts\/14629\/revisions"}],"predecessor-version":[{"id":14657,"href":"https:\/\/arteeluoghi.it\/index.php\/wp-json\/wp\/v2\/posts\/14629\/revisions\/14657"}],"wp:featuredmedia":[{"embeddable":true,"href":"https:\/\/arteeluoghi.it\/index.php\/wp-json\/wp\/v2\/media\/14635"}],"wp:attachment":[{"href":"https:\/\/arteeluoghi.it\/index.php\/wp-json\/wp\/v2\/media?parent=14629"}],"wp:term":[{"taxonomy":"category","embeddable":true,"href":"https:\/\/arteeluoghi.it\/index.php\/wp-json\/wp\/v2\/categories?post=14629"},{"taxonomy":"post_tag","embeddable":true,"href":"https:\/\/arteeluoghi.it\/index.php\/wp-json\/wp\/v2\/tags?post=14629"}],"curies":[{"name":"wp","href":"https:\/\/api.w.org\/{rel}","templated":true}]}}