{"id":1464,"date":"2013-11-29T20:27:20","date_gmt":"2013-11-29T19:27:20","guid":{"rendered":"http:\/\/arteeluoghi.it\/index.php\/2013\/11\/29\/una-giornata-di-studio-sul-paesaggio\/"},"modified":"2013-11-29T20:27:20","modified_gmt":"2013-11-29T19:27:20","slug":"una-giornata-di-studio-sul-paesaggio","status":"publish","type":"post","link":"https:\/\/arteeluoghi.it\/index.php\/2013\/11\/29\/una-giornata-di-studio-sul-paesaggio\/","title":{"rendered":"Una giornata di studio sul paesaggio"},"content":{"rendered":"<p><strong><img src=\"\/images\/biblioteca%20bernardini.jpg\" border=\"0\" style=\"float: left; margin: 21px;\" \/><\/strong><\/p>\n<p>Venerd\u00ec 29 novembre a Lecce<\/p>\n<p><strong>Una giornata di studio sul paesaggio al Convitto Palmieri <br \/><\/strong><\/p>\n<p><strong> \u201cPaesaggi, Giardini, Archeologie\u201d<\/strong>: \u00e8 questo il tema della giornata di studio in programma domani, venerd\u00ec 29 novembre, a partire dalle ore 9.30, nella sala Teatrino dell\u2019ex\u00a0 Convitto Palmieri a Lecce.<\/p>\n<p>Promossa dall\u2019Associazione Italiana di Architettura del Paesaggio (Aiapp) &#8211; Sezione Puglia, in collaborazione con la Provincia di Lecce, \u00e8 una giornata nella quale \u00e8 previsto il coinvolgimento di esperti di fama nazionale ed internazionale e con la quale la sezione pugliese dell\u2019Aiapp intende dare un segno tangibile dell\u2019impegno che su vari fronti sta portando avanti sul territorio, al fine di diffondere la \u201ccultura del paesaggio\u201d.<\/p>\n<p>  <!--more-->  <\/p>\n<p>L\u2019appuntamento di domani sar\u00e0 incentrato su uno degli ambiti pi\u00f9 affascinanti dell\u2019architettura del paesaggio, il \u201cgiardino storico\u201d. Attraverso gli interventi degli studiosi coinvolti, provenienti dalle pi\u00f9 prestigiose Universit\u00e0 italiane (Firenze, Venezia, Roma), si parler\u00e0 di rovine e finte rovine nei giardini storici, dell\u2019indagine archeologica nel recupero dei giardini, dell\u2019importanza della componente vegetale nel progetto del giardino e del parco archeologico, del restauro dei ruderi nei giardini.<\/p>\n<p>\u00a0<\/p>\n<p>Accanto agli affascinanti esempi in Italia e altrove, si parler\u00e0 anche di giardini, parchi e archeologia nel nostro territorio grazie al coinvolgimento del professore <strong>Vincenzo Cazzato<\/strong>, e di altri professionisti e cultori della materia che animeranno la seconda parte della giornata di studio.<\/p>\n<p>\u00a0<\/p>\n<p>Le conclusione della giornata di studio (<span style=\"text-decoration: underline;\">ore 17.30<\/span>) saranno del presidente della Provincia di Lecce <strong>Antonio Gabellone<\/strong>.<\/p>\n<p>\u00a0<\/p>\n<p>Ad arricchire l\u2019evento, la Mostra\u201c<strong>Paesaggi e Archeologie<\/strong>\u201d, sempre al Convitto Palmieri, che presenta una selezione di piani e progetti di spazi aperti legati al tema archeologico (parchi ed aree archeologiche, siti industriali e minerari dismessi, paesaggi produttivi abbandonati e in trasformazione), accanto ad una serie di strumenti operativi e strategie gestionali per il confronto con i paesaggi archeologici.<\/p>\n<p>(fonte: comunicato stampa)<\/p>\n","protected":false},"excerpt":{"rendered":"<p>Venerd\u00ec 29 novembre a Lecce Una giornata di studio sul paesaggio al Convitto Palmieri \u201cPaesaggi, Giardini, Archeologie\u201d: \u00e8 questo il<\/p>\n","protected":false},"author":1,"featured_media":0,"comment_status":"open","ping_status":"open","sticky":false,"template":"","format":"standard","meta":[],"categories":[28],"tags":[],"yoast_head":"<!-- This site is optimized with the Yoast SEO plugin v18.0 - https:\/\/yoast.com\/wordpress\/plugins\/seo\/ -->\n<title>Una giornata di studio sul paesaggio | Arte e Luoghi<\/title>\n<meta name=\"robots\" content=\"index, follow, max-snippet:-1, max-image-preview:large, max-video-preview:-1\" \/>\n<link rel=\"canonical\" href=\"https:\/\/arteeluoghi.it\/index.php\/2013\/11\/29\/una-giornata-di-studio-sul-paesaggio\/\" \/>\n<meta property=\"og:locale\" content=\"it_IT\" \/>\n<meta property=\"og:type\" content=\"article\" \/>\n<meta property=\"og:title\" content=\"Una giornata di studio sul paesaggio | Arte e Luoghi\" \/>\n<meta property=\"og:description\" content=\"Venerd\u00ec 29 novembre a Lecce Una giornata di studio sul paesaggio al Convitto Palmieri \u201cPaesaggi, Giardini, Archeologie\u201d: \u00e8 questo il\" \/>\n<meta property=\"og:url\" content=\"https:\/\/arteeluoghi.it\/index.php\/2013\/11\/29\/una-giornata-di-studio-sul-paesaggio\/\" \/>\n<meta property=\"og:site_name\" content=\"Arte e Luoghi\" \/>\n<meta property=\"article:publisher\" content=\"https:\/\/www.facebook.com\/ArteELuoghi\/\" \/>\n<meta property=\"article:published_time\" content=\"2013-11-29T19:27:20+00:00\" \/>\n<meta property=\"og:image\" content=\"https:\/\/arteeluoghi.it\/images\/biblioteca%20bernardini.jpg\" \/>\n<meta name=\"twitter:card\" content=\"summary\" \/>\n<meta name=\"twitter:creator\" content=\"@arteeluoghi\" \/>\n<meta name=\"twitter:site\" content=\"@arteeluoghi\" \/>\n<meta name=\"twitter:label1\" content=\"Scritto da\" \/>\n\t<meta name=\"twitter:data1\" content=\"Staff\" \/>\n\t<meta name=\"twitter:label2\" content=\"Tempo di lettura stimato\" \/>\n\t<meta name=\"twitter:data2\" content=\"1 minuto\" \/>\n<script type=\"application\/ld+json\" class=\"yoast-schema-graph\">{\"@context\":\"https:\/\/schema.org\",\"@graph\":[{\"@type\":\"Organization\",\"@id\":\"https:\/\/arteeluoghi.it\/#organization\",\"name\":\"Arte e Luoghi\",\"url\":\"https:\/\/arteeluoghi.it\/\",\"sameAs\":[\"https:\/\/www.facebook.com\/ArteELuoghi\/\",\"https:\/\/www.instagram.com\/arteeluoghi\/?hl=it\",\"https:\/\/www.youtube.com\/channel\/UCuRVc4JW4-C5sg9rQB-srkw?view_as=subscriber\",\"https:\/\/twitter.com\/arteeluoghi\"],\"logo\":{\"@type\":\"ImageObject\",\"@id\":\"https:\/\/arteeluoghi.it\/#logo\",\"inLanguage\":\"it-IT\",\"url\":\"https:\/\/arteeluoghi.it\/wp-content\/uploads\/2018\/08\/logoinstagramarte.jpg\",\"contentUrl\":\"https:\/\/arteeluoghi.it\/wp-content\/uploads\/2018\/08\/logoinstagramarte.jpg\",\"width\":150,\"height\":150,\"caption\":\"Arte e Luoghi\"},\"image\":{\"@id\":\"https:\/\/arteeluoghi.it\/#logo\"}},{\"@type\":\"WebSite\",\"@id\":\"https:\/\/arteeluoghi.it\/#website\",\"url\":\"https:\/\/arteeluoghi.it\/\",\"name\":\"Arte e Luoghi\",\"description\":\"Mensile di arte, cultura, turismo e curiosit\u00e0\",\"publisher\":{\"@id\":\"https:\/\/arteeluoghi.it\/#organization\"},\"potentialAction\":[{\"@type\":\"SearchAction\",\"target\":{\"@type\":\"EntryPoint\",\"urlTemplate\":\"https:\/\/arteeluoghi.it\/?s={search_term_string}\"},\"query-input\":\"required name=search_term_string\"}],\"inLanguage\":\"it-IT\"},{\"@type\":\"ImageObject\",\"@id\":\"https:\/\/arteeluoghi.it\/index.php\/2013\/11\/29\/una-giornata-di-studio-sul-paesaggio\/#primaryimage\",\"inLanguage\":\"it-IT\",\"url\":\"\/images\/biblioteca%20bernardini.jpg\",\"contentUrl\":\"\/images\/biblioteca%20bernardini.jpg\"},{\"@type\":\"WebPage\",\"@id\":\"https:\/\/arteeluoghi.it\/index.php\/2013\/11\/29\/una-giornata-di-studio-sul-paesaggio\/#webpage\",\"url\":\"https:\/\/arteeluoghi.it\/index.php\/2013\/11\/29\/una-giornata-di-studio-sul-paesaggio\/\",\"name\":\"Una giornata di studio sul paesaggio | Arte e Luoghi\",\"isPartOf\":{\"@id\":\"https:\/\/arteeluoghi.it\/#website\"},\"primaryImageOfPage\":{\"@id\":\"https:\/\/arteeluoghi.it\/index.php\/2013\/11\/29\/una-giornata-di-studio-sul-paesaggio\/#primaryimage\"},\"datePublished\":\"2013-11-29T19:27:20+00:00\",\"dateModified\":\"2013-11-29T19:27:20+00:00\",\"breadcrumb\":{\"@id\":\"https:\/\/arteeluoghi.it\/index.php\/2013\/11\/29\/una-giornata-di-studio-sul-paesaggio\/#breadcrumb\"},\"inLanguage\":\"it-IT\",\"potentialAction\":[{\"@type\":\"ReadAction\",\"target\":[\"https:\/\/arteeluoghi.it\/index.php\/2013\/11\/29\/una-giornata-di-studio-sul-paesaggio\/\"]}]},{\"@type\":\"BreadcrumbList\",\"@id\":\"https:\/\/arteeluoghi.it\/index.php\/2013\/11\/29\/una-giornata-di-studio-sul-paesaggio\/#breadcrumb\",\"itemListElement\":[{\"@type\":\"ListItem\",\"position\":1,\"name\":\"Home\",\"item\":\"https:\/\/arteeluoghi.it\/\"},{\"@type\":\"ListItem\",\"position\":2,\"name\":\"Una giornata di studio sul paesaggio\"}]},{\"@type\":\"Article\",\"@id\":\"https:\/\/arteeluoghi.it\/index.php\/2013\/11\/29\/una-giornata-di-studio-sul-paesaggio\/#article\",\"isPartOf\":{\"@id\":\"https:\/\/arteeluoghi.it\/index.php\/2013\/11\/29\/una-giornata-di-studio-sul-paesaggio\/#webpage\"},\"author\":{\"@id\":\"https:\/\/arteeluoghi.it\/#\/schema\/person\/f84e814e36e91e01448ee07eaadd41d4\"},\"headline\":\"Una giornata di studio sul paesaggio\",\"datePublished\":\"2013-11-29T19:27:20+00:00\",\"dateModified\":\"2013-11-29T19:27:20+00:00\",\"mainEntityOfPage\":{\"@id\":\"https:\/\/arteeluoghi.it\/index.php\/2013\/11\/29\/una-giornata-di-studio-sul-paesaggio\/#webpage\"},\"wordCount\":305,\"commentCount\":0,\"publisher\":{\"@id\":\"https:\/\/arteeluoghi.it\/#organization\"},\"image\":{\"@id\":\"https:\/\/arteeluoghi.it\/index.php\/2013\/11\/29\/una-giornata-di-studio-sul-paesaggio\/#primaryimage\"},\"thumbnailUrl\":\"\/images\/biblioteca%20bernardini.jpg\",\"articleSection\":[\"Notizie\"],\"inLanguage\":\"it-IT\",\"potentialAction\":[{\"@type\":\"CommentAction\",\"name\":\"Comment\",\"target\":[\"https:\/\/arteeluoghi.it\/index.php\/2013\/11\/29\/una-giornata-di-studio-sul-paesaggio\/#respond\"]}]},{\"@type\":\"Person\",\"@id\":\"https:\/\/arteeluoghi.it\/#\/schema\/person\/f84e814e36e91e01448ee07eaadd41d4\",\"name\":\"Staff\",\"image\":{\"@type\":\"ImageObject\",\"@id\":\"https:\/\/arteeluoghi.it\/#personlogo\",\"inLanguage\":\"it-IT\",\"url\":\"https:\/\/secure.gravatar.com\/avatar\/49d2f9e46271bb04e19cebfaf141313a?s=96&d=blank&r=g\",\"contentUrl\":\"https:\/\/secure.gravatar.com\/avatar\/49d2f9e46271bb04e19cebfaf141313a?s=96&d=blank&r=g\",\"caption\":\"Staff\"}}]}<\/script>\n<!-- \/ Yoast SEO plugin. -->","yoast_head_json":{"title":"Una giornata di studio sul paesaggio | Arte e Luoghi","robots":{"index":"index","follow":"follow","max-snippet":"max-snippet:-1","max-image-preview":"max-image-preview:large","max-video-preview":"max-video-preview:-1"},"canonical":"https:\/\/arteeluoghi.it\/index.php\/2013\/11\/29\/una-giornata-di-studio-sul-paesaggio\/","og_locale":"it_IT","og_type":"article","og_title":"Una giornata di studio sul paesaggio | Arte e Luoghi","og_description":"Venerd\u00ec 29 novembre a Lecce Una giornata di studio sul paesaggio al Convitto Palmieri \u201cPaesaggi, Giardini, Archeologie\u201d: \u00e8 questo il","og_url":"https:\/\/arteeluoghi.it\/index.php\/2013\/11\/29\/una-giornata-di-studio-sul-paesaggio\/","og_site_name":"Arte e Luoghi","article_publisher":"https:\/\/www.facebook.com\/ArteELuoghi\/","article_published_time":"2013-11-29T19:27:20+00:00","og_image":[{"url":"https:\/\/arteeluoghi.it\/images\/biblioteca%20bernardini.jpg"}],"twitter_card":"summary","twitter_creator":"@arteeluoghi","twitter_site":"@arteeluoghi","twitter_misc":{"Scritto da":"Staff","Tempo di lettura stimato":"1 minuto"},"schema":{"@context":"https:\/\/schema.org","@graph":[{"@type":"Organization","@id":"https:\/\/arteeluoghi.it\/#organization","name":"Arte e Luoghi","url":"https:\/\/arteeluoghi.it\/","sameAs":["https:\/\/www.facebook.com\/ArteELuoghi\/","https:\/\/www.instagram.com\/arteeluoghi\/?hl=it","https:\/\/www.youtube.com\/channel\/UCuRVc4JW4-C5sg9rQB-srkw?view_as=subscriber","https:\/\/twitter.com\/arteeluoghi"],"logo":{"@type":"ImageObject","@id":"https:\/\/arteeluoghi.it\/#logo","inLanguage":"it-IT","url":"https:\/\/arteeluoghi.it\/wp-content\/uploads\/2018\/08\/logoinstagramarte.jpg","contentUrl":"https:\/\/arteeluoghi.it\/wp-content\/uploads\/2018\/08\/logoinstagramarte.jpg","width":150,"height":150,"caption":"Arte e Luoghi"},"image":{"@id":"https:\/\/arteeluoghi.it\/#logo"}},{"@type":"WebSite","@id":"https:\/\/arteeluoghi.it\/#website","url":"https:\/\/arteeluoghi.it\/","name":"Arte e Luoghi","description":"Mensile di arte, cultura, turismo e curiosit\u00e0","publisher":{"@id":"https:\/\/arteeluoghi.it\/#organization"},"potentialAction":[{"@type":"SearchAction","target":{"@type":"EntryPoint","urlTemplate":"https:\/\/arteeluoghi.it\/?s={search_term_string}"},"query-input":"required name=search_term_string"}],"inLanguage":"it-IT"},{"@type":"ImageObject","@id":"https:\/\/arteeluoghi.it\/index.php\/2013\/11\/29\/una-giornata-di-studio-sul-paesaggio\/#primaryimage","inLanguage":"it-IT","url":"\/images\/biblioteca%20bernardini.jpg","contentUrl":"\/images\/biblioteca%20bernardini.jpg"},{"@type":"WebPage","@id":"https:\/\/arteeluoghi.it\/index.php\/2013\/11\/29\/una-giornata-di-studio-sul-paesaggio\/#webpage","url":"https:\/\/arteeluoghi.it\/index.php\/2013\/11\/29\/una-giornata-di-studio-sul-paesaggio\/","name":"Una giornata di studio sul paesaggio | Arte e Luoghi","isPartOf":{"@id":"https:\/\/arteeluoghi.it\/#website"},"primaryImageOfPage":{"@id":"https:\/\/arteeluoghi.it\/index.php\/2013\/11\/29\/una-giornata-di-studio-sul-paesaggio\/#primaryimage"},"datePublished":"2013-11-29T19:27:20+00:00","dateModified":"2013-11-29T19:27:20+00:00","breadcrumb":{"@id":"https:\/\/arteeluoghi.it\/index.php\/2013\/11\/29\/una-giornata-di-studio-sul-paesaggio\/#breadcrumb"},"inLanguage":"it-IT","potentialAction":[{"@type":"ReadAction","target":["https:\/\/arteeluoghi.it\/index.php\/2013\/11\/29\/una-giornata-di-studio-sul-paesaggio\/"]}]},{"@type":"BreadcrumbList","@id":"https:\/\/arteeluoghi.it\/index.php\/2013\/11\/29\/una-giornata-di-studio-sul-paesaggio\/#breadcrumb","itemListElement":[{"@type":"ListItem","position":1,"name":"Home","item":"https:\/\/arteeluoghi.it\/"},{"@type":"ListItem","position":2,"name":"Una giornata di studio sul paesaggio"}]},{"@type":"Article","@id":"https:\/\/arteeluoghi.it\/index.php\/2013\/11\/29\/una-giornata-di-studio-sul-paesaggio\/#article","isPartOf":{"@id":"https:\/\/arteeluoghi.it\/index.php\/2013\/11\/29\/una-giornata-di-studio-sul-paesaggio\/#webpage"},"author":{"@id":"https:\/\/arteeluoghi.it\/#\/schema\/person\/f84e814e36e91e01448ee07eaadd41d4"},"headline":"Una giornata di studio sul paesaggio","datePublished":"2013-11-29T19:27:20+00:00","dateModified":"2013-11-29T19:27:20+00:00","mainEntityOfPage":{"@id":"https:\/\/arteeluoghi.it\/index.php\/2013\/11\/29\/una-giornata-di-studio-sul-paesaggio\/#webpage"},"wordCount":305,"commentCount":0,"publisher":{"@id":"https:\/\/arteeluoghi.it\/#organization"},"image":{"@id":"https:\/\/arteeluoghi.it\/index.php\/2013\/11\/29\/una-giornata-di-studio-sul-paesaggio\/#primaryimage"},"thumbnailUrl":"\/images\/biblioteca%20bernardini.jpg","articleSection":["Notizie"],"inLanguage":"it-IT","potentialAction":[{"@type":"CommentAction","name":"Comment","target":["https:\/\/arteeluoghi.it\/index.php\/2013\/11\/29\/una-giornata-di-studio-sul-paesaggio\/#respond"]}]},{"@type":"Person","@id":"https:\/\/arteeluoghi.it\/#\/schema\/person\/f84e814e36e91e01448ee07eaadd41d4","name":"Staff","image":{"@type":"ImageObject","@id":"https:\/\/arteeluoghi.it\/#personlogo","inLanguage":"it-IT","url":"https:\/\/secure.gravatar.com\/avatar\/49d2f9e46271bb04e19cebfaf141313a?s=96&d=blank&r=g","contentUrl":"https:\/\/secure.gravatar.com\/avatar\/49d2f9e46271bb04e19cebfaf141313a?s=96&d=blank&r=g","caption":"Staff"}}]}},"_links":{"self":[{"href":"https:\/\/arteeluoghi.it\/index.php\/wp-json\/wp\/v2\/posts\/1464"}],"collection":[{"href":"https:\/\/arteeluoghi.it\/index.php\/wp-json\/wp\/v2\/posts"}],"about":[{"href":"https:\/\/arteeluoghi.it\/index.php\/wp-json\/wp\/v2\/types\/post"}],"author":[{"embeddable":true,"href":"https:\/\/arteeluoghi.it\/index.php\/wp-json\/wp\/v2\/users\/1"}],"replies":[{"embeddable":true,"href":"https:\/\/arteeluoghi.it\/index.php\/wp-json\/wp\/v2\/comments?post=1464"}],"version-history":[{"count":0,"href":"https:\/\/arteeluoghi.it\/index.php\/wp-json\/wp\/v2\/posts\/1464\/revisions"}],"wp:attachment":[{"href":"https:\/\/arteeluoghi.it\/index.php\/wp-json\/wp\/v2\/media?parent=1464"}],"wp:term":[{"taxonomy":"category","embeddable":true,"href":"https:\/\/arteeluoghi.it\/index.php\/wp-json\/wp\/v2\/categories?post=1464"},{"taxonomy":"post_tag","embeddable":true,"href":"https:\/\/arteeluoghi.it\/index.php\/wp-json\/wp\/v2\/tags?post=1464"}],"curies":[{"name":"wp","href":"https:\/\/api.w.org\/{rel}","templated":true}]}}