{"id":1467,"date":"2013-11-29T21:58:35","date_gmt":"2013-11-29T20:58:35","guid":{"rendered":"http:\/\/arteeluoghi.it\/index.php\/2013\/11\/29\/una-notte-al-museo-a-firenze\/"},"modified":"2013-11-29T21:58:35","modified_gmt":"2013-11-29T20:58:35","slug":"una-notte-al-museo-a-firenze","status":"publish","type":"post","link":"https:\/\/arteeluoghi.it\/index.php\/2013\/11\/29\/una-notte-al-museo-a-firenze\/","title":{"rendered":"Una notte al Museo a Firenze"},"content":{"rendered":"<p class=\"Default\"><img src=\"\/images\/Improvidance.jpg\" border=\"0\" width=\"300\" style=\"margin: 21px; float: left;\" \/>Sabato 30 novembre 2013<\/p>\n<p class=\"Default\">Girovagando per Firenze&#8230;.una\u00a0 notte<\/p>\n<p class=\"Default\">Sabato 30 novembre 2013 torna <strong>Una notte al museo<\/strong>, progetto ideato dal Ministero dei beni e delle attivit\u00e0 culturali e del turismo, che prevede l\u2019apertura in orario serale di alcuni luoghi d&#8217;eccellenza della cultura tra musei e aree archeologiche statali, arricchite da un ricco programma di appuntamenti collaterali.<\/p>\n<p class=\"Default\">In collaborazione con la Direzione per la Valorizzazione e il concessionario (Firenze Musei), il Polo Museale Fiorentino aderisce all\u2019iniziativa aprendo, in orario non consueto, alcuni dei pi\u00f9 noti musei statali cittadini per l\u2019ingresso ai quali \u00e8 <strong>consigliata la prenotazione chiamando il numero 055-294883<\/strong>.<\/p>\n<p>  <!--more-->  <\/p>\n<p class=\"Default\">Dalle 19 alle 23 prolungher\u00e0 l\u2019orario di apertura la <strong>Galleria degli Uffizi <\/strong>(biglietto 11 euro, ultimo ingresso ore 22) nelle cui sale del Piano Nobile \u00e8 in corso la mostra \u201cIl Gran Principe Ferdinando de\u2019 Medici (1663-1713) Collezionista e Mecenate\u201d; sempre sabato dalle 19 alle 23\u00a0 rester\u00e0 aperta la <strong>Galleria dell\u2019Accademia <\/strong>(biglietto 11 euro, ultimo ingresso ore 22.30), dove \u00e8 in corso la mostra \u201cDal Giglio al David. Arte civica a Firenze fra Medioevo e Rinascimento\u201d; infine il <strong>Museo delle Cappelle Medicee <\/strong>(biglietto 6 euro, ultimo ingresso alle 22.30), dopo il consueto orario di apertura (ore 8.15-13.50), riaprir\u00e0 alle 19 e proseguir\u00e0 sino alle 23.<\/p>\n<p class=\"Default\">\u00a0<\/p>\n<p class=\"Default\">APPUNTAMENTI COLLATERALI<\/p>\n<p>Come nelle precedenti \u201cNotti al Museo\u201d, anche stavolta Opera Laboratori Fiorentini per Firenze Musei ha promosso e messo a punto un variegato programma di appuntamenti collaterali che spaziano dal teatro alla danza, alla musica.<\/p>\n<p>La <strong>Galleria dell\u2019Accademia<\/strong> propone uno spettacolo che, appunto, unisce musica e danza. Si intitola \u201cImprovidance\u201d ed \u00e8 un concerto a due voci, per piano e danza, con Andrea Di Donna al pianoforte e la danzatrice Elisa Bartoli. La performance, che si baser\u00e0 su musiche originali e\/o brani della tradizione jazz, prevede tre interventi di circa 20 minuti ciascuno,\u00a0che si effettueranno\u00a0 alle 20, alle 21 e alle 22. Lo spettacolo \u00e8 gratuito, compreso nel prezzo biglietto d\u2019ingresso alla Galleria dell\u2019Accademia.<\/p>\n<p>Dopo il successo dello scorso agosto, Opera Laboratori Fiorentini per Firenze Musei rinnova alle <strong>Cappelle Medicee<\/strong> la possibilit\u00e0 di \u201cincontrare\u201d Anna Maria Luisa de\u2019 Medici, l\u2019ultima discendente della celebre dinastia fiorentina. Nelle vicinanze del suo monumento funebre, nella cripta del mauseo mediceo, l\u2019attrice della Compagnia delle Seggiole, Anna Collazzo, reciter\u00e0 il monologo dell\u2019Elettrice Palatina, nota soprattutto per aver stipulato con la futura dinastia regnante il <em>Patto di Famiglia<\/em> che stabiliva che non si potessero \u201c\u2026 levar fuori dallo Stato del Granducato \u2026 Gallerie, Quadri, Statue, Biblioteche, Gioje ed altre cose preziose \u2026 affinch\u00e9 esse rimanessero per ornamento dello Stato, per utilit\u00e0 del Pubblico e per attirare la curiosit\u00e0 dei Forestieri\u201d. Questo atto, straordinariamente lungimirante, permise a Firenze di mantenere tutto il patrimonio artistico a cui oggi deve la sua fama internazionale.Il monologo \u00e8 fissato per le ore 20 e sono previste due repliche alle 21 e alle 22. Anche in questo caso lo spettacolo \u00e8 gratuito, compreso nel prezzo del biglietto d\u2019ingresso alle Cappelle Medicee.<\/p>\n","protected":false},"excerpt":{"rendered":"<p>Sabato 30 novembre 2013 Girovagando per Firenze&#8230;.una\u00a0 notte Sabato 30 novembre 2013 torna Una notte al museo, progetto ideato dal<\/p>\n","protected":false},"author":1,"featured_media":0,"comment_status":"open","ping_status":"open","sticky":false,"template":"","format":"standard","meta":[],"categories":[27],"tags":[],"yoast_head":"<!-- This site is optimized with the Yoast SEO plugin v18.0 - https:\/\/yoast.com\/wordpress\/plugins\/seo\/ -->\n<title>Una notte al Museo a Firenze | Arte e Luoghi<\/title>\n<meta name=\"robots\" content=\"index, follow, max-snippet:-1, max-image-preview:large, max-video-preview:-1\" \/>\n<link rel=\"canonical\" href=\"https:\/\/arteeluoghi.it\/index.php\/2013\/11\/29\/una-notte-al-museo-a-firenze\/\" \/>\n<meta property=\"og:locale\" content=\"it_IT\" \/>\n<meta property=\"og:type\" content=\"article\" \/>\n<meta property=\"og:title\" content=\"Una notte al Museo a Firenze | Arte e Luoghi\" \/>\n<meta property=\"og:description\" content=\"Sabato 30 novembre 2013 Girovagando per Firenze&#8230;.una\u00a0 notte Sabato 30 novembre 2013 torna Una notte al museo, progetto ideato dal\" \/>\n<meta property=\"og:url\" content=\"https:\/\/arteeluoghi.it\/index.php\/2013\/11\/29\/una-notte-al-museo-a-firenze\/\" \/>\n<meta property=\"og:site_name\" content=\"Arte e Luoghi\" \/>\n<meta property=\"article:publisher\" content=\"https:\/\/www.facebook.com\/ArteELuoghi\/\" \/>\n<meta property=\"article:published_time\" content=\"2013-11-29T20:58:35+00:00\" \/>\n<meta property=\"og:image\" content=\"https:\/\/arteeluoghi.it\/images\/Improvidance.jpg\" \/>\n<meta name=\"twitter:card\" content=\"summary\" \/>\n<meta name=\"twitter:creator\" content=\"@arteeluoghi\" \/>\n<meta name=\"twitter:site\" content=\"@arteeluoghi\" \/>\n<meta name=\"twitter:label1\" content=\"Scritto da\" \/>\n\t<meta name=\"twitter:data1\" content=\"Staff\" \/>\n\t<meta name=\"twitter:label2\" content=\"Tempo di lettura stimato\" \/>\n\t<meta name=\"twitter:data2\" content=\"2 minuti\" \/>\n<script type=\"application\/ld+json\" class=\"yoast-schema-graph\">{\"@context\":\"https:\/\/schema.org\",\"@graph\":[{\"@type\":\"Organization\",\"@id\":\"https:\/\/arteeluoghi.it\/#organization\",\"name\":\"Arte e Luoghi\",\"url\":\"https:\/\/arteeluoghi.it\/\",\"sameAs\":[\"https:\/\/www.facebook.com\/ArteELuoghi\/\",\"https:\/\/www.instagram.com\/arteeluoghi\/?hl=it\",\"https:\/\/www.youtube.com\/channel\/UCuRVc4JW4-C5sg9rQB-srkw?view_as=subscriber\",\"https:\/\/twitter.com\/arteeluoghi\"],\"logo\":{\"@type\":\"ImageObject\",\"@id\":\"https:\/\/arteeluoghi.it\/#logo\",\"inLanguage\":\"it-IT\",\"url\":\"https:\/\/arteeluoghi.it\/wp-content\/uploads\/2018\/08\/logoinstagramarte.jpg\",\"contentUrl\":\"https:\/\/arteeluoghi.it\/wp-content\/uploads\/2018\/08\/logoinstagramarte.jpg\",\"width\":150,\"height\":150,\"caption\":\"Arte e Luoghi\"},\"image\":{\"@id\":\"https:\/\/arteeluoghi.it\/#logo\"}},{\"@type\":\"WebSite\",\"@id\":\"https:\/\/arteeluoghi.it\/#website\",\"url\":\"https:\/\/arteeluoghi.it\/\",\"name\":\"Arte e Luoghi\",\"description\":\"Mensile di arte, cultura, turismo e curiosit\u00e0\",\"publisher\":{\"@id\":\"https:\/\/arteeluoghi.it\/#organization\"},\"potentialAction\":[{\"@type\":\"SearchAction\",\"target\":{\"@type\":\"EntryPoint\",\"urlTemplate\":\"https:\/\/arteeluoghi.it\/?s={search_term_string}\"},\"query-input\":\"required name=search_term_string\"}],\"inLanguage\":\"it-IT\"},{\"@type\":\"ImageObject\",\"@id\":\"https:\/\/arteeluoghi.it\/index.php\/2013\/11\/29\/una-notte-al-museo-a-firenze\/#primaryimage\",\"inLanguage\":\"it-IT\",\"url\":\"\/images\/Improvidance.jpg\",\"contentUrl\":\"\/images\/Improvidance.jpg\"},{\"@type\":\"WebPage\",\"@id\":\"https:\/\/arteeluoghi.it\/index.php\/2013\/11\/29\/una-notte-al-museo-a-firenze\/#webpage\",\"url\":\"https:\/\/arteeluoghi.it\/index.php\/2013\/11\/29\/una-notte-al-museo-a-firenze\/\",\"name\":\"Una notte al Museo a Firenze | Arte e Luoghi\",\"isPartOf\":{\"@id\":\"https:\/\/arteeluoghi.it\/#website\"},\"primaryImageOfPage\":{\"@id\":\"https:\/\/arteeluoghi.it\/index.php\/2013\/11\/29\/una-notte-al-museo-a-firenze\/#primaryimage\"},\"datePublished\":\"2013-11-29T20:58:35+00:00\",\"dateModified\":\"2013-11-29T20:58:35+00:00\",\"breadcrumb\":{\"@id\":\"https:\/\/arteeluoghi.it\/index.php\/2013\/11\/29\/una-notte-al-museo-a-firenze\/#breadcrumb\"},\"inLanguage\":\"it-IT\",\"potentialAction\":[{\"@type\":\"ReadAction\",\"target\":[\"https:\/\/arteeluoghi.it\/index.php\/2013\/11\/29\/una-notte-al-museo-a-firenze\/\"]}]},{\"@type\":\"BreadcrumbList\",\"@id\":\"https:\/\/arteeluoghi.it\/index.php\/2013\/11\/29\/una-notte-al-museo-a-firenze\/#breadcrumb\",\"itemListElement\":[{\"@type\":\"ListItem\",\"position\":1,\"name\":\"Home\",\"item\":\"https:\/\/arteeluoghi.it\/\"},{\"@type\":\"ListItem\",\"position\":2,\"name\":\"Una notte al Museo a Firenze\"}]},{\"@type\":\"Article\",\"@id\":\"https:\/\/arteeluoghi.it\/index.php\/2013\/11\/29\/una-notte-al-museo-a-firenze\/#article\",\"isPartOf\":{\"@id\":\"https:\/\/arteeluoghi.it\/index.php\/2013\/11\/29\/una-notte-al-museo-a-firenze\/#webpage\"},\"author\":{\"@id\":\"https:\/\/arteeluoghi.it\/#\/schema\/person\/f84e814e36e91e01448ee07eaadd41d4\"},\"headline\":\"Una notte al Museo a Firenze\",\"datePublished\":\"2013-11-29T20:58:35+00:00\",\"dateModified\":\"2013-11-29T20:58:35+00:00\",\"mainEntityOfPage\":{\"@id\":\"https:\/\/arteeluoghi.it\/index.php\/2013\/11\/29\/una-notte-al-museo-a-firenze\/#webpage\"},\"wordCount\":473,\"commentCount\":0,\"publisher\":{\"@id\":\"https:\/\/arteeluoghi.it\/#organization\"},\"image\":{\"@id\":\"https:\/\/arteeluoghi.it\/index.php\/2013\/11\/29\/una-notte-al-museo-a-firenze\/#primaryimage\"},\"thumbnailUrl\":\"\/images\/Improvidance.jpg\",\"articleSection\":[\"Arte\"],\"inLanguage\":\"it-IT\",\"potentialAction\":[{\"@type\":\"CommentAction\",\"name\":\"Comment\",\"target\":[\"https:\/\/arteeluoghi.it\/index.php\/2013\/11\/29\/una-notte-al-museo-a-firenze\/#respond\"]}]},{\"@type\":\"Person\",\"@id\":\"https:\/\/arteeluoghi.it\/#\/schema\/person\/f84e814e36e91e01448ee07eaadd41d4\",\"name\":\"Staff\",\"image\":{\"@type\":\"ImageObject\",\"@id\":\"https:\/\/arteeluoghi.it\/#personlogo\",\"inLanguage\":\"it-IT\",\"url\":\"https:\/\/secure.gravatar.com\/avatar\/49d2f9e46271bb04e19cebfaf141313a?s=96&d=blank&r=g\",\"contentUrl\":\"https:\/\/secure.gravatar.com\/avatar\/49d2f9e46271bb04e19cebfaf141313a?s=96&d=blank&r=g\",\"caption\":\"Staff\"}}]}<\/script>\n<!-- \/ Yoast SEO plugin. -->","yoast_head_json":{"title":"Una notte al Museo a Firenze | Arte e Luoghi","robots":{"index":"index","follow":"follow","max-snippet":"max-snippet:-1","max-image-preview":"max-image-preview:large","max-video-preview":"max-video-preview:-1"},"canonical":"https:\/\/arteeluoghi.it\/index.php\/2013\/11\/29\/una-notte-al-museo-a-firenze\/","og_locale":"it_IT","og_type":"article","og_title":"Una notte al Museo a Firenze | Arte e Luoghi","og_description":"Sabato 30 novembre 2013 Girovagando per Firenze&#8230;.una\u00a0 notte Sabato 30 novembre 2013 torna Una notte al museo, progetto ideato dal","og_url":"https:\/\/arteeluoghi.it\/index.php\/2013\/11\/29\/una-notte-al-museo-a-firenze\/","og_site_name":"Arte e Luoghi","article_publisher":"https:\/\/www.facebook.com\/ArteELuoghi\/","article_published_time":"2013-11-29T20:58:35+00:00","og_image":[{"url":"https:\/\/arteeluoghi.it\/images\/Improvidance.jpg"}],"twitter_card":"summary","twitter_creator":"@arteeluoghi","twitter_site":"@arteeluoghi","twitter_misc":{"Scritto da":"Staff","Tempo di lettura stimato":"2 minuti"},"schema":{"@context":"https:\/\/schema.org","@graph":[{"@type":"Organization","@id":"https:\/\/arteeluoghi.it\/#organization","name":"Arte e Luoghi","url":"https:\/\/arteeluoghi.it\/","sameAs":["https:\/\/www.facebook.com\/ArteELuoghi\/","https:\/\/www.instagram.com\/arteeluoghi\/?hl=it","https:\/\/www.youtube.com\/channel\/UCuRVc4JW4-C5sg9rQB-srkw?view_as=subscriber","https:\/\/twitter.com\/arteeluoghi"],"logo":{"@type":"ImageObject","@id":"https:\/\/arteeluoghi.it\/#logo","inLanguage":"it-IT","url":"https:\/\/arteeluoghi.it\/wp-content\/uploads\/2018\/08\/logoinstagramarte.jpg","contentUrl":"https:\/\/arteeluoghi.it\/wp-content\/uploads\/2018\/08\/logoinstagramarte.jpg","width":150,"height":150,"caption":"Arte e Luoghi"},"image":{"@id":"https:\/\/arteeluoghi.it\/#logo"}},{"@type":"WebSite","@id":"https:\/\/arteeluoghi.it\/#website","url":"https:\/\/arteeluoghi.it\/","name":"Arte e Luoghi","description":"Mensile di arte, cultura, turismo e curiosit\u00e0","publisher":{"@id":"https:\/\/arteeluoghi.it\/#organization"},"potentialAction":[{"@type":"SearchAction","target":{"@type":"EntryPoint","urlTemplate":"https:\/\/arteeluoghi.it\/?s={search_term_string}"},"query-input":"required name=search_term_string"}],"inLanguage":"it-IT"},{"@type":"ImageObject","@id":"https:\/\/arteeluoghi.it\/index.php\/2013\/11\/29\/una-notte-al-museo-a-firenze\/#primaryimage","inLanguage":"it-IT","url":"\/images\/Improvidance.jpg","contentUrl":"\/images\/Improvidance.jpg"},{"@type":"WebPage","@id":"https:\/\/arteeluoghi.it\/index.php\/2013\/11\/29\/una-notte-al-museo-a-firenze\/#webpage","url":"https:\/\/arteeluoghi.it\/index.php\/2013\/11\/29\/una-notte-al-museo-a-firenze\/","name":"Una notte al Museo a Firenze | Arte e Luoghi","isPartOf":{"@id":"https:\/\/arteeluoghi.it\/#website"},"primaryImageOfPage":{"@id":"https:\/\/arteeluoghi.it\/index.php\/2013\/11\/29\/una-notte-al-museo-a-firenze\/#primaryimage"},"datePublished":"2013-11-29T20:58:35+00:00","dateModified":"2013-11-29T20:58:35+00:00","breadcrumb":{"@id":"https:\/\/arteeluoghi.it\/index.php\/2013\/11\/29\/una-notte-al-museo-a-firenze\/#breadcrumb"},"inLanguage":"it-IT","potentialAction":[{"@type":"ReadAction","target":["https:\/\/arteeluoghi.it\/index.php\/2013\/11\/29\/una-notte-al-museo-a-firenze\/"]}]},{"@type":"BreadcrumbList","@id":"https:\/\/arteeluoghi.it\/index.php\/2013\/11\/29\/una-notte-al-museo-a-firenze\/#breadcrumb","itemListElement":[{"@type":"ListItem","position":1,"name":"Home","item":"https:\/\/arteeluoghi.it\/"},{"@type":"ListItem","position":2,"name":"Una notte al Museo a Firenze"}]},{"@type":"Article","@id":"https:\/\/arteeluoghi.it\/index.php\/2013\/11\/29\/una-notte-al-museo-a-firenze\/#article","isPartOf":{"@id":"https:\/\/arteeluoghi.it\/index.php\/2013\/11\/29\/una-notte-al-museo-a-firenze\/#webpage"},"author":{"@id":"https:\/\/arteeluoghi.it\/#\/schema\/person\/f84e814e36e91e01448ee07eaadd41d4"},"headline":"Una notte al Museo a Firenze","datePublished":"2013-11-29T20:58:35+00:00","dateModified":"2013-11-29T20:58:35+00:00","mainEntityOfPage":{"@id":"https:\/\/arteeluoghi.it\/index.php\/2013\/11\/29\/una-notte-al-museo-a-firenze\/#webpage"},"wordCount":473,"commentCount":0,"publisher":{"@id":"https:\/\/arteeluoghi.it\/#organization"},"image":{"@id":"https:\/\/arteeluoghi.it\/index.php\/2013\/11\/29\/una-notte-al-museo-a-firenze\/#primaryimage"},"thumbnailUrl":"\/images\/Improvidance.jpg","articleSection":["Arte"],"inLanguage":"it-IT","potentialAction":[{"@type":"CommentAction","name":"Comment","target":["https:\/\/arteeluoghi.it\/index.php\/2013\/11\/29\/una-notte-al-museo-a-firenze\/#respond"]}]},{"@type":"Person","@id":"https:\/\/arteeluoghi.it\/#\/schema\/person\/f84e814e36e91e01448ee07eaadd41d4","name":"Staff","image":{"@type":"ImageObject","@id":"https:\/\/arteeluoghi.it\/#personlogo","inLanguage":"it-IT","url":"https:\/\/secure.gravatar.com\/avatar\/49d2f9e46271bb04e19cebfaf141313a?s=96&d=blank&r=g","contentUrl":"https:\/\/secure.gravatar.com\/avatar\/49d2f9e46271bb04e19cebfaf141313a?s=96&d=blank&r=g","caption":"Staff"}}]}},"_links":{"self":[{"href":"https:\/\/arteeluoghi.it\/index.php\/wp-json\/wp\/v2\/posts\/1467"}],"collection":[{"href":"https:\/\/arteeluoghi.it\/index.php\/wp-json\/wp\/v2\/posts"}],"about":[{"href":"https:\/\/arteeluoghi.it\/index.php\/wp-json\/wp\/v2\/types\/post"}],"author":[{"embeddable":true,"href":"https:\/\/arteeluoghi.it\/index.php\/wp-json\/wp\/v2\/users\/1"}],"replies":[{"embeddable":true,"href":"https:\/\/arteeluoghi.it\/index.php\/wp-json\/wp\/v2\/comments?post=1467"}],"version-history":[{"count":0,"href":"https:\/\/arteeluoghi.it\/index.php\/wp-json\/wp\/v2\/posts\/1467\/revisions"}],"wp:attachment":[{"href":"https:\/\/arteeluoghi.it\/index.php\/wp-json\/wp\/v2\/media?parent=1467"}],"wp:term":[{"taxonomy":"category","embeddable":true,"href":"https:\/\/arteeluoghi.it\/index.php\/wp-json\/wp\/v2\/categories?post=1467"},{"taxonomy":"post_tag","embeddable":true,"href":"https:\/\/arteeluoghi.it\/index.php\/wp-json\/wp\/v2\/tags?post=1467"}],"curies":[{"name":"wp","href":"https:\/\/api.w.org\/{rel}","templated":true}]}}