{"id":14695,"date":"2024-07-18T23:53:55","date_gmt":"2024-07-18T21:53:55","guid":{"rendered":"https:\/\/arteeluoghi.it\/?p=14695"},"modified":"2024-07-18T23:53:56","modified_gmt":"2024-07-18T21:53:56","slug":"teatri-a-sud-al-via-la-rassegna-estiva-di-astragali-teatro","status":"publish","type":"post","link":"https:\/\/arteeluoghi.it\/index.php\/2024\/07\/18\/teatri-a-sud-al-via-la-rassegna-estiva-di-astragali-teatro\/","title":{"rendered":"Teatri a Sud, al via la rassegna estiva di Astr\u00e0gali Teatro"},"content":{"rendered":"\n<blockquote class=\"wp-block-quote is-style-default\"><p>Da fine luglio a settembre una lunga serie di appuntamenti tra spettacoli, Summer School di filosofia e arti performative<\/p><\/blockquote>\n\n\n\n<p>Riparte la rassegna&nbsp;<strong>\u201cTeatri a Sud\u201d,&nbsp;<\/strong>ideata e promossa&nbsp;<strong>da Astr\u00e0gali Teatro&nbsp;<\/strong>di Lecce,con la nuova programmazione estivache vedr\u00e0 il coinvolgimento,<strong>&nbsp;da fine luglio a settembre,&nbsp;<\/strong>di artisti e nomi importanti dell\u2019ambito culturale e teatrale.&nbsp;<\/p>\n\n\n\n<p>Si parte con un doppio appuntamento, a cura dalla compagnia Diaghilev di Bari che porter\u00e0 in scena la rivisitazione di due classici della letteratura internazionale: <strong>\u201cLe mille e una notte\u201d, previsto per il 23 luglio, e&nbsp;\u201cDecameron\u201d, in programma il 24 luglio.<\/strong> Entrambi saranno interpretati e diretti dall\u2019attore e regista Paolo Panaro e si terranno alle 21.30 presso la Distilleria De Giorgi di San Cesario di Lecce.<\/p>\n\n\n\n<p>Grande attesa per la data <strong>del 2 agosto, in cui, alle 21.30,&nbsp;il Giardino Storico della&nbsp;Distilleria De Giorgi di San Cesario di Lecce ospiter\u00e0 \u201cCantica Antigonae- Lamento per il corpo del nemico\u201d.<\/strong> Un lavoro teatrale, scritto e diretto da Fabio Tolledi, con l\u2019interpretazione di Roberta Quarta, Simonetta Rotundo, Matteo Mele, Anna Cinzia Villani e le musiche di Mauro Tre. Uno spettacolo di Astragali Teatro, che attraversa il mito di Antigone, voce contro lo strazio della guerra, all\u2019interno di una pratica di Ecologia Teatrale, basata sul rispetto e l\u2019ascolto dei contesti naturali. Lo spettacolo verr\u00e0 <strong>replicato domenica 4 agosto, alle 21.30, nel Campo dei Frutti Antichi di Ruralia a Monteroni di Lecce.<\/strong><\/p>\n\n\n\n<p>La rassegna proseguir\u00e0 con altre tre opere, tra le pi\u00f9 apprezzate e conosciute tra quelle prodotte da Astr\u00e0gali Teatro e che si svolgeranno alle 21.30 presso la Distilleria De Giorgi di San Cesario di Lecce. <strong>Mercoled\u00ec 7 agosto in scena \u201cFimmene!\u201d,<\/strong> nato dalla collaborazione tra la compagnia teatrale leccese e la cantante Anna Cinzia Villani, nel quale i canti popolari delle donne si mescolano alla poesia di Fabio Tolledi. <strong>Venerd\u00ec 9 agosto sar\u00e0 la volta de \u201cLa rosa bianca<\/strong>\u201d, un recital che esplora la relazione tra musica pop e poesia a partire dagli anni \u201950 del secolo scorso fino a oggi, con la regia di Fabio Tolledi, sul palco insieme alle attrici Roberta Quarta e Simonetta Rotundo, e il pianista Mauro Tre. <strong>Domenica 28 agosto in programma \u201cMedea, Desir\u201d, <\/strong>uno spettacolo che parte da scritture dense e immaginifiche che si annodano alla parola poetica, dove l\u2019amore, la gelosia, il rancore e il desiderio si rincorrono nel tempo. Medea, madre, donna straniera, cerca di sfuggire all\u2019insulto della Storia che l\u2019ha voluta per secoli fissata nell\u2019orrore dell\u2019infanticidio. Regia di Fabio Tolledi, con Roberta Quarta, Simonetta Rotundo, Matteo Mele e Anna Cinzia Villani.<\/p>\n\n\n\n<p>Teatri a Sud ospiter\u00e0, dal 29 agosto al 1\u00b0 settembre, anche la Summer School di filosofia ed arti performative \u2018Soglie\u2019. L\u2019iniziativa, giunta alla sua quarta edizione, \u00e8 a cura di \u201c<strong>Kaiak. A Philosophical Journey<\/strong>\u201d e&nbsp;<strong>Astr\u00e0gali Teatro<\/strong>, e gode del Patrocinio della&nbsp;<strong>Societ\u00e0 Filosofica Italiana<\/strong>. I lavori della Summer School saranno realizzati in forma di Residenza Filosofica e partiranno dal concetto di \u201cSoglie\u201d, intese come spazi di passaggio o di esclusione, ma anche come tempi disordinati oppure immobili, di trasformazione, snodo, attraversamenti insidiosi.<\/p>\n\n\n\n<p><strong>Domenica 1\u00b0 settembre, alle 21.30, nella Distilleria De Giorgi, si terr\u00e0 lo spettacolo \u201cLa Betissa<\/strong>\u201d, un reading di Fabio Tolledi e Mauro Tre tratto dal libro di Antonio Verri \u201cLa Betissa. Storia composita dell\u2019uomo dei curli e di una grassa signora\u201d, dove trama e personaggi alimentano un piano narrativo non naturalistico.&nbsp;Una disperata favola a tinte fosche, un allucinato viaggio nell\u2019inconscio e nel linguaggio che rappresenta una svolta decisiva nella ricerca espressiva del poeta, che tenta un\u2019indagine ossessiva sulle relazioni che intercorrono fra le parole e le cose.<\/p>\n\n\n\n<p>Si termina <strong>il 6 e 7 settembre, alle 21.30<\/strong>, <strong>nella Distilleria De Giorgi,<\/strong> con gli spettacoli di Mana Chuma Teatro: <strong>\u201cQuanto resta della notte\u201d,<\/strong> di e con Salvatore Arena, il cui testo nasce dalla necessit\u00e0 di andare oltre la notte per immaginare un tempo dedicato all\u2019amore, per vivere la malattia come guarigione, la morte della madre come riavvicinamento di un figlio alla vita, e <strong>\u201cParole come onde\u201d,<\/strong> di e con Massimo Barilla ed Elizabeth Grech, un viaggio attraverso le lingue del Mediterraneo con le parole si trasformano, si innestano, s\u2019intrecciano, s\u2019integrano e raccontano un patrimonio comune che solo la poesia pu\u00f2 valorizzare fino in fondo.&nbsp;<\/p>\n\n\n\n<p>La rassegna Teatri a Sud \u00e8 ideata da Astragali Teatro, con il sostegno&nbsp;<strong>del Ministero della Cultura e della Regione Puglia<\/strong>, e con la collaborazione del Comune di&nbsp;<strong>San Cesario di Lecce<\/strong>.<\/p>\n\n\n\n<p>Info: Tel. 389.2105991 mail:\u00a0<a href=\"javascript:webmail.View.mailto(%7bmailto:'teatro@astragali.org',%20subject:%20''%7d)\">teatro@astragali.org<\/a>,\u00a0<a href=\"http:\/\/www.astragali.it\/\" target=\"_blank\" rel=\"noreferrer noopener\">www.astragali.it<\/a>,\u00a0<a href=\"http:\/\/www.distilleriadegiorgi.eu\/\" target=\"_blank\" rel=\"noreferrer noopener\">www.distilleriadegiorgi.eu<\/a><\/p>\n\n\n\n<p>(fonte: comunicato stampa)<\/p>\n","protected":false},"excerpt":{"rendered":"<p>Da fine luglio a settembre una lunga serie di appuntamenti tra spettacoli, Summer School di filosofia e arti performative Riparte<\/p>\n","protected":false},"author":1,"featured_media":14696,"comment_status":"open","ping_status":"open","sticky":true,"template":"","format":"standard","meta":[],"categories":[13],"tags":[208,848,6207,3206,6208,377],"yoast_head":"<!-- This site is optimized with the Yoast SEO plugin v18.0 - https:\/\/yoast.com\/wordpress\/plugins\/seo\/ -->\n<title>Teatri a Sud, al via la rassegna estiva di Astr\u00e0gali Teatro | Arte e Luoghi<\/title>\n<meta name=\"description\" content=\"Da fine luglio a settembre una lunga serie di appuntamenti tra spettacoli, Summer School di filosofia e arti performative\" \/>\n<meta name=\"robots\" content=\"index, follow, max-snippet:-1, max-image-preview:large, max-video-preview:-1\" \/>\n<link rel=\"canonical\" href=\"https:\/\/arteeluoghi.it\/index.php\/2024\/07\/18\/teatri-a-sud-al-via-la-rassegna-estiva-di-astragali-teatro\/\" \/>\n<meta property=\"og:locale\" content=\"it_IT\" \/>\n<meta property=\"og:type\" content=\"article\" \/>\n<meta property=\"og:title\" content=\"Teatri a Sud, al via la rassegna estiva di Astr\u00e0gali Teatro | Arte e Luoghi\" \/>\n<meta property=\"og:description\" content=\"Da fine luglio a settembre una lunga serie di appuntamenti tra spettacoli, Summer School di filosofia e arti performative\" \/>\n<meta property=\"og:url\" content=\"https:\/\/arteeluoghi.it\/index.php\/2024\/07\/18\/teatri-a-sud-al-via-la-rassegna-estiva-di-astragali-teatro\/\" \/>\n<meta property=\"og:site_name\" content=\"Arte e Luoghi\" \/>\n<meta property=\"article:publisher\" content=\"https:\/\/www.facebook.com\/ArteELuoghi\/\" \/>\n<meta property=\"article:published_time\" content=\"2024-07-18T21:53:55+00:00\" \/>\n<meta property=\"article:modified_time\" content=\"2024-07-18T21:53:56+00:00\" \/>\n<meta property=\"og:image\" content=\"https:\/\/arteeluoghi.it\/wp-content\/uploads\/2024\/07\/astragali.jpeg\" \/>\n\t<meta property=\"og:image:width\" content=\"1257\" \/>\n\t<meta property=\"og:image:height\" content=\"723\" \/>\n\t<meta property=\"og:image:type\" content=\"image\/jpeg\" \/>\n<meta name=\"twitter:card\" content=\"summary\" \/>\n<meta name=\"twitter:creator\" content=\"@arteeluoghi\" \/>\n<meta name=\"twitter:site\" content=\"@arteeluoghi\" \/>\n<meta name=\"twitter:label1\" content=\"Scritto da\" \/>\n\t<meta name=\"twitter:data1\" content=\"Staff\" \/>\n\t<meta name=\"twitter:label2\" content=\"Tempo di lettura stimato\" \/>\n\t<meta name=\"twitter:data2\" content=\"4 minuti\" \/>\n<script type=\"application\/ld+json\" class=\"yoast-schema-graph\">{\"@context\":\"https:\/\/schema.org\",\"@graph\":[{\"@type\":\"Organization\",\"@id\":\"https:\/\/arteeluoghi.it\/#organization\",\"name\":\"Arte e Luoghi\",\"url\":\"https:\/\/arteeluoghi.it\/\",\"sameAs\":[\"https:\/\/www.facebook.com\/ArteELuoghi\/\",\"https:\/\/www.instagram.com\/arteeluoghi\/?hl=it\",\"https:\/\/www.youtube.com\/channel\/UCuRVc4JW4-C5sg9rQB-srkw?view_as=subscriber\",\"https:\/\/twitter.com\/arteeluoghi\"],\"logo\":{\"@type\":\"ImageObject\",\"@id\":\"https:\/\/arteeluoghi.it\/#logo\",\"inLanguage\":\"it-IT\",\"url\":\"https:\/\/arteeluoghi.it\/wp-content\/uploads\/2018\/08\/logoinstagramarte.jpg\",\"contentUrl\":\"https:\/\/arteeluoghi.it\/wp-content\/uploads\/2018\/08\/logoinstagramarte.jpg\",\"width\":150,\"height\":150,\"caption\":\"Arte e Luoghi\"},\"image\":{\"@id\":\"https:\/\/arteeluoghi.it\/#logo\"}},{\"@type\":\"WebSite\",\"@id\":\"https:\/\/arteeluoghi.it\/#website\",\"url\":\"https:\/\/arteeluoghi.it\/\",\"name\":\"Arte e Luoghi\",\"description\":\"Mensile di arte, cultura, turismo e curiosit\u00e0\",\"publisher\":{\"@id\":\"https:\/\/arteeluoghi.it\/#organization\"},\"potentialAction\":[{\"@type\":\"SearchAction\",\"target\":{\"@type\":\"EntryPoint\",\"urlTemplate\":\"https:\/\/arteeluoghi.it\/?s={search_term_string}\"},\"query-input\":\"required name=search_term_string\"}],\"inLanguage\":\"it-IT\"},{\"@type\":\"ImageObject\",\"@id\":\"https:\/\/arteeluoghi.it\/index.php\/2024\/07\/18\/teatri-a-sud-al-via-la-rassegna-estiva-di-astragali-teatro\/#primaryimage\",\"inLanguage\":\"it-IT\",\"url\":\"https:\/\/arteeluoghi.it\/wp-content\/uploads\/2024\/07\/astragali.jpeg\",\"contentUrl\":\"https:\/\/arteeluoghi.it\/wp-content\/uploads\/2024\/07\/astragali.jpeg\",\"width\":1257,\"height\":723},{\"@type\":\"WebPage\",\"@id\":\"https:\/\/arteeluoghi.it\/index.php\/2024\/07\/18\/teatri-a-sud-al-via-la-rassegna-estiva-di-astragali-teatro\/#webpage\",\"url\":\"https:\/\/arteeluoghi.it\/index.php\/2024\/07\/18\/teatri-a-sud-al-via-la-rassegna-estiva-di-astragali-teatro\/\",\"name\":\"Teatri a Sud, al via la rassegna estiva di Astr\u00e0gali Teatro | Arte e Luoghi\",\"isPartOf\":{\"@id\":\"https:\/\/arteeluoghi.it\/#website\"},\"primaryImageOfPage\":{\"@id\":\"https:\/\/arteeluoghi.it\/index.php\/2024\/07\/18\/teatri-a-sud-al-via-la-rassegna-estiva-di-astragali-teatro\/#primaryimage\"},\"datePublished\":\"2024-07-18T21:53:55+00:00\",\"dateModified\":\"2024-07-18T21:53:56+00:00\",\"description\":\"Da fine luglio a settembre una lunga serie di appuntamenti tra spettacoli, Summer School di filosofia e arti performative\",\"breadcrumb\":{\"@id\":\"https:\/\/arteeluoghi.it\/index.php\/2024\/07\/18\/teatri-a-sud-al-via-la-rassegna-estiva-di-astragali-teatro\/#breadcrumb\"},\"inLanguage\":\"it-IT\",\"potentialAction\":[{\"@type\":\"ReadAction\",\"target\":[\"https:\/\/arteeluoghi.it\/index.php\/2024\/07\/18\/teatri-a-sud-al-via-la-rassegna-estiva-di-astragali-teatro\/\"]}]},{\"@type\":\"BreadcrumbList\",\"@id\":\"https:\/\/arteeluoghi.it\/index.php\/2024\/07\/18\/teatri-a-sud-al-via-la-rassegna-estiva-di-astragali-teatro\/#breadcrumb\",\"itemListElement\":[{\"@type\":\"ListItem\",\"position\":1,\"name\":\"Home\",\"item\":\"https:\/\/arteeluoghi.it\/\"},{\"@type\":\"ListItem\",\"position\":2,\"name\":\"Teatri a Sud, al via la rassegna estiva di Astr\u00e0gali Teatro\"}]},{\"@type\":\"Article\",\"@id\":\"https:\/\/arteeluoghi.it\/index.php\/2024\/07\/18\/teatri-a-sud-al-via-la-rassegna-estiva-di-astragali-teatro\/#article\",\"isPartOf\":{\"@id\":\"https:\/\/arteeluoghi.it\/index.php\/2024\/07\/18\/teatri-a-sud-al-via-la-rassegna-estiva-di-astragali-teatro\/#webpage\"},\"author\":{\"@id\":\"https:\/\/arteeluoghi.it\/#\/schema\/person\/f84e814e36e91e01448ee07eaadd41d4\"},\"headline\":\"Teatri a Sud, al via la rassegna estiva di Astr\u00e0gali Teatro\",\"datePublished\":\"2024-07-18T21:53:55+00:00\",\"dateModified\":\"2024-07-18T21:53:56+00:00\",\"mainEntityOfPage\":{\"@id\":\"https:\/\/arteeluoghi.it\/index.php\/2024\/07\/18\/teatri-a-sud-al-via-la-rassegna-estiva-di-astragali-teatro\/#webpage\"},\"wordCount\":774,\"commentCount\":0,\"publisher\":{\"@id\":\"https:\/\/arteeluoghi.it\/#organization\"},\"image\":{\"@id\":\"https:\/\/arteeluoghi.it\/index.php\/2024\/07\/18\/teatri-a-sud-al-via-la-rassegna-estiva-di-astragali-teatro\/#primaryimage\"},\"thumbnailUrl\":\"https:\/\/arteeluoghi.it\/wp-content\/uploads\/2024\/07\/astragali.jpeg\",\"keywords\":[\"Astragali Teatro\",\"Monteroni\",\"rassegna estiva\",\"San Cesario di Lecce\",\"teatri a sud\",\"teatro\"],\"articleSection\":[\"teatro\"],\"inLanguage\":\"it-IT\",\"potentialAction\":[{\"@type\":\"CommentAction\",\"name\":\"Comment\",\"target\":[\"https:\/\/arteeluoghi.it\/index.php\/2024\/07\/18\/teatri-a-sud-al-via-la-rassegna-estiva-di-astragali-teatro\/#respond\"]}]},{\"@type\":\"Person\",\"@id\":\"https:\/\/arteeluoghi.it\/#\/schema\/person\/f84e814e36e91e01448ee07eaadd41d4\",\"name\":\"Staff\",\"image\":{\"@type\":\"ImageObject\",\"@id\":\"https:\/\/arteeluoghi.it\/#personlogo\",\"inLanguage\":\"it-IT\",\"url\":\"https:\/\/secure.gravatar.com\/avatar\/49d2f9e46271bb04e19cebfaf141313a?s=96&d=blank&r=g\",\"contentUrl\":\"https:\/\/secure.gravatar.com\/avatar\/49d2f9e46271bb04e19cebfaf141313a?s=96&d=blank&r=g\",\"caption\":\"Staff\"}}]}<\/script>\n<!-- \/ Yoast SEO plugin. -->","yoast_head_json":{"title":"Teatri a Sud, al via la rassegna estiva di Astr\u00e0gali Teatro | Arte e Luoghi","description":"Da fine luglio a settembre una lunga serie di appuntamenti tra spettacoli, Summer School di filosofia e arti performative","robots":{"index":"index","follow":"follow","max-snippet":"max-snippet:-1","max-image-preview":"max-image-preview:large","max-video-preview":"max-video-preview:-1"},"canonical":"https:\/\/arteeluoghi.it\/index.php\/2024\/07\/18\/teatri-a-sud-al-via-la-rassegna-estiva-di-astragali-teatro\/","og_locale":"it_IT","og_type":"article","og_title":"Teatri a Sud, al via la rassegna estiva di Astr\u00e0gali Teatro | Arte e Luoghi","og_description":"Da fine luglio a settembre una lunga serie di appuntamenti tra spettacoli, Summer School di filosofia e arti performative","og_url":"https:\/\/arteeluoghi.it\/index.php\/2024\/07\/18\/teatri-a-sud-al-via-la-rassegna-estiva-di-astragali-teatro\/","og_site_name":"Arte e Luoghi","article_publisher":"https:\/\/www.facebook.com\/ArteELuoghi\/","article_published_time":"2024-07-18T21:53:55+00:00","article_modified_time":"2024-07-18T21:53:56+00:00","og_image":[{"width":1257,"height":723,"url":"https:\/\/arteeluoghi.it\/wp-content\/uploads\/2024\/07\/astragali.jpeg","type":"image\/jpeg"}],"twitter_card":"summary","twitter_creator":"@arteeluoghi","twitter_site":"@arteeluoghi","twitter_misc":{"Scritto da":"Staff","Tempo di lettura stimato":"4 minuti"},"schema":{"@context":"https:\/\/schema.org","@graph":[{"@type":"Organization","@id":"https:\/\/arteeluoghi.it\/#organization","name":"Arte e Luoghi","url":"https:\/\/arteeluoghi.it\/","sameAs":["https:\/\/www.facebook.com\/ArteELuoghi\/","https:\/\/www.instagram.com\/arteeluoghi\/?hl=it","https:\/\/www.youtube.com\/channel\/UCuRVc4JW4-C5sg9rQB-srkw?view_as=subscriber","https:\/\/twitter.com\/arteeluoghi"],"logo":{"@type":"ImageObject","@id":"https:\/\/arteeluoghi.it\/#logo","inLanguage":"it-IT","url":"https:\/\/arteeluoghi.it\/wp-content\/uploads\/2018\/08\/logoinstagramarte.jpg","contentUrl":"https:\/\/arteeluoghi.it\/wp-content\/uploads\/2018\/08\/logoinstagramarte.jpg","width":150,"height":150,"caption":"Arte e Luoghi"},"image":{"@id":"https:\/\/arteeluoghi.it\/#logo"}},{"@type":"WebSite","@id":"https:\/\/arteeluoghi.it\/#website","url":"https:\/\/arteeluoghi.it\/","name":"Arte e Luoghi","description":"Mensile di arte, cultura, turismo e curiosit\u00e0","publisher":{"@id":"https:\/\/arteeluoghi.it\/#organization"},"potentialAction":[{"@type":"SearchAction","target":{"@type":"EntryPoint","urlTemplate":"https:\/\/arteeluoghi.it\/?s={search_term_string}"},"query-input":"required name=search_term_string"}],"inLanguage":"it-IT"},{"@type":"ImageObject","@id":"https:\/\/arteeluoghi.it\/index.php\/2024\/07\/18\/teatri-a-sud-al-via-la-rassegna-estiva-di-astragali-teatro\/#primaryimage","inLanguage":"it-IT","url":"https:\/\/arteeluoghi.it\/wp-content\/uploads\/2024\/07\/astragali.jpeg","contentUrl":"https:\/\/arteeluoghi.it\/wp-content\/uploads\/2024\/07\/astragali.jpeg","width":1257,"height":723},{"@type":"WebPage","@id":"https:\/\/arteeluoghi.it\/index.php\/2024\/07\/18\/teatri-a-sud-al-via-la-rassegna-estiva-di-astragali-teatro\/#webpage","url":"https:\/\/arteeluoghi.it\/index.php\/2024\/07\/18\/teatri-a-sud-al-via-la-rassegna-estiva-di-astragali-teatro\/","name":"Teatri a Sud, al via la rassegna estiva di Astr\u00e0gali Teatro | Arte e Luoghi","isPartOf":{"@id":"https:\/\/arteeluoghi.it\/#website"},"primaryImageOfPage":{"@id":"https:\/\/arteeluoghi.it\/index.php\/2024\/07\/18\/teatri-a-sud-al-via-la-rassegna-estiva-di-astragali-teatro\/#primaryimage"},"datePublished":"2024-07-18T21:53:55+00:00","dateModified":"2024-07-18T21:53:56+00:00","description":"Da fine luglio a settembre una lunga serie di appuntamenti tra spettacoli, Summer School di filosofia e arti performative","breadcrumb":{"@id":"https:\/\/arteeluoghi.it\/index.php\/2024\/07\/18\/teatri-a-sud-al-via-la-rassegna-estiva-di-astragali-teatro\/#breadcrumb"},"inLanguage":"it-IT","potentialAction":[{"@type":"ReadAction","target":["https:\/\/arteeluoghi.it\/index.php\/2024\/07\/18\/teatri-a-sud-al-via-la-rassegna-estiva-di-astragali-teatro\/"]}]},{"@type":"BreadcrumbList","@id":"https:\/\/arteeluoghi.it\/index.php\/2024\/07\/18\/teatri-a-sud-al-via-la-rassegna-estiva-di-astragali-teatro\/#breadcrumb","itemListElement":[{"@type":"ListItem","position":1,"name":"Home","item":"https:\/\/arteeluoghi.it\/"},{"@type":"ListItem","position":2,"name":"Teatri a Sud, al via la rassegna estiva di Astr\u00e0gali Teatro"}]},{"@type":"Article","@id":"https:\/\/arteeluoghi.it\/index.php\/2024\/07\/18\/teatri-a-sud-al-via-la-rassegna-estiva-di-astragali-teatro\/#article","isPartOf":{"@id":"https:\/\/arteeluoghi.it\/index.php\/2024\/07\/18\/teatri-a-sud-al-via-la-rassegna-estiva-di-astragali-teatro\/#webpage"},"author":{"@id":"https:\/\/arteeluoghi.it\/#\/schema\/person\/f84e814e36e91e01448ee07eaadd41d4"},"headline":"Teatri a Sud, al via la rassegna estiva di Astr\u00e0gali Teatro","datePublished":"2024-07-18T21:53:55+00:00","dateModified":"2024-07-18T21:53:56+00:00","mainEntityOfPage":{"@id":"https:\/\/arteeluoghi.it\/index.php\/2024\/07\/18\/teatri-a-sud-al-via-la-rassegna-estiva-di-astragali-teatro\/#webpage"},"wordCount":774,"commentCount":0,"publisher":{"@id":"https:\/\/arteeluoghi.it\/#organization"},"image":{"@id":"https:\/\/arteeluoghi.it\/index.php\/2024\/07\/18\/teatri-a-sud-al-via-la-rassegna-estiva-di-astragali-teatro\/#primaryimage"},"thumbnailUrl":"https:\/\/arteeluoghi.it\/wp-content\/uploads\/2024\/07\/astragali.jpeg","keywords":["Astragali Teatro","Monteroni","rassegna estiva","San Cesario di Lecce","teatri a sud","teatro"],"articleSection":["teatro"],"inLanguage":"it-IT","potentialAction":[{"@type":"CommentAction","name":"Comment","target":["https:\/\/arteeluoghi.it\/index.php\/2024\/07\/18\/teatri-a-sud-al-via-la-rassegna-estiva-di-astragali-teatro\/#respond"]}]},{"@type":"Person","@id":"https:\/\/arteeluoghi.it\/#\/schema\/person\/f84e814e36e91e01448ee07eaadd41d4","name":"Staff","image":{"@type":"ImageObject","@id":"https:\/\/arteeluoghi.it\/#personlogo","inLanguage":"it-IT","url":"https:\/\/secure.gravatar.com\/avatar\/49d2f9e46271bb04e19cebfaf141313a?s=96&d=blank&r=g","contentUrl":"https:\/\/secure.gravatar.com\/avatar\/49d2f9e46271bb04e19cebfaf141313a?s=96&d=blank&r=g","caption":"Staff"}}]}},"_links":{"self":[{"href":"https:\/\/arteeluoghi.it\/index.php\/wp-json\/wp\/v2\/posts\/14695"}],"collection":[{"href":"https:\/\/arteeluoghi.it\/index.php\/wp-json\/wp\/v2\/posts"}],"about":[{"href":"https:\/\/arteeluoghi.it\/index.php\/wp-json\/wp\/v2\/types\/post"}],"author":[{"embeddable":true,"href":"https:\/\/arteeluoghi.it\/index.php\/wp-json\/wp\/v2\/users\/1"}],"replies":[{"embeddable":true,"href":"https:\/\/arteeluoghi.it\/index.php\/wp-json\/wp\/v2\/comments?post=14695"}],"version-history":[{"count":1,"href":"https:\/\/arteeluoghi.it\/index.php\/wp-json\/wp\/v2\/posts\/14695\/revisions"}],"predecessor-version":[{"id":14697,"href":"https:\/\/arteeluoghi.it\/index.php\/wp-json\/wp\/v2\/posts\/14695\/revisions\/14697"}],"wp:featuredmedia":[{"embeddable":true,"href":"https:\/\/arteeluoghi.it\/index.php\/wp-json\/wp\/v2\/media\/14696"}],"wp:attachment":[{"href":"https:\/\/arteeluoghi.it\/index.php\/wp-json\/wp\/v2\/media?parent=14695"}],"wp:term":[{"taxonomy":"category","embeddable":true,"href":"https:\/\/arteeluoghi.it\/index.php\/wp-json\/wp\/v2\/categories?post=14695"},{"taxonomy":"post_tag","embeddable":true,"href":"https:\/\/arteeluoghi.it\/index.php\/wp-json\/wp\/v2\/tags?post=14695"}],"curies":[{"name":"wp","href":"https:\/\/api.w.org\/{rel}","templated":true}]}}