{"id":147,"date":"2011-01-16T21:00:47","date_gmt":"2011-01-16T20:00:47","guid":{"rendered":"http:\/\/arteeluoghi.it\/index.php\/2011\/01\/16\/europunk-a-villa-medici\/"},"modified":"2011-01-16T21:00:47","modified_gmt":"2011-01-16T20:00:47","slug":"europunk-a-villa-medici","status":"publish","type":"post","link":"https:\/\/arteeluoghi.it\/index.php\/2011\/01\/16\/europunk-a-villa-medici\/","title":{"rendered":"EUROPUNK a VILLA MEDICI"},"content":{"rendered":"<p>EUROPUNK a Villa Medici<\/p>\n<p><img src=\"\/images\/stories\/europunk.jpg\" border=\"0\" style=\"float: left; margin: 6px;\" \/><\/p>\n<p>LA MOSTRA<br \/>Nato 35 anni fa, il punk continua a influenzare tutte le forme d\u2019arte, dalla musica alla letteratura,<br \/>dalle arti visive alla moda, tuttavia nessuna mostra n\u00e9 pubblicazione era ancora stata consacrata alla<br \/>dimensione artistica di questo movimento. Con la mostra Europunk si tenter\u00e0 di colmare questa lacuna.<\/p>\n<p>Dal 21 gennaio al 20 marzo 2011, l\u2019Accademia di Francia a Roma &#8211; Villa Medici presenter\u00e0 la mostra<br \/>EUROPUNK la cui volont\u00e0 sar\u00e0 quella di focalizzare l\u2019attenzione sulla ricchezza della cultura visiva<br \/>punk in Europa nella seconda met\u00e0 del 1970, mostrando il cambiamento rivoluzionario che hanno<br \/>portato le immagini per mano di graphic designer, illustratori e agitatori, non tanto per raccontare<br \/>ancora una volta la storia delle influenze musicali di questo movimento &#8211; che ha stupito, scandalizzato e<br \/>travolto milioni di giovani &#8211; quanto per mettere in valore il lavoro di artisti che, pur rifiutando l\u2019idea di<br \/>fare opere d\u2019arte, hanno voluto cambiare il mondo con le loro immagini.<\/p>\n<p>La mostra curata da \u00c9ric de Chassey, direttore dell\u2019Accademia di Francia a Roma, sar\u00e0 realizzata con<br \/>la collaborazione di Fabrice Stroun, curatore indipendente associato al MAMCO di Ginevra, dove sar\u00e0<br \/>esposta dall\u20198 giugno al 18 settembre 2011. Saranno inoltre presentati due progetti site specific di quattro<br \/>artisti: Francis Baudevin, St\u00e9phane Dafflon, Philippe Decrauzat e Scott King.<\/p>\n<p>\u00a0<\/p>\n<p>  <!--more-->  <\/p>\n<p>EUROPUNK, \u00e8 la prima mostra a respiro internazionale che presenter\u00e0 la produzione<br \/>alternativa nel campo delle arti visive, nella seconda met\u00e0 degli anni 1970, in particolare quella realizzata<br \/>nel Regno Unito e in Francia, ma anche in Germania, Svizzera, Italia e Olanda. Metter\u00e0 in valore<br \/>personalit\u00e0 quali Jamie Reid, che invent\u00f2 il celebre volto della regina con gli occhi e la bocca coperti<br \/>dal nome della band dei Sex Pistols e dal titolo della canzone God Save the Queen, Malcolm McLaren,<br \/>ideatore, manager e deus ex machina della stessa band, o il team francese Bazooka (costituito da Olivia<br \/>Clavel, Lulu Larsen, Kiki Picasso, Loulou Picasso, Ti-5 Dur, Bernard Vidal e Jean Rouzaud) di cui sar\u00e0 esposta l\u2019abbondante produzione di questo movimento rimasta anonima per molto tempo e scovata dopo una lunga ricerca attraverso l\u2019Europa. Verranno riuniti per la prima volta pi\u00f9 di 550 oggetti, alcuni dei quali ben noti, altri inediti quali abiti, fanzine, poster, volantini, disegni e collages, copertine di dischi, filmati, ecc. provenienti da collezioni private e pubbliche.<\/p>\n<p><img src=\"\/images\/stories\/kikipicasso.jpg\" border=\"0\" style=\"float: right;\" \/>Drammatizzando l\u2019incredibile qualit\u00e0 e vitalit\u00e0 di questi metodi alternativi di creazione artistica la mostra inviter\u00e0 a scoprire come la controcultura del punk abbia rappresentato sia un desiderio di fare tabula rasa del passato che un rinnovo culturale profondo. Questo movimento \u00e8 a tutt\u2019oggi sinonimo di nuova energia e del principio di massima libert\u00e0 creatrice, dalle profonde radici politiche e dagli ampi effetti sociali e artistici. La mostra si aprir\u00e0 con il primo passaggio televisivo dei Sex Pistols nel 1976 &#8211; data ufficiale di apparizione del movimento punk &#8211; nel programma \u201cSo It Goes\u201d, per la Granada Television di Manchester, e si chiuder\u00e0 con il primo passaggio dei Joy Division sulla BBC nel 1979.<\/p>\n<p>Il lasso di tempo ci permette oramai di avere una visione storica della dimensione artistica di<br \/>questo movimento e di poter analizzare le qualit\u00e0 estetiche del lavoro di persone che hanno fatto la storia del punk nell\u2019arte, e che oggi sono presi sempre pi\u00f9 ad esempio da una nuova generazione di artisti. Da un punto di vista musicale il movimento punk \u00e8 stato ampiamente sviscerato da conoscitori e testimoni oculari quali Jon Savage \u2013 scrittore e storico, il cui celebre England&#8217;s Dreaming, tradotto in molte lingue, \u00e8 divenuto il libro faro per la comprensione del movimento \u2013 e Jerry Goossens &#8211; giornalista che ha partecipato al movimento punk olandese ed \u00e8 oggi considerato tra i pi\u00f9 grandi conoscitori del fenomeno in Olanda &#8211; che offriranno un loro contributo con testi inediti scritti per il catalogo di questa mostra.<\/p>\n<p>IL CATALOGO<br \/>La mostra EUROPUNK sar\u00e0 accompagnata da un catalogo  edito, in tre lingue (francese,<br \/>italiano e inglese), dalla casa  editrice Drago, con un saggio critico di \u00c9ric de Chassey, un testo di  Jon Savage e un testo di Jerry Goossens, e con fac-simile di fanzine e  centinaia di immagini.<br \/>Malcolm<\/p>\n<p>\u00a0<\/p>\n<p>Nelle foto: Kiki Picasso, Cronache della resistenza grafica 10, 1978, pagina stampata in Hara Kiri, n.208, collezione privata, Roma \u2013 Parigi.<br \/>Copertina dello Split 45 giri HitlerSS \/ Tampax, 1978-1979, colorata a mano, collezione privata, Pordenone.<\/p>\n<p><img src=\"\/images\/stories\/splitcopertina.jpg\" border=\"0\" \/><\/p>\n<p>\u00a0<\/p>\n<p>INFORMAZIONI<br \/>INFO PUBBLICO:<br \/>tel: 06 \/ 67 61 1<br \/>www.villamedici.it<br \/>Orari: da marted\u00ec a domenica 10.45 &#8211; 13.00 | 14.00 &#8211; 19.00 | gioved\u00ec fino alle 23.00<br \/>(la biglietteria chiude 30 minuti prima)<br \/>Chiusura: luned\u00ec<br \/>Ingresso:<br \/>&#8211; Biglietto d\u2019entrata a Villa Medici (inclusa la visita guidata dei giardini):<br \/>9 \u20ac (intero) \u2013 7 \u20ac (ridotto)<br \/>&#8211; Biglietto d\u2019entrata solo per la mostra:<br \/>6 \u20ac (intero) \u2013 4,5 \u20ac (ridotto) \u2013 3 \u20ac (meno di 25 anni)<br \/>Ingresso gratuito per i minori di 10 anni.<br \/>Accademia di Francia a Roma &#8211; Villa Medici<br \/>Viale Trinit\u00e0 dei Monti, 1<br \/>00187 Roma<br \/>Metro: A Spagna \/ Bus: 117-119<br \/>INFO STAMPA:<br \/>Ludovica Solari<br \/>Tel: +39 06 67 61 291<br \/>Fax: +39 06 67 61 243<br \/>e-mail: stampa@villamedici.it<br \/>Sotto l\u2019Alto Patronato del Minist\u00e8re de la Culture et de la Communication<\/p>\n<p>(fonte: comunicato stampa)<\/p>\n","protected":false},"excerpt":{"rendered":"<p>EUROPUNK a Villa Medici LA MOSTRANato 35 anni fa, il punk continua a influenzare tutte le forme d\u2019arte, dalla musica<\/p>\n","protected":false},"author":1,"featured_media":0,"comment_status":"open","ping_status":"open","sticky":false,"template":"","format":"standard","meta":[],"categories":[3],"tags":[],"yoast_head":"<!-- This site is optimized with the Yoast SEO plugin v18.0 - https:\/\/yoast.com\/wordpress\/plugins\/seo\/ -->\n<title>EUROPUNK a VILLA MEDICI | Arte e Luoghi<\/title>\n<meta name=\"robots\" content=\"index, follow, max-snippet:-1, max-image-preview:large, max-video-preview:-1\" \/>\n<link rel=\"canonical\" href=\"https:\/\/arteeluoghi.it\/index.php\/2011\/01\/16\/europunk-a-villa-medici\/\" \/>\n<meta property=\"og:locale\" content=\"it_IT\" \/>\n<meta property=\"og:type\" content=\"article\" \/>\n<meta property=\"og:title\" content=\"EUROPUNK a VILLA MEDICI | Arte e Luoghi\" \/>\n<meta property=\"og:description\" content=\"EUROPUNK a Villa Medici LA MOSTRANato 35 anni fa, il punk continua a influenzare tutte le forme d\u2019arte, dalla musica\" \/>\n<meta property=\"og:url\" content=\"https:\/\/arteeluoghi.it\/index.php\/2011\/01\/16\/europunk-a-villa-medici\/\" \/>\n<meta property=\"og:site_name\" content=\"Arte e Luoghi\" \/>\n<meta property=\"article:publisher\" content=\"https:\/\/www.facebook.com\/ArteELuoghi\/\" \/>\n<meta property=\"article:published_time\" content=\"2011-01-16T20:00:47+00:00\" \/>\n<meta property=\"og:image\" content=\"https:\/\/arteeluoghi.it\/images\/stories\/europunk.jpg\" \/>\n<meta name=\"twitter:card\" content=\"summary\" \/>\n<meta name=\"twitter:creator\" content=\"@arteeluoghi\" \/>\n<meta name=\"twitter:site\" content=\"@arteeluoghi\" \/>\n<meta name=\"twitter:label1\" content=\"Scritto da\" \/>\n\t<meta name=\"twitter:data1\" content=\"Staff\" \/>\n\t<meta name=\"twitter:label2\" content=\"Tempo di lettura stimato\" \/>\n\t<meta name=\"twitter:data2\" content=\"4 minuti\" \/>\n<script type=\"application\/ld+json\" class=\"yoast-schema-graph\">{\"@context\":\"https:\/\/schema.org\",\"@graph\":[{\"@type\":\"Organization\",\"@id\":\"https:\/\/arteeluoghi.it\/#organization\",\"name\":\"Arte e Luoghi\",\"url\":\"https:\/\/arteeluoghi.it\/\",\"sameAs\":[\"https:\/\/www.facebook.com\/ArteELuoghi\/\",\"https:\/\/www.instagram.com\/arteeluoghi\/?hl=it\",\"https:\/\/www.youtube.com\/channel\/UCuRVc4JW4-C5sg9rQB-srkw?view_as=subscriber\",\"https:\/\/twitter.com\/arteeluoghi\"],\"logo\":{\"@type\":\"ImageObject\",\"@id\":\"https:\/\/arteeluoghi.it\/#logo\",\"inLanguage\":\"it-IT\",\"url\":\"https:\/\/arteeluoghi.it\/wp-content\/uploads\/2018\/08\/logoinstagramarte.jpg\",\"contentUrl\":\"https:\/\/arteeluoghi.it\/wp-content\/uploads\/2018\/08\/logoinstagramarte.jpg\",\"width\":150,\"height\":150,\"caption\":\"Arte e Luoghi\"},\"image\":{\"@id\":\"https:\/\/arteeluoghi.it\/#logo\"}},{\"@type\":\"WebSite\",\"@id\":\"https:\/\/arteeluoghi.it\/#website\",\"url\":\"https:\/\/arteeluoghi.it\/\",\"name\":\"Arte e Luoghi\",\"description\":\"Mensile di arte, cultura, turismo e curiosit\u00e0\",\"publisher\":{\"@id\":\"https:\/\/arteeluoghi.it\/#organization\"},\"potentialAction\":[{\"@type\":\"SearchAction\",\"target\":{\"@type\":\"EntryPoint\",\"urlTemplate\":\"https:\/\/arteeluoghi.it\/?s={search_term_string}\"},\"query-input\":\"required name=search_term_string\"}],\"inLanguage\":\"it-IT\"},{\"@type\":\"ImageObject\",\"@id\":\"https:\/\/arteeluoghi.it\/index.php\/2011\/01\/16\/europunk-a-villa-medici\/#primaryimage\",\"inLanguage\":\"it-IT\",\"url\":\"\/images\/stories\/europunk.jpg\",\"contentUrl\":\"\/images\/stories\/europunk.jpg\"},{\"@type\":\"WebPage\",\"@id\":\"https:\/\/arteeluoghi.it\/index.php\/2011\/01\/16\/europunk-a-villa-medici\/#webpage\",\"url\":\"https:\/\/arteeluoghi.it\/index.php\/2011\/01\/16\/europunk-a-villa-medici\/\",\"name\":\"EUROPUNK a VILLA MEDICI | Arte e Luoghi\",\"isPartOf\":{\"@id\":\"https:\/\/arteeluoghi.it\/#website\"},\"primaryImageOfPage\":{\"@id\":\"https:\/\/arteeluoghi.it\/index.php\/2011\/01\/16\/europunk-a-villa-medici\/#primaryimage\"},\"datePublished\":\"2011-01-16T20:00:47+00:00\",\"dateModified\":\"2011-01-16T20:00:47+00:00\",\"breadcrumb\":{\"@id\":\"https:\/\/arteeluoghi.it\/index.php\/2011\/01\/16\/europunk-a-villa-medici\/#breadcrumb\"},\"inLanguage\":\"it-IT\",\"potentialAction\":[{\"@type\":\"ReadAction\",\"target\":[\"https:\/\/arteeluoghi.it\/index.php\/2011\/01\/16\/europunk-a-villa-medici\/\"]}]},{\"@type\":\"BreadcrumbList\",\"@id\":\"https:\/\/arteeluoghi.it\/index.php\/2011\/01\/16\/europunk-a-villa-medici\/#breadcrumb\",\"itemListElement\":[{\"@type\":\"ListItem\",\"position\":1,\"name\":\"Home\",\"item\":\"https:\/\/arteeluoghi.it\/\"},{\"@type\":\"ListItem\",\"position\":2,\"name\":\"EUROPUNK a VILLA MEDICI\"}]},{\"@type\":\"Article\",\"@id\":\"https:\/\/arteeluoghi.it\/index.php\/2011\/01\/16\/europunk-a-villa-medici\/#article\",\"isPartOf\":{\"@id\":\"https:\/\/arteeluoghi.it\/index.php\/2011\/01\/16\/europunk-a-villa-medici\/#webpage\"},\"author\":{\"@id\":\"https:\/\/arteeluoghi.it\/#\/schema\/person\/f84e814e36e91e01448ee07eaadd41d4\"},\"headline\":\"EUROPUNK a VILLA MEDICI\",\"datePublished\":\"2011-01-16T20:00:47+00:00\",\"dateModified\":\"2011-01-16T20:00:47+00:00\",\"mainEntityOfPage\":{\"@id\":\"https:\/\/arteeluoghi.it\/index.php\/2011\/01\/16\/europunk-a-villa-medici\/#webpage\"},\"wordCount\":801,\"commentCount\":0,\"publisher\":{\"@id\":\"https:\/\/arteeluoghi.it\/#organization\"},\"image\":{\"@id\":\"https:\/\/arteeluoghi.it\/index.php\/2011\/01\/16\/europunk-a-villa-medici\/#primaryimage\"},\"thumbnailUrl\":\"\/images\/stories\/europunk.jpg\",\"articleSection\":[\"Arti visive\"],\"inLanguage\":\"it-IT\",\"potentialAction\":[{\"@type\":\"CommentAction\",\"name\":\"Comment\",\"target\":[\"https:\/\/arteeluoghi.it\/index.php\/2011\/01\/16\/europunk-a-villa-medici\/#respond\"]}]},{\"@type\":\"Person\",\"@id\":\"https:\/\/arteeluoghi.it\/#\/schema\/person\/f84e814e36e91e01448ee07eaadd41d4\",\"name\":\"Staff\",\"image\":{\"@type\":\"ImageObject\",\"@id\":\"https:\/\/arteeluoghi.it\/#personlogo\",\"inLanguage\":\"it-IT\",\"url\":\"https:\/\/secure.gravatar.com\/avatar\/49d2f9e46271bb04e19cebfaf141313a?s=96&d=blank&r=g\",\"contentUrl\":\"https:\/\/secure.gravatar.com\/avatar\/49d2f9e46271bb04e19cebfaf141313a?s=96&d=blank&r=g\",\"caption\":\"Staff\"}}]}<\/script>\n<!-- \/ Yoast SEO plugin. -->","yoast_head_json":{"title":"EUROPUNK a VILLA MEDICI | Arte e Luoghi","robots":{"index":"index","follow":"follow","max-snippet":"max-snippet:-1","max-image-preview":"max-image-preview:large","max-video-preview":"max-video-preview:-1"},"canonical":"https:\/\/arteeluoghi.it\/index.php\/2011\/01\/16\/europunk-a-villa-medici\/","og_locale":"it_IT","og_type":"article","og_title":"EUROPUNK a VILLA MEDICI | Arte e Luoghi","og_description":"EUROPUNK a Villa Medici LA MOSTRANato 35 anni fa, il punk continua a influenzare tutte le forme d\u2019arte, dalla musica","og_url":"https:\/\/arteeluoghi.it\/index.php\/2011\/01\/16\/europunk-a-villa-medici\/","og_site_name":"Arte e Luoghi","article_publisher":"https:\/\/www.facebook.com\/ArteELuoghi\/","article_published_time":"2011-01-16T20:00:47+00:00","og_image":[{"url":"https:\/\/arteeluoghi.it\/images\/stories\/europunk.jpg"}],"twitter_card":"summary","twitter_creator":"@arteeluoghi","twitter_site":"@arteeluoghi","twitter_misc":{"Scritto da":"Staff","Tempo di lettura stimato":"4 minuti"},"schema":{"@context":"https:\/\/schema.org","@graph":[{"@type":"Organization","@id":"https:\/\/arteeluoghi.it\/#organization","name":"Arte e Luoghi","url":"https:\/\/arteeluoghi.it\/","sameAs":["https:\/\/www.facebook.com\/ArteELuoghi\/","https:\/\/www.instagram.com\/arteeluoghi\/?hl=it","https:\/\/www.youtube.com\/channel\/UCuRVc4JW4-C5sg9rQB-srkw?view_as=subscriber","https:\/\/twitter.com\/arteeluoghi"],"logo":{"@type":"ImageObject","@id":"https:\/\/arteeluoghi.it\/#logo","inLanguage":"it-IT","url":"https:\/\/arteeluoghi.it\/wp-content\/uploads\/2018\/08\/logoinstagramarte.jpg","contentUrl":"https:\/\/arteeluoghi.it\/wp-content\/uploads\/2018\/08\/logoinstagramarte.jpg","width":150,"height":150,"caption":"Arte e Luoghi"},"image":{"@id":"https:\/\/arteeluoghi.it\/#logo"}},{"@type":"WebSite","@id":"https:\/\/arteeluoghi.it\/#website","url":"https:\/\/arteeluoghi.it\/","name":"Arte e Luoghi","description":"Mensile di arte, cultura, turismo e curiosit\u00e0","publisher":{"@id":"https:\/\/arteeluoghi.it\/#organization"},"potentialAction":[{"@type":"SearchAction","target":{"@type":"EntryPoint","urlTemplate":"https:\/\/arteeluoghi.it\/?s={search_term_string}"},"query-input":"required name=search_term_string"}],"inLanguage":"it-IT"},{"@type":"ImageObject","@id":"https:\/\/arteeluoghi.it\/index.php\/2011\/01\/16\/europunk-a-villa-medici\/#primaryimage","inLanguage":"it-IT","url":"\/images\/stories\/europunk.jpg","contentUrl":"\/images\/stories\/europunk.jpg"},{"@type":"WebPage","@id":"https:\/\/arteeluoghi.it\/index.php\/2011\/01\/16\/europunk-a-villa-medici\/#webpage","url":"https:\/\/arteeluoghi.it\/index.php\/2011\/01\/16\/europunk-a-villa-medici\/","name":"EUROPUNK a VILLA MEDICI | Arte e Luoghi","isPartOf":{"@id":"https:\/\/arteeluoghi.it\/#website"},"primaryImageOfPage":{"@id":"https:\/\/arteeluoghi.it\/index.php\/2011\/01\/16\/europunk-a-villa-medici\/#primaryimage"},"datePublished":"2011-01-16T20:00:47+00:00","dateModified":"2011-01-16T20:00:47+00:00","breadcrumb":{"@id":"https:\/\/arteeluoghi.it\/index.php\/2011\/01\/16\/europunk-a-villa-medici\/#breadcrumb"},"inLanguage":"it-IT","potentialAction":[{"@type":"ReadAction","target":["https:\/\/arteeluoghi.it\/index.php\/2011\/01\/16\/europunk-a-villa-medici\/"]}]},{"@type":"BreadcrumbList","@id":"https:\/\/arteeluoghi.it\/index.php\/2011\/01\/16\/europunk-a-villa-medici\/#breadcrumb","itemListElement":[{"@type":"ListItem","position":1,"name":"Home","item":"https:\/\/arteeluoghi.it\/"},{"@type":"ListItem","position":2,"name":"EUROPUNK a VILLA MEDICI"}]},{"@type":"Article","@id":"https:\/\/arteeluoghi.it\/index.php\/2011\/01\/16\/europunk-a-villa-medici\/#article","isPartOf":{"@id":"https:\/\/arteeluoghi.it\/index.php\/2011\/01\/16\/europunk-a-villa-medici\/#webpage"},"author":{"@id":"https:\/\/arteeluoghi.it\/#\/schema\/person\/f84e814e36e91e01448ee07eaadd41d4"},"headline":"EUROPUNK a VILLA MEDICI","datePublished":"2011-01-16T20:00:47+00:00","dateModified":"2011-01-16T20:00:47+00:00","mainEntityOfPage":{"@id":"https:\/\/arteeluoghi.it\/index.php\/2011\/01\/16\/europunk-a-villa-medici\/#webpage"},"wordCount":801,"commentCount":0,"publisher":{"@id":"https:\/\/arteeluoghi.it\/#organization"},"image":{"@id":"https:\/\/arteeluoghi.it\/index.php\/2011\/01\/16\/europunk-a-villa-medici\/#primaryimage"},"thumbnailUrl":"\/images\/stories\/europunk.jpg","articleSection":["Arti visive"],"inLanguage":"it-IT","potentialAction":[{"@type":"CommentAction","name":"Comment","target":["https:\/\/arteeluoghi.it\/index.php\/2011\/01\/16\/europunk-a-villa-medici\/#respond"]}]},{"@type":"Person","@id":"https:\/\/arteeluoghi.it\/#\/schema\/person\/f84e814e36e91e01448ee07eaadd41d4","name":"Staff","image":{"@type":"ImageObject","@id":"https:\/\/arteeluoghi.it\/#personlogo","inLanguage":"it-IT","url":"https:\/\/secure.gravatar.com\/avatar\/49d2f9e46271bb04e19cebfaf141313a?s=96&d=blank&r=g","contentUrl":"https:\/\/secure.gravatar.com\/avatar\/49d2f9e46271bb04e19cebfaf141313a?s=96&d=blank&r=g","caption":"Staff"}}]}},"_links":{"self":[{"href":"https:\/\/arteeluoghi.it\/index.php\/wp-json\/wp\/v2\/posts\/147"}],"collection":[{"href":"https:\/\/arteeluoghi.it\/index.php\/wp-json\/wp\/v2\/posts"}],"about":[{"href":"https:\/\/arteeluoghi.it\/index.php\/wp-json\/wp\/v2\/types\/post"}],"author":[{"embeddable":true,"href":"https:\/\/arteeluoghi.it\/index.php\/wp-json\/wp\/v2\/users\/1"}],"replies":[{"embeddable":true,"href":"https:\/\/arteeluoghi.it\/index.php\/wp-json\/wp\/v2\/comments?post=147"}],"version-history":[{"count":0,"href":"https:\/\/arteeluoghi.it\/index.php\/wp-json\/wp\/v2\/posts\/147\/revisions"}],"wp:attachment":[{"href":"https:\/\/arteeluoghi.it\/index.php\/wp-json\/wp\/v2\/media?parent=147"}],"wp:term":[{"taxonomy":"category","embeddable":true,"href":"https:\/\/arteeluoghi.it\/index.php\/wp-json\/wp\/v2\/categories?post=147"},{"taxonomy":"post_tag","embeddable":true,"href":"https:\/\/arteeluoghi.it\/index.php\/wp-json\/wp\/v2\/tags?post=147"}],"curies":[{"name":"wp","href":"https:\/\/api.w.org\/{rel}","templated":true}]}}