{"id":1473,"date":"2013-12-06T22:23:00","date_gmt":"2013-12-06T21:23:00","guid":{"rendered":"http:\/\/arteeluoghi.it\/index.php\/2013\/12\/06\/human-landscape\/"},"modified":"2013-12-06T22:23:00","modified_gmt":"2013-12-06T21:23:00","slug":"human-landscape","status":"publish","type":"post","link":"https:\/\/arteeluoghi.it\/index.php\/2013\/12\/06\/human-landscape\/","title":{"rendered":"Human Landscape"},"content":{"rendered":"<p><img src=\"\/images\/FRANCESCO%20ARENA-gra.jpg\" border=\"0\" title=\"Francesco Arena\" width=\"300\" style=\"margin: 21px; float: left;\" \/>Dal 7 dicembre all&#8217;8 gennaio 2014 negli spazi di Primo Piano Living Gallery la mostra a cura di Dores Sacquegna<\/p>\n<p><strong>Il corpo nell&#8217;arte. Contemporanea<\/strong><\/p>\n<p>La mostra \u201cHuman Landscape\u201d, \u00a0vuole riflettere su cosa sia oggi il corpo umano e le relazioni con l\u2019arte contemporanea. Secondo Pierre Bourdieu, filosofo e sociologo francese, il \u201ccorpo \u00e8 inteso come mediatore tra noi e il mondo\u201d, serve dunque alla persona a definire la propria identit\u00e0 rispetto agli altri, a mostrare alla societ\u00e0 in che fase della vita si trova. Le differenze anatomiche tra uomo e donna, sono la prima base classificatoria per la differenziazione culturale e sociale. \u00a0La separazione, l\u2019esclusione, la distinzione tra sessi \u00e8 applicata attraverso simboli, pratiche e attribuzioni di ruoli reali ed immaginari. \u00a0\u00a0\u00a0<\/p>\n<p>Assumere dei ruoli nella societ\u00e0 dell\u2019immagine e della globalizzazione, porta l\u2019essere umano ad assumere una\u00a0 identit\u00e0 multipla. In questa molteplicit\u00e0, il concetto di identit\u00e0 si trasforma in alterit\u00e0, si frammenta, si parcellizza, creando alterit\u00e0 ad hoc in cui vedere riflessi quei tratti che la propria identit\u00e0 ideale ha reso tab\u00f9 o riconosce come amoralit\u00e0, primitivismo, illogicit\u00e0, difetti, peccati, ma anche pregi, modi di vivere, di relazionarsi con il mondo.<\/p>\n<p>  <!--more-->  <\/p>\n<p><img src=\"\/images\/FRANCESCO%20SCHIAVULLI-gra.JPG\" border=\"0\" title=\"Francesco Schiavulli\" width=\"300\" style=\"margin: 21px; float: right;\" \/><\/p>\n<p>Ed ecco, che questa mostra, verte sul paesaggio umano, cio\u00e8 su quella rete di relazioni sociali e non, che portano ad \u00a0identit\u00e0 multiple, ad identit\u00e0 fluide, ad identit\u00e0 in rete, ad\u00a0 identit\u00e0 in positivo e in negativo, ad alterit\u00e0; e che forniscono con la loro completa esposizione, quel senso di appartenenza ad una comunit\u00e0 globale che ci identifica oggi con classificazioni positive del tipo &#8220;come siamo (come io sono)&#8221; o si contrappone con una pi\u00f9 potente classificazione negativa del tipo &#8220;come io non sono\u201d (come noi non siamo).<\/p>\n<p>\u00a0<\/p>\n<p>Una ricerca sull\u2019identit\u00e0 e sulla volont\u00e0 di porre in primo piano un corpo materiale che produce \u201clinguaggio\u201d, lettura, identificazione, e che \u00e8 comunque` parte integrante della scena contemporanea attuale.<\/p>\n<p>Questo evento, raccoglie le testimonianze di 26 artisti contemporanei (in collezione e rappresentati dal 2004 ad oggi) che la Primo Piano LivinGallery promuove ed espone in Italia e all\u2019estero.\u00a0 (fonte: comunicato stampa)<\/p>\n<p>\u00a0<\/p>\n<p><strong>Artisti in mostra:<\/strong><\/p>\n<p>Carlos Anzola (Venuezela), Clara Arozarena (Francia), Matteo Bosi (Cesena, IT), Nathan Brusovani (Israele), Clare Charles Cornell (Usa), Silvia De Gennaro (Roma, IT), Nathalie Dubleumortier (Francia), Marcella Fusco (Napoli, IT), Giuseppe Incampo (Bari, IT), Margherita Levo Rosenberg (Genova, IT), Massimo Lorusso (Roma,IT), Dario Manco (Lecce, IT), Massimiliano Manieri (Lecce IT), Patrick Mitch (Usa), Gabriela Morawetz (Francia), Jingchen Ni (Cina), Cuathemoc Rodriguez Sevilla (Mexico),Francesco Schiavulli (Bari, IT), Stuart Ross Snider (Arizona,US), Fie Tanderup (Danimarca), Shilpa Joglekar (India), Yu Zhao Yang (Cina).<\/p>\n<p><strong>Video in mostra: <\/strong><\/p>\n<p>Francesco Arena (Genova, IT), Ivana Basic (Serbia),Elisa Laraia (Potenza,IT),Daniela Perego (Roma, IT).<\/p>\n<hr \/>\n<p>\u00a0<\/p>\n<p>Primo Piano LivinGallery<\/p>\n<p>Viale G. Marconi 4<\/p>\n<p>Lecce, Italy 73100<\/p>\n<p>Tel\/fax: 0832.30 40 14<\/p>\n<p><a href=\"http:\/\/www.primopianogallery.com\/\">www.primopianogallery.com<\/a><\/p>\n<p><a href=\"mailto:primopianopressrelease@gmail.com\">primopianopressrelease@gmail.com<\/a><\/p>\n<p><strong>\u00a0<\/strong><\/p>\n<p><strong>GIORNI E ORARI<\/strong><\/p>\n<p>dal luned\u00ec al venerd\u00ec: 11-13h\/16-19:30h<\/p>\n<p>Sabato:16-20h<\/p>\n<p>Con\u00a0 preghiera di pubblicazione<\/p>\n<p>Primo Piano LivinGallery<\/p>\n<p>\u00a0<\/p>\n","protected":false},"excerpt":{"rendered":"<p>Dal 7 dicembre all&#8217;8 gennaio 2014 negli spazi di Primo Piano Living Gallery la mostra a cura di Dores Sacquegna<\/p>\n","protected":false},"author":1,"featured_media":0,"comment_status":"open","ping_status":"open","sticky":false,"template":"","format":"standard","meta":[],"categories":[27],"tags":[],"yoast_head":"<!-- This site is optimized with the Yoast SEO plugin v18.0 - https:\/\/yoast.com\/wordpress\/plugins\/seo\/ -->\n<title>Human Landscape | Arte e Luoghi<\/title>\n<meta name=\"robots\" content=\"index, follow, max-snippet:-1, max-image-preview:large, max-video-preview:-1\" \/>\n<link rel=\"canonical\" href=\"https:\/\/arteeluoghi.it\/index.php\/2013\/12\/06\/human-landscape\/\" \/>\n<meta property=\"og:locale\" content=\"it_IT\" \/>\n<meta property=\"og:type\" content=\"article\" \/>\n<meta property=\"og:title\" content=\"Human Landscape | Arte e Luoghi\" \/>\n<meta property=\"og:description\" content=\"Dal 7 dicembre all&#8217;8 gennaio 2014 negli spazi di Primo Piano Living Gallery la mostra a cura di Dores Sacquegna\" \/>\n<meta property=\"og:url\" content=\"https:\/\/arteeluoghi.it\/index.php\/2013\/12\/06\/human-landscape\/\" \/>\n<meta property=\"og:site_name\" content=\"Arte e Luoghi\" \/>\n<meta property=\"article:publisher\" content=\"https:\/\/www.facebook.com\/ArteELuoghi\/\" \/>\n<meta property=\"article:published_time\" content=\"2013-12-06T21:23:00+00:00\" \/>\n<meta property=\"og:image\" content=\"https:\/\/arteeluoghi.it\/images\/FRANCESCO%20ARENA-gra.jpg\" \/>\n<meta name=\"twitter:card\" content=\"summary\" \/>\n<meta name=\"twitter:creator\" content=\"@arteeluoghi\" \/>\n<meta name=\"twitter:site\" content=\"@arteeluoghi\" \/>\n<meta name=\"twitter:label1\" content=\"Scritto da\" \/>\n\t<meta name=\"twitter:data1\" content=\"Staff\" \/>\n\t<meta name=\"twitter:label2\" content=\"Tempo di lettura stimato\" \/>\n\t<meta name=\"twitter:data2\" content=\"2 minuti\" \/>\n<script type=\"application\/ld+json\" class=\"yoast-schema-graph\">{\"@context\":\"https:\/\/schema.org\",\"@graph\":[{\"@type\":\"Organization\",\"@id\":\"https:\/\/arteeluoghi.it\/#organization\",\"name\":\"Arte e Luoghi\",\"url\":\"https:\/\/arteeluoghi.it\/\",\"sameAs\":[\"https:\/\/www.facebook.com\/ArteELuoghi\/\",\"https:\/\/www.instagram.com\/arteeluoghi\/?hl=it\",\"https:\/\/www.youtube.com\/channel\/UCuRVc4JW4-C5sg9rQB-srkw?view_as=subscriber\",\"https:\/\/twitter.com\/arteeluoghi\"],\"logo\":{\"@type\":\"ImageObject\",\"@id\":\"https:\/\/arteeluoghi.it\/#logo\",\"inLanguage\":\"it-IT\",\"url\":\"https:\/\/arteeluoghi.it\/wp-content\/uploads\/2018\/08\/logoinstagramarte.jpg\",\"contentUrl\":\"https:\/\/arteeluoghi.it\/wp-content\/uploads\/2018\/08\/logoinstagramarte.jpg\",\"width\":150,\"height\":150,\"caption\":\"Arte e Luoghi\"},\"image\":{\"@id\":\"https:\/\/arteeluoghi.it\/#logo\"}},{\"@type\":\"WebSite\",\"@id\":\"https:\/\/arteeluoghi.it\/#website\",\"url\":\"https:\/\/arteeluoghi.it\/\",\"name\":\"Arte e Luoghi\",\"description\":\"Mensile di arte, cultura, turismo e curiosit\u00e0\",\"publisher\":{\"@id\":\"https:\/\/arteeluoghi.it\/#organization\"},\"potentialAction\":[{\"@type\":\"SearchAction\",\"target\":{\"@type\":\"EntryPoint\",\"urlTemplate\":\"https:\/\/arteeluoghi.it\/?s={search_term_string}\"},\"query-input\":\"required name=search_term_string\"}],\"inLanguage\":\"it-IT\"},{\"@type\":\"ImageObject\",\"@id\":\"https:\/\/arteeluoghi.it\/index.php\/2013\/12\/06\/human-landscape\/#primaryimage\",\"inLanguage\":\"it-IT\",\"url\":\"\/images\/FRANCESCO%20ARENA-gra.jpg\",\"contentUrl\":\"\/images\/FRANCESCO%20ARENA-gra.jpg\"},{\"@type\":\"WebPage\",\"@id\":\"https:\/\/arteeluoghi.it\/index.php\/2013\/12\/06\/human-landscape\/#webpage\",\"url\":\"https:\/\/arteeluoghi.it\/index.php\/2013\/12\/06\/human-landscape\/\",\"name\":\"Human Landscape | Arte e Luoghi\",\"isPartOf\":{\"@id\":\"https:\/\/arteeluoghi.it\/#website\"},\"primaryImageOfPage\":{\"@id\":\"https:\/\/arteeluoghi.it\/index.php\/2013\/12\/06\/human-landscape\/#primaryimage\"},\"datePublished\":\"2013-12-06T21:23:00+00:00\",\"dateModified\":\"2013-12-06T21:23:00+00:00\",\"breadcrumb\":{\"@id\":\"https:\/\/arteeluoghi.it\/index.php\/2013\/12\/06\/human-landscape\/#breadcrumb\"},\"inLanguage\":\"it-IT\",\"potentialAction\":[{\"@type\":\"ReadAction\",\"target\":[\"https:\/\/arteeluoghi.it\/index.php\/2013\/12\/06\/human-landscape\/\"]}]},{\"@type\":\"BreadcrumbList\",\"@id\":\"https:\/\/arteeluoghi.it\/index.php\/2013\/12\/06\/human-landscape\/#breadcrumb\",\"itemListElement\":[{\"@type\":\"ListItem\",\"position\":1,\"name\":\"Home\",\"item\":\"https:\/\/arteeluoghi.it\/\"},{\"@type\":\"ListItem\",\"position\":2,\"name\":\"Human Landscape\"}]},{\"@type\":\"Article\",\"@id\":\"https:\/\/arteeluoghi.it\/index.php\/2013\/12\/06\/human-landscape\/#article\",\"isPartOf\":{\"@id\":\"https:\/\/arteeluoghi.it\/index.php\/2013\/12\/06\/human-landscape\/#webpage\"},\"author\":{\"@id\":\"https:\/\/arteeluoghi.it\/#\/schema\/person\/f84e814e36e91e01448ee07eaadd41d4\"},\"headline\":\"Human Landscape\",\"datePublished\":\"2013-12-06T21:23:00+00:00\",\"dateModified\":\"2013-12-06T21:23:00+00:00\",\"mainEntityOfPage\":{\"@id\":\"https:\/\/arteeluoghi.it\/index.php\/2013\/12\/06\/human-landscape\/#webpage\"},\"wordCount\":480,\"commentCount\":0,\"publisher\":{\"@id\":\"https:\/\/arteeluoghi.it\/#organization\"},\"image\":{\"@id\":\"https:\/\/arteeluoghi.it\/index.php\/2013\/12\/06\/human-landscape\/#primaryimage\"},\"thumbnailUrl\":\"\/images\/FRANCESCO%20ARENA-gra.jpg\",\"articleSection\":[\"Arte\"],\"inLanguage\":\"it-IT\",\"potentialAction\":[{\"@type\":\"CommentAction\",\"name\":\"Comment\",\"target\":[\"https:\/\/arteeluoghi.it\/index.php\/2013\/12\/06\/human-landscape\/#respond\"]}]},{\"@type\":\"Person\",\"@id\":\"https:\/\/arteeluoghi.it\/#\/schema\/person\/f84e814e36e91e01448ee07eaadd41d4\",\"name\":\"Staff\",\"image\":{\"@type\":\"ImageObject\",\"@id\":\"https:\/\/arteeluoghi.it\/#personlogo\",\"inLanguage\":\"it-IT\",\"url\":\"https:\/\/secure.gravatar.com\/avatar\/49d2f9e46271bb04e19cebfaf141313a?s=96&d=blank&r=g\",\"contentUrl\":\"https:\/\/secure.gravatar.com\/avatar\/49d2f9e46271bb04e19cebfaf141313a?s=96&d=blank&r=g\",\"caption\":\"Staff\"}}]}<\/script>\n<!-- \/ Yoast SEO plugin. -->","yoast_head_json":{"title":"Human Landscape | Arte e Luoghi","robots":{"index":"index","follow":"follow","max-snippet":"max-snippet:-1","max-image-preview":"max-image-preview:large","max-video-preview":"max-video-preview:-1"},"canonical":"https:\/\/arteeluoghi.it\/index.php\/2013\/12\/06\/human-landscape\/","og_locale":"it_IT","og_type":"article","og_title":"Human Landscape | Arte e Luoghi","og_description":"Dal 7 dicembre all&#8217;8 gennaio 2014 negli spazi di Primo Piano Living Gallery la mostra a cura di Dores Sacquegna","og_url":"https:\/\/arteeluoghi.it\/index.php\/2013\/12\/06\/human-landscape\/","og_site_name":"Arte e Luoghi","article_publisher":"https:\/\/www.facebook.com\/ArteELuoghi\/","article_published_time":"2013-12-06T21:23:00+00:00","og_image":[{"url":"https:\/\/arteeluoghi.it\/images\/FRANCESCO%20ARENA-gra.jpg"}],"twitter_card":"summary","twitter_creator":"@arteeluoghi","twitter_site":"@arteeluoghi","twitter_misc":{"Scritto da":"Staff","Tempo di lettura stimato":"2 minuti"},"schema":{"@context":"https:\/\/schema.org","@graph":[{"@type":"Organization","@id":"https:\/\/arteeluoghi.it\/#organization","name":"Arte e Luoghi","url":"https:\/\/arteeluoghi.it\/","sameAs":["https:\/\/www.facebook.com\/ArteELuoghi\/","https:\/\/www.instagram.com\/arteeluoghi\/?hl=it","https:\/\/www.youtube.com\/channel\/UCuRVc4JW4-C5sg9rQB-srkw?view_as=subscriber","https:\/\/twitter.com\/arteeluoghi"],"logo":{"@type":"ImageObject","@id":"https:\/\/arteeluoghi.it\/#logo","inLanguage":"it-IT","url":"https:\/\/arteeluoghi.it\/wp-content\/uploads\/2018\/08\/logoinstagramarte.jpg","contentUrl":"https:\/\/arteeluoghi.it\/wp-content\/uploads\/2018\/08\/logoinstagramarte.jpg","width":150,"height":150,"caption":"Arte e Luoghi"},"image":{"@id":"https:\/\/arteeluoghi.it\/#logo"}},{"@type":"WebSite","@id":"https:\/\/arteeluoghi.it\/#website","url":"https:\/\/arteeluoghi.it\/","name":"Arte e Luoghi","description":"Mensile di arte, cultura, turismo e curiosit\u00e0","publisher":{"@id":"https:\/\/arteeluoghi.it\/#organization"},"potentialAction":[{"@type":"SearchAction","target":{"@type":"EntryPoint","urlTemplate":"https:\/\/arteeluoghi.it\/?s={search_term_string}"},"query-input":"required name=search_term_string"}],"inLanguage":"it-IT"},{"@type":"ImageObject","@id":"https:\/\/arteeluoghi.it\/index.php\/2013\/12\/06\/human-landscape\/#primaryimage","inLanguage":"it-IT","url":"\/images\/FRANCESCO%20ARENA-gra.jpg","contentUrl":"\/images\/FRANCESCO%20ARENA-gra.jpg"},{"@type":"WebPage","@id":"https:\/\/arteeluoghi.it\/index.php\/2013\/12\/06\/human-landscape\/#webpage","url":"https:\/\/arteeluoghi.it\/index.php\/2013\/12\/06\/human-landscape\/","name":"Human Landscape | Arte e Luoghi","isPartOf":{"@id":"https:\/\/arteeluoghi.it\/#website"},"primaryImageOfPage":{"@id":"https:\/\/arteeluoghi.it\/index.php\/2013\/12\/06\/human-landscape\/#primaryimage"},"datePublished":"2013-12-06T21:23:00+00:00","dateModified":"2013-12-06T21:23:00+00:00","breadcrumb":{"@id":"https:\/\/arteeluoghi.it\/index.php\/2013\/12\/06\/human-landscape\/#breadcrumb"},"inLanguage":"it-IT","potentialAction":[{"@type":"ReadAction","target":["https:\/\/arteeluoghi.it\/index.php\/2013\/12\/06\/human-landscape\/"]}]},{"@type":"BreadcrumbList","@id":"https:\/\/arteeluoghi.it\/index.php\/2013\/12\/06\/human-landscape\/#breadcrumb","itemListElement":[{"@type":"ListItem","position":1,"name":"Home","item":"https:\/\/arteeluoghi.it\/"},{"@type":"ListItem","position":2,"name":"Human Landscape"}]},{"@type":"Article","@id":"https:\/\/arteeluoghi.it\/index.php\/2013\/12\/06\/human-landscape\/#article","isPartOf":{"@id":"https:\/\/arteeluoghi.it\/index.php\/2013\/12\/06\/human-landscape\/#webpage"},"author":{"@id":"https:\/\/arteeluoghi.it\/#\/schema\/person\/f84e814e36e91e01448ee07eaadd41d4"},"headline":"Human Landscape","datePublished":"2013-12-06T21:23:00+00:00","dateModified":"2013-12-06T21:23:00+00:00","mainEntityOfPage":{"@id":"https:\/\/arteeluoghi.it\/index.php\/2013\/12\/06\/human-landscape\/#webpage"},"wordCount":480,"commentCount":0,"publisher":{"@id":"https:\/\/arteeluoghi.it\/#organization"},"image":{"@id":"https:\/\/arteeluoghi.it\/index.php\/2013\/12\/06\/human-landscape\/#primaryimage"},"thumbnailUrl":"\/images\/FRANCESCO%20ARENA-gra.jpg","articleSection":["Arte"],"inLanguage":"it-IT","potentialAction":[{"@type":"CommentAction","name":"Comment","target":["https:\/\/arteeluoghi.it\/index.php\/2013\/12\/06\/human-landscape\/#respond"]}]},{"@type":"Person","@id":"https:\/\/arteeluoghi.it\/#\/schema\/person\/f84e814e36e91e01448ee07eaadd41d4","name":"Staff","image":{"@type":"ImageObject","@id":"https:\/\/arteeluoghi.it\/#personlogo","inLanguage":"it-IT","url":"https:\/\/secure.gravatar.com\/avatar\/49d2f9e46271bb04e19cebfaf141313a?s=96&d=blank&r=g","contentUrl":"https:\/\/secure.gravatar.com\/avatar\/49d2f9e46271bb04e19cebfaf141313a?s=96&d=blank&r=g","caption":"Staff"}}]}},"_links":{"self":[{"href":"https:\/\/arteeluoghi.it\/index.php\/wp-json\/wp\/v2\/posts\/1473"}],"collection":[{"href":"https:\/\/arteeluoghi.it\/index.php\/wp-json\/wp\/v2\/posts"}],"about":[{"href":"https:\/\/arteeluoghi.it\/index.php\/wp-json\/wp\/v2\/types\/post"}],"author":[{"embeddable":true,"href":"https:\/\/arteeluoghi.it\/index.php\/wp-json\/wp\/v2\/users\/1"}],"replies":[{"embeddable":true,"href":"https:\/\/arteeluoghi.it\/index.php\/wp-json\/wp\/v2\/comments?post=1473"}],"version-history":[{"count":0,"href":"https:\/\/arteeluoghi.it\/index.php\/wp-json\/wp\/v2\/posts\/1473\/revisions"}],"wp:attachment":[{"href":"https:\/\/arteeluoghi.it\/index.php\/wp-json\/wp\/v2\/media?parent=1473"}],"wp:term":[{"taxonomy":"category","embeddable":true,"href":"https:\/\/arteeluoghi.it\/index.php\/wp-json\/wp\/v2\/categories?post=1473"},{"taxonomy":"post_tag","embeddable":true,"href":"https:\/\/arteeluoghi.it\/index.php\/wp-json\/wp\/v2\/tags?post=1473"}],"curies":[{"name":"wp","href":"https:\/\/api.w.org\/{rel}","templated":true}]}}