{"id":14787,"date":"2024-08-31T16:41:04","date_gmt":"2024-08-31T14:41:04","guid":{"rendered":"https:\/\/arteeluoghi.it\/?p=14787"},"modified":"2024-09-02T14:45:51","modified_gmt":"2024-09-02T12:45:51","slug":"land-art-alla-gola-del-furlo","status":"publish","type":"post","link":"https:\/\/arteeluoghi.it\/index.php\/2024\/08\/31\/land-art-alla-gola-del-furlo\/","title":{"rendered":"Land Art alla gola del Furlo"},"content":{"rendered":"\n<blockquote class=\"wp-block-quote is-style-default\"><p>Due artiste docenti dell&#8217;Accademia di Belle Arti di Lecce, Carla Sello e Lucia Ghionna, tra gli artisti selezionati per la realizzazione delle pedane del Cammino di Sant&#8217;Anna. La manifestazione \u00e8 organizzata dall&#8217;Associazione Casa degli Artisti<\/p><\/blockquote>\n\n\n\n<p><\/p>\n\n\n\n<p>Al via la quindicesima edizione della manifestazione &#8220;Land Art al Furlo&#8221; organizzata dall&#8217;associazione Casa degli Artisti. La giuria, composta da&nbsp;<em>Andrea Baffoni, Andreina De Tomassi, Elvio Moretti&nbsp;<\/em>con la consulenza tecnica di&nbsp;<em>Antonio Sorace,&nbsp;<\/em>ha selezionato le&nbsp;<strong>ultime 20 pedane d\u2019artista<\/strong>&nbsp;che andranno a completare le 100 piazzole del&nbsp;<strong>Cammino di Sant\u2019Anna<\/strong>, un percorso iniziato ben 5 anni fa e che si snoda dentro il bosco della Casa degli Artisti di Sant\u2019Anna del Furlo, un\u2019opera collettiva che \u00e8 inserita negli&nbsp;<strong>Eventi di \u201cPesaro 24\u201d Capitale della Cultura&nbsp;<\/strong>e che verr\u00e0 inaugurata, insieme alle&nbsp;<strong>opere di Land Art<\/strong>&nbsp;scelte dalla stessa giuria, da sabato 7 a domenica 15 settembre 2024.&nbsp;<\/p>\n\n\n\n<!--more-->\n\n\n\n<p>Gli<strong>&nbsp;Artisti della XV edizione della Land Art Al Furlo 2024<\/strong>, scelti tra oltre 60 candidature pervenute sono:&nbsp;<strong>Pedane del \u201cCammino di Sant\u2019Anna\u201d<\/strong>: Associazione culturale Scultura di Riccione; Margherita Burcini; Bernardo Bandinelli; Angelamaria Calderoni \u2013 Scuola Mosaico San Lorenzo Roma; Alessandra Chicarella; Alberta Hilde Corsucci; Ornella Cosenza; Gabriele Diversi; Chiara Di Salvo-Antonella Gerbi; Leonarda Faggi; Grazia Focanti-Carlo Iacomucci; Lucia Ghionna; Luiz Macedo; Roberto Malini-Dario Picciau; Doriana Napoli-Maria Valerio; Donatella Nicolardi; Mauro Paolini; Sisto Righi; Carla Sello-Francesco Pasca; Antonio Sorace; Andrea Starinieri; Walter Zuccarini. <strong>Opere di Land Art<\/strong>: Adele Cerisoli; Pippo Cosenza; Maria Stefania Fuso; Veronica Zonzini.<\/p>\n\n\n\n<p>La XV edizione della Land Art prevede anche l\u2019inaugurazione del murale mosaicato di&nbsp;<strong>Michele Picone e Katia Grasso,<\/strong>&nbsp;a ricordo dei 15 anni di attivit\u00e0 della Casa degli Artisti, e un\u2019anticipazione del&nbsp;<strong>Grande Catalogo dei 15 anni della Land Art<\/strong>, a cura di Elvio Moretti e Andreina De Tomassi.<\/p>\n\n\n\n<p>Tra i partecipanti, in esclusiva per Arte e Luoghi abbiamo incontrato  Carla Sello (che ha gi\u00e0 partecipato a tre precedenti edizioni ) e Lucia Ghionna artiste nonch\u00e9 docenti rispettivamente della cattedra di Pittura e di Decorazione dell&#8217;Accademia di Belle Arti di Lecce, che ci hanno anticipato i temi e le immagini delle pedane realizzate.<\/p>\n\n\n\n<style id=\"bwg-style-0\">  #bwg_container1_0 {    display: table;\t\/*visibility: hidden;*\/  }  #bwg_container1_0 * {\t  -moz-user-select: none;\t  -khtml-user-select: none;\t  -webkit-user-select: none;\t  -ms-user-select: none;\t  user-select: none;  }  #bwg_container1_0 #bwg_container2_0 .bwg_slideshow_image_wrap_0 {\t  background-color: #000000;\t  width: 800px;\t  height: 500px;  }  #bwg_container1_0 #bwg_container2_0 .bwg_slideshow_image_0 {\t  max-width: 800px;\t  max-height: 410px;  }  #bwg_container1_0 #bwg_container2_0 .bwg_slideshow_embed_0 {    width: 800px;    height: 410px;  }  #bwg_container1_0 #bwg_container2_0 #bwg_slideshow_play_pause_0 {\t  background: transparent url(\"https:\/\/arteeluoghi.it\/wp-content\/plugins\/photo-gallery\/images\/blank.gif\") repeat scroll 0 0;  }  #bwg_container1_0 #bwg_container2_0 #bwg_slideshow_play_pause-ico_0 {    color: #FFFFFF;    font-size: 60px;  }  #bwg_container1_0 #bwg_container2_0 #bwg_slideshow_play_pause-ico_0:hover {\t  color: #CCCCCC;  }  #bwg_container1_0 #bwg_container2_0 #spider_slideshow_left_0,  #bwg_container1_0 #bwg_container2_0 #spider_slideshow_right_0 {\t  background: transparent url(\"https:\/\/arteeluoghi.it\/wp-content\/plugins\/photo-gallery\/images\/blank.gif\") repeat scroll 0 0;  }  #bwg_container1_0 #bwg_container2_0 #spider_slideshow_left-ico_0,  #bwg_container1_0 #bwg_container2_0 #spider_slideshow_right-ico_0 {\t  background-color: #000000;\t  border-radius: 20px;\t  border: 0px none #FFFFFF;\t  box-shadow: 0px 0px 0px #000000;\t  color: #FFFFFF;\t  height: 40px;\t  font-size: 20px;\t  width: 40px;\t  opacity: 1.00;  }  #bwg_container1_0 #bwg_container2_0 #spider_slideshow_left-ico_0:hover,  #bwg_container1_0 #bwg_container2_0 #spider_slideshow_right-ico_0:hover {\t  color: #CCCCCC;  }      #spider_slideshow_left-ico_0{      left: -9999px;    }    #spider_slideshow_right-ico_0{      left: -9999px;    }      #bwg_container1_0 #bwg_container2_0 .bwg_slideshow_image_container_0 {\t  top: 90px;\t  width: 800px;\t  height: 500px;\t}\t#bwg_container1_0 #bwg_container2_0 .bwg_slideshow_filmstrip_container_0 {\t  display: table;\t  height: 90px;\t  width: 800px;\t  top: 0;  }  \/* Filmstrip dimension *\/  #bwg_container1_0 #bwg_container2_0 .bwg_slideshow_filmstrip_0 {\t  left: 20px;\t  width: 760px;\t  \/*z-index: 10106;*\/  }  #bwg_container1_0 #bwg_container2_0 .bwg_slideshow_filmstrip_thumbnails_0 {    left: 0px;    width: 2119px;    height: 90px;  }  #bwg_container1_0 #bwg_container2_0 .bwg_slideshow_filmstrip_thumbnail_0 {    width: 161px;    height: 90px;    margin: 0 1px;    border: 1px solid #000000;    border-radius: 0;  }  #bwg_container1_0 #bwg_container2_0 .bwg_slideshow_thumb_active_0 {\t  border: 0px solid #FFFFFF;  }  #bwg_container1_0 #bwg_container2_0 .bwg_slideshow_thumb_deactive_0 {    opacity: 0.80;  }  #bwg_container1_0 #bwg_container2_0 .bwg_slideshow_filmstrip_left_0,  #bwg_container1_0 #bwg_container2_0 .bwg_slideshow_filmstrip_left_disabled_0 {\t  background-color: #3B3B3B;\t  display: table-cell;\t  width: 20px;\t  left: 0;\t  \t    }  #bwg_container1_0 #bwg_container2_0 .bwg_slideshow_filmstrip_right_0,  #bwg_container1_0 #bwg_container2_0 .bwg_slideshow_filmstrip_right_disabled_0 {\t  background-color: #3B3B3B;    display: table-cell;    right: 0;\t  width: 20px;\t  \t    }  #bwg_container1_0 #bwg_container2_0 .bwg_slideshow_filmstrip_left_0 i,  #bwg_container1_0 #bwg_container2_0 .bwg_slideshow_filmstrip_right_0 i,  #bwg_container1_0 #bwg_container2_0 .bwg_slideshow_filmstrip_left_disabled_0 i,  #bwg_container1_0 #bwg_container2_0 .bwg_slideshow_filmstrip_right_disabled_0 i {\t  color: #FFFFFF;\t  font-size: 20px;  }  #bwg_container1_0 #bwg_container2_0 .bwg_slideshow_filmstrip_left_0 {    display: none;  }  #bwg_container1_0 #bwg_container2_0 .bwg_slideshow_filmstrip_left_disabled_0,  #bwg_container1_0 #bwg_container2_0 .bwg_slideshow_filmstrip_right_disabled_0 {    display: none;    opacity: 0.3;  }  #bwg_container1_0 #bwg_container2_0 .bwg_slideshow_filmstrip_left_disabled_0 {    display: table-cell;  }  #bwg_container1_0 #bwg_container2_0 .bwg_slideshow_watermark_spun_0 {\t  text-align: left;\t  vertical-align: bottom;  }  #bwg_container1_0 #bwg_container2_0 .bwg_slideshow_title_spun_0 {\t  text-align: right;\t  vertical-align: top;  }  #bwg_container1_0 #bwg_container2_0 .bwg_slideshow_description_spun_0 {\t  text-align: right;\t  vertical-align: bottom;  }  #bwg_container1_0 #bwg_container2_0 .bwg_slideshow_watermark_image_0 {\t  max-height: 90px;\t  max-width: 90px;\t  opacity: 0.30;  }  #bwg_container1_0 #bwg_container2_0 .bwg_slideshow_watermark_text_0,  #bwg_container1_0 #bwg_container2_0 .bwg_slideshow_watermark_text_0:hover {\t  text-decoration: none;\t  margin: 4px;\t  position: relative;\t  z-index: 15;  }  #bwg_container1_0 #bwg_container2_0 .bwg_slideshow_title_text_0 {\t  font-size: 16px;\t  font-family: segoe ui;\t  color: #FFFFFF !important;\t  opacity: 0.70;    border-radius: 5px;\t  background-color: #000000;\t  padding: 0 0 0 0;\t  \t\tmargin: 5px;\t  \t    }  #bwg_container1_0 #bwg_container2_0 .bwg_slideshow_description_text_0 {\t  font-size: 14px;\t  font-family: segoe ui;\t  color: #FFFFFF !important;\t  opacity: 0.70;    border-radius: 0;\t  background-color: #000000;\t  padding: 5px 10px 5px 10px;\t    }  #bwg_container1_0 #bwg_container2_0 .bwg_slideshow_description_text_0 * {\ttext-decoration: none;\tcolor: #FFFFFF !important;  }  #bwg_container1_0 #bwg_container2_0 .bwg_slideshow_dots_0 {\t  width: 12px;\t  height: 12px;\t  border-radius: 5px;\t  background: #F2D22E;\t  margin: 3px;  }  #bwg_container1_0 #bwg_container2_0 .bwg_slideshow_dots_container_0 {\t  width: 800px;\t  top: 0;  }  #bwg_container1_0 #bwg_container2_0 .bwg_slideshow_dots_thumbnails_0 {\t  height: 18px;\t  width: 234px;  }  #bwg_container1_0 #bwg_container2_0 .bwg_slideshow_dots_active_0 {\t  background: #FFFFFF;\t  border: 1px solid #000000;  }  <\/style>    <div id=\"bwg_container1_0\"         class=\"bwg_container bwg_thumbnail bwg_slideshow \"         data-right-click-protection=\"0\"         data-bwg=\"0\"         data-scroll=\"0\"         data-gallery-type=\"slideshow\"         data-gallery-view-type=\"slideshow\"         data-current-url=\"\/index.php\/wp-json\/wp\/v2\/posts\/14787\"         data-lightbox-url=\"https:\/\/arteeluoghi.it\/wp-admin\/admin-ajax.php?action=GalleryBox&#038;current_view=0&#038;gallery_id=66&#038;tag=0&#038;theme_id=1&#038;shortcode_id=179&#038;sort_by=order&#038;order_by=asc&#038;current_url=%2Findex.php%2Fwp-json%2Fwp%2Fv2%2Fposts%2F14787\"         data-gallery-id=\"66\"         data-popup-width=\"800\"         data-popup-height=\"500\"         data-is-album=\"gallery\"         data-buttons-position=\"bottom\">      <div id=\"bwg_container2_0\">             <div id=\"ajax_loading_0\" class=\"bwg_loading_div_1\">      <div class=\"bwg_loading_div_2\">        <div class=\"bwg_loading_div_3\">          <div id=\"loading_div_0\" class=\"bwg_spider_ajax_loading\">          <\/div>        <\/div>      <\/div>    <\/div>            <form id=\"gal_front_form_0\"              class=\"bwg-hidden\"              method=\"post\"              action=\"#\"              data-current=\"0\"              data-shortcode-id=\"179\"              data-gallery-type=\"slideshow\"              data-gallery-id=\"66\"              data-tag=\"0\"              data-album-id=\"0\"              data-theme-id=\"1\"              data-ajax-url=\"https:\/\/arteeluoghi.it\/wp-admin\/admin-ajax.php?action=bwg_frontend_data\">          <div id=\"bwg_container3_0\" class=\"bwg-background bwg-background-0\">              <div class=\"bwg_slideshow_image_wrap_0 bwg-slideshow-images-wrapper bwg-container\"       data-bwg=\"0\"       data-lightbox-url=\"https:\/\/arteeluoghi.it\/wp-admin\/admin-ajax.php?action=GalleryBox&#038;current_view=0&#038;gallery_id=66&#038;tag=0&#038;theme_id=1&#038;shortcode_id=179&#038;sort_by=order&#038;order_by=asc&#038;current_url=%2Findex.php%2Fwp-json%2Fwp%2Fv2%2Fposts%2F14787\">          <div class=\"bwg_slideshow_filmstrip_container_0\">        <div class=\"bwg_slideshow_filmstrip_left_0\">          <i class=\"bwg-icon-angle-left\"><\/i>        <\/div>        <div class=\"bwg_slideshow_filmstrip_left_disabled_0\">          <i class=\"bwg-icon-angle-left\"><\/i>        <\/div>        <div class=\"bwg_slideshow_filmstrip_0 bwg_slideshow_filmstrip\">          <div class=\"bwg_slideshow_filmstrip_thumbnails_0\">                          <div id=\"bwg_filmstrip_thumbnail_0_0\"                class=\"bwg_slideshow_filmstrip_thumbnail_0 bwg_slideshow_thumb_active_0\"                data-style=\"width:161px; height:90px;\">                <img class=\"bwg_filmstrip_thumbnail_img bwg_slideshow_filmstrip_thumbnail_img_0\"                  style=\"width:161px; height:259.67741935484px; margin-left: -1.4210854715202E-14px; margin-top: -84.838709677419px;\"                  data-style=\"width:161px; height:259.67741935484px; margin-left: -1.4210854715202E-14px; margin-top: -84.838709677419px;\"                  src=\"https:\/\/arteeluoghi.it\/wp-content\/uploads\/photo-gallery\/land_art_furlo_sello_ghionna\/thumb\/ea183358-463d-4979-9f98-1bf7f1957cec.jpg?bwg=1725118685\"                  data-src=\"https:\/\/arteeluoghi.it\/wp-content\/uploads\/photo-gallery\/land_art_furlo_sello_ghionna\/thumb\/ea183358-463d-4979-9f98-1bf7f1957cec.jpg?bwg=1725118685\"                  onclick=\"bwg_change_image(parseInt(jQuery('#bwg_current_image_key_0').val()), '0', '', '', '0')\"                  image_id=\"988\"                  image_key=\"0\"                  alt=\"Carla Sello, pedana del Cammino di Sant&#039;Anna\"                  title=\"Carla Sello, pedana del Cammino di Sant&#039;Anna\" \/>              <\/div>                            <div id=\"bwg_filmstrip_thumbnail_1_0\"                class=\"bwg_slideshow_filmstrip_thumbnail_0 bwg_slideshow_thumb_deactive_0\"                data-style=\"width:161px; height:90px;\">                <img class=\"bwg_filmstrip_thumbnail_img bwg_slideshow_filmstrip_thumbnail_img_0\"                  style=\"width:161px; height:218.75px; margin-left: 0px; margin-top: -64.375px;\"                  data-style=\"width:161px; height:218.75px; margin-left: 0px; margin-top: -64.375px;\"                  src=\"https:\/\/arteeluoghi.it\/wp-content\/uploads\/photo-gallery\/land_art_furlo_sello_ghionna\/thumb\/8651a709-29e0-4e58-9d5e-04a3b3271e69.jpg?bwg=1725118685\"                  data-src=\"https:\/\/arteeluoghi.it\/wp-content\/uploads\/photo-gallery\/land_art_furlo_sello_ghionna\/thumb\/8651a709-29e0-4e58-9d5e-04a3b3271e69.jpg?bwg=1725118685\"                  onclick=\"bwg_change_image(parseInt(jQuery('#bwg_current_image_key_0').val()), '1', '', '', '0')\"                  image_id=\"990\"                  image_key=\"1\"                  alt=\"Carla Sello, pedana del Cammino di Sant&#039;Anna\"                  title=\"Carla Sello, pedana del Cammino di Sant&#039;Anna\" \/>              <\/div>                            <div id=\"bwg_filmstrip_thumbnail_2_0\"                class=\"bwg_slideshow_filmstrip_thumbnail_0 bwg_slideshow_thumb_deactive_0\"                data-style=\"width:161px; height:90px;\">                <img class=\"bwg_filmstrip_thumbnail_img bwg_slideshow_filmstrip_thumbnail_img_0\"                  style=\"width:161px; height:205.88235294118px; margin-left: 0px; margin-top: -57.941176470588px;\"                  data-style=\"width:161px; height:205.88235294118px; margin-left: 0px; margin-top: -57.941176470588px;\"                  src=\"https:\/\/arteeluoghi.it\/wp-content\/uploads\/photo-gallery\/land_art_furlo_sello_ghionna\/thumb\/644f76c4-251e-43eb-93cd-1aeab27ada2f.jpg?bwg=1725118685\"                  data-src=\"https:\/\/arteeluoghi.it\/wp-content\/uploads\/photo-gallery\/land_art_furlo_sello_ghionna\/thumb\/644f76c4-251e-43eb-93cd-1aeab27ada2f.jpg?bwg=1725118685\"                  onclick=\"bwg_change_image(parseInt(jQuery('#bwg_current_image_key_0').val()), '2', '', '', '0')\"                  image_id=\"993\"                  image_key=\"2\"                  alt=\"Carla Sello, pedana del Cammino di Sant&#039;Anna\"                  title=\"Carla Sello, pedana del Cammino di Sant&#039;Anna\" \/>              <\/div>                            <div id=\"bwg_filmstrip_thumbnail_3_0\"                class=\"bwg_slideshow_filmstrip_thumbnail_0 bwg_slideshow_thumb_deactive_0\"                data-style=\"width:161px; height:90px;\">                <img class=\"bwg_filmstrip_thumbnail_img bwg_slideshow_filmstrip_thumbnail_img_0\"                  style=\"width:161px; height:199.25742574257px; margin-left: 0px; margin-top: -54.628712871287px;\"                  data-style=\"width:161px; height:199.25742574257px; margin-left: 0px; margin-top: -54.628712871287px;\"                  src=\"https:\/\/arteeluoghi.it\/wp-content\/uploads\/photo-gallery\/land_art_furlo_sello_ghionna\/thumb\/29cc4f14-af38-4506-be1a-3c137d675d11.jpg?bwg=1725118685\"                  data-src=\"https:\/\/arteeluoghi.it\/wp-content\/uploads\/photo-gallery\/land_art_furlo_sello_ghionna\/thumb\/29cc4f14-af38-4506-be1a-3c137d675d11.jpg?bwg=1725118685\"                  onclick=\"bwg_change_image(parseInt(jQuery('#bwg_current_image_key_0').val()), '3', '', '', '0')\"                  image_id=\"994\"                  image_key=\"3\"                  alt=\"Carla Sello, pedana del Cammino di Sant&#039;Anna\"                  title=\"Carla Sello, pedana del Cammino di Sant&#039;Anna\" \/>              <\/div>                            <div id=\"bwg_filmstrip_thumbnail_4_0\"                class=\"bwg_slideshow_filmstrip_thumbnail_0 bwg_slideshow_thumb_deactive_0\"                data-style=\"width:161px; height:90px;\">                <img class=\"bwg_filmstrip_thumbnail_img bwg_slideshow_filmstrip_thumbnail_img_0\"                  style=\"width:161px; height:264.80263157895px; margin-left: 0px; margin-top: -87.401315789474px;\"                  data-style=\"width:161px; height:264.80263157895px; margin-left: 0px; margin-top: -87.401315789474px;\"                  src=\"https:\/\/arteeluoghi.it\/wp-content\/uploads\/photo-gallery\/land_art_furlo_sello_ghionna\/thumb\/7e8760f1-75ea-4d98-8910-e0e1ae503d70.jpg?bwg=1725118685\"                  data-src=\"https:\/\/arteeluoghi.it\/wp-content\/uploads\/photo-gallery\/land_art_furlo_sello_ghionna\/thumb\/7e8760f1-75ea-4d98-8910-e0e1ae503d70.jpg?bwg=1725118685\"                  onclick=\"bwg_change_image(parseInt(jQuery('#bwg_current_image_key_0').val()), '4', '', '', '0')\"                  image_id=\"996\"                  image_key=\"4\"                  alt=\"Carla Sello mentre lavora al mosaico  per la pedana del Cammino di Sant&#039;Anna\"                  title=\"Carla Sello mentre lavora al mosaico  per la pedana del Cammino di Sant&#039;Anna\" \/>              <\/div>                            <div id=\"bwg_filmstrip_thumbnail_5_0\"                class=\"bwg_slideshow_filmstrip_thumbnail_0 bwg_slideshow_thumb_deactive_0\"                data-style=\"width:161px; height:90px;\">                <img class=\"bwg_filmstrip_thumbnail_img bwg_slideshow_filmstrip_thumbnail_img_0\"                  style=\"width:161px; height:320.7171314741px; margin-left: 0px; margin-top: -115.35856573705px;\"                  data-style=\"width:161px; height:320.7171314741px; margin-left: 0px; margin-top: -115.35856573705px;\"                  src=\"https:\/\/arteeluoghi.it\/wp-content\/uploads\/photo-gallery\/land_art_furlo_sello_ghionna\/thumb\/483ae94b-0683-4849-996a-d0a9b67a8145.jpg?bwg=1725118685\"                  data-src=\"https:\/\/arteeluoghi.it\/wp-content\/uploads\/photo-gallery\/land_art_furlo_sello_ghionna\/thumb\/483ae94b-0683-4849-996a-d0a9b67a8145.jpg?bwg=1725118685\"                  onclick=\"bwg_change_image(parseInt(jQuery('#bwg_current_image_key_0').val()), '5', '', '', '0')\"                  image_id=\"997\"                  image_key=\"5\"                  alt=\"Carla Sello, pedana del Cammino di Sant&#039;Anna\"                  title=\"Carla Sello, pedana del Cammino di Sant&#039;Anna\" \/>              <\/div>                            <div id=\"bwg_filmstrip_thumbnail_6_0\"                class=\"bwg_slideshow_filmstrip_thumbnail_0 bwg_slideshow_thumb_deactive_0\"                data-style=\"width:161px; height:90px;\">                <img class=\"bwg_filmstrip_thumbnail_img bwg_slideshow_filmstrip_thumbnail_img_0\"                  style=\"width:161px; height:173.11827956989px; margin-left: 0px; margin-top: -41.559139784946px;\"                  data-style=\"width:161px; height:173.11827956989px; margin-left: 0px; margin-top: -41.559139784946px;\"                  src=\"https:\/\/arteeluoghi.it\/wp-content\/uploads\/photo-gallery\/land_art_furlo_sello_ghionna\/thumb\/108c173c-a2f8-4b26-8674-86ef8501622b.jpg?bwg=1725118685\"                  data-src=\"https:\/\/arteeluoghi.it\/wp-content\/uploads\/photo-gallery\/land_art_furlo_sello_ghionna\/thumb\/108c173c-a2f8-4b26-8674-86ef8501622b.jpg?bwg=1725118685\"                  onclick=\"bwg_change_image(parseInt(jQuery('#bwg_current_image_key_0').val()), '6', '', '', '0')\"                  image_id=\"999\"                  image_key=\"6\"                  alt=\"Carla Sello mentre lavora al mosaico\"                  title=\"Carla Sello mentre lavora al mosaico\" \/>              <\/div>                            <div id=\"bwg_filmstrip_thumbnail_7_0\"                class=\"bwg_slideshow_filmstrip_thumbnail_0 bwg_slideshow_thumb_deactive_0\"                data-style=\"width:161px; height:90px;\">                <img class=\"bwg_filmstrip_thumbnail_img bwg_slideshow_filmstrip_thumbnail_img_0\"                  style=\"width:161px; height:185.91224018476px; margin-left: 0px; margin-top: -47.956120092379px;\"                  data-style=\"width:161px; height:185.91224018476px; margin-left: 0px; margin-top: -47.956120092379px;\"                  src=\"https:\/\/arteeluoghi.it\/wp-content\/uploads\/photo-gallery\/land_art_furlo_sello_ghionna\/thumb\/66bafe23-495b-476f-966d-021f6fd6a1c0.jpg?bwg=1725118685\"                  data-src=\"https:\/\/arteeluoghi.it\/wp-content\/uploads\/photo-gallery\/land_art_furlo_sello_ghionna\/thumb\/66bafe23-495b-476f-966d-021f6fd6a1c0.jpg?bwg=1725118685\"                  onclick=\"bwg_change_image(parseInt(jQuery('#bwg_current_image_key_0').val()), '7', '', '', '0')\"                  image_id=\"995\"                  image_key=\"7\"                  alt=\"Lucia Ghionna al lavoro per la pedana del Cammino di Sant&#039;Anna\"                  title=\"Lucia Ghionna al lavoro per la pedana del Cammino di Sant&#039;Anna\" \/>              <\/div>                            <div id=\"bwg_filmstrip_thumbnail_8_0\"                class=\"bwg_slideshow_filmstrip_thumbnail_0 bwg_slideshow_thumb_deactive_0\"                data-style=\"width:161px; height:90px;\">                <img class=\"bwg_filmstrip_thumbnail_img bwg_slideshow_filmstrip_thumbnail_img_0\"                  style=\"width:161px; height:132.02px; margin-left: 0px; margin-top: -21.01px;\"                  data-style=\"width:161px; height:132.02px; margin-left: 0px; margin-top: -21.01px;\"                  src=\"https:\/\/arteeluoghi.it\/wp-content\/uploads\/photo-gallery\/land_art_furlo_sello_ghionna\/thumb\/21cdb8b4-11bc-4ca8-a4e0-9d1981b7d55e.jpg?bwg=1725118685\"                  data-src=\"https:\/\/arteeluoghi.it\/wp-content\/uploads\/photo-gallery\/land_art_furlo_sello_ghionna\/thumb\/21cdb8b4-11bc-4ca8-a4e0-9d1981b7d55e.jpg?bwg=1725118685\"                  onclick=\"bwg_change_image(parseInt(jQuery('#bwg_current_image_key_0').val()), '8', '', '', '0')\"                  image_id=\"998\"                  image_key=\"8\"                  alt=\"Lucia Ghionna al lavoro per la pedana del Cammino di Sant&#039;Anna\"                  title=\"Lucia Ghionna al lavoro per la pedana del Cammino di Sant&#039;Anna\" \/>              <\/div>                            <div id=\"bwg_filmstrip_thumbnail_9_0\"                class=\"bwg_slideshow_filmstrip_thumbnail_0 bwg_slideshow_thumb_deactive_0\"                data-style=\"width:161px; height:90px;\">                <img class=\"bwg_filmstrip_thumbnail_img bwg_slideshow_filmstrip_thumbnail_img_0\"                  style=\"width:161px; height:214.66666666667px; margin-left: 0px; margin-top: -62.333333333333px;\"                  data-style=\"width:161px; height:214.66666666667px; margin-left: 0px; margin-top: -62.333333333333px;\"                  src=\"https:\/\/arteeluoghi.it\/wp-content\/uploads\/photo-gallery\/land_art_furlo_sello_ghionna\/thumb\/4b816ee4-5846-4389-83b2-49d174e48df8.jpg?bwg=1725118685\"                  data-src=\"https:\/\/arteeluoghi.it\/wp-content\/uploads\/photo-gallery\/land_art_furlo_sello_ghionna\/thumb\/4b816ee4-5846-4389-83b2-49d174e48df8.jpg?bwg=1725118685\"                  onclick=\"bwg_change_image(parseInt(jQuery('#bwg_current_image_key_0').val()), '9', '', '', '0')\"                  image_id=\"1000\"                  image_key=\"9\"                  alt=\"Lucia Ghionna al lavoro per la pedana del Cammino di Sant&#039;Anna\"                  title=\"Lucia Ghionna al lavoro per la pedana del Cammino di Sant&#039;Anna\" \/>              <\/div>                            <div id=\"bwg_filmstrip_thumbnail_10_0\"                class=\"bwg_slideshow_filmstrip_thumbnail_0 bwg_slideshow_thumb_deactive_0\"                data-style=\"width:161px; height:90px;\">                <img class=\"bwg_filmstrip_thumbnail_img bwg_slideshow_filmstrip_thumbnail_img_0\"                  style=\"width:161px; height:214.66666666667px; margin-left: 0px; margin-top: -62.333333333333px;\"                  data-style=\"width:161px; height:214.66666666667px; margin-left: 0px; margin-top: -62.333333333333px;\"                  src=\"https:\/\/arteeluoghi.it\/wp-content\/uploads\/photo-gallery\/land_art_furlo_sello_ghionna\/thumb\/691b67ee-ae6f-4585-b7d6-7019ce539edc.jpg?bwg=1725118685\"                  data-src=\"https:\/\/arteeluoghi.it\/wp-content\/uploads\/photo-gallery\/land_art_furlo_sello_ghionna\/thumb\/691b67ee-ae6f-4585-b7d6-7019ce539edc.jpg?bwg=1725118685\"                  onclick=\"bwg_change_image(parseInt(jQuery('#bwg_current_image_key_0').val()), '10', '', '', '0')\"                  image_id=\"989\"                  image_key=\"10\"                  alt=\"Lucia Ghionna al lavoro per la pedana del Cammino di Sant&#039;Anna\"                  title=\"Lucia Ghionna al lavoro per la pedana del Cammino di Sant&#039;Anna\" \/>              <\/div>                            <div id=\"bwg_filmstrip_thumbnail_11_0\"                class=\"bwg_slideshow_filmstrip_thumbnail_0 bwg_slideshow_thumb_deactive_0\"                data-style=\"width:161px; height:90px;\">                <img class=\"bwg_filmstrip_thumbnail_img bwg_slideshow_filmstrip_thumbnail_img_0\"                  style=\"width:161px; height:228.69318181818px; margin-left: 0px; margin-top: -69.346590909091px;\"                  data-style=\"width:161px; height:228.69318181818px; margin-left: 0px; margin-top: -69.346590909091px;\"                  src=\"https:\/\/arteeluoghi.it\/wp-content\/uploads\/photo-gallery\/land_art_furlo_sello_ghionna\/thumb\/b5221472-7f0c-46e3-8c6c-0d7ef3fecb18.jpg?bwg=1725118685\"                  data-src=\"https:\/\/arteeluoghi.it\/wp-content\/uploads\/photo-gallery\/land_art_furlo_sello_ghionna\/thumb\/b5221472-7f0c-46e3-8c6c-0d7ef3fecb18.jpg?bwg=1725118685\"                  onclick=\"bwg_change_image(parseInt(jQuery('#bwg_current_image_key_0').val()), '11', '', '', '0')\"                  image_id=\"992\"                  image_key=\"11\"                  alt=\"Lucia Ghionna al lavoro per la pedana del Cammino di Sant&#039;Anna \"                  title=\"Lucia Ghionna al lavoro per la pedana del Cammino di Sant&#039;Anna \" \/>              <\/div>                            <div id=\"bwg_filmstrip_thumbnail_12_0\"                class=\"bwg_slideshow_filmstrip_thumbnail_0 bwg_slideshow_thumb_deactive_0\"                data-style=\"width:161px; height:90px;\">                <img class=\"bwg_filmstrip_thumbnail_img bwg_slideshow_filmstrip_thumbnail_img_0\"                  style=\"width:161px; height:209.63541666667px; margin-left: 0px; margin-top: -59.817708333333px;\"                  data-style=\"width:161px; height:209.63541666667px; margin-left: 0px; margin-top: -59.817708333333px;\"                  src=\"https:\/\/arteeluoghi.it\/wp-content\/uploads\/photo-gallery\/land_art_furlo_sello_ghionna\/thumb\/bfd1ea93-f114-4419-9a97-843e99c0cdc4.jpg?bwg=1725118685\"                  data-src=\"https:\/\/arteeluoghi.it\/wp-content\/uploads\/photo-gallery\/land_art_furlo_sello_ghionna\/thumb\/bfd1ea93-f114-4419-9a97-843e99c0cdc4.jpg?bwg=1725118685\"                  onclick=\"bwg_change_image(parseInt(jQuery('#bwg_current_image_key_0').val()), '12', '', '', '0')\"                  image_id=\"991\"                  image_key=\"12\"                  alt=\"Lucia Ghionna al lavoro per la pedana del Cammino di Sant&#039;Anna\"                  title=\"Lucia Ghionna al lavoro per la pedana del Cammino di Sant&#039;Anna\" \/>              <\/div>                        <\/div>        <\/div>        <div class=\"bwg_slideshow_filmstrip_right_0\">          <i class=\"bwg-icon-angle-right\"><\/i>        <\/div>        <div class=\"bwg_slideshow_filmstrip_right_disabled_0\">          <i class=\"bwg-icon-angle-right\"><\/i>        <\/div>      <\/div>          <div id=\"bwg_slideshow_image_container_0\"         class=\"bwg_slideshow_image_container_0\"         data-params='{&quot;bwg_source&quot;:&quot;slider&quot;,&quot;bwg_current_key&quot;:&quot;&quot;,&quot;bwg_transition_duration&quot;:100,&quot;bwg_trans_in_progress&quot;:false,&quot;data&quot;:[{&quot;id&quot;:&quot;988&quot;,&quot;alt&quot;:&quot;Carla Sello, pedana del Cammino di Sant&#039;Anna&quot;,&quot;description&quot;:&quot;&quot;,&quot;filetype&quot;:&quot;jpg&quot;,&quot;filename&quot;:&quot;ea183358-463d-4979-9f98-1bf7f1957cec&quot;,&quot;image_url&quot;:&quot;\\\/land_art_furlo_sello_ghionna\\\/ea183358-463d-4979-9f98-1bf7f1957cec.jpg?bwg=1725118685&quot;,&quot;thumb_url&quot;:&quot;\\\/land_art_furlo_sello_ghionna\\\/thumb\\\/ea183358-463d-4979-9f98-1bf7f1957cec.jpg?bwg=1725118685&quot;,&quot;redirect_url&quot;:&quot;&quot;,&quot;date&quot;:&quot;2024-08-31 14:43:43&quot;,&quot;is_embed&quot;:false,&quot;is_embed_video&quot;:false,&quot;thumb_width&quot;:&quot;310.00&quot;,&quot;thumb_height&quot;:&quot;500.00&quot;},{&quot;id&quot;:&quot;990&quot;,&quot;alt&quot;:&quot;Carla Sello, pedana del Cammino di Sant&#039;Anna&quot;,&quot;description&quot;:&quot;&quot;,&quot;filetype&quot;:&quot;jpg&quot;,&quot;filename&quot;:&quot;8651a709-29e0-4e58-9d5e-04a3b3271e69&quot;,&quot;image_url&quot;:&quot;\\\/land_art_furlo_sello_ghionna\\\/8651a709-29e0-4e58-9d5e-04a3b3271e69.jpg?bwg=1725118685&quot;,&quot;thumb_url&quot;:&quot;\\\/land_art_furlo_sello_ghionna\\\/thumb\\\/8651a709-29e0-4e58-9d5e-04a3b3271e69.jpg?bwg=1725118685&quot;,&quot;redirect_url&quot;:&quot;&quot;,&quot;date&quot;:&quot;2024-08-31 14:43:35&quot;,&quot;is_embed&quot;:false,&quot;is_embed_video&quot;:false,&quot;thumb_width&quot;:&quot;368.00&quot;,&quot;thumb_height&quot;:&quot;500.00&quot;},{&quot;id&quot;:&quot;993&quot;,&quot;alt&quot;:&quot;Carla Sello, pedana del Cammino di Sant&#039;Anna&quot;,&quot;description&quot;:&quot;&quot;,&quot;filetype&quot;:&quot;jpg&quot;,&quot;filename&quot;:&quot;644f76c4-251e-43eb-93cd-1aeab27ada2f&quot;,&quot;image_url&quot;:&quot;\\\/land_art_furlo_sello_ghionna\\\/644f76c4-251e-43eb-93cd-1aeab27ada2f.jpg?bwg=1725118685&quot;,&quot;thumb_url&quot;:&quot;\\\/land_art_furlo_sello_ghionna\\\/thumb\\\/644f76c4-251e-43eb-93cd-1aeab27ada2f.jpg?bwg=1725118685&quot;,&quot;redirect_url&quot;:&quot;&quot;,&quot;date&quot;:&quot;2024-08-31 14:43:26&quot;,&quot;is_embed&quot;:false,&quot;is_embed_video&quot;:false,&quot;thumb_width&quot;:&quot;391.00&quot;,&quot;thumb_height&quot;:&quot;500.00&quot;},{&quot;id&quot;:&quot;994&quot;,&quot;alt&quot;:&quot;Carla Sello, pedana del Cammino di Sant&#039;Anna&quot;,&quot;description&quot;:&quot;&quot;,&quot;filetype&quot;:&quot;jpg&quot;,&quot;filename&quot;:&quot;29cc4f14-af38-4506-be1a-3c137d675d11&quot;,&quot;image_url&quot;:&quot;\\\/land_art_furlo_sello_ghionna\\\/29cc4f14-af38-4506-be1a-3c137d675d11.jpg?bwg=1725118685&quot;,&quot;thumb_url&quot;:&quot;\\\/land_art_furlo_sello_ghionna\\\/thumb\\\/29cc4f14-af38-4506-be1a-3c137d675d11.jpg?bwg=1725118685&quot;,&quot;redirect_url&quot;:&quot;&quot;,&quot;date&quot;:&quot;2024-08-31 14:43:02&quot;,&quot;is_embed&quot;:false,&quot;is_embed_video&quot;:false,&quot;thumb_width&quot;:&quot;404.00&quot;,&quot;thumb_height&quot;:&quot;500.00&quot;},{&quot;id&quot;:&quot;996&quot;,&quot;alt&quot;:&quot;Carla Sello mentre lavora al mosaico  per la pedana del Cammino di Sant&#039;Anna&quot;,&quot;description&quot;:&quot;&quot;,&quot;filetype&quot;:&quot;jpg&quot;,&quot;filename&quot;:&quot;7e8760f1-75ea-4d98-8910-e0e1ae503d70&quot;,&quot;image_url&quot;:&quot;\\\/land_art_furlo_sello_ghionna\\\/7e8760f1-75ea-4d98-8910-e0e1ae503d70.jpg?bwg=1725118685&quot;,&quot;thumb_url&quot;:&quot;\\\/land_art_furlo_sello_ghionna\\\/thumb\\\/7e8760f1-75ea-4d98-8910-e0e1ae503d70.jpg?bwg=1725118685&quot;,&quot;redirect_url&quot;:&quot;&quot;,&quot;date&quot;:&quot;2024-08-31 14:43:01&quot;,&quot;is_embed&quot;:false,&quot;is_embed_video&quot;:false,&quot;thumb_width&quot;:&quot;304.00&quot;,&quot;thumb_height&quot;:&quot;500.00&quot;},{&quot;id&quot;:&quot;997&quot;,&quot;alt&quot;:&quot;Carla Sello, pedana del Cammino di Sant&#039;Anna&quot;,&quot;description&quot;:&quot;&quot;,&quot;filetype&quot;:&quot;jpg&quot;,&quot;filename&quot;:&quot;483ae94b-0683-4849-996a-d0a9b67a8145&quot;,&quot;image_url&quot;:&quot;\\\/land_art_furlo_sello_ghionna\\\/483ae94b-0683-4849-996a-d0a9b67a8145.jpg?bwg=1725118685&quot;,&quot;thumb_url&quot;:&quot;\\\/land_art_furlo_sello_ghionna\\\/thumb\\\/483ae94b-0683-4849-996a-d0a9b67a8145.jpg?bwg=1725118685&quot;,&quot;redirect_url&quot;:&quot;&quot;,&quot;date&quot;:&quot;2024-08-31 14:43:00&quot;,&quot;is_embed&quot;:false,&quot;is_embed_video&quot;:false,&quot;thumb_width&quot;:&quot;251.00&quot;,&quot;thumb_height&quot;:&quot;500.00&quot;},{&quot;id&quot;:&quot;999&quot;,&quot;alt&quot;:&quot;Carla Sello mentre lavora al mosaico&quot;,&quot;description&quot;:&quot;&quot;,&quot;filetype&quot;:&quot;jpg&quot;,&quot;filename&quot;:&quot;108c173c-a2f8-4b26-8674-86ef8501622b&quot;,&quot;image_url&quot;:&quot;\\\/land_art_furlo_sello_ghionna\\\/108c173c-a2f8-4b26-8674-86ef8501622b.jpg?bwg=1725118685&quot;,&quot;thumb_url&quot;:&quot;\\\/land_art_furlo_sello_ghionna\\\/thumb\\\/108c173c-a2f8-4b26-8674-86ef8501622b.jpg?bwg=1725118685&quot;,&quot;redirect_url&quot;:&quot;&quot;,&quot;date&quot;:&quot;2024-08-31 14:42:48&quot;,&quot;is_embed&quot;:false,&quot;is_embed_video&quot;:false,&quot;thumb_width&quot;:&quot;465.00&quot;,&quot;thumb_height&quot;:&quot;500.00&quot;},{&quot;id&quot;:&quot;995&quot;,&quot;alt&quot;:&quot;Lucia Ghionna al lavoro per la pedana del Cammino di Sant&#039;Anna&quot;,&quot;description&quot;:&quot;&quot;,&quot;filetype&quot;:&quot;jpg&quot;,&quot;filename&quot;:&quot;66bafe23-495b-476f-966d-021f6fd6a1c0&quot;,&quot;image_url&quot;:&quot;\\\/land_art_furlo_sello_ghionna\\\/66bafe23-495b-476f-966d-021f6fd6a1c0.jpg?bwg=1725118685&quot;,&quot;thumb_url&quot;:&quot;\\\/land_art_furlo_sello_ghionna\\\/thumb\\\/66bafe23-495b-476f-966d-021f6fd6a1c0.jpg?bwg=1725118685&quot;,&quot;redirect_url&quot;:&quot;&quot;,&quot;date&quot;:&quot;2024-08-31 14:43:01&quot;,&quot;is_embed&quot;:false,&quot;is_embed_video&quot;:false,&quot;thumb_width&quot;:&quot;433.00&quot;,&quot;thumb_height&quot;:&quot;500.00&quot;},{&quot;id&quot;:&quot;998&quot;,&quot;alt&quot;:&quot;Lucia Ghionna al lavoro per la pedana del Cammino di Sant&#039;Anna&quot;,&quot;description&quot;:&quot;&quot;,&quot;filetype&quot;:&quot;jpg&quot;,&quot;filename&quot;:&quot;21cdb8b4-11bc-4ca8-a4e0-9d1981b7d55e&quot;,&quot;image_url&quot;:&quot;\\\/land_art_furlo_sello_ghionna\\\/21cdb8b4-11bc-4ca8-a4e0-9d1981b7d55e.jpg?bwg=1725118685&quot;,&quot;thumb_url&quot;:&quot;\\\/land_art_furlo_sello_ghionna\\\/thumb\\\/21cdb8b4-11bc-4ca8-a4e0-9d1981b7d55e.jpg?bwg=1725118685&quot;,&quot;redirect_url&quot;:&quot;&quot;,&quot;date&quot;:&quot;2024-08-31 14:42:49&quot;,&quot;is_embed&quot;:false,&quot;is_embed_video&quot;:false,&quot;thumb_width&quot;:&quot;500.00&quot;,&quot;thumb_height&quot;:&quot;410.00&quot;},{&quot;id&quot;:&quot;1000&quot;,&quot;alt&quot;:&quot;Lucia Ghionna al lavoro per la pedana del Cammino di Sant&#039;Anna&quot;,&quot;description&quot;:&quot;&quot;,&quot;filetype&quot;:&quot;jpg&quot;,&quot;filename&quot;:&quot;4b816ee4-5846-4389-83b2-49d174e48df8&quot;,&quot;image_url&quot;:&quot;\\\/land_art_furlo_sello_ghionna\\\/4b816ee4-5846-4389-83b2-49d174e48df8.jpg?bwg=1725118685&quot;,&quot;thumb_url&quot;:&quot;\\\/land_art_furlo_sello_ghionna\\\/thumb\\\/4b816ee4-5846-4389-83b2-49d174e48df8.jpg?bwg=1725118685&quot;,&quot;redirect_url&quot;:&quot;&quot;,&quot;date&quot;:&quot;2024-08-31 14:42:42&quot;,&quot;is_embed&quot;:false,&quot;is_embed_video&quot;:false,&quot;thumb_width&quot;:&quot;375.00&quot;,&quot;thumb_height&quot;:&quot;500.00&quot;},{&quot;id&quot;:&quot;989&quot;,&quot;alt&quot;:&quot;Lucia Ghionna al lavoro per la pedana del Cammino di Sant&#039;Anna&quot;,&quot;description&quot;:&quot;&quot;,&quot;filetype&quot;:&quot;jpg&quot;,&quot;filename&quot;:&quot;691b67ee-ae6f-4585-b7d6-7019ce539edc&quot;,&quot;image_url&quot;:&quot;\\\/land_art_furlo_sello_ghionna\\\/691b67ee-ae6f-4585-b7d6-7019ce539edc.jpg?bwg=1725118685&quot;,&quot;thumb_url&quot;:&quot;\\\/land_art_furlo_sello_ghionna\\\/thumb\\\/691b67ee-ae6f-4585-b7d6-7019ce539edc.jpg?bwg=1725118685&quot;,&quot;redirect_url&quot;:&quot;&quot;,&quot;date&quot;:&quot;2024-08-31 14:43:37&quot;,&quot;is_embed&quot;:false,&quot;is_embed_video&quot;:false,&quot;thumb_width&quot;:&quot;375.00&quot;,&quot;thumb_height&quot;:&quot;500.00&quot;},{&quot;id&quot;:&quot;992&quot;,&quot;alt&quot;:&quot;Lucia Ghionna al lavoro per la pedana del Cammino di Sant&#039;Anna &quot;,&quot;description&quot;:&quot;&quot;,&quot;filetype&quot;:&quot;jpg&quot;,&quot;filename&quot;:&quot;b5221472-7f0c-46e3-8c6c-0d7ef3fecb18&quot;,&quot;image_url&quot;:&quot;\\\/land_art_furlo_sello_ghionna\\\/b5221472-7f0c-46e3-8c6c-0d7ef3fecb18.jpg?bwg=1725118685&quot;,&quot;thumb_url&quot;:&quot;\\\/land_art_furlo_sello_ghionna\\\/thumb\\\/b5221472-7f0c-46e3-8c6c-0d7ef3fecb18.jpg?bwg=1725118685&quot;,&quot;redirect_url&quot;:&quot;&quot;,&quot;date&quot;:&quot;2024-08-31 14:43:27&quot;,&quot;is_embed&quot;:false,&quot;is_embed_video&quot;:false,&quot;thumb_width&quot;:&quot;352.00&quot;,&quot;thumb_height&quot;:&quot;500.00&quot;},{&quot;id&quot;:&quot;991&quot;,&quot;alt&quot;:&quot;Lucia Ghionna al lavoro per la pedana del Cammino di Sant&#039;Anna&quot;,&quot;description&quot;:&quot;&quot;,&quot;filetype&quot;:&quot;jpg&quot;,&quot;filename&quot;:&quot;bfd1ea93-f114-4419-9a97-843e99c0cdc4&quot;,&quot;image_url&quot;:&quot;\\\/land_art_furlo_sello_ghionna\\\/bfd1ea93-f114-4419-9a97-843e99c0cdc4.jpg?bwg=1725118685&quot;,&quot;thumb_url&quot;:&quot;\\\/land_art_furlo_sello_ghionna\\\/thumb\\\/bfd1ea93-f114-4419-9a97-843e99c0cdc4.jpg?bwg=1725118685&quot;,&quot;redirect_url&quot;:&quot;&quot;,&quot;date&quot;:&quot;2024-08-31 14:43:35&quot;,&quot;is_embed&quot;:false,&quot;is_embed_video&quot;:false,&quot;thumb_width&quot;:&quot;384.00&quot;,&quot;thumb_height&quot;:&quot;500.00&quot;}],&quot;width_or_height&quot;:&quot;width&quot;,&quot;filmstrip_thumb_margin_hor&quot;:2,&quot;left_or_top&quot;:&quot;left&quot;,&quot;outerWidth_or_outerHeight&quot;:&quot;outerWidth&quot;,&quot;enable_slideshow_shuffle&quot;:&quot;0&quot;,&quot;lightbox_filmstrip_thumb_border_width&quot;:&quot;1&quot;,&quot;thumb_click_action&quot;:&quot;open_lightbox&quot;,&quot;thumb_link_target&quot;:&quot;1&quot;,&quot;upload_url&quot;:&quot;https:\\\/\\\/arteeluoghi.it\\\/wp-content\\\/uploads\\\/photo-gallery&quot;,&quot;preload_images&quot;:&quot;1&quot;,&quot;slideshow_effect&quot;:&quot;fade&quot;,&quot;event_stack&quot;:&quot;&quot;,&quot;preload_images_count&quot;:10,&quot;image_width&quot;:&quot;800&quot;,&quot;image_height&quot;:&quot;500&quot;,&quot;thumb_width&quot;:&quot;250&quot;,&quot;thumb_height&quot;:&quot;140&quot;,&quot;filmstrip_direction&quot;:&quot;horizontal&quot;,&quot;slideshow_filmstrip_type&quot;:1,&quot;slideshow_thumbnails_count&quot;:5,&quot;slideshow_filmstrip_width&quot;:161,&quot;slideshow_filmstrip_height&quot;:&quot;90&quot;,&quot;slideshow_filmstrip_rl_btn_size&quot;:&quot;20&quot;,&quot;slideshow_play_pause_btn_size&quot;:&quot;60&quot;,&quot;watermark_type&quot;:&quot;90&quot;,&quot;watermark_height&quot;:&quot;90&quot;,&quot;watermark_font_size&quot;:&quot;20&quot;,&quot;slideshow_title_font_size&quot;:&quot;16&quot;,&quot;slideshow_description_font_size&quot;:&quot;14&quot;,&quot;bwg_playInterval&quot;:&quot;&quot;,&quot;slideshow_interval&quot;:5,&quot;image_right_click&quot;:&quot;0&quot;,&quot;enable_slideshow_autoplay&quot;:&quot;0&quot;,&quot;enable_slideshow_music&quot;:&quot;0&quot;,&quot;bwg_current_filmstrip_pos&quot;:0}'         data-filmstrip-position=\"top\"         data-filmstrip-size=\"90\">      <div class=\"bwg_slide_container_0\">        <div class=\"bwg_slide_bg_0\">          <div class=\"bwg_slider_0\">                            <span class=\"bwg_slideshow_image_spun_0\" id=\"image_id_0_988\">                    <span class=\"bwg_slideshow_image_spun1_0\">                      <span class=\"bwg_slideshow_image_spun2_0\">                                                  <a  class=\"bwg-a bwg_lightbox\" href=\"https:\/\/arteeluoghi.it\/wp-content\/uploads\/photo-gallery\/land_art_furlo_sello_ghionna\/ea183358-463d-4979-9f98-1bf7f1957cec.jpg?bwg=1725118685\" data-image-id=\"988\" data-elementor-open-lightbox=\"no\">                          <img id=\"bwg_slideshow_image_0\"                               class=\"skip-lazy bwg_slide bwg_slideshow_image_0 \"                               src=\"https:\/\/arteeluoghi.it\/wp-content\/uploads\/photo-gallery\/land_art_furlo_sello_ghionna\/ea183358-463d-4979-9f98-1bf7f1957cec.jpg?bwg=1725118685\"                               data-src=\"https:\/\/arteeluoghi.it\/wp-content\/uploads\/photo-gallery\/land_art_furlo_sello_ghionna\/ea183358-463d-4979-9f98-1bf7f1957cec.jpg?bwg=1725118685\"                               image_id=\"988\"                               alt=\"Carla Sello, pedana del Cammino di Sant&#039;Anna\" \/>                          <\/a>                                                <\/span>                    <\/span>                  <\/span>                <span class=\"bwg_slideshow_image_second_spun_0\">                  <\/span>                <input type=\"hidden\" id=\"bwg_current_image_key_0\" value=\"0\" \/>                          <\/div>        <\/div>      <\/div>              <a class=\"bwg-a\" id=\"spider_slideshow_left_0\" onclick=\"bwg_change_image(parseInt(jQuery('#bwg_current_image_key_0').val()), (parseInt(jQuery('#bwg_current_image_key_0').val()) + 13 - bwg_iterator(0)) % 13, '', '', 0); return false;\"><span id=\"spider_slideshow_left-ico_0\"><span><i class=\"bwg-icon-chevron-left bwg_slideshow_prev_btn_0\"><\/i><\/span><\/span><\/a>        <span id=\"bwg_slideshow_play_pause_0\" class=\"bwg_slideshow_play_pause\" style=\"display: ;\"><span><span id=\"bwg_slideshow_play_pause-ico_0\"><i class=\"bwg-icon-play bwg_ctrl_btn_0 bwg_slideshow_play_pause_0\"><\/i><\/span><\/span><\/span>        <a class=\"bwg-a\" id=\"spider_slideshow_right_0\" onclick=\"bwg_change_image(parseInt(jQuery('#bwg_current_image_key_0').val()), (parseInt(jQuery('#bwg_current_image_key_0').val()) + bwg_iterator(0)) % 13, '', '', 0); return false;\"><span id=\"spider_slideshow_right-ico_0\"><span><i class=\"bwg-icon-chevron-right bwg_slideshow_next_btn_0\"><\/i><\/span><\/span><\/a>            <\/div>      <\/div>            <\/div>        <\/form>        <style>          #bwg_container1_0 #bwg_container2_0 #spider_popup_overlay_0 {          background-color: #000000;          opacity: 0.70;          }          <\/style>        <div id=\"bwg_spider_popup_loading_0\" class=\"bwg_spider_popup_loading\"><\/div>        <div id=\"spider_popup_overlay_0\" class=\"spider_popup_overlay\" onclick=\"spider_destroypopup(1000)\"><\/div>        <input type=\"hidden\" id=\"bwg_random_seed_0\" value=\"2036514009\">                <\/div>    <\/div>    <script>      if (document.readyState === 'complete') {        if( typeof bwg_main_ready == 'function' ) {          if ( jQuery(\"#bwg_container1_0\").height() ) {            bwg_main_ready(jQuery(\"#bwg_container1_0\"));          }        }      } else {        document.addEventListener('DOMContentLoaded', function() {          if( typeof bwg_main_ready == 'function' ) {            if ( jQuery(\"#bwg_container1_0\").height() ) {             bwg_main_ready(jQuery(\"#bwg_container1_0\"));            }          }        });      }    <\/script>    \n\n\n\n<p>\u00abL\u2019idea  &#8211; spiega l&#8217;artista Carla Sello &#8211; nasce dalla pavimentazione otrantina (1163-65) e ne viene rilevata la celtica del monaco Pantaleone da Casole. La suddetta celtica o nodo salomonico, realizzata in mosaico con i colori dei quattro elementi, vuole mettere in evidenza il percorso lunare e la spiritualit\u00e0 del contesto.<br>Trattandosi di un percorso naturale \u00e8 sembrato opportuno, coinvolgente ed etico ricostruire la calendarizzazione lunare nei suoi aspetti simbolici. Su un disegno di Francesco Pasca.\u00bb<br>Carla Sello, nata a Udine. Si \u00e8 formata presso l\u2019Istituto Statale d\u2019Arte di Udine in Grafica e Fotografia. Successivamente all\u2019Accademia di Belle Arti di Firenze in Pittura. Nel 1990 vince il concorso a cattedre per la docenza presso le Accademie di Belle Arti d\u2019Italia.<br>Nel 2003 ha insegnato presso la Private University of Science and Art di Aleppo in Siria alla Cattedra di Pittura, Architettura e Grafica.<br>E\u2019di ruolo presso l\u2019Accademia di Belle Arti di Lecce alla Cattedra di Pittura.<br>Nell\u2019ambito artistico prende parte a numerose mostre personali e collettive in Italia e all\u2019estero, l\u2019insieme delle competenze e delle esperienze assimilate nel corso degli anni la portano a sperimentare tecniche innovative per il trattamento di molteplici materiali.<br>Le sue opere sono state esposte presso Gallerie, Musei e Fondazioni nel mondo: Italia, Austria, Belgio, Scozia, Romania, Messico, Cina, Giappone, India, nel corso delle quali ha ricevuto anche premi e riconoscimenti.<\/p>\n\n\n\n<p>Sei de coccio\u201d \u00e8 il titolo dell&#8217;opera realizzata dall&#8217;artista  Lucia Ghionna che ha utilizzato piatti spaiati e rotti, mattonelle di riciclo, colla per piastrelle, malta cementizia e stucco. \u00abL&#8217;idea &#8211; ci spiega &#8211; \u00e8 nata facendo delle passeggiate in campagna, in piena natura e trovando sparse delle discariche piccole o grandi con principalmente resti di piastrelle, piatti e suppellettili vari che i proprietari &nbsp;hanno abbandonato. Quando mi \u00e8 stata proposta questa possibilit\u00e0 di partecipare alla selezione per &nbsp;realizzare un\u2019opera di land art, &nbsp;ho pensato alle mie passeggiate, a ci\u00f2 che i miei occhi avevano visto. La VISTA \u00e8 uno dei sensi indispensabile per l\u2019uomo e viene cos\u00ec infastidita dal vedere lo scempio in cui l\u2019 essere umano sta agendo nei riguardi della natura non rispettandola come dovrebbe. La mia opera \u00e8 una protesta in chiave gentile, non irruenta, perci\u00f2 quei piatti da buttare perch\u00e9 spaiati dal servizio buono e la piastrelle ormai inutilizzate, riassemblati producono un equilibrio artistico gradevole&nbsp; alla vista. Il titolo \u201csei de coccio\u201d serve come monito a chi butta in natura il suo pattume non pensando alle conseguenze. &nbsp;Il mio lavoro si propone di far riflettere sul riutilizzo dei materiali ridandogli nuova vita ed un piatto spaiato diventa parte importante e decisiva di un intervento artistico(opera).Ogni piatto racconta un suo vissuto, la famiglia di provenienza ,le sue abitudini, i suoi gusti \u00e8 parte del servizio buono ricevuto per un evento o solo per un caff\u00e8 preso con un amico. Guardando il mio lavoro si potr\u00e0 fantasticare ricostruendo storie vere o immaginarie, riflettendo su come l\u2019arte pu\u00f2 aiutare la natura ed amarla e proteggerla. Se amiamo qualcuno o qualcosa lo proteggiamo. Immergerci nella natura ,guardarci intorno assaporando la meraviglia ci deve far innamorare della Terra.\u00bb<\/p>\n\n\n\n<p>red. Arte e Luoghi<\/p>\n","protected":false},"excerpt":{"rendered":"<p>Due artiste docenti dell&#8217;Accademia di Belle Arti di Lecce, Carla Sello e Lucia Ghionna, tra gli artisti selezionati per la<\/p>\n","protected":false},"author":1,"featured_media":14804,"comment_status":"open","ping_status":"open","sticky":true,"template":"","format":"standard","meta":[],"categories":[27,3,6],"tags":[6244,5141,1638,2511,5544,3409],"yoast_head":"<!-- This site is optimized with the Yoast SEO plugin v18.0 - https:\/\/yoast.com\/wordpress\/plugins\/seo\/ -->\n<title>Land Art alla gola del Furlo | Arte e Luoghi<\/title>\n<meta name=\"description\" content=\"Due artiste docenti dell&#039;Accademia di Belle Arti di Lecce, Carla Sello e Lucia Ghionna, tra gli artisti selezionati per la realizzazione\" \/>\n<meta name=\"robots\" content=\"index, follow, max-snippet:-1, max-image-preview:large, max-video-preview:-1\" \/>\n<link rel=\"canonical\" href=\"https:\/\/arteeluoghi.it\/index.php\/2024\/08\/31\/land-art-alla-gola-del-furlo\/\" \/>\n<meta property=\"og:locale\" content=\"it_IT\" \/>\n<meta property=\"og:type\" content=\"article\" \/>\n<meta property=\"og:title\" content=\"Land Art alla gola del Furlo | Arte e Luoghi\" \/>\n<meta property=\"og:description\" content=\"Due artiste docenti dell&#039;Accademia di Belle Arti di Lecce, Carla Sello e Lucia Ghionna, tra gli artisti selezionati per la realizzazione\" \/>\n<meta property=\"og:url\" content=\"https:\/\/arteeluoghi.it\/index.php\/2024\/08\/31\/land-art-alla-gola-del-furlo\/\" \/>\n<meta property=\"og:site_name\" content=\"Arte e Luoghi\" \/>\n<meta property=\"article:publisher\" content=\"https:\/\/www.facebook.com\/ArteELuoghi\/\" \/>\n<meta property=\"article:published_time\" content=\"2024-08-31T14:41:04+00:00\" \/>\n<meta property=\"article:modified_time\" content=\"2024-09-02T12:45:51+00:00\" \/>\n<meta property=\"og:image\" content=\"https:\/\/arteeluoghi.it\/wp-content\/uploads\/2024\/08\/WhatsApp-Image-2023-11-15-at-17.22.39.jpg\" \/>\n\t<meta property=\"og:image:width\" content=\"1600\" \/>\n\t<meta property=\"og:image:height\" content=\"899\" \/>\n\t<meta property=\"og:image:type\" content=\"image\/jpeg\" \/>\n<meta name=\"twitter:card\" content=\"summary\" \/>\n<meta name=\"twitter:creator\" content=\"@arteeluoghi\" \/>\n<meta name=\"twitter:site\" content=\"@arteeluoghi\" \/>\n<meta name=\"twitter:label1\" content=\"Scritto da\" \/>\n\t<meta name=\"twitter:data1\" content=\"Staff\" \/>\n\t<meta name=\"twitter:label2\" content=\"Tempo di lettura stimato\" \/>\n\t<meta name=\"twitter:data2\" content=\"5 minuti\" \/>\n<script type=\"application\/ld+json\" class=\"yoast-schema-graph\">{\"@context\":\"https:\/\/schema.org\",\"@graph\":[{\"@type\":\"Organization\",\"@id\":\"https:\/\/arteeluoghi.it\/#organization\",\"name\":\"Arte e Luoghi\",\"url\":\"https:\/\/arteeluoghi.it\/\",\"sameAs\":[\"https:\/\/www.facebook.com\/ArteELuoghi\/\",\"https:\/\/www.instagram.com\/arteeluoghi\/?hl=it\",\"https:\/\/www.youtube.com\/channel\/UCuRVc4JW4-C5sg9rQB-srkw?view_as=subscriber\",\"https:\/\/twitter.com\/arteeluoghi\"],\"logo\":{\"@type\":\"ImageObject\",\"@id\":\"https:\/\/arteeluoghi.it\/#logo\",\"inLanguage\":\"it-IT\",\"url\":\"https:\/\/arteeluoghi.it\/wp-content\/uploads\/2018\/08\/logoinstagramarte.jpg\",\"contentUrl\":\"https:\/\/arteeluoghi.it\/wp-content\/uploads\/2018\/08\/logoinstagramarte.jpg\",\"width\":150,\"height\":150,\"caption\":\"Arte e Luoghi\"},\"image\":{\"@id\":\"https:\/\/arteeluoghi.it\/#logo\"}},{\"@type\":\"WebSite\",\"@id\":\"https:\/\/arteeluoghi.it\/#website\",\"url\":\"https:\/\/arteeluoghi.it\/\",\"name\":\"Arte e Luoghi\",\"description\":\"Mensile di arte, cultura, turismo e curiosit\u00e0\",\"publisher\":{\"@id\":\"https:\/\/arteeluoghi.it\/#organization\"},\"potentialAction\":[{\"@type\":\"SearchAction\",\"target\":{\"@type\":\"EntryPoint\",\"urlTemplate\":\"https:\/\/arteeluoghi.it\/?s={search_term_string}\"},\"query-input\":\"required name=search_term_string\"}],\"inLanguage\":\"it-IT\"},{\"@type\":\"ImageObject\",\"@id\":\"https:\/\/arteeluoghi.it\/index.php\/2024\/08\/31\/land-art-alla-gola-del-furlo\/#primaryimage\",\"inLanguage\":\"it-IT\",\"url\":\"https:\/\/arteeluoghi.it\/wp-content\/uploads\/2024\/08\/WhatsApp-Image-2023-11-15-at-17.22.39.jpg\",\"contentUrl\":\"https:\/\/arteeluoghi.it\/wp-content\/uploads\/2024\/08\/WhatsApp-Image-2023-11-15-at-17.22.39.jpg\",\"width\":1600,\"height\":899},{\"@type\":\"WebPage\",\"@id\":\"https:\/\/arteeluoghi.it\/index.php\/2024\/08\/31\/land-art-alla-gola-del-furlo\/#webpage\",\"url\":\"https:\/\/arteeluoghi.it\/index.php\/2024\/08\/31\/land-art-alla-gola-del-furlo\/\",\"name\":\"Land Art alla gola del Furlo | Arte e Luoghi\",\"isPartOf\":{\"@id\":\"https:\/\/arteeluoghi.it\/#website\"},\"primaryImageOfPage\":{\"@id\":\"https:\/\/arteeluoghi.it\/index.php\/2024\/08\/31\/land-art-alla-gola-del-furlo\/#primaryimage\"},\"datePublished\":\"2024-08-31T14:41:04+00:00\",\"dateModified\":\"2024-09-02T12:45:51+00:00\",\"description\":\"Due artiste docenti dell'Accademia di Belle Arti di Lecce, Carla Sello e Lucia Ghionna, tra gli artisti selezionati per la realizzazione\",\"breadcrumb\":{\"@id\":\"https:\/\/arteeluoghi.it\/index.php\/2024\/08\/31\/land-art-alla-gola-del-furlo\/#breadcrumb\"},\"inLanguage\":\"it-IT\",\"potentialAction\":[{\"@type\":\"ReadAction\",\"target\":[\"https:\/\/arteeluoghi.it\/index.php\/2024\/08\/31\/land-art-alla-gola-del-furlo\/\"]}]},{\"@type\":\"BreadcrumbList\",\"@id\":\"https:\/\/arteeluoghi.it\/index.php\/2024\/08\/31\/land-art-alla-gola-del-furlo\/#breadcrumb\",\"itemListElement\":[{\"@type\":\"ListItem\",\"position\":1,\"name\":\"Home\",\"item\":\"https:\/\/arteeluoghi.it\/\"},{\"@type\":\"ListItem\",\"position\":2,\"name\":\"Land Art alla gola del Furlo\"}]},{\"@type\":\"Article\",\"@id\":\"https:\/\/arteeluoghi.it\/index.php\/2024\/08\/31\/land-art-alla-gola-del-furlo\/#article\",\"isPartOf\":{\"@id\":\"https:\/\/arteeluoghi.it\/index.php\/2024\/08\/31\/land-art-alla-gola-del-furlo\/#webpage\"},\"author\":{\"@id\":\"https:\/\/arteeluoghi.it\/#\/schema\/person\/f84e814e36e91e01448ee07eaadd41d4\"},\"headline\":\"Land Art alla gola del Furlo\",\"datePublished\":\"2024-08-31T14:41:04+00:00\",\"dateModified\":\"2024-09-02T12:45:51+00:00\",\"mainEntityOfPage\":{\"@id\":\"https:\/\/arteeluoghi.it\/index.php\/2024\/08\/31\/land-art-alla-gola-del-furlo\/#webpage\"},\"wordCount\":897,\"commentCount\":0,\"publisher\":{\"@id\":\"https:\/\/arteeluoghi.it\/#organization\"},\"image\":{\"@id\":\"https:\/\/arteeluoghi.it\/index.php\/2024\/08\/31\/land-art-alla-gola-del-furlo\/#primaryimage\"},\"thumbnailUrl\":\"https:\/\/arteeluoghi.it\/wp-content\/uploads\/2024\/08\/WhatsApp-Image-2023-11-15-at-17.22.39.jpg\",\"keywords\":[\"Cammino di Sant&#039;Anna\",\"Carla Sello\",\"Casa degli artisti\",\"Festival Land Art al Furlo\",\"Land Art\",\"Lucia Ghionna\"],\"articleSection\":[\"Arte\",\"Arti visive\",\"Scultura\"],\"inLanguage\":\"it-IT\",\"potentialAction\":[{\"@type\":\"CommentAction\",\"name\":\"Comment\",\"target\":[\"https:\/\/arteeluoghi.it\/index.php\/2024\/08\/31\/land-art-alla-gola-del-furlo\/#respond\"]}]},{\"@type\":\"Person\",\"@id\":\"https:\/\/arteeluoghi.it\/#\/schema\/person\/f84e814e36e91e01448ee07eaadd41d4\",\"name\":\"Staff\",\"image\":{\"@type\":\"ImageObject\",\"@id\":\"https:\/\/arteeluoghi.it\/#personlogo\",\"inLanguage\":\"it-IT\",\"url\":\"https:\/\/secure.gravatar.com\/avatar\/49d2f9e46271bb04e19cebfaf141313a?s=96&d=blank&r=g\",\"contentUrl\":\"https:\/\/secure.gravatar.com\/avatar\/49d2f9e46271bb04e19cebfaf141313a?s=96&d=blank&r=g\",\"caption\":\"Staff\"}}]}<\/script>\n<!-- \/ Yoast SEO plugin. -->","yoast_head_json":{"title":"Land Art alla gola del Furlo | Arte e Luoghi","description":"Due artiste docenti dell'Accademia di Belle Arti di Lecce, Carla Sello e Lucia Ghionna, tra gli artisti selezionati per la realizzazione","robots":{"index":"index","follow":"follow","max-snippet":"max-snippet:-1","max-image-preview":"max-image-preview:large","max-video-preview":"max-video-preview:-1"},"canonical":"https:\/\/arteeluoghi.it\/index.php\/2024\/08\/31\/land-art-alla-gola-del-furlo\/","og_locale":"it_IT","og_type":"article","og_title":"Land Art alla gola del Furlo | Arte e Luoghi","og_description":"Due artiste docenti dell'Accademia di Belle Arti di Lecce, Carla Sello e Lucia Ghionna, tra gli artisti selezionati per la realizzazione","og_url":"https:\/\/arteeluoghi.it\/index.php\/2024\/08\/31\/land-art-alla-gola-del-furlo\/","og_site_name":"Arte e Luoghi","article_publisher":"https:\/\/www.facebook.com\/ArteELuoghi\/","article_published_time":"2024-08-31T14:41:04+00:00","article_modified_time":"2024-09-02T12:45:51+00:00","og_image":[{"width":1600,"height":899,"url":"https:\/\/arteeluoghi.it\/wp-content\/uploads\/2024\/08\/WhatsApp-Image-2023-11-15-at-17.22.39.jpg","type":"image\/jpeg"}],"twitter_card":"summary","twitter_creator":"@arteeluoghi","twitter_site":"@arteeluoghi","twitter_misc":{"Scritto da":"Staff","Tempo di lettura stimato":"5 minuti"},"schema":{"@context":"https:\/\/schema.org","@graph":[{"@type":"Organization","@id":"https:\/\/arteeluoghi.it\/#organization","name":"Arte e Luoghi","url":"https:\/\/arteeluoghi.it\/","sameAs":["https:\/\/www.facebook.com\/ArteELuoghi\/","https:\/\/www.instagram.com\/arteeluoghi\/?hl=it","https:\/\/www.youtube.com\/channel\/UCuRVc4JW4-C5sg9rQB-srkw?view_as=subscriber","https:\/\/twitter.com\/arteeluoghi"],"logo":{"@type":"ImageObject","@id":"https:\/\/arteeluoghi.it\/#logo","inLanguage":"it-IT","url":"https:\/\/arteeluoghi.it\/wp-content\/uploads\/2018\/08\/logoinstagramarte.jpg","contentUrl":"https:\/\/arteeluoghi.it\/wp-content\/uploads\/2018\/08\/logoinstagramarte.jpg","width":150,"height":150,"caption":"Arte e Luoghi"},"image":{"@id":"https:\/\/arteeluoghi.it\/#logo"}},{"@type":"WebSite","@id":"https:\/\/arteeluoghi.it\/#website","url":"https:\/\/arteeluoghi.it\/","name":"Arte e Luoghi","description":"Mensile di arte, cultura, turismo e curiosit\u00e0","publisher":{"@id":"https:\/\/arteeluoghi.it\/#organization"},"potentialAction":[{"@type":"SearchAction","target":{"@type":"EntryPoint","urlTemplate":"https:\/\/arteeluoghi.it\/?s={search_term_string}"},"query-input":"required name=search_term_string"}],"inLanguage":"it-IT"},{"@type":"ImageObject","@id":"https:\/\/arteeluoghi.it\/index.php\/2024\/08\/31\/land-art-alla-gola-del-furlo\/#primaryimage","inLanguage":"it-IT","url":"https:\/\/arteeluoghi.it\/wp-content\/uploads\/2024\/08\/WhatsApp-Image-2023-11-15-at-17.22.39.jpg","contentUrl":"https:\/\/arteeluoghi.it\/wp-content\/uploads\/2024\/08\/WhatsApp-Image-2023-11-15-at-17.22.39.jpg","width":1600,"height":899},{"@type":"WebPage","@id":"https:\/\/arteeluoghi.it\/index.php\/2024\/08\/31\/land-art-alla-gola-del-furlo\/#webpage","url":"https:\/\/arteeluoghi.it\/index.php\/2024\/08\/31\/land-art-alla-gola-del-furlo\/","name":"Land Art alla gola del Furlo | Arte e Luoghi","isPartOf":{"@id":"https:\/\/arteeluoghi.it\/#website"},"primaryImageOfPage":{"@id":"https:\/\/arteeluoghi.it\/index.php\/2024\/08\/31\/land-art-alla-gola-del-furlo\/#primaryimage"},"datePublished":"2024-08-31T14:41:04+00:00","dateModified":"2024-09-02T12:45:51+00:00","description":"Due artiste docenti dell'Accademia di Belle Arti di Lecce, Carla Sello e Lucia Ghionna, tra gli artisti selezionati per la realizzazione","breadcrumb":{"@id":"https:\/\/arteeluoghi.it\/index.php\/2024\/08\/31\/land-art-alla-gola-del-furlo\/#breadcrumb"},"inLanguage":"it-IT","potentialAction":[{"@type":"ReadAction","target":["https:\/\/arteeluoghi.it\/index.php\/2024\/08\/31\/land-art-alla-gola-del-furlo\/"]}]},{"@type":"BreadcrumbList","@id":"https:\/\/arteeluoghi.it\/index.php\/2024\/08\/31\/land-art-alla-gola-del-furlo\/#breadcrumb","itemListElement":[{"@type":"ListItem","position":1,"name":"Home","item":"https:\/\/arteeluoghi.it\/"},{"@type":"ListItem","position":2,"name":"Land Art alla gola del Furlo"}]},{"@type":"Article","@id":"https:\/\/arteeluoghi.it\/index.php\/2024\/08\/31\/land-art-alla-gola-del-furlo\/#article","isPartOf":{"@id":"https:\/\/arteeluoghi.it\/index.php\/2024\/08\/31\/land-art-alla-gola-del-furlo\/#webpage"},"author":{"@id":"https:\/\/arteeluoghi.it\/#\/schema\/person\/f84e814e36e91e01448ee07eaadd41d4"},"headline":"Land Art alla gola del Furlo","datePublished":"2024-08-31T14:41:04+00:00","dateModified":"2024-09-02T12:45:51+00:00","mainEntityOfPage":{"@id":"https:\/\/arteeluoghi.it\/index.php\/2024\/08\/31\/land-art-alla-gola-del-furlo\/#webpage"},"wordCount":897,"commentCount":0,"publisher":{"@id":"https:\/\/arteeluoghi.it\/#organization"},"image":{"@id":"https:\/\/arteeluoghi.it\/index.php\/2024\/08\/31\/land-art-alla-gola-del-furlo\/#primaryimage"},"thumbnailUrl":"https:\/\/arteeluoghi.it\/wp-content\/uploads\/2024\/08\/WhatsApp-Image-2023-11-15-at-17.22.39.jpg","keywords":["Cammino di Sant&#039;Anna","Carla Sello","Casa degli artisti","Festival Land Art al Furlo","Land Art","Lucia Ghionna"],"articleSection":["Arte","Arti visive","Scultura"],"inLanguage":"it-IT","potentialAction":[{"@type":"CommentAction","name":"Comment","target":["https:\/\/arteeluoghi.it\/index.php\/2024\/08\/31\/land-art-alla-gola-del-furlo\/#respond"]}]},{"@type":"Person","@id":"https:\/\/arteeluoghi.it\/#\/schema\/person\/f84e814e36e91e01448ee07eaadd41d4","name":"Staff","image":{"@type":"ImageObject","@id":"https:\/\/arteeluoghi.it\/#personlogo","inLanguage":"it-IT","url":"https:\/\/secure.gravatar.com\/avatar\/49d2f9e46271bb04e19cebfaf141313a?s=96&d=blank&r=g","contentUrl":"https:\/\/secure.gravatar.com\/avatar\/49d2f9e46271bb04e19cebfaf141313a?s=96&d=blank&r=g","caption":"Staff"}}]}},"_links":{"self":[{"href":"https:\/\/arteeluoghi.it\/index.php\/wp-json\/wp\/v2\/posts\/14787"}],"collection":[{"href":"https:\/\/arteeluoghi.it\/index.php\/wp-json\/wp\/v2\/posts"}],"about":[{"href":"https:\/\/arteeluoghi.it\/index.php\/wp-json\/wp\/v2\/types\/post"}],"author":[{"embeddable":true,"href":"https:\/\/arteeluoghi.it\/index.php\/wp-json\/wp\/v2\/users\/1"}],"replies":[{"embeddable":true,"href":"https:\/\/arteeluoghi.it\/index.php\/wp-json\/wp\/v2\/comments?post=14787"}],"version-history":[{"count":5,"href":"https:\/\/arteeluoghi.it\/index.php\/wp-json\/wp\/v2\/posts\/14787\/revisions"}],"predecessor-version":[{"id":14806,"href":"https:\/\/arteeluoghi.it\/index.php\/wp-json\/wp\/v2\/posts\/14787\/revisions\/14806"}],"wp:featuredmedia":[{"embeddable":true,"href":"https:\/\/arteeluoghi.it\/index.php\/wp-json\/wp\/v2\/media\/14804"}],"wp:attachment":[{"href":"https:\/\/arteeluoghi.it\/index.php\/wp-json\/wp\/v2\/media?parent=14787"}],"wp:term":[{"taxonomy":"category","embeddable":true,"href":"https:\/\/arteeluoghi.it\/index.php\/wp-json\/wp\/v2\/categories?post=14787"},{"taxonomy":"post_tag","embeddable":true,"href":"https:\/\/arteeluoghi.it\/index.php\/wp-json\/wp\/v2\/tags?post=14787"}],"curies":[{"name":"wp","href":"https:\/\/api.w.org\/{rel}","templated":true}]}}