{"id":1480,"date":"2013-12-10T18:55:34","date_gmt":"2013-12-10T17:55:34","guid":{"rendered":"http:\/\/arteeluoghi.it\/index.php\/2013\/12\/10\/erano-famosi-nomi-e-volti-noti-insieme-per-donare\/"},"modified":"2013-12-10T18:55:34","modified_gmt":"2013-12-10T17:55:34","slug":"erano-famosi-nomi-e-volti-noti-insieme-per-donare","status":"publish","type":"post","link":"https:\/\/arteeluoghi.it\/index.php\/2013\/12\/10\/erano-famosi-nomi-e-volti-noti-insieme-per-donare\/","title":{"rendered":"Erano famosi. Nomi e volti noti insieme per donare"},"content":{"rendered":"<p><img src=\"\/images\/locandinaerano%20famosi.jpg\" border=\"0\" title=\"la locandina della manfestazione\" width=\"220\" style=\"float: left; margin: 21px;\" \/>Luned\u00ec 16 dicembre al Politeama le autorit\u00e0 si prestano alla solidariet\u00e0<\/p>\n<p><strong>Spettacolo di beneficenza. Autorit\u00e0 in scena<\/strong><\/p>\n<p>\u00a0<\/p>\n<p>Il prefetto che legge e recita le sue stesse poesie, un noto imprenditore che balla con passione la pizzica, un direttore di giornale che canta brani in napoletano e poi, ancora, il presidente di provincia, il sindaco, alcuni assessori e altri volti e nomi noti del territorio che si esibiscono davanti al pubblico ognuno con la propria performance. Non \u00e8 la scenografia di un film in cui il mondo impazzisce, \u00e8 invece l\u2019originale format con cui le autorit\u00e0 del territorio di Lecce e provincia si prestano alla solidariet\u00e0 in una serata di beneficenza mirata alla raccolta di fondi a favore di \u201cChiara Luce\u201d, la comunit\u00e0 per mamme sole con figli a carico e gestanti.<\/p>\n<p>\u00a0<\/p>\n<p>  <!--more-->  <\/p>\n<p>\u00a0<br \/>\u201cErano famosi\u2026 &#8211; Nomi e volti noti insieme per donare\u201d il titolo della serata, che si svolger\u00e0 luned\u00ec 16 dicembre alle ore 20.30 presso il Teatro Politeama Greco di Lecce. Sul palco il prefetto di Lecce Giuliana Perrotta, nell\u2019insolita veste di lettrice e autrice di poesie, il direttore del Quotidiano di Puglia Claudio Scamardella eseguir\u00e0\u00a0 noti brani napoletani mentre l\u2019imprenditore Antonio Quarta si cimenter\u00e0 a ballare la pizzica. E ancora l\u2019assessore regionale Loredana Capone, il presidente e il vice presidente della Provincia, Antonio Gabellone e Simona Manca, il sindaco e l\u2019assessore comunale Paolo Perrone e Luigi Coclite, il presidente ANM Roberto Tanisi, il sostituto procuratore Paola Guglielmi e il docente universitario Pierluigi Portaluri. Con le loro performance, e senza prendersi troppo sul serio, intratterranno il pubblico in sala in un modo del tutto insolito, unico ed originale.<\/p>\n<p>La serata sar\u00e0 condotta dal critico musicale di Quotidiano di Puglia Eraldo Martucci il quale, in chiusura, presenter\u00e0 anche l\u2019esibizione del duo Rachele Andrioli (voce) e Daniele Vitali (pianoforte) e la partecipazione straordinaria del cantautore salentino Mino De Santis.<\/p>\n<p>\u00a0<br \/>Allo spettacolo si accede per invito con un&#8217;offerta volontaria. Gli inviti sono disponibili presso il botteghino del Politeama Greco.<br \/>Per info e approfondimenti ci si pu\u00f2 rivolgere al botteghino del teatro o ai numeri: 335.6145934 \u2013 339.7715953 \u2013 339.8899288<br \/>\u00a0<br \/>L\u2019incasso della serata sar\u00e0 devoluto a \u201cChiara Luce\u201d, una neonata comunit\u00e0 con sede a Lecce in via Michele Coluzio, voluta dalla cooperativa sociale \u201cSalentopportunit\u00e0\u201d Onlus e che ha come mission quello di aiutare madri sole con bimbi a carico e gestanti in difficolt\u00e0 e con storie affaticate alle spalle. Dichiarano tutto il loro sostegno, sia all\u2019iniziativa della serata che alla mission della comunit\u00e0 \u201cChiara Luce\u201d, lo staff dei ragazzi di \u201cPro_Salento\u201d, studenti dell\u2019Istituto Galilei-Costa di Lecce.<\/p>\n<p>red. Arte e Luoghi<\/p>\n","protected":false},"excerpt":{"rendered":"<p>Luned\u00ec 16 dicembre al Politeama le autorit\u00e0 si prestano alla solidariet\u00e0 Spettacolo di beneficenza. Autorit\u00e0 in scena \u00a0 Il prefetto<\/p>\n","protected":false},"author":1,"featured_media":0,"comment_status":"open","ping_status":"open","sticky":false,"template":"","format":"standard","meta":[],"categories":[36],"tags":[],"yoast_head":"<!-- This site is optimized with the Yoast SEO plugin v18.0 - https:\/\/yoast.com\/wordpress\/plugins\/seo\/ -->\n<title>Erano famosi. Nomi e volti noti insieme per donare | Arte e Luoghi<\/title>\n<meta name=\"robots\" content=\"index, follow, max-snippet:-1, max-image-preview:large, max-video-preview:-1\" \/>\n<link rel=\"canonical\" href=\"https:\/\/arteeluoghi.it\/index.php\/2013\/12\/10\/erano-famosi-nomi-e-volti-noti-insieme-per-donare\/\" \/>\n<meta property=\"og:locale\" content=\"it_IT\" \/>\n<meta property=\"og:type\" content=\"article\" \/>\n<meta property=\"og:title\" content=\"Erano famosi. Nomi e volti noti insieme per donare | Arte e Luoghi\" \/>\n<meta property=\"og:description\" content=\"Luned\u00ec 16 dicembre al Politeama le autorit\u00e0 si prestano alla solidariet\u00e0 Spettacolo di beneficenza. Autorit\u00e0 in scena \u00a0 Il prefetto\" \/>\n<meta property=\"og:url\" content=\"https:\/\/arteeluoghi.it\/index.php\/2013\/12\/10\/erano-famosi-nomi-e-volti-noti-insieme-per-donare\/\" \/>\n<meta property=\"og:site_name\" content=\"Arte e Luoghi\" \/>\n<meta property=\"article:publisher\" content=\"https:\/\/www.facebook.com\/ArteELuoghi\/\" \/>\n<meta property=\"article:published_time\" content=\"2013-12-10T17:55:34+00:00\" \/>\n<meta property=\"og:image\" content=\"https:\/\/arteeluoghi.it\/images\/locandinaerano%20famosi.jpg\" \/>\n<meta name=\"twitter:card\" content=\"summary\" \/>\n<meta name=\"twitter:creator\" content=\"@arteeluoghi\" \/>\n<meta name=\"twitter:site\" content=\"@arteeluoghi\" \/>\n<meta name=\"twitter:label1\" content=\"Scritto da\" \/>\n\t<meta name=\"twitter:data1\" content=\"Staff\" \/>\n\t<meta name=\"twitter:label2\" content=\"Tempo di lettura stimato\" \/>\n\t<meta name=\"twitter:data2\" content=\"2 minuti\" \/>\n<script type=\"application\/ld+json\" class=\"yoast-schema-graph\">{\"@context\":\"https:\/\/schema.org\",\"@graph\":[{\"@type\":\"Organization\",\"@id\":\"https:\/\/arteeluoghi.it\/#organization\",\"name\":\"Arte e Luoghi\",\"url\":\"https:\/\/arteeluoghi.it\/\",\"sameAs\":[\"https:\/\/www.facebook.com\/ArteELuoghi\/\",\"https:\/\/www.instagram.com\/arteeluoghi\/?hl=it\",\"https:\/\/www.youtube.com\/channel\/UCuRVc4JW4-C5sg9rQB-srkw?view_as=subscriber\",\"https:\/\/twitter.com\/arteeluoghi\"],\"logo\":{\"@type\":\"ImageObject\",\"@id\":\"https:\/\/arteeluoghi.it\/#logo\",\"inLanguage\":\"it-IT\",\"url\":\"https:\/\/arteeluoghi.it\/wp-content\/uploads\/2018\/08\/logoinstagramarte.jpg\",\"contentUrl\":\"https:\/\/arteeluoghi.it\/wp-content\/uploads\/2018\/08\/logoinstagramarte.jpg\",\"width\":150,\"height\":150,\"caption\":\"Arte e Luoghi\"},\"image\":{\"@id\":\"https:\/\/arteeluoghi.it\/#logo\"}},{\"@type\":\"WebSite\",\"@id\":\"https:\/\/arteeluoghi.it\/#website\",\"url\":\"https:\/\/arteeluoghi.it\/\",\"name\":\"Arte e Luoghi\",\"description\":\"Mensile di arte, cultura, turismo e curiosit\u00e0\",\"publisher\":{\"@id\":\"https:\/\/arteeluoghi.it\/#organization\"},\"potentialAction\":[{\"@type\":\"SearchAction\",\"target\":{\"@type\":\"EntryPoint\",\"urlTemplate\":\"https:\/\/arteeluoghi.it\/?s={search_term_string}\"},\"query-input\":\"required name=search_term_string\"}],\"inLanguage\":\"it-IT\"},{\"@type\":\"ImageObject\",\"@id\":\"https:\/\/arteeluoghi.it\/index.php\/2013\/12\/10\/erano-famosi-nomi-e-volti-noti-insieme-per-donare\/#primaryimage\",\"inLanguage\":\"it-IT\",\"url\":\"\/images\/locandinaerano%20famosi.jpg\",\"contentUrl\":\"\/images\/locandinaerano%20famosi.jpg\"},{\"@type\":\"WebPage\",\"@id\":\"https:\/\/arteeluoghi.it\/index.php\/2013\/12\/10\/erano-famosi-nomi-e-volti-noti-insieme-per-donare\/#webpage\",\"url\":\"https:\/\/arteeluoghi.it\/index.php\/2013\/12\/10\/erano-famosi-nomi-e-volti-noti-insieme-per-donare\/\",\"name\":\"Erano famosi. Nomi e volti noti insieme per donare | Arte e Luoghi\",\"isPartOf\":{\"@id\":\"https:\/\/arteeluoghi.it\/#website\"},\"primaryImageOfPage\":{\"@id\":\"https:\/\/arteeluoghi.it\/index.php\/2013\/12\/10\/erano-famosi-nomi-e-volti-noti-insieme-per-donare\/#primaryimage\"},\"datePublished\":\"2013-12-10T17:55:34+00:00\",\"dateModified\":\"2013-12-10T17:55:34+00:00\",\"breadcrumb\":{\"@id\":\"https:\/\/arteeluoghi.it\/index.php\/2013\/12\/10\/erano-famosi-nomi-e-volti-noti-insieme-per-donare\/#breadcrumb\"},\"inLanguage\":\"it-IT\",\"potentialAction\":[{\"@type\":\"ReadAction\",\"target\":[\"https:\/\/arteeluoghi.it\/index.php\/2013\/12\/10\/erano-famosi-nomi-e-volti-noti-insieme-per-donare\/\"]}]},{\"@type\":\"BreadcrumbList\",\"@id\":\"https:\/\/arteeluoghi.it\/index.php\/2013\/12\/10\/erano-famosi-nomi-e-volti-noti-insieme-per-donare\/#breadcrumb\",\"itemListElement\":[{\"@type\":\"ListItem\",\"position\":1,\"name\":\"Home\",\"item\":\"https:\/\/arteeluoghi.it\/\"},{\"@type\":\"ListItem\",\"position\":2,\"name\":\"Erano famosi. Nomi e volti noti insieme per donare\"}]},{\"@type\":\"Article\",\"@id\":\"https:\/\/arteeluoghi.it\/index.php\/2013\/12\/10\/erano-famosi-nomi-e-volti-noti-insieme-per-donare\/#article\",\"isPartOf\":{\"@id\":\"https:\/\/arteeluoghi.it\/index.php\/2013\/12\/10\/erano-famosi-nomi-e-volti-noti-insieme-per-donare\/#webpage\"},\"author\":{\"@id\":\"https:\/\/arteeluoghi.it\/#\/schema\/person\/f84e814e36e91e01448ee07eaadd41d4\"},\"headline\":\"Erano famosi. Nomi e volti noti insieme per donare\",\"datePublished\":\"2013-12-10T17:55:34+00:00\",\"dateModified\":\"2013-12-10T17:55:34+00:00\",\"mainEntityOfPage\":{\"@id\":\"https:\/\/arteeluoghi.it\/index.php\/2013\/12\/10\/erano-famosi-nomi-e-volti-noti-insieme-per-donare\/#webpage\"},\"wordCount\":435,\"commentCount\":0,\"publisher\":{\"@id\":\"https:\/\/arteeluoghi.it\/#organization\"},\"image\":{\"@id\":\"https:\/\/arteeluoghi.it\/index.php\/2013\/12\/10\/erano-famosi-nomi-e-volti-noti-insieme-per-donare\/#primaryimage\"},\"thumbnailUrl\":\"\/images\/locandinaerano%20famosi.jpg\",\"articleSection\":[\"CuriosAr(t)e\"],\"inLanguage\":\"it-IT\",\"potentialAction\":[{\"@type\":\"CommentAction\",\"name\":\"Comment\",\"target\":[\"https:\/\/arteeluoghi.it\/index.php\/2013\/12\/10\/erano-famosi-nomi-e-volti-noti-insieme-per-donare\/#respond\"]}]},{\"@type\":\"Person\",\"@id\":\"https:\/\/arteeluoghi.it\/#\/schema\/person\/f84e814e36e91e01448ee07eaadd41d4\",\"name\":\"Staff\",\"image\":{\"@type\":\"ImageObject\",\"@id\":\"https:\/\/arteeluoghi.it\/#personlogo\",\"inLanguage\":\"it-IT\",\"url\":\"https:\/\/secure.gravatar.com\/avatar\/49d2f9e46271bb04e19cebfaf141313a?s=96&d=blank&r=g\",\"contentUrl\":\"https:\/\/secure.gravatar.com\/avatar\/49d2f9e46271bb04e19cebfaf141313a?s=96&d=blank&r=g\",\"caption\":\"Staff\"}}]}<\/script>\n<!-- \/ Yoast SEO plugin. -->","yoast_head_json":{"title":"Erano famosi. Nomi e volti noti insieme per donare | Arte e Luoghi","robots":{"index":"index","follow":"follow","max-snippet":"max-snippet:-1","max-image-preview":"max-image-preview:large","max-video-preview":"max-video-preview:-1"},"canonical":"https:\/\/arteeluoghi.it\/index.php\/2013\/12\/10\/erano-famosi-nomi-e-volti-noti-insieme-per-donare\/","og_locale":"it_IT","og_type":"article","og_title":"Erano famosi. Nomi e volti noti insieme per donare | Arte e Luoghi","og_description":"Luned\u00ec 16 dicembre al Politeama le autorit\u00e0 si prestano alla solidariet\u00e0 Spettacolo di beneficenza. Autorit\u00e0 in scena \u00a0 Il prefetto","og_url":"https:\/\/arteeluoghi.it\/index.php\/2013\/12\/10\/erano-famosi-nomi-e-volti-noti-insieme-per-donare\/","og_site_name":"Arte e Luoghi","article_publisher":"https:\/\/www.facebook.com\/ArteELuoghi\/","article_published_time":"2013-12-10T17:55:34+00:00","og_image":[{"url":"https:\/\/arteeluoghi.it\/images\/locandinaerano%20famosi.jpg"}],"twitter_card":"summary","twitter_creator":"@arteeluoghi","twitter_site":"@arteeluoghi","twitter_misc":{"Scritto da":"Staff","Tempo di lettura stimato":"2 minuti"},"schema":{"@context":"https:\/\/schema.org","@graph":[{"@type":"Organization","@id":"https:\/\/arteeluoghi.it\/#organization","name":"Arte e Luoghi","url":"https:\/\/arteeluoghi.it\/","sameAs":["https:\/\/www.facebook.com\/ArteELuoghi\/","https:\/\/www.instagram.com\/arteeluoghi\/?hl=it","https:\/\/www.youtube.com\/channel\/UCuRVc4JW4-C5sg9rQB-srkw?view_as=subscriber","https:\/\/twitter.com\/arteeluoghi"],"logo":{"@type":"ImageObject","@id":"https:\/\/arteeluoghi.it\/#logo","inLanguage":"it-IT","url":"https:\/\/arteeluoghi.it\/wp-content\/uploads\/2018\/08\/logoinstagramarte.jpg","contentUrl":"https:\/\/arteeluoghi.it\/wp-content\/uploads\/2018\/08\/logoinstagramarte.jpg","width":150,"height":150,"caption":"Arte e Luoghi"},"image":{"@id":"https:\/\/arteeluoghi.it\/#logo"}},{"@type":"WebSite","@id":"https:\/\/arteeluoghi.it\/#website","url":"https:\/\/arteeluoghi.it\/","name":"Arte e Luoghi","description":"Mensile di arte, cultura, turismo e curiosit\u00e0","publisher":{"@id":"https:\/\/arteeluoghi.it\/#organization"},"potentialAction":[{"@type":"SearchAction","target":{"@type":"EntryPoint","urlTemplate":"https:\/\/arteeluoghi.it\/?s={search_term_string}"},"query-input":"required name=search_term_string"}],"inLanguage":"it-IT"},{"@type":"ImageObject","@id":"https:\/\/arteeluoghi.it\/index.php\/2013\/12\/10\/erano-famosi-nomi-e-volti-noti-insieme-per-donare\/#primaryimage","inLanguage":"it-IT","url":"\/images\/locandinaerano%20famosi.jpg","contentUrl":"\/images\/locandinaerano%20famosi.jpg"},{"@type":"WebPage","@id":"https:\/\/arteeluoghi.it\/index.php\/2013\/12\/10\/erano-famosi-nomi-e-volti-noti-insieme-per-donare\/#webpage","url":"https:\/\/arteeluoghi.it\/index.php\/2013\/12\/10\/erano-famosi-nomi-e-volti-noti-insieme-per-donare\/","name":"Erano famosi. Nomi e volti noti insieme per donare | Arte e Luoghi","isPartOf":{"@id":"https:\/\/arteeluoghi.it\/#website"},"primaryImageOfPage":{"@id":"https:\/\/arteeluoghi.it\/index.php\/2013\/12\/10\/erano-famosi-nomi-e-volti-noti-insieme-per-donare\/#primaryimage"},"datePublished":"2013-12-10T17:55:34+00:00","dateModified":"2013-12-10T17:55:34+00:00","breadcrumb":{"@id":"https:\/\/arteeluoghi.it\/index.php\/2013\/12\/10\/erano-famosi-nomi-e-volti-noti-insieme-per-donare\/#breadcrumb"},"inLanguage":"it-IT","potentialAction":[{"@type":"ReadAction","target":["https:\/\/arteeluoghi.it\/index.php\/2013\/12\/10\/erano-famosi-nomi-e-volti-noti-insieme-per-donare\/"]}]},{"@type":"BreadcrumbList","@id":"https:\/\/arteeluoghi.it\/index.php\/2013\/12\/10\/erano-famosi-nomi-e-volti-noti-insieme-per-donare\/#breadcrumb","itemListElement":[{"@type":"ListItem","position":1,"name":"Home","item":"https:\/\/arteeluoghi.it\/"},{"@type":"ListItem","position":2,"name":"Erano famosi. Nomi e volti noti insieme per donare"}]},{"@type":"Article","@id":"https:\/\/arteeluoghi.it\/index.php\/2013\/12\/10\/erano-famosi-nomi-e-volti-noti-insieme-per-donare\/#article","isPartOf":{"@id":"https:\/\/arteeluoghi.it\/index.php\/2013\/12\/10\/erano-famosi-nomi-e-volti-noti-insieme-per-donare\/#webpage"},"author":{"@id":"https:\/\/arteeluoghi.it\/#\/schema\/person\/f84e814e36e91e01448ee07eaadd41d4"},"headline":"Erano famosi. Nomi e volti noti insieme per donare","datePublished":"2013-12-10T17:55:34+00:00","dateModified":"2013-12-10T17:55:34+00:00","mainEntityOfPage":{"@id":"https:\/\/arteeluoghi.it\/index.php\/2013\/12\/10\/erano-famosi-nomi-e-volti-noti-insieme-per-donare\/#webpage"},"wordCount":435,"commentCount":0,"publisher":{"@id":"https:\/\/arteeluoghi.it\/#organization"},"image":{"@id":"https:\/\/arteeluoghi.it\/index.php\/2013\/12\/10\/erano-famosi-nomi-e-volti-noti-insieme-per-donare\/#primaryimage"},"thumbnailUrl":"\/images\/locandinaerano%20famosi.jpg","articleSection":["CuriosAr(t)e"],"inLanguage":"it-IT","potentialAction":[{"@type":"CommentAction","name":"Comment","target":["https:\/\/arteeluoghi.it\/index.php\/2013\/12\/10\/erano-famosi-nomi-e-volti-noti-insieme-per-donare\/#respond"]}]},{"@type":"Person","@id":"https:\/\/arteeluoghi.it\/#\/schema\/person\/f84e814e36e91e01448ee07eaadd41d4","name":"Staff","image":{"@type":"ImageObject","@id":"https:\/\/arteeluoghi.it\/#personlogo","inLanguage":"it-IT","url":"https:\/\/secure.gravatar.com\/avatar\/49d2f9e46271bb04e19cebfaf141313a?s=96&d=blank&r=g","contentUrl":"https:\/\/secure.gravatar.com\/avatar\/49d2f9e46271bb04e19cebfaf141313a?s=96&d=blank&r=g","caption":"Staff"}}]}},"_links":{"self":[{"href":"https:\/\/arteeluoghi.it\/index.php\/wp-json\/wp\/v2\/posts\/1480"}],"collection":[{"href":"https:\/\/arteeluoghi.it\/index.php\/wp-json\/wp\/v2\/posts"}],"about":[{"href":"https:\/\/arteeluoghi.it\/index.php\/wp-json\/wp\/v2\/types\/post"}],"author":[{"embeddable":true,"href":"https:\/\/arteeluoghi.it\/index.php\/wp-json\/wp\/v2\/users\/1"}],"replies":[{"embeddable":true,"href":"https:\/\/arteeluoghi.it\/index.php\/wp-json\/wp\/v2\/comments?post=1480"}],"version-history":[{"count":0,"href":"https:\/\/arteeluoghi.it\/index.php\/wp-json\/wp\/v2\/posts\/1480\/revisions"}],"wp:attachment":[{"href":"https:\/\/arteeluoghi.it\/index.php\/wp-json\/wp\/v2\/media?parent=1480"}],"wp:term":[{"taxonomy":"category","embeddable":true,"href":"https:\/\/arteeluoghi.it\/index.php\/wp-json\/wp\/v2\/categories?post=1480"},{"taxonomy":"post_tag","embeddable":true,"href":"https:\/\/arteeluoghi.it\/index.php\/wp-json\/wp\/v2\/tags?post=1480"}],"curies":[{"name":"wp","href":"https:\/\/api.w.org\/{rel}","templated":true}]}}