{"id":1493,"date":"2013-11-02T22:18:00","date_gmt":"2013-11-02T21:18:00","guid":{"rendered":"http:\/\/arteeluoghi.it\/index.php\/2013\/11\/02\/ladies-for-human-rights-i-ritratti-di-reboani\/"},"modified":"2013-11-02T22:18:00","modified_gmt":"2013-11-02T21:18:00","slug":"ladies-for-human-rights-i-ritratti-di-reboani","status":"publish","type":"post","link":"https:\/\/arteeluoghi.it\/index.php\/2013\/11\/02\/ladies-for-human-rights-i-ritratti-di-reboani\/","title":{"rendered":"Ladies for Human Rights. i ritratti di Reboani"},"content":{"rendered":"<p><img src=\"\/images\/ladie\/audry.jpg\" border=\"0\" title=\"Audry Hepburn di Marcello Reboani\" width=\"300\" style=\"margin: 21px; float: left;\" \/>Ladies for Human Rights. La rassegna si potr\u00e0 visitare fino al prossimo 26 novembre 2013<\/p>\n<p><span style=\"font-size: small;\"><strong>Sguardi d\u2019autore al Must<\/strong><\/span><\/p>\n<p>di Antonietta Fulvio<\/p>\n<p>Ladies for Human Rights. Le donne ritratte di Marcello Reboani trovano posto all\u2019interno del Must di Lecce sul filo invisibile che lega il bene, il bello e il giusto secondo la filosofia platonica in una mostra che \u00e8 anche riscoperta di quanto la bellezza non sia solo un fatto esteriore. Al di l\u00e0 dei lineamenti del volto, un ritratto deve saper cogliere l\u2019anima, l\u2019espressione dello spirito che alberga nel cuore e passa attraverso gli occhi come un fluido magnetico che ipnotizza. E come in un gioco, fatto appunto di sguardi, Reboani \u00e8 riuscito a ritrarre diciotto donne straordinarie accomunate dalla lotta per la liberta per i diritti e la dignit\u00e0 umana: Annie Lennox, Isabel Allende, Aung San Suu Kyi, Norma Cruz, Audrey Hepburn, R\u0101nia di Giordania, Joan Baez, Lady Diana Spencer, Leimah Gbowee, Giulia Tamaho Leon, Madre Teresa di Calcutta, Elisabeth Taylor, Anna Eleanor Roosvelt, Ellen Johnson Sirleaf, Caddy Adzuba Furaha, Anna Frank, Maria Montessori e Rita Levi Montalcini.<\/p>\n<p>  <!--more-->  <\/p>\n<p>\u00a0<\/p>\n<p><img src=\"\/images\/ladie\/ladyd.jpg\" border=\"0\" title=\"Lady Diana\" width=\"300\" style=\"margin: 21px; float: left;\" \/>A queste per l\u2019esposizione leccese si \u00e8 aggiunta il ritratto di Malala Yousafzai la studentessa pakistana, premiata da Amnesty International come \u201cAmbasciatrice di pace\u201d e la pi\u00f9 giovane candidata al Premio Nobel per la pace. Una scelta non facile &#8211; spiega Melissa Proietti curatrice del progetto artistico poich\u00e9 il XXI secolo ha visto l\u2019avvicendarsi di molte donne incredibili caratterizzate da una grande generosit\u00e0 d\u2019animo e un grande coraggio nelle lotte quotidiane. Una mostra che per l\u2019affinit\u00e0 tematica si inquadra negli eventi del TedxLecce, patrocinata dall\u2019amministrazione comunale e fortemente voluta da Vestas Hotel &amp; Resort un brand aperto all\u2019arte e che nello specifico di questa mostra \u201criesce a portare all\u2019attenzione di tutti messaggi scomodi come la violazione dei diritti fondamentali, diventando messaggio dell\u2019Umanit\u00e0 per l\u2019Umanit\u00e0\u201d.<\/p>\n<p><img src=\"\/images\/ladie\/reboaniecuratore.jpg\" border=\"0\" title=\"L'artista Marcello Reboani, il curatore, Andrea Montinari\" width=\"300\" style=\"margin: 21px; float: right;\" \/>Artefice dell\u2019intrigante progetto espositivo \u00e8 l\u2019artista e scenografo romano\u00a0 Marcello Reboani, allievo di Toti Scialoja e tra gli artisti dell\u2019Electronic Art Caf\u00e8 seguiti da Achille Bonito Oliva. Da sempre affascinato dal rapporto con la materia, Reboani predilige gli assemblaggi con materiali di recupero legando l\u2019espressione artistica all\u2019impegno sociale. Dopo Firenze la personale Ladies for Human Rights che sigla la collaborazione con l\u2019RFK Center\/Europe \u00e8 giunta a Lecce dove sar\u00e0 visitabile fino al prossimo 26 novembre 2013.<\/p>\n<p><img src=\"\/images\/ladie\/montalcini_hepburn.jpg\" border=\"0\" width=\"300\" style=\"margin: 21px; float: left;\" \/>Addentrandosi nelle stanze al primo piano del Must, un tempo convento delle Clarisse, ci si trova davanti ad un percorso per immagini che diventa anche racconto della grande umanit\u00e0, dell\u2019impegno e della dedizione per l\u2019Altro.<\/p>\n<p>Quasi fossero dei poster giganteschi l\u2019artista ha utilizzato colori ma anche materiali di recupero per connotare le sue Ladies. Smalti per tracciare profili e volti, dai lineamenti quasi austeri come quello della scienziata premio Nobel Rita Levi Montalcini o di Anna Eleanor Roosevelt, la first lady of the world, a quelli spigolosi dell\u2019attivista Norma Cruz fondatrice <img src=\"\/images\/ladie\/joan.jpg\" border=\"0\" width=\"300\" style=\"margin: 21px; float: right;\" \/>Survivors\u2019 Foundation della Citt\u00e0 del Guatemala o di Ellen Sirleaf attualmente primo Ministro della Liberia. O ancora il viso minuto della piccola Anna Frank con quel suo sguardo triste che guarda gi\u00e0 oltre. Oggetti e stoffe (forniti da prestigiose aziende italiane di moda e design) completano i ritratti che sembrano animarsi tra le pieghe dei tessuti e i segni incisivi che delineano con precisione i lineamenti di volti straordinariamente familiari come le storie che rappresentano. Come non commuoversi davanti a Madre Teresa di Calcutta mentre prega a mani giunte, mani che hanno allievato le sofferenze di corpi martoriati dalla lebbra e sfamato i pi\u00f9 poveri tra i poveri ai quali la Santa ha dedicato la sua esistenza. Sensuale e raffinato il ritratto della bellissima star di Hollywood, Liz Taylor, famosa anche per le importanti cause umanitarie, da quella sionista alla lotta contro l\u2019Aids, che le valse nel 2001 l\u2019ambita Presidenzial Citizen Medal per l\u2019impegno filantropico. Una battaglia condivisa anche da Lady Diana che volle essere anche la principessa dei diseredati, dei poveri del mondo e mise la sua popolarit\u00e0 al servizio di missioni umanitarie tra le quali la messa a bando delle mine antiuomo sia in Inghilterra che negli Usa. E catturano i grandi occhi dell\u2019intramontabile Audrey, simbolo della femminilit\u00e0 e icona del cinema, impegnata fino alla fine dei suoi giorni come ambasciatrice dell\u2019Unicef per portare aiuto e conforto ai bambini affetti dalla malnutrizione che lei stessa, in tempi di guerra, aveva conosciuto. Miti di ieri e di oggi si presentano, quasi pagine da sfogliare di un unico libro che intreccia storie personali a quelle di epoche pi\u00f9 o meno lontane. Non \u00e8 lontano il mito di Joan Beaz ritratta con la sua indivisibile chitarra sullo sfondo fatto di dischi di vinile, ritrovati nella casa di campagna dell\u2019artista. E dischi dismessi e rovinati diventano il fondale per un altro intenso ritratto, quello della rock-star britannica Annie Lennox il cui impegno \u00e8 dar voce a chi non ha avuto le sue stesse possibilit\u00e0. In fondo, non \u00e8 anche questo il segreto dell\u2019Arte?<\/p>\n<p><object width=\"425\" height=\"350\" data=\"http:\/\/www.youtube.com\/embed\/6xJw\" type=\"audio\/x-pn-realaudio-plugin\"><param name=\"src\" value=\"http:\/\/www.youtube.com\/embed\/6xJw\" \/><param name=\"frameborder\" value=\"0\" \/><\/object><span id=\"__caret\">_<\/span><br \/>\u00a0<\/p>\n<p>\u00a0<\/p>\n","protected":false},"excerpt":{"rendered":"<p>Ladies for Human Rights. La rassegna si potr\u00e0 visitare fino al prossimo 26 novembre 2013 Sguardi d\u2019autore al Must di<\/p>\n","protected":false},"author":1,"featured_media":0,"comment_status":"open","ping_status":"open","sticky":false,"template":"","format":"standard","meta":[],"categories":[27],"tags":[],"yoast_head":"<!-- This site is optimized with the Yoast SEO plugin v18.0 - https:\/\/yoast.com\/wordpress\/plugins\/seo\/ -->\n<title>Ladies for Human Rights. i ritratti di Reboani | Arte e Luoghi<\/title>\n<meta name=\"robots\" content=\"index, follow, max-snippet:-1, max-image-preview:large, max-video-preview:-1\" \/>\n<link rel=\"canonical\" href=\"https:\/\/arteeluoghi.it\/index.php\/2013\/11\/02\/ladies-for-human-rights-i-ritratti-di-reboani\/\" \/>\n<meta property=\"og:locale\" content=\"it_IT\" \/>\n<meta property=\"og:type\" content=\"article\" \/>\n<meta property=\"og:title\" content=\"Ladies for Human Rights. i ritratti di Reboani | Arte e Luoghi\" \/>\n<meta property=\"og:description\" content=\"Ladies for Human Rights. La rassegna si potr\u00e0 visitare fino al prossimo 26 novembre 2013 Sguardi d\u2019autore al Must di\" \/>\n<meta property=\"og:url\" content=\"https:\/\/arteeluoghi.it\/index.php\/2013\/11\/02\/ladies-for-human-rights-i-ritratti-di-reboani\/\" \/>\n<meta property=\"og:site_name\" content=\"Arte e Luoghi\" \/>\n<meta property=\"article:publisher\" content=\"https:\/\/www.facebook.com\/ArteELuoghi\/\" \/>\n<meta property=\"article:published_time\" content=\"2013-11-02T21:18:00+00:00\" \/>\n<meta property=\"og:image\" content=\"https:\/\/arteeluoghi.it\/images\/ladie\/audry.jpg\" \/>\n<meta name=\"twitter:card\" content=\"summary\" \/>\n<meta name=\"twitter:creator\" content=\"@arteeluoghi\" \/>\n<meta name=\"twitter:site\" content=\"@arteeluoghi\" \/>\n<meta name=\"twitter:label1\" content=\"Scritto da\" \/>\n\t<meta name=\"twitter:data1\" content=\"Staff\" \/>\n\t<meta name=\"twitter:label2\" content=\"Tempo di lettura stimato\" \/>\n\t<meta name=\"twitter:data2\" content=\"4 minuti\" \/>\n<script type=\"application\/ld+json\" class=\"yoast-schema-graph\">{\"@context\":\"https:\/\/schema.org\",\"@graph\":[{\"@type\":\"Organization\",\"@id\":\"https:\/\/arteeluoghi.it\/#organization\",\"name\":\"Arte e Luoghi\",\"url\":\"https:\/\/arteeluoghi.it\/\",\"sameAs\":[\"https:\/\/www.facebook.com\/ArteELuoghi\/\",\"https:\/\/www.instagram.com\/arteeluoghi\/?hl=it\",\"https:\/\/www.youtube.com\/channel\/UCuRVc4JW4-C5sg9rQB-srkw?view_as=subscriber\",\"https:\/\/twitter.com\/arteeluoghi\"],\"logo\":{\"@type\":\"ImageObject\",\"@id\":\"https:\/\/arteeluoghi.it\/#logo\",\"inLanguage\":\"it-IT\",\"url\":\"https:\/\/arteeluoghi.it\/wp-content\/uploads\/2018\/08\/logoinstagramarte.jpg\",\"contentUrl\":\"https:\/\/arteeluoghi.it\/wp-content\/uploads\/2018\/08\/logoinstagramarte.jpg\",\"width\":150,\"height\":150,\"caption\":\"Arte e Luoghi\"},\"image\":{\"@id\":\"https:\/\/arteeluoghi.it\/#logo\"}},{\"@type\":\"WebSite\",\"@id\":\"https:\/\/arteeluoghi.it\/#website\",\"url\":\"https:\/\/arteeluoghi.it\/\",\"name\":\"Arte e Luoghi\",\"description\":\"Mensile di arte, cultura, turismo e curiosit\u00e0\",\"publisher\":{\"@id\":\"https:\/\/arteeluoghi.it\/#organization\"},\"potentialAction\":[{\"@type\":\"SearchAction\",\"target\":{\"@type\":\"EntryPoint\",\"urlTemplate\":\"https:\/\/arteeluoghi.it\/?s={search_term_string}\"},\"query-input\":\"required name=search_term_string\"}],\"inLanguage\":\"it-IT\"},{\"@type\":\"ImageObject\",\"@id\":\"https:\/\/arteeluoghi.it\/index.php\/2013\/11\/02\/ladies-for-human-rights-i-ritratti-di-reboani\/#primaryimage\",\"inLanguage\":\"it-IT\",\"url\":\"\/images\/ladie\/audry.jpg\",\"contentUrl\":\"\/images\/ladie\/audry.jpg\"},{\"@type\":\"WebPage\",\"@id\":\"https:\/\/arteeluoghi.it\/index.php\/2013\/11\/02\/ladies-for-human-rights-i-ritratti-di-reboani\/#webpage\",\"url\":\"https:\/\/arteeluoghi.it\/index.php\/2013\/11\/02\/ladies-for-human-rights-i-ritratti-di-reboani\/\",\"name\":\"Ladies for Human Rights. i ritratti di Reboani | Arte e Luoghi\",\"isPartOf\":{\"@id\":\"https:\/\/arteeluoghi.it\/#website\"},\"primaryImageOfPage\":{\"@id\":\"https:\/\/arteeluoghi.it\/index.php\/2013\/11\/02\/ladies-for-human-rights-i-ritratti-di-reboani\/#primaryimage\"},\"datePublished\":\"2013-11-02T21:18:00+00:00\",\"dateModified\":\"2013-11-02T21:18:00+00:00\",\"breadcrumb\":{\"@id\":\"https:\/\/arteeluoghi.it\/index.php\/2013\/11\/02\/ladies-for-human-rights-i-ritratti-di-reboani\/#breadcrumb\"},\"inLanguage\":\"it-IT\",\"potentialAction\":[{\"@type\":\"ReadAction\",\"target\":[\"https:\/\/arteeluoghi.it\/index.php\/2013\/11\/02\/ladies-for-human-rights-i-ritratti-di-reboani\/\"]}]},{\"@type\":\"BreadcrumbList\",\"@id\":\"https:\/\/arteeluoghi.it\/index.php\/2013\/11\/02\/ladies-for-human-rights-i-ritratti-di-reboani\/#breadcrumb\",\"itemListElement\":[{\"@type\":\"ListItem\",\"position\":1,\"name\":\"Home\",\"item\":\"https:\/\/arteeluoghi.it\/\"},{\"@type\":\"ListItem\",\"position\":2,\"name\":\"Ladies for Human Rights. i ritratti di Reboani\"}]},{\"@type\":\"Article\",\"@id\":\"https:\/\/arteeluoghi.it\/index.php\/2013\/11\/02\/ladies-for-human-rights-i-ritratti-di-reboani\/#article\",\"isPartOf\":{\"@id\":\"https:\/\/arteeluoghi.it\/index.php\/2013\/11\/02\/ladies-for-human-rights-i-ritratti-di-reboani\/#webpage\"},\"author\":{\"@id\":\"https:\/\/arteeluoghi.it\/#\/schema\/person\/f84e814e36e91e01448ee07eaadd41d4\"},\"headline\":\"Ladies for Human Rights. i ritratti di Reboani\",\"datePublished\":\"2013-11-02T21:18:00+00:00\",\"dateModified\":\"2013-11-02T21:18:00+00:00\",\"mainEntityOfPage\":{\"@id\":\"https:\/\/arteeluoghi.it\/index.php\/2013\/11\/02\/ladies-for-human-rights-i-ritratti-di-reboani\/#webpage\"},\"wordCount\":840,\"commentCount\":0,\"publisher\":{\"@id\":\"https:\/\/arteeluoghi.it\/#organization\"},\"image\":{\"@id\":\"https:\/\/arteeluoghi.it\/index.php\/2013\/11\/02\/ladies-for-human-rights-i-ritratti-di-reboani\/#primaryimage\"},\"thumbnailUrl\":\"\/images\/ladie\/audry.jpg\",\"articleSection\":[\"Arte\"],\"inLanguage\":\"it-IT\",\"potentialAction\":[{\"@type\":\"CommentAction\",\"name\":\"Comment\",\"target\":[\"https:\/\/arteeluoghi.it\/index.php\/2013\/11\/02\/ladies-for-human-rights-i-ritratti-di-reboani\/#respond\"]}]},{\"@type\":\"Person\",\"@id\":\"https:\/\/arteeluoghi.it\/#\/schema\/person\/f84e814e36e91e01448ee07eaadd41d4\",\"name\":\"Staff\",\"image\":{\"@type\":\"ImageObject\",\"@id\":\"https:\/\/arteeluoghi.it\/#personlogo\",\"inLanguage\":\"it-IT\",\"url\":\"https:\/\/secure.gravatar.com\/avatar\/49d2f9e46271bb04e19cebfaf141313a?s=96&d=blank&r=g\",\"contentUrl\":\"https:\/\/secure.gravatar.com\/avatar\/49d2f9e46271bb04e19cebfaf141313a?s=96&d=blank&r=g\",\"caption\":\"Staff\"}}]}<\/script>\n<!-- \/ Yoast SEO plugin. -->","yoast_head_json":{"title":"Ladies for Human Rights. i ritratti di Reboani | Arte e Luoghi","robots":{"index":"index","follow":"follow","max-snippet":"max-snippet:-1","max-image-preview":"max-image-preview:large","max-video-preview":"max-video-preview:-1"},"canonical":"https:\/\/arteeluoghi.it\/index.php\/2013\/11\/02\/ladies-for-human-rights-i-ritratti-di-reboani\/","og_locale":"it_IT","og_type":"article","og_title":"Ladies for Human Rights. i ritratti di Reboani | Arte e Luoghi","og_description":"Ladies for Human Rights. La rassegna si potr\u00e0 visitare fino al prossimo 26 novembre 2013 Sguardi d\u2019autore al Must di","og_url":"https:\/\/arteeluoghi.it\/index.php\/2013\/11\/02\/ladies-for-human-rights-i-ritratti-di-reboani\/","og_site_name":"Arte e Luoghi","article_publisher":"https:\/\/www.facebook.com\/ArteELuoghi\/","article_published_time":"2013-11-02T21:18:00+00:00","og_image":[{"url":"https:\/\/arteeluoghi.it\/images\/ladie\/audry.jpg"}],"twitter_card":"summary","twitter_creator":"@arteeluoghi","twitter_site":"@arteeluoghi","twitter_misc":{"Scritto da":"Staff","Tempo di lettura stimato":"4 minuti"},"schema":{"@context":"https:\/\/schema.org","@graph":[{"@type":"Organization","@id":"https:\/\/arteeluoghi.it\/#organization","name":"Arte e Luoghi","url":"https:\/\/arteeluoghi.it\/","sameAs":["https:\/\/www.facebook.com\/ArteELuoghi\/","https:\/\/www.instagram.com\/arteeluoghi\/?hl=it","https:\/\/www.youtube.com\/channel\/UCuRVc4JW4-C5sg9rQB-srkw?view_as=subscriber","https:\/\/twitter.com\/arteeluoghi"],"logo":{"@type":"ImageObject","@id":"https:\/\/arteeluoghi.it\/#logo","inLanguage":"it-IT","url":"https:\/\/arteeluoghi.it\/wp-content\/uploads\/2018\/08\/logoinstagramarte.jpg","contentUrl":"https:\/\/arteeluoghi.it\/wp-content\/uploads\/2018\/08\/logoinstagramarte.jpg","width":150,"height":150,"caption":"Arte e Luoghi"},"image":{"@id":"https:\/\/arteeluoghi.it\/#logo"}},{"@type":"WebSite","@id":"https:\/\/arteeluoghi.it\/#website","url":"https:\/\/arteeluoghi.it\/","name":"Arte e Luoghi","description":"Mensile di arte, cultura, turismo e curiosit\u00e0","publisher":{"@id":"https:\/\/arteeluoghi.it\/#organization"},"potentialAction":[{"@type":"SearchAction","target":{"@type":"EntryPoint","urlTemplate":"https:\/\/arteeluoghi.it\/?s={search_term_string}"},"query-input":"required name=search_term_string"}],"inLanguage":"it-IT"},{"@type":"ImageObject","@id":"https:\/\/arteeluoghi.it\/index.php\/2013\/11\/02\/ladies-for-human-rights-i-ritratti-di-reboani\/#primaryimage","inLanguage":"it-IT","url":"\/images\/ladie\/audry.jpg","contentUrl":"\/images\/ladie\/audry.jpg"},{"@type":"WebPage","@id":"https:\/\/arteeluoghi.it\/index.php\/2013\/11\/02\/ladies-for-human-rights-i-ritratti-di-reboani\/#webpage","url":"https:\/\/arteeluoghi.it\/index.php\/2013\/11\/02\/ladies-for-human-rights-i-ritratti-di-reboani\/","name":"Ladies for Human Rights. i ritratti di Reboani | Arte e Luoghi","isPartOf":{"@id":"https:\/\/arteeluoghi.it\/#website"},"primaryImageOfPage":{"@id":"https:\/\/arteeluoghi.it\/index.php\/2013\/11\/02\/ladies-for-human-rights-i-ritratti-di-reboani\/#primaryimage"},"datePublished":"2013-11-02T21:18:00+00:00","dateModified":"2013-11-02T21:18:00+00:00","breadcrumb":{"@id":"https:\/\/arteeluoghi.it\/index.php\/2013\/11\/02\/ladies-for-human-rights-i-ritratti-di-reboani\/#breadcrumb"},"inLanguage":"it-IT","potentialAction":[{"@type":"ReadAction","target":["https:\/\/arteeluoghi.it\/index.php\/2013\/11\/02\/ladies-for-human-rights-i-ritratti-di-reboani\/"]}]},{"@type":"BreadcrumbList","@id":"https:\/\/arteeluoghi.it\/index.php\/2013\/11\/02\/ladies-for-human-rights-i-ritratti-di-reboani\/#breadcrumb","itemListElement":[{"@type":"ListItem","position":1,"name":"Home","item":"https:\/\/arteeluoghi.it\/"},{"@type":"ListItem","position":2,"name":"Ladies for Human Rights. i ritratti di Reboani"}]},{"@type":"Article","@id":"https:\/\/arteeluoghi.it\/index.php\/2013\/11\/02\/ladies-for-human-rights-i-ritratti-di-reboani\/#article","isPartOf":{"@id":"https:\/\/arteeluoghi.it\/index.php\/2013\/11\/02\/ladies-for-human-rights-i-ritratti-di-reboani\/#webpage"},"author":{"@id":"https:\/\/arteeluoghi.it\/#\/schema\/person\/f84e814e36e91e01448ee07eaadd41d4"},"headline":"Ladies for Human Rights. i ritratti di Reboani","datePublished":"2013-11-02T21:18:00+00:00","dateModified":"2013-11-02T21:18:00+00:00","mainEntityOfPage":{"@id":"https:\/\/arteeluoghi.it\/index.php\/2013\/11\/02\/ladies-for-human-rights-i-ritratti-di-reboani\/#webpage"},"wordCount":840,"commentCount":0,"publisher":{"@id":"https:\/\/arteeluoghi.it\/#organization"},"image":{"@id":"https:\/\/arteeluoghi.it\/index.php\/2013\/11\/02\/ladies-for-human-rights-i-ritratti-di-reboani\/#primaryimage"},"thumbnailUrl":"\/images\/ladie\/audry.jpg","articleSection":["Arte"],"inLanguage":"it-IT","potentialAction":[{"@type":"CommentAction","name":"Comment","target":["https:\/\/arteeluoghi.it\/index.php\/2013\/11\/02\/ladies-for-human-rights-i-ritratti-di-reboani\/#respond"]}]},{"@type":"Person","@id":"https:\/\/arteeluoghi.it\/#\/schema\/person\/f84e814e36e91e01448ee07eaadd41d4","name":"Staff","image":{"@type":"ImageObject","@id":"https:\/\/arteeluoghi.it\/#personlogo","inLanguage":"it-IT","url":"https:\/\/secure.gravatar.com\/avatar\/49d2f9e46271bb04e19cebfaf141313a?s=96&d=blank&r=g","contentUrl":"https:\/\/secure.gravatar.com\/avatar\/49d2f9e46271bb04e19cebfaf141313a?s=96&d=blank&r=g","caption":"Staff"}}]}},"_links":{"self":[{"href":"https:\/\/arteeluoghi.it\/index.php\/wp-json\/wp\/v2\/posts\/1493"}],"collection":[{"href":"https:\/\/arteeluoghi.it\/index.php\/wp-json\/wp\/v2\/posts"}],"about":[{"href":"https:\/\/arteeluoghi.it\/index.php\/wp-json\/wp\/v2\/types\/post"}],"author":[{"embeddable":true,"href":"https:\/\/arteeluoghi.it\/index.php\/wp-json\/wp\/v2\/users\/1"}],"replies":[{"embeddable":true,"href":"https:\/\/arteeluoghi.it\/index.php\/wp-json\/wp\/v2\/comments?post=1493"}],"version-history":[{"count":0,"href":"https:\/\/arteeluoghi.it\/index.php\/wp-json\/wp\/v2\/posts\/1493\/revisions"}],"wp:attachment":[{"href":"https:\/\/arteeluoghi.it\/index.php\/wp-json\/wp\/v2\/media?parent=1493"}],"wp:term":[{"taxonomy":"category","embeddable":true,"href":"https:\/\/arteeluoghi.it\/index.php\/wp-json\/wp\/v2\/categories?post=1493"},{"taxonomy":"post_tag","embeddable":true,"href":"https:\/\/arteeluoghi.it\/index.php\/wp-json\/wp\/v2\/tags?post=1493"}],"curies":[{"name":"wp","href":"https:\/\/api.w.org\/{rel}","templated":true}]}}