{"id":14948,"date":"2024-11-22T14:03:59","date_gmt":"2024-11-22T13:03:59","guid":{"rendered":"https:\/\/arteeluoghi.it\/?p=14948"},"modified":"2024-11-22T18:02:18","modified_gmt":"2024-11-22T17:02:18","slug":"napoli-dentro-la-fotografia-e-lo-sguardo-di-augusto-de-luca","status":"publish","type":"post","link":"https:\/\/arteeluoghi.it\/index.php\/2024\/11\/22\/napoli-dentro-la-fotografia-e-lo-sguardo-di-augusto-de-luca\/","title":{"rendered":"Napoli dentro. La fotografia e lo sguardo di Augusto De Luca"},"content":{"rendered":"\n<blockquote class=\"wp-block-quote is-style-default\"><p>Intervista al fotografo napoletano autore del progetto fotografico &#8220;Napoli Grande Signora&#8221; edito da Gangemi. Nato a Napoli il 1 luglio 1955, Augusto De Luca ha ritratto personaggi famosi, luoghi e opere d&#8217;arte. Le sue foto sono entrate nelle collezioni di prestigiose istituzioni.<\/p><cite><strong><a href=\"https:\/\/www.facebook.com\/antonietta.fulvio\/\" target=\"_blank\" rel=\"noreferrer noopener\"><sup>Antonietta Fulvio<\/sup><\/a><\/strong><\/cite><\/blockquote>\n\n\n\n<p><\/p>\n\n\n\n<p>Scegliere di raccontare per immagini non \u00e8 affatto semplice come si pu\u00f2 credere. C&#8217;\u00e8 un esercizio che va oltre lo sguardo e coinvolge cuore e testa. Lo sa bene il fotografo napoletano Augusto De Luca che ha ritratto personaggi famosi, luoghi, architetture e opere d&#8217;arte. Dal 1970  ha realizzato mostre ad ogni latitudine, firmato progetti artistici che hanno lasciato il segno. Le sue foto sono entrate a far parte di collezioni di istituzioni prestigiose, dalla Biblioteca nazionale di Francia all&#8217;Archivio Fotografico Comunale del Museo di Roma, dal  Centro Nazionale per le Arti dello Spettacolo di Pechino al Museo de la Photographie di Charleroi e la Collection Polaroid.   Nato all&#8217;ombra del Vesuvio, ha ritratto Napoli cogliendo l&#8217;essenza e la bellezza di una citt\u00e0 millenaria oltre il folclore e l&#8217;oleografia della Napoli sole pizza e mandolino finito in un bellissimo progetto &#8220;Napoli Grande Signora&#8221; edito da Gangemi qualche anno fa. <\/p>\n\n\n\n<!--more-->\n\n\n\n<p>\u00abNon solo un omaggio alla bellezza della mia citt\u00e0, ma anche una profonda esplorazione del suo spirito. Napoli Grande Signora  \u00e8 un viaggio visivo attraverso una citt\u00e0 sospesa nel tempo, rappresentata senza la presenza umana, solo attraverso le sue architetture, i suoi spazi e i giochi di luce che la attraversano.&nbsp;Sono nato a Napoli, dove ho vissuto stabilmente fino a qualche anno fa. L&#8217;allontanamento mi ha fatto scoprire il grande segreto di questa citt\u00e0 che, con i suoi abitanti, rappresenta un unicum straordinario. \u00c8 lo scontro del FUOCO del Vesuvio con L&#8217; ACQUA del Golfo che governa le funzioni vitali di tutto l&#8217;universo partenopeo. Cos\u00ec nascono stimoli creativi e grandi passioni. Ed ecco venir fuori cento, mille Napoli. La Napoli di opere magiche quotidiane legate alle emozioni, alle angosce, alle paure di timbro infantile. La Napoli del mistero che ha per effetto di dare a ciascun accadimento, per quanto familiare e riconoscibile, un carattere di mai veduto e di coltivare, in tale spiazzamento, la pi\u00f9 profonda e singolare delle seduzioni.\u00bb<\/p>\n\n\n\n<p><strong>Ha gi\u00e0 spiegato che il progetto Napoli Grande Signora \u00e8 dedicato alla sua citt\u00e0 ma quando ha concepito il progetto e quando sono state scattate le foto?&nbsp;<\/strong><\/p>\n\n\n\n<p>\u00abNel 1995, fui contattato dagli addetti al marketing della TAV (treno alta velocit\u00e0), che mi proposero di realizzare dei libri fotografici su\u00a0 tutte le citt\u00e0 che il treno avrebbe attraversato. Io vivendo in quel periodo a Roma iniziai proprio col fotografare la Citt\u00e0 Eterna, ma l&#8217;anno successivo, mi dedicai completamente alla mia citt\u00e0: Napoli. Per\u00f2 alcune delle immagini che sono nel libro le ho realizzate nel 1986, quando pubblicai per le edizioni Diaframma\/Canon, casa editrice della famosissima galleria omonima di Milano, il mio primo libro fotografico intitolato &#8220;Napoli mia&#8221;\u00bb.<\/p>\n\n\n\n<p><strong>Napoli Grande Signora \u00e8 un progetto editato da Gangemi in cui ci sono i contributi di voci autorevoli di Napoli,<br>tra i quali&nbsp; Barra, Carosone, De Crescenzo, Murolo,&nbsp;Sastri. Un ricordo per ognuno di loro&#8230;.<\/strong><\/p>\n\n\n\n<div class=\"wp-block-image\"><figure class=\"alignright size-large is-resized\"><img loading=\"lazy\" src=\"https:\/\/arteeluoghi.it\/wp-content\/uploads\/2024\/11\/Peppe-Barra-foto-Augusto-De-Luca-1024x897.jpg\" alt=\"\" class=\"wp-image-14953\" width=\"353\" height=\"308\" srcset=\"https:\/\/arteeluoghi.it\/wp-content\/uploads\/2024\/11\/Peppe-Barra-foto-Augusto-De-Luca-1024x897.jpg 1024w, https:\/\/arteeluoghi.it\/wp-content\/uploads\/2024\/11\/Peppe-Barra-foto-Augusto-De-Luca-300x263.jpg 300w, https:\/\/arteeluoghi.it\/wp-content\/uploads\/2024\/11\/Peppe-Barra-foto-Augusto-De-Luca-768x673.jpg 768w, https:\/\/arteeluoghi.it\/wp-content\/uploads\/2024\/11\/Peppe-Barra-foto-Augusto-De-Luca.jpg 1134w\" sizes=\"(max-width: 353px) 100vw, 353px\" \/><figcaption>Beppe Barra foto di Augusto De Luca<\/figcaption><\/figure><\/div>\n\n\n\n<p>\u00abPeppe Barra:<br>realizzai molti scatti sfruttando proprio tutto quello che avevo intorno.Uno lo realizzai al secondo piano della sua abitazione, dove sulla parete \u00e8 dipinto un trompe l\u2019oeil con una maschera di Pulcinella. Misi la fotocamera su di un cavalletto in modo da avere uno sfondo fisso e chiesi a Peppe di caratterizzare i diversi scatti con un\u2019espressione sempre diversa, replicando i vari stati d\u2019animo di un Pulcinella in carne ed ossa, una maschera che nessuno meglio di lui poteva interpretare.<\/p>\n\n\n\n<div class=\"wp-block-image\"><figure class=\"alignleft size-large is-resized\"><img loading=\"lazy\" src=\"https:\/\/arteeluoghi.it\/wp-content\/uploads\/2024\/11\/Renato-Carosone-foto-Augusto-De-Luca-1024x1024.jpg\" alt=\"\" class=\"wp-image-14952\" width=\"263\" height=\"263\" srcset=\"https:\/\/arteeluoghi.it\/wp-content\/uploads\/2024\/11\/Renato-Carosone-foto-Augusto-De-Luca-1024x1024.jpg 1024w, https:\/\/arteeluoghi.it\/wp-content\/uploads\/2024\/11\/Renato-Carosone-foto-Augusto-De-Luca-300x300.jpg 300w, https:\/\/arteeluoghi.it\/wp-content\/uploads\/2024\/11\/Renato-Carosone-foto-Augusto-De-Luca-150x150.jpg 150w, https:\/\/arteeluoghi.it\/wp-content\/uploads\/2024\/11\/Renato-Carosone-foto-Augusto-De-Luca-768x768.jpg 768w, https:\/\/arteeluoghi.it\/wp-content\/uploads\/2024\/11\/Renato-Carosone-foto-Augusto-De-Luca.jpg 1134w\" sizes=\"(max-width: 263px) 100vw, 263px\" \/><figcaption>Renato Carosone foto di Augusto De Luca<\/figcaption><\/figure><\/div>\n\n\n\n<p>Renato Carosone:<br>mi venne ad aprire e mi fece subito accomodare in un grande salone dove campeggiava un bellissimo pianoforte nero, a coda lunga: una vera meraviglia. Poi per rompere il ghiaccio sorridendo con un\u2019espressione di sfott\u00f2 mi disse:<br>\u201cTu ti chiami Augusto\u2026ma sei romano?\u201d Ed io risposi stando al suo gioco:<\/p>\n\n\n\n<p>\u201cNo maestro, non ho rapporti di parentela con Cesare. Sono napoletano verace\u201d Allora lui sorridendo mi diede una pacca sulla spalla e citando le parole di una sua famosissima canzone replic\u00f2:<\/p>\n\n\n\n<p>\u201cSient&#8217; a mme, nun ce sta niente &#8216;a fa\u2019, ok, napulitan\u201d<\/p>\n\n\n\n<div class=\"wp-block-image\"><figure class=\"alignright size-large is-resized\"><img loading=\"lazy\" src=\"https:\/\/arteeluoghi.it\/wp-content\/uploads\/2024\/11\/Luciano-De-Crescenzo-foto-Augusto-De-Luca-1024x1024.jpg\" alt=\"\" class=\"wp-image-14951\" width=\"368\" height=\"368\" srcset=\"https:\/\/arteeluoghi.it\/wp-content\/uploads\/2024\/11\/Luciano-De-Crescenzo-foto-Augusto-De-Luca-1024x1024.jpg 1024w, https:\/\/arteeluoghi.it\/wp-content\/uploads\/2024\/11\/Luciano-De-Crescenzo-foto-Augusto-De-Luca-300x300.jpg 300w, https:\/\/arteeluoghi.it\/wp-content\/uploads\/2024\/11\/Luciano-De-Crescenzo-foto-Augusto-De-Luca-150x150.jpg 150w, https:\/\/arteeluoghi.it\/wp-content\/uploads\/2024\/11\/Luciano-De-Crescenzo-foto-Augusto-De-Luca-768x768.jpg 768w, https:\/\/arteeluoghi.it\/wp-content\/uploads\/2024\/11\/Luciano-De-Crescenzo-foto-Augusto-De-Luca.jpg 1134w\" sizes=\"(max-width: 368px) 100vw, 368px\" \/><figcaption>Luciano De Crescenzo foto di Augusto De Luca<\/figcaption><\/figure><\/div>\n\n\n\n<p>Luciano De Crescenzo:<br>ogni parola, ogni frase diventavano motivo e spunto per raccontare aneddoti e storie incredibili. Rimasi affascinato nel sentirlo parlare per un\u2019oretta. A lui piaceva moltissimo conversare, incurante del tempo che trascorreva. Era un uomo che non aveva fretta. Io, chiaramente, non riuscii a dire molto; erano talmente accattivanti i suoi discorsi che avevo solo voglia di ascoltarlo. Il tutto era condito sempre e comunque da uno spiccato senso di ironia e comicit\u00e0.<\/p>\n\n\n\n<p>Roberto Murolo:<br>quasi ogni giorno, uscendo da casa mia, passavo in via Domenico Cimarosa, dove, alla finestra del primo piano di un antico palazzo di inizio Novecento, era sempre affacciato Roberto Murolo, che rispondeva, agitando la mano, a tutti i passanti che gli sorridevano. Anche io, ogni volta, lo salutavo, e lui faceva un cenno, alzando la testa, come se mi conoscesse. Appena entrai nel salone della sua casa, Murolo, vestito con jeans, scarpe da ginnastica e un gilet rosa, diede il benvenuto alla giornalista e, rivolgendosi a me, disse:<br>\u201cCiao, come stai? Ma abiti qui vicino?\u201d Io gli risposi:<br>\u201cS\u00ec maestro, proprio qui dietro, non pensavo che mi riconoscesse\u201d. E lui, facendosi una bella risata, replic\u00f2:<br>\u201cHo ottantadue anni, ma sono ancora lucido e con gli occhiali ci vedo benissimo\u201d.<\/p>\n\n\n\n<div class=\"wp-block-image\"><figure class=\"alignleft size-large is-resized\"><img loading=\"lazy\" src=\"https:\/\/arteeluoghi.it\/wp-content\/uploads\/2024\/11\/Lina-Sastri-foto-Augusto-De-Luca-1024x1024.jpg\" alt=\"\" class=\"wp-image-14950\" width=\"470\" height=\"470\" srcset=\"https:\/\/arteeluoghi.it\/wp-content\/uploads\/2024\/11\/Lina-Sastri-foto-Augusto-De-Luca-1024x1024.jpg 1024w, https:\/\/arteeluoghi.it\/wp-content\/uploads\/2024\/11\/Lina-Sastri-foto-Augusto-De-Luca-300x300.jpg 300w, https:\/\/arteeluoghi.it\/wp-content\/uploads\/2024\/11\/Lina-Sastri-foto-Augusto-De-Luca-150x150.jpg 150w, https:\/\/arteeluoghi.it\/wp-content\/uploads\/2024\/11\/Lina-Sastri-foto-Augusto-De-Luca-768x768.jpg 768w, https:\/\/arteeluoghi.it\/wp-content\/uploads\/2024\/11\/Lina-Sastri-foto-Augusto-De-Luca.jpg 1134w\" sizes=\"(max-width: 470px) 100vw, 470px\" \/><figcaption>Lina Sastri foto di Augusto de Luca<\/figcaption><\/figure><\/div>\n\n\n\n<p>Lina Sastri :<br>io ero un po\u2019 intimorito e un po\u2019 affascinato, sicuramente non mi sentivo a mio agio, n\u00e9 Lina mi aiutava ad esserlo. Sentivo come se ci fosse stata una barriera invisibile tra me e lei. Solitamente gioco sempre molto con il personaggio prima degli scatti, per creare un\u2019atmosfera rilassata ottenendo \u201cverit\u00e0\u201d dal volto ritratto, quindi quella era una situazione per me sicuramente pi\u00f9 difficile e anomala. Nonostante questo, dovevo comunque andare avanti. Ci mettemmo subito al lavoro. Il mio assistente, mont\u00f2 lo stativo con una luce sola senza diffusore per ottenere un\u2019ombra netta ed io trovai la parete che facesse da sfondo. La mia idea, infatti, era quella di creare un\u2019ombra che quasi diventasse la protagonista dell\u2019immagine, come per rappresentare l\u2019altra \u201cfaccia\u201d, quella teatrale di Lina, una delle tante che lei magistralmente indossa sul palcoscenico. Lina non cap\u00ec bene quello che volevo fare, probabilmente io mi spiegai male e cos\u00ec nacque una discussione che dur\u00f2 un po\u2019 di tempo. Allora intuii che non dovevo contraddirla ma utilizzare una tecnica AIKIDO: sfruttare la forza dell\u2019avversario a mio vantaggio\u2026flettendomi. Con molta pazienza e dolcezza le rispiegai la mia idea e ammettendo il mio imbarazzo le dissi:<br>\u201cLina, scusami, ma quando sono al cospetto di una bella donna non riesco ad esprimermi\u201d. Lei cap\u00ec il mio gioco, il ghiaccio si frantum\u00f2 e il suo volto si illumin\u00f2 proprio con uno splendido sorriso.\u00bb<\/p>\n\n\n\n<p><strong>La Napoli Grande Signora \u00e8 una citt\u00e0 metafisica dove \u00e8 esaltata la sua monumentale bellezza senza la presenza umana.&nbsp;&nbsp;<br>Una scelta stilistica per cogliere l&#8217;essenza pi\u00f9 autentica, lo spirito dei luoghi&#8230;<\/strong><\/p>\n\n\n\n<p>&nbsp;\u00abQuando fotografo una citt\u00e0, cerco di raccontare la sua anima che viene fuori dalle sue rughe, dalle storie che l&#8217;hanno attraversata. Per fare questo \u00e8 necessario per\u00f2 eliminare elementi di datazione contemporanei, come automobili, cartelloni pubblicitari, persone ed altre informazioni che possono indicare il periodo in cui \u00e8 stata effettuata la ripresa. Quindi anche nelle immagini di questa mia Napoli c&#8217;\u00e8 una sorta di sospensione atemporale che rende fruibile e attuale l&#8217;immagine in ogni tempo.<br>Queste mie citt\u00e0 sono classiche, moderne, antiche e future&#8230;ogni luogo diventa il palcoscenico di un teatro dove si recita ogni giorno la vita di cui si intravede solo il riverbero ma dove regna sovrano il silenzio.\u00bb<\/p>\n\n\n\n<p><strong>Per lei che ha ritratto grandi personaggi c&#8217;\u00e8 un artista del passato che avrebbe voluto ritrarre? E tra i contemporanei?<\/strong><\/p>\n\n\n\n<p>\u00abSicuramente mi sarebbe piaciuto ritrarre Tot\u00f2, un personaggio unico, con un talento irripetibile. Certamente un uomo che si faceva amare.<br>Comunque il mio sogno nel cassetto \u00e8 senza alcun dubbio ritrarre il Santo Padre. Per la sua et\u00e0 e per la salute non \u00e8 cosa facile, per\u00f2 \u00e8 un mio grande desiderio che spero prima o poi di realizzare.\u00bb<\/p>\n\n\n\n<p><strong>Il grande Eduardo, di cui ricorrono i quarant&#8217;anni dalla morte, diceva &#8220;fuitevenne&#8221;. Una frase spesso equivocata e le cronache&nbsp;troppo spesso fanno emergere solo gli aspetti negativi di una citt\u00e0 bellissima e difficile nata 2500 anni fa&#8230;<\/strong><\/p>\n\n\n\n<p>\u00abIo credo che alcune difficolt\u00e0 sicuramente ci sono in questa splendida ma contraddittoria citt\u00e0 e a mio avviso, sono proprio queste che forgiano lo spirito del napoletano. \u00c8 grazie a loro che questo popolo ha sviluppato una grande capacit\u00e0 di reinventarsi ogni giorno, la capacit\u00e0 di vivere l&#8217;hic et nunc godendo di ogni piccola cosa.<br>Comunque, forse \u00e8 solo una mia impressione, ma credo che da un po di tempo Napoli abbia guadagnato anche agli occhi di chi vive altrove una grande credibilit\u00e0&#8230;Certo, come ogni grande metropoli spesso i fatti di cronaca la penalizzano, ma in giro sento anche molti apprezzamenti e conosco tanta gente che farebbe qualsiasi cosa per venire a vivere in Campania.\u00bb<\/p>\n\n\n\n<style id=\"bwg-style-0\">  #bwg_container1_0 {    display: table;\t\/*visibility: hidden;*\/  }  #bwg_container1_0 * {\t  -moz-user-select: none;\t  -khtml-user-select: none;\t  -webkit-user-select: none;\t  -ms-user-select: none;\t  user-select: none;  }  #bwg_container1_0 #bwg_container2_0 .bwg_slideshow_image_wrap_0 {\t  background-color: #000000;\t  width: 800px;\t  height: 500px;  }  #bwg_container1_0 #bwg_container2_0 .bwg_slideshow_image_0 {\t  max-width: 800px;\t  max-height: 410px;  }  #bwg_container1_0 #bwg_container2_0 .bwg_slideshow_embed_0 {    width: 800px;    height: 410px;  }  #bwg_container1_0 #bwg_container2_0 #bwg_slideshow_play_pause_0 {\t  background: transparent url(\"https:\/\/arteeluoghi.it\/wp-content\/plugins\/photo-gallery\/images\/blank.gif\") repeat scroll 0 0;  }  #bwg_container1_0 #bwg_container2_0 #bwg_slideshow_play_pause-ico_0 {    color: #FFFFFF;    font-size: 60px;  }  #bwg_container1_0 #bwg_container2_0 #bwg_slideshow_play_pause-ico_0:hover {\t  color: #CCCCCC;  }  #bwg_container1_0 #bwg_container2_0 #spider_slideshow_left_0,  #bwg_container1_0 #bwg_container2_0 #spider_slideshow_right_0 {\t  background: transparent url(\"https:\/\/arteeluoghi.it\/wp-content\/plugins\/photo-gallery\/images\/blank.gif\") repeat scroll 0 0;  }  #bwg_container1_0 #bwg_container2_0 #spider_slideshow_left-ico_0,  #bwg_container1_0 #bwg_container2_0 #spider_slideshow_right-ico_0 {\t  background-color: #000000;\t  border-radius: 20px;\t  border: 0px none #FFFFFF;\t  box-shadow: 0px 0px 0px #000000;\t  color: #FFFFFF;\t  height: 40px;\t  font-size: 20px;\t  width: 40px;\t  opacity: 1.00;  }  #bwg_container1_0 #bwg_container2_0 #spider_slideshow_left-ico_0:hover,  #bwg_container1_0 #bwg_container2_0 #spider_slideshow_right-ico_0:hover {\t  color: #CCCCCC;  }      #spider_slideshow_left-ico_0{      left: -9999px;    }    #spider_slideshow_right-ico_0{      left: -9999px;    }      #bwg_container1_0 #bwg_container2_0 .bwg_slideshow_image_container_0 {\t  top: 90px;\t  width: 800px;\t  height: 500px;\t}\t#bwg_container1_0 #bwg_container2_0 .bwg_slideshow_filmstrip_container_0 {\t  display: table;\t  height: 90px;\t  width: 800px;\t  top: 0;  }  \/* Filmstrip dimension *\/  #bwg_container1_0 #bwg_container2_0 .bwg_slideshow_filmstrip_0 {\t  left: 20px;\t  width: 760px;\t  \/*z-index: 10106;*\/  }  #bwg_container1_0 #bwg_container2_0 .bwg_slideshow_filmstrip_thumbnails_0 {    left: 0px;    width: 3260px;    height: 90px;  }  #bwg_container1_0 #bwg_container2_0 .bwg_slideshow_filmstrip_thumbnail_0 {    width: 161px;    height: 90px;    margin: 0 1px;    border: 1px solid #000000;    border-radius: 0;  }  #bwg_container1_0 #bwg_container2_0 .bwg_slideshow_thumb_active_0 {\t  border: 0px solid #FFFFFF;  }  #bwg_container1_0 #bwg_container2_0 .bwg_slideshow_thumb_deactive_0 {    opacity: 0.80;  }  #bwg_container1_0 #bwg_container2_0 .bwg_slideshow_filmstrip_left_0,  #bwg_container1_0 #bwg_container2_0 .bwg_slideshow_filmstrip_left_disabled_0 {\t  background-color: #3B3B3B;\t  display: table-cell;\t  width: 20px;\t  left: 0;\t  \t    }  #bwg_container1_0 #bwg_container2_0 .bwg_slideshow_filmstrip_right_0,  #bwg_container1_0 #bwg_container2_0 .bwg_slideshow_filmstrip_right_disabled_0 {\t  background-color: #3B3B3B;    display: table-cell;    right: 0;\t  width: 20px;\t  \t    }  #bwg_container1_0 #bwg_container2_0 .bwg_slideshow_filmstrip_left_0 i,  #bwg_container1_0 #bwg_container2_0 .bwg_slideshow_filmstrip_right_0 i,  #bwg_container1_0 #bwg_container2_0 .bwg_slideshow_filmstrip_left_disabled_0 i,  #bwg_container1_0 #bwg_container2_0 .bwg_slideshow_filmstrip_right_disabled_0 i {\t  color: #FFFFFF;\t  font-size: 20px;  }  #bwg_container1_0 #bwg_container2_0 .bwg_slideshow_filmstrip_left_0 {    display: none;  }  #bwg_container1_0 #bwg_container2_0 .bwg_slideshow_filmstrip_left_disabled_0,  #bwg_container1_0 #bwg_container2_0 .bwg_slideshow_filmstrip_right_disabled_0 {    display: none;    opacity: 0.3;  }  #bwg_container1_0 #bwg_container2_0 .bwg_slideshow_filmstrip_left_disabled_0 {    display: table-cell;  }  #bwg_container1_0 #bwg_container2_0 .bwg_slideshow_watermark_spun_0 {\t  text-align: left;\t  vertical-align: bottom;  }  #bwg_container1_0 #bwg_container2_0 .bwg_slideshow_title_spun_0 {\t  text-align: right;\t  vertical-align: top;  }  #bwg_container1_0 #bwg_container2_0 .bwg_slideshow_description_spun_0 {\t  text-align: right;\t  vertical-align: bottom;  }  #bwg_container1_0 #bwg_container2_0 .bwg_slideshow_watermark_image_0 {\t  max-height: 90px;\t  max-width: 90px;\t  opacity: 0.30;  }  #bwg_container1_0 #bwg_container2_0 .bwg_slideshow_watermark_text_0,  #bwg_container1_0 #bwg_container2_0 .bwg_slideshow_watermark_text_0:hover {\t  text-decoration: none;\t  margin: 4px;\t  position: relative;\t  z-index: 15;  }  #bwg_container1_0 #bwg_container2_0 .bwg_slideshow_title_text_0 {\t  font-size: 16px;\t  font-family: segoe ui;\t  color: #FFFFFF !important;\t  opacity: 0.70;    border-radius: 5px;\t  background-color: #000000;\t  padding: 0 0 0 0;\t  \t\tmargin: 5px;\t  \t    }  #bwg_container1_0 #bwg_container2_0 .bwg_slideshow_description_text_0 {\t  font-size: 14px;\t  font-family: segoe ui;\t  color: #FFFFFF !important;\t  opacity: 0.70;    border-radius: 0;\t  background-color: #000000;\t  padding: 5px 10px 5px 10px;\t    }  #bwg_container1_0 #bwg_container2_0 .bwg_slideshow_description_text_0 * {\ttext-decoration: none;\tcolor: #FFFFFF !important;  }  #bwg_container1_0 #bwg_container2_0 .bwg_slideshow_dots_0 {\t  width: 12px;\t  height: 12px;\t  border-radius: 5px;\t  background: #F2D22E;\t  margin: 3px;  }  #bwg_container1_0 #bwg_container2_0 .bwg_slideshow_dots_container_0 {\t  width: 800px;\t  top: 0;  }  #bwg_container1_0 #bwg_container2_0 .bwg_slideshow_dots_thumbnails_0 {\t  height: 18px;\t  width: 360px;  }  #bwg_container1_0 #bwg_container2_0 .bwg_slideshow_dots_active_0 {\t  background: #FFFFFF;\t  border: 1px solid #000000;  }  <\/style>    <div id=\"bwg_container1_0\"         class=\"bwg_container bwg_thumbnail bwg_slideshow \"         data-right-click-protection=\"0\"         data-bwg=\"0\"         data-scroll=\"0\"         data-gallery-type=\"slideshow\"         data-gallery-view-type=\"slideshow\"         data-current-url=\"\/index.php\/wp-json\/wp\/v2\/posts\/14948\"         data-lightbox-url=\"https:\/\/arteeluoghi.it\/wp-admin\/admin-ajax.php?action=GalleryBox&#038;current_view=0&#038;gallery_id=71&#038;tag=0&#038;theme_id=1&#038;shortcode_id=188&#038;sort_by=order&#038;order_by=asc&#038;current_url=%2Findex.php%2Fwp-json%2Fwp%2Fv2%2Fposts%2F14948\"         data-gallery-id=\"71\"         data-popup-width=\"800\"         data-popup-height=\"500\"         data-is-album=\"gallery\"         data-buttons-position=\"bottom\">      <div id=\"bwg_container2_0\">             <div id=\"ajax_loading_0\" class=\"bwg_loading_div_1\">      <div class=\"bwg_loading_div_2\">        <div class=\"bwg_loading_div_3\">          <div id=\"loading_div_0\" class=\"bwg_spider_ajax_loading\">          <\/div>        <\/div>      <\/div>    <\/div>            <form id=\"gal_front_form_0\"              class=\"bwg-hidden\"              method=\"post\"              action=\"#\"              data-current=\"0\"              data-shortcode-id=\"188\"              data-gallery-type=\"slideshow\"              data-gallery-id=\"71\"              data-tag=\"0\"              data-album-id=\"0\"              data-theme-id=\"1\"              data-ajax-url=\"https:\/\/arteeluoghi.it\/wp-admin\/admin-ajax.php?action=bwg_frontend_data\">          <div id=\"bwg_container3_0\" class=\"bwg-background bwg-background-0\">              <div class=\"bwg_slideshow_image_wrap_0 bwg-slideshow-images-wrapper bwg-container\"       data-bwg=\"0\"       data-lightbox-url=\"https:\/\/arteeluoghi.it\/wp-admin\/admin-ajax.php?action=GalleryBox&#038;current_view=0&#038;gallery_id=71&#038;tag=0&#038;theme_id=1&#038;shortcode_id=188&#038;sort_by=order&#038;order_by=asc&#038;current_url=%2Findex.php%2Fwp-json%2Fwp%2Fv2%2Fposts%2F14948\">          <div class=\"bwg_slideshow_filmstrip_container_0\">        <div class=\"bwg_slideshow_filmstrip_left_0\">          <i class=\"bwg-icon-angle-left\"><\/i>        <\/div>        <div class=\"bwg_slideshow_filmstrip_left_disabled_0\">          <i class=\"bwg-icon-angle-left\"><\/i>        <\/div>        <div class=\"bwg_slideshow_filmstrip_0 bwg_slideshow_filmstrip\">          <div class=\"bwg_slideshow_filmstrip_thumbnails_0\">                          <div id=\"bwg_filmstrip_thumbnail_0_0\"                class=\"bwg_slideshow_filmstrip_thumbnail_0 bwg_slideshow_thumb_active_0\"                data-style=\"width:161px; height:90px;\">                <img class=\"bwg_filmstrip_thumbnail_img bwg_slideshow_filmstrip_thumbnail_img_0\"                  style=\"width:201.79372197309px; height:90px; margin-left: -20.396860986547px; margin-top: 0px;\"                  data-style=\"width:201.79372197309px; height:90px; margin-left: -20.396860986547px; margin-top: 0px;\"                  src=\"https:\/\/arteeluoghi.it\/wp-content\/uploads\/photo-gallery\/augusto_de_luca\/thumb\/4-Napoli-di-Augusto-De-Luca.jpg?bwg=1732277558\"                  data-src=\"https:\/\/arteeluoghi.it\/wp-content\/uploads\/photo-gallery\/augusto_de_luca\/thumb\/4-Napoli-di-Augusto-De-Luca.jpg?bwg=1732277558\"                  onclick=\"bwg_change_image(parseInt(jQuery('#bwg_current_image_key_0').val()), '0', '', '', '0')\"                  image_id=\"1056\"                  image_key=\"0\"                  alt=\"4-Napoli-di-Augusto-De-Luca\"                  title=\"4-Napoli-di-Augusto-De-Luca\" \/>              <\/div>                            <div id=\"bwg_filmstrip_thumbnail_1_0\"                class=\"bwg_slideshow_filmstrip_thumbnail_0 bwg_slideshow_thumb_deactive_0\"                data-style=\"width:161px; height:90px;\">                <img class=\"bwg_filmstrip_thumbnail_img bwg_slideshow_filmstrip_thumbnail_img_0\"                  style=\"width:161px; height:161px; margin-left: 0px; margin-top: -35.5px;\"                  data-style=\"width:161px; height:161px; margin-left: 0px; margin-top: -35.5px;\"                  src=\"https:\/\/arteeluoghi.it\/wp-content\/uploads\/photo-gallery\/augusto_de_luca\/thumb\/7-Napoli-di-Augusto-De-Luca.jpg?bwg=1732277558\"                  data-src=\"https:\/\/arteeluoghi.it\/wp-content\/uploads\/photo-gallery\/augusto_de_luca\/thumb\/7-Napoli-di-Augusto-De-Luca.jpg?bwg=1732277558\"                  onclick=\"bwg_change_image(parseInt(jQuery('#bwg_current_image_key_0').val()), '1', '', '', '0')\"                  image_id=\"1057\"                  image_key=\"1\"                  alt=\"7-Napoli-di-Augusto-De-Luca\"                  title=\"7-Napoli-di-Augusto-De-Luca\" \/>              <\/div>                            <div id=\"bwg_filmstrip_thumbnail_2_0\"                class=\"bwg_slideshow_filmstrip_thumbnail_0 bwg_slideshow_thumb_deactive_0\"                data-style=\"width:161px; height:90px;\">                <img class=\"bwg_filmstrip_thumbnail_img bwg_slideshow_filmstrip_thumbnail_img_0\"                  style=\"width:161px; height:160.678px; margin-left: 0px; margin-top: -35.339px;\"                  data-style=\"width:161px; height:160.678px; margin-left: 0px; margin-top: -35.339px;\"                  src=\"https:\/\/arteeluoghi.it\/wp-content\/uploads\/photo-gallery\/augusto_de_luca\/thumb\/10-Napoli-di-Augusto-De-Luca.jpg?bwg=1732277558\"                  data-src=\"https:\/\/arteeluoghi.it\/wp-content\/uploads\/photo-gallery\/augusto_de_luca\/thumb\/10-Napoli-di-Augusto-De-Luca.jpg?bwg=1732277558\"                  onclick=\"bwg_change_image(parseInt(jQuery('#bwg_current_image_key_0').val()), '2', '', '', '0')\"                  image_id=\"1061\"                  image_key=\"2\"                  alt=\"10-Napoli-di-Augusto-De-Luca\"                  title=\"10-Napoli-di-Augusto-De-Luca\" \/>              <\/div>                            <div id=\"bwg_filmstrip_thumbnail_3_0\"                class=\"bwg_slideshow_filmstrip_thumbnail_0 bwg_slideshow_thumb_deactive_0\"                data-style=\"width:161px; height:90px;\">                <img class=\"bwg_filmstrip_thumbnail_img bwg_slideshow_filmstrip_thumbnail_img_0\"                  style=\"width:203.61990950226px; height:90px; margin-left: -21.309954751131px; margin-top: 0px;\"                  data-style=\"width:203.61990950226px; height:90px; margin-left: -21.309954751131px; margin-top: 0px;\"                  src=\"https:\/\/arteeluoghi.it\/wp-content\/uploads\/photo-gallery\/augusto_de_luca\/thumb\/6-Napoli-di-Augusto-De-Luca.jpg?bwg=1732277558\"                  data-src=\"https:\/\/arteeluoghi.it\/wp-content\/uploads\/photo-gallery\/augusto_de_luca\/thumb\/6-Napoli-di-Augusto-De-Luca.jpg?bwg=1732277558\"                  onclick=\"bwg_change_image(parseInt(jQuery('#bwg_current_image_key_0').val()), '3', '', '', '0')\"                  image_id=\"1058\"                  image_key=\"3\"                  alt=\"6-Napoli-di-Augusto-De-Luca\"                  title=\"6-Napoli-di-Augusto-De-Luca\" \/>              <\/div>                            <div id=\"bwg_filmstrip_thumbnail_4_0\"                class=\"bwg_slideshow_filmstrip_thumbnail_0 bwg_slideshow_thumb_deactive_0\"                data-style=\"width:161px; height:90px;\">                <img class=\"bwg_filmstrip_thumbnail_img bwg_slideshow_filmstrip_thumbnail_img_0\"                  style=\"width:198.23788546256px; height:90px; margin-left: -18.618942731278px; margin-top: 0px;\"                  data-style=\"width:198.23788546256px; height:90px; margin-left: -18.618942731278px; margin-top: 0px;\"                  src=\"https:\/\/arteeluoghi.it\/wp-content\/uploads\/photo-gallery\/augusto_de_luca\/thumb\/1-Napoli-di-Augusto-De-Luca.jpg?bwg=1732277558\"                  data-src=\"https:\/\/arteeluoghi.it\/wp-content\/uploads\/photo-gallery\/augusto_de_luca\/thumb\/1-Napoli-di-Augusto-De-Luca.jpg?bwg=1732277558\"                  onclick=\"bwg_change_image(parseInt(jQuery('#bwg_current_image_key_0').val()), '4', '', '', '0')\"                  image_id=\"1059\"                  image_key=\"4\"                  alt=\"1-Napoli-di-Augusto-De-Luca\"                  title=\"1-Napoli-di-Augusto-De-Luca\" \/>              <\/div>                            <div id=\"bwg_filmstrip_thumbnail_5_0\"                class=\"bwg_slideshow_filmstrip_thumbnail_0 bwg_slideshow_thumb_deactive_0\"                data-style=\"width:161px; height:90px;\">                <img class=\"bwg_filmstrip_thumbnail_img bwg_slideshow_filmstrip_thumbnail_img_0\"                  style=\"width:203.61990950226px; height:90px; margin-left: -21.309954751131px; margin-top: 0px;\"                  data-style=\"width:203.61990950226px; height:90px; margin-left: -21.309954751131px; margin-top: 0px;\"                  src=\"https:\/\/arteeluoghi.it\/wp-content\/uploads\/photo-gallery\/augusto_de_luca\/thumb\/2-Napoli-di-Augusto-De-Luca.jpg?bwg=1732277558\"                  data-src=\"https:\/\/arteeluoghi.it\/wp-content\/uploads\/photo-gallery\/augusto_de_luca\/thumb\/2-Napoli-di-Augusto-De-Luca.jpg?bwg=1732277558\"                  onclick=\"bwg_change_image(parseInt(jQuery('#bwg_current_image_key_0').val()), '5', '', '', '0')\"                  image_id=\"1060\"                  image_key=\"5\"                  alt=\"2-Napoli-di-Augusto-De-Luca\"                  title=\"2-Napoli-di-Augusto-De-Luca\" \/>              <\/div>                            <div id=\"bwg_filmstrip_thumbnail_6_0\"                class=\"bwg_slideshow_filmstrip_thumbnail_0 bwg_slideshow_thumb_deactive_0\"                data-style=\"width:161px; height:90px;\">                <img class=\"bwg_filmstrip_thumbnail_img bwg_slideshow_filmstrip_thumbnail_img_0\"                  style=\"width:201.79372197309px; height:90px; margin-left: -20.396860986547px; margin-top: 0px;\"                  data-style=\"width:201.79372197309px; height:90px; margin-left: -20.396860986547px; margin-top: 0px;\"                  src=\"https:\/\/arteeluoghi.it\/wp-content\/uploads\/photo-gallery\/augusto_de_luca\/thumb\/3-Napoli-di-Augusto-De-Luca.jpg?bwg=1732277558\"                  data-src=\"https:\/\/arteeluoghi.it\/wp-content\/uploads\/photo-gallery\/augusto_de_luca\/thumb\/3-Napoli-di-Augusto-De-Luca.jpg?bwg=1732277558\"                  onclick=\"bwg_change_image(parseInt(jQuery('#bwg_current_image_key_0').val()), '6', '', '', '0')\"                  image_id=\"1062\"                  image_key=\"6\"                  alt=\"3-Napoli-di-Augusto-De-Luca\"                  title=\"3-Napoli-di-Augusto-De-Luca\" \/>              <\/div>                            <div id=\"bwg_filmstrip_thumbnail_7_0\"                class=\"bwg_slideshow_filmstrip_thumbnail_0 bwg_slideshow_thumb_deactive_0\"                data-style=\"width:161px; height:90px;\">                <img class=\"bwg_filmstrip_thumbnail_img bwg_slideshow_filmstrip_thumbnail_img_0\"                  style=\"width:161px; height:161.64658634538px; margin-left: 0px; margin-top: -35.823293172691px;\"                  data-style=\"width:161px; height:161.64658634538px; margin-left: 0px; margin-top: -35.823293172691px;\"                  src=\"https:\/\/arteeluoghi.it\/wp-content\/uploads\/photo-gallery\/augusto_de_luca\/thumb\/9-Napoli-di-Augusto-De-Luca.jpg?bwg=1732277558\"                  data-src=\"https:\/\/arteeluoghi.it\/wp-content\/uploads\/photo-gallery\/augusto_de_luca\/thumb\/9-Napoli-di-Augusto-De-Luca.jpg?bwg=1732277558\"                  onclick=\"bwg_change_image(parseInt(jQuery('#bwg_current_image_key_0').val()), '7', '', '', '0')\"                  image_id=\"1063\"                  image_key=\"7\"                  alt=\"9-Napoli-di-Augusto-De-Luca\"                  title=\"9-Napoli-di-Augusto-De-Luca\" \/>              <\/div>                            <div id=\"bwg_filmstrip_thumbnail_8_0\"                class=\"bwg_slideshow_filmstrip_thumbnail_0 bwg_slideshow_thumb_deactive_0\"                data-style=\"width:161px; height:90px;\">                <img class=\"bwg_filmstrip_thumbnail_img bwg_slideshow_filmstrip_thumbnail_img_0\"                  style=\"width:201.79372197309px; height:90px; margin-left: -20.396860986547px; margin-top: 0px;\"                  data-style=\"width:201.79372197309px; height:90px; margin-left: -20.396860986547px; margin-top: 0px;\"                  src=\"https:\/\/arteeluoghi.it\/wp-content\/uploads\/photo-gallery\/augusto_de_luca\/thumb\/5-Napoli-di-Augusto-De-Luca.jpg?bwg=1732277558\"                  data-src=\"https:\/\/arteeluoghi.it\/wp-content\/uploads\/photo-gallery\/augusto_de_luca\/thumb\/5-Napoli-di-Augusto-De-Luca.jpg?bwg=1732277558\"                  onclick=\"bwg_change_image(parseInt(jQuery('#bwg_current_image_key_0').val()), '8', '', '', '0')\"                  image_id=\"1064\"                  image_key=\"8\"                  alt=\"5-Napoli-di-Augusto-De-Luca\"                  title=\"5-Napoli-di-Augusto-De-Luca\" \/>              <\/div>                            <div id=\"bwg_filmstrip_thumbnail_9_0\"                class=\"bwg_slideshow_filmstrip_thumbnail_0 bwg_slideshow_thumb_deactive_0\"                data-style=\"width:161px; height:90px;\">                <img class=\"bwg_filmstrip_thumbnail_img bwg_slideshow_filmstrip_thumbnail_img_0\"                  style=\"width:161px; height:160.678px; margin-left: 0px; margin-top: -35.339px;\"                  data-style=\"width:161px; height:160.678px; margin-left: 0px; margin-top: -35.339px;\"                  src=\"https:\/\/arteeluoghi.it\/wp-content\/uploads\/photo-gallery\/augusto_de_luca\/thumb\/8-Napoli-di-Augusto-De-Luca.jpg?bwg=1732277558\"                  data-src=\"https:\/\/arteeluoghi.it\/wp-content\/uploads\/photo-gallery\/augusto_de_luca\/thumb\/8-Napoli-di-Augusto-De-Luca.jpg?bwg=1732277558\"                  onclick=\"bwg_change_image(parseInt(jQuery('#bwg_current_image_key_0').val()), '9', '', '', '0')\"                  image_id=\"1065\"                  image_key=\"9\"                  alt=\"8-Napoli-di-Augusto-De-Luca\"                  title=\"8-Napoli-di-Augusto-De-Luca\" \/>              <\/div>                            <div id=\"bwg_filmstrip_thumbnail_10_0\"                class=\"bwg_slideshow_filmstrip_thumbnail_0 bwg_slideshow_thumb_deactive_0\"                data-style=\"width:161px; height:90px;\">                <img class=\"bwg_filmstrip_thumbnail_img bwg_slideshow_filmstrip_thumbnail_img_0\"                  style=\"width:161px; height:161px; margin-left: 0px; margin-top: -35.5px;\"                  data-style=\"width:161px; height:161px; margin-left: 0px; margin-top: -35.5px;\"                  src=\"https:\/\/arteeluoghi.it\/wp-content\/uploads\/photo-gallery\/augusto_de_luca\/thumb\/Renato-Carosone-foto-Augusto-De-Luca.jpg?bwg=1732277558\"                  data-src=\"https:\/\/arteeluoghi.it\/wp-content\/uploads\/photo-gallery\/augusto_de_luca\/thumb\/Renato-Carosone-foto-Augusto-De-Luca.jpg?bwg=1732277558\"                  onclick=\"bwg_change_image(parseInt(jQuery('#bwg_current_image_key_0').val()), '10', '', '', '0')\"                  image_id=\"1066\"                  image_key=\"10\"                  alt=\"Renato-Carosone-foto-Augusto-De-Luca\"                  title=\"Renato-Carosone-foto-Augusto-De-Luca\" \/>              <\/div>                            <div id=\"bwg_filmstrip_thumbnail_11_0\"                class=\"bwg_slideshow_filmstrip_thumbnail_0 bwg_slideshow_thumb_deactive_0\"                data-style=\"width:161px; height:90px;\">                <img class=\"bwg_filmstrip_thumbnail_img bwg_slideshow_filmstrip_thumbnail_img_0\"                  style=\"width:161px; height:141.036px; margin-left: 0px; margin-top: -25.518px;\"                  data-style=\"width:161px; height:141.036px; margin-left: 0px; margin-top: -25.518px;\"                  src=\"https:\/\/arteeluoghi.it\/wp-content\/uploads\/photo-gallery\/augusto_de_luca\/thumb\/Peppe-Barra-foto-Augusto-De-Luca.jpg?bwg=1732277558\"                  data-src=\"https:\/\/arteeluoghi.it\/wp-content\/uploads\/photo-gallery\/augusto_de_luca\/thumb\/Peppe-Barra-foto-Augusto-De-Luca.jpg?bwg=1732277558\"                  onclick=\"bwg_change_image(parseInt(jQuery('#bwg_current_image_key_0').val()), '11', '', '', '0')\"                  image_id=\"1067\"                  image_key=\"11\"                  alt=\"Peppe-Barra-foto-Augusto-De-Luca\"                  title=\"Peppe-Barra-foto-Augusto-De-Luca\" \/>              <\/div>                            <div id=\"bwg_filmstrip_thumbnail_12_0\"                class=\"bwg_slideshow_filmstrip_thumbnail_0 bwg_slideshow_thumb_deactive_0\"                data-style=\"width:161px; height:90px;\">                <img class=\"bwg_filmstrip_thumbnail_img bwg_slideshow_filmstrip_thumbnail_img_0\"                  style=\"width:161px; height:161px; margin-left: 0px; margin-top: -35.5px;\"                  data-style=\"width:161px; height:161px; margin-left: 0px; margin-top: -35.5px;\"                  src=\"https:\/\/arteeluoghi.it\/wp-content\/uploads\/photo-gallery\/augusto_de_luca\/thumb\/Luciano-De-Crescenzo-foto-Augusto-De-Luca.jpg?bwg=1732277558\"                  data-src=\"https:\/\/arteeluoghi.it\/wp-content\/uploads\/photo-gallery\/augusto_de_luca\/thumb\/Luciano-De-Crescenzo-foto-Augusto-De-Luca.jpg?bwg=1732277558\"                  onclick=\"bwg_change_image(parseInt(jQuery('#bwg_current_image_key_0').val()), '12', '', '', '0')\"                  image_id=\"1068\"                  image_key=\"12\"                  alt=\"Luciano-De-Crescenzo-foto-Augusto-De-Luca\"                  title=\"Luciano-De-Crescenzo-foto-Augusto-De-Luca\" \/>              <\/div>                            <div id=\"bwg_filmstrip_thumbnail_13_0\"                class=\"bwg_slideshow_filmstrip_thumbnail_0 bwg_slideshow_thumb_deactive_0\"                data-style=\"width:161px; height:90px;\">                <img class=\"bwg_filmstrip_thumbnail_img bwg_slideshow_filmstrip_thumbnail_img_0\"                  style=\"width:161px; height:161px; margin-left: 0px; margin-top: -35.5px;\"                  data-style=\"width:161px; height:161px; margin-left: 0px; margin-top: -35.5px;\"                  src=\"https:\/\/arteeluoghi.it\/wp-content\/uploads\/photo-gallery\/augusto_de_luca\/thumb\/Lina-Sastri-foto-Augusto-De-Luca.jpg?bwg=1732277558\"                  data-src=\"https:\/\/arteeluoghi.it\/wp-content\/uploads\/photo-gallery\/augusto_de_luca\/thumb\/Lina-Sastri-foto-Augusto-De-Luca.jpg?bwg=1732277558\"                  onclick=\"bwg_change_image(parseInt(jQuery('#bwg_current_image_key_0').val()), '13', '', '', '0')\"                  image_id=\"1069\"                  image_key=\"13\"                  alt=\"Lina-Sastri-foto-Augusto-De-Luca\"                  title=\"Lina-Sastri-foto-Augusto-De-Luca\" \/>              <\/div>                            <div id=\"bwg_filmstrip_thumbnail_14_0\"                class=\"bwg_slideshow_filmstrip_thumbnail_0 bwg_slideshow_thumb_deactive_0\"                data-style=\"width:161px; height:90px;\">                <img class=\"bwg_filmstrip_thumbnail_img bwg_slideshow_filmstrip_thumbnail_img_0\"                  style=\"width:161px; height:106.26px; margin-left: 0px; margin-top: -8.13px;\"                  data-style=\"width:161px; height:106.26px; margin-left: 0px; margin-top: -8.13px;\"                  src=\"https:\/\/arteeluoghi.it\/wp-content\/uploads\/photo-gallery\/augusto_de_luca\/thumb\/Colore-1-foto-Augusto-De-Luca.jpg?bwg=1732277558\"                  data-src=\"https:\/\/arteeluoghi.it\/wp-content\/uploads\/photo-gallery\/augusto_de_luca\/thumb\/Colore-1-foto-Augusto-De-Luca.jpg?bwg=1732277558\"                  onclick=\"bwg_change_image(parseInt(jQuery('#bwg_current_image_key_0').val()), '14', '', '', '0')\"                  image_id=\"1070\"                  image_key=\"14\"                  alt=\"Colore-1-foto-Augusto-De-Luca\"                  title=\"Colore-1-foto-Augusto-De-Luca\" \/>              <\/div>                            <div id=\"bwg_filmstrip_thumbnail_15_0\"                class=\"bwg_slideshow_filmstrip_thumbnail_0 bwg_slideshow_thumb_deactive_0\"                data-style=\"width:161px; height:90px;\">                <img class=\"bwg_filmstrip_thumbnail_img bwg_slideshow_filmstrip_thumbnail_img_0\"                  style=\"width:161px; height:106.904px; margin-left: 0px; margin-top: -8.452px;\"                  data-style=\"width:161px; height:106.904px; margin-left: 0px; margin-top: -8.452px;\"                  src=\"https:\/\/arteeluoghi.it\/wp-content\/uploads\/photo-gallery\/augusto_de_luca\/thumb\/Scheda-Telefonica-foto-di-Augusto-De-Luca....jpg?bwg=1732277558\"                  data-src=\"https:\/\/arteeluoghi.it\/wp-content\/uploads\/photo-gallery\/augusto_de_luca\/thumb\/Scheda-Telefonica-foto-di-Augusto-De-Luca....jpg?bwg=1732277558\"                  onclick=\"bwg_change_image(parseInt(jQuery('#bwg_current_image_key_0').val()), '15', '', '', '0')\"                  image_id=\"1071\"                  image_key=\"15\"                  alt=\"Scheda-Telefonica-foto-di-Augusto-De-Luca...\"                  title=\"Scheda-Telefonica-foto-di-Augusto-De-Luca...\" \/>              <\/div>                            <div id=\"bwg_filmstrip_thumbnail_16_0\"                class=\"bwg_slideshow_filmstrip_thumbnail_0 bwg_slideshow_thumb_deactive_0\"                data-style=\"width:161px; height:90px;\">                <img class=\"bwg_filmstrip_thumbnail_img bwg_slideshow_filmstrip_thumbnail_img_0\"                  style=\"width:161px; height:117.852px; margin-left: 0px; margin-top: -13.926px;\"                  data-style=\"width:161px; height:117.852px; margin-left: 0px; margin-top: -13.926px;\"                  src=\"https:\/\/arteeluoghi.it\/wp-content\/uploads\/photo-gallery\/augusto_de_luca\/thumb\/Colore-2-foto-Augusto-De-Luca.jpg?bwg=1732277558\"                  data-src=\"https:\/\/arteeluoghi.it\/wp-content\/uploads\/photo-gallery\/augusto_de_luca\/thumb\/Colore-2-foto-Augusto-De-Luca.jpg?bwg=1732277558\"                  onclick=\"bwg_change_image(parseInt(jQuery('#bwg_current_image_key_0').val()), '16', '', '', '0')\"                  image_id=\"1072\"                  image_key=\"16\"                  alt=\"Colore-2-foto-Augusto-De-Luca\"                  title=\"Colore-2-foto-Augusto-De-Luca\" \/>              <\/div>                            <div id=\"bwg_filmstrip_thumbnail_17_0\"                class=\"bwg_slideshow_filmstrip_thumbnail_0 bwg_slideshow_thumb_deactive_0\"                data-style=\"width:161px; height:90px;\">                <img class=\"bwg_filmstrip_thumbnail_img bwg_slideshow_filmstrip_thumbnail_img_0\"                  style=\"width:161px; height:107.226px; margin-left: 0px; margin-top: -8.613px;\"                  data-style=\"width:161px; height:107.226px; margin-left: 0px; margin-top: -8.613px;\"                  src=\"https:\/\/arteeluoghi.it\/wp-content\/uploads\/photo-gallery\/augusto_de_luca\/thumb\/Scheda-Telefonica-foto-di-Augusto-De-Luca..jpg?bwg=1732277558\"                  data-src=\"https:\/\/arteeluoghi.it\/wp-content\/uploads\/photo-gallery\/augusto_de_luca\/thumb\/Scheda-Telefonica-foto-di-Augusto-De-Luca..jpg?bwg=1732277558\"                  onclick=\"bwg_change_image(parseInt(jQuery('#bwg_current_image_key_0').val()), '17', '', '', '0')\"                  image_id=\"1073\"                  image_key=\"17\"                  alt=\"Scheda-Telefonica-foto-di-Augusto-De-Luca.\"                  title=\"Scheda-Telefonica-foto-di-Augusto-De-Luca.\" \/>              <\/div>                            <div id=\"bwg_filmstrip_thumbnail_18_0\"                class=\"bwg_slideshow_filmstrip_thumbnail_0 bwg_slideshow_thumb_deactive_0\"                data-style=\"width:161px; height:90px;\">                <img class=\"bwg_filmstrip_thumbnail_img bwg_slideshow_filmstrip_thumbnail_img_0\"                  style=\"width:161px; height:106.904px; margin-left: 0px; margin-top: -8.452px;\"                  data-style=\"width:161px; height:106.904px; margin-left: 0px; margin-top: -8.452px;\"                  src=\"https:\/\/arteeluoghi.it\/wp-content\/uploads\/photo-gallery\/augusto_de_luca\/thumb\/Scheda-Telefonica-foto-di-Augusto-De-Luca...jpg?bwg=1732277558\"                  data-src=\"https:\/\/arteeluoghi.it\/wp-content\/uploads\/photo-gallery\/augusto_de_luca\/thumb\/Scheda-Telefonica-foto-di-Augusto-De-Luca...jpg?bwg=1732277558\"                  onclick=\"bwg_change_image(parseInt(jQuery('#bwg_current_image_key_0').val()), '18', '', '', '0')\"                  image_id=\"1074\"                  image_key=\"18\"                  alt=\"Scheda-Telefonica-foto-di-Augusto-De-Luca..\"                  title=\"Scheda-Telefonica-foto-di-Augusto-De-Luca..\" \/>              <\/div>                            <div id=\"bwg_filmstrip_thumbnail_19_0\"                class=\"bwg_slideshow_filmstrip_thumbnail_0 bwg_slideshow_thumb_deactive_0\"                data-style=\"width:161px; height:90px;\">                <img class=\"bwg_filmstrip_thumbnail_img bwg_slideshow_filmstrip_thumbnail_img_0\"                  style=\"width:161px; height:107.226px; margin-left: 0px; margin-top: -8.613px;\"                  data-style=\"width:161px; height:107.226px; margin-left: 0px; margin-top: -8.613px;\"                  src=\"https:\/\/arteeluoghi.it\/wp-content\/uploads\/photo-gallery\/augusto_de_luca\/thumb\/Scheda-Telefonica-foto-di-Augusto-De-Luca.jpg?bwg=1732277558\"                  data-src=\"https:\/\/arteeluoghi.it\/wp-content\/uploads\/photo-gallery\/augusto_de_luca\/thumb\/Scheda-Telefonica-foto-di-Augusto-De-Luca.jpg?bwg=1732277558\"                  onclick=\"bwg_change_image(parseInt(jQuery('#bwg_current_image_key_0').val()), '19', '', '', '0')\"                  image_id=\"1075\"                  image_key=\"19\"                  alt=\"Scheda-Telefonica-foto-di-Augusto-De-Luca\"                  title=\"Scheda-Telefonica-foto-di-Augusto-De-Luca\" \/>              <\/div>                        <\/div>        <\/div>        <div class=\"bwg_slideshow_filmstrip_right_0\">          <i class=\"bwg-icon-angle-right\"><\/i>        <\/div>        <div class=\"bwg_slideshow_filmstrip_right_disabled_0\">          <i class=\"bwg-icon-angle-right\"><\/i>        <\/div>      <\/div>          <div id=\"bwg_slideshow_image_container_0\"         class=\"bwg_slideshow_image_container_0\"         data-params='{&quot;bwg_source&quot;:&quot;slider&quot;,&quot;bwg_current_key&quot;:&quot;&quot;,&quot;bwg_transition_duration&quot;:100,&quot;bwg_trans_in_progress&quot;:false,&quot;data&quot;:[{&quot;id&quot;:&quot;1056&quot;,&quot;alt&quot;:&quot;4-Napoli-di-Augusto-De-Luca&quot;,&quot;description&quot;:&quot;&amp;lt;br \\\/&amp;gt;&quot;,&quot;filetype&quot;:&quot;jpg&quot;,&quot;filename&quot;:&quot;4-Napoli-di-Augusto-De-Luca&quot;,&quot;image_url&quot;:&quot;\\\/augusto_de_luca\\\/4-Napoli-di-Augusto-De-Luca.jpg?bwg=1732277558&quot;,&quot;thumb_url&quot;:&quot;\\\/augusto_de_luca\\\/thumb\\\/4-Napoli-di-Augusto-De-Luca.jpg?bwg=1732277558&quot;,&quot;redirect_url&quot;:&quot;https:\\\/\\\/it.wikipedia.org\\\/wiki\\\/Augusto_De_Luca&quot;,&quot;date&quot;:&quot;2024-11-22 12:09:49&quot;,&quot;is_embed&quot;:false,&quot;is_embed_video&quot;:false,&quot;thumb_width&quot;:&quot;500.00&quot;,&quot;thumb_height&quot;:&quot;223.00&quot;},{&quot;id&quot;:&quot;1057&quot;,&quot;alt&quot;:&quot;7-Napoli-di-Augusto-De-Luca&quot;,&quot;description&quot;:&quot;&amp;lt;br \\\/&amp;gt;&quot;,&quot;filetype&quot;:&quot;jpg&quot;,&quot;filename&quot;:&quot;7-Napoli-di-Augusto-De-Luca&quot;,&quot;image_url&quot;:&quot;\\\/augusto_de_luca\\\/7-Napoli-di-Augusto-De-Luca.jpg?bwg=1732277558&quot;,&quot;thumb_url&quot;:&quot;\\\/augusto_de_luca\\\/thumb\\\/7-Napoli-di-Augusto-De-Luca.jpg?bwg=1732277558&quot;,&quot;redirect_url&quot;:&quot;https:\\\/\\\/it.wikipedia.org\\\/wiki\\\/Augusto_De_Luca&quot;,&quot;date&quot;:&quot;2024-11-22 12:09:49&quot;,&quot;is_embed&quot;:false,&quot;is_embed_video&quot;:false,&quot;thumb_width&quot;:&quot;500.00&quot;,&quot;thumb_height&quot;:&quot;500.00&quot;},{&quot;id&quot;:&quot;1061&quot;,&quot;alt&quot;:&quot;10-Napoli-di-Augusto-De-Luca&quot;,&quot;description&quot;:&quot;&amp;lt;br \\\/&amp;gt;&quot;,&quot;filetype&quot;:&quot;jpg&quot;,&quot;filename&quot;:&quot;10-Napoli-di-Augusto-De-Luca&quot;,&quot;image_url&quot;:&quot;\\\/augusto_de_luca\\\/10-Napoli-di-Augusto-De-Luca.jpg?bwg=1732277558&quot;,&quot;thumb_url&quot;:&quot;\\\/augusto_de_luca\\\/thumb\\\/10-Napoli-di-Augusto-De-Luca.jpg?bwg=1732277558&quot;,&quot;redirect_url&quot;:&quot;https:\\\/\\\/it.wikipedia.org\\\/wiki\\\/Augusto_De_Luca&quot;,&quot;date&quot;:&quot;2024-11-22 12:09:40&quot;,&quot;is_embed&quot;:false,&quot;is_embed_video&quot;:false,&quot;thumb_width&quot;:&quot;500.00&quot;,&quot;thumb_height&quot;:&quot;499.00&quot;},{&quot;id&quot;:&quot;1058&quot;,&quot;alt&quot;:&quot;6-Napoli-di-Augusto-De-Luca&quot;,&quot;description&quot;:&quot;&amp;lt;br \\\/&amp;gt;&quot;,&quot;filetype&quot;:&quot;jpg&quot;,&quot;filename&quot;:&quot;6-Napoli-di-Augusto-De-Luca&quot;,&quot;image_url&quot;:&quot;\\\/augusto_de_luca\\\/6-Napoli-di-Augusto-De-Luca.jpg?bwg=1732277558&quot;,&quot;thumb_url&quot;:&quot;\\\/augusto_de_luca\\\/thumb\\\/6-Napoli-di-Augusto-De-Luca.jpg?bwg=1732277558&quot;,&quot;redirect_url&quot;:&quot;https:\\\/\\\/it.wikipedia.org\\\/wiki\\\/Augusto_De_Luca&quot;,&quot;date&quot;:&quot;2024-11-22 12:09:49&quot;,&quot;is_embed&quot;:false,&quot;is_embed_video&quot;:false,&quot;thumb_width&quot;:&quot;500.00&quot;,&quot;thumb_height&quot;:&quot;221.00&quot;},{&quot;id&quot;:&quot;1059&quot;,&quot;alt&quot;:&quot;1-Napoli-di-Augusto-De-Luca&quot;,&quot;description&quot;:&quot;&amp;lt;br \\\/&amp;gt;&quot;,&quot;filetype&quot;:&quot;jpg&quot;,&quot;filename&quot;:&quot;1-Napoli-di-Augusto-De-Luca&quot;,&quot;image_url&quot;:&quot;\\\/augusto_de_luca\\\/1-Napoli-di-Augusto-De-Luca.jpg?bwg=1732277558&quot;,&quot;thumb_url&quot;:&quot;\\\/augusto_de_luca\\\/thumb\\\/1-Napoli-di-Augusto-De-Luca.jpg?bwg=1732277558&quot;,&quot;redirect_url&quot;:&quot;https:\\\/\\\/it.wikipedia.org\\\/wiki\\\/Augusto_De_Luca&quot;,&quot;date&quot;:&quot;2024-11-22 12:09:46&quot;,&quot;is_embed&quot;:false,&quot;is_embed_video&quot;:false,&quot;thumb_width&quot;:&quot;500.00&quot;,&quot;thumb_height&quot;:&quot;227.00&quot;},{&quot;id&quot;:&quot;1060&quot;,&quot;alt&quot;:&quot;2-Napoli-di-Augusto-De-Luca&quot;,&quot;description&quot;:&quot;&amp;lt;br \\\/&amp;gt;&quot;,&quot;filetype&quot;:&quot;jpg&quot;,&quot;filename&quot;:&quot;2-Napoli-di-Augusto-De-Luca&quot;,&quot;image_url&quot;:&quot;\\\/augusto_de_luca\\\/2-Napoli-di-Augusto-De-Luca.jpg?bwg=1732277558&quot;,&quot;thumb_url&quot;:&quot;\\\/augusto_de_luca\\\/thumb\\\/2-Napoli-di-Augusto-De-Luca.jpg?bwg=1732277558&quot;,&quot;redirect_url&quot;:&quot;https:\\\/\\\/it.wikipedia.org\\\/wiki\\\/Augusto_De_Luca&quot;,&quot;date&quot;:&quot;2024-11-22 12:09:45&quot;,&quot;is_embed&quot;:false,&quot;is_embed_video&quot;:false,&quot;thumb_width&quot;:&quot;500.00&quot;,&quot;thumb_height&quot;:&quot;221.00&quot;},{&quot;id&quot;:&quot;1062&quot;,&quot;alt&quot;:&quot;3-Napoli-di-Augusto-De-Luca&quot;,&quot;description&quot;:&quot;&amp;lt;br \\\/&amp;gt;&quot;,&quot;filetype&quot;:&quot;jpg&quot;,&quot;filename&quot;:&quot;3-Napoli-di-Augusto-De-Luca&quot;,&quot;image_url&quot;:&quot;\\\/augusto_de_luca\\\/3-Napoli-di-Augusto-De-Luca.jpg?bwg=1732277558&quot;,&quot;thumb_url&quot;:&quot;\\\/augusto_de_luca\\\/thumb\\\/3-Napoli-di-Augusto-De-Luca.jpg?bwg=1732277558&quot;,&quot;redirect_url&quot;:&quot;https:\\\/\\\/it.wikipedia.org\\\/wiki\\\/Augusto_De_Luca&quot;,&quot;date&quot;:&quot;2024-11-22 12:09:39&quot;,&quot;is_embed&quot;:false,&quot;is_embed_video&quot;:false,&quot;thumb_width&quot;:&quot;500.00&quot;,&quot;thumb_height&quot;:&quot;223.00&quot;},{&quot;id&quot;:&quot;1063&quot;,&quot;alt&quot;:&quot;9-Napoli-di-Augusto-De-Luca&quot;,&quot;description&quot;:&quot;&amp;lt;br \\\/&amp;gt;&quot;,&quot;filetype&quot;:&quot;jpg&quot;,&quot;filename&quot;:&quot;9-Napoli-di-Augusto-De-Luca&quot;,&quot;image_url&quot;:&quot;\\\/augusto_de_luca\\\/9-Napoli-di-Augusto-De-Luca.jpg?bwg=1732277558&quot;,&quot;thumb_url&quot;:&quot;\\\/augusto_de_luca\\\/thumb\\\/9-Napoli-di-Augusto-De-Luca.jpg?bwg=1732277558&quot;,&quot;redirect_url&quot;:&quot;https:\\\/\\\/it.wikipedia.org\\\/wiki\\\/Augusto_De_Luca&quot;,&quot;date&quot;:&quot;2024-11-22 12:09:35&quot;,&quot;is_embed&quot;:false,&quot;is_embed_video&quot;:false,&quot;thumb_width&quot;:&quot;498.00&quot;,&quot;thumb_height&quot;:&quot;500.00&quot;},{&quot;id&quot;:&quot;1064&quot;,&quot;alt&quot;:&quot;5-Napoli-di-Augusto-De-Luca&quot;,&quot;description&quot;:&quot;&amp;lt;br \\\/&amp;gt;&quot;,&quot;filetype&quot;:&quot;jpg&quot;,&quot;filename&quot;:&quot;5-Napoli-di-Augusto-De-Luca&quot;,&quot;image_url&quot;:&quot;\\\/augusto_de_luca\\\/5-Napoli-di-Augusto-De-Luca.jpg?bwg=1732277558&quot;,&quot;thumb_url&quot;:&quot;\\\/augusto_de_luca\\\/thumb\\\/5-Napoli-di-Augusto-De-Luca.jpg?bwg=1732277558&quot;,&quot;redirect_url&quot;:&quot;https:\\\/\\\/it.wikipedia.org\\\/wiki\\\/Augusto_De_Luca&quot;,&quot;date&quot;:&quot;2024-11-22 12:09:34&quot;,&quot;is_embed&quot;:false,&quot;is_embed_video&quot;:false,&quot;thumb_width&quot;:&quot;500.00&quot;,&quot;thumb_height&quot;:&quot;223.00&quot;},{&quot;id&quot;:&quot;1065&quot;,&quot;alt&quot;:&quot;8-Napoli-di-Augusto-De-Luca&quot;,&quot;description&quot;:&quot;&amp;lt;br \\\/&amp;gt;&quot;,&quot;filetype&quot;:&quot;jpg&quot;,&quot;filename&quot;:&quot;8-Napoli-di-Augusto-De-Luca&quot;,&quot;image_url&quot;:&quot;\\\/augusto_de_luca\\\/8-Napoli-di-Augusto-De-Luca.jpg?bwg=1732277558&quot;,&quot;thumb_url&quot;:&quot;\\\/augusto_de_luca\\\/thumb\\\/8-Napoli-di-Augusto-De-Luca.jpg?bwg=1732277558&quot;,&quot;redirect_url&quot;:&quot;https:\\\/\\\/it.wikipedia.org\\\/wiki\\\/Augusto_De_Luca&quot;,&quot;date&quot;:&quot;2024-11-22 12:09:31&quot;,&quot;is_embed&quot;:false,&quot;is_embed_video&quot;:false,&quot;thumb_width&quot;:&quot;500.00&quot;,&quot;thumb_height&quot;:&quot;499.00&quot;},{&quot;id&quot;:&quot;1066&quot;,&quot;alt&quot;:&quot;Renato-Carosone-foto-Augusto-De-Luca&quot;,&quot;description&quot;:&quot;&amp;lt;br \\\/&amp;gt;&quot;,&quot;filetype&quot;:&quot;jpg&quot;,&quot;filename&quot;:&quot;Renato-Carosone-foto-Augusto-De-Luca&quot;,&quot;image_url&quot;:&quot;\\\/augusto_de_luca\\\/Renato-Carosone-foto-Augusto-De-Luca.jpg?bwg=1732277558&quot;,&quot;thumb_url&quot;:&quot;\\\/augusto_de_luca\\\/thumb\\\/Renato-Carosone-foto-Augusto-De-Luca.jpg?bwg=1732277558&quot;,&quot;redirect_url&quot;:&quot;https:\\\/\\\/it.wikipedia.org\\\/wiki\\\/Augusto_De_Luca&quot;,&quot;date&quot;:&quot;2024-11-22 12:08:29&quot;,&quot;is_embed&quot;:false,&quot;is_embed_video&quot;:false,&quot;thumb_width&quot;:&quot;500.00&quot;,&quot;thumb_height&quot;:&quot;500.00&quot;},{&quot;id&quot;:&quot;1067&quot;,&quot;alt&quot;:&quot;Peppe-Barra-foto-Augusto-De-Luca&quot;,&quot;description&quot;:&quot;&amp;lt;br \\\/&amp;gt;&quot;,&quot;filetype&quot;:&quot;jpg&quot;,&quot;filename&quot;:&quot;Peppe-Barra-foto-Augusto-De-Luca&quot;,&quot;image_url&quot;:&quot;\\\/augusto_de_luca\\\/Peppe-Barra-foto-Augusto-De-Luca.jpg?bwg=1732277558&quot;,&quot;thumb_url&quot;:&quot;\\\/augusto_de_luca\\\/thumb\\\/Peppe-Barra-foto-Augusto-De-Luca.jpg?bwg=1732277558&quot;,&quot;redirect_url&quot;:&quot;https:\\\/\\\/it.wikipedia.org\\\/wiki\\\/Augusto_De_Luca&quot;,&quot;date&quot;:&quot;2024-11-22 12:08:29&quot;,&quot;is_embed&quot;:false,&quot;is_embed_video&quot;:false,&quot;thumb_width&quot;:&quot;500.00&quot;,&quot;thumb_height&quot;:&quot;438.00&quot;},{&quot;id&quot;:&quot;1068&quot;,&quot;alt&quot;:&quot;Luciano-De-Crescenzo-foto-Augusto-De-Luca&quot;,&quot;description&quot;:&quot;&amp;lt;br \\\/&amp;gt;&quot;,&quot;filetype&quot;:&quot;jpg&quot;,&quot;filename&quot;:&quot;Luciano-De-Crescenzo-foto-Augusto-De-Luca&quot;,&quot;image_url&quot;:&quot;\\\/augusto_de_luca\\\/Luciano-De-Crescenzo-foto-Augusto-De-Luca.jpg?bwg=1732277558&quot;,&quot;thumb_url&quot;:&quot;\\\/augusto_de_luca\\\/thumb\\\/Luciano-De-Crescenzo-foto-Augusto-De-Luca.jpg?bwg=1732277558&quot;,&quot;redirect_url&quot;:&quot;https:\\\/\\\/it.wikipedia.org\\\/wiki\\\/Augusto_De_Luca&quot;,&quot;date&quot;:&quot;2024-11-22 12:08:26&quot;,&quot;is_embed&quot;:false,&quot;is_embed_video&quot;:false,&quot;thumb_width&quot;:&quot;500.00&quot;,&quot;thumb_height&quot;:&quot;500.00&quot;},{&quot;id&quot;:&quot;1069&quot;,&quot;alt&quot;:&quot;Lina-Sastri-foto-Augusto-De-Luca&quot;,&quot;description&quot;:&quot;&amp;lt;br \\\/&amp;gt;&quot;,&quot;filetype&quot;:&quot;jpg&quot;,&quot;filename&quot;:&quot;Lina-Sastri-foto-Augusto-De-Luca&quot;,&quot;image_url&quot;:&quot;\\\/augusto_de_luca\\\/Lina-Sastri-foto-Augusto-De-Luca.jpg?bwg=1732277558&quot;,&quot;thumb_url&quot;:&quot;\\\/augusto_de_luca\\\/thumb\\\/Lina-Sastri-foto-Augusto-De-Luca.jpg?bwg=1732277558&quot;,&quot;redirect_url&quot;:&quot;https:\\\/\\\/it.wikipedia.org\\\/wiki\\\/Augusto_De_Luca&quot;,&quot;date&quot;:&quot;2024-11-22 12:08:25&quot;,&quot;is_embed&quot;:false,&quot;is_embed_video&quot;:false,&quot;thumb_width&quot;:&quot;500.00&quot;,&quot;thumb_height&quot;:&quot;500.00&quot;},{&quot;id&quot;:&quot;1070&quot;,&quot;alt&quot;:&quot;Colore-1-foto-Augusto-De-Luca&quot;,&quot;description&quot;:&quot;&amp;lt;br \\\/&amp;gt;&quot;,&quot;filetype&quot;:&quot;jpg&quot;,&quot;filename&quot;:&quot;Colore-1-foto-Augusto-De-Luca&quot;,&quot;image_url&quot;:&quot;\\\/augusto_de_luca\\\/Colore-1-foto-Augusto-De-Luca.jpg?bwg=1732277558&quot;,&quot;thumb_url&quot;:&quot;\\\/augusto_de_luca\\\/thumb\\\/Colore-1-foto-Augusto-De-Luca.jpg?bwg=1732277558&quot;,&quot;redirect_url&quot;:&quot;https:\\\/\\\/it.wikipedia.org\\\/wiki\\\/Augusto_De_Luca&quot;,&quot;date&quot;:&quot;2024-11-22 12:08:23&quot;,&quot;is_embed&quot;:false,&quot;is_embed_video&quot;:false,&quot;thumb_width&quot;:&quot;500.00&quot;,&quot;thumb_height&quot;:&quot;330.00&quot;},{&quot;id&quot;:&quot;1071&quot;,&quot;alt&quot;:&quot;Scheda-Telefonica-foto-di-Augusto-De-Luca...&quot;,&quot;description&quot;:&quot;&amp;lt;br \\\/&amp;gt;&quot;,&quot;filetype&quot;:&quot;jpg&quot;,&quot;filename&quot;:&quot;Scheda-Telefonica-foto-di-Augusto-De-Luca...&quot;,&quot;image_url&quot;:&quot;\\\/augusto_de_luca\\\/Scheda-Telefonica-foto-di-Augusto-De-Luca....jpg?bwg=1732277558&quot;,&quot;thumb_url&quot;:&quot;\\\/augusto_de_luca\\\/thumb\\\/Scheda-Telefonica-foto-di-Augusto-De-Luca....jpg?bwg=1732277558&quot;,&quot;redirect_url&quot;:&quot;https:\\\/\\\/it.wikipedia.org\\\/wiki\\\/Augusto_De_Luca&quot;,&quot;date&quot;:&quot;2024-11-22 12:08:20&quot;,&quot;is_embed&quot;:false,&quot;is_embed_video&quot;:false,&quot;thumb_width&quot;:&quot;500.00&quot;,&quot;thumb_height&quot;:&quot;332.00&quot;},{&quot;id&quot;:&quot;1072&quot;,&quot;alt&quot;:&quot;Colore-2-foto-Augusto-De-Luca&quot;,&quot;description&quot;:&quot;&amp;lt;br \\\/&amp;gt;&quot;,&quot;filetype&quot;:&quot;jpg&quot;,&quot;filename&quot;:&quot;Colore-2-foto-Augusto-De-Luca&quot;,&quot;image_url&quot;:&quot;\\\/augusto_de_luca\\\/Colore-2-foto-Augusto-De-Luca.jpg?bwg=1732277558&quot;,&quot;thumb_url&quot;:&quot;\\\/augusto_de_luca\\\/thumb\\\/Colore-2-foto-Augusto-De-Luca.jpg?bwg=1732277558&quot;,&quot;redirect_url&quot;:&quot;https:\\\/\\\/it.wikipedia.org\\\/wiki\\\/Augusto_De_Luca&quot;,&quot;date&quot;:&quot;2024-11-22 12:08:19&quot;,&quot;is_embed&quot;:false,&quot;is_embed_video&quot;:false,&quot;thumb_width&quot;:&quot;500.00&quot;,&quot;thumb_height&quot;:&quot;366.00&quot;},{&quot;id&quot;:&quot;1073&quot;,&quot;alt&quot;:&quot;Scheda-Telefonica-foto-di-Augusto-De-Luca.&quot;,&quot;description&quot;:&quot;&amp;lt;br \\\/&amp;gt;&quot;,&quot;filetype&quot;:&quot;jpg&quot;,&quot;filename&quot;:&quot;Scheda-Telefonica-foto-di-Augusto-De-Luca.&quot;,&quot;image_url&quot;:&quot;\\\/augusto_de_luca\\\/Scheda-Telefonica-foto-di-Augusto-De-Luca..jpg?bwg=1732277558&quot;,&quot;thumb_url&quot;:&quot;\\\/augusto_de_luca\\\/thumb\\\/Scheda-Telefonica-foto-di-Augusto-De-Luca..jpg?bwg=1732277558&quot;,&quot;redirect_url&quot;:&quot;https:\\\/\\\/it.wikipedia.org\\\/wiki\\\/Augusto_De_Luca&quot;,&quot;date&quot;:&quot;2024-11-22 12:08:12&quot;,&quot;is_embed&quot;:false,&quot;is_embed_video&quot;:false,&quot;thumb_width&quot;:&quot;500.00&quot;,&quot;thumb_height&quot;:&quot;333.00&quot;},{&quot;id&quot;:&quot;1074&quot;,&quot;alt&quot;:&quot;Scheda-Telefonica-foto-di-Augusto-De-Luca..&quot;,&quot;description&quot;:&quot;&amp;lt;br \\\/&amp;gt;&quot;,&quot;filetype&quot;:&quot;jpg&quot;,&quot;filename&quot;:&quot;Scheda-Telefonica-foto-di-Augusto-De-Luca..&quot;,&quot;image_url&quot;:&quot;\\\/augusto_de_luca\\\/Scheda-Telefonica-foto-di-Augusto-De-Luca...jpg?bwg=1732277558&quot;,&quot;thumb_url&quot;:&quot;\\\/augusto_de_luca\\\/thumb\\\/Scheda-Telefonica-foto-di-Augusto-De-Luca...jpg?bwg=1732277558&quot;,&quot;redirect_url&quot;:&quot;https:\\\/\\\/it.wikipedia.org\\\/wiki\\\/Augusto_De_Luca&quot;,&quot;date&quot;:&quot;2024-11-22 12:08:11&quot;,&quot;is_embed&quot;:false,&quot;is_embed_video&quot;:false,&quot;thumb_width&quot;:&quot;500.00&quot;,&quot;thumb_height&quot;:&quot;332.00&quot;},{&quot;id&quot;:&quot;1075&quot;,&quot;alt&quot;:&quot;Scheda-Telefonica-foto-di-Augusto-De-Luca&quot;,&quot;description&quot;:&quot;&amp;lt;br \\\/&amp;gt;&quot;,&quot;filetype&quot;:&quot;jpg&quot;,&quot;filename&quot;:&quot;Scheda-Telefonica-foto-di-Augusto-De-Luca&quot;,&quot;image_url&quot;:&quot;\\\/augusto_de_luca\\\/Scheda-Telefonica-foto-di-Augusto-De-Luca.jpg?bwg=1732277558&quot;,&quot;thumb_url&quot;:&quot;\\\/augusto_de_luca\\\/thumb\\\/Scheda-Telefonica-foto-di-Augusto-De-Luca.jpg?bwg=1732277558&quot;,&quot;redirect_url&quot;:&quot;https:\\\/\\\/it.wikipedia.org\\\/wiki\\\/Augusto_De_Luca&quot;,&quot;date&quot;:&quot;2024-11-22 12:08:09&quot;,&quot;is_embed&quot;:false,&quot;is_embed_video&quot;:false,&quot;thumb_width&quot;:&quot;500.00&quot;,&quot;thumb_height&quot;:&quot;333.00&quot;}],&quot;width_or_height&quot;:&quot;width&quot;,&quot;filmstrip_thumb_margin_hor&quot;:2,&quot;left_or_top&quot;:&quot;left&quot;,&quot;outerWidth_or_outerHeight&quot;:&quot;outerWidth&quot;,&quot;enable_slideshow_shuffle&quot;:&quot;0&quot;,&quot;lightbox_filmstrip_thumb_border_width&quot;:&quot;1&quot;,&quot;thumb_click_action&quot;:&quot;open_lightbox&quot;,&quot;thumb_link_target&quot;:&quot;1&quot;,&quot;upload_url&quot;:&quot;https:\\\/\\\/arteeluoghi.it\\\/wp-content\\\/uploads\\\/photo-gallery&quot;,&quot;preload_images&quot;:&quot;1&quot;,&quot;slideshow_effect&quot;:&quot;fade&quot;,&quot;event_stack&quot;:&quot;&quot;,&quot;preload_images_count&quot;:10,&quot;image_width&quot;:&quot;800&quot;,&quot;image_height&quot;:&quot;500&quot;,&quot;thumb_width&quot;:&quot;250&quot;,&quot;thumb_height&quot;:&quot;140&quot;,&quot;filmstrip_direction&quot;:&quot;horizontal&quot;,&quot;slideshow_filmstrip_type&quot;:1,&quot;slideshow_thumbnails_count&quot;:5,&quot;slideshow_filmstrip_width&quot;:161,&quot;slideshow_filmstrip_height&quot;:&quot;90&quot;,&quot;slideshow_filmstrip_rl_btn_size&quot;:&quot;20&quot;,&quot;slideshow_play_pause_btn_size&quot;:&quot;60&quot;,&quot;watermark_type&quot;:&quot;90&quot;,&quot;watermark_height&quot;:&quot;90&quot;,&quot;watermark_font_size&quot;:&quot;20&quot;,&quot;slideshow_title_font_size&quot;:&quot;16&quot;,&quot;slideshow_description_font_size&quot;:&quot;14&quot;,&quot;bwg_playInterval&quot;:&quot;&quot;,&quot;slideshow_interval&quot;:5,&quot;image_right_click&quot;:&quot;0&quot;,&quot;enable_slideshow_autoplay&quot;:&quot;0&quot;,&quot;enable_slideshow_music&quot;:&quot;0&quot;,&quot;bwg_current_filmstrip_pos&quot;:0}'         data-filmstrip-position=\"top\"         data-filmstrip-size=\"90\">      <div class=\"bwg_slide_container_0\">        <div class=\"bwg_slide_bg_0\">          <div class=\"bwg_slider_0\">                            <span class=\"bwg_slideshow_image_spun_0\" id=\"image_id_0_1056\">                    <span class=\"bwg_slideshow_image_spun1_0\">                      <span class=\"bwg_slideshow_image_spun2_0\">                                                  <a  class=\"bwg-a bwg_lightbox\" href=\"https:\/\/arteeluoghi.it\/wp-content\/uploads\/photo-gallery\/augusto_de_luca\/4-Napoli-di-Augusto-De-Luca.jpg?bwg=1732277558\" data-image-id=\"1056\" data-elementor-open-lightbox=\"no\">                          <img id=\"bwg_slideshow_image_0\"                               class=\"skip-lazy bwg_slide bwg_slideshow_image_0 \"                               src=\"https:\/\/arteeluoghi.it\/wp-content\/uploads\/photo-gallery\/augusto_de_luca\/4-Napoli-di-Augusto-De-Luca.jpg?bwg=1732277558\"                               data-src=\"https:\/\/arteeluoghi.it\/wp-content\/uploads\/photo-gallery\/augusto_de_luca\/4-Napoli-di-Augusto-De-Luca.jpg?bwg=1732277558\"                               image_id=\"1056\"                               alt=\"4-Napoli-di-Augusto-De-Luca\" \/>                          <\/a>                                                <\/span>                    <\/span>                  <\/span>                <span class=\"bwg_slideshow_image_second_spun_0\">                  <\/span>                <input type=\"hidden\" id=\"bwg_current_image_key_0\" value=\"0\" \/>                          <\/div>        <\/div>      <\/div>              <a class=\"bwg-a\" id=\"spider_slideshow_left_0\" onclick=\"bwg_change_image(parseInt(jQuery('#bwg_current_image_key_0').val()), (parseInt(jQuery('#bwg_current_image_key_0').val()) + 20 - bwg_iterator(0)) % 20, '', '', 0); return false;\"><span id=\"spider_slideshow_left-ico_0\"><span><i class=\"bwg-icon-chevron-left bwg_slideshow_prev_btn_0\"><\/i><\/span><\/span><\/a>        <span id=\"bwg_slideshow_play_pause_0\" class=\"bwg_slideshow_play_pause\" style=\"display: ;\"><span><span id=\"bwg_slideshow_play_pause-ico_0\"><i class=\"bwg-icon-play bwg_ctrl_btn_0 bwg_slideshow_play_pause_0\"><\/i><\/span><\/span><\/span>        <a class=\"bwg-a\" id=\"spider_slideshow_right_0\" onclick=\"bwg_change_image(parseInt(jQuery('#bwg_current_image_key_0').val()), (parseInt(jQuery('#bwg_current_image_key_0').val()) + bwg_iterator(0)) % 20, '', '', 0); return false;\"><span id=\"spider_slideshow_right-ico_0\"><span><i class=\"bwg-icon-chevron-right bwg_slideshow_next_btn_0\"><\/i><\/span><\/span><\/a>            <\/div>      <\/div>            <\/div>        <\/form>        <style>          #bwg_container1_0 #bwg_container2_0 #spider_popup_overlay_0 {          background-color: #000000;          opacity: 0.70;          }          <\/style>        <div id=\"bwg_spider_popup_loading_0\" class=\"bwg_spider_popup_loading\"><\/div>        <div id=\"spider_popup_overlay_0\" class=\"spider_popup_overlay\" onclick=\"spider_destroypopup(1000)\"><\/div>        <input type=\"hidden\" id=\"bwg_random_seed_0\" value=\"1710044316\">                <\/div>    <\/div>    <script>      if (document.readyState === 'complete') {        if( typeof bwg_main_ready == 'function' ) {          if ( jQuery(\"#bwg_container1_0\").height() ) {            bwg_main_ready(jQuery(\"#bwg_container1_0\"));          }        }      } else {        document.addEventListener('DOMContentLoaded', function() {          if( typeof bwg_main_ready == 'function' ) {            if ( jQuery(\"#bwg_container1_0\").height() ) {             bwg_main_ready(jQuery(\"#bwg_container1_0\"));            }          }        });      }    <\/script>    \n\n\n\n<p><strong>C\u2019\u00e8 un&#8217; inquadratura che quando ritorna a Napoli va a cercare per riempirsi lo sguardo e il cuore?<\/strong><\/p>\n\n\n\n<p>\u00ab&#8230;sar\u00e0 scontato, ma\u2026da via Caracciolo tutto il golfo incorniciato dalle due stupende gobbe del Vesuvio&#8230;a me fa sognare.<\/p>\n\n\n\n<p>Quando sono a Napoli mi piace passeggiare alle 6 del mattino per via dei Tribunali. In questa strettissima via c&#8217;\u00e8 un antico palazzo con un portico alto e nero sotto il quale, dopo aver chiuso gli occhi, aiutato da un particolare odore presente solo nei vicoli di Napoli, viaggio a ritroso nel tempo.&nbsp;\u00c8 una sensazione meravigliosa rivedere immaginandoli quei posti popolati da personaggi con lunghe parrucche bianche, merletti e mantelli, &#8220;sentire&#8221; gli zoccoli dei cavalli e le ruote dei carri sul selciato sconnesso. \u00c8 cos\u00ec che entro in sintonia con l&#8217;anima della citt\u00e0. La Napoli che era tappa obbligatoria per gli uomini di cultura di tutta Europa. La Napoli che ha ispirato e influenzato artisti di ogni genere e che \u00e8 ancora presente attorno a me&#8230;la Napoli Grande Signora.\u00bb.<\/p>\n\n\n\n<p><strong>Come si sta lontani da questa Grande Signora? (le confesso che per me la nostalgia \u00e8 tanta&#8230;)<\/strong><br>&nbsp;<br>\u00abLa lontananza ti fa sicuramente apprezzare e riscoprire la citt\u00e0. Quando torni, ogni strada, ogni angolo parla di te e di qualche storia che riaffiora nei tuoi ricordi.<br>La nostalgia a me piace, perch\u00e9 stuzzica una parte che forse per paura si&nbsp; tende ad emarginare, mentre invece pu\u00f2 diventare la culla di forti emozioni\u00bb.<\/p>\n\n\n\n<p><strong>Quando e come ha scelto di dedicarsi alla fotografia?<\/strong><\/p>\n\n\n\n<p>\u00abHo sempre avuto dentro di me il germe dell&#8217;uomo madre; la creativit\u00e0 mi ha sempre accompagnato pur manifestandosi in modi diversi. In giovent\u00f9 mi realizzavo attraverso la musica suonando la chitarra e solo nella met\u00e0 degli anni &#8217;70 ho iniziato quasi per gioco a fotografare. Infatti proprio in quel periodo, un mio carissimo amico fotamatore mi invit\u00f2 nella sua camera oscura. Quando entrai rimasi subito colpito dall&#8217;atmosfera dell&#8217;ambiente, infatti era accesa solo una fioca luce rossa che i giovani fotografi di oggi non conoscono, utilizzata per poter aprire tranquillamente i pacchi di carta fotografica senza incorrere in alcun problema. Ma la cosa che mi colp\u00ec, anzi mi sciocco&#8217;, fu quando vidi apparire miracolosamente le immagini sui fogli immersi nell&#8217;acido di sviluppo. Proprio in quel momento mi innamorai e decisi che assolutamente dovevo fotografare e stampare. In fotografia ho cercato sempre di esprimermi con uno stile ben preciso ma attraverso tutti i materiali, i formati e i&nbsp;generi, perch\u00e9 desidero scoprire in che modo la mia creativit\u00e0 si manifesta nelle varie circostanze. Ho studiato molto la fotografia da autodidatta&nbsp; e soprattutto anche la storia dell&#8217;arte: questo sicuramente ha formato le mie basi. La tecnica \u00e8 importante e l\u2019ho imparata sul campo anche sbagliando, la si perfeziona con l\u2019esperienza che \u00e9 fondamentale\u00bb.&nbsp;<\/p>\n\n\n\n<p><strong>Lei \u00e8 conosciuto anche come il Cacciatore di graffiti, ci racconta il senso di questo progetto che la relaziona al mondo della Street Art?<\/strong><\/p>\n\n\n\n<p>\u00abNel 2005, dopo aver trascorso alcuni anni a Roma, tornato a Napoli, mi accorsi che sui muri della citt\u00e0 c\u2019erano tanti disegni colorati su carta che mi ricordavano le opere di Haring, Cutrone e Scharf. Ne fui subito colpito, anche se ancora non sapevo nulla di Street Art. Cominciai a raccoglierli perch\u00e9 mi piacevano e perch\u00e9 in questo modo sapevo di poterli preservare dall\u2019usura che li avrebbe rovinati. Da quel momento con mia moglie Nataliya prendemmo l\u2019abitudine di andare \u201ca caccia\u201d in giro per la citt\u00e0 muniti di uno scaletto. Poi, venne a casa mia Luca Borriello dell\u2019Osservatorio Nazionale sul Writing e rimase sorpreso dalla inusuale collezione; ne parl\u00f2 con una giornalista del \u201dil Mattino\u201d che si innamor\u00f2 della storia e inaspettatamente mi ritrovai pubblicato in un articolo tutta pagina a cinque colonne intitolato \u201cil Cacciatore di Graffiti\u201d.&nbsp; Comunque, accumulai un bel po\u2019 di materiale tra foto e video con cui avevo documentato le mie azioni e mi venne l\u2019idea di pubblicare tutto con internet su varie pagine, siti, e blog, sfruttandoli per valorizzare la Street Art; portandola proprio con internet nella casa di tutti, cercando di incuriosire la gente che vedendomi su di uno scaletto in strada mentre staccavo i graffiti sicuramente rimaneva colpita; cos\u00ec chi non conosceva questa forma d\u2019arte in questo modo imparava a riconoscerla. L\u2019operazione diventava popolare. All\u2019inizio mi sono beccato molte accuse da parte dei writers che all\u2019oscuro della natura dell\u2019 esperimento mi accusavano del furto delle loro opere. Ma quando ci fu un crescendo di attenzione verso queste mie pagine su internet, coloro i quali all\u2019inizio erano contro di me, passarono dalla mia parte. Moltissimi erano i writers e gli street artists che dicevano&nbsp;: \u201ccontinua cos\u00ec, almeno c\u2019\u00e8 una voce che ci appoggia e fa conoscere la Street Art\u201d. Anche perch\u00e9 proprio in quel periodo, lo Stato contrastava questi artisti con pesanti pene per chi \u201cimbrattava i muri\u201d. All\u2019inizio ero il \u201cladro di graffiti\u201d, dopo diventai il \u201cpaladino\u201d degli street artists. Questa operazione nasceva con un dissenso iniziale e il dissenso spesso \u00e8 pi\u00f9 importante del consenso perch\u00e9 fa discutere: \u00e8 questa la provocazione. La discussione genera il passa parola e ci\u00f2 fa si che la gente parli di Street Art. Per quanto riguarda i pezzi della collezione: ho sempre dichiarato che sono a disposizione di qualsiasi ente in grado di assicurare e garantire la loro conservazione e custodia.\u00bb<\/p>\n\n\n\n<p><strong>Il ricordo della sua prima mostra fotografica e il progetto espositivo a cui \u00e8 particolarmente legato (escludendo per ovvie ragioni Napoli Grande Signora)<\/strong><\/p>\n\n\n\n<p>\u00abLa prima mostra fu allestita allo &#8220;Spazio Libero&#8221; di Napoli nel 1978, dove esposi alcune mie foto a colori. In quel periodo a Napoli c&#8217;era prevalentemente fotografia di\u00a0reportage\u00a0in bianco e nero, quindi il mio colore spiazzava, incuriosiva e sovvertiva il normale utilizzo del mezzo fotografico.<br>Di esso fu molto colpito Giuseppe Alario, direttore della Kodak per il centro-sud, che, facendomi letteralmente bruciare le tappe, mi catapult\u00f2 nell\u2019ambiente della fotografia italiana.<br>Erano realizzate con macchine fotografiche analogiche. Per ottenere queste foto adoperavo due tecniche: la doppia esposizione sullo stesso fotogramma ed il\u00a0sandwich.<br>Con la doppia esposizione, prima riprendevo soli al tramonto e lune con filtri rossi, sottoesponendo lo scatto in modo da avere la restante parte della pellicola ancora vergine e, successivamente, con un secondo scatto, sulla parte vergine dello stesso fotogramma, inserivo una struttura ed elementi architettonici che non solo facessero da sfondo, ma anche da contrappunto a quelle forme rotonde, soli e lune.<br>Il risultato finale era un\u2019immagine sicuramente veritiera, che per\u00f2 generava uno spaesamento grazie alla sua atmosfera metafisica.<br>Con il\u00a0sandwich, invece, la scelta creativa era successiva allo scatto. Infatti, prendevo due diapositive gi\u00e0 sviluppate e sovrapponevo le immagini scegliendo l\u2019accoppiamento che pi\u00f9 mi soddisfaceva, poi rifotografavo il tutto e ottenevo, cos\u00ec, una sola immagine, che era il risultato di due sovrapposte.<br>Due tecniche \u201cpreistoriche\u201d se rapportate all\u2019attuale Photoshop, ma ancora oggi di grande impatto visivo.<br>La mostra, invece, che ricordo con grande piacere, \u00e8 quella nelle sale della \u201cCamera dei Deputati\u201d, dove esposi un\u2019ottantina di ritratti di napoletani famosi. Le immagini furono presentate da Carlo Azeglio Ciampi e Nilde Iotti e all&#8217;inaugurazione venne anche il Presidente Giorgio Napolitano.<br>Per quanto riguarda invece\u00a0 il lavoro che pi\u00f9 ho amato, davvero importante \u00e8 stato quello commissionato dalla Telecom: sette immagini per sette schede telefoniche che ebbero una tiratura complessiva di diciannove milioni di pezzi. Molte di quelle schede sono ancora in circolazione nei circuiti dei collezionisti.\u00bb<\/p>\n\n\n\n<p><strong><br>&nbsp;La sua prossima mostra?&nbsp;<\/strong><\/p>\n\n\n\n<p>\u00abNella mia carriera ho avuto la fortuna di partecipare a tantissime mostre in Italia e all&#8217;estero&nbsp; per cui oggi raramente accetto un invito di questo tipo&#8230; preferisco invece insegnare in workshop e stage di fotografia.\u00bb<\/p>\n\n\n\n<p>(intervista rilasciata ad Antonietta Fulvio il 22 novembre 2024)<\/p>\n","protected":false},"excerpt":{"rendered":"<p>Intervista al fotografo napoletano autore del progetto fotografico &#8220;Napoli Grande Signora&#8221; edito da Gangemi. Nato a Napoli il 1 luglio<\/p>\n","protected":false},"author":1,"featured_media":14949,"comment_status":"open","ping_status":"open","sticky":true,"template":"","format":"standard","meta":[],"categories":[27,3,22,41],"tags":[6302,6304,6305,6306,6308,6307,160,6303],"yoast_head":"<!-- This site is optimized with the Yoast SEO plugin v18.0 - https:\/\/yoast.com\/wordpress\/plugins\/seo\/ -->\n<title>Napoli dentro. La fotografia e lo sguardo di Augusto De Luca | Arte e Luoghi<\/title>\n<meta name=\"description\" content=\"Intervista al fotografo napoletano autore del progetto fotografico &quot;Napoli Grande Signora&quot; edito da Gangemi. Nato a Napoli il 1 luglio 1955\" \/>\n<meta name=\"robots\" content=\"index, follow, max-snippet:-1, max-image-preview:large, max-video-preview:-1\" \/>\n<link rel=\"canonical\" href=\"https:\/\/arteeluoghi.it\/index.php\/2024\/11\/22\/napoli-dentro-la-fotografia-e-lo-sguardo-di-augusto-de-luca\/\" \/>\n<meta property=\"og:locale\" content=\"it_IT\" \/>\n<meta property=\"og:type\" content=\"article\" \/>\n<meta property=\"og:title\" content=\"Napoli dentro. La fotografia e lo sguardo di Augusto De Luca | Arte e Luoghi\" \/>\n<meta property=\"og:description\" content=\"Intervista al fotografo napoletano autore del progetto fotografico &quot;Napoli Grande Signora&quot; edito da Gangemi. Nato a Napoli il 1 luglio 1955\" \/>\n<meta property=\"og:url\" content=\"https:\/\/arteeluoghi.it\/index.php\/2024\/11\/22\/napoli-dentro-la-fotografia-e-lo-sguardo-di-augusto-de-luca\/\" \/>\n<meta property=\"og:site_name\" content=\"Arte e Luoghi\" \/>\n<meta property=\"article:publisher\" content=\"https:\/\/www.facebook.com\/ArteELuoghi\/\" \/>\n<meta property=\"article:published_time\" content=\"2024-11-22T13:03:59+00:00\" \/>\n<meta property=\"article:modified_time\" content=\"2024-11-22T17:02:18+00:00\" \/>\n<meta property=\"og:image\" content=\"https:\/\/arteeluoghi.it\/wp-content\/uploads\/2024\/11\/1-Napoli-di-Augusto-De-Luca.jpg\" \/>\n\t<meta property=\"og:image:width\" content=\"1276\" \/>\n\t<meta property=\"og:image:height\" content=\"578\" \/>\n\t<meta property=\"og:image:type\" content=\"image\/jpeg\" \/>\n<meta name=\"twitter:card\" content=\"summary\" \/>\n<meta name=\"twitter:creator\" content=\"@arteeluoghi\" \/>\n<meta name=\"twitter:site\" content=\"@arteeluoghi\" \/>\n<meta name=\"twitter:label1\" content=\"Scritto da\" \/>\n\t<meta name=\"twitter:data1\" content=\"Staff\" \/>\n\t<meta name=\"twitter:label2\" content=\"Tempo di lettura stimato\" \/>\n\t<meta name=\"twitter:data2\" content=\"16 minuti\" \/>\n<script type=\"application\/ld+json\" class=\"yoast-schema-graph\">{\"@context\":\"https:\/\/schema.org\",\"@graph\":[{\"@type\":\"Organization\",\"@id\":\"https:\/\/arteeluoghi.it\/#organization\",\"name\":\"Arte e Luoghi\",\"url\":\"https:\/\/arteeluoghi.it\/\",\"sameAs\":[\"https:\/\/www.facebook.com\/ArteELuoghi\/\",\"https:\/\/www.instagram.com\/arteeluoghi\/?hl=it\",\"https:\/\/www.youtube.com\/channel\/UCuRVc4JW4-C5sg9rQB-srkw?view_as=subscriber\",\"https:\/\/twitter.com\/arteeluoghi\"],\"logo\":{\"@type\":\"ImageObject\",\"@id\":\"https:\/\/arteeluoghi.it\/#logo\",\"inLanguage\":\"it-IT\",\"url\":\"https:\/\/arteeluoghi.it\/wp-content\/uploads\/2018\/08\/logoinstagramarte.jpg\",\"contentUrl\":\"https:\/\/arteeluoghi.it\/wp-content\/uploads\/2018\/08\/logoinstagramarte.jpg\",\"width\":150,\"height\":150,\"caption\":\"Arte e Luoghi\"},\"image\":{\"@id\":\"https:\/\/arteeluoghi.it\/#logo\"}},{\"@type\":\"WebSite\",\"@id\":\"https:\/\/arteeluoghi.it\/#website\",\"url\":\"https:\/\/arteeluoghi.it\/\",\"name\":\"Arte e Luoghi\",\"description\":\"Mensile di arte, cultura, turismo e curiosit\u00e0\",\"publisher\":{\"@id\":\"https:\/\/arteeluoghi.it\/#organization\"},\"potentialAction\":[{\"@type\":\"SearchAction\",\"target\":{\"@type\":\"EntryPoint\",\"urlTemplate\":\"https:\/\/arteeluoghi.it\/?s={search_term_string}\"},\"query-input\":\"required name=search_term_string\"}],\"inLanguage\":\"it-IT\"},{\"@type\":\"ImageObject\",\"@id\":\"https:\/\/arteeluoghi.it\/index.php\/2024\/11\/22\/napoli-dentro-la-fotografia-e-lo-sguardo-di-augusto-de-luca\/#primaryimage\",\"inLanguage\":\"it-IT\",\"url\":\"https:\/\/arteeluoghi.it\/wp-content\/uploads\/2024\/11\/1-Napoli-di-Augusto-De-Luca.jpg\",\"contentUrl\":\"https:\/\/arteeluoghi.it\/wp-content\/uploads\/2024\/11\/1-Napoli-di-Augusto-De-Luca.jpg\",\"width\":1276,\"height\":578},{\"@type\":\"WebPage\",\"@id\":\"https:\/\/arteeluoghi.it\/index.php\/2024\/11\/22\/napoli-dentro-la-fotografia-e-lo-sguardo-di-augusto-de-luca\/#webpage\",\"url\":\"https:\/\/arteeluoghi.it\/index.php\/2024\/11\/22\/napoli-dentro-la-fotografia-e-lo-sguardo-di-augusto-de-luca\/\",\"name\":\"Napoli dentro. La fotografia e lo sguardo di Augusto De Luca | Arte e Luoghi\",\"isPartOf\":{\"@id\":\"https:\/\/arteeluoghi.it\/#website\"},\"primaryImageOfPage\":{\"@id\":\"https:\/\/arteeluoghi.it\/index.php\/2024\/11\/22\/napoli-dentro-la-fotografia-e-lo-sguardo-di-augusto-de-luca\/#primaryimage\"},\"datePublished\":\"2024-11-22T13:03:59+00:00\",\"dateModified\":\"2024-11-22T17:02:18+00:00\",\"description\":\"Intervista al fotografo napoletano autore del progetto fotografico \\\"Napoli Grande Signora\\\" edito da Gangemi. Nato a Napoli il 1 luglio 1955\",\"breadcrumb\":{\"@id\":\"https:\/\/arteeluoghi.it\/index.php\/2024\/11\/22\/napoli-dentro-la-fotografia-e-lo-sguardo-di-augusto-de-luca\/#breadcrumb\"},\"inLanguage\":\"it-IT\",\"potentialAction\":[{\"@type\":\"ReadAction\",\"target\":[\"https:\/\/arteeluoghi.it\/index.php\/2024\/11\/22\/napoli-dentro-la-fotografia-e-lo-sguardo-di-augusto-de-luca\/\"]}]},{\"@type\":\"BreadcrumbList\",\"@id\":\"https:\/\/arteeluoghi.it\/index.php\/2024\/11\/22\/napoli-dentro-la-fotografia-e-lo-sguardo-di-augusto-de-luca\/#breadcrumb\",\"itemListElement\":[{\"@type\":\"ListItem\",\"position\":1,\"name\":\"Home\",\"item\":\"https:\/\/arteeluoghi.it\/\"},{\"@type\":\"ListItem\",\"position\":2,\"name\":\"Napoli dentro. La fotografia e lo sguardo di Augusto De Luca\"}]},{\"@type\":\"Article\",\"@id\":\"https:\/\/arteeluoghi.it\/index.php\/2024\/11\/22\/napoli-dentro-la-fotografia-e-lo-sguardo-di-augusto-de-luca\/#article\",\"isPartOf\":{\"@id\":\"https:\/\/arteeluoghi.it\/index.php\/2024\/11\/22\/napoli-dentro-la-fotografia-e-lo-sguardo-di-augusto-de-luca\/#webpage\"},\"author\":{\"@id\":\"https:\/\/arteeluoghi.it\/#\/schema\/person\/f84e814e36e91e01448ee07eaadd41d4\"},\"headline\":\"Napoli dentro. La fotografia e lo sguardo di Augusto De Luca\",\"datePublished\":\"2024-11-22T13:03:59+00:00\",\"dateModified\":\"2024-11-22T17:02:18+00:00\",\"mainEntityOfPage\":{\"@id\":\"https:\/\/arteeluoghi.it\/index.php\/2024\/11\/22\/napoli-dentro-la-fotografia-e-lo-sguardo-di-augusto-de-luca\/#webpage\"},\"wordCount\":2834,\"commentCount\":0,\"publisher\":{\"@id\":\"https:\/\/arteeluoghi.it\/#organization\"},\"image\":{\"@id\":\"https:\/\/arteeluoghi.it\/index.php\/2024\/11\/22\/napoli-dentro-la-fotografia-e-lo-sguardo-di-augusto-de-luca\/#primaryimage\"},\"thumbnailUrl\":\"https:\/\/arteeluoghi.it\/wp-content\/uploads\/2024\/11\/1-Napoli-di-Augusto-De-Luca.jpg\",\"keywords\":[\"Augusto De Luca\",\"Barra\",\"Carosone\",\"De Crescenzo\",\"Lina Sastri\",\"Murolo\",\"Napoli\",\"Napoli Grande Signora.\"],\"articleSection\":[\"Arte\",\"Arti visive\",\"interviste\",\"primapagina\"],\"inLanguage\":\"it-IT\",\"potentialAction\":[{\"@type\":\"CommentAction\",\"name\":\"Comment\",\"target\":[\"https:\/\/arteeluoghi.it\/index.php\/2024\/11\/22\/napoli-dentro-la-fotografia-e-lo-sguardo-di-augusto-de-luca\/#respond\"]}]},{\"@type\":\"Person\",\"@id\":\"https:\/\/arteeluoghi.it\/#\/schema\/person\/f84e814e36e91e01448ee07eaadd41d4\",\"name\":\"Staff\",\"image\":{\"@type\":\"ImageObject\",\"@id\":\"https:\/\/arteeluoghi.it\/#personlogo\",\"inLanguage\":\"it-IT\",\"url\":\"https:\/\/secure.gravatar.com\/avatar\/49d2f9e46271bb04e19cebfaf141313a?s=96&d=blank&r=g\",\"contentUrl\":\"https:\/\/secure.gravatar.com\/avatar\/49d2f9e46271bb04e19cebfaf141313a?s=96&d=blank&r=g\",\"caption\":\"Staff\"}}]}<\/script>\n<!-- \/ Yoast SEO plugin. -->","yoast_head_json":{"title":"Napoli dentro. La fotografia e lo sguardo di Augusto De Luca | Arte e Luoghi","description":"Intervista al fotografo napoletano autore del progetto fotografico \"Napoli Grande Signora\" edito da Gangemi. Nato a Napoli il 1 luglio 1955","robots":{"index":"index","follow":"follow","max-snippet":"max-snippet:-1","max-image-preview":"max-image-preview:large","max-video-preview":"max-video-preview:-1"},"canonical":"https:\/\/arteeluoghi.it\/index.php\/2024\/11\/22\/napoli-dentro-la-fotografia-e-lo-sguardo-di-augusto-de-luca\/","og_locale":"it_IT","og_type":"article","og_title":"Napoli dentro. La fotografia e lo sguardo di Augusto De Luca | Arte e Luoghi","og_description":"Intervista al fotografo napoletano autore del progetto fotografico \"Napoli Grande Signora\" edito da Gangemi. Nato a Napoli il 1 luglio 1955","og_url":"https:\/\/arteeluoghi.it\/index.php\/2024\/11\/22\/napoli-dentro-la-fotografia-e-lo-sguardo-di-augusto-de-luca\/","og_site_name":"Arte e Luoghi","article_publisher":"https:\/\/www.facebook.com\/ArteELuoghi\/","article_published_time":"2024-11-22T13:03:59+00:00","article_modified_time":"2024-11-22T17:02:18+00:00","og_image":[{"width":1276,"height":578,"url":"https:\/\/arteeluoghi.it\/wp-content\/uploads\/2024\/11\/1-Napoli-di-Augusto-De-Luca.jpg","type":"image\/jpeg"}],"twitter_card":"summary","twitter_creator":"@arteeluoghi","twitter_site":"@arteeluoghi","twitter_misc":{"Scritto da":"Staff","Tempo di lettura stimato":"16 minuti"},"schema":{"@context":"https:\/\/schema.org","@graph":[{"@type":"Organization","@id":"https:\/\/arteeluoghi.it\/#organization","name":"Arte e Luoghi","url":"https:\/\/arteeluoghi.it\/","sameAs":["https:\/\/www.facebook.com\/ArteELuoghi\/","https:\/\/www.instagram.com\/arteeluoghi\/?hl=it","https:\/\/www.youtube.com\/channel\/UCuRVc4JW4-C5sg9rQB-srkw?view_as=subscriber","https:\/\/twitter.com\/arteeluoghi"],"logo":{"@type":"ImageObject","@id":"https:\/\/arteeluoghi.it\/#logo","inLanguage":"it-IT","url":"https:\/\/arteeluoghi.it\/wp-content\/uploads\/2018\/08\/logoinstagramarte.jpg","contentUrl":"https:\/\/arteeluoghi.it\/wp-content\/uploads\/2018\/08\/logoinstagramarte.jpg","width":150,"height":150,"caption":"Arte e Luoghi"},"image":{"@id":"https:\/\/arteeluoghi.it\/#logo"}},{"@type":"WebSite","@id":"https:\/\/arteeluoghi.it\/#website","url":"https:\/\/arteeluoghi.it\/","name":"Arte e Luoghi","description":"Mensile di arte, cultura, turismo e curiosit\u00e0","publisher":{"@id":"https:\/\/arteeluoghi.it\/#organization"},"potentialAction":[{"@type":"SearchAction","target":{"@type":"EntryPoint","urlTemplate":"https:\/\/arteeluoghi.it\/?s={search_term_string}"},"query-input":"required name=search_term_string"}],"inLanguage":"it-IT"},{"@type":"ImageObject","@id":"https:\/\/arteeluoghi.it\/index.php\/2024\/11\/22\/napoli-dentro-la-fotografia-e-lo-sguardo-di-augusto-de-luca\/#primaryimage","inLanguage":"it-IT","url":"https:\/\/arteeluoghi.it\/wp-content\/uploads\/2024\/11\/1-Napoli-di-Augusto-De-Luca.jpg","contentUrl":"https:\/\/arteeluoghi.it\/wp-content\/uploads\/2024\/11\/1-Napoli-di-Augusto-De-Luca.jpg","width":1276,"height":578},{"@type":"WebPage","@id":"https:\/\/arteeluoghi.it\/index.php\/2024\/11\/22\/napoli-dentro-la-fotografia-e-lo-sguardo-di-augusto-de-luca\/#webpage","url":"https:\/\/arteeluoghi.it\/index.php\/2024\/11\/22\/napoli-dentro-la-fotografia-e-lo-sguardo-di-augusto-de-luca\/","name":"Napoli dentro. La fotografia e lo sguardo di Augusto De Luca | Arte e Luoghi","isPartOf":{"@id":"https:\/\/arteeluoghi.it\/#website"},"primaryImageOfPage":{"@id":"https:\/\/arteeluoghi.it\/index.php\/2024\/11\/22\/napoli-dentro-la-fotografia-e-lo-sguardo-di-augusto-de-luca\/#primaryimage"},"datePublished":"2024-11-22T13:03:59+00:00","dateModified":"2024-11-22T17:02:18+00:00","description":"Intervista al fotografo napoletano autore del progetto fotografico \"Napoli Grande Signora\" edito da Gangemi. Nato a Napoli il 1 luglio 1955","breadcrumb":{"@id":"https:\/\/arteeluoghi.it\/index.php\/2024\/11\/22\/napoli-dentro-la-fotografia-e-lo-sguardo-di-augusto-de-luca\/#breadcrumb"},"inLanguage":"it-IT","potentialAction":[{"@type":"ReadAction","target":["https:\/\/arteeluoghi.it\/index.php\/2024\/11\/22\/napoli-dentro-la-fotografia-e-lo-sguardo-di-augusto-de-luca\/"]}]},{"@type":"BreadcrumbList","@id":"https:\/\/arteeluoghi.it\/index.php\/2024\/11\/22\/napoli-dentro-la-fotografia-e-lo-sguardo-di-augusto-de-luca\/#breadcrumb","itemListElement":[{"@type":"ListItem","position":1,"name":"Home","item":"https:\/\/arteeluoghi.it\/"},{"@type":"ListItem","position":2,"name":"Napoli dentro. La fotografia e lo sguardo di Augusto De Luca"}]},{"@type":"Article","@id":"https:\/\/arteeluoghi.it\/index.php\/2024\/11\/22\/napoli-dentro-la-fotografia-e-lo-sguardo-di-augusto-de-luca\/#article","isPartOf":{"@id":"https:\/\/arteeluoghi.it\/index.php\/2024\/11\/22\/napoli-dentro-la-fotografia-e-lo-sguardo-di-augusto-de-luca\/#webpage"},"author":{"@id":"https:\/\/arteeluoghi.it\/#\/schema\/person\/f84e814e36e91e01448ee07eaadd41d4"},"headline":"Napoli dentro. La fotografia e lo sguardo di Augusto De Luca","datePublished":"2024-11-22T13:03:59+00:00","dateModified":"2024-11-22T17:02:18+00:00","mainEntityOfPage":{"@id":"https:\/\/arteeluoghi.it\/index.php\/2024\/11\/22\/napoli-dentro-la-fotografia-e-lo-sguardo-di-augusto-de-luca\/#webpage"},"wordCount":2834,"commentCount":0,"publisher":{"@id":"https:\/\/arteeluoghi.it\/#organization"},"image":{"@id":"https:\/\/arteeluoghi.it\/index.php\/2024\/11\/22\/napoli-dentro-la-fotografia-e-lo-sguardo-di-augusto-de-luca\/#primaryimage"},"thumbnailUrl":"https:\/\/arteeluoghi.it\/wp-content\/uploads\/2024\/11\/1-Napoli-di-Augusto-De-Luca.jpg","keywords":["Augusto De Luca","Barra","Carosone","De Crescenzo","Lina Sastri","Murolo","Napoli","Napoli Grande Signora."],"articleSection":["Arte","Arti visive","interviste","primapagina"],"inLanguage":"it-IT","potentialAction":[{"@type":"CommentAction","name":"Comment","target":["https:\/\/arteeluoghi.it\/index.php\/2024\/11\/22\/napoli-dentro-la-fotografia-e-lo-sguardo-di-augusto-de-luca\/#respond"]}]},{"@type":"Person","@id":"https:\/\/arteeluoghi.it\/#\/schema\/person\/f84e814e36e91e01448ee07eaadd41d4","name":"Staff","image":{"@type":"ImageObject","@id":"https:\/\/arteeluoghi.it\/#personlogo","inLanguage":"it-IT","url":"https:\/\/secure.gravatar.com\/avatar\/49d2f9e46271bb04e19cebfaf141313a?s=96&d=blank&r=g","contentUrl":"https:\/\/secure.gravatar.com\/avatar\/49d2f9e46271bb04e19cebfaf141313a?s=96&d=blank&r=g","caption":"Staff"}}]}},"_links":{"self":[{"href":"https:\/\/arteeluoghi.it\/index.php\/wp-json\/wp\/v2\/posts\/14948"}],"collection":[{"href":"https:\/\/arteeluoghi.it\/index.php\/wp-json\/wp\/v2\/posts"}],"about":[{"href":"https:\/\/arteeluoghi.it\/index.php\/wp-json\/wp\/v2\/types\/post"}],"author":[{"embeddable":true,"href":"https:\/\/arteeluoghi.it\/index.php\/wp-json\/wp\/v2\/users\/1"}],"replies":[{"embeddable":true,"href":"https:\/\/arteeluoghi.it\/index.php\/wp-json\/wp\/v2\/comments?post=14948"}],"version-history":[{"count":11,"href":"https:\/\/arteeluoghi.it\/index.php\/wp-json\/wp\/v2\/posts\/14948\/revisions"}],"predecessor-version":[{"id":14965,"href":"https:\/\/arteeluoghi.it\/index.php\/wp-json\/wp\/v2\/posts\/14948\/revisions\/14965"}],"wp:featuredmedia":[{"embeddable":true,"href":"https:\/\/arteeluoghi.it\/index.php\/wp-json\/wp\/v2\/media\/14949"}],"wp:attachment":[{"href":"https:\/\/arteeluoghi.it\/index.php\/wp-json\/wp\/v2\/media?parent=14948"}],"wp:term":[{"taxonomy":"category","embeddable":true,"href":"https:\/\/arteeluoghi.it\/index.php\/wp-json\/wp\/v2\/categories?post=14948"},{"taxonomy":"post_tag","embeddable":true,"href":"https:\/\/arteeluoghi.it\/index.php\/wp-json\/wp\/v2\/tags?post=14948"}],"curies":[{"name":"wp","href":"https:\/\/api.w.org\/{rel}","templated":true}]}}