{"id":14982,"date":"2024-11-28T23:04:02","date_gmt":"2024-11-28T22:04:02","guid":{"rendered":"https:\/\/arteeluoghi.it\/?p=14982"},"modified":"2024-11-28T23:40:24","modified_gmt":"2024-11-28T22:40:24","slug":"il-bradipo-e-la-carpa-per-la-rassegna-teatri-a-sud","status":"publish","type":"post","link":"https:\/\/arteeluoghi.it\/index.php\/2024\/11\/28\/il-bradipo-e-la-carpa-per-la-rassegna-teatri-a-sud\/","title":{"rendered":"Il bradipo e la carpa per la rassegna Teatri a Sud"},"content":{"rendered":"\n<blockquote class=\"wp-block-quote\"><p>Venerd\u00ec 29 novembre 2024, ore 20.30, alla Distilleria De Giorgi, Via Vittorio Emanuele III, 86, San Cesario di Lecce. Nello storico edificio diventato contenitore culturale Astr\u00e0gali Teatro ospita la Compagnia Carnevale di Milano ricordando la storia dei due sportivi che rivoluzionarono il calcio\u00a0<\/p><\/blockquote>\n\n\n\n<p>Nuovo appuntamento con la rassegna<strong>&nbsp;Teatri a Sud,&nbsp;<\/strong>ideata da Astr\u00e0gali Teatro, che&nbsp;<strong>venerd\u00ec 29 novembre, alle 20.30,<\/strong>&nbsp;presso<strong>&nbsp;la Distilleria De Giorgi&nbsp;<\/strong>di San Cesario di Lecce, proponelo spettacolo \u201c<strong>Il Bradipo e la Carpa\u201d,<\/strong>&nbsp;prodotto e messo in scena dalla<strong>&nbsp;Compagnia Carnevale&nbsp;<\/strong>di Milano.&nbsp;Sul palco gli attori&nbsp;<strong>Antonio Carnevale<\/strong>, che cura anche la regia, e&nbsp;<strong>Riccardo Stincone.<\/strong><\/p>\n\n\n\n<!--more-->\n\n\n\n<div class=\"wp-block-image\"><figure class=\"alignleft size-large is-resized\"><img loading=\"lazy\" src=\"https:\/\/arteeluoghi.it\/wp-content\/uploads\/2024\/11\/Il-Bradipo-e-la-Carpa_-3_-ph-Beppe-Fontana-1024x663.jpg\" alt=\"\" class=\"wp-image-14983\" width=\"643\" height=\"416\" srcset=\"https:\/\/arteeluoghi.it\/wp-content\/uploads\/2024\/11\/Il-Bradipo-e-la-Carpa_-3_-ph-Beppe-Fontana-1024x663.jpg 1024w, https:\/\/arteeluoghi.it\/wp-content\/uploads\/2024\/11\/Il-Bradipo-e-la-Carpa_-3_-ph-Beppe-Fontana-300x194.jpg 300w, https:\/\/arteeluoghi.it\/wp-content\/uploads\/2024\/11\/Il-Bradipo-e-la-Carpa_-3_-ph-Beppe-Fontana-768x497.jpg 768w, https:\/\/arteeluoghi.it\/wp-content\/uploads\/2024\/11\/Il-Bradipo-e-la-Carpa_-3_-ph-Beppe-Fontana-1536x994.jpg 1536w, https:\/\/arteeluoghi.it\/wp-content\/uploads\/2024\/11\/Il-Bradipo-e-la-Carpa_-3_-ph-Beppe-Fontana-2048x1326.jpg 2048w\" sizes=\"(max-width: 643px) 100vw, 643px\" \/><figcaption>foto do Beppe Fontana<\/figcaption><\/figure><\/div>\n\n\n\n<p>\u201cIl Bradipo e la Carpa\u201d nasce come adattamento per la scena del libro di Roberto Quartarone intitolato \u201cDue Eroi in Panchina\u201d. Al centro della storia, l\u2019amicizia tra&nbsp;<strong>i due allenatori ungheresi ebrei Istvan T\u00f3th e G\u00e9za Kert\u00e9sz<\/strong>, che si sviluppa sullo sfondo dei&nbsp;<strong>campi di calcio italiani degli anni \u201930, rivoluzionato dai due sportivi<\/strong>&nbsp;con le loro idee, e la citt\u00e0 di Budapest, coinvolta nelle vicende della Seconda Guerra Mondiale. I due amici narrano, spesso usando ironia e sarcasmo, gli avvenimenti pi\u00f9 felici della loro vita, in un susseguirsi di episodi che mettono insieme il calcio, l\u2019amore, la bellezza delle citt\u00e0 italiane che li hanno accolti, Catania e Trieste in particolare, fino ai fatti tragici del secondo conflitto mondiale contro i quali devono lottare. Un lavoro teatrale capace di riprodurre le atmosfere di uno spaccato storico segnato dalla drammaticit\u00e0, all\u2019interno del quale i protagonisti cercano di preservare la propria libert\u00e0 e dedizione per lo sport.<\/p>\n\n\n\n<p>Diversi i riconoscimenti che lo spettacolo \u00e8 riuscito a guadagnarsi negli anni, tra cui quello di Miglior spettacolo Premio Primiceri e Migliore interpretazione Concorto 2018, oltre a risultare Finalista Teatro&#8230;voce della societ\u00e0 giovanile Endas Emilia Romagna 2019 e Finalista Minimo Teatro Festival 2018.<\/p>\n\n\n\n<p>La rassegna Teatri a Sud \u00e8 ideata da Astragali Teatro, con il sostegno&nbsp;<strong>del Ministero della Cultura e della Regione Puglia<\/strong>, e con la collaborazione del Comune di&nbsp;<strong>San Cesario di Lecce<\/strong>.<\/p>\n\n\n\n<p>Ingresso libero. Consigliata la prenotazione. Per info e prenotazioni: Tel. 389.2105991 mail:\u00a0<a href=\"mailto:teatro@astragali.org\" target=\"_blank\" rel=\"noreferrer noopener\">teatro@astragali.org<\/a>,\u00a0<a href=\"http:\/\/www.astragali.it\/\" target=\"_blank\" rel=\"noreferrer noopener\">www.astragali.it<\/a>,\u00a0<a href=\"http:\/\/www.distilleriadegiorgi.eu\/\" target=\"_blank\" rel=\"noreferrer noopener\">www.distilleriadegiorgi.eu<\/a>\u00a0<\/p>\n\n\n\n<p>(fonte: comunicato stampa)<\/p>\n","protected":false},"excerpt":{"rendered":"<p>Venerd\u00ec 29 novembre 2024, ore 20.30, alla Distilleria De Giorgi, Via Vittorio Emanuele III, 86, San Cesario di Lecce. Nello<\/p>\n","protected":false},"author":1,"featured_media":14983,"comment_status":"open","ping_status":"open","sticky":true,"template":"","format":"standard","meta":[],"categories":[13],"tags":[548,377],"yoast_head":"<!-- This site is optimized with the Yoast SEO plugin v18.0 - https:\/\/yoast.com\/wordpress\/plugins\/seo\/ -->\n<title>Il bradipo e la carpa per la rassegna Teatri a Sud | Arte e Luoghi<\/title>\n<meta name=\"description\" content=\"Venerd\u00ec 29 novembre 2024, ore 20.30, alla Distilleria De Giorgi, Via Vittorio Emanuele III, 86, San Cesario di Lecce. Nello storico\" \/>\n<meta name=\"robots\" content=\"index, follow, max-snippet:-1, max-image-preview:large, max-video-preview:-1\" \/>\n<link rel=\"canonical\" href=\"https:\/\/arteeluoghi.it\/index.php\/2024\/11\/28\/il-bradipo-e-la-carpa-per-la-rassegna-teatri-a-sud\/\" \/>\n<meta property=\"og:locale\" content=\"it_IT\" \/>\n<meta property=\"og:type\" content=\"article\" \/>\n<meta property=\"og:title\" content=\"Il bradipo e la carpa per la rassegna Teatri a Sud | Arte e Luoghi\" \/>\n<meta property=\"og:description\" content=\"Venerd\u00ec 29 novembre 2024, ore 20.30, alla Distilleria De Giorgi, Via Vittorio Emanuele III, 86, San Cesario di Lecce. Nello storico\" \/>\n<meta property=\"og:url\" content=\"https:\/\/arteeluoghi.it\/index.php\/2024\/11\/28\/il-bradipo-e-la-carpa-per-la-rassegna-teatri-a-sud\/\" \/>\n<meta property=\"og:site_name\" content=\"Arte e Luoghi\" \/>\n<meta property=\"article:publisher\" content=\"https:\/\/www.facebook.com\/ArteELuoghi\/\" \/>\n<meta property=\"article:published_time\" content=\"2024-11-28T22:04:02+00:00\" \/>\n<meta property=\"article:modified_time\" content=\"2024-11-28T22:40:24+00:00\" \/>\n<meta property=\"og:image\" content=\"https:\/\/arteeluoghi.it\/wp-content\/uploads\/2024\/11\/Il-Bradipo-e-la-Carpa_-3_-ph-Beppe-Fontana-scaled.jpg\" \/>\n\t<meta property=\"og:image:width\" content=\"2560\" \/>\n\t<meta property=\"og:image:height\" content=\"1657\" \/>\n\t<meta property=\"og:image:type\" content=\"image\/jpeg\" \/>\n<meta name=\"twitter:card\" content=\"summary\" \/>\n<meta name=\"twitter:creator\" content=\"@arteeluoghi\" \/>\n<meta name=\"twitter:site\" content=\"@arteeluoghi\" \/>\n<meta name=\"twitter:label1\" content=\"Scritto da\" \/>\n\t<meta name=\"twitter:data1\" content=\"Staff\" \/>\n\t<meta name=\"twitter:label2\" content=\"Tempo di lettura stimato\" \/>\n\t<meta name=\"twitter:data2\" content=\"3 minuti\" \/>\n<script type=\"application\/ld+json\" class=\"yoast-schema-graph\">{\"@context\":\"https:\/\/schema.org\",\"@graph\":[{\"@type\":\"Organization\",\"@id\":\"https:\/\/arteeluoghi.it\/#organization\",\"name\":\"Arte e Luoghi\",\"url\":\"https:\/\/arteeluoghi.it\/\",\"sameAs\":[\"https:\/\/www.facebook.com\/ArteELuoghi\/\",\"https:\/\/www.instagram.com\/arteeluoghi\/?hl=it\",\"https:\/\/www.youtube.com\/channel\/UCuRVc4JW4-C5sg9rQB-srkw?view_as=subscriber\",\"https:\/\/twitter.com\/arteeluoghi\"],\"logo\":{\"@type\":\"ImageObject\",\"@id\":\"https:\/\/arteeluoghi.it\/#logo\",\"inLanguage\":\"it-IT\",\"url\":\"https:\/\/arteeluoghi.it\/wp-content\/uploads\/2018\/08\/logoinstagramarte.jpg\",\"contentUrl\":\"https:\/\/arteeluoghi.it\/wp-content\/uploads\/2018\/08\/logoinstagramarte.jpg\",\"width\":150,\"height\":150,\"caption\":\"Arte e Luoghi\"},\"image\":{\"@id\":\"https:\/\/arteeluoghi.it\/#logo\"}},{\"@type\":\"WebSite\",\"@id\":\"https:\/\/arteeluoghi.it\/#website\",\"url\":\"https:\/\/arteeluoghi.it\/\",\"name\":\"Arte e Luoghi\",\"description\":\"Mensile di arte, cultura, turismo e curiosit\u00e0\",\"publisher\":{\"@id\":\"https:\/\/arteeluoghi.it\/#organization\"},\"potentialAction\":[{\"@type\":\"SearchAction\",\"target\":{\"@type\":\"EntryPoint\",\"urlTemplate\":\"https:\/\/arteeluoghi.it\/?s={search_term_string}\"},\"query-input\":\"required name=search_term_string\"}],\"inLanguage\":\"it-IT\"},{\"@type\":\"ImageObject\",\"@id\":\"https:\/\/arteeluoghi.it\/index.php\/2024\/11\/28\/il-bradipo-e-la-carpa-per-la-rassegna-teatri-a-sud\/#primaryimage\",\"inLanguage\":\"it-IT\",\"url\":\"https:\/\/arteeluoghi.it\/wp-content\/uploads\/2024\/11\/Il-Bradipo-e-la-Carpa_-3_-ph-Beppe-Fontana-scaled.jpg\",\"contentUrl\":\"https:\/\/arteeluoghi.it\/wp-content\/uploads\/2024\/11\/Il-Bradipo-e-la-Carpa_-3_-ph-Beppe-Fontana-scaled.jpg\",\"width\":2560,\"height\":1657},{\"@type\":\"WebPage\",\"@id\":\"https:\/\/arteeluoghi.it\/index.php\/2024\/11\/28\/il-bradipo-e-la-carpa-per-la-rassegna-teatri-a-sud\/#webpage\",\"url\":\"https:\/\/arteeluoghi.it\/index.php\/2024\/11\/28\/il-bradipo-e-la-carpa-per-la-rassegna-teatri-a-sud\/\",\"name\":\"Il bradipo e la carpa per la rassegna Teatri a Sud | Arte e Luoghi\",\"isPartOf\":{\"@id\":\"https:\/\/arteeluoghi.it\/#website\"},\"primaryImageOfPage\":{\"@id\":\"https:\/\/arteeluoghi.it\/index.php\/2024\/11\/28\/il-bradipo-e-la-carpa-per-la-rassegna-teatri-a-sud\/#primaryimage\"},\"datePublished\":\"2024-11-28T22:04:02+00:00\",\"dateModified\":\"2024-11-28T22:40:24+00:00\",\"description\":\"Venerd\u00ec 29 novembre 2024, ore 20.30, alla Distilleria De Giorgi, Via Vittorio Emanuele III, 86, San Cesario di Lecce. Nello storico\",\"breadcrumb\":{\"@id\":\"https:\/\/arteeluoghi.it\/index.php\/2024\/11\/28\/il-bradipo-e-la-carpa-per-la-rassegna-teatri-a-sud\/#breadcrumb\"},\"inLanguage\":\"it-IT\",\"potentialAction\":[{\"@type\":\"ReadAction\",\"target\":[\"https:\/\/arteeluoghi.it\/index.php\/2024\/11\/28\/il-bradipo-e-la-carpa-per-la-rassegna-teatri-a-sud\/\"]}]},{\"@type\":\"BreadcrumbList\",\"@id\":\"https:\/\/arteeluoghi.it\/index.php\/2024\/11\/28\/il-bradipo-e-la-carpa-per-la-rassegna-teatri-a-sud\/#breadcrumb\",\"itemListElement\":[{\"@type\":\"ListItem\",\"position\":1,\"name\":\"Home\",\"item\":\"https:\/\/arteeluoghi.it\/\"},{\"@type\":\"ListItem\",\"position\":2,\"name\":\"Il bradipo e la carpa per la rassegna Teatri a Sud\"}]},{\"@type\":\"Article\",\"@id\":\"https:\/\/arteeluoghi.it\/index.php\/2024\/11\/28\/il-bradipo-e-la-carpa-per-la-rassegna-teatri-a-sud\/#article\",\"isPartOf\":{\"@id\":\"https:\/\/arteeluoghi.it\/index.php\/2024\/11\/28\/il-bradipo-e-la-carpa-per-la-rassegna-teatri-a-sud\/#webpage\"},\"author\":{\"@id\":\"https:\/\/arteeluoghi.it\/#\/schema\/person\/f84e814e36e91e01448ee07eaadd41d4\"},\"headline\":\"Il bradipo e la carpa per la rassegna Teatri a Sud\",\"datePublished\":\"2024-11-28T22:04:02+00:00\",\"dateModified\":\"2024-11-28T22:40:24+00:00\",\"mainEntityOfPage\":{\"@id\":\"https:\/\/arteeluoghi.it\/index.php\/2024\/11\/28\/il-bradipo-e-la-carpa-per-la-rassegna-teatri-a-sud\/#webpage\"},\"wordCount\":384,\"commentCount\":0,\"publisher\":{\"@id\":\"https:\/\/arteeluoghi.it\/#organization\"},\"image\":{\"@id\":\"https:\/\/arteeluoghi.it\/index.php\/2024\/11\/28\/il-bradipo-e-la-carpa-per-la-rassegna-teatri-a-sud\/#primaryimage\"},\"thumbnailUrl\":\"https:\/\/arteeluoghi.it\/wp-content\/uploads\/2024\/11\/Il-Bradipo-e-la-Carpa_-3_-ph-Beppe-Fontana-scaled.jpg\",\"keywords\":[\"Distillerie De Giorgi\",\"teatro\"],\"articleSection\":[\"teatro\"],\"inLanguage\":\"it-IT\",\"potentialAction\":[{\"@type\":\"CommentAction\",\"name\":\"Comment\",\"target\":[\"https:\/\/arteeluoghi.it\/index.php\/2024\/11\/28\/il-bradipo-e-la-carpa-per-la-rassegna-teatri-a-sud\/#respond\"]}]},{\"@type\":\"Person\",\"@id\":\"https:\/\/arteeluoghi.it\/#\/schema\/person\/f84e814e36e91e01448ee07eaadd41d4\",\"name\":\"Staff\",\"image\":{\"@type\":\"ImageObject\",\"@id\":\"https:\/\/arteeluoghi.it\/#personlogo\",\"inLanguage\":\"it-IT\",\"url\":\"https:\/\/secure.gravatar.com\/avatar\/49d2f9e46271bb04e19cebfaf141313a?s=96&d=blank&r=g\",\"contentUrl\":\"https:\/\/secure.gravatar.com\/avatar\/49d2f9e46271bb04e19cebfaf141313a?s=96&d=blank&r=g\",\"caption\":\"Staff\"}}]}<\/script>\n<!-- \/ Yoast SEO plugin. -->","yoast_head_json":{"title":"Il bradipo e la carpa per la rassegna Teatri a Sud | Arte e Luoghi","description":"Venerd\u00ec 29 novembre 2024, ore 20.30, alla Distilleria De Giorgi, Via Vittorio Emanuele III, 86, San Cesario di Lecce. Nello storico","robots":{"index":"index","follow":"follow","max-snippet":"max-snippet:-1","max-image-preview":"max-image-preview:large","max-video-preview":"max-video-preview:-1"},"canonical":"https:\/\/arteeluoghi.it\/index.php\/2024\/11\/28\/il-bradipo-e-la-carpa-per-la-rassegna-teatri-a-sud\/","og_locale":"it_IT","og_type":"article","og_title":"Il bradipo e la carpa per la rassegna Teatri a Sud | Arte e Luoghi","og_description":"Venerd\u00ec 29 novembre 2024, ore 20.30, alla Distilleria De Giorgi, Via Vittorio Emanuele III, 86, San Cesario di Lecce. Nello storico","og_url":"https:\/\/arteeluoghi.it\/index.php\/2024\/11\/28\/il-bradipo-e-la-carpa-per-la-rassegna-teatri-a-sud\/","og_site_name":"Arte e Luoghi","article_publisher":"https:\/\/www.facebook.com\/ArteELuoghi\/","article_published_time":"2024-11-28T22:04:02+00:00","article_modified_time":"2024-11-28T22:40:24+00:00","og_image":[{"width":2560,"height":1657,"url":"https:\/\/arteeluoghi.it\/wp-content\/uploads\/2024\/11\/Il-Bradipo-e-la-Carpa_-3_-ph-Beppe-Fontana-scaled.jpg","type":"image\/jpeg"}],"twitter_card":"summary","twitter_creator":"@arteeluoghi","twitter_site":"@arteeluoghi","twitter_misc":{"Scritto da":"Staff","Tempo di lettura stimato":"3 minuti"},"schema":{"@context":"https:\/\/schema.org","@graph":[{"@type":"Organization","@id":"https:\/\/arteeluoghi.it\/#organization","name":"Arte e Luoghi","url":"https:\/\/arteeluoghi.it\/","sameAs":["https:\/\/www.facebook.com\/ArteELuoghi\/","https:\/\/www.instagram.com\/arteeluoghi\/?hl=it","https:\/\/www.youtube.com\/channel\/UCuRVc4JW4-C5sg9rQB-srkw?view_as=subscriber","https:\/\/twitter.com\/arteeluoghi"],"logo":{"@type":"ImageObject","@id":"https:\/\/arteeluoghi.it\/#logo","inLanguage":"it-IT","url":"https:\/\/arteeluoghi.it\/wp-content\/uploads\/2018\/08\/logoinstagramarte.jpg","contentUrl":"https:\/\/arteeluoghi.it\/wp-content\/uploads\/2018\/08\/logoinstagramarte.jpg","width":150,"height":150,"caption":"Arte e Luoghi"},"image":{"@id":"https:\/\/arteeluoghi.it\/#logo"}},{"@type":"WebSite","@id":"https:\/\/arteeluoghi.it\/#website","url":"https:\/\/arteeluoghi.it\/","name":"Arte e Luoghi","description":"Mensile di arte, cultura, turismo e curiosit\u00e0","publisher":{"@id":"https:\/\/arteeluoghi.it\/#organization"},"potentialAction":[{"@type":"SearchAction","target":{"@type":"EntryPoint","urlTemplate":"https:\/\/arteeluoghi.it\/?s={search_term_string}"},"query-input":"required name=search_term_string"}],"inLanguage":"it-IT"},{"@type":"ImageObject","@id":"https:\/\/arteeluoghi.it\/index.php\/2024\/11\/28\/il-bradipo-e-la-carpa-per-la-rassegna-teatri-a-sud\/#primaryimage","inLanguage":"it-IT","url":"https:\/\/arteeluoghi.it\/wp-content\/uploads\/2024\/11\/Il-Bradipo-e-la-Carpa_-3_-ph-Beppe-Fontana-scaled.jpg","contentUrl":"https:\/\/arteeluoghi.it\/wp-content\/uploads\/2024\/11\/Il-Bradipo-e-la-Carpa_-3_-ph-Beppe-Fontana-scaled.jpg","width":2560,"height":1657},{"@type":"WebPage","@id":"https:\/\/arteeluoghi.it\/index.php\/2024\/11\/28\/il-bradipo-e-la-carpa-per-la-rassegna-teatri-a-sud\/#webpage","url":"https:\/\/arteeluoghi.it\/index.php\/2024\/11\/28\/il-bradipo-e-la-carpa-per-la-rassegna-teatri-a-sud\/","name":"Il bradipo e la carpa per la rassegna Teatri a Sud | Arte e Luoghi","isPartOf":{"@id":"https:\/\/arteeluoghi.it\/#website"},"primaryImageOfPage":{"@id":"https:\/\/arteeluoghi.it\/index.php\/2024\/11\/28\/il-bradipo-e-la-carpa-per-la-rassegna-teatri-a-sud\/#primaryimage"},"datePublished":"2024-11-28T22:04:02+00:00","dateModified":"2024-11-28T22:40:24+00:00","description":"Venerd\u00ec 29 novembre 2024, ore 20.30, alla Distilleria De Giorgi, Via Vittorio Emanuele III, 86, San Cesario di Lecce. Nello storico","breadcrumb":{"@id":"https:\/\/arteeluoghi.it\/index.php\/2024\/11\/28\/il-bradipo-e-la-carpa-per-la-rassegna-teatri-a-sud\/#breadcrumb"},"inLanguage":"it-IT","potentialAction":[{"@type":"ReadAction","target":["https:\/\/arteeluoghi.it\/index.php\/2024\/11\/28\/il-bradipo-e-la-carpa-per-la-rassegna-teatri-a-sud\/"]}]},{"@type":"BreadcrumbList","@id":"https:\/\/arteeluoghi.it\/index.php\/2024\/11\/28\/il-bradipo-e-la-carpa-per-la-rassegna-teatri-a-sud\/#breadcrumb","itemListElement":[{"@type":"ListItem","position":1,"name":"Home","item":"https:\/\/arteeluoghi.it\/"},{"@type":"ListItem","position":2,"name":"Il bradipo e la carpa per la rassegna Teatri a Sud"}]},{"@type":"Article","@id":"https:\/\/arteeluoghi.it\/index.php\/2024\/11\/28\/il-bradipo-e-la-carpa-per-la-rassegna-teatri-a-sud\/#article","isPartOf":{"@id":"https:\/\/arteeluoghi.it\/index.php\/2024\/11\/28\/il-bradipo-e-la-carpa-per-la-rassegna-teatri-a-sud\/#webpage"},"author":{"@id":"https:\/\/arteeluoghi.it\/#\/schema\/person\/f84e814e36e91e01448ee07eaadd41d4"},"headline":"Il bradipo e la carpa per la rassegna Teatri a Sud","datePublished":"2024-11-28T22:04:02+00:00","dateModified":"2024-11-28T22:40:24+00:00","mainEntityOfPage":{"@id":"https:\/\/arteeluoghi.it\/index.php\/2024\/11\/28\/il-bradipo-e-la-carpa-per-la-rassegna-teatri-a-sud\/#webpage"},"wordCount":384,"commentCount":0,"publisher":{"@id":"https:\/\/arteeluoghi.it\/#organization"},"image":{"@id":"https:\/\/arteeluoghi.it\/index.php\/2024\/11\/28\/il-bradipo-e-la-carpa-per-la-rassegna-teatri-a-sud\/#primaryimage"},"thumbnailUrl":"https:\/\/arteeluoghi.it\/wp-content\/uploads\/2024\/11\/Il-Bradipo-e-la-Carpa_-3_-ph-Beppe-Fontana-scaled.jpg","keywords":["Distillerie De Giorgi","teatro"],"articleSection":["teatro"],"inLanguage":"it-IT","potentialAction":[{"@type":"CommentAction","name":"Comment","target":["https:\/\/arteeluoghi.it\/index.php\/2024\/11\/28\/il-bradipo-e-la-carpa-per-la-rassegna-teatri-a-sud\/#respond"]}]},{"@type":"Person","@id":"https:\/\/arteeluoghi.it\/#\/schema\/person\/f84e814e36e91e01448ee07eaadd41d4","name":"Staff","image":{"@type":"ImageObject","@id":"https:\/\/arteeluoghi.it\/#personlogo","inLanguage":"it-IT","url":"https:\/\/secure.gravatar.com\/avatar\/49d2f9e46271bb04e19cebfaf141313a?s=96&d=blank&r=g","contentUrl":"https:\/\/secure.gravatar.com\/avatar\/49d2f9e46271bb04e19cebfaf141313a?s=96&d=blank&r=g","caption":"Staff"}}]}},"_links":{"self":[{"href":"https:\/\/arteeluoghi.it\/index.php\/wp-json\/wp\/v2\/posts\/14982"}],"collection":[{"href":"https:\/\/arteeluoghi.it\/index.php\/wp-json\/wp\/v2\/posts"}],"about":[{"href":"https:\/\/arteeluoghi.it\/index.php\/wp-json\/wp\/v2\/types\/post"}],"author":[{"embeddable":true,"href":"https:\/\/arteeluoghi.it\/index.php\/wp-json\/wp\/v2\/users\/1"}],"replies":[{"embeddable":true,"href":"https:\/\/arteeluoghi.it\/index.php\/wp-json\/wp\/v2\/comments?post=14982"}],"version-history":[{"count":2,"href":"https:\/\/arteeluoghi.it\/index.php\/wp-json\/wp\/v2\/posts\/14982\/revisions"}],"predecessor-version":[{"id":14985,"href":"https:\/\/arteeluoghi.it\/index.php\/wp-json\/wp\/v2\/posts\/14982\/revisions\/14985"}],"wp:featuredmedia":[{"embeddable":true,"href":"https:\/\/arteeluoghi.it\/index.php\/wp-json\/wp\/v2\/media\/14983"}],"wp:attachment":[{"href":"https:\/\/arteeluoghi.it\/index.php\/wp-json\/wp\/v2\/media?parent=14982"}],"wp:term":[{"taxonomy":"category","embeddable":true,"href":"https:\/\/arteeluoghi.it\/index.php\/wp-json\/wp\/v2\/categories?post=14982"},{"taxonomy":"post_tag","embeddable":true,"href":"https:\/\/arteeluoghi.it\/index.php\/wp-json\/wp\/v2\/tags?post=14982"}],"curies":[{"name":"wp","href":"https:\/\/api.w.org\/{rel}","templated":true}]}}