{"id":15032,"date":"2024-12-14T22:04:55","date_gmt":"2024-12-14T21:04:55","guid":{"rendered":"https:\/\/arteeluoghi.it\/?p=15032"},"modified":"2024-12-14T22:09:23","modified_gmt":"2024-12-14T21:09:23","slug":"festival-dei-piccoli-lettori-a-calimera","status":"publish","type":"post","link":"https:\/\/arteeluoghi.it\/index.php\/2024\/12\/14\/festival-dei-piccoli-lettori-a-calimera\/","title":{"rendered":"Festival dei Piccoli Lettori a Calimera"},"content":{"rendered":"\n<blockquote class=\"wp-block-quote is-style-default\"><p>Torna nel centro salentino la rassegna dedicata ai piccoli Lettori: Cinque giorni dedicati ai piccoli e alle famiglie Tra gli ospiti attesi: Enrico Galiano<\/p><\/blockquote>\n\n\n\n<p>Torna puntuale a Calimera il \u201c<strong>Festival dei Piccoli Lettori &#8211; La lettura ti fa grande<\/strong>\u201d che ormai da&nbsp;<strong>23 edizioni<\/strong>&nbsp;coinvolge piccoli, famiglie e scuole in un programma ricco e stimolante che nei libri ha il suo centro.<\/p>\n\n\n\n<p>La rassegna dedicata alla letteratura per bambini e ragazzi \u00e8 organizzata dall\u2019amministrazione comunale di Calimera, si svolge con la partnership dei Pres\u00ecdi del Libro,&nbsp;l\u2019Istituto comprensivo Calimera Caprarica Martignano, l\u2019IISS \u201cTrinchese\u201d di Martano, Il Dado gira cooperativa sociale, la librerie Il giardino delle nuvole e coinvolge luoghi di cultura del paese con appuntamenti legati ai libri e alla lettura per l\u2019infanzia e l\u2019adolescenza.<\/p>\n\n\n\n<!--more-->\n\n\n\n<p>L\u2019edizione 2024, che si svolge&nbsp;<strong>da mercoled\u00ec 11 a domenica 15 dicembre<\/strong>, \u00e8 dedicata ad&nbsp;<strong>Antoine de Saint-Exup\u00e9ry<\/strong>, per gli ottant\u2019anni dalla sua morte, e in particolare alla sua celebre opera, capolavoro amato da generazioni di lettori, \u201c<strong>Il piccolo principe<\/strong>\u201d. Al racconto si ispirano allestimenti e animazione del festival. &nbsp;<\/p>\n\n\n\n<p>\u201cLa lettura ti fa grande\u201d \u00e8 un faro acceso tutto l\u2019anno per i piccoli lettori che, durante l\u2019anno scolastico, sono chiamati a leggere e valutare le proposte degli autori che sono presentate in occasione del festival per poi premiare il vincitore l\u2019anno successivo. Tante le iniziative in programma, dalle premiazioni alle presentazioni, spettacoli, laboratori e incontri e, come ogni anno,&nbsp;<strong>la mostra-mercato del libro<\/strong>&nbsp;a cura della libreria Il Giardino delle Nuvole in piazza del Sole.<\/p>\n\n\n\n<p>Una particolare sezione \u201c<strong>Ti leggo con gli occhi. Letture per occhi, bocca, cuore<\/strong>\u201d \u00e8 dedicata all\u2019infanzia con incontri laboratoriali con illustratori di fama nazionale e internazionale, tra cui Nicoletta Costa.<\/p>\n\n\n\n<p>In tutte le giornate del festival \u00e8 presente&nbsp;<strong>Paola Zannoner<\/strong>, consulente scientifica e coordinatrice delle presentazioni.<\/p>\n\n\n\n<p>La prima giornata, quella di&nbsp;<strong>mercoled\u00ec 11<\/strong>, si avvia con&nbsp;<strong>la premiazione dei vincitori dello scorso anno<\/strong>&nbsp;al Cinema Elio-Oltre lo schermo: alle 9 c\u2019\u00e8 la consegna del Premio Citt\u00e0 di Calimera ad&nbsp;<strong>Adalgisa Masella<\/strong>&nbsp;per il suo libro \u201c<strong>Salta!<\/strong>\u201d (Kite), a seguire, alle 10.30, il Premio \u00e8 consegnato a&nbsp;<strong>Francesco Morgando<\/strong>&nbsp;per \u201c<strong>Calypso. La bambina Wi-Fi<\/strong>\u201d (Feltrinelli Kids).<\/p>\n\n\n\n<p>Nel pomeriggio, alle 18.30, sempre all\u2019Elio, si presenta il&nbsp;<strong>manuale di griko per ragazzi \u201cE \u00f2rnisa ce o shiddho\u201d<\/strong>&nbsp;di Salvatore Tommasi con le illustrazioni di Egidio Marullo, a cura dell\u2019aps Kalimer\u00ecti Ambr\u00f2-Ped\u00eca.<\/p>\n\n\n\n<p><strong>Gioved\u00ec 12<\/strong>&nbsp;si comincia in mattinata con laboratori in piazza del Sole dalle 9.30 alle 11.30 e con gli&nbsp;<strong>incontri con gli autori&nbsp;<\/strong>presenti:&nbsp;<strong>Nicoletta Costa<\/strong>, celebre autrice del personaggio Giulio Coniglio, racconta la sua esperienza nella lezione \u201cDall\u2019idea al tratto. Disegnare storie\u201d (alle 10.30 in piazza del Sole);&nbsp;<strong>Anna Sarfatti<\/strong>&nbsp;incontra i ragazzi per parlare dei suoi libri (alle 10.30 nella Sala consiliare e alle 11.30 al Cinema Elio);&nbsp;<strong>Antonio Ferrara<\/strong>&nbsp;con \u201cIl mare ci aspettava\u201d (Einaudi Ragazzi) (alle 10.30 alla Bibliomediateca e alle 11.30 alla Community library);&nbsp;<strong>Simone Calderoni<\/strong>&nbsp;con \u201cAvventure dei cinque regni\u201d (Giunti) (alle 9.30 alle Community library e alle 11.30 al Cinema Elio);&nbsp;<strong>Emanuela Da Ros<\/strong>&nbsp;con \u201cCome ti rapisco il nonno\u201d (Feltrinelli) (alle 9.30 alla Bibliomediateca e alle 10.30 al Cinema Elio);&nbsp;<strong>Michele D\u2019Ignazio<\/strong>&nbsp;con \u201cIl mio segno particolare\u201d (Rizzoli) (alle 9.30 al Cinema Elio e alle 10.30 alla Community library). Alle 16 Antonio Ferrara \u00e8 protagonista di un incontro di formazione rivolto a docenti, educatori e operatori culturali dal titolo \u201c<strong>La lettura come educazione sentimentale<\/strong>\u201d nella Bibliomediateca.<\/p>\n\n\n\n<p><strong>Venerd\u00ec 13<\/strong>, dalle 9.30, si presentano alla giuria dei ragazzi i&nbsp;<strong>libri in concorso<\/strong>&nbsp;nel format \u201c<strong>A colpi di libro<\/strong>\u201d: \u201cIl mare ci aspettava\u201d di Antonio Ferrara (Einaudi Ragazzi), \u201cAvventure dei cinque regni\u201d di Simone Calderoni (Giunti), \u201cCome ti rapisco il nonno\u201d di Emanuela Da Ros (Feltrinelli), \u201cIl mio segno particolare\u201d di Michele D\u2019Ignazio (Rizzoli). Inoltre, alle 9.30 alla Community library c\u2019\u00e8 Anna Sarfatti, Nicoletta Costa in piazza del Sole alle 9.30 e nella scuola dell\u2019Infanzia alle 10.30.<\/p>\n\n\n\n<p>Nel pomeriggio, alle 18.30, alla Bibliomediateca&nbsp;<strong>Annarita Smiraglia<\/strong>&nbsp;presenta \u201cIn fondo alla strada\u201d.<\/p>\n\n\n\n<p><strong>Sabato 14<\/strong>&nbsp;gli unici appuntamenti della giornata sono nel pomeriggio: alle 17, la presentazione del libro \u201c<strong>Nonno Einstein e la magia della fisica<\/strong>\u201d di Eleonora Tommasi (Rossini editore) al Cinema Elio e un laboratorio nella Bibliomediateca alle 18.30.<\/p>\n\n\n\n<p>Ultima giornata, quella di&nbsp;<strong>domenica 15<\/strong>. Alle 11 si presenta il libro \u201c<strong>Il principe re dei cieli<\/strong>\u201d di Carla Saracino, Luigi Chiriatti e Chiara Spinelli (Kurumuny), alle 18 \u00e8 il momento dell\u2019atteso ospite&nbsp;<strong>Enrico Galiano<\/strong>&nbsp;che, al Cinema Elio-Oltre lo schermo tiene una lectio dal titolo \u201c<strong>Vasi da riempire, fuochi da accendere<\/strong>\u201d.<\/p>\n\n\n\n<p>Info e prenotazioni: 327\/7111245.<\/p>\n\n\n\n<p>(fonte: comunicato stampa)<\/p>\n","protected":false},"excerpt":{"rendered":"<p>Torna nel centro salentino la rassegna dedicata ai piccoli Lettori: Cinque giorni dedicati ai piccoli e alle famiglie Tra gli<\/p>\n","protected":false},"author":1,"featured_media":15029,"comment_status":"open","ping_status":"open","sticky":true,"template":"","format":"standard","meta":[],"categories":[52,17],"tags":[2086,6330,385],"yoast_head":"<!-- This site is optimized with the Yoast SEO plugin v18.0 - https:\/\/yoast.com\/wordpress\/plugins\/seo\/ -->\n<title>Festival dei Piccoli Lettori a Calimera | Arte e Luoghi<\/title>\n<meta name=\"description\" content=\"Torna nel centro salentino la rassegna dedicata ai piccoli Lettori: Cinque giorni dedicati ai piccoli e alle famiglie\" \/>\n<meta name=\"robots\" content=\"index, follow, max-snippet:-1, max-image-preview:large, max-video-preview:-1\" \/>\n<link rel=\"canonical\" href=\"https:\/\/arteeluoghi.it\/index.php\/2024\/12\/14\/festival-dei-piccoli-lettori-a-calimera\/\" \/>\n<meta property=\"og:locale\" content=\"it_IT\" \/>\n<meta property=\"og:type\" content=\"article\" \/>\n<meta property=\"og:title\" content=\"Festival dei Piccoli Lettori a Calimera | Arte e Luoghi\" \/>\n<meta property=\"og:description\" content=\"Torna nel centro salentino la rassegna dedicata ai piccoli Lettori: Cinque giorni dedicati ai piccoli e alle famiglie\" \/>\n<meta property=\"og:url\" content=\"https:\/\/arteeluoghi.it\/index.php\/2024\/12\/14\/festival-dei-piccoli-lettori-a-calimera\/\" \/>\n<meta property=\"og:site_name\" content=\"Arte e Luoghi\" \/>\n<meta property=\"article:publisher\" content=\"https:\/\/www.facebook.com\/ArteELuoghi\/\" \/>\n<meta property=\"article:published_time\" content=\"2024-12-14T21:04:55+00:00\" \/>\n<meta property=\"article:modified_time\" content=\"2024-12-14T21:09:23+00:00\" \/>\n<meta property=\"og:image\" content=\"https:\/\/arteeluoghi.it\/wp-content\/uploads\/2024\/12\/469872866_1029119409020687_5251390688383114977_n.jpg\" \/>\n\t<meta property=\"og:image:width\" content=\"1125\" \/>\n\t<meta property=\"og:image:height\" content=\"1126\" \/>\n\t<meta property=\"og:image:type\" content=\"image\/jpeg\" \/>\n<meta name=\"twitter:card\" content=\"summary\" \/>\n<meta name=\"twitter:creator\" content=\"@arteeluoghi\" \/>\n<meta name=\"twitter:site\" content=\"@arteeluoghi\" \/>\n<meta name=\"twitter:label1\" content=\"Scritto da\" \/>\n\t<meta name=\"twitter:data1\" content=\"Staff\" \/>\n\t<meta name=\"twitter:label2\" content=\"Tempo di lettura stimato\" \/>\n\t<meta name=\"twitter:data2\" content=\"4 minuti\" \/>\n<script type=\"application\/ld+json\" class=\"yoast-schema-graph\">{\"@context\":\"https:\/\/schema.org\",\"@graph\":[{\"@type\":\"Organization\",\"@id\":\"https:\/\/arteeluoghi.it\/#organization\",\"name\":\"Arte e Luoghi\",\"url\":\"https:\/\/arteeluoghi.it\/\",\"sameAs\":[\"https:\/\/www.facebook.com\/ArteELuoghi\/\",\"https:\/\/www.instagram.com\/arteeluoghi\/?hl=it\",\"https:\/\/www.youtube.com\/channel\/UCuRVc4JW4-C5sg9rQB-srkw?view_as=subscriber\",\"https:\/\/twitter.com\/arteeluoghi\"],\"logo\":{\"@type\":\"ImageObject\",\"@id\":\"https:\/\/arteeluoghi.it\/#logo\",\"inLanguage\":\"it-IT\",\"url\":\"https:\/\/arteeluoghi.it\/wp-content\/uploads\/2018\/08\/logoinstagramarte.jpg\",\"contentUrl\":\"https:\/\/arteeluoghi.it\/wp-content\/uploads\/2018\/08\/logoinstagramarte.jpg\",\"width\":150,\"height\":150,\"caption\":\"Arte e Luoghi\"},\"image\":{\"@id\":\"https:\/\/arteeluoghi.it\/#logo\"}},{\"@type\":\"WebSite\",\"@id\":\"https:\/\/arteeluoghi.it\/#website\",\"url\":\"https:\/\/arteeluoghi.it\/\",\"name\":\"Arte e Luoghi\",\"description\":\"Mensile di arte, cultura, turismo e curiosit\u00e0\",\"publisher\":{\"@id\":\"https:\/\/arteeluoghi.it\/#organization\"},\"potentialAction\":[{\"@type\":\"SearchAction\",\"target\":{\"@type\":\"EntryPoint\",\"urlTemplate\":\"https:\/\/arteeluoghi.it\/?s={search_term_string}\"},\"query-input\":\"required name=search_term_string\"}],\"inLanguage\":\"it-IT\"},{\"@type\":\"ImageObject\",\"@id\":\"https:\/\/arteeluoghi.it\/index.php\/2024\/12\/14\/festival-dei-piccoli-lettori-a-calimera\/#primaryimage\",\"inLanguage\":\"it-IT\",\"url\":\"https:\/\/arteeluoghi.it\/wp-content\/uploads\/2024\/12\/469872866_1029119409020687_5251390688383114977_n.jpg\",\"contentUrl\":\"https:\/\/arteeluoghi.it\/wp-content\/uploads\/2024\/12\/469872866_1029119409020687_5251390688383114977_n.jpg\",\"width\":1125,\"height\":1126},{\"@type\":\"WebPage\",\"@id\":\"https:\/\/arteeluoghi.it\/index.php\/2024\/12\/14\/festival-dei-piccoli-lettori-a-calimera\/#webpage\",\"url\":\"https:\/\/arteeluoghi.it\/index.php\/2024\/12\/14\/festival-dei-piccoli-lettori-a-calimera\/\",\"name\":\"Festival dei Piccoli Lettori a Calimera | Arte e Luoghi\",\"isPartOf\":{\"@id\":\"https:\/\/arteeluoghi.it\/#website\"},\"primaryImageOfPage\":{\"@id\":\"https:\/\/arteeluoghi.it\/index.php\/2024\/12\/14\/festival-dei-piccoli-lettori-a-calimera\/#primaryimage\"},\"datePublished\":\"2024-12-14T21:04:55+00:00\",\"dateModified\":\"2024-12-14T21:09:23+00:00\",\"description\":\"Torna nel centro salentino la rassegna dedicata ai piccoli Lettori: Cinque giorni dedicati ai piccoli e alle famiglie\",\"breadcrumb\":{\"@id\":\"https:\/\/arteeluoghi.it\/index.php\/2024\/12\/14\/festival-dei-piccoli-lettori-a-calimera\/#breadcrumb\"},\"inLanguage\":\"it-IT\",\"potentialAction\":[{\"@type\":\"ReadAction\",\"target\":[\"https:\/\/arteeluoghi.it\/index.php\/2024\/12\/14\/festival-dei-piccoli-lettori-a-calimera\/\"]}]},{\"@type\":\"BreadcrumbList\",\"@id\":\"https:\/\/arteeluoghi.it\/index.php\/2024\/12\/14\/festival-dei-piccoli-lettori-a-calimera\/#breadcrumb\",\"itemListElement\":[{\"@type\":\"ListItem\",\"position\":1,\"name\":\"Home\",\"item\":\"https:\/\/arteeluoghi.it\/\"},{\"@type\":\"ListItem\",\"position\":2,\"name\":\"Festival dei Piccoli Lettori a Calimera\"}]},{\"@type\":\"Article\",\"@id\":\"https:\/\/arteeluoghi.it\/index.php\/2024\/12\/14\/festival-dei-piccoli-lettori-a-calimera\/#article\",\"isPartOf\":{\"@id\":\"https:\/\/arteeluoghi.it\/index.php\/2024\/12\/14\/festival-dei-piccoli-lettori-a-calimera\/#webpage\"},\"author\":{\"@id\":\"https:\/\/arteeluoghi.it\/#\/schema\/person\/f84e814e36e91e01448ee07eaadd41d4\"},\"headline\":\"Festival dei Piccoli Lettori a Calimera\",\"datePublished\":\"2024-12-14T21:04:55+00:00\",\"dateModified\":\"2024-12-14T21:09:23+00:00\",\"mainEntityOfPage\":{\"@id\":\"https:\/\/arteeluoghi.it\/index.php\/2024\/12\/14\/festival-dei-piccoli-lettori-a-calimera\/#webpage\"},\"wordCount\":775,\"commentCount\":0,\"publisher\":{\"@id\":\"https:\/\/arteeluoghi.it\/#organization\"},\"image\":{\"@id\":\"https:\/\/arteeluoghi.it\/index.php\/2024\/12\/14\/festival-dei-piccoli-lettori-a-calimera\/#primaryimage\"},\"thumbnailUrl\":\"https:\/\/arteeluoghi.it\/wp-content\/uploads\/2024\/12\/469872866_1029119409020687_5251390688383114977_n.jpg\",\"keywords\":[\"Calimera\",\"Festival dei Piccoli Lettori\",\"Lettura\"],\"articleSection\":[\"I luoghi della parola\",\"LIBRI\"],\"inLanguage\":\"it-IT\",\"potentialAction\":[{\"@type\":\"CommentAction\",\"name\":\"Comment\",\"target\":[\"https:\/\/arteeluoghi.it\/index.php\/2024\/12\/14\/festival-dei-piccoli-lettori-a-calimera\/#respond\"]}]},{\"@type\":\"Person\",\"@id\":\"https:\/\/arteeluoghi.it\/#\/schema\/person\/f84e814e36e91e01448ee07eaadd41d4\",\"name\":\"Staff\",\"image\":{\"@type\":\"ImageObject\",\"@id\":\"https:\/\/arteeluoghi.it\/#personlogo\",\"inLanguage\":\"it-IT\",\"url\":\"https:\/\/secure.gravatar.com\/avatar\/49d2f9e46271bb04e19cebfaf141313a?s=96&d=blank&r=g\",\"contentUrl\":\"https:\/\/secure.gravatar.com\/avatar\/49d2f9e46271bb04e19cebfaf141313a?s=96&d=blank&r=g\",\"caption\":\"Staff\"}}]}<\/script>\n<!-- \/ Yoast SEO plugin. -->","yoast_head_json":{"title":"Festival dei Piccoli Lettori a Calimera | Arte e Luoghi","description":"Torna nel centro salentino la rassegna dedicata ai piccoli Lettori: Cinque giorni dedicati ai piccoli e alle famiglie","robots":{"index":"index","follow":"follow","max-snippet":"max-snippet:-1","max-image-preview":"max-image-preview:large","max-video-preview":"max-video-preview:-1"},"canonical":"https:\/\/arteeluoghi.it\/index.php\/2024\/12\/14\/festival-dei-piccoli-lettori-a-calimera\/","og_locale":"it_IT","og_type":"article","og_title":"Festival dei Piccoli Lettori a Calimera | Arte e Luoghi","og_description":"Torna nel centro salentino la rassegna dedicata ai piccoli Lettori: Cinque giorni dedicati ai piccoli e alle famiglie","og_url":"https:\/\/arteeluoghi.it\/index.php\/2024\/12\/14\/festival-dei-piccoli-lettori-a-calimera\/","og_site_name":"Arte e Luoghi","article_publisher":"https:\/\/www.facebook.com\/ArteELuoghi\/","article_published_time":"2024-12-14T21:04:55+00:00","article_modified_time":"2024-12-14T21:09:23+00:00","og_image":[{"width":1125,"height":1126,"url":"https:\/\/arteeluoghi.it\/wp-content\/uploads\/2024\/12\/469872866_1029119409020687_5251390688383114977_n.jpg","type":"image\/jpeg"}],"twitter_card":"summary","twitter_creator":"@arteeluoghi","twitter_site":"@arteeluoghi","twitter_misc":{"Scritto da":"Staff","Tempo di lettura stimato":"4 minuti"},"schema":{"@context":"https:\/\/schema.org","@graph":[{"@type":"Organization","@id":"https:\/\/arteeluoghi.it\/#organization","name":"Arte e Luoghi","url":"https:\/\/arteeluoghi.it\/","sameAs":["https:\/\/www.facebook.com\/ArteELuoghi\/","https:\/\/www.instagram.com\/arteeluoghi\/?hl=it","https:\/\/www.youtube.com\/channel\/UCuRVc4JW4-C5sg9rQB-srkw?view_as=subscriber","https:\/\/twitter.com\/arteeluoghi"],"logo":{"@type":"ImageObject","@id":"https:\/\/arteeluoghi.it\/#logo","inLanguage":"it-IT","url":"https:\/\/arteeluoghi.it\/wp-content\/uploads\/2018\/08\/logoinstagramarte.jpg","contentUrl":"https:\/\/arteeluoghi.it\/wp-content\/uploads\/2018\/08\/logoinstagramarte.jpg","width":150,"height":150,"caption":"Arte e Luoghi"},"image":{"@id":"https:\/\/arteeluoghi.it\/#logo"}},{"@type":"WebSite","@id":"https:\/\/arteeluoghi.it\/#website","url":"https:\/\/arteeluoghi.it\/","name":"Arte e Luoghi","description":"Mensile di arte, cultura, turismo e curiosit\u00e0","publisher":{"@id":"https:\/\/arteeluoghi.it\/#organization"},"potentialAction":[{"@type":"SearchAction","target":{"@type":"EntryPoint","urlTemplate":"https:\/\/arteeluoghi.it\/?s={search_term_string}"},"query-input":"required name=search_term_string"}],"inLanguage":"it-IT"},{"@type":"ImageObject","@id":"https:\/\/arteeluoghi.it\/index.php\/2024\/12\/14\/festival-dei-piccoli-lettori-a-calimera\/#primaryimage","inLanguage":"it-IT","url":"https:\/\/arteeluoghi.it\/wp-content\/uploads\/2024\/12\/469872866_1029119409020687_5251390688383114977_n.jpg","contentUrl":"https:\/\/arteeluoghi.it\/wp-content\/uploads\/2024\/12\/469872866_1029119409020687_5251390688383114977_n.jpg","width":1125,"height":1126},{"@type":"WebPage","@id":"https:\/\/arteeluoghi.it\/index.php\/2024\/12\/14\/festival-dei-piccoli-lettori-a-calimera\/#webpage","url":"https:\/\/arteeluoghi.it\/index.php\/2024\/12\/14\/festival-dei-piccoli-lettori-a-calimera\/","name":"Festival dei Piccoli Lettori a Calimera | Arte e Luoghi","isPartOf":{"@id":"https:\/\/arteeluoghi.it\/#website"},"primaryImageOfPage":{"@id":"https:\/\/arteeluoghi.it\/index.php\/2024\/12\/14\/festival-dei-piccoli-lettori-a-calimera\/#primaryimage"},"datePublished":"2024-12-14T21:04:55+00:00","dateModified":"2024-12-14T21:09:23+00:00","description":"Torna nel centro salentino la rassegna dedicata ai piccoli Lettori: Cinque giorni dedicati ai piccoli e alle famiglie","breadcrumb":{"@id":"https:\/\/arteeluoghi.it\/index.php\/2024\/12\/14\/festival-dei-piccoli-lettori-a-calimera\/#breadcrumb"},"inLanguage":"it-IT","potentialAction":[{"@type":"ReadAction","target":["https:\/\/arteeluoghi.it\/index.php\/2024\/12\/14\/festival-dei-piccoli-lettori-a-calimera\/"]}]},{"@type":"BreadcrumbList","@id":"https:\/\/arteeluoghi.it\/index.php\/2024\/12\/14\/festival-dei-piccoli-lettori-a-calimera\/#breadcrumb","itemListElement":[{"@type":"ListItem","position":1,"name":"Home","item":"https:\/\/arteeluoghi.it\/"},{"@type":"ListItem","position":2,"name":"Festival dei Piccoli Lettori a Calimera"}]},{"@type":"Article","@id":"https:\/\/arteeluoghi.it\/index.php\/2024\/12\/14\/festival-dei-piccoli-lettori-a-calimera\/#article","isPartOf":{"@id":"https:\/\/arteeluoghi.it\/index.php\/2024\/12\/14\/festival-dei-piccoli-lettori-a-calimera\/#webpage"},"author":{"@id":"https:\/\/arteeluoghi.it\/#\/schema\/person\/f84e814e36e91e01448ee07eaadd41d4"},"headline":"Festival dei Piccoli Lettori a Calimera","datePublished":"2024-12-14T21:04:55+00:00","dateModified":"2024-12-14T21:09:23+00:00","mainEntityOfPage":{"@id":"https:\/\/arteeluoghi.it\/index.php\/2024\/12\/14\/festival-dei-piccoli-lettori-a-calimera\/#webpage"},"wordCount":775,"commentCount":0,"publisher":{"@id":"https:\/\/arteeluoghi.it\/#organization"},"image":{"@id":"https:\/\/arteeluoghi.it\/index.php\/2024\/12\/14\/festival-dei-piccoli-lettori-a-calimera\/#primaryimage"},"thumbnailUrl":"https:\/\/arteeluoghi.it\/wp-content\/uploads\/2024\/12\/469872866_1029119409020687_5251390688383114977_n.jpg","keywords":["Calimera","Festival dei Piccoli Lettori","Lettura"],"articleSection":["I luoghi della parola","LIBRI"],"inLanguage":"it-IT","potentialAction":[{"@type":"CommentAction","name":"Comment","target":["https:\/\/arteeluoghi.it\/index.php\/2024\/12\/14\/festival-dei-piccoli-lettori-a-calimera\/#respond"]}]},{"@type":"Person","@id":"https:\/\/arteeluoghi.it\/#\/schema\/person\/f84e814e36e91e01448ee07eaadd41d4","name":"Staff","image":{"@type":"ImageObject","@id":"https:\/\/arteeluoghi.it\/#personlogo","inLanguage":"it-IT","url":"https:\/\/secure.gravatar.com\/avatar\/49d2f9e46271bb04e19cebfaf141313a?s=96&d=blank&r=g","contentUrl":"https:\/\/secure.gravatar.com\/avatar\/49d2f9e46271bb04e19cebfaf141313a?s=96&d=blank&r=g","caption":"Staff"}}]}},"_links":{"self":[{"href":"https:\/\/arteeluoghi.it\/index.php\/wp-json\/wp\/v2\/posts\/15032"}],"collection":[{"href":"https:\/\/arteeluoghi.it\/index.php\/wp-json\/wp\/v2\/posts"}],"about":[{"href":"https:\/\/arteeluoghi.it\/index.php\/wp-json\/wp\/v2\/types\/post"}],"author":[{"embeddable":true,"href":"https:\/\/arteeluoghi.it\/index.php\/wp-json\/wp\/v2\/users\/1"}],"replies":[{"embeddable":true,"href":"https:\/\/arteeluoghi.it\/index.php\/wp-json\/wp\/v2\/comments?post=15032"}],"version-history":[{"count":1,"href":"https:\/\/arteeluoghi.it\/index.php\/wp-json\/wp\/v2\/posts\/15032\/revisions"}],"predecessor-version":[{"id":15033,"href":"https:\/\/arteeluoghi.it\/index.php\/wp-json\/wp\/v2\/posts\/15032\/revisions\/15033"}],"wp:featuredmedia":[{"embeddable":true,"href":"https:\/\/arteeluoghi.it\/index.php\/wp-json\/wp\/v2\/media\/15029"}],"wp:attachment":[{"href":"https:\/\/arteeluoghi.it\/index.php\/wp-json\/wp\/v2\/media?parent=15032"}],"wp:term":[{"taxonomy":"category","embeddable":true,"href":"https:\/\/arteeluoghi.it\/index.php\/wp-json\/wp\/v2\/categories?post=15032"},{"taxonomy":"post_tag","embeddable":true,"href":"https:\/\/arteeluoghi.it\/index.php\/wp-json\/wp\/v2\/tags?post=15032"}],"curies":[{"name":"wp","href":"https:\/\/api.w.org\/{rel}","templated":true}]}}