{"id":15038,"date":"2024-12-22T11:58:09","date_gmt":"2024-12-22T10:58:09","guid":{"rendered":"https:\/\/arteeluoghi.it\/?p=15038"},"modified":"2024-12-22T11:58:19","modified_gmt":"2024-12-22T10:58:19","slug":"scolpire-la-cartapesta","status":"publish","type":"post","link":"https:\/\/arteeluoghi.it\/index.php\/2024\/12\/22\/scolpire-la-cartapesta\/","title":{"rendered":"Scolpire la cartapesta"},"content":{"rendered":"\n<blockquote class=\"wp-block-quote is-style-default\"><p>Si apre il 27 dicembre ore 19 la mostra dello scultore Dante Vincenti. L&#8217;esposizione nelle sale dell&#8217;ex Conservatorio Sant&#8217;Anna di Lecce potr\u00e0 essere visitata tutti i giorni fino all&#8217;8 gennaio 2025<\/p><\/blockquote>\n\n\n\n<p>Nel clou degli eventi natalizi si apre il <strong>27 dicembre 2024<\/strong> nelle sale <strong>dell\u2019ex Conservatorio Sant\u2019Anna<\/strong> la mostra di scultura dell\u2019artista <strong>Dante Vincenti<\/strong> promossa dall\u2019amministrazione comunale di Lecce.<\/p>\n\n\n\n<p>All\u2019inaugurazione interverranno il sindaco di Lecce <strong>Adriana Poli Bortone<\/strong>, l\u2019assessore comunale <strong>Andrea Guido<\/strong> e <strong>Antonio Manzo<\/strong> operatore culturale e guida turistica che traccia un breve ritratto di <strong>Dante Vincenti<\/strong> definendolo \u00ab<em>Artista &#8220;nel cuore&#8221;. \u00c8 da quell&#8217; organo vitale e sensibile che parte e prende forma la sua Arte, originale e riflessiva. &nbsp;Grazie alla sua bravura, le Opere di carta si arricchiscono di umanit\u00e0. Unica e profonda..<\/em>.\u00bb &nbsp;Una profondit\u00e0 che viene da una vita nel segno dell\u2019arte, una manualit\u00e0 artistica innata (si pensi che vince il suo primo concorso a soli otto anni) e oggi le sue opere figurano in collezioni private nazionali e internazionali.<\/p>\n\n\n\n<!--more-->\n\n\n\n<div class=\"wp-block-image\"><figure class=\"alignleft size-large is-resized\"><img loading=\"lazy\" src=\"https:\/\/arteeluoghi.it\/wp-content\/uploads\/2024\/12\/Dante-Vincenti-832x1024.jpeg\" alt=\"\" class=\"wp-image-15040\" width=\"162\" height=\"200\" srcset=\"https:\/\/arteeluoghi.it\/wp-content\/uploads\/2024\/12\/Dante-Vincenti-832x1024.jpeg 832w, https:\/\/arteeluoghi.it\/wp-content\/uploads\/2024\/12\/Dante-Vincenti-244x300.jpeg 244w, https:\/\/arteeluoghi.it\/wp-content\/uploads\/2024\/12\/Dante-Vincenti-768x945.jpeg 768w, https:\/\/arteeluoghi.it\/wp-content\/uploads\/2024\/12\/Dante-Vincenti-1248x1536.jpeg 1248w, https:\/\/arteeluoghi.it\/wp-content\/uploads\/2024\/12\/Dante-Vincenti.jpeg 1300w\" sizes=\"(max-width: 162px) 100vw, 162px\" \/><figcaption>L&#8217;artista Dante Vincenti<\/figcaption><\/figure><\/div>\n\n\n\n<p>Nato a Lecce l\u201911 giugno 1957, negli anni &nbsp;Settanta Dante Vincenti inizia la sua attivit\u00e0 artistica dedicandosi allo studio delle tecniche pittoriche e scultoree presso la scuola di disegno Maccagnani. Dopo aver conseguito il diploma al Liceo Artistico nel 1976, comincia a partecipare a numerose rassegne regionali e nazionali ottenendo consensi e riconoscimenti. Nel 1998 riprende l\u2019antica arte della xilografia entrando a far parte del gruppo \u201cArte Viva\u201d. Dal 1999 ad oggi \u00e8 totalmente impegnato nell\u2019arte della cartapesta attraverso una personale sperimentazione e una continua ricerca. L\u2019artista ha voluto conciliare l\u2019antica arte artigianale leccese con la plasticit\u00e0 di sinuose figure che incarnano soggetti maschili e femminili tipici della propria terra. \u00c8 arrivato cos\u00ec ad una produzione artistica di alta qualit\u00e0, di cura dei dettagli realizzando oggetti unici e irripetibili. Da molti anni \u00e8 presente alla fiera natalizia di San Lucia, tra i maestri pupari, ma nell\u2019esposizione all\u2019ex Conservatorio si potranno ammirare per la prima volta a Lecce le sue creazioni in cartapesta utilizzata come materiale al pari di chi usa il legno o il marmo per scolpire. Una materia povera come la carta che l\u2019artista riesce a sublimare in forme scultoree contemporanee per darle una nuova vita: attingendo dalla letteratura, dal mito e dall\u2019attualit\u00e0 <strong>Dante Vincenti<\/strong> riesce a creare sculture e figurazioni che trattano temi e sentimenti universali.<\/p>\n\n\n\n<div class=\"wp-block-image\"><figure class=\"alignleft size-large is-resized\"><img loading=\"lazy\" src=\"https:\/\/arteeluoghi.it\/wp-content\/uploads\/2024\/12\/WhatsApp-Image-2024-12-18-at-18.37.04-1-579x1024.jpeg\" alt=\"\" class=\"wp-image-15041\" width=\"382\" height=\"676\" srcset=\"https:\/\/arteeluoghi.it\/wp-content\/uploads\/2024\/12\/WhatsApp-Image-2024-12-18-at-18.37.04-1-579x1024.jpeg 579w, https:\/\/arteeluoghi.it\/wp-content\/uploads\/2024\/12\/WhatsApp-Image-2024-12-18-at-18.37.04-1-170x300.jpeg 170w, https:\/\/arteeluoghi.it\/wp-content\/uploads\/2024\/12\/WhatsApp-Image-2024-12-18-at-18.37.04-1-768x1359.jpeg 768w, https:\/\/arteeluoghi.it\/wp-content\/uploads\/2024\/12\/WhatsApp-Image-2024-12-18-at-18.37.04-1-868x1536.jpeg 868w, https:\/\/arteeluoghi.it\/wp-content\/uploads\/2024\/12\/WhatsApp-Image-2024-12-18-at-18.37.04-1.jpeg 904w\" sizes=\"(max-width: 382px) 100vw, 382px\" \/><figcaption>Dante Vincenti, Libert\u00e0 2019<\/figcaption><\/figure><\/div>\n\n\n\n<p>\ufeff\u00abNelle sue opere \u2013 si legge nel testo del prof. <strong>Angelo Micello<\/strong> \u2013 confluiscono tutte le forme d\u2019arte: dalla pittura alla scultura, all\u2019architettura, alla musica, che il Vincenti utilizza magistralmente per creare l\u2019armonia dell\u2019opera. Le sue creazioni spaziano dalla realt\u00e0 al mito, dal figurativo all\u2019immaginativo. Vedi queste creature emergere lentamente ma con forza e con furia quasi volessero lentamente da quella carta che le imprigiona sulla base. Vedo spesso sparsi in bottega fusi di carta di giornali strettamente legati, che costituiscono gli elementi per le sue sculture. Neppure con la fantasia riusciresti a pensare che da quella cartastraccia possano nascere s\u00ec belle opere. Chi le osserva, mai giungerebbe a credere che ci\u00f2 che vede sia carta\u2026 Ma l\u2019artista riesce a farla parlare, riesce a farla vivere, riesce a farti entusiasmare, ti costringe a dire \u201cnon \u00e8 carta\u201d, ma chiss\u00e0 che intruglio di materiale.\u00bb<\/p>\n\n\n\n<p><strong>La mostra potr\u00e0 essere visitata tutti i giorni con ingresso libero dalle 10:30 alle 13 e dalle 16 alle 20:30.<\/strong><\/p>\n\n\n\n<p>(fonte: comunicato stampa)<\/p>\n","protected":false},"excerpt":{"rendered":"<p>Si apre il 27 dicembre ore 19 la mostra dello scultore Dante Vincenti. L&#8217;esposizione nelle sale dell&#8217;ex Conservatorio Sant&#8217;Anna di<\/p>\n","protected":false},"author":1,"featured_media":15039,"comment_status":"open","ping_status":"open","sticky":true,"template":"","format":"standard","meta":[],"categories":[27,6],"tags":[3166,5633,307],"yoast_head":"<!-- This site is optimized with the Yoast SEO plugin v18.0 - https:\/\/yoast.com\/wordpress\/plugins\/seo\/ -->\n<title>Scolpire la cartapesta | Arte e Luoghi<\/title>\n<meta name=\"description\" content=\"Si apre il 27 dicembre ore 19 la mostra dello scultore Dante Vincenti. L&#039;esposizione nelle sale dell&#039;ex Conservatorio Sant&#039;Anna di Lecce\" \/>\n<meta name=\"robots\" content=\"index, follow, max-snippet:-1, max-image-preview:large, max-video-preview:-1\" \/>\n<link rel=\"canonical\" href=\"https:\/\/arteeluoghi.it\/index.php\/2024\/12\/22\/scolpire-la-cartapesta\/\" \/>\n<meta property=\"og:locale\" content=\"it_IT\" \/>\n<meta property=\"og:type\" content=\"article\" \/>\n<meta property=\"og:title\" content=\"Scolpire la cartapesta | Arte e Luoghi\" \/>\n<meta property=\"og:description\" content=\"Si apre il 27 dicembre ore 19 la mostra dello scultore Dante Vincenti. L&#039;esposizione nelle sale dell&#039;ex Conservatorio Sant&#039;Anna di Lecce\" \/>\n<meta property=\"og:url\" content=\"https:\/\/arteeluoghi.it\/index.php\/2024\/12\/22\/scolpire-la-cartapesta\/\" \/>\n<meta property=\"og:site_name\" content=\"Arte e Luoghi\" \/>\n<meta property=\"article:publisher\" content=\"https:\/\/www.facebook.com\/ArteELuoghi\/\" \/>\n<meta property=\"article:published_time\" content=\"2024-12-22T10:58:09+00:00\" \/>\n<meta property=\"article:modified_time\" content=\"2024-12-22T10:58:19+00:00\" \/>\n<meta property=\"og:image\" content=\"https:\/\/arteeluoghi.it\/wp-content\/uploads\/2024\/12\/dante-vincenti-donna-velata-2020-copia-3.jpg\" \/>\n\t<meta property=\"og:image:width\" content=\"2362\" \/>\n\t<meta property=\"og:image:height\" content=\"2362\" \/>\n\t<meta property=\"og:image:type\" content=\"image\/jpeg\" \/>\n<meta name=\"twitter:card\" content=\"summary\" \/>\n<meta name=\"twitter:creator\" content=\"@arteeluoghi\" \/>\n<meta name=\"twitter:site\" content=\"@arteeluoghi\" \/>\n<meta name=\"twitter:label1\" content=\"Scritto da\" \/>\n\t<meta name=\"twitter:data1\" content=\"Staff\" \/>\n\t<meta name=\"twitter:label2\" content=\"Tempo di lettura stimato\" \/>\n\t<meta name=\"twitter:data2\" content=\"4 minuti\" \/>\n<script type=\"application\/ld+json\" class=\"yoast-schema-graph\">{\"@context\":\"https:\/\/schema.org\",\"@graph\":[{\"@type\":\"Organization\",\"@id\":\"https:\/\/arteeluoghi.it\/#organization\",\"name\":\"Arte e Luoghi\",\"url\":\"https:\/\/arteeluoghi.it\/\",\"sameAs\":[\"https:\/\/www.facebook.com\/ArteELuoghi\/\",\"https:\/\/www.instagram.com\/arteeluoghi\/?hl=it\",\"https:\/\/www.youtube.com\/channel\/UCuRVc4JW4-C5sg9rQB-srkw?view_as=subscriber\",\"https:\/\/twitter.com\/arteeluoghi\"],\"logo\":{\"@type\":\"ImageObject\",\"@id\":\"https:\/\/arteeluoghi.it\/#logo\",\"inLanguage\":\"it-IT\",\"url\":\"https:\/\/arteeluoghi.it\/wp-content\/uploads\/2018\/08\/logoinstagramarte.jpg\",\"contentUrl\":\"https:\/\/arteeluoghi.it\/wp-content\/uploads\/2018\/08\/logoinstagramarte.jpg\",\"width\":150,\"height\":150,\"caption\":\"Arte e Luoghi\"},\"image\":{\"@id\":\"https:\/\/arteeluoghi.it\/#logo\"}},{\"@type\":\"WebSite\",\"@id\":\"https:\/\/arteeluoghi.it\/#website\",\"url\":\"https:\/\/arteeluoghi.it\/\",\"name\":\"Arte e Luoghi\",\"description\":\"Mensile di arte, cultura, turismo e curiosit\u00e0\",\"publisher\":{\"@id\":\"https:\/\/arteeluoghi.it\/#organization\"},\"potentialAction\":[{\"@type\":\"SearchAction\",\"target\":{\"@type\":\"EntryPoint\",\"urlTemplate\":\"https:\/\/arteeluoghi.it\/?s={search_term_string}\"},\"query-input\":\"required name=search_term_string\"}],\"inLanguage\":\"it-IT\"},{\"@type\":\"ImageObject\",\"@id\":\"https:\/\/arteeluoghi.it\/index.php\/2024\/12\/22\/scolpire-la-cartapesta\/#primaryimage\",\"inLanguage\":\"it-IT\",\"url\":\"https:\/\/arteeluoghi.it\/wp-content\/uploads\/2024\/12\/dante-vincenti-donna-velata-2020-copia-3.jpg\",\"contentUrl\":\"https:\/\/arteeluoghi.it\/wp-content\/uploads\/2024\/12\/dante-vincenti-donna-velata-2020-copia-3.jpg\",\"width\":2362,\"height\":2362},{\"@type\":\"WebPage\",\"@id\":\"https:\/\/arteeluoghi.it\/index.php\/2024\/12\/22\/scolpire-la-cartapesta\/#webpage\",\"url\":\"https:\/\/arteeluoghi.it\/index.php\/2024\/12\/22\/scolpire-la-cartapesta\/\",\"name\":\"Scolpire la cartapesta | Arte e Luoghi\",\"isPartOf\":{\"@id\":\"https:\/\/arteeluoghi.it\/#website\"},\"primaryImageOfPage\":{\"@id\":\"https:\/\/arteeluoghi.it\/index.php\/2024\/12\/22\/scolpire-la-cartapesta\/#primaryimage\"},\"datePublished\":\"2024-12-22T10:58:09+00:00\",\"dateModified\":\"2024-12-22T10:58:19+00:00\",\"description\":\"Si apre il 27 dicembre ore 19 la mostra dello scultore Dante Vincenti. L'esposizione nelle sale dell'ex Conservatorio Sant'Anna di Lecce\",\"breadcrumb\":{\"@id\":\"https:\/\/arteeluoghi.it\/index.php\/2024\/12\/22\/scolpire-la-cartapesta\/#breadcrumb\"},\"inLanguage\":\"it-IT\",\"potentialAction\":[{\"@type\":\"ReadAction\",\"target\":[\"https:\/\/arteeluoghi.it\/index.php\/2024\/12\/22\/scolpire-la-cartapesta\/\"]}]},{\"@type\":\"BreadcrumbList\",\"@id\":\"https:\/\/arteeluoghi.it\/index.php\/2024\/12\/22\/scolpire-la-cartapesta\/#breadcrumb\",\"itemListElement\":[{\"@type\":\"ListItem\",\"position\":1,\"name\":\"Home\",\"item\":\"https:\/\/arteeluoghi.it\/\"},{\"@type\":\"ListItem\",\"position\":2,\"name\":\"Scolpire la cartapesta\"}]},{\"@type\":\"Article\",\"@id\":\"https:\/\/arteeluoghi.it\/index.php\/2024\/12\/22\/scolpire-la-cartapesta\/#article\",\"isPartOf\":{\"@id\":\"https:\/\/arteeluoghi.it\/index.php\/2024\/12\/22\/scolpire-la-cartapesta\/#webpage\"},\"author\":{\"@id\":\"https:\/\/arteeluoghi.it\/#\/schema\/person\/f84e814e36e91e01448ee07eaadd41d4\"},\"headline\":\"Scolpire la cartapesta\",\"datePublished\":\"2024-12-22T10:58:09+00:00\",\"dateModified\":\"2024-12-22T10:58:19+00:00\",\"mainEntityOfPage\":{\"@id\":\"https:\/\/arteeluoghi.it\/index.php\/2024\/12\/22\/scolpire-la-cartapesta\/#webpage\"},\"wordCount\":560,\"commentCount\":0,\"publisher\":{\"@id\":\"https:\/\/arteeluoghi.it\/#organization\"},\"image\":{\"@id\":\"https:\/\/arteeluoghi.it\/index.php\/2024\/12\/22\/scolpire-la-cartapesta\/#primaryimage\"},\"thumbnailUrl\":\"https:\/\/arteeluoghi.it\/wp-content\/uploads\/2024\/12\/dante-vincenti-donna-velata-2020-copia-3.jpg\",\"keywords\":[\"cartapesta\",\"Dante Vincenti\",\"scultura\"],\"articleSection\":[\"Arte\",\"Scultura\"],\"inLanguage\":\"it-IT\",\"potentialAction\":[{\"@type\":\"CommentAction\",\"name\":\"Comment\",\"target\":[\"https:\/\/arteeluoghi.it\/index.php\/2024\/12\/22\/scolpire-la-cartapesta\/#respond\"]}]},{\"@type\":\"Person\",\"@id\":\"https:\/\/arteeluoghi.it\/#\/schema\/person\/f84e814e36e91e01448ee07eaadd41d4\",\"name\":\"Staff\",\"image\":{\"@type\":\"ImageObject\",\"@id\":\"https:\/\/arteeluoghi.it\/#personlogo\",\"inLanguage\":\"it-IT\",\"url\":\"https:\/\/secure.gravatar.com\/avatar\/49d2f9e46271bb04e19cebfaf141313a?s=96&d=blank&r=g\",\"contentUrl\":\"https:\/\/secure.gravatar.com\/avatar\/49d2f9e46271bb04e19cebfaf141313a?s=96&d=blank&r=g\",\"caption\":\"Staff\"}}]}<\/script>\n<!-- \/ Yoast SEO plugin. -->","yoast_head_json":{"title":"Scolpire la cartapesta | Arte e Luoghi","description":"Si apre il 27 dicembre ore 19 la mostra dello scultore Dante Vincenti. L'esposizione nelle sale dell'ex Conservatorio Sant'Anna di Lecce","robots":{"index":"index","follow":"follow","max-snippet":"max-snippet:-1","max-image-preview":"max-image-preview:large","max-video-preview":"max-video-preview:-1"},"canonical":"https:\/\/arteeluoghi.it\/index.php\/2024\/12\/22\/scolpire-la-cartapesta\/","og_locale":"it_IT","og_type":"article","og_title":"Scolpire la cartapesta | Arte e Luoghi","og_description":"Si apre il 27 dicembre ore 19 la mostra dello scultore Dante Vincenti. L'esposizione nelle sale dell'ex Conservatorio Sant'Anna di Lecce","og_url":"https:\/\/arteeluoghi.it\/index.php\/2024\/12\/22\/scolpire-la-cartapesta\/","og_site_name":"Arte e Luoghi","article_publisher":"https:\/\/www.facebook.com\/ArteELuoghi\/","article_published_time":"2024-12-22T10:58:09+00:00","article_modified_time":"2024-12-22T10:58:19+00:00","og_image":[{"width":2362,"height":2362,"url":"https:\/\/arteeluoghi.it\/wp-content\/uploads\/2024\/12\/dante-vincenti-donna-velata-2020-copia-3.jpg","type":"image\/jpeg"}],"twitter_card":"summary","twitter_creator":"@arteeluoghi","twitter_site":"@arteeluoghi","twitter_misc":{"Scritto da":"Staff","Tempo di lettura stimato":"4 minuti"},"schema":{"@context":"https:\/\/schema.org","@graph":[{"@type":"Organization","@id":"https:\/\/arteeluoghi.it\/#organization","name":"Arte e Luoghi","url":"https:\/\/arteeluoghi.it\/","sameAs":["https:\/\/www.facebook.com\/ArteELuoghi\/","https:\/\/www.instagram.com\/arteeluoghi\/?hl=it","https:\/\/www.youtube.com\/channel\/UCuRVc4JW4-C5sg9rQB-srkw?view_as=subscriber","https:\/\/twitter.com\/arteeluoghi"],"logo":{"@type":"ImageObject","@id":"https:\/\/arteeluoghi.it\/#logo","inLanguage":"it-IT","url":"https:\/\/arteeluoghi.it\/wp-content\/uploads\/2018\/08\/logoinstagramarte.jpg","contentUrl":"https:\/\/arteeluoghi.it\/wp-content\/uploads\/2018\/08\/logoinstagramarte.jpg","width":150,"height":150,"caption":"Arte e Luoghi"},"image":{"@id":"https:\/\/arteeluoghi.it\/#logo"}},{"@type":"WebSite","@id":"https:\/\/arteeluoghi.it\/#website","url":"https:\/\/arteeluoghi.it\/","name":"Arte e Luoghi","description":"Mensile di arte, cultura, turismo e curiosit\u00e0","publisher":{"@id":"https:\/\/arteeluoghi.it\/#organization"},"potentialAction":[{"@type":"SearchAction","target":{"@type":"EntryPoint","urlTemplate":"https:\/\/arteeluoghi.it\/?s={search_term_string}"},"query-input":"required name=search_term_string"}],"inLanguage":"it-IT"},{"@type":"ImageObject","@id":"https:\/\/arteeluoghi.it\/index.php\/2024\/12\/22\/scolpire-la-cartapesta\/#primaryimage","inLanguage":"it-IT","url":"https:\/\/arteeluoghi.it\/wp-content\/uploads\/2024\/12\/dante-vincenti-donna-velata-2020-copia-3.jpg","contentUrl":"https:\/\/arteeluoghi.it\/wp-content\/uploads\/2024\/12\/dante-vincenti-donna-velata-2020-copia-3.jpg","width":2362,"height":2362},{"@type":"WebPage","@id":"https:\/\/arteeluoghi.it\/index.php\/2024\/12\/22\/scolpire-la-cartapesta\/#webpage","url":"https:\/\/arteeluoghi.it\/index.php\/2024\/12\/22\/scolpire-la-cartapesta\/","name":"Scolpire la cartapesta | Arte e Luoghi","isPartOf":{"@id":"https:\/\/arteeluoghi.it\/#website"},"primaryImageOfPage":{"@id":"https:\/\/arteeluoghi.it\/index.php\/2024\/12\/22\/scolpire-la-cartapesta\/#primaryimage"},"datePublished":"2024-12-22T10:58:09+00:00","dateModified":"2024-12-22T10:58:19+00:00","description":"Si apre il 27 dicembre ore 19 la mostra dello scultore Dante Vincenti. L'esposizione nelle sale dell'ex Conservatorio Sant'Anna di Lecce","breadcrumb":{"@id":"https:\/\/arteeluoghi.it\/index.php\/2024\/12\/22\/scolpire-la-cartapesta\/#breadcrumb"},"inLanguage":"it-IT","potentialAction":[{"@type":"ReadAction","target":["https:\/\/arteeluoghi.it\/index.php\/2024\/12\/22\/scolpire-la-cartapesta\/"]}]},{"@type":"BreadcrumbList","@id":"https:\/\/arteeluoghi.it\/index.php\/2024\/12\/22\/scolpire-la-cartapesta\/#breadcrumb","itemListElement":[{"@type":"ListItem","position":1,"name":"Home","item":"https:\/\/arteeluoghi.it\/"},{"@type":"ListItem","position":2,"name":"Scolpire la cartapesta"}]},{"@type":"Article","@id":"https:\/\/arteeluoghi.it\/index.php\/2024\/12\/22\/scolpire-la-cartapesta\/#article","isPartOf":{"@id":"https:\/\/arteeluoghi.it\/index.php\/2024\/12\/22\/scolpire-la-cartapesta\/#webpage"},"author":{"@id":"https:\/\/arteeluoghi.it\/#\/schema\/person\/f84e814e36e91e01448ee07eaadd41d4"},"headline":"Scolpire la cartapesta","datePublished":"2024-12-22T10:58:09+00:00","dateModified":"2024-12-22T10:58:19+00:00","mainEntityOfPage":{"@id":"https:\/\/arteeluoghi.it\/index.php\/2024\/12\/22\/scolpire-la-cartapesta\/#webpage"},"wordCount":560,"commentCount":0,"publisher":{"@id":"https:\/\/arteeluoghi.it\/#organization"},"image":{"@id":"https:\/\/arteeluoghi.it\/index.php\/2024\/12\/22\/scolpire-la-cartapesta\/#primaryimage"},"thumbnailUrl":"https:\/\/arteeluoghi.it\/wp-content\/uploads\/2024\/12\/dante-vincenti-donna-velata-2020-copia-3.jpg","keywords":["cartapesta","Dante Vincenti","scultura"],"articleSection":["Arte","Scultura"],"inLanguage":"it-IT","potentialAction":[{"@type":"CommentAction","name":"Comment","target":["https:\/\/arteeluoghi.it\/index.php\/2024\/12\/22\/scolpire-la-cartapesta\/#respond"]}]},{"@type":"Person","@id":"https:\/\/arteeluoghi.it\/#\/schema\/person\/f84e814e36e91e01448ee07eaadd41d4","name":"Staff","image":{"@type":"ImageObject","@id":"https:\/\/arteeluoghi.it\/#personlogo","inLanguage":"it-IT","url":"https:\/\/secure.gravatar.com\/avatar\/49d2f9e46271bb04e19cebfaf141313a?s=96&d=blank&r=g","contentUrl":"https:\/\/secure.gravatar.com\/avatar\/49d2f9e46271bb04e19cebfaf141313a?s=96&d=blank&r=g","caption":"Staff"}}]}},"_links":{"self":[{"href":"https:\/\/arteeluoghi.it\/index.php\/wp-json\/wp\/v2\/posts\/15038"}],"collection":[{"href":"https:\/\/arteeluoghi.it\/index.php\/wp-json\/wp\/v2\/posts"}],"about":[{"href":"https:\/\/arteeluoghi.it\/index.php\/wp-json\/wp\/v2\/types\/post"}],"author":[{"embeddable":true,"href":"https:\/\/arteeluoghi.it\/index.php\/wp-json\/wp\/v2\/users\/1"}],"replies":[{"embeddable":true,"href":"https:\/\/arteeluoghi.it\/index.php\/wp-json\/wp\/v2\/comments?post=15038"}],"version-history":[{"count":2,"href":"https:\/\/arteeluoghi.it\/index.php\/wp-json\/wp\/v2\/posts\/15038\/revisions"}],"predecessor-version":[{"id":15043,"href":"https:\/\/arteeluoghi.it\/index.php\/wp-json\/wp\/v2\/posts\/15038\/revisions\/15043"}],"wp:featuredmedia":[{"embeddable":true,"href":"https:\/\/arteeluoghi.it\/index.php\/wp-json\/wp\/v2\/media\/15039"}],"wp:attachment":[{"href":"https:\/\/arteeluoghi.it\/index.php\/wp-json\/wp\/v2\/media?parent=15038"}],"wp:term":[{"taxonomy":"category","embeddable":true,"href":"https:\/\/arteeluoghi.it\/index.php\/wp-json\/wp\/v2\/categories?post=15038"},{"taxonomy":"post_tag","embeddable":true,"href":"https:\/\/arteeluoghi.it\/index.php\/wp-json\/wp\/v2\/tags?post=15038"}],"curies":[{"name":"wp","href":"https:\/\/api.w.org\/{rel}","templated":true}]}}