{"id":15054,"date":"2024-12-26T16:34:00","date_gmt":"2024-12-26T15:34:00","guid":{"rendered":"https:\/\/arteeluoghi.it\/?p=15054"},"modified":"2024-12-28T18:34:46","modified_gmt":"2024-12-28T17:34:46","slug":"bds-stage-la-terza-edizione-curata-dallassociazione-darte-eps","status":"publish","type":"post","link":"https:\/\/arteeluoghi.it\/index.php\/2024\/12\/26\/bds-stage-la-terza-edizione-curata-dallassociazione-darte-eps\/","title":{"rendered":"Bds Stage, la terza edizione curata dall&#8217;associazione d&#8217;Arte EPS"},"content":{"rendered":"\n<blockquote class=\"wp-block-quote\"><p>Con la\u00a0direzione artistica di Vera Giannetto, lo stage avr\u00e0 luogo\u00a0il 27 e 28 dicembre negli ampi spazi di Coc\u00f9\u00a0gestito dall\u2019Associazione D\u2019Arte EPS<\/p><\/blockquote>\n\n\n\n<p>La terza edizione del&nbsp;<strong>BdS Stage<\/strong>&nbsp;ne certifica ancor di pi\u00f9 la riuscita che ha avuto in questi anni e la sua crescita esponenziale, con docenti di livello dai curricula eccezionali e un&#8217;organizzazione impeccabile.<\/p>\n\n\n\n<p>L&#8217;evento, realizzato con la&nbsp;<strong>direzione artistica di Vera Giannetto<\/strong>, avr\u00e0 luogo&nbsp;<strong>il 27 e 28 dicembre negli ampi spazi di COC\u00f9<\/strong>&nbsp;gestito dall\u2019Associazione D\u2019Arte EPS e di cui la Maestra Giannetto \u00e8 presidente e incaricata della direzione artistica:: lo stage sar\u00e0 anche quest&#8217;anno un\u2019occasione di crescita ma soprattutto di perfezionamento per allievi e ballerini che potranno relazionarsi con grandi professionisti della danza e dello spettacolo in una serie di lezioni e workshop durante il periodo delle feste natalizie.<\/p>\n\n\n\n<!--more-->\n\n\n\n<p>L&#8217;obiettivo \u00e8 quello di consentire a giovani allievi ma anche a ballerini professionisti di entrare in contatto, formarsi e affinare il proprio stile con nomi della danza contemporanea, modern, classica che vantano un curriculum straordinario tra compagnie, produzioni e direzione di programmi e spettacoli, dalla tv al teatro passando anche per il cinema. Nel corso dello stage, saranno assegnate delle borse di studio date direttamente dai Maestri che permetteranno ai ragazzi di entrare in percorsi formativi e approfondire lo studio della danza.<\/p>\n\n\n\n<p>Quattro gli altisonanti nomi:<\/p>\n\n\n\n<p><strong>Fabrizio Prolli<\/strong>, ballerino e coreografo per i pi\u00f9 grandi eventi televisivi e teatrali, live concert e show, ballerino professionista, assistente e co coreografo di Veronica Peparini ad AMICI sotto la direzione artistica di Giuliano Peparini e ballerino nel tour europeo di Kylie Minogue; co-coreografo e assistente alle coreografie per Alessandra Amoroso, Giorgia, Elisa, Tiziano Ferro e Claudio Baglioni; inoltre coreografo di diverse trasmissioni come Viva Rai Due.<\/p>\n\n\n\n<p><strong>Olivieri Bifulco<\/strong>, diplomato presso la Scuola di Ballo del Teatro alla Scala danza sotto la direzione di Fr\u00e9d\u00e9ric Olivieri, vincitore della borsa di studio presso la San Francisco Ballet School.&nbsp; All\u2019Opera di Bordeaux danza i pi\u00f9 grandi titoli del repertorio classico come lo \u201cSchiaccianoci\u201d, assieme a titoli pi\u00f9 contemporanei con le coreografie di Prejocaj, B\u00e9jart e Kylian. Approda al Talent di \u201cAmici di Maria De Filippi\u201d, facendosi apprezzare per il suo talento e la sua sensibilit\u00e0. Riceve il premio \u00e9toile del domani ed \u00e8 ospite al gala di \u201cMoncalvo in danza\u201d dove si esibisce davanti a Carla Fracci. La sua prima produzione \u201cCan\u2019t Believe the way we flow,\u201d di cui cura la regia e le coreografie, va in scena presso il Teatro Fraschini di Pavia.<\/p>\n\n\n\n<p><strong>Andrea Scazzi<\/strong>, ballerino professionista ad AMICI, in Romeo&amp;Giulietta ama e cambia il Mondo &#8211; coreografia di Giuliano Peparini, per il Festival K\u00ebnga Magjike &#8211; Tirana.<br>Assistente coreografo di Veronica Peparini per Alessandra Amoroso, Noemi ed Elisa.<\/p>\n\n\n\n<p><strong>Serena Bovino<\/strong>, ballerina professionista, ballerina per Bill Goodson e Lukas McFarlane; ballerina nel tour di Claudio Baglioni ed Alessandra Amoroso e nei Videclips di Carmen Consoli e Sergio Sylvestre. Partecipa in qualit\u00e0 di ballerina professionista al Wind Music Awards per Clean Bandit e negli spettacoli Nova Nordisk- Marco Bebu BL production Roma e Resextensa Dance Company.<\/p>\n\n\n\n<p>Uno staff docenti incredibile, contemporaneo, noto e qualificato sar\u00e0 quindi a disposizione degli allievi in due giorni densi di emozioni a passo di danza.<\/p>\n\n\n\n<p><em>Per info:<\/em><\/p>\n\n\n\n<p><em>Tel. 3283081762 \/ 3476659034<\/em><\/p>\n\n\n\n<p><em><a href=\"mailto:ballettodelsalento16@gmail.com\" target=\"_blank\" rel=\"noreferrer noopener\">ballettodelsalento16@gmail.com<\/a>\u00a0<\/em><\/p>\n\n\n\n<p>(fonte: comunicato stampa)<\/p>\n","protected":false},"excerpt":{"rendered":"<p>Con la\u00a0direzione artistica di Vera Giannetto, lo stage avr\u00e0 luogo\u00a0il 27 e 28 dicembre negli ampi spazi di Coc\u00f9\u00a0gestito dall\u2019Associazione<\/p>\n","protected":false},"author":1,"featured_media":15055,"comment_status":"open","ping_status":"open","sticky":true,"template":"","format":"standard","meta":[],"categories":[15],"tags":[6338,6335,547,6336,6337,1873],"yoast_head":"<!-- This site is optimized with the Yoast SEO plugin v18.0 - https:\/\/yoast.com\/wordpress\/plugins\/seo\/ -->\n<title>Bds Stage, la terza edizione curata dall&#039;associazione d&#039;Arte EPS | Arte e Luoghi<\/title>\n<meta name=\"description\" content=\"Con la direzione artistica di Vera Giannetto, lo stage avr\u00e0 luogo il 27 e 28 dicembre negli ampi spazi di COC\u00f9 gestito\" \/>\n<meta name=\"robots\" content=\"index, follow, max-snippet:-1, max-image-preview:large, max-video-preview:-1\" \/>\n<link rel=\"canonical\" href=\"https:\/\/arteeluoghi.it\/index.php\/2024\/12\/26\/bds-stage-la-terza-edizione-curata-dallassociazione-darte-eps\/\" \/>\n<meta property=\"og:locale\" content=\"it_IT\" \/>\n<meta property=\"og:type\" content=\"article\" \/>\n<meta property=\"og:title\" content=\"Bds Stage, la terza edizione curata dall&#039;associazione d&#039;Arte EPS | Arte e Luoghi\" \/>\n<meta property=\"og:description\" content=\"Con la direzione artistica di Vera Giannetto, lo stage avr\u00e0 luogo il 27 e 28 dicembre negli ampi spazi di COC\u00f9 gestito\" \/>\n<meta property=\"og:url\" content=\"https:\/\/arteeluoghi.it\/index.php\/2024\/12\/26\/bds-stage-la-terza-edizione-curata-dallassociazione-darte-eps\/\" \/>\n<meta property=\"og:site_name\" content=\"Arte e Luoghi\" \/>\n<meta property=\"article:publisher\" content=\"https:\/\/www.facebook.com\/ArteELuoghi\/\" \/>\n<meta property=\"article:published_time\" content=\"2024-12-26T15:34:00+00:00\" \/>\n<meta property=\"article:modified_time\" content=\"2024-12-28T17:34:46+00:00\" \/>\n<meta property=\"og:image\" content=\"https:\/\/arteeluoghi.it\/wp-content\/uploads\/2024\/12\/Locandina-1.jpg\" \/>\n\t<meta property=\"og:image:width\" content=\"1600\" \/>\n\t<meta property=\"og:image:height\" content=\"1600\" \/>\n\t<meta property=\"og:image:type\" content=\"image\/jpeg\" \/>\n<meta name=\"twitter:card\" content=\"summary\" \/>\n<meta name=\"twitter:creator\" content=\"@arteeluoghi\" \/>\n<meta name=\"twitter:site\" content=\"@arteeluoghi\" \/>\n<meta name=\"twitter:label1\" content=\"Scritto da\" \/>\n\t<meta name=\"twitter:data1\" content=\"Staff\" \/>\n\t<meta name=\"twitter:label2\" content=\"Tempo di lettura stimato\" \/>\n\t<meta name=\"twitter:data2\" content=\"3 minuti\" \/>\n<script type=\"application\/ld+json\" class=\"yoast-schema-graph\">{\"@context\":\"https:\/\/schema.org\",\"@graph\":[{\"@type\":\"Organization\",\"@id\":\"https:\/\/arteeluoghi.it\/#organization\",\"name\":\"Arte e Luoghi\",\"url\":\"https:\/\/arteeluoghi.it\/\",\"sameAs\":[\"https:\/\/www.facebook.com\/ArteELuoghi\/\",\"https:\/\/www.instagram.com\/arteeluoghi\/?hl=it\",\"https:\/\/www.youtube.com\/channel\/UCuRVc4JW4-C5sg9rQB-srkw?view_as=subscriber\",\"https:\/\/twitter.com\/arteeluoghi\"],\"logo\":{\"@type\":\"ImageObject\",\"@id\":\"https:\/\/arteeluoghi.it\/#logo\",\"inLanguage\":\"it-IT\",\"url\":\"https:\/\/arteeluoghi.it\/wp-content\/uploads\/2018\/08\/logoinstagramarte.jpg\",\"contentUrl\":\"https:\/\/arteeluoghi.it\/wp-content\/uploads\/2018\/08\/logoinstagramarte.jpg\",\"width\":150,\"height\":150,\"caption\":\"Arte e Luoghi\"},\"image\":{\"@id\":\"https:\/\/arteeluoghi.it\/#logo\"}},{\"@type\":\"WebSite\",\"@id\":\"https:\/\/arteeluoghi.it\/#website\",\"url\":\"https:\/\/arteeluoghi.it\/\",\"name\":\"Arte e Luoghi\",\"description\":\"Mensile di arte, cultura, turismo e curiosit\u00e0\",\"publisher\":{\"@id\":\"https:\/\/arteeluoghi.it\/#organization\"},\"potentialAction\":[{\"@type\":\"SearchAction\",\"target\":{\"@type\":\"EntryPoint\",\"urlTemplate\":\"https:\/\/arteeluoghi.it\/?s={search_term_string}\"},\"query-input\":\"required name=search_term_string\"}],\"inLanguage\":\"it-IT\"},{\"@type\":\"ImageObject\",\"@id\":\"https:\/\/arteeluoghi.it\/index.php\/2024\/12\/26\/bds-stage-la-terza-edizione-curata-dallassociazione-darte-eps\/#primaryimage\",\"inLanguage\":\"it-IT\",\"url\":\"https:\/\/arteeluoghi.it\/wp-content\/uploads\/2024\/12\/Locandina-1.jpg\",\"contentUrl\":\"https:\/\/arteeluoghi.it\/wp-content\/uploads\/2024\/12\/Locandina-1.jpg\",\"width\":1600,\"height\":1600},{\"@type\":\"WebPage\",\"@id\":\"https:\/\/arteeluoghi.it\/index.php\/2024\/12\/26\/bds-stage-la-terza-edizione-curata-dallassociazione-darte-eps\/#webpage\",\"url\":\"https:\/\/arteeluoghi.it\/index.php\/2024\/12\/26\/bds-stage-la-terza-edizione-curata-dallassociazione-darte-eps\/\",\"name\":\"Bds Stage, la terza edizione curata dall'associazione d'Arte EPS | Arte e Luoghi\",\"isPartOf\":{\"@id\":\"https:\/\/arteeluoghi.it\/#website\"},\"primaryImageOfPage\":{\"@id\":\"https:\/\/arteeluoghi.it\/index.php\/2024\/12\/26\/bds-stage-la-terza-edizione-curata-dallassociazione-darte-eps\/#primaryimage\"},\"datePublished\":\"2024-12-26T15:34:00+00:00\",\"dateModified\":\"2024-12-28T17:34:46+00:00\",\"description\":\"Con la direzione artistica di Vera Giannetto, lo stage avr\u00e0 luogo il 27 e 28 dicembre negli ampi spazi di COC\u00f9 gestito\",\"breadcrumb\":{\"@id\":\"https:\/\/arteeluoghi.it\/index.php\/2024\/12\/26\/bds-stage-la-terza-edizione-curata-dallassociazione-darte-eps\/#breadcrumb\"},\"inLanguage\":\"it-IT\",\"potentialAction\":[{\"@type\":\"ReadAction\",\"target\":[\"https:\/\/arteeluoghi.it\/index.php\/2024\/12\/26\/bds-stage-la-terza-edizione-curata-dallassociazione-darte-eps\/\"]}]},{\"@type\":\"BreadcrumbList\",\"@id\":\"https:\/\/arteeluoghi.it\/index.php\/2024\/12\/26\/bds-stage-la-terza-edizione-curata-dallassociazione-darte-eps\/#breadcrumb\",\"itemListElement\":[{\"@type\":\"ListItem\",\"position\":1,\"name\":\"Home\",\"item\":\"https:\/\/arteeluoghi.it\/\"},{\"@type\":\"ListItem\",\"position\":2,\"name\":\"Bds Stage, la terza edizione curata dall&#8217;associazione d&#8217;Arte EPS\"}]},{\"@type\":\"Article\",\"@id\":\"https:\/\/arteeluoghi.it\/index.php\/2024\/12\/26\/bds-stage-la-terza-edizione-curata-dallassociazione-darte-eps\/#article\",\"isPartOf\":{\"@id\":\"https:\/\/arteeluoghi.it\/index.php\/2024\/12\/26\/bds-stage-la-terza-edizione-curata-dallassociazione-darte-eps\/#webpage\"},\"author\":{\"@id\":\"https:\/\/arteeluoghi.it\/#\/schema\/person\/f84e814e36e91e01448ee07eaadd41d4\"},\"headline\":\"Bds Stage, la terza edizione curata dall&#8217;associazione d&#8217;Arte EPS\",\"datePublished\":\"2024-12-26T15:34:00+00:00\",\"dateModified\":\"2024-12-28T17:34:46+00:00\",\"mainEntityOfPage\":{\"@id\":\"https:\/\/arteeluoghi.it\/index.php\/2024\/12\/26\/bds-stage-la-terza-edizione-curata-dallassociazione-darte-eps\/#webpage\"},\"wordCount\":561,\"commentCount\":0,\"publisher\":{\"@id\":\"https:\/\/arteeluoghi.it\/#organization\"},\"image\":{\"@id\":\"https:\/\/arteeluoghi.it\/index.php\/2024\/12\/26\/bds-stage-la-terza-edizione-curata-dallassociazione-darte-eps\/#primaryimage\"},\"thumbnailUrl\":\"https:\/\/arteeluoghi.it\/wp-content\/uploads\/2024\/12\/Locandina-1.jpg\",\"keywords\":[\"Andrea Scazzi\",\"BdS Stage\",\"danza\",\"Fabrizio Prolli\",\"Olivieri Bifulco\",\"Vera Giannetto\"],\"articleSection\":[\"danza\"],\"inLanguage\":\"it-IT\",\"potentialAction\":[{\"@type\":\"CommentAction\",\"name\":\"Comment\",\"target\":[\"https:\/\/arteeluoghi.it\/index.php\/2024\/12\/26\/bds-stage-la-terza-edizione-curata-dallassociazione-darte-eps\/#respond\"]}]},{\"@type\":\"Person\",\"@id\":\"https:\/\/arteeluoghi.it\/#\/schema\/person\/f84e814e36e91e01448ee07eaadd41d4\",\"name\":\"Staff\",\"image\":{\"@type\":\"ImageObject\",\"@id\":\"https:\/\/arteeluoghi.it\/#personlogo\",\"inLanguage\":\"it-IT\",\"url\":\"https:\/\/secure.gravatar.com\/avatar\/49d2f9e46271bb04e19cebfaf141313a?s=96&d=blank&r=g\",\"contentUrl\":\"https:\/\/secure.gravatar.com\/avatar\/49d2f9e46271bb04e19cebfaf141313a?s=96&d=blank&r=g\",\"caption\":\"Staff\"}}]}<\/script>\n<!-- \/ Yoast SEO plugin. -->","yoast_head_json":{"title":"Bds Stage, la terza edizione curata dall'associazione d'Arte EPS | Arte e Luoghi","description":"Con la direzione artistica di Vera Giannetto, lo stage avr\u00e0 luogo il 27 e 28 dicembre negli ampi spazi di COC\u00f9 gestito","robots":{"index":"index","follow":"follow","max-snippet":"max-snippet:-1","max-image-preview":"max-image-preview:large","max-video-preview":"max-video-preview:-1"},"canonical":"https:\/\/arteeluoghi.it\/index.php\/2024\/12\/26\/bds-stage-la-terza-edizione-curata-dallassociazione-darte-eps\/","og_locale":"it_IT","og_type":"article","og_title":"Bds Stage, la terza edizione curata dall'associazione d'Arte EPS | Arte e Luoghi","og_description":"Con la direzione artistica di Vera Giannetto, lo stage avr\u00e0 luogo il 27 e 28 dicembre negli ampi spazi di COC\u00f9 gestito","og_url":"https:\/\/arteeluoghi.it\/index.php\/2024\/12\/26\/bds-stage-la-terza-edizione-curata-dallassociazione-darte-eps\/","og_site_name":"Arte e Luoghi","article_publisher":"https:\/\/www.facebook.com\/ArteELuoghi\/","article_published_time":"2024-12-26T15:34:00+00:00","article_modified_time":"2024-12-28T17:34:46+00:00","og_image":[{"width":1600,"height":1600,"url":"https:\/\/arteeluoghi.it\/wp-content\/uploads\/2024\/12\/Locandina-1.jpg","type":"image\/jpeg"}],"twitter_card":"summary","twitter_creator":"@arteeluoghi","twitter_site":"@arteeluoghi","twitter_misc":{"Scritto da":"Staff","Tempo di lettura stimato":"3 minuti"},"schema":{"@context":"https:\/\/schema.org","@graph":[{"@type":"Organization","@id":"https:\/\/arteeluoghi.it\/#organization","name":"Arte e Luoghi","url":"https:\/\/arteeluoghi.it\/","sameAs":["https:\/\/www.facebook.com\/ArteELuoghi\/","https:\/\/www.instagram.com\/arteeluoghi\/?hl=it","https:\/\/www.youtube.com\/channel\/UCuRVc4JW4-C5sg9rQB-srkw?view_as=subscriber","https:\/\/twitter.com\/arteeluoghi"],"logo":{"@type":"ImageObject","@id":"https:\/\/arteeluoghi.it\/#logo","inLanguage":"it-IT","url":"https:\/\/arteeluoghi.it\/wp-content\/uploads\/2018\/08\/logoinstagramarte.jpg","contentUrl":"https:\/\/arteeluoghi.it\/wp-content\/uploads\/2018\/08\/logoinstagramarte.jpg","width":150,"height":150,"caption":"Arte e Luoghi"},"image":{"@id":"https:\/\/arteeluoghi.it\/#logo"}},{"@type":"WebSite","@id":"https:\/\/arteeluoghi.it\/#website","url":"https:\/\/arteeluoghi.it\/","name":"Arte e Luoghi","description":"Mensile di arte, cultura, turismo e curiosit\u00e0","publisher":{"@id":"https:\/\/arteeluoghi.it\/#organization"},"potentialAction":[{"@type":"SearchAction","target":{"@type":"EntryPoint","urlTemplate":"https:\/\/arteeluoghi.it\/?s={search_term_string}"},"query-input":"required name=search_term_string"}],"inLanguage":"it-IT"},{"@type":"ImageObject","@id":"https:\/\/arteeluoghi.it\/index.php\/2024\/12\/26\/bds-stage-la-terza-edizione-curata-dallassociazione-darte-eps\/#primaryimage","inLanguage":"it-IT","url":"https:\/\/arteeluoghi.it\/wp-content\/uploads\/2024\/12\/Locandina-1.jpg","contentUrl":"https:\/\/arteeluoghi.it\/wp-content\/uploads\/2024\/12\/Locandina-1.jpg","width":1600,"height":1600},{"@type":"WebPage","@id":"https:\/\/arteeluoghi.it\/index.php\/2024\/12\/26\/bds-stage-la-terza-edizione-curata-dallassociazione-darte-eps\/#webpage","url":"https:\/\/arteeluoghi.it\/index.php\/2024\/12\/26\/bds-stage-la-terza-edizione-curata-dallassociazione-darte-eps\/","name":"Bds Stage, la terza edizione curata dall'associazione d'Arte EPS | Arte e Luoghi","isPartOf":{"@id":"https:\/\/arteeluoghi.it\/#website"},"primaryImageOfPage":{"@id":"https:\/\/arteeluoghi.it\/index.php\/2024\/12\/26\/bds-stage-la-terza-edizione-curata-dallassociazione-darte-eps\/#primaryimage"},"datePublished":"2024-12-26T15:34:00+00:00","dateModified":"2024-12-28T17:34:46+00:00","description":"Con la direzione artistica di Vera Giannetto, lo stage avr\u00e0 luogo il 27 e 28 dicembre negli ampi spazi di COC\u00f9 gestito","breadcrumb":{"@id":"https:\/\/arteeluoghi.it\/index.php\/2024\/12\/26\/bds-stage-la-terza-edizione-curata-dallassociazione-darte-eps\/#breadcrumb"},"inLanguage":"it-IT","potentialAction":[{"@type":"ReadAction","target":["https:\/\/arteeluoghi.it\/index.php\/2024\/12\/26\/bds-stage-la-terza-edizione-curata-dallassociazione-darte-eps\/"]}]},{"@type":"BreadcrumbList","@id":"https:\/\/arteeluoghi.it\/index.php\/2024\/12\/26\/bds-stage-la-terza-edizione-curata-dallassociazione-darte-eps\/#breadcrumb","itemListElement":[{"@type":"ListItem","position":1,"name":"Home","item":"https:\/\/arteeluoghi.it\/"},{"@type":"ListItem","position":2,"name":"Bds Stage, la terza edizione curata dall&#8217;associazione d&#8217;Arte EPS"}]},{"@type":"Article","@id":"https:\/\/arteeluoghi.it\/index.php\/2024\/12\/26\/bds-stage-la-terza-edizione-curata-dallassociazione-darte-eps\/#article","isPartOf":{"@id":"https:\/\/arteeluoghi.it\/index.php\/2024\/12\/26\/bds-stage-la-terza-edizione-curata-dallassociazione-darte-eps\/#webpage"},"author":{"@id":"https:\/\/arteeluoghi.it\/#\/schema\/person\/f84e814e36e91e01448ee07eaadd41d4"},"headline":"Bds Stage, la terza edizione curata dall&#8217;associazione d&#8217;Arte EPS","datePublished":"2024-12-26T15:34:00+00:00","dateModified":"2024-12-28T17:34:46+00:00","mainEntityOfPage":{"@id":"https:\/\/arteeluoghi.it\/index.php\/2024\/12\/26\/bds-stage-la-terza-edizione-curata-dallassociazione-darte-eps\/#webpage"},"wordCount":561,"commentCount":0,"publisher":{"@id":"https:\/\/arteeluoghi.it\/#organization"},"image":{"@id":"https:\/\/arteeluoghi.it\/index.php\/2024\/12\/26\/bds-stage-la-terza-edizione-curata-dallassociazione-darte-eps\/#primaryimage"},"thumbnailUrl":"https:\/\/arteeluoghi.it\/wp-content\/uploads\/2024\/12\/Locandina-1.jpg","keywords":["Andrea Scazzi","BdS Stage","danza","Fabrizio Prolli","Olivieri Bifulco","Vera Giannetto"],"articleSection":["danza"],"inLanguage":"it-IT","potentialAction":[{"@type":"CommentAction","name":"Comment","target":["https:\/\/arteeluoghi.it\/index.php\/2024\/12\/26\/bds-stage-la-terza-edizione-curata-dallassociazione-darte-eps\/#respond"]}]},{"@type":"Person","@id":"https:\/\/arteeluoghi.it\/#\/schema\/person\/f84e814e36e91e01448ee07eaadd41d4","name":"Staff","image":{"@type":"ImageObject","@id":"https:\/\/arteeluoghi.it\/#personlogo","inLanguage":"it-IT","url":"https:\/\/secure.gravatar.com\/avatar\/49d2f9e46271bb04e19cebfaf141313a?s=96&d=blank&r=g","contentUrl":"https:\/\/secure.gravatar.com\/avatar\/49d2f9e46271bb04e19cebfaf141313a?s=96&d=blank&r=g","caption":"Staff"}}]}},"_links":{"self":[{"href":"https:\/\/arteeluoghi.it\/index.php\/wp-json\/wp\/v2\/posts\/15054"}],"collection":[{"href":"https:\/\/arteeluoghi.it\/index.php\/wp-json\/wp\/v2\/posts"}],"about":[{"href":"https:\/\/arteeluoghi.it\/index.php\/wp-json\/wp\/v2\/types\/post"}],"author":[{"embeddable":true,"href":"https:\/\/arteeluoghi.it\/index.php\/wp-json\/wp\/v2\/users\/1"}],"replies":[{"embeddable":true,"href":"https:\/\/arteeluoghi.it\/index.php\/wp-json\/wp\/v2\/comments?post=15054"}],"version-history":[{"count":2,"href":"https:\/\/arteeluoghi.it\/index.php\/wp-json\/wp\/v2\/posts\/15054\/revisions"}],"predecessor-version":[{"id":15061,"href":"https:\/\/arteeluoghi.it\/index.php\/wp-json\/wp\/v2\/posts\/15054\/revisions\/15061"}],"wp:featuredmedia":[{"embeddable":true,"href":"https:\/\/arteeluoghi.it\/index.php\/wp-json\/wp\/v2\/media\/15055"}],"wp:attachment":[{"href":"https:\/\/arteeluoghi.it\/index.php\/wp-json\/wp\/v2\/media?parent=15054"}],"wp:term":[{"taxonomy":"category","embeddable":true,"href":"https:\/\/arteeluoghi.it\/index.php\/wp-json\/wp\/v2\/categories?post=15054"},{"taxonomy":"post_tag","embeddable":true,"href":"https:\/\/arteeluoghi.it\/index.php\/wp-json\/wp\/v2\/tags?post=15054"}],"curies":[{"name":"wp","href":"https:\/\/api.w.org\/{rel}","templated":true}]}}