{"id":15062,"date":"2024-12-29T21:30:23","date_gmt":"2024-12-29T20:30:23","guid":{"rendered":"https:\/\/arteeluoghi.it\/?p=15062"},"modified":"2024-12-29T21:30:24","modified_gmt":"2024-12-29T20:30:24","slug":"il-vitti-doro-a-lina-sastri-consegnato-dalla-conduttrice-pugliese-barbara-politi","status":"publish","type":"post","link":"https:\/\/arteeluoghi.it\/index.php\/2024\/12\/29\/il-vitti-doro-a-lina-sastri-consegnato-dalla-conduttrice-pugliese-barbara-politi\/","title":{"rendered":"Il Vitti d\u2019Oro a Lina Sastri consegnato dalla conduttrice pugliese Barbara Politi"},"content":{"rendered":"\n<blockquote class=\"wp-block-quote is-style-default\"><p>Il Premio trasmesso su Rai 1 ha visto tra i premiati anche Michele Placido, Massimo Boldi, Edoardo Leo, Francesca Fagnani<\/p><\/blockquote>\n\n\n\n<p>\u00c8 stata la giornalista professionista e conduttrice televisiva Barbara Politi a consegnare uno dei prestigiosi Vitti d\u2019Oro 2024 destinati a nomi illustri del cinema e del teatro italiani. La conduttrice pugliese ha premiato Lina Sastri, poliedrica artista napoletana che si \u00e8 contraddistinta per il talento manifestato nel film \u201cLa Casa di Ninetta\u201d, durante la serata di premiazioni andata in onda ieri sera su Rai 1. Sul palco del Premio Monica Vitti, condotto da Angelina Tuccia e Claudio Guerrieri, fra gli altri premiati, anche Massimo Boldi, Michele Placido, Edoardo Leo e Francesca Fagnani. La seconda edizione del premio dedicato all\u2019indimenticabile attrice ha visto la regia di Guido Faro, coadiuvato dalla produttrice Eleonora Canuti e dal team di autori composto da Tommaso Martinelli, Luigi Miliucci e Sacha Lunatici.<\/p>\n\n\n\n<p><em>\u201cConsegnare il Vitti d\u2019Oro a una regina dell\u2019arte italiana come Lina Sastri \u00e8 stata un\u2019emozione indescrivibile. Fra l\u2019altro lei \u00e8 una napoletana doc, una citt\u00e0 che amo profondamente. Ringrazio Angelo Maietta, gli autori, la produzione, per questa incredibile opportunit\u00e0, auspicando per il cinema italiano di continuare a splendere sempre\u201d.<\/em><\/p>\n\n\n\n<p>(fonte: comunicato stampa)<\/p>\n","protected":false},"excerpt":{"rendered":"<p>Il Premio trasmesso su Rai 1 ha visto tra i premiati anche Michele Placido, Massimo Boldi, Edoardo Leo, Francesca Fagnani<\/p>\n","protected":false},"author":1,"featured_media":15063,"comment_status":"open","ping_status":"open","sticky":true,"template":"","format":"standard","meta":[],"categories":[28],"tags":[2653,6308,6342],"yoast_head":"<!-- This site is optimized with the Yoast SEO plugin v18.0 - https:\/\/yoast.com\/wordpress\/plugins\/seo\/ -->\n<title>Il Vitti d\u2019Oro a Lina Sastri consegnato dalla conduttrice pugliese Barbara Politi | Arte e Luoghi<\/title>\n<meta name=\"description\" content=\"Il Premio trasmesso su Rai 1 ha visto tra i premiati anche Michele Placido, Massimo Boldi, Edoardo Leo, Francesca Fagnani\" \/>\n<meta name=\"robots\" content=\"index, follow, max-snippet:-1, max-image-preview:large, max-video-preview:-1\" \/>\n<link rel=\"canonical\" href=\"https:\/\/arteeluoghi.it\/index.php\/2024\/12\/29\/il-vitti-doro-a-lina-sastri-consegnato-dalla-conduttrice-pugliese-barbara-politi\/\" \/>\n<meta property=\"og:locale\" content=\"it_IT\" \/>\n<meta property=\"og:type\" content=\"article\" \/>\n<meta property=\"og:title\" content=\"Il Vitti d\u2019Oro a Lina Sastri consegnato dalla conduttrice pugliese Barbara Politi | Arte e Luoghi\" \/>\n<meta property=\"og:description\" content=\"Il Premio trasmesso su Rai 1 ha visto tra i premiati anche Michele Placido, Massimo Boldi, Edoardo Leo, Francesca Fagnani\" \/>\n<meta property=\"og:url\" content=\"https:\/\/arteeluoghi.it\/index.php\/2024\/12\/29\/il-vitti-doro-a-lina-sastri-consegnato-dalla-conduttrice-pugliese-barbara-politi\/\" \/>\n<meta property=\"og:site_name\" content=\"Arte e Luoghi\" \/>\n<meta property=\"article:publisher\" content=\"https:\/\/www.facebook.com\/ArteELuoghi\/\" \/>\n<meta property=\"article:published_time\" content=\"2024-12-29T20:30:23+00:00\" \/>\n<meta property=\"article:modified_time\" content=\"2024-12-29T20:30:24+00:00\" \/>\n<meta property=\"og:image\" content=\"https:\/\/arteeluoghi.it\/wp-content\/uploads\/2024\/12\/3.jpg\" \/>\n\t<meta property=\"og:image:width\" content=\"2048\" \/>\n\t<meta property=\"og:image:height\" content=\"2034\" \/>\n\t<meta property=\"og:image:type\" content=\"image\/jpeg\" \/>\n<meta name=\"twitter:card\" content=\"summary\" \/>\n<meta name=\"twitter:creator\" content=\"@arteeluoghi\" \/>\n<meta name=\"twitter:site\" content=\"@arteeluoghi\" \/>\n<meta name=\"twitter:label1\" content=\"Scritto da\" \/>\n\t<meta name=\"twitter:data1\" content=\"Staff\" \/>\n\t<meta name=\"twitter:label2\" content=\"Tempo di lettura stimato\" \/>\n\t<meta name=\"twitter:data2\" content=\"2 minuti\" \/>\n<script type=\"application\/ld+json\" class=\"yoast-schema-graph\">{\"@context\":\"https:\/\/schema.org\",\"@graph\":[{\"@type\":\"Organization\",\"@id\":\"https:\/\/arteeluoghi.it\/#organization\",\"name\":\"Arte e Luoghi\",\"url\":\"https:\/\/arteeluoghi.it\/\",\"sameAs\":[\"https:\/\/www.facebook.com\/ArteELuoghi\/\",\"https:\/\/www.instagram.com\/arteeluoghi\/?hl=it\",\"https:\/\/www.youtube.com\/channel\/UCuRVc4JW4-C5sg9rQB-srkw?view_as=subscriber\",\"https:\/\/twitter.com\/arteeluoghi\"],\"logo\":{\"@type\":\"ImageObject\",\"@id\":\"https:\/\/arteeluoghi.it\/#logo\",\"inLanguage\":\"it-IT\",\"url\":\"https:\/\/arteeluoghi.it\/wp-content\/uploads\/2018\/08\/logoinstagramarte.jpg\",\"contentUrl\":\"https:\/\/arteeluoghi.it\/wp-content\/uploads\/2018\/08\/logoinstagramarte.jpg\",\"width\":150,\"height\":150,\"caption\":\"Arte e Luoghi\"},\"image\":{\"@id\":\"https:\/\/arteeluoghi.it\/#logo\"}},{\"@type\":\"WebSite\",\"@id\":\"https:\/\/arteeluoghi.it\/#website\",\"url\":\"https:\/\/arteeluoghi.it\/\",\"name\":\"Arte e Luoghi\",\"description\":\"Mensile di arte, cultura, turismo e curiosit\u00e0\",\"publisher\":{\"@id\":\"https:\/\/arteeluoghi.it\/#organization\"},\"potentialAction\":[{\"@type\":\"SearchAction\",\"target\":{\"@type\":\"EntryPoint\",\"urlTemplate\":\"https:\/\/arteeluoghi.it\/?s={search_term_string}\"},\"query-input\":\"required name=search_term_string\"}],\"inLanguage\":\"it-IT\"},{\"@type\":\"ImageObject\",\"@id\":\"https:\/\/arteeluoghi.it\/index.php\/2024\/12\/29\/il-vitti-doro-a-lina-sastri-consegnato-dalla-conduttrice-pugliese-barbara-politi\/#primaryimage\",\"inLanguage\":\"it-IT\",\"url\":\"https:\/\/arteeluoghi.it\/wp-content\/uploads\/2024\/12\/3.jpg\",\"contentUrl\":\"https:\/\/arteeluoghi.it\/wp-content\/uploads\/2024\/12\/3.jpg\",\"width\":2048,\"height\":2034},{\"@type\":\"WebPage\",\"@id\":\"https:\/\/arteeluoghi.it\/index.php\/2024\/12\/29\/il-vitti-doro-a-lina-sastri-consegnato-dalla-conduttrice-pugliese-barbara-politi\/#webpage\",\"url\":\"https:\/\/arteeluoghi.it\/index.php\/2024\/12\/29\/il-vitti-doro-a-lina-sastri-consegnato-dalla-conduttrice-pugliese-barbara-politi\/\",\"name\":\"Il Vitti d\u2019Oro a Lina Sastri consegnato dalla conduttrice pugliese Barbara Politi | Arte e Luoghi\",\"isPartOf\":{\"@id\":\"https:\/\/arteeluoghi.it\/#website\"},\"primaryImageOfPage\":{\"@id\":\"https:\/\/arteeluoghi.it\/index.php\/2024\/12\/29\/il-vitti-doro-a-lina-sastri-consegnato-dalla-conduttrice-pugliese-barbara-politi\/#primaryimage\"},\"datePublished\":\"2024-12-29T20:30:23+00:00\",\"dateModified\":\"2024-12-29T20:30:24+00:00\",\"description\":\"Il Premio trasmesso su Rai 1 ha visto tra i premiati anche Michele Placido, Massimo Boldi, Edoardo Leo, Francesca Fagnani\",\"breadcrumb\":{\"@id\":\"https:\/\/arteeluoghi.it\/index.php\/2024\/12\/29\/il-vitti-doro-a-lina-sastri-consegnato-dalla-conduttrice-pugliese-barbara-politi\/#breadcrumb\"},\"inLanguage\":\"it-IT\",\"potentialAction\":[{\"@type\":\"ReadAction\",\"target\":[\"https:\/\/arteeluoghi.it\/index.php\/2024\/12\/29\/il-vitti-doro-a-lina-sastri-consegnato-dalla-conduttrice-pugliese-barbara-politi\/\"]}]},{\"@type\":\"BreadcrumbList\",\"@id\":\"https:\/\/arteeluoghi.it\/index.php\/2024\/12\/29\/il-vitti-doro-a-lina-sastri-consegnato-dalla-conduttrice-pugliese-barbara-politi\/#breadcrumb\",\"itemListElement\":[{\"@type\":\"ListItem\",\"position\":1,\"name\":\"Home\",\"item\":\"https:\/\/arteeluoghi.it\/\"},{\"@type\":\"ListItem\",\"position\":2,\"name\":\"Il Vitti d\u2019Oro a Lina Sastri consegnato dalla conduttrice pugliese Barbara Politi\"}]},{\"@type\":\"Article\",\"@id\":\"https:\/\/arteeluoghi.it\/index.php\/2024\/12\/29\/il-vitti-doro-a-lina-sastri-consegnato-dalla-conduttrice-pugliese-barbara-politi\/#article\",\"isPartOf\":{\"@id\":\"https:\/\/arteeluoghi.it\/index.php\/2024\/12\/29\/il-vitti-doro-a-lina-sastri-consegnato-dalla-conduttrice-pugliese-barbara-politi\/#webpage\"},\"author\":{\"@id\":\"https:\/\/arteeluoghi.it\/#\/schema\/person\/f84e814e36e91e01448ee07eaadd41d4\"},\"headline\":\"Il Vitti d\u2019Oro a Lina Sastri consegnato dalla conduttrice pugliese Barbara Politi\",\"datePublished\":\"2024-12-29T20:30:23+00:00\",\"dateModified\":\"2024-12-29T20:30:24+00:00\",\"mainEntityOfPage\":{\"@id\":\"https:\/\/arteeluoghi.it\/index.php\/2024\/12\/29\/il-vitti-doro-a-lina-sastri-consegnato-dalla-conduttrice-pugliese-barbara-politi\/#webpage\"},\"wordCount\":210,\"commentCount\":0,\"publisher\":{\"@id\":\"https:\/\/arteeluoghi.it\/#organization\"},\"image\":{\"@id\":\"https:\/\/arteeluoghi.it\/index.php\/2024\/12\/29\/il-vitti-doro-a-lina-sastri-consegnato-dalla-conduttrice-pugliese-barbara-politi\/#primaryimage\"},\"thumbnailUrl\":\"https:\/\/arteeluoghi.it\/wp-content\/uploads\/2024\/12\/3.jpg\",\"keywords\":[\"Barbara Politi\",\"Lina Sastri\",\"Premio Vitti\"],\"articleSection\":[\"Notizie\"],\"inLanguage\":\"it-IT\",\"potentialAction\":[{\"@type\":\"CommentAction\",\"name\":\"Comment\",\"target\":[\"https:\/\/arteeluoghi.it\/index.php\/2024\/12\/29\/il-vitti-doro-a-lina-sastri-consegnato-dalla-conduttrice-pugliese-barbara-politi\/#respond\"]}]},{\"@type\":\"Person\",\"@id\":\"https:\/\/arteeluoghi.it\/#\/schema\/person\/f84e814e36e91e01448ee07eaadd41d4\",\"name\":\"Staff\",\"image\":{\"@type\":\"ImageObject\",\"@id\":\"https:\/\/arteeluoghi.it\/#personlogo\",\"inLanguage\":\"it-IT\",\"url\":\"https:\/\/secure.gravatar.com\/avatar\/49d2f9e46271bb04e19cebfaf141313a?s=96&d=blank&r=g\",\"contentUrl\":\"https:\/\/secure.gravatar.com\/avatar\/49d2f9e46271bb04e19cebfaf141313a?s=96&d=blank&r=g\",\"caption\":\"Staff\"}}]}<\/script>\n<!-- \/ Yoast SEO plugin. -->","yoast_head_json":{"title":"Il Vitti d\u2019Oro a Lina Sastri consegnato dalla conduttrice pugliese Barbara Politi | Arte e Luoghi","description":"Il Premio trasmesso su Rai 1 ha visto tra i premiati anche Michele Placido, Massimo Boldi, Edoardo Leo, Francesca Fagnani","robots":{"index":"index","follow":"follow","max-snippet":"max-snippet:-1","max-image-preview":"max-image-preview:large","max-video-preview":"max-video-preview:-1"},"canonical":"https:\/\/arteeluoghi.it\/index.php\/2024\/12\/29\/il-vitti-doro-a-lina-sastri-consegnato-dalla-conduttrice-pugliese-barbara-politi\/","og_locale":"it_IT","og_type":"article","og_title":"Il Vitti d\u2019Oro a Lina Sastri consegnato dalla conduttrice pugliese Barbara Politi | Arte e Luoghi","og_description":"Il Premio trasmesso su Rai 1 ha visto tra i premiati anche Michele Placido, Massimo Boldi, Edoardo Leo, Francesca Fagnani","og_url":"https:\/\/arteeluoghi.it\/index.php\/2024\/12\/29\/il-vitti-doro-a-lina-sastri-consegnato-dalla-conduttrice-pugliese-barbara-politi\/","og_site_name":"Arte e Luoghi","article_publisher":"https:\/\/www.facebook.com\/ArteELuoghi\/","article_published_time":"2024-12-29T20:30:23+00:00","article_modified_time":"2024-12-29T20:30:24+00:00","og_image":[{"width":2048,"height":2034,"url":"https:\/\/arteeluoghi.it\/wp-content\/uploads\/2024\/12\/3.jpg","type":"image\/jpeg"}],"twitter_card":"summary","twitter_creator":"@arteeluoghi","twitter_site":"@arteeluoghi","twitter_misc":{"Scritto da":"Staff","Tempo di lettura stimato":"2 minuti"},"schema":{"@context":"https:\/\/schema.org","@graph":[{"@type":"Organization","@id":"https:\/\/arteeluoghi.it\/#organization","name":"Arte e Luoghi","url":"https:\/\/arteeluoghi.it\/","sameAs":["https:\/\/www.facebook.com\/ArteELuoghi\/","https:\/\/www.instagram.com\/arteeluoghi\/?hl=it","https:\/\/www.youtube.com\/channel\/UCuRVc4JW4-C5sg9rQB-srkw?view_as=subscriber","https:\/\/twitter.com\/arteeluoghi"],"logo":{"@type":"ImageObject","@id":"https:\/\/arteeluoghi.it\/#logo","inLanguage":"it-IT","url":"https:\/\/arteeluoghi.it\/wp-content\/uploads\/2018\/08\/logoinstagramarte.jpg","contentUrl":"https:\/\/arteeluoghi.it\/wp-content\/uploads\/2018\/08\/logoinstagramarte.jpg","width":150,"height":150,"caption":"Arte e Luoghi"},"image":{"@id":"https:\/\/arteeluoghi.it\/#logo"}},{"@type":"WebSite","@id":"https:\/\/arteeluoghi.it\/#website","url":"https:\/\/arteeluoghi.it\/","name":"Arte e Luoghi","description":"Mensile di arte, cultura, turismo e curiosit\u00e0","publisher":{"@id":"https:\/\/arteeluoghi.it\/#organization"},"potentialAction":[{"@type":"SearchAction","target":{"@type":"EntryPoint","urlTemplate":"https:\/\/arteeluoghi.it\/?s={search_term_string}"},"query-input":"required name=search_term_string"}],"inLanguage":"it-IT"},{"@type":"ImageObject","@id":"https:\/\/arteeluoghi.it\/index.php\/2024\/12\/29\/il-vitti-doro-a-lina-sastri-consegnato-dalla-conduttrice-pugliese-barbara-politi\/#primaryimage","inLanguage":"it-IT","url":"https:\/\/arteeluoghi.it\/wp-content\/uploads\/2024\/12\/3.jpg","contentUrl":"https:\/\/arteeluoghi.it\/wp-content\/uploads\/2024\/12\/3.jpg","width":2048,"height":2034},{"@type":"WebPage","@id":"https:\/\/arteeluoghi.it\/index.php\/2024\/12\/29\/il-vitti-doro-a-lina-sastri-consegnato-dalla-conduttrice-pugliese-barbara-politi\/#webpage","url":"https:\/\/arteeluoghi.it\/index.php\/2024\/12\/29\/il-vitti-doro-a-lina-sastri-consegnato-dalla-conduttrice-pugliese-barbara-politi\/","name":"Il Vitti d\u2019Oro a Lina Sastri consegnato dalla conduttrice pugliese Barbara Politi | Arte e Luoghi","isPartOf":{"@id":"https:\/\/arteeluoghi.it\/#website"},"primaryImageOfPage":{"@id":"https:\/\/arteeluoghi.it\/index.php\/2024\/12\/29\/il-vitti-doro-a-lina-sastri-consegnato-dalla-conduttrice-pugliese-barbara-politi\/#primaryimage"},"datePublished":"2024-12-29T20:30:23+00:00","dateModified":"2024-12-29T20:30:24+00:00","description":"Il Premio trasmesso su Rai 1 ha visto tra i premiati anche Michele Placido, Massimo Boldi, Edoardo Leo, Francesca Fagnani","breadcrumb":{"@id":"https:\/\/arteeluoghi.it\/index.php\/2024\/12\/29\/il-vitti-doro-a-lina-sastri-consegnato-dalla-conduttrice-pugliese-barbara-politi\/#breadcrumb"},"inLanguage":"it-IT","potentialAction":[{"@type":"ReadAction","target":["https:\/\/arteeluoghi.it\/index.php\/2024\/12\/29\/il-vitti-doro-a-lina-sastri-consegnato-dalla-conduttrice-pugliese-barbara-politi\/"]}]},{"@type":"BreadcrumbList","@id":"https:\/\/arteeluoghi.it\/index.php\/2024\/12\/29\/il-vitti-doro-a-lina-sastri-consegnato-dalla-conduttrice-pugliese-barbara-politi\/#breadcrumb","itemListElement":[{"@type":"ListItem","position":1,"name":"Home","item":"https:\/\/arteeluoghi.it\/"},{"@type":"ListItem","position":2,"name":"Il Vitti d\u2019Oro a Lina Sastri consegnato dalla conduttrice pugliese Barbara Politi"}]},{"@type":"Article","@id":"https:\/\/arteeluoghi.it\/index.php\/2024\/12\/29\/il-vitti-doro-a-lina-sastri-consegnato-dalla-conduttrice-pugliese-barbara-politi\/#article","isPartOf":{"@id":"https:\/\/arteeluoghi.it\/index.php\/2024\/12\/29\/il-vitti-doro-a-lina-sastri-consegnato-dalla-conduttrice-pugliese-barbara-politi\/#webpage"},"author":{"@id":"https:\/\/arteeluoghi.it\/#\/schema\/person\/f84e814e36e91e01448ee07eaadd41d4"},"headline":"Il Vitti d\u2019Oro a Lina Sastri consegnato dalla conduttrice pugliese Barbara Politi","datePublished":"2024-12-29T20:30:23+00:00","dateModified":"2024-12-29T20:30:24+00:00","mainEntityOfPage":{"@id":"https:\/\/arteeluoghi.it\/index.php\/2024\/12\/29\/il-vitti-doro-a-lina-sastri-consegnato-dalla-conduttrice-pugliese-barbara-politi\/#webpage"},"wordCount":210,"commentCount":0,"publisher":{"@id":"https:\/\/arteeluoghi.it\/#organization"},"image":{"@id":"https:\/\/arteeluoghi.it\/index.php\/2024\/12\/29\/il-vitti-doro-a-lina-sastri-consegnato-dalla-conduttrice-pugliese-barbara-politi\/#primaryimage"},"thumbnailUrl":"https:\/\/arteeluoghi.it\/wp-content\/uploads\/2024\/12\/3.jpg","keywords":["Barbara Politi","Lina Sastri","Premio Vitti"],"articleSection":["Notizie"],"inLanguage":"it-IT","potentialAction":[{"@type":"CommentAction","name":"Comment","target":["https:\/\/arteeluoghi.it\/index.php\/2024\/12\/29\/il-vitti-doro-a-lina-sastri-consegnato-dalla-conduttrice-pugliese-barbara-politi\/#respond"]}]},{"@type":"Person","@id":"https:\/\/arteeluoghi.it\/#\/schema\/person\/f84e814e36e91e01448ee07eaadd41d4","name":"Staff","image":{"@type":"ImageObject","@id":"https:\/\/arteeluoghi.it\/#personlogo","inLanguage":"it-IT","url":"https:\/\/secure.gravatar.com\/avatar\/49d2f9e46271bb04e19cebfaf141313a?s=96&d=blank&r=g","contentUrl":"https:\/\/secure.gravatar.com\/avatar\/49d2f9e46271bb04e19cebfaf141313a?s=96&d=blank&r=g","caption":"Staff"}}]}},"_links":{"self":[{"href":"https:\/\/arteeluoghi.it\/index.php\/wp-json\/wp\/v2\/posts\/15062"}],"collection":[{"href":"https:\/\/arteeluoghi.it\/index.php\/wp-json\/wp\/v2\/posts"}],"about":[{"href":"https:\/\/arteeluoghi.it\/index.php\/wp-json\/wp\/v2\/types\/post"}],"author":[{"embeddable":true,"href":"https:\/\/arteeluoghi.it\/index.php\/wp-json\/wp\/v2\/users\/1"}],"replies":[{"embeddable":true,"href":"https:\/\/arteeluoghi.it\/index.php\/wp-json\/wp\/v2\/comments?post=15062"}],"version-history":[{"count":1,"href":"https:\/\/arteeluoghi.it\/index.php\/wp-json\/wp\/v2\/posts\/15062\/revisions"}],"predecessor-version":[{"id":15064,"href":"https:\/\/arteeluoghi.it\/index.php\/wp-json\/wp\/v2\/posts\/15062\/revisions\/15064"}],"wp:featuredmedia":[{"embeddable":true,"href":"https:\/\/arteeluoghi.it\/index.php\/wp-json\/wp\/v2\/media\/15063"}],"wp:attachment":[{"href":"https:\/\/arteeluoghi.it\/index.php\/wp-json\/wp\/v2\/media?parent=15062"}],"wp:term":[{"taxonomy":"category","embeddable":true,"href":"https:\/\/arteeluoghi.it\/index.php\/wp-json\/wp\/v2\/categories?post=15062"},{"taxonomy":"post_tag","embeddable":true,"href":"https:\/\/arteeluoghi.it\/index.php\/wp-json\/wp\/v2\/tags?post=15062"}],"curies":[{"name":"wp","href":"https:\/\/api.w.org\/{rel}","templated":true}]}}