{"id":15075,"date":"2025-01-07T19:22:28","date_gmt":"2025-01-07T18:22:28","guid":{"rendered":"https:\/\/arteeluoghi.it\/?p=15075"},"modified":"2025-01-07T19:24:43","modified_gmt":"2025-01-07T18:24:43","slug":"le-sette-chiese-novoli-racconta","status":"publish","type":"post","link":"https:\/\/arteeluoghi.it\/index.php\/2025\/01\/07\/le-sette-chiese-novoli-racconta\/","title":{"rendered":"Le sette Chiese. Novoli racconta"},"content":{"rendered":"\n<blockquote class=\"wp-block-quote is-style-default\"><p>Un tour di visite guidate visite all&#8217;interno delle sette chiese pi\u00f9 importanti del territorio di Novoli per riscoprire e valorizzare il patrimonio artistico della cartapesta leccese anche attraverso il lavoro del maestro Giuseppe Manzo scomparso a Lecce il 7 gennaio 1942<\/p><\/blockquote>\n\n\n\n<p>Il 7 gennaio 1942 si spegneva a Lecce Giuseppe Manzo tra i maestri cartapestai che hanno sublimato l\u2019arte della cartapesta e firmato una produzione statuaria che ha varcato i confini regionali e che ancor oggi impreziosisce le Chiese pi\u00f9 belle del Salento a cominciare dal Duomo di Lecce al Convento dei Padri Passionisti di Novoli. Qui, in occasione degli eventi che fanno da preludio alla festa di San\u2019Antonio Abate, nei giorni 9-10 e 11 gennaio si terranno delle speciali visite guidate all\u2019interno delle sette chiese pi\u00f9 importanti del territorio di Novoli per per riscoprire e valorizzare il\u00a0 patrimonio artistico della cartapesta leccese attraverso anche\u00a0 il lavoro del maestro Giuseppe Manzo.\u00a0 Per chi fosse interessato a partecipare gratuitamente baster\u00e0 prenotarsi al 3282332644 e presentarsi al\u00a0 punto di ritrovo in piazza Regina Margherita alle ore 18.<\/p>\n\n\n\n<!--more-->\n\n\n\n<p>A far da ciceroni, lo storico novolese Elvino Politi e Antonio Manzo che ricorder\u00e0, attraverso opere e aneddoti raccontati nel corso delle visite guidate, il suo importante bisnonno:\u00a0 Giuseppe Manzo. Una figura di spicco riconosciuta all\u2019estero per talento e tecnica e per una vastissima produzione di Santi, Cristi e Madonne entrate a far parte di collezioni pubbliche e private in tante parti del mondo.<\/p>\n\n\n\n<div class=\"wp-block-image\"><figure class=\"alignleft size-large is-resized\"><img loading=\"lazy\" src=\"https:\/\/arteeluoghi.it\/wp-content\/uploads\/2025\/01\/c2177209-54ed-4479-b4d3-962c5f94e549-572x1024.jpg\" alt=\"\" class=\"wp-image-15077\" width=\"456\" height=\"816\" srcset=\"https:\/\/arteeluoghi.it\/wp-content\/uploads\/2025\/01\/c2177209-54ed-4479-b4d3-962c5f94e549-572x1024.jpg 572w, https:\/\/arteeluoghi.it\/wp-content\/uploads\/2025\/01\/c2177209-54ed-4479-b4d3-962c5f94e549-167x300.jpg 167w, https:\/\/arteeluoghi.it\/wp-content\/uploads\/2025\/01\/c2177209-54ed-4479-b4d3-962c5f94e549-768x1376.jpg 768w, https:\/\/arteeluoghi.it\/wp-content\/uploads\/2025\/01\/c2177209-54ed-4479-b4d3-962c5f94e549-857x1536.jpg 857w, https:\/\/arteeluoghi.it\/wp-content\/uploads\/2025\/01\/c2177209-54ed-4479-b4d3-962c5f94e549.jpg 893w\" sizes=\"(max-width: 456px) 100vw, 456px\" \/><figcaption>Santa MARGHERITA Alacoque. 1909 commissionata dai Fedeli. Cartapesta policroma. Presente su uno degli altari del convento<\/figcaption><\/figure><\/div>\n\n\n\n<p>Il suo laboratorio ricevette dal Re Umberto I il fregio dell\u2019insegna regia come ricorda la targa apposta qualche anno fa in via Paladini, e durante la sua vita furono davvero tanti i riconoscimenti ricevuti per le sue meravigliose creazioni in cartapesta. Ad esempio, Papa Pio X gli confer\u00ec la Croce di Cavaliere dell\u2019Ordine Piano e l\u2019Accademia di Parigi lo nomin\u00f2 socio benemerito e gli attribu\u00ec la Medaglia d\u2019Oro. Nel 1899 fu premiato con la medaglia d\u2019oro all\u2019Esposizione Campionaria di Roma e all\u2019Esposizione Industriale e Commerciale di Poitiers e l\u2019anno seguente alle esposizioni internazionali di Londra, Parigi e Bruxelles: questo a testimonianza, se mai ce ne fosse stato bisogno, della sua Arte universalmente riconosciuta dalle pi\u00f9 prestigiose istituzioni dell\u2019epoca. Lo attestano d\u2019altronde anche\u00a0 i numerosi diplomi e croci di merito attribuiti all\u2019artista che mai adoper\u00f2 per la sua opere in cartapesta i giornali perch\u00e9 come asseriva \u201c i santi non si vestono di notizie\u201d. Le sue statue si distinguono per la purezza del modellato, l\u2019armonie delle linee di figure dai lineamenti mai esagerati ma che esprimono con semplicit\u00e0 l\u2019essenza della religiosit\u00e0. Si racconta che quando doveva delineare i volti dei suoi \u201csanti\u201d Giuseppe Manzo si appartasse entrando quasi in estasi e questo non perch\u00e9 fosse geloso della sua arte ma semplicemente perch\u00e9 sentiva l\u2019esigenza di entrare in contatto con lo spirito del simulacro da rappresentare. Nella sua bottega, che cont\u00f2 fino a quindici unit\u00e0 nel periodo pi\u00f9 fiorente, non si lavor\u00f2 mai in serie ma con le pi\u00f9 pure tecniche come aveva appreso dai suoi maestri dapprima Luigi Guerra, Achille Castellucci\u00a0 e Anselmo de Simone poi Achille De Lucrezi, dove presso la sua bottega inizi\u00f2 a lavorare insieme a Andrea De Pascalis con il quale nel 1888 apr\u00ec un laboratorio sotto il Palazzo Romano, in via Paladini. Cinque anni pi\u00f9 tardi il De Pascalis si mise in proprio e Manzo continu\u00f2 da solo la sua attivit\u00e0.\u00a0 Il resto \u00e8 storia, trasmessa\u00a0 al figlio Antonio che per\u00f2, pur non raggiungendo la qualit\u00e0 tecnica del padre, fu costretto per l\u2019imperante crisi del settore a chiudere il laboratorio nel 1959. I tempi erano cambiati, la carenza di committenti da un lato e dall\u2019altro la mancanza di una trasmissione generazionale di un\u2019arte destinata ad impoverirsi anche per la contaminazione e l\u2019impoverimento dettato dalla produzione\u00a0 seriale di manufatti un tempo autentiche e concrete prove d\u2019autore.\u00a0 (an.fu.)<\/p>\n\n\n\n<p>Appuntamenti in calendario :<\/p>\n\n\n\n<p>9- 10 &#8211; 11 Gennaio 2025<\/p>\n\n\n\n<p>Ore :18. 00<\/p>\n\n\n\n<p>Ritrovo : piazza Regina Margherita&nbsp;<\/p>\n\n\n\n<p>Le visite saranno a cura delle guide Elvino Politi e Antonio Manzo.&nbsp;<\/p>\n\n\n\n<p>La partecipazione \u00e8 GRATUITA , per informazioni : 3282332644<\/p>\n","protected":false},"excerpt":{"rendered":"<p>Un tour di visite guidate visite all&#8217;interno delle sette chiese pi\u00f9 importanti del territorio di Novoli per riscoprire e valorizzare<\/p>\n","protected":false},"author":1,"featured_media":15076,"comment_status":"open","ping_status":"open","sticky":true,"template":"","format":"standard","meta":[],"categories":[27,4,43],"tags":[1452,273],"yoast_head":"<!-- This site is optimized with the Yoast SEO plugin v18.0 - https:\/\/yoast.com\/wordpress\/plugins\/seo\/ -->\n<title>Le sette Chiese. Novoli racconta | Arte e Luoghi<\/title>\n<meta name=\"robots\" content=\"index, follow, max-snippet:-1, max-image-preview:large, max-video-preview:-1\" \/>\n<link rel=\"canonical\" href=\"https:\/\/arteeluoghi.it\/index.php\/2025\/01\/07\/le-sette-chiese-novoli-racconta\/\" \/>\n<meta property=\"og:locale\" content=\"it_IT\" \/>\n<meta property=\"og:type\" content=\"article\" \/>\n<meta property=\"og:title\" content=\"Le sette Chiese. Novoli racconta | Arte e Luoghi\" \/>\n<meta property=\"og:description\" content=\"Un tour di visite guidate visite all&#8217;interno delle sette chiese pi\u00f9 importanti del territorio di Novoli per riscoprire e valorizzare\" \/>\n<meta property=\"og:url\" content=\"https:\/\/arteeluoghi.it\/index.php\/2025\/01\/07\/le-sette-chiese-novoli-racconta\/\" \/>\n<meta property=\"og:site_name\" content=\"Arte e Luoghi\" \/>\n<meta property=\"article:publisher\" content=\"https:\/\/www.facebook.com\/ArteELuoghi\/\" \/>\n<meta property=\"article:published_time\" content=\"2025-01-07T18:22:28+00:00\" \/>\n<meta property=\"article:modified_time\" content=\"2025-01-07T18:24:43+00:00\" \/>\n<meta property=\"og:image\" content=\"https:\/\/arteeluoghi.it\/wp-content\/uploads\/2025\/01\/399c793a-3791-47c8-a065-ee6027fbc17a.jpg\" \/>\n\t<meta property=\"og:image:width\" content=\"1080\" \/>\n\t<meta property=\"og:image:height\" content=\"1080\" \/>\n\t<meta property=\"og:image:type\" content=\"image\/jpeg\" \/>\n<meta name=\"twitter:card\" content=\"summary\" \/>\n<meta name=\"twitter:creator\" content=\"@arteeluoghi\" \/>\n<meta name=\"twitter:site\" content=\"@arteeluoghi\" \/>\n<meta name=\"twitter:label1\" content=\"Scritto da\" \/>\n\t<meta name=\"twitter:data1\" content=\"Staff\" \/>\n\t<meta name=\"twitter:label2\" content=\"Tempo di lettura stimato\" \/>\n\t<meta name=\"twitter:data2\" content=\"4 minuti\" \/>\n<script type=\"application\/ld+json\" class=\"yoast-schema-graph\">{\"@context\":\"https:\/\/schema.org\",\"@graph\":[{\"@type\":\"Organization\",\"@id\":\"https:\/\/arteeluoghi.it\/#organization\",\"name\":\"Arte e Luoghi\",\"url\":\"https:\/\/arteeluoghi.it\/\",\"sameAs\":[\"https:\/\/www.facebook.com\/ArteELuoghi\/\",\"https:\/\/www.instagram.com\/arteeluoghi\/?hl=it\",\"https:\/\/www.youtube.com\/channel\/UCuRVc4JW4-C5sg9rQB-srkw?view_as=subscriber\",\"https:\/\/twitter.com\/arteeluoghi\"],\"logo\":{\"@type\":\"ImageObject\",\"@id\":\"https:\/\/arteeluoghi.it\/#logo\",\"inLanguage\":\"it-IT\",\"url\":\"https:\/\/arteeluoghi.it\/wp-content\/uploads\/2018\/08\/logoinstagramarte.jpg\",\"contentUrl\":\"https:\/\/arteeluoghi.it\/wp-content\/uploads\/2018\/08\/logoinstagramarte.jpg\",\"width\":150,\"height\":150,\"caption\":\"Arte e Luoghi\"},\"image\":{\"@id\":\"https:\/\/arteeluoghi.it\/#logo\"}},{\"@type\":\"WebSite\",\"@id\":\"https:\/\/arteeluoghi.it\/#website\",\"url\":\"https:\/\/arteeluoghi.it\/\",\"name\":\"Arte e Luoghi\",\"description\":\"Mensile di arte, cultura, turismo e curiosit\u00e0\",\"publisher\":{\"@id\":\"https:\/\/arteeluoghi.it\/#organization\"},\"potentialAction\":[{\"@type\":\"SearchAction\",\"target\":{\"@type\":\"EntryPoint\",\"urlTemplate\":\"https:\/\/arteeluoghi.it\/?s={search_term_string}\"},\"query-input\":\"required name=search_term_string\"}],\"inLanguage\":\"it-IT\"},{\"@type\":\"ImageObject\",\"@id\":\"https:\/\/arteeluoghi.it\/index.php\/2025\/01\/07\/le-sette-chiese-novoli-racconta\/#primaryimage\",\"inLanguage\":\"it-IT\",\"url\":\"https:\/\/arteeluoghi.it\/wp-content\/uploads\/2025\/01\/399c793a-3791-47c8-a065-ee6027fbc17a.jpg\",\"contentUrl\":\"https:\/\/arteeluoghi.it\/wp-content\/uploads\/2025\/01\/399c793a-3791-47c8-a065-ee6027fbc17a.jpg\",\"width\":1080,\"height\":1080},{\"@type\":\"WebPage\",\"@id\":\"https:\/\/arteeluoghi.it\/index.php\/2025\/01\/07\/le-sette-chiese-novoli-racconta\/#webpage\",\"url\":\"https:\/\/arteeluoghi.it\/index.php\/2025\/01\/07\/le-sette-chiese-novoli-racconta\/\",\"name\":\"Le sette Chiese. Novoli racconta | Arte e Luoghi\",\"isPartOf\":{\"@id\":\"https:\/\/arteeluoghi.it\/#website\"},\"primaryImageOfPage\":{\"@id\":\"https:\/\/arteeluoghi.it\/index.php\/2025\/01\/07\/le-sette-chiese-novoli-racconta\/#primaryimage\"},\"datePublished\":\"2025-01-07T18:22:28+00:00\",\"dateModified\":\"2025-01-07T18:24:43+00:00\",\"breadcrumb\":{\"@id\":\"https:\/\/arteeluoghi.it\/index.php\/2025\/01\/07\/le-sette-chiese-novoli-racconta\/#breadcrumb\"},\"inLanguage\":\"it-IT\",\"potentialAction\":[{\"@type\":\"ReadAction\",\"target\":[\"https:\/\/arteeluoghi.it\/index.php\/2025\/01\/07\/le-sette-chiese-novoli-racconta\/\"]}]},{\"@type\":\"BreadcrumbList\",\"@id\":\"https:\/\/arteeluoghi.it\/index.php\/2025\/01\/07\/le-sette-chiese-novoli-racconta\/#breadcrumb\",\"itemListElement\":[{\"@type\":\"ListItem\",\"position\":1,\"name\":\"Home\",\"item\":\"https:\/\/arteeluoghi.it\/\"},{\"@type\":\"ListItem\",\"position\":2,\"name\":\"Le sette Chiese. Novoli racconta\"}]},{\"@type\":\"Article\",\"@id\":\"https:\/\/arteeluoghi.it\/index.php\/2025\/01\/07\/le-sette-chiese-novoli-racconta\/#article\",\"isPartOf\":{\"@id\":\"https:\/\/arteeluoghi.it\/index.php\/2025\/01\/07\/le-sette-chiese-novoli-racconta\/#webpage\"},\"author\":{\"@id\":\"https:\/\/arteeluoghi.it\/#\/schema\/person\/f84e814e36e91e01448ee07eaadd41d4\"},\"headline\":\"Le sette Chiese. Novoli racconta\",\"datePublished\":\"2025-01-07T18:22:28+00:00\",\"dateModified\":\"2025-01-07T18:24:43+00:00\",\"mainEntityOfPage\":{\"@id\":\"https:\/\/arteeluoghi.it\/index.php\/2025\/01\/07\/le-sette-chiese-novoli-racconta\/#webpage\"},\"wordCount\":691,\"commentCount\":0,\"publisher\":{\"@id\":\"https:\/\/arteeluoghi.it\/#organization\"},\"image\":{\"@id\":\"https:\/\/arteeluoghi.it\/index.php\/2025\/01\/07\/le-sette-chiese-novoli-racconta\/#primaryimage\"},\"thumbnailUrl\":\"https:\/\/arteeluoghi.it\/wp-content\/uploads\/2025\/01\/399c793a-3791-47c8-a065-ee6027fbc17a.jpg\",\"keywords\":[\"Giuseppe Manzo\",\"Novoli\"],\"articleSection\":[\"Arte\",\"I luoghi dell'Arte\",\"Storie. L'uomo e il territorio\"],\"inLanguage\":\"it-IT\",\"potentialAction\":[{\"@type\":\"CommentAction\",\"name\":\"Comment\",\"target\":[\"https:\/\/arteeluoghi.it\/index.php\/2025\/01\/07\/le-sette-chiese-novoli-racconta\/#respond\"]}]},{\"@type\":\"Person\",\"@id\":\"https:\/\/arteeluoghi.it\/#\/schema\/person\/f84e814e36e91e01448ee07eaadd41d4\",\"name\":\"Staff\",\"image\":{\"@type\":\"ImageObject\",\"@id\":\"https:\/\/arteeluoghi.it\/#personlogo\",\"inLanguage\":\"it-IT\",\"url\":\"https:\/\/secure.gravatar.com\/avatar\/49d2f9e46271bb04e19cebfaf141313a?s=96&d=blank&r=g\",\"contentUrl\":\"https:\/\/secure.gravatar.com\/avatar\/49d2f9e46271bb04e19cebfaf141313a?s=96&d=blank&r=g\",\"caption\":\"Staff\"}}]}<\/script>\n<!-- \/ Yoast SEO plugin. -->","yoast_head_json":{"title":"Le sette Chiese. Novoli racconta | Arte e Luoghi","robots":{"index":"index","follow":"follow","max-snippet":"max-snippet:-1","max-image-preview":"max-image-preview:large","max-video-preview":"max-video-preview:-1"},"canonical":"https:\/\/arteeluoghi.it\/index.php\/2025\/01\/07\/le-sette-chiese-novoli-racconta\/","og_locale":"it_IT","og_type":"article","og_title":"Le sette Chiese. Novoli racconta | Arte e Luoghi","og_description":"Un tour di visite guidate visite all&#8217;interno delle sette chiese pi\u00f9 importanti del territorio di Novoli per riscoprire e valorizzare","og_url":"https:\/\/arteeluoghi.it\/index.php\/2025\/01\/07\/le-sette-chiese-novoli-racconta\/","og_site_name":"Arte e Luoghi","article_publisher":"https:\/\/www.facebook.com\/ArteELuoghi\/","article_published_time":"2025-01-07T18:22:28+00:00","article_modified_time":"2025-01-07T18:24:43+00:00","og_image":[{"width":1080,"height":1080,"url":"https:\/\/arteeluoghi.it\/wp-content\/uploads\/2025\/01\/399c793a-3791-47c8-a065-ee6027fbc17a.jpg","type":"image\/jpeg"}],"twitter_card":"summary","twitter_creator":"@arteeluoghi","twitter_site":"@arteeluoghi","twitter_misc":{"Scritto da":"Staff","Tempo di lettura stimato":"4 minuti"},"schema":{"@context":"https:\/\/schema.org","@graph":[{"@type":"Organization","@id":"https:\/\/arteeluoghi.it\/#organization","name":"Arte e Luoghi","url":"https:\/\/arteeluoghi.it\/","sameAs":["https:\/\/www.facebook.com\/ArteELuoghi\/","https:\/\/www.instagram.com\/arteeluoghi\/?hl=it","https:\/\/www.youtube.com\/channel\/UCuRVc4JW4-C5sg9rQB-srkw?view_as=subscriber","https:\/\/twitter.com\/arteeluoghi"],"logo":{"@type":"ImageObject","@id":"https:\/\/arteeluoghi.it\/#logo","inLanguage":"it-IT","url":"https:\/\/arteeluoghi.it\/wp-content\/uploads\/2018\/08\/logoinstagramarte.jpg","contentUrl":"https:\/\/arteeluoghi.it\/wp-content\/uploads\/2018\/08\/logoinstagramarte.jpg","width":150,"height":150,"caption":"Arte e Luoghi"},"image":{"@id":"https:\/\/arteeluoghi.it\/#logo"}},{"@type":"WebSite","@id":"https:\/\/arteeluoghi.it\/#website","url":"https:\/\/arteeluoghi.it\/","name":"Arte e Luoghi","description":"Mensile di arte, cultura, turismo e curiosit\u00e0","publisher":{"@id":"https:\/\/arteeluoghi.it\/#organization"},"potentialAction":[{"@type":"SearchAction","target":{"@type":"EntryPoint","urlTemplate":"https:\/\/arteeluoghi.it\/?s={search_term_string}"},"query-input":"required name=search_term_string"}],"inLanguage":"it-IT"},{"@type":"ImageObject","@id":"https:\/\/arteeluoghi.it\/index.php\/2025\/01\/07\/le-sette-chiese-novoli-racconta\/#primaryimage","inLanguage":"it-IT","url":"https:\/\/arteeluoghi.it\/wp-content\/uploads\/2025\/01\/399c793a-3791-47c8-a065-ee6027fbc17a.jpg","contentUrl":"https:\/\/arteeluoghi.it\/wp-content\/uploads\/2025\/01\/399c793a-3791-47c8-a065-ee6027fbc17a.jpg","width":1080,"height":1080},{"@type":"WebPage","@id":"https:\/\/arteeluoghi.it\/index.php\/2025\/01\/07\/le-sette-chiese-novoli-racconta\/#webpage","url":"https:\/\/arteeluoghi.it\/index.php\/2025\/01\/07\/le-sette-chiese-novoli-racconta\/","name":"Le sette Chiese. Novoli racconta | Arte e Luoghi","isPartOf":{"@id":"https:\/\/arteeluoghi.it\/#website"},"primaryImageOfPage":{"@id":"https:\/\/arteeluoghi.it\/index.php\/2025\/01\/07\/le-sette-chiese-novoli-racconta\/#primaryimage"},"datePublished":"2025-01-07T18:22:28+00:00","dateModified":"2025-01-07T18:24:43+00:00","breadcrumb":{"@id":"https:\/\/arteeluoghi.it\/index.php\/2025\/01\/07\/le-sette-chiese-novoli-racconta\/#breadcrumb"},"inLanguage":"it-IT","potentialAction":[{"@type":"ReadAction","target":["https:\/\/arteeluoghi.it\/index.php\/2025\/01\/07\/le-sette-chiese-novoli-racconta\/"]}]},{"@type":"BreadcrumbList","@id":"https:\/\/arteeluoghi.it\/index.php\/2025\/01\/07\/le-sette-chiese-novoli-racconta\/#breadcrumb","itemListElement":[{"@type":"ListItem","position":1,"name":"Home","item":"https:\/\/arteeluoghi.it\/"},{"@type":"ListItem","position":2,"name":"Le sette Chiese. Novoli racconta"}]},{"@type":"Article","@id":"https:\/\/arteeluoghi.it\/index.php\/2025\/01\/07\/le-sette-chiese-novoli-racconta\/#article","isPartOf":{"@id":"https:\/\/arteeluoghi.it\/index.php\/2025\/01\/07\/le-sette-chiese-novoli-racconta\/#webpage"},"author":{"@id":"https:\/\/arteeluoghi.it\/#\/schema\/person\/f84e814e36e91e01448ee07eaadd41d4"},"headline":"Le sette Chiese. Novoli racconta","datePublished":"2025-01-07T18:22:28+00:00","dateModified":"2025-01-07T18:24:43+00:00","mainEntityOfPage":{"@id":"https:\/\/arteeluoghi.it\/index.php\/2025\/01\/07\/le-sette-chiese-novoli-racconta\/#webpage"},"wordCount":691,"commentCount":0,"publisher":{"@id":"https:\/\/arteeluoghi.it\/#organization"},"image":{"@id":"https:\/\/arteeluoghi.it\/index.php\/2025\/01\/07\/le-sette-chiese-novoli-racconta\/#primaryimage"},"thumbnailUrl":"https:\/\/arteeluoghi.it\/wp-content\/uploads\/2025\/01\/399c793a-3791-47c8-a065-ee6027fbc17a.jpg","keywords":["Giuseppe Manzo","Novoli"],"articleSection":["Arte","I luoghi dell'Arte","Storie. L'uomo e il territorio"],"inLanguage":"it-IT","potentialAction":[{"@type":"CommentAction","name":"Comment","target":["https:\/\/arteeluoghi.it\/index.php\/2025\/01\/07\/le-sette-chiese-novoli-racconta\/#respond"]}]},{"@type":"Person","@id":"https:\/\/arteeluoghi.it\/#\/schema\/person\/f84e814e36e91e01448ee07eaadd41d4","name":"Staff","image":{"@type":"ImageObject","@id":"https:\/\/arteeluoghi.it\/#personlogo","inLanguage":"it-IT","url":"https:\/\/secure.gravatar.com\/avatar\/49d2f9e46271bb04e19cebfaf141313a?s=96&d=blank&r=g","contentUrl":"https:\/\/secure.gravatar.com\/avatar\/49d2f9e46271bb04e19cebfaf141313a?s=96&d=blank&r=g","caption":"Staff"}}]}},"_links":{"self":[{"href":"https:\/\/arteeluoghi.it\/index.php\/wp-json\/wp\/v2\/posts\/15075"}],"collection":[{"href":"https:\/\/arteeluoghi.it\/index.php\/wp-json\/wp\/v2\/posts"}],"about":[{"href":"https:\/\/arteeluoghi.it\/index.php\/wp-json\/wp\/v2\/types\/post"}],"author":[{"embeddable":true,"href":"https:\/\/arteeluoghi.it\/index.php\/wp-json\/wp\/v2\/users\/1"}],"replies":[{"embeddable":true,"href":"https:\/\/arteeluoghi.it\/index.php\/wp-json\/wp\/v2\/comments?post=15075"}],"version-history":[{"count":2,"href":"https:\/\/arteeluoghi.it\/index.php\/wp-json\/wp\/v2\/posts\/15075\/revisions"}],"predecessor-version":[{"id":15079,"href":"https:\/\/arteeluoghi.it\/index.php\/wp-json\/wp\/v2\/posts\/15075\/revisions\/15079"}],"wp:featuredmedia":[{"embeddable":true,"href":"https:\/\/arteeluoghi.it\/index.php\/wp-json\/wp\/v2\/media\/15076"}],"wp:attachment":[{"href":"https:\/\/arteeluoghi.it\/index.php\/wp-json\/wp\/v2\/media?parent=15075"}],"wp:term":[{"taxonomy":"category","embeddable":true,"href":"https:\/\/arteeluoghi.it\/index.php\/wp-json\/wp\/v2\/categories?post=15075"},{"taxonomy":"post_tag","embeddable":true,"href":"https:\/\/arteeluoghi.it\/index.php\/wp-json\/wp\/v2\/tags?post=15075"}],"curies":[{"name":"wp","href":"https:\/\/api.w.org\/{rel}","templated":true}]}}