{"id":15092,"date":"2025-01-09T22:27:16","date_gmt":"2025-01-09T21:27:16","guid":{"rendered":"https:\/\/arteeluoghi.it\/?p=15092"},"modified":"2025-01-10T18:11:30","modified_gmt":"2025-01-10T17:11:30","slug":"un-convegno-sulla-cartapesta-partendo-dalla-figura-di-giuseppe-manzo","status":"publish","type":"post","link":"https:\/\/arteeluoghi.it\/index.php\/2025\/01\/09\/un-convegno-sulla-cartapesta-partendo-dalla-figura-di-giuseppe-manzo\/","title":{"rendered":"Un convegno sulla cartapesta partendo dalla figura di Giuseppe Manzo"},"content":{"rendered":"\n<blockquote class=\"wp-block-quote is-style-default\"><p>Nell&#8217;ambito degli eventi ideati per la Focara 2025, il convegno nel Convento dei Padri passionisti di Novoli per la valorizzazione del patrimonio artistico locale e per dare nuovo slancio ad un arte simbolo del Territorio di cui il Manzo \u00e8 un&#8217;icona<\/p><\/blockquote>\n\n\n\n<p>La cartapesta leccese cultura radicata, narrazione innovativa: l\u2019equilibrio tra tradizione e modernit\u00e0 \u00e8 il tema del convegno che si terr\u00e0 a Novoli sabato 11 gennaio 2025 a partire dalle ore 19 con ingresso libero nelle sale del Convento dei padri Passionisti (via San Paolo, 28).<\/p>\n\n\n\n<p>Il convegno, che avr\u00e0 carattere itinerante, sar\u00e0 introdotto da Antonio Manzo operatore culturale e guida turistica nonch\u00e9 nipote dell\u2019artista Giuseppe Manzo che leg\u00f2 il suo nome all\u2019antica arte della cartapesta universalmente riconosciuta anche all\u2019estero per talento e tecnica e per una vastissima produzione di Santi, Cristi e Madonne entrate a far parte di collezioni pubbliche e private in tante parti del mondo.<\/p>\n\n\n\n<!--more-->\n\n\n\n<p>Un patrimonio artistico straordinario che impreziosisce molte chiese del Salento a cominciare proprio dalla sede del convegno, il Convento dei Padri Passionisti, che conserva un significativo numero di sculture.<\/p>\n\n\n\n<p>Dopo i saluti istituzionali del sindaco di Novoli Marco de Luca, dell\u2019assessore alla Cultura Francesca Ingrosso e del direttore artistico Alessandro Maria Polito che ha voluto inserire l\u2019incontro nel programma degli eventi della \u201cFocara 2025\u201d si alterneranno gli interventi si alterneranno gli interventi di Padre Maurizio Cino superiore del Convento dei Padri passionisti, del professore Salvatore Pietro Polito, di Antonio Papa Maestro dell&#8217;arte della cartapesta e di Claudia Schmidt restauratrice, coordinati dalla giornalista Antonietta Fulvio. Saranno presenti, inoltre, priori e rappresentanti di alcune confraternite della terra di Bari e salentine, oltrech\u00e9 la presenza di artisti e personaggi addentro all&#8217;arte della Cartapesta.<\/p>\n\n\n\n<p>Nato a Lecce nel 1849, Giuseppe Manzo fu soprannominato &#8220;il Michelangelo della cartapesta&#8221;, per il verismo e la perfezione delle sue sculture, pale per altari e altorilievi. Solo per restare in Puglia si annoverano un bellissimo altorilievo nel Duomo di Lecce, la Madonna del Rosario di Pompei nel Santuario di Santa Maria del Canneto a Gallipoli, l\u2019Annunciazione nel santuario S. Maria de finibus terra,&nbsp; il San Giuseppe Patriarca nella Chiesa di San Nicola a Corigliano d\u2019Otranto, il Sacro Cuore di Ges\u00f9 e un altorilievo della Vergine con il Bambino nella Cappella del Santissimo a Cavallino, la statua della Madonna del Carmine nella Chiesa di San Vito a Surbo, il San Giuseppe nel Santuario S. Maria della Lizza ad Aleziola Madonna dei Fiori nella Chiesa della Santissima Trinit\u00e0 Manduria, nella Chiesa della Beata Vergine a Casarano, a Melissano, Matino, Parabita, Tulgie, Putignano san Pietro Vernotico, Ostuni, Fasano, San Vito dei Normanni, Francavilla Fontana\u2026<\/p>\n\n\n\n<p>Il suo laboratorio ricevette dal Re Umberto I il fregio dell\u2019insegna regia come ricorda la targa apposta qualche anno fa in via Paladini, e durante la sua vita furono davvero tanti i riconoscimenti ricevuti per le sue meravigliose creazioni in cartapesta. Il papa Pio X gli confer\u00ec la Croce di Cavaliere dell\u2019Ordine Piano e l\u2019Accademia di Parigi lo nomin\u00f2 socio benemerito e gli attribu\u00ec la Medaglia d\u2019Oro. Nel 1899 fu premiato con la medaglia d\u2019oro all\u2019Esposizione Campionaria di Roma e all\u2019Esposizione Industriale e Commerciale di Poitiers e l\u2019anno seguente alle esposizioni internazionali di Londra, Parigi e Bruxelles: questo a testimonianza, se mai ce ne fosse stato bisogno, della sua Arte universalmente riconosciuta dalle pi\u00f9 prestigiose istituzioni dell\u2019epoca. Lo attestano d\u2019altronde anche&nbsp; i numerosi diplomi e corsi di merito attribuiti all\u2019artista che mai adoper\u00f2 per la sua opere in cartapesta i giornali perch\u00e9 come asseriva \u201c i santi non si vestono di notizie\u201d. Le sue statue si distinguono per la purezza del modellato, l\u2019armonie delle linee di figure dai lineamenti mai esagerati ma che esprimono con semplicit\u00e0 l\u2019essenza della religiosit\u00e0. Si racconta che quando doveva delineare i volti dei suoi \u201csanti\u201d Giuseppe Manzo si appartasse entrando quasi in estasi e questo non perch\u00e9 fosse geloso della sua arte ma semplicemente perch\u00e9 sentiva l\u2019esigenza di entrare in contatto con lo spirito del simulacro da rappresentare. Nella sua bottega, che cont\u00f2 fino a quindici unit\u00e0 nel periodo pi\u00f9 fiorente, non si lavor\u00f2 mai in serie ma con le pi\u00f9 pure tecniche come aveva appreso dai suoi maestri dapprima Luigi Guerra, Achille Castellucci&nbsp; e Anselmo de Simone poi Achille De Lucrezi, dove presso la sua bottega inizi\u00f2 a lavorare insieme a Andrea De Pascalis con il quale nel 1888 apr\u00ec un laboratorio sotto il Palazzo Romano, in via Paladini. Cinque anni pi\u00f9 tardi il De Pascalis si mise in proprio e Manzo continu\u00f2 da solo la sua attivit\u00e0.&nbsp; Il resto \u00e8 storia, trasmessa&nbsp; al figlio Antonio che per\u00f2, pur non raggiungendo la qualit\u00e0 tecnica del padre, fu costretto per l\u2019imperante crisi del settore a chiudere il laboratorio nel 1959. I tempi erano cambiati, la carenza di committenti da un lato e dall\u2019altro la mancanza di una trasmissione generazionale di un\u2019arte destinata ad impoverirsi anche per la contaminazione e l\u2019impoverimento dettato dalla produzione&nbsp; seriale di manufatti un tempo autentiche e concrete prove d\u2019autore.&nbsp;<\/p>\n","protected":false},"excerpt":{"rendered":"<p>Nell&#8217;ambito degli eventi ideati per la Focara 2025, il convegno nel Convento dei Padri passionisti di Novoli per la valorizzazione<\/p>\n","protected":false},"author":1,"featured_media":15081,"comment_status":"open","ping_status":"open","sticky":true,"template":"","format":"standard","meta":[],"categories":[27,52],"tags":[519,383,482,3711,3166,6361,6356,6359,1452,6358,273,6357,6360],"yoast_head":"<!-- This site is optimized with the Yoast SEO plugin v18.0 - https:\/\/yoast.com\/wordpress\/plugins\/seo\/ -->\n<title>Un convegno sulla cartapesta partendo dalla figura di Giuseppe Manzo | Arte e Luoghi<\/title>\n<meta name=\"description\" content=\"Nell&#039;ambito degli eventi ideati per la Focara 2025, il convegno nel Convento dei Padri passionisti di Novoli per la valorizzazione del\" \/>\n<meta name=\"robots\" content=\"index, follow, max-snippet:-1, max-image-preview:large, max-video-preview:-1\" \/>\n<link rel=\"canonical\" href=\"https:\/\/arteeluoghi.it\/index.php\/2025\/01\/09\/un-convegno-sulla-cartapesta-partendo-dalla-figura-di-giuseppe-manzo\/\" \/>\n<meta property=\"og:locale\" content=\"it_IT\" \/>\n<meta property=\"og:type\" content=\"article\" \/>\n<meta property=\"og:title\" content=\"Un convegno sulla cartapesta partendo dalla figura di Giuseppe Manzo | Arte e Luoghi\" \/>\n<meta property=\"og:description\" content=\"Nell&#039;ambito degli eventi ideati per la Focara 2025, il convegno nel Convento dei Padri passionisti di Novoli per la valorizzazione del\" \/>\n<meta property=\"og:url\" content=\"https:\/\/arteeluoghi.it\/index.php\/2025\/01\/09\/un-convegno-sulla-cartapesta-partendo-dalla-figura-di-giuseppe-manzo\/\" \/>\n<meta property=\"og:site_name\" content=\"Arte e Luoghi\" \/>\n<meta property=\"article:publisher\" content=\"https:\/\/www.facebook.com\/ArteELuoghi\/\" \/>\n<meta property=\"article:published_time\" content=\"2025-01-09T21:27:16+00:00\" \/>\n<meta property=\"article:modified_time\" content=\"2025-01-10T17:11:30+00:00\" \/>\n<meta property=\"og:image\" content=\"https:\/\/arteeluoghi.it\/wp-content\/uploads\/2025\/01\/472313903_3333217543476821_6437915292575396301_n.jpg\" \/>\n\t<meta property=\"og:image:width\" content=\"1080\" \/>\n\t<meta property=\"og:image:height\" content=\"1528\" \/>\n\t<meta property=\"og:image:type\" content=\"image\/jpeg\" \/>\n<meta name=\"twitter:card\" content=\"summary\" \/>\n<meta name=\"twitter:creator\" content=\"@arteeluoghi\" \/>\n<meta name=\"twitter:site\" content=\"@arteeluoghi\" \/>\n<meta name=\"twitter:label1\" content=\"Scritto da\" \/>\n\t<meta name=\"twitter:data1\" content=\"Staff\" \/>\n\t<meta name=\"twitter:label2\" content=\"Tempo di lettura stimato\" \/>\n\t<meta name=\"twitter:data2\" content=\"5 minuti\" \/>\n<script type=\"application\/ld+json\" class=\"yoast-schema-graph\">{\"@context\":\"https:\/\/schema.org\",\"@graph\":[{\"@type\":\"Organization\",\"@id\":\"https:\/\/arteeluoghi.it\/#organization\",\"name\":\"Arte e Luoghi\",\"url\":\"https:\/\/arteeluoghi.it\/\",\"sameAs\":[\"https:\/\/www.facebook.com\/ArteELuoghi\/\",\"https:\/\/www.instagram.com\/arteeluoghi\/?hl=it\",\"https:\/\/www.youtube.com\/channel\/UCuRVc4JW4-C5sg9rQB-srkw?view_as=subscriber\",\"https:\/\/twitter.com\/arteeluoghi\"],\"logo\":{\"@type\":\"ImageObject\",\"@id\":\"https:\/\/arteeluoghi.it\/#logo\",\"inLanguage\":\"it-IT\",\"url\":\"https:\/\/arteeluoghi.it\/wp-content\/uploads\/2018\/08\/logoinstagramarte.jpg\",\"contentUrl\":\"https:\/\/arteeluoghi.it\/wp-content\/uploads\/2018\/08\/logoinstagramarte.jpg\",\"width\":150,\"height\":150,\"caption\":\"Arte e Luoghi\"},\"image\":{\"@id\":\"https:\/\/arteeluoghi.it\/#logo\"}},{\"@type\":\"WebSite\",\"@id\":\"https:\/\/arteeluoghi.it\/#website\",\"url\":\"https:\/\/arteeluoghi.it\/\",\"name\":\"Arte e Luoghi\",\"description\":\"Mensile di arte, cultura, turismo e curiosit\u00e0\",\"publisher\":{\"@id\":\"https:\/\/arteeluoghi.it\/#organization\"},\"potentialAction\":[{\"@type\":\"SearchAction\",\"target\":{\"@type\":\"EntryPoint\",\"urlTemplate\":\"https:\/\/arteeluoghi.it\/?s={search_term_string}\"},\"query-input\":\"required name=search_term_string\"}],\"inLanguage\":\"it-IT\"},{\"@type\":\"ImageObject\",\"@id\":\"https:\/\/arteeluoghi.it\/index.php\/2025\/01\/09\/un-convegno-sulla-cartapesta-partendo-dalla-figura-di-giuseppe-manzo\/#primaryimage\",\"inLanguage\":\"it-IT\",\"url\":\"https:\/\/arteeluoghi.it\/wp-content\/uploads\/2025\/01\/472313903_3333217543476821_6437915292575396301_n.jpg\",\"contentUrl\":\"https:\/\/arteeluoghi.it\/wp-content\/uploads\/2025\/01\/472313903_3333217543476821_6437915292575396301_n.jpg\",\"width\":1080,\"height\":1528},{\"@type\":\"WebPage\",\"@id\":\"https:\/\/arteeluoghi.it\/index.php\/2025\/01\/09\/un-convegno-sulla-cartapesta-partendo-dalla-figura-di-giuseppe-manzo\/#webpage\",\"url\":\"https:\/\/arteeluoghi.it\/index.php\/2025\/01\/09\/un-convegno-sulla-cartapesta-partendo-dalla-figura-di-giuseppe-manzo\/\",\"name\":\"Un convegno sulla cartapesta partendo dalla figura di Giuseppe Manzo | Arte e Luoghi\",\"isPartOf\":{\"@id\":\"https:\/\/arteeluoghi.it\/#website\"},\"primaryImageOfPage\":{\"@id\":\"https:\/\/arteeluoghi.it\/index.php\/2025\/01\/09\/un-convegno-sulla-cartapesta-partendo-dalla-figura-di-giuseppe-manzo\/#primaryimage\"},\"datePublished\":\"2025-01-09T21:27:16+00:00\",\"dateModified\":\"2025-01-10T17:11:30+00:00\",\"description\":\"Nell'ambito degli eventi ideati per la Focara 2025, il convegno nel Convento dei Padri passionisti di Novoli per la valorizzazione del\",\"breadcrumb\":{\"@id\":\"https:\/\/arteeluoghi.it\/index.php\/2025\/01\/09\/un-convegno-sulla-cartapesta-partendo-dalla-figura-di-giuseppe-manzo\/#breadcrumb\"},\"inLanguage\":\"it-IT\",\"potentialAction\":[{\"@type\":\"ReadAction\",\"target\":[\"https:\/\/arteeluoghi.it\/index.php\/2025\/01\/09\/un-convegno-sulla-cartapesta-partendo-dalla-figura-di-giuseppe-manzo\/\"]}]},{\"@type\":\"BreadcrumbList\",\"@id\":\"https:\/\/arteeluoghi.it\/index.php\/2025\/01\/09\/un-convegno-sulla-cartapesta-partendo-dalla-figura-di-giuseppe-manzo\/#breadcrumb\",\"itemListElement\":[{\"@type\":\"ListItem\",\"position\":1,\"name\":\"Home\",\"item\":\"https:\/\/arteeluoghi.it\/\"},{\"@type\":\"ListItem\",\"position\":2,\"name\":\"Un convegno sulla cartapesta partendo dalla figura di Giuseppe Manzo\"}]},{\"@type\":\"Article\",\"@id\":\"https:\/\/arteeluoghi.it\/index.php\/2025\/01\/09\/un-convegno-sulla-cartapesta-partendo-dalla-figura-di-giuseppe-manzo\/#article\",\"isPartOf\":{\"@id\":\"https:\/\/arteeluoghi.it\/index.php\/2025\/01\/09\/un-convegno-sulla-cartapesta-partendo-dalla-figura-di-giuseppe-manzo\/#webpage\"},\"author\":{\"@id\":\"https:\/\/arteeluoghi.it\/#\/schema\/person\/f84e814e36e91e01448ee07eaadd41d4\"},\"headline\":\"Un convegno sulla cartapesta partendo dalla figura di Giuseppe Manzo\",\"datePublished\":\"2025-01-09T21:27:16+00:00\",\"dateModified\":\"2025-01-10T17:11:30+00:00\",\"mainEntityOfPage\":{\"@id\":\"https:\/\/arteeluoghi.it\/index.php\/2025\/01\/09\/un-convegno-sulla-cartapesta-partendo-dalla-figura-di-giuseppe-manzo\/#webpage\"},\"wordCount\":848,\"commentCount\":0,\"publisher\":{\"@id\":\"https:\/\/arteeluoghi.it\/#organization\"},\"image\":{\"@id\":\"https:\/\/arteeluoghi.it\/index.php\/2025\/01\/09\/un-convegno-sulla-cartapesta-partendo-dalla-figura-di-giuseppe-manzo\/#primaryimage\"},\"thumbnailUrl\":\"https:\/\/arteeluoghi.it\/wp-content\/uploads\/2025\/01\/472313903_3333217543476821_6437915292575396301_n.jpg\",\"keywords\":[\"Antonietta Fulvio\",\"Antonio Manzo\",\"Antonio Papa\",\"arte sacra\",\"cartapesta\",\"Claudia Schmidt\",\"Convento dei Padri passionisti\",\"Francesca Ingrosso\",\"Giuseppe Manzo\",\"Marco de Luca\",\"Novoli\",\"Padre Maurizio Cino\",\"Salvatore Pietro Polito\"],\"articleSection\":[\"Arte\",\"I luoghi della parola\"],\"inLanguage\":\"it-IT\",\"potentialAction\":[{\"@type\":\"CommentAction\",\"name\":\"Comment\",\"target\":[\"https:\/\/arteeluoghi.it\/index.php\/2025\/01\/09\/un-convegno-sulla-cartapesta-partendo-dalla-figura-di-giuseppe-manzo\/#respond\"]}]},{\"@type\":\"Person\",\"@id\":\"https:\/\/arteeluoghi.it\/#\/schema\/person\/f84e814e36e91e01448ee07eaadd41d4\",\"name\":\"Staff\",\"image\":{\"@type\":\"ImageObject\",\"@id\":\"https:\/\/arteeluoghi.it\/#personlogo\",\"inLanguage\":\"it-IT\",\"url\":\"https:\/\/secure.gravatar.com\/avatar\/49d2f9e46271bb04e19cebfaf141313a?s=96&d=blank&r=g\",\"contentUrl\":\"https:\/\/secure.gravatar.com\/avatar\/49d2f9e46271bb04e19cebfaf141313a?s=96&d=blank&r=g\",\"caption\":\"Staff\"}}]}<\/script>\n<!-- \/ Yoast SEO plugin. -->","yoast_head_json":{"title":"Un convegno sulla cartapesta partendo dalla figura di Giuseppe Manzo | Arte e Luoghi","description":"Nell'ambito degli eventi ideati per la Focara 2025, il convegno nel Convento dei Padri passionisti di Novoli per la valorizzazione del","robots":{"index":"index","follow":"follow","max-snippet":"max-snippet:-1","max-image-preview":"max-image-preview:large","max-video-preview":"max-video-preview:-1"},"canonical":"https:\/\/arteeluoghi.it\/index.php\/2025\/01\/09\/un-convegno-sulla-cartapesta-partendo-dalla-figura-di-giuseppe-manzo\/","og_locale":"it_IT","og_type":"article","og_title":"Un convegno sulla cartapesta partendo dalla figura di Giuseppe Manzo | Arte e Luoghi","og_description":"Nell'ambito degli eventi ideati per la Focara 2025, il convegno nel Convento dei Padri passionisti di Novoli per la valorizzazione del","og_url":"https:\/\/arteeluoghi.it\/index.php\/2025\/01\/09\/un-convegno-sulla-cartapesta-partendo-dalla-figura-di-giuseppe-manzo\/","og_site_name":"Arte e Luoghi","article_publisher":"https:\/\/www.facebook.com\/ArteELuoghi\/","article_published_time":"2025-01-09T21:27:16+00:00","article_modified_time":"2025-01-10T17:11:30+00:00","og_image":[{"width":1080,"height":1528,"url":"https:\/\/arteeluoghi.it\/wp-content\/uploads\/2025\/01\/472313903_3333217543476821_6437915292575396301_n.jpg","type":"image\/jpeg"}],"twitter_card":"summary","twitter_creator":"@arteeluoghi","twitter_site":"@arteeluoghi","twitter_misc":{"Scritto da":"Staff","Tempo di lettura stimato":"5 minuti"},"schema":{"@context":"https:\/\/schema.org","@graph":[{"@type":"Organization","@id":"https:\/\/arteeluoghi.it\/#organization","name":"Arte e Luoghi","url":"https:\/\/arteeluoghi.it\/","sameAs":["https:\/\/www.facebook.com\/ArteELuoghi\/","https:\/\/www.instagram.com\/arteeluoghi\/?hl=it","https:\/\/www.youtube.com\/channel\/UCuRVc4JW4-C5sg9rQB-srkw?view_as=subscriber","https:\/\/twitter.com\/arteeluoghi"],"logo":{"@type":"ImageObject","@id":"https:\/\/arteeluoghi.it\/#logo","inLanguage":"it-IT","url":"https:\/\/arteeluoghi.it\/wp-content\/uploads\/2018\/08\/logoinstagramarte.jpg","contentUrl":"https:\/\/arteeluoghi.it\/wp-content\/uploads\/2018\/08\/logoinstagramarte.jpg","width":150,"height":150,"caption":"Arte e Luoghi"},"image":{"@id":"https:\/\/arteeluoghi.it\/#logo"}},{"@type":"WebSite","@id":"https:\/\/arteeluoghi.it\/#website","url":"https:\/\/arteeluoghi.it\/","name":"Arte e Luoghi","description":"Mensile di arte, cultura, turismo e curiosit\u00e0","publisher":{"@id":"https:\/\/arteeluoghi.it\/#organization"},"potentialAction":[{"@type":"SearchAction","target":{"@type":"EntryPoint","urlTemplate":"https:\/\/arteeluoghi.it\/?s={search_term_string}"},"query-input":"required name=search_term_string"}],"inLanguage":"it-IT"},{"@type":"ImageObject","@id":"https:\/\/arteeluoghi.it\/index.php\/2025\/01\/09\/un-convegno-sulla-cartapesta-partendo-dalla-figura-di-giuseppe-manzo\/#primaryimage","inLanguage":"it-IT","url":"https:\/\/arteeluoghi.it\/wp-content\/uploads\/2025\/01\/472313903_3333217543476821_6437915292575396301_n.jpg","contentUrl":"https:\/\/arteeluoghi.it\/wp-content\/uploads\/2025\/01\/472313903_3333217543476821_6437915292575396301_n.jpg","width":1080,"height":1528},{"@type":"WebPage","@id":"https:\/\/arteeluoghi.it\/index.php\/2025\/01\/09\/un-convegno-sulla-cartapesta-partendo-dalla-figura-di-giuseppe-manzo\/#webpage","url":"https:\/\/arteeluoghi.it\/index.php\/2025\/01\/09\/un-convegno-sulla-cartapesta-partendo-dalla-figura-di-giuseppe-manzo\/","name":"Un convegno sulla cartapesta partendo dalla figura di Giuseppe Manzo | Arte e Luoghi","isPartOf":{"@id":"https:\/\/arteeluoghi.it\/#website"},"primaryImageOfPage":{"@id":"https:\/\/arteeluoghi.it\/index.php\/2025\/01\/09\/un-convegno-sulla-cartapesta-partendo-dalla-figura-di-giuseppe-manzo\/#primaryimage"},"datePublished":"2025-01-09T21:27:16+00:00","dateModified":"2025-01-10T17:11:30+00:00","description":"Nell'ambito degli eventi ideati per la Focara 2025, il convegno nel Convento dei Padri passionisti di Novoli per la valorizzazione del","breadcrumb":{"@id":"https:\/\/arteeluoghi.it\/index.php\/2025\/01\/09\/un-convegno-sulla-cartapesta-partendo-dalla-figura-di-giuseppe-manzo\/#breadcrumb"},"inLanguage":"it-IT","potentialAction":[{"@type":"ReadAction","target":["https:\/\/arteeluoghi.it\/index.php\/2025\/01\/09\/un-convegno-sulla-cartapesta-partendo-dalla-figura-di-giuseppe-manzo\/"]}]},{"@type":"BreadcrumbList","@id":"https:\/\/arteeluoghi.it\/index.php\/2025\/01\/09\/un-convegno-sulla-cartapesta-partendo-dalla-figura-di-giuseppe-manzo\/#breadcrumb","itemListElement":[{"@type":"ListItem","position":1,"name":"Home","item":"https:\/\/arteeluoghi.it\/"},{"@type":"ListItem","position":2,"name":"Un convegno sulla cartapesta partendo dalla figura di Giuseppe Manzo"}]},{"@type":"Article","@id":"https:\/\/arteeluoghi.it\/index.php\/2025\/01\/09\/un-convegno-sulla-cartapesta-partendo-dalla-figura-di-giuseppe-manzo\/#article","isPartOf":{"@id":"https:\/\/arteeluoghi.it\/index.php\/2025\/01\/09\/un-convegno-sulla-cartapesta-partendo-dalla-figura-di-giuseppe-manzo\/#webpage"},"author":{"@id":"https:\/\/arteeluoghi.it\/#\/schema\/person\/f84e814e36e91e01448ee07eaadd41d4"},"headline":"Un convegno sulla cartapesta partendo dalla figura di Giuseppe Manzo","datePublished":"2025-01-09T21:27:16+00:00","dateModified":"2025-01-10T17:11:30+00:00","mainEntityOfPage":{"@id":"https:\/\/arteeluoghi.it\/index.php\/2025\/01\/09\/un-convegno-sulla-cartapesta-partendo-dalla-figura-di-giuseppe-manzo\/#webpage"},"wordCount":848,"commentCount":0,"publisher":{"@id":"https:\/\/arteeluoghi.it\/#organization"},"image":{"@id":"https:\/\/arteeluoghi.it\/index.php\/2025\/01\/09\/un-convegno-sulla-cartapesta-partendo-dalla-figura-di-giuseppe-manzo\/#primaryimage"},"thumbnailUrl":"https:\/\/arteeluoghi.it\/wp-content\/uploads\/2025\/01\/472313903_3333217543476821_6437915292575396301_n.jpg","keywords":["Antonietta Fulvio","Antonio Manzo","Antonio Papa","arte sacra","cartapesta","Claudia Schmidt","Convento dei Padri passionisti","Francesca Ingrosso","Giuseppe Manzo","Marco de Luca","Novoli","Padre Maurizio Cino","Salvatore Pietro Polito"],"articleSection":["Arte","I luoghi della parola"],"inLanguage":"it-IT","potentialAction":[{"@type":"CommentAction","name":"Comment","target":["https:\/\/arteeluoghi.it\/index.php\/2025\/01\/09\/un-convegno-sulla-cartapesta-partendo-dalla-figura-di-giuseppe-manzo\/#respond"]}]},{"@type":"Person","@id":"https:\/\/arteeluoghi.it\/#\/schema\/person\/f84e814e36e91e01448ee07eaadd41d4","name":"Staff","image":{"@type":"ImageObject","@id":"https:\/\/arteeluoghi.it\/#personlogo","inLanguage":"it-IT","url":"https:\/\/secure.gravatar.com\/avatar\/49d2f9e46271bb04e19cebfaf141313a?s=96&d=blank&r=g","contentUrl":"https:\/\/secure.gravatar.com\/avatar\/49d2f9e46271bb04e19cebfaf141313a?s=96&d=blank&r=g","caption":"Staff"}}]}},"_links":{"self":[{"href":"https:\/\/arteeluoghi.it\/index.php\/wp-json\/wp\/v2\/posts\/15092"}],"collection":[{"href":"https:\/\/arteeluoghi.it\/index.php\/wp-json\/wp\/v2\/posts"}],"about":[{"href":"https:\/\/arteeluoghi.it\/index.php\/wp-json\/wp\/v2\/types\/post"}],"author":[{"embeddable":true,"href":"https:\/\/arteeluoghi.it\/index.php\/wp-json\/wp\/v2\/users\/1"}],"replies":[{"embeddable":true,"href":"https:\/\/arteeluoghi.it\/index.php\/wp-json\/wp\/v2\/comments?post=15092"}],"version-history":[{"count":9,"href":"https:\/\/arteeluoghi.it\/index.php\/wp-json\/wp\/v2\/posts\/15092\/revisions"}],"predecessor-version":[{"id":15107,"href":"https:\/\/arteeluoghi.it\/index.php\/wp-json\/wp\/v2\/posts\/15092\/revisions\/15107"}],"wp:featuredmedia":[{"embeddable":true,"href":"https:\/\/arteeluoghi.it\/index.php\/wp-json\/wp\/v2\/media\/15081"}],"wp:attachment":[{"href":"https:\/\/arteeluoghi.it\/index.php\/wp-json\/wp\/v2\/media?parent=15092"}],"wp:term":[{"taxonomy":"category","embeddable":true,"href":"https:\/\/arteeluoghi.it\/index.php\/wp-json\/wp\/v2\/categories?post=15092"},{"taxonomy":"post_tag","embeddable":true,"href":"https:\/\/arteeluoghi.it\/index.php\/wp-json\/wp\/v2\/tags?post=15092"}],"curies":[{"name":"wp","href":"https:\/\/api.w.org\/{rel}","templated":true}]}}