{"id":1516,"date":"2014-01-23T15:22:48","date_gmt":"2014-01-23T14:22:48","guid":{"rendered":"http:\/\/arteeluoghi.it\/index.php\/2014\/01\/23\/a-scuola-di-genitori\/"},"modified":"2017-08-06T23:10:49","modified_gmt":"2017-08-06T21:10:49","slug":"a-scuola-di-genitori","status":"publish","type":"post","link":"https:\/\/arteeluoghi.it\/index.php\/2014\/01\/23\/a-scuola-di-genitori\/","title":{"rendered":"A Scuola di Genitori"},"content":{"rendered":"<p><img src=\"\/images\/loca%20genitori.jpg\" border=\"0\" title=\"la locandina del corso\" width=\"280\" style=\"margin: 21px; border: 1px solid black; float: left;\" \/>La scuola dei genitori al Centro Pedagogico Piccoli Passi di Lecce<\/p>\n<p><strong>Anche i genitori imparano. <br \/><\/strong><\/p>\n<p>di <strong>Francesca Pastore<\/strong><\/p>\n<p>Difficile, difficilissimo al giorno d\u2019oggi il ruolo di genitore. Il mondo \u00e8 cambiato, si parla poco, ci si confronta ancora meno. Sempre pi\u00f9 mamme e pap\u00e0 sono impegnati quasi tutto il giorno a lavorare e diventano rari i momenti in cui si pu\u00f2 raccontare la propria giornata, scambiare opinioni e a volte, anche fermarsi per una carezza. Sostenere i pap\u00e0 e le mamme e gli educatori di professione,\u00a0 nel comprendere con pi\u00f9 attenzione le esigenze educative dei propri figli. Con questo obiettivo riparte a Lecce la &#8220;Scuola dei Genitori&#8221;, presso il Centro Pedagogico Piccoli Passi in via Sordi, nel Quartiere Agave.<\/p>\n<p>Cinque\u00a0 appuntamenti per riflettere insieme sul nostro educare.<\/p>\n<p>Si inizia sabato 18 gennaio con &#8220;Comunicare l&#8217;amore ai bambini&#8221; con orario 16-18 e con possibilit\u00e0 di uno spazio gioco per i bambini con una educatrice del Centro, per chi volesse portarli con s\u00e8. \u201cEssere un buon genitore \u00e8 la cosa pi\u00f9 difficile del mondo\u201d \u00e8 la frase che ogni genitore pronuncia almeno una volta nella vita. In effetti \u00e8 un compito tanto bello quando faticoso per il quale non possono esistere delle Universit\u00e0 e sono i figli i nostri primi insegnanti. Ma nella complessit\u00e0 del mondo odierno \u00e8 doveroso un sostegno ai genitori e al loro eroico impegno quotidiano.<\/p>\n<p>  <!--more-->  <\/p>\n<p>\u00c8 per questo che il centro \u201cPiccoli Passi\u201d, gi\u00e0 impegnato ad offrire numerosi servizi educativi ha deciso di offrire una formazione dedicata ai genitori e per chi \u00e8 impegnato nell&#8217;educare. Attraverso il confronto, lo scambio di esperienze e l&#8217;approfondimento di alcuni contributi delle scienze umane, i genitori saranno accompagnati , per un sabato pomeriggio al mese, ad interrogarsi su temi quali l&#8217;intelligenza emotiva, l&#8217;educazione al buon uso della tecnologia, la comunicazione in famiglia, il valore delle regole e degli affetti. Ecco i titoli e le date degli incontri: 18 gennaio &#8220;Lo sai che ti voglio bene? Comunicare l&#8217;amore ai figli&#8221;; 8 febbraio &#8220;Capire con il cuore, sentire con la mente. Emozioni ed Educazione&#8221;; 1 marzo &#8220;Sorvolo, rimprovero o punisco? Le regole per crescere bene&#8221;; 22 marzo &#8220;Ti ho gi\u00e0 detto di&#8230;..n\u00ec. La fermezza tra capricci e sensi di colpa&#8221;; 12 aprile &#8220;E a me chi ci pensa? L&#8217;equilibrio interiore della coppia&#8221;. Conduttore di &#8220;Anche i Genitori imparano&#8221; sar\u00e0 Francesco Aprile, counselor in Analisi Transazionale. Il percorso \u00e8 rivolto a genitori ed educatori, la partecipazione \u00e8 a numero chiuso con obbligo di prenotazione e conferma adesione al 380\/2065137.<\/p>\n","protected":false},"excerpt":{"rendered":"<p>La scuola dei genitori al Centro Pedagogico Piccoli Passi di Lecce Anche i genitori imparano. di Francesca Pastore Difficile, difficilissimo<\/p>\n","protected":false},"author":1,"featured_media":0,"comment_status":"open","ping_status":"open","sticky":false,"template":"","format":"standard","meta":[],"categories":[52],"tags":[],"yoast_head":"<!-- This site is optimized with the Yoast SEO plugin v18.0 - https:\/\/yoast.com\/wordpress\/plugins\/seo\/ -->\n<title>A Scuola di Genitori | Arte e Luoghi<\/title>\n<meta name=\"robots\" content=\"index, follow, max-snippet:-1, max-image-preview:large, max-video-preview:-1\" \/>\n<link rel=\"canonical\" href=\"https:\/\/arteeluoghi.it\/index.php\/2014\/01\/23\/a-scuola-di-genitori\/\" \/>\n<meta property=\"og:locale\" content=\"it_IT\" \/>\n<meta property=\"og:type\" content=\"article\" \/>\n<meta property=\"og:title\" content=\"A Scuola di Genitori | Arte e Luoghi\" \/>\n<meta property=\"og:description\" content=\"La scuola dei genitori al Centro Pedagogico Piccoli Passi di Lecce Anche i genitori imparano. di Francesca Pastore Difficile, difficilissimo\" \/>\n<meta property=\"og:url\" content=\"https:\/\/arteeluoghi.it\/index.php\/2014\/01\/23\/a-scuola-di-genitori\/\" \/>\n<meta property=\"og:site_name\" content=\"Arte e Luoghi\" \/>\n<meta property=\"article:publisher\" content=\"https:\/\/www.facebook.com\/ArteELuoghi\/\" \/>\n<meta property=\"article:published_time\" content=\"2014-01-23T14:22:48+00:00\" \/>\n<meta property=\"article:modified_time\" content=\"2017-08-06T21:10:49+00:00\" \/>\n<meta property=\"og:image\" content=\"https:\/\/arteeluoghi.it\/images\/loca%20genitori.jpg\" \/>\n<meta name=\"twitter:card\" content=\"summary\" \/>\n<meta name=\"twitter:creator\" content=\"@arteeluoghi\" \/>\n<meta name=\"twitter:site\" content=\"@arteeluoghi\" \/>\n<meta name=\"twitter:label1\" content=\"Scritto da\" \/>\n\t<meta name=\"twitter:data1\" content=\"Staff\" \/>\n\t<meta name=\"twitter:label2\" content=\"Tempo di lettura stimato\" \/>\n\t<meta name=\"twitter:data2\" content=\"2 minuti\" \/>\n<script type=\"application\/ld+json\" class=\"yoast-schema-graph\">{\"@context\":\"https:\/\/schema.org\",\"@graph\":[{\"@type\":\"Organization\",\"@id\":\"https:\/\/arteeluoghi.it\/#organization\",\"name\":\"Arte e Luoghi\",\"url\":\"https:\/\/arteeluoghi.it\/\",\"sameAs\":[\"https:\/\/www.facebook.com\/ArteELuoghi\/\",\"https:\/\/www.instagram.com\/arteeluoghi\/?hl=it\",\"https:\/\/www.youtube.com\/channel\/UCuRVc4JW4-C5sg9rQB-srkw?view_as=subscriber\",\"https:\/\/twitter.com\/arteeluoghi\"],\"logo\":{\"@type\":\"ImageObject\",\"@id\":\"https:\/\/arteeluoghi.it\/#logo\",\"inLanguage\":\"it-IT\",\"url\":\"https:\/\/arteeluoghi.it\/wp-content\/uploads\/2018\/08\/logoinstagramarte.jpg\",\"contentUrl\":\"https:\/\/arteeluoghi.it\/wp-content\/uploads\/2018\/08\/logoinstagramarte.jpg\",\"width\":150,\"height\":150,\"caption\":\"Arte e Luoghi\"},\"image\":{\"@id\":\"https:\/\/arteeluoghi.it\/#logo\"}},{\"@type\":\"WebSite\",\"@id\":\"https:\/\/arteeluoghi.it\/#website\",\"url\":\"https:\/\/arteeluoghi.it\/\",\"name\":\"Arte e Luoghi\",\"description\":\"Mensile di arte, cultura, turismo e curiosit\u00e0\",\"publisher\":{\"@id\":\"https:\/\/arteeluoghi.it\/#organization\"},\"potentialAction\":[{\"@type\":\"SearchAction\",\"target\":{\"@type\":\"EntryPoint\",\"urlTemplate\":\"https:\/\/arteeluoghi.it\/?s={search_term_string}\"},\"query-input\":\"required name=search_term_string\"}],\"inLanguage\":\"it-IT\"},{\"@type\":\"ImageObject\",\"@id\":\"https:\/\/arteeluoghi.it\/index.php\/2014\/01\/23\/a-scuola-di-genitori\/#primaryimage\",\"inLanguage\":\"it-IT\",\"url\":\"\/images\/loca%20genitori.jpg\",\"contentUrl\":\"\/images\/loca%20genitori.jpg\"},{\"@type\":\"WebPage\",\"@id\":\"https:\/\/arteeluoghi.it\/index.php\/2014\/01\/23\/a-scuola-di-genitori\/#webpage\",\"url\":\"https:\/\/arteeluoghi.it\/index.php\/2014\/01\/23\/a-scuola-di-genitori\/\",\"name\":\"A Scuola di Genitori | Arte e Luoghi\",\"isPartOf\":{\"@id\":\"https:\/\/arteeluoghi.it\/#website\"},\"primaryImageOfPage\":{\"@id\":\"https:\/\/arteeluoghi.it\/index.php\/2014\/01\/23\/a-scuola-di-genitori\/#primaryimage\"},\"datePublished\":\"2014-01-23T14:22:48+00:00\",\"dateModified\":\"2017-08-06T21:10:49+00:00\",\"breadcrumb\":{\"@id\":\"https:\/\/arteeluoghi.it\/index.php\/2014\/01\/23\/a-scuola-di-genitori\/#breadcrumb\"},\"inLanguage\":\"it-IT\",\"potentialAction\":[{\"@type\":\"ReadAction\",\"target\":[\"https:\/\/arteeluoghi.it\/index.php\/2014\/01\/23\/a-scuola-di-genitori\/\"]}]},{\"@type\":\"BreadcrumbList\",\"@id\":\"https:\/\/arteeluoghi.it\/index.php\/2014\/01\/23\/a-scuola-di-genitori\/#breadcrumb\",\"itemListElement\":[{\"@type\":\"ListItem\",\"position\":1,\"name\":\"Home\",\"item\":\"https:\/\/arteeluoghi.it\/\"},{\"@type\":\"ListItem\",\"position\":2,\"name\":\"A Scuola di Genitori\"}]},{\"@type\":\"Article\",\"@id\":\"https:\/\/arteeluoghi.it\/index.php\/2014\/01\/23\/a-scuola-di-genitori\/#article\",\"isPartOf\":{\"@id\":\"https:\/\/arteeluoghi.it\/index.php\/2014\/01\/23\/a-scuola-di-genitori\/#webpage\"},\"author\":{\"@id\":\"https:\/\/arteeluoghi.it\/#\/schema\/person\/f84e814e36e91e01448ee07eaadd41d4\"},\"headline\":\"A Scuola di Genitori\",\"datePublished\":\"2014-01-23T14:22:48+00:00\",\"dateModified\":\"2017-08-06T21:10:49+00:00\",\"mainEntityOfPage\":{\"@id\":\"https:\/\/arteeluoghi.it\/index.php\/2014\/01\/23\/a-scuola-di-genitori\/#webpage\"},\"wordCount\":403,\"commentCount\":0,\"publisher\":{\"@id\":\"https:\/\/arteeluoghi.it\/#organization\"},\"image\":{\"@id\":\"https:\/\/arteeluoghi.it\/index.php\/2014\/01\/23\/a-scuola-di-genitori\/#primaryimage\"},\"thumbnailUrl\":\"\/images\/loca%20genitori.jpg\",\"articleSection\":[\"I luoghi della parola\"],\"inLanguage\":\"it-IT\",\"potentialAction\":[{\"@type\":\"CommentAction\",\"name\":\"Comment\",\"target\":[\"https:\/\/arteeluoghi.it\/index.php\/2014\/01\/23\/a-scuola-di-genitori\/#respond\"]}]},{\"@type\":\"Person\",\"@id\":\"https:\/\/arteeluoghi.it\/#\/schema\/person\/f84e814e36e91e01448ee07eaadd41d4\",\"name\":\"Staff\",\"image\":{\"@type\":\"ImageObject\",\"@id\":\"https:\/\/arteeluoghi.it\/#personlogo\",\"inLanguage\":\"it-IT\",\"url\":\"https:\/\/secure.gravatar.com\/avatar\/49d2f9e46271bb04e19cebfaf141313a?s=96&d=blank&r=g\",\"contentUrl\":\"https:\/\/secure.gravatar.com\/avatar\/49d2f9e46271bb04e19cebfaf141313a?s=96&d=blank&r=g\",\"caption\":\"Staff\"}}]}<\/script>\n<!-- \/ Yoast SEO plugin. -->","yoast_head_json":{"title":"A Scuola di Genitori | Arte e Luoghi","robots":{"index":"index","follow":"follow","max-snippet":"max-snippet:-1","max-image-preview":"max-image-preview:large","max-video-preview":"max-video-preview:-1"},"canonical":"https:\/\/arteeluoghi.it\/index.php\/2014\/01\/23\/a-scuola-di-genitori\/","og_locale":"it_IT","og_type":"article","og_title":"A Scuola di Genitori | Arte e Luoghi","og_description":"La scuola dei genitori al Centro Pedagogico Piccoli Passi di Lecce Anche i genitori imparano. di Francesca Pastore Difficile, difficilissimo","og_url":"https:\/\/arteeluoghi.it\/index.php\/2014\/01\/23\/a-scuola-di-genitori\/","og_site_name":"Arte e Luoghi","article_publisher":"https:\/\/www.facebook.com\/ArteELuoghi\/","article_published_time":"2014-01-23T14:22:48+00:00","article_modified_time":"2017-08-06T21:10:49+00:00","og_image":[{"url":"https:\/\/arteeluoghi.it\/images\/loca%20genitori.jpg"}],"twitter_card":"summary","twitter_creator":"@arteeluoghi","twitter_site":"@arteeluoghi","twitter_misc":{"Scritto da":"Staff","Tempo di lettura stimato":"2 minuti"},"schema":{"@context":"https:\/\/schema.org","@graph":[{"@type":"Organization","@id":"https:\/\/arteeluoghi.it\/#organization","name":"Arte e Luoghi","url":"https:\/\/arteeluoghi.it\/","sameAs":["https:\/\/www.facebook.com\/ArteELuoghi\/","https:\/\/www.instagram.com\/arteeluoghi\/?hl=it","https:\/\/www.youtube.com\/channel\/UCuRVc4JW4-C5sg9rQB-srkw?view_as=subscriber","https:\/\/twitter.com\/arteeluoghi"],"logo":{"@type":"ImageObject","@id":"https:\/\/arteeluoghi.it\/#logo","inLanguage":"it-IT","url":"https:\/\/arteeluoghi.it\/wp-content\/uploads\/2018\/08\/logoinstagramarte.jpg","contentUrl":"https:\/\/arteeluoghi.it\/wp-content\/uploads\/2018\/08\/logoinstagramarte.jpg","width":150,"height":150,"caption":"Arte e Luoghi"},"image":{"@id":"https:\/\/arteeluoghi.it\/#logo"}},{"@type":"WebSite","@id":"https:\/\/arteeluoghi.it\/#website","url":"https:\/\/arteeluoghi.it\/","name":"Arte e Luoghi","description":"Mensile di arte, cultura, turismo e curiosit\u00e0","publisher":{"@id":"https:\/\/arteeluoghi.it\/#organization"},"potentialAction":[{"@type":"SearchAction","target":{"@type":"EntryPoint","urlTemplate":"https:\/\/arteeluoghi.it\/?s={search_term_string}"},"query-input":"required name=search_term_string"}],"inLanguage":"it-IT"},{"@type":"ImageObject","@id":"https:\/\/arteeluoghi.it\/index.php\/2014\/01\/23\/a-scuola-di-genitori\/#primaryimage","inLanguage":"it-IT","url":"\/images\/loca%20genitori.jpg","contentUrl":"\/images\/loca%20genitori.jpg"},{"@type":"WebPage","@id":"https:\/\/arteeluoghi.it\/index.php\/2014\/01\/23\/a-scuola-di-genitori\/#webpage","url":"https:\/\/arteeluoghi.it\/index.php\/2014\/01\/23\/a-scuola-di-genitori\/","name":"A Scuola di Genitori | Arte e Luoghi","isPartOf":{"@id":"https:\/\/arteeluoghi.it\/#website"},"primaryImageOfPage":{"@id":"https:\/\/arteeluoghi.it\/index.php\/2014\/01\/23\/a-scuola-di-genitori\/#primaryimage"},"datePublished":"2014-01-23T14:22:48+00:00","dateModified":"2017-08-06T21:10:49+00:00","breadcrumb":{"@id":"https:\/\/arteeluoghi.it\/index.php\/2014\/01\/23\/a-scuola-di-genitori\/#breadcrumb"},"inLanguage":"it-IT","potentialAction":[{"@type":"ReadAction","target":["https:\/\/arteeluoghi.it\/index.php\/2014\/01\/23\/a-scuola-di-genitori\/"]}]},{"@type":"BreadcrumbList","@id":"https:\/\/arteeluoghi.it\/index.php\/2014\/01\/23\/a-scuola-di-genitori\/#breadcrumb","itemListElement":[{"@type":"ListItem","position":1,"name":"Home","item":"https:\/\/arteeluoghi.it\/"},{"@type":"ListItem","position":2,"name":"A Scuola di Genitori"}]},{"@type":"Article","@id":"https:\/\/arteeluoghi.it\/index.php\/2014\/01\/23\/a-scuola-di-genitori\/#article","isPartOf":{"@id":"https:\/\/arteeluoghi.it\/index.php\/2014\/01\/23\/a-scuola-di-genitori\/#webpage"},"author":{"@id":"https:\/\/arteeluoghi.it\/#\/schema\/person\/f84e814e36e91e01448ee07eaadd41d4"},"headline":"A Scuola di Genitori","datePublished":"2014-01-23T14:22:48+00:00","dateModified":"2017-08-06T21:10:49+00:00","mainEntityOfPage":{"@id":"https:\/\/arteeluoghi.it\/index.php\/2014\/01\/23\/a-scuola-di-genitori\/#webpage"},"wordCount":403,"commentCount":0,"publisher":{"@id":"https:\/\/arteeluoghi.it\/#organization"},"image":{"@id":"https:\/\/arteeluoghi.it\/index.php\/2014\/01\/23\/a-scuola-di-genitori\/#primaryimage"},"thumbnailUrl":"\/images\/loca%20genitori.jpg","articleSection":["I luoghi della parola"],"inLanguage":"it-IT","potentialAction":[{"@type":"CommentAction","name":"Comment","target":["https:\/\/arteeluoghi.it\/index.php\/2014\/01\/23\/a-scuola-di-genitori\/#respond"]}]},{"@type":"Person","@id":"https:\/\/arteeluoghi.it\/#\/schema\/person\/f84e814e36e91e01448ee07eaadd41d4","name":"Staff","image":{"@type":"ImageObject","@id":"https:\/\/arteeluoghi.it\/#personlogo","inLanguage":"it-IT","url":"https:\/\/secure.gravatar.com\/avatar\/49d2f9e46271bb04e19cebfaf141313a?s=96&d=blank&r=g","contentUrl":"https:\/\/secure.gravatar.com\/avatar\/49d2f9e46271bb04e19cebfaf141313a?s=96&d=blank&r=g","caption":"Staff"}}]}},"_links":{"self":[{"href":"https:\/\/arteeluoghi.it\/index.php\/wp-json\/wp\/v2\/posts\/1516"}],"collection":[{"href":"https:\/\/arteeluoghi.it\/index.php\/wp-json\/wp\/v2\/posts"}],"about":[{"href":"https:\/\/arteeluoghi.it\/index.php\/wp-json\/wp\/v2\/types\/post"}],"author":[{"embeddable":true,"href":"https:\/\/arteeluoghi.it\/index.php\/wp-json\/wp\/v2\/users\/1"}],"replies":[{"embeddable":true,"href":"https:\/\/arteeluoghi.it\/index.php\/wp-json\/wp\/v2\/comments?post=1516"}],"version-history":[{"count":1,"href":"https:\/\/arteeluoghi.it\/index.php\/wp-json\/wp\/v2\/posts\/1516\/revisions"}],"predecessor-version":[{"id":2977,"href":"https:\/\/arteeluoghi.it\/index.php\/wp-json\/wp\/v2\/posts\/1516\/revisions\/2977"}],"wp:attachment":[{"href":"https:\/\/arteeluoghi.it\/index.php\/wp-json\/wp\/v2\/media?parent=1516"}],"wp:term":[{"taxonomy":"category","embeddable":true,"href":"https:\/\/arteeluoghi.it\/index.php\/wp-json\/wp\/v2\/categories?post=1516"},{"taxonomy":"post_tag","embeddable":true,"href":"https:\/\/arteeluoghi.it\/index.php\/wp-json\/wp\/v2\/tags?post=1516"}],"curies":[{"name":"wp","href":"https:\/\/api.w.org\/{rel}","templated":true}]}}