{"id":1518,"date":"2014-01-23T16:27:37","date_gmt":"2014-01-23T15:27:37","guid":{"rendered":"http:\/\/arteeluoghi.it\/index.php\/2014\/01\/23\/l-arte-e-gli-altri-saperi\/"},"modified":"2017-08-06T23:10:41","modified_gmt":"2017-08-06T21:10:41","slug":"l-arte-e-gli-altri-saperi","status":"publish","type":"post","link":"https:\/\/arteeluoghi.it\/index.php\/2014\/01\/23\/l-arte-e-gli-altri-saperi\/","title":{"rendered":"L\u2019Arte e gli altri saperi"},"content":{"rendered":"<p><em><img src=\"\/images\/N.%20Balestrini%20Opere%20nello%20studio%20Roma%202013%20.JPG\" border=\"0\" title=\"N. Balestrini Opere nello studio Roma 2013\" width=\"300\" style=\"margin: 21px; float: left;\" \/><\/em><\/p>\n<p>Gli incontri del Liceo Artistico Ciardo-Pellegrino di Lecce alle Officine Cantelmo<em><br \/><\/em><\/p>\n<p><em><strong>L\u2019Arte e gli altri saperi<\/strong><\/em> \u00e8 un progetto del Liceo Artistico <em>Ciardo-Pellegrino<\/em> di Lecce, che pone in evidenza, le relazioni, le connessioni, i legami tra l\u2019economia, la letteratura, il diritto, la matematica e l\u2019arte.<\/p>\n<p>Segni, grafici, numeri, cinema, parole sono i percorsi per cercare i legami tra l\u2019arte e gli altri saperi, legami in alcuni casi diretti, in altri indiretti. Percorsi creativi nell\u2019arte e nel suo mondo alla ricerca di segni, grafici e numeri per svelarne i simboli, i misteri intesi anche come disegni, pitture e scritture.<\/p>\n<p>Presso le <em>Officine Cantelmo<\/em>, in V.le De Pietro, si terranno quattro performances di personalit\u00e0 di rilievo della scienza e della cultura italiana. Gli incontri oltre agli allievi del Liceo Artistico Ciardo-Pellegrino, sono aperti agli studenti delle scuole salentine, dell\u2019Accademia BB.AA., dell\u2019Universit\u00e0 del Salento e a tutta la cittadinanza per diffondere al pubblico le relazioni tra discipline diverse e soprattutto la scoperta di nuove emozioni che scaturiscono dal connubio arte e scienza.<\/p>\n<p>  <!--more-->  <\/p>\n<p>\u00a0<\/p>\n<p>\u00a0<\/p>\n<hr \/>\n<p>\u00a0<\/p>\n<p><strong><img src=\"\/images\/Vitantonio%20Russo.jpg\" border=\"0\" title=\"l\u2019economista-artista Vitantonio Russo\" width=\"300\" style=\"margin: 21px; float: right;\" \/>Calendario Incontri<\/strong><\/p>\n<p><strong>\u00a0<\/strong><\/p>\n<p><strong>Il 30 gennaio 2014, ore 10.00, l\u2019Arte incontra l\u2019Economia.<\/strong><\/p>\n<p><em>Valore \u2013 Valori<\/em>, performance dell\u2019economista-artista prof. <strong>Vitantonio Russo<\/strong>, docente di Economia dei Beni e delle Attivit\u00e0 Culturali. Partendo da un foglio in pergamena sul quale \u00e8 applicato un euro cent fior di conio, che sar\u00e0 consegnato a tutti gli spettatori, l\u2019artista illustrer\u00e0 il legame profondo tra il valore economico e il valore culturale dell\u2019arte. L\u2019economista, ricorrendo ad alcuni video e al dialogo con il pubblico, attraverso il significato simbolico del centesimo, porr\u00e0 in evidenza alcune situazioni in cui il valore economico s\u2019impone come misura di ogni altro valore.<\/p>\n<p>\u00a0 \u00a0\u00a0<\/p>\n<p><strong>Il 28\u00a0 febbraio 2014, ore 10.00, l\u2019Arte incontra il Diritto.<\/strong><\/p>\n<p><em>Il Giurista nell\u2019Arte<\/em>, soliloquio del giudice <strong>Salvatore Cosentino<\/strong>.<\/p>\n<p>Il magistrato interverr\u00e0 con una performance di settantacinque minuti per illustrare, mediante l\u2019arte dello spettacolo, la figura del magistrato e l\u2019evoluzione del suo prestigio nella societ\u00e0 italiana di oggi.<\/p>\n<p>Attraverso trailer di noti film, brani di canzoni, citazioni letterarie, riferimenti a spettacoli e trasmissioni televisive, racconter\u00e0 l\u2019immagine del giudice, dal neorealismo degli anni Cinquanta al progresso economico degli anni Sessanta, dai difficili anni Settanta al protagonismo piccolo-borghese degli anni Ottanta sino alle speculazioni degli anni Novanta per giungere agli anni del Duemila.<\/p>\n<p>\u00a0<\/p>\n<p><strong>Il 24 marzo 2014, ore 10.00, l\u2019Arte incontra la Letteratura.<\/strong><\/p>\n<p><em>Con gli occhi del linguaggio<\/em> \u00e8 la performance del poeta-scrittore-artista prof. <strong>Nanni Balestrini<\/strong>. Il poeta, commentando alcune forme di linguaggio, si soffermer\u00e0 sull\u2019 aspetto della parola e sui procedimenti e materiali (collage, caratteri tipografici, segni, macchie, colore e nuove tecnologie) che si utilizzano per evidenziare nelle immagini verbo visive l\u2019estro della poesia e della scrittura alternativa a quella lineare. Illustrer\u00e0 linguaggi eterogenei in cui parole colte e letterarie sono accostate, con la tecnica del montaggio, a scritte e a titoli di giornale.<\/p>\n<p>\u00a0<\/p>\n<p><strong>Il 30 aprile 2014, ore 10.00, l\u2019Arte incontra la Matematica.<\/strong><\/p>\n<p><em>Bolle di sapone tra Arte, Matematica e Architettura<\/em> \u00e8 laperformance del matematico-artista prof. <strong>Michele Emmer<\/strong>, docente di Matematica presso l\u2019Universit\u00e0 <em>La Sapienza<\/em> di Roma. &lt;&lt;Le bolle di sapone hanno una lunga storia nella letteratura, nella scienza, nell\u2019architettura, persino nello spettacolo, soprattutto nell\u2019arte e nella musica.<\/p>\n<p>\u2026 una storia affascinante che parte dal Seicento e arriva alla grande architettura contemporanea, con immagini spettacolari e inattese&gt;&gt; (M. Emmer). &lt;&lt;Nel XVI e ancor pi\u00f9 nel XVII sec. giocare con le bolle di sapone doveva essere un passatempo diffusissimo tra i bambini, come attestano centinaia di dipinti e incisioni, anche se in molte delle opere d\u2019arte \u00e8 il tema della bolla come il simbolo della fragilit\u00e0 e della vanit\u00e0 delle ambizioni umane ad attirare l\u2019attenzione degli artisti (M. Emmer, Matematica e cultura, 2011.)<\/p>\n<p>Conducono gli incontri, il Dirigente Scolastico prof.ssa Tiziana Rucco e il Curatore del progetto prof. Salvatore Luperto.<\/p>\n","protected":false},"excerpt":{"rendered":"<p>Gli incontri del Liceo Artistico Ciardo-Pellegrino di Lecce alle Officine Cantelmo L\u2019Arte e gli altri saperi \u00e8 un progetto del<\/p>\n","protected":false},"author":1,"featured_media":0,"comment_status":"open","ping_status":"open","sticky":false,"template":"","format":"standard","meta":[],"categories":[52],"tags":[],"yoast_head":"<!-- This site is optimized with the Yoast SEO plugin v18.0 - https:\/\/yoast.com\/wordpress\/plugins\/seo\/ -->\n<title>L\u2019Arte e gli altri saperi | Arte e Luoghi<\/title>\n<meta name=\"robots\" content=\"index, follow, max-snippet:-1, max-image-preview:large, max-video-preview:-1\" \/>\n<link rel=\"canonical\" href=\"https:\/\/arteeluoghi.it\/index.php\/2014\/01\/23\/l-arte-e-gli-altri-saperi\/\" \/>\n<meta property=\"og:locale\" content=\"it_IT\" \/>\n<meta property=\"og:type\" content=\"article\" \/>\n<meta property=\"og:title\" content=\"L\u2019Arte e gli altri saperi | Arte e Luoghi\" \/>\n<meta property=\"og:description\" content=\"Gli incontri del Liceo Artistico Ciardo-Pellegrino di Lecce alle Officine Cantelmo L\u2019Arte e gli altri saperi \u00e8 un progetto del\" \/>\n<meta property=\"og:url\" content=\"https:\/\/arteeluoghi.it\/index.php\/2014\/01\/23\/l-arte-e-gli-altri-saperi\/\" \/>\n<meta property=\"og:site_name\" content=\"Arte e Luoghi\" \/>\n<meta property=\"article:publisher\" content=\"https:\/\/www.facebook.com\/ArteELuoghi\/\" \/>\n<meta property=\"article:published_time\" content=\"2014-01-23T15:27:37+00:00\" \/>\n<meta property=\"article:modified_time\" content=\"2017-08-06T21:10:41+00:00\" \/>\n<meta property=\"og:image\" content=\"https:\/\/arteeluoghi.it\/images\/N.%20Balestrini%20Opere%20nello%20studio%20Roma%202013%20.JPG\" \/>\n<meta name=\"twitter:card\" content=\"summary\" \/>\n<meta name=\"twitter:creator\" content=\"@arteeluoghi\" \/>\n<meta name=\"twitter:site\" content=\"@arteeluoghi\" \/>\n<meta name=\"twitter:label1\" content=\"Scritto da\" \/>\n\t<meta name=\"twitter:data1\" content=\"Staff\" \/>\n\t<meta name=\"twitter:label2\" content=\"Tempo di lettura stimato\" \/>\n\t<meta name=\"twitter:data2\" content=\"3 minuti\" \/>\n<script type=\"application\/ld+json\" class=\"yoast-schema-graph\">{\"@context\":\"https:\/\/schema.org\",\"@graph\":[{\"@type\":\"Organization\",\"@id\":\"https:\/\/arteeluoghi.it\/#organization\",\"name\":\"Arte e Luoghi\",\"url\":\"https:\/\/arteeluoghi.it\/\",\"sameAs\":[\"https:\/\/www.facebook.com\/ArteELuoghi\/\",\"https:\/\/www.instagram.com\/arteeluoghi\/?hl=it\",\"https:\/\/www.youtube.com\/channel\/UCuRVc4JW4-C5sg9rQB-srkw?view_as=subscriber\",\"https:\/\/twitter.com\/arteeluoghi\"],\"logo\":{\"@type\":\"ImageObject\",\"@id\":\"https:\/\/arteeluoghi.it\/#logo\",\"inLanguage\":\"it-IT\",\"url\":\"https:\/\/arteeluoghi.it\/wp-content\/uploads\/2018\/08\/logoinstagramarte.jpg\",\"contentUrl\":\"https:\/\/arteeluoghi.it\/wp-content\/uploads\/2018\/08\/logoinstagramarte.jpg\",\"width\":150,\"height\":150,\"caption\":\"Arte e Luoghi\"},\"image\":{\"@id\":\"https:\/\/arteeluoghi.it\/#logo\"}},{\"@type\":\"WebSite\",\"@id\":\"https:\/\/arteeluoghi.it\/#website\",\"url\":\"https:\/\/arteeluoghi.it\/\",\"name\":\"Arte e Luoghi\",\"description\":\"Mensile di arte, cultura, turismo e curiosit\u00e0\",\"publisher\":{\"@id\":\"https:\/\/arteeluoghi.it\/#organization\"},\"potentialAction\":[{\"@type\":\"SearchAction\",\"target\":{\"@type\":\"EntryPoint\",\"urlTemplate\":\"https:\/\/arteeluoghi.it\/?s={search_term_string}\"},\"query-input\":\"required name=search_term_string\"}],\"inLanguage\":\"it-IT\"},{\"@type\":\"ImageObject\",\"@id\":\"https:\/\/arteeluoghi.it\/index.php\/2014\/01\/23\/l-arte-e-gli-altri-saperi\/#primaryimage\",\"inLanguage\":\"it-IT\",\"url\":\"\/images\/N.%20Balestrini%20Opere%20nello%20studio%20Roma%202013%20.JPG\",\"contentUrl\":\"\/images\/N.%20Balestrini%20Opere%20nello%20studio%20Roma%202013%20.JPG\"},{\"@type\":\"WebPage\",\"@id\":\"https:\/\/arteeluoghi.it\/index.php\/2014\/01\/23\/l-arte-e-gli-altri-saperi\/#webpage\",\"url\":\"https:\/\/arteeluoghi.it\/index.php\/2014\/01\/23\/l-arte-e-gli-altri-saperi\/\",\"name\":\"L\u2019Arte e gli altri saperi | Arte e Luoghi\",\"isPartOf\":{\"@id\":\"https:\/\/arteeluoghi.it\/#website\"},\"primaryImageOfPage\":{\"@id\":\"https:\/\/arteeluoghi.it\/index.php\/2014\/01\/23\/l-arte-e-gli-altri-saperi\/#primaryimage\"},\"datePublished\":\"2014-01-23T15:27:37+00:00\",\"dateModified\":\"2017-08-06T21:10:41+00:00\",\"breadcrumb\":{\"@id\":\"https:\/\/arteeluoghi.it\/index.php\/2014\/01\/23\/l-arte-e-gli-altri-saperi\/#breadcrumb\"},\"inLanguage\":\"it-IT\",\"potentialAction\":[{\"@type\":\"ReadAction\",\"target\":[\"https:\/\/arteeluoghi.it\/index.php\/2014\/01\/23\/l-arte-e-gli-altri-saperi\/\"]}]},{\"@type\":\"BreadcrumbList\",\"@id\":\"https:\/\/arteeluoghi.it\/index.php\/2014\/01\/23\/l-arte-e-gli-altri-saperi\/#breadcrumb\",\"itemListElement\":[{\"@type\":\"ListItem\",\"position\":1,\"name\":\"Home\",\"item\":\"https:\/\/arteeluoghi.it\/\"},{\"@type\":\"ListItem\",\"position\":2,\"name\":\"L\u2019Arte e gli altri saperi\"}]},{\"@type\":\"Article\",\"@id\":\"https:\/\/arteeluoghi.it\/index.php\/2014\/01\/23\/l-arte-e-gli-altri-saperi\/#article\",\"isPartOf\":{\"@id\":\"https:\/\/arteeluoghi.it\/index.php\/2014\/01\/23\/l-arte-e-gli-altri-saperi\/#webpage\"},\"author\":{\"@id\":\"https:\/\/arteeluoghi.it\/#\/schema\/person\/f84e814e36e91e01448ee07eaadd41d4\"},\"headline\":\"L\u2019Arte e gli altri saperi\",\"datePublished\":\"2014-01-23T15:27:37+00:00\",\"dateModified\":\"2017-08-06T21:10:41+00:00\",\"mainEntityOfPage\":{\"@id\":\"https:\/\/arteeluoghi.it\/index.php\/2014\/01\/23\/l-arte-e-gli-altri-saperi\/#webpage\"},\"wordCount\":638,\"commentCount\":0,\"publisher\":{\"@id\":\"https:\/\/arteeluoghi.it\/#organization\"},\"image\":{\"@id\":\"https:\/\/arteeluoghi.it\/index.php\/2014\/01\/23\/l-arte-e-gli-altri-saperi\/#primaryimage\"},\"thumbnailUrl\":\"\/images\/N.%20Balestrini%20Opere%20nello%20studio%20Roma%202013%20.JPG\",\"articleSection\":[\"I luoghi della parola\"],\"inLanguage\":\"it-IT\",\"potentialAction\":[{\"@type\":\"CommentAction\",\"name\":\"Comment\",\"target\":[\"https:\/\/arteeluoghi.it\/index.php\/2014\/01\/23\/l-arte-e-gli-altri-saperi\/#respond\"]}]},{\"@type\":\"Person\",\"@id\":\"https:\/\/arteeluoghi.it\/#\/schema\/person\/f84e814e36e91e01448ee07eaadd41d4\",\"name\":\"Staff\",\"image\":{\"@type\":\"ImageObject\",\"@id\":\"https:\/\/arteeluoghi.it\/#personlogo\",\"inLanguage\":\"it-IT\",\"url\":\"https:\/\/secure.gravatar.com\/avatar\/49d2f9e46271bb04e19cebfaf141313a?s=96&d=blank&r=g\",\"contentUrl\":\"https:\/\/secure.gravatar.com\/avatar\/49d2f9e46271bb04e19cebfaf141313a?s=96&d=blank&r=g\",\"caption\":\"Staff\"}}]}<\/script>\n<!-- \/ Yoast SEO plugin. -->","yoast_head_json":{"title":"L\u2019Arte e gli altri saperi | Arte e Luoghi","robots":{"index":"index","follow":"follow","max-snippet":"max-snippet:-1","max-image-preview":"max-image-preview:large","max-video-preview":"max-video-preview:-1"},"canonical":"https:\/\/arteeluoghi.it\/index.php\/2014\/01\/23\/l-arte-e-gli-altri-saperi\/","og_locale":"it_IT","og_type":"article","og_title":"L\u2019Arte e gli altri saperi | Arte e Luoghi","og_description":"Gli incontri del Liceo Artistico Ciardo-Pellegrino di Lecce alle Officine Cantelmo L\u2019Arte e gli altri saperi \u00e8 un progetto del","og_url":"https:\/\/arteeluoghi.it\/index.php\/2014\/01\/23\/l-arte-e-gli-altri-saperi\/","og_site_name":"Arte e Luoghi","article_publisher":"https:\/\/www.facebook.com\/ArteELuoghi\/","article_published_time":"2014-01-23T15:27:37+00:00","article_modified_time":"2017-08-06T21:10:41+00:00","og_image":[{"url":"https:\/\/arteeluoghi.it\/images\/N.%20Balestrini%20Opere%20nello%20studio%20Roma%202013%20.JPG"}],"twitter_card":"summary","twitter_creator":"@arteeluoghi","twitter_site":"@arteeluoghi","twitter_misc":{"Scritto da":"Staff","Tempo di lettura stimato":"3 minuti"},"schema":{"@context":"https:\/\/schema.org","@graph":[{"@type":"Organization","@id":"https:\/\/arteeluoghi.it\/#organization","name":"Arte e Luoghi","url":"https:\/\/arteeluoghi.it\/","sameAs":["https:\/\/www.facebook.com\/ArteELuoghi\/","https:\/\/www.instagram.com\/arteeluoghi\/?hl=it","https:\/\/www.youtube.com\/channel\/UCuRVc4JW4-C5sg9rQB-srkw?view_as=subscriber","https:\/\/twitter.com\/arteeluoghi"],"logo":{"@type":"ImageObject","@id":"https:\/\/arteeluoghi.it\/#logo","inLanguage":"it-IT","url":"https:\/\/arteeluoghi.it\/wp-content\/uploads\/2018\/08\/logoinstagramarte.jpg","contentUrl":"https:\/\/arteeluoghi.it\/wp-content\/uploads\/2018\/08\/logoinstagramarte.jpg","width":150,"height":150,"caption":"Arte e Luoghi"},"image":{"@id":"https:\/\/arteeluoghi.it\/#logo"}},{"@type":"WebSite","@id":"https:\/\/arteeluoghi.it\/#website","url":"https:\/\/arteeluoghi.it\/","name":"Arte e Luoghi","description":"Mensile di arte, cultura, turismo e curiosit\u00e0","publisher":{"@id":"https:\/\/arteeluoghi.it\/#organization"},"potentialAction":[{"@type":"SearchAction","target":{"@type":"EntryPoint","urlTemplate":"https:\/\/arteeluoghi.it\/?s={search_term_string}"},"query-input":"required name=search_term_string"}],"inLanguage":"it-IT"},{"@type":"ImageObject","@id":"https:\/\/arteeluoghi.it\/index.php\/2014\/01\/23\/l-arte-e-gli-altri-saperi\/#primaryimage","inLanguage":"it-IT","url":"\/images\/N.%20Balestrini%20Opere%20nello%20studio%20Roma%202013%20.JPG","contentUrl":"\/images\/N.%20Balestrini%20Opere%20nello%20studio%20Roma%202013%20.JPG"},{"@type":"WebPage","@id":"https:\/\/arteeluoghi.it\/index.php\/2014\/01\/23\/l-arte-e-gli-altri-saperi\/#webpage","url":"https:\/\/arteeluoghi.it\/index.php\/2014\/01\/23\/l-arte-e-gli-altri-saperi\/","name":"L\u2019Arte e gli altri saperi | Arte e Luoghi","isPartOf":{"@id":"https:\/\/arteeluoghi.it\/#website"},"primaryImageOfPage":{"@id":"https:\/\/arteeluoghi.it\/index.php\/2014\/01\/23\/l-arte-e-gli-altri-saperi\/#primaryimage"},"datePublished":"2014-01-23T15:27:37+00:00","dateModified":"2017-08-06T21:10:41+00:00","breadcrumb":{"@id":"https:\/\/arteeluoghi.it\/index.php\/2014\/01\/23\/l-arte-e-gli-altri-saperi\/#breadcrumb"},"inLanguage":"it-IT","potentialAction":[{"@type":"ReadAction","target":["https:\/\/arteeluoghi.it\/index.php\/2014\/01\/23\/l-arte-e-gli-altri-saperi\/"]}]},{"@type":"BreadcrumbList","@id":"https:\/\/arteeluoghi.it\/index.php\/2014\/01\/23\/l-arte-e-gli-altri-saperi\/#breadcrumb","itemListElement":[{"@type":"ListItem","position":1,"name":"Home","item":"https:\/\/arteeluoghi.it\/"},{"@type":"ListItem","position":2,"name":"L\u2019Arte e gli altri saperi"}]},{"@type":"Article","@id":"https:\/\/arteeluoghi.it\/index.php\/2014\/01\/23\/l-arte-e-gli-altri-saperi\/#article","isPartOf":{"@id":"https:\/\/arteeluoghi.it\/index.php\/2014\/01\/23\/l-arte-e-gli-altri-saperi\/#webpage"},"author":{"@id":"https:\/\/arteeluoghi.it\/#\/schema\/person\/f84e814e36e91e01448ee07eaadd41d4"},"headline":"L\u2019Arte e gli altri saperi","datePublished":"2014-01-23T15:27:37+00:00","dateModified":"2017-08-06T21:10:41+00:00","mainEntityOfPage":{"@id":"https:\/\/arteeluoghi.it\/index.php\/2014\/01\/23\/l-arte-e-gli-altri-saperi\/#webpage"},"wordCount":638,"commentCount":0,"publisher":{"@id":"https:\/\/arteeluoghi.it\/#organization"},"image":{"@id":"https:\/\/arteeluoghi.it\/index.php\/2014\/01\/23\/l-arte-e-gli-altri-saperi\/#primaryimage"},"thumbnailUrl":"\/images\/N.%20Balestrini%20Opere%20nello%20studio%20Roma%202013%20.JPG","articleSection":["I luoghi della parola"],"inLanguage":"it-IT","potentialAction":[{"@type":"CommentAction","name":"Comment","target":["https:\/\/arteeluoghi.it\/index.php\/2014\/01\/23\/l-arte-e-gli-altri-saperi\/#respond"]}]},{"@type":"Person","@id":"https:\/\/arteeluoghi.it\/#\/schema\/person\/f84e814e36e91e01448ee07eaadd41d4","name":"Staff","image":{"@type":"ImageObject","@id":"https:\/\/arteeluoghi.it\/#personlogo","inLanguage":"it-IT","url":"https:\/\/secure.gravatar.com\/avatar\/49d2f9e46271bb04e19cebfaf141313a?s=96&d=blank&r=g","contentUrl":"https:\/\/secure.gravatar.com\/avatar\/49d2f9e46271bb04e19cebfaf141313a?s=96&d=blank&r=g","caption":"Staff"}}]}},"_links":{"self":[{"href":"https:\/\/arteeluoghi.it\/index.php\/wp-json\/wp\/v2\/posts\/1518"}],"collection":[{"href":"https:\/\/arteeluoghi.it\/index.php\/wp-json\/wp\/v2\/posts"}],"about":[{"href":"https:\/\/arteeluoghi.it\/index.php\/wp-json\/wp\/v2\/types\/post"}],"author":[{"embeddable":true,"href":"https:\/\/arteeluoghi.it\/index.php\/wp-json\/wp\/v2\/users\/1"}],"replies":[{"embeddable":true,"href":"https:\/\/arteeluoghi.it\/index.php\/wp-json\/wp\/v2\/comments?post=1518"}],"version-history":[{"count":1,"href":"https:\/\/arteeluoghi.it\/index.php\/wp-json\/wp\/v2\/posts\/1518\/revisions"}],"predecessor-version":[{"id":2976,"href":"https:\/\/arteeluoghi.it\/index.php\/wp-json\/wp\/v2\/posts\/1518\/revisions\/2976"}],"wp:attachment":[{"href":"https:\/\/arteeluoghi.it\/index.php\/wp-json\/wp\/v2\/media?parent=1518"}],"wp:term":[{"taxonomy":"category","embeddable":true,"href":"https:\/\/arteeluoghi.it\/index.php\/wp-json\/wp\/v2\/categories?post=1518"},{"taxonomy":"post_tag","embeddable":true,"href":"https:\/\/arteeluoghi.it\/index.php\/wp-json\/wp\/v2\/tags?post=1518"}],"curies":[{"name":"wp","href":"https:\/\/api.w.org\/{rel}","templated":true}]}}