{"id":15293,"date":"2025-03-28T23:24:55","date_gmt":"2025-03-28T22:24:55","guid":{"rendered":"https:\/\/arteeluoghi.it\/?p=15293"},"modified":"2025-03-28T23:26:40","modified_gmt":"2025-03-28T22:26:40","slug":"parte-il-premio-anacapri-bruno-lauzi-canzone-dautore-2025","status":"publish","type":"post","link":"https:\/\/arteeluoghi.it\/index.php\/2025\/03\/28\/parte-il-premio-anacapri-bruno-lauzi-canzone-dautore-2025\/","title":{"rendered":"Parte il Premio \u201cAnacapri Bruno Lauzi &#8211; Canzone D\u2019autore 2025\u201d"},"content":{"rendered":"\n<blockquote class=\"wp-block-quote\"><p>Pronto il bando della XVI Edizione del premio dedicato al cantautore tra i fondatori della scuola genovese<\/p><\/blockquote>\n\n\n\n<p>Torna il \u00a0\u201cPremio Anacapri Bruno Lauzi \u2013 Canzone d\u2019Autore 2025\u201d &#8211; XVI Edizione &#8211; Chi vince suona al MEI &#8211; Meeting delle Etichette Indipendenti di Faenza.\u00a0Il Premio giunto alla sedicesima edizione ed \u00e8 stato ideato dallo scrittore e giornalista Roberto Gianani per offrire una ribalta alle creazioni inedite dei giovani cantautori italiani.<\/p>\n\n\n\n<!--more-->\n\n\n\n<p>Un\u2019autorevole giuria, composta da artisti affermati e professionisti del settore discografico, valuter\u00e0 i partecipanti e selezioner\u00e0 i cinque finalisti che si confronteranno nella serata di premiazione che si terr\u00e0 il 24 luglio 2025nella Piazza San Nicola ad Anacapri.\u00a0Quest\u2019anno l&#8217;evento \u00e8 stato inserito nel progetto \u201cANACAPRI SOUND CHECK\u201d III edizione, nell&#8217;ambito del \u201cCartellone degli Eventi Metropolitani\u201d, approvato dall&#8217;amministrazione comunale.\u00a0A condurre la competizione ritorna il giornalista musicologo Marino Bartoletti insieme all\u2019attrice Francesca Ceci. Presidente del Premio Anacapri Bruno Lauzi e\u2019 Giordano Sangiorgi, patron del MEI.\u00a0<\/p>\n\n\n\n<p>Edizione dopo edizione, il \u201cPremio Anacapri Bruno Lauzi &#8211; Canzone d&#8217;Autore\u201d ha acquisito grande autorevolezza nel panorama della canzone italiana d&#8217;autore\u00a0riscuotendo il favore e l\u2019attenzione di importanti musicisti\u00a0italiani. Ecco alcuni tra gli artisti intervenuti finora: Maurizio Lauzi, figlio del grande Bruno, Giuliano Sangiorgi, leader dei Negramaro, Ron, Gaetano Curreri, Ivan Cattaneo, Dodi Battaglia, Iskra Menarini, vocalist di Lucio Dalla,\u00a0Edoardo Vianello, Enrico Ruggeri,\u00a0Simone Cristicchi, Silvia Mezzanotte, Fausto Leali, Maurizio Vandelli,\u00a0 Carlo Marrale, Franco Fasano\u00a0e di scrittori, opinionisti e \u00a0giornalisti di grande prestigio tra cui:\u00a0Andrea Vianello,\u00a0attuale direttore di RAI Radio1,\u00a0Alessandro Cecchi Paone, Giampiero Mughini, Franco di Mare, Paolo Mieli, Rita Dalla Chiesa, Andrea Scanzi, Maurizio De Giovanni, Massimo Gramellini, Pierluigi Diaco, Paola Saluzzi e tantissimi altri.<\/p>\n\n\n\n<p>Una vetrina d&#8217;eccellenza che ha attirato l&#8217;attenzione di svariate trasmissioni televisive e radiofoniche tra le quali Unomattina, Tg3, Tg4, Rai RadioUno, Radio Kiss Kiss Italia, Radio Marte, Radio Base e Radio Venere.\u00a0Le domande di iscrizione dovranno pervenire entro il 31.05.2025 all\u2019indirizzo e-mail\u00a0<a href=\"mailto:e-mail%3Apremioanacapribrunolauzi@gmail.com\" target=\"_blank\" rel=\"noreferrer noopener\">e-mail:premioanacapribrunolauzi@gmail.com<\/a>\u00a0Il Vincitore si esibir\u00e0 al MEI Meeting delle Etichette Indipendenti a Faenza dal 3 al 5 ottobre 2025.\u00a0L\u2019iscrizione al Premio \u00e8 gratuita. I cinque\u00a0finalisti saranno ospiti dell\u2019organizzazione.<br>(fonte: comunicato stampa)<\/p>\n","protected":false},"excerpt":{"rendered":"<p>Pronto il bando della XVI Edizione del premio dedicato al cantautore tra i fondatori della scuola genovese Torna il \u00a0\u201cPremio<\/p>\n","protected":false},"author":1,"featured_media":15294,"comment_status":"open","ping_status":"open","sticky":true,"template":"","format":"standard","meta":[],"categories":[12],"tags":[5267,6471],"yoast_head":"<!-- This site is optimized with the Yoast SEO plugin v18.0 - https:\/\/yoast.com\/wordpress\/plugins\/seo\/ -->\n<title>Parte il Premio \u201cAnacapri Bruno Lauzi - Canzone D\u2019autore 2025\u201d | Arte e Luoghi<\/title>\n<meta name=\"description\" content=\"Pronto il bando della XVI Edizione del premio dedicato al cantautore tra i fondatori della scuola genovese\" \/>\n<meta name=\"robots\" content=\"index, follow, max-snippet:-1, max-image-preview:large, max-video-preview:-1\" \/>\n<link rel=\"canonical\" href=\"https:\/\/arteeluoghi.it\/index.php\/2025\/03\/28\/parte-il-premio-anacapri-bruno-lauzi-canzone-dautore-2025\/\" \/>\n<meta property=\"og:locale\" content=\"it_IT\" \/>\n<meta property=\"og:type\" content=\"article\" \/>\n<meta property=\"og:title\" content=\"Parte il Premio \u201cAnacapri Bruno Lauzi - Canzone D\u2019autore 2025\u201d | Arte e Luoghi\" \/>\n<meta property=\"og:description\" content=\"Pronto il bando della XVI Edizione del premio dedicato al cantautore tra i fondatori della scuola genovese\" \/>\n<meta property=\"og:url\" content=\"https:\/\/arteeluoghi.it\/index.php\/2025\/03\/28\/parte-il-premio-anacapri-bruno-lauzi-canzone-dautore-2025\/\" \/>\n<meta property=\"og:site_name\" content=\"Arte e Luoghi\" \/>\n<meta property=\"article:publisher\" content=\"https:\/\/www.facebook.com\/ArteELuoghi\/\" \/>\n<meta property=\"article:published_time\" content=\"2025-03-28T22:24:55+00:00\" \/>\n<meta property=\"article:modified_time\" content=\"2025-03-28T22:26:40+00:00\" \/>\n<meta property=\"og:image\" content=\"https:\/\/arteeluoghi.it\/wp-content\/uploads\/2025\/03\/Bruno_Lauzi2.jpg\" \/>\n\t<meta property=\"og:image:width\" content=\"250\" \/>\n\t<meta property=\"og:image:height\" content=\"256\" \/>\n\t<meta property=\"og:image:type\" content=\"image\/jpeg\" \/>\n<meta name=\"twitter:card\" content=\"summary\" \/>\n<meta name=\"twitter:creator\" content=\"@arteeluoghi\" \/>\n<meta name=\"twitter:site\" content=\"@arteeluoghi\" \/>\n<meta name=\"twitter:label1\" content=\"Scritto da\" \/>\n\t<meta name=\"twitter:data1\" content=\"Staff\" \/>\n\t<meta name=\"twitter:label2\" content=\"Tempo di lettura stimato\" \/>\n\t<meta name=\"twitter:data2\" content=\"2 minuti\" \/>\n<script type=\"application\/ld+json\" class=\"yoast-schema-graph\">{\"@context\":\"https:\/\/schema.org\",\"@graph\":[{\"@type\":\"Organization\",\"@id\":\"https:\/\/arteeluoghi.it\/#organization\",\"name\":\"Arte e Luoghi\",\"url\":\"https:\/\/arteeluoghi.it\/\",\"sameAs\":[\"https:\/\/www.facebook.com\/ArteELuoghi\/\",\"https:\/\/www.instagram.com\/arteeluoghi\/?hl=it\",\"https:\/\/www.youtube.com\/channel\/UCuRVc4JW4-C5sg9rQB-srkw?view_as=subscriber\",\"https:\/\/twitter.com\/arteeluoghi\"],\"logo\":{\"@type\":\"ImageObject\",\"@id\":\"https:\/\/arteeluoghi.it\/#logo\",\"inLanguage\":\"it-IT\",\"url\":\"https:\/\/arteeluoghi.it\/wp-content\/uploads\/2018\/08\/logoinstagramarte.jpg\",\"contentUrl\":\"https:\/\/arteeluoghi.it\/wp-content\/uploads\/2018\/08\/logoinstagramarte.jpg\",\"width\":150,\"height\":150,\"caption\":\"Arte e Luoghi\"},\"image\":{\"@id\":\"https:\/\/arteeluoghi.it\/#logo\"}},{\"@type\":\"WebSite\",\"@id\":\"https:\/\/arteeluoghi.it\/#website\",\"url\":\"https:\/\/arteeluoghi.it\/\",\"name\":\"Arte e Luoghi\",\"description\":\"Mensile di arte, cultura, turismo e curiosit\u00e0\",\"publisher\":{\"@id\":\"https:\/\/arteeluoghi.it\/#organization\"},\"potentialAction\":[{\"@type\":\"SearchAction\",\"target\":{\"@type\":\"EntryPoint\",\"urlTemplate\":\"https:\/\/arteeluoghi.it\/?s={search_term_string}\"},\"query-input\":\"required name=search_term_string\"}],\"inLanguage\":\"it-IT\"},{\"@type\":\"ImageObject\",\"@id\":\"https:\/\/arteeluoghi.it\/index.php\/2025\/03\/28\/parte-il-premio-anacapri-bruno-lauzi-canzone-dautore-2025\/#primaryimage\",\"inLanguage\":\"it-IT\",\"url\":\"https:\/\/arteeluoghi.it\/wp-content\/uploads\/2025\/03\/Bruno_Lauzi2.jpg\",\"contentUrl\":\"https:\/\/arteeluoghi.it\/wp-content\/uploads\/2025\/03\/Bruno_Lauzi2.jpg\",\"width\":250,\"height\":256},{\"@type\":\"WebPage\",\"@id\":\"https:\/\/arteeluoghi.it\/index.php\/2025\/03\/28\/parte-il-premio-anacapri-bruno-lauzi-canzone-dautore-2025\/#webpage\",\"url\":\"https:\/\/arteeluoghi.it\/index.php\/2025\/03\/28\/parte-il-premio-anacapri-bruno-lauzi-canzone-dautore-2025\/\",\"name\":\"Parte il Premio \u201cAnacapri Bruno Lauzi - Canzone D\u2019autore 2025\u201d | Arte e Luoghi\",\"isPartOf\":{\"@id\":\"https:\/\/arteeluoghi.it\/#website\"},\"primaryImageOfPage\":{\"@id\":\"https:\/\/arteeluoghi.it\/index.php\/2025\/03\/28\/parte-il-premio-anacapri-bruno-lauzi-canzone-dautore-2025\/#primaryimage\"},\"datePublished\":\"2025-03-28T22:24:55+00:00\",\"dateModified\":\"2025-03-28T22:26:40+00:00\",\"description\":\"Pronto il bando della XVI Edizione del premio dedicato al cantautore tra i fondatori della scuola genovese\",\"breadcrumb\":{\"@id\":\"https:\/\/arteeluoghi.it\/index.php\/2025\/03\/28\/parte-il-premio-anacapri-bruno-lauzi-canzone-dautore-2025\/#breadcrumb\"},\"inLanguage\":\"it-IT\",\"potentialAction\":[{\"@type\":\"ReadAction\",\"target\":[\"https:\/\/arteeluoghi.it\/index.php\/2025\/03\/28\/parte-il-premio-anacapri-bruno-lauzi-canzone-dautore-2025\/\"]}]},{\"@type\":\"BreadcrumbList\",\"@id\":\"https:\/\/arteeluoghi.it\/index.php\/2025\/03\/28\/parte-il-premio-anacapri-bruno-lauzi-canzone-dautore-2025\/#breadcrumb\",\"itemListElement\":[{\"@type\":\"ListItem\",\"position\":1,\"name\":\"Home\",\"item\":\"https:\/\/arteeluoghi.it\/\"},{\"@type\":\"ListItem\",\"position\":2,\"name\":\"Parte il Premio \u201cAnacapri Bruno Lauzi &#8211; Canzone D\u2019autore 2025\u201d\"}]},{\"@type\":\"Article\",\"@id\":\"https:\/\/arteeluoghi.it\/index.php\/2025\/03\/28\/parte-il-premio-anacapri-bruno-lauzi-canzone-dautore-2025\/#article\",\"isPartOf\":{\"@id\":\"https:\/\/arteeluoghi.it\/index.php\/2025\/03\/28\/parte-il-premio-anacapri-bruno-lauzi-canzone-dautore-2025\/#webpage\"},\"author\":{\"@id\":\"https:\/\/arteeluoghi.it\/#\/schema\/person\/f84e814e36e91e01448ee07eaadd41d4\"},\"headline\":\"Parte il Premio \u201cAnacapri Bruno Lauzi &#8211; Canzone D\u2019autore 2025\u201d\",\"datePublished\":\"2025-03-28T22:24:55+00:00\",\"dateModified\":\"2025-03-28T22:26:40+00:00\",\"mainEntityOfPage\":{\"@id\":\"https:\/\/arteeluoghi.it\/index.php\/2025\/03\/28\/parte-il-premio-anacapri-bruno-lauzi-canzone-dautore-2025\/#webpage\"},\"wordCount\":364,\"commentCount\":0,\"publisher\":{\"@id\":\"https:\/\/arteeluoghi.it\/#organization\"},\"image\":{\"@id\":\"https:\/\/arteeluoghi.it\/index.php\/2025\/03\/28\/parte-il-premio-anacapri-bruno-lauzi-canzone-dautore-2025\/#primaryimage\"},\"thumbnailUrl\":\"https:\/\/arteeluoghi.it\/wp-content\/uploads\/2025\/03\/Bruno_Lauzi2.jpg\",\"keywords\":[\"Bruno Lauzi\",\"Premio Anacapri Bruno Lauzi\"],\"articleSection\":[\"MUSICA\"],\"inLanguage\":\"it-IT\",\"potentialAction\":[{\"@type\":\"CommentAction\",\"name\":\"Comment\",\"target\":[\"https:\/\/arteeluoghi.it\/index.php\/2025\/03\/28\/parte-il-premio-anacapri-bruno-lauzi-canzone-dautore-2025\/#respond\"]}]},{\"@type\":\"Person\",\"@id\":\"https:\/\/arteeluoghi.it\/#\/schema\/person\/f84e814e36e91e01448ee07eaadd41d4\",\"name\":\"Staff\",\"image\":{\"@type\":\"ImageObject\",\"@id\":\"https:\/\/arteeluoghi.it\/#personlogo\",\"inLanguage\":\"it-IT\",\"url\":\"https:\/\/secure.gravatar.com\/avatar\/49d2f9e46271bb04e19cebfaf141313a?s=96&d=blank&r=g\",\"contentUrl\":\"https:\/\/secure.gravatar.com\/avatar\/49d2f9e46271bb04e19cebfaf141313a?s=96&d=blank&r=g\",\"caption\":\"Staff\"}}]}<\/script>\n<!-- \/ Yoast SEO plugin. -->","yoast_head_json":{"title":"Parte il Premio \u201cAnacapri Bruno Lauzi - Canzone D\u2019autore 2025\u201d | Arte e Luoghi","description":"Pronto il bando della XVI Edizione del premio dedicato al cantautore tra i fondatori della scuola genovese","robots":{"index":"index","follow":"follow","max-snippet":"max-snippet:-1","max-image-preview":"max-image-preview:large","max-video-preview":"max-video-preview:-1"},"canonical":"https:\/\/arteeluoghi.it\/index.php\/2025\/03\/28\/parte-il-premio-anacapri-bruno-lauzi-canzone-dautore-2025\/","og_locale":"it_IT","og_type":"article","og_title":"Parte il Premio \u201cAnacapri Bruno Lauzi - Canzone D\u2019autore 2025\u201d | Arte e Luoghi","og_description":"Pronto il bando della XVI Edizione del premio dedicato al cantautore tra i fondatori della scuola genovese","og_url":"https:\/\/arteeluoghi.it\/index.php\/2025\/03\/28\/parte-il-premio-anacapri-bruno-lauzi-canzone-dautore-2025\/","og_site_name":"Arte e Luoghi","article_publisher":"https:\/\/www.facebook.com\/ArteELuoghi\/","article_published_time":"2025-03-28T22:24:55+00:00","article_modified_time":"2025-03-28T22:26:40+00:00","og_image":[{"width":250,"height":256,"url":"https:\/\/arteeluoghi.it\/wp-content\/uploads\/2025\/03\/Bruno_Lauzi2.jpg","type":"image\/jpeg"}],"twitter_card":"summary","twitter_creator":"@arteeluoghi","twitter_site":"@arteeluoghi","twitter_misc":{"Scritto da":"Staff","Tempo di lettura stimato":"2 minuti"},"schema":{"@context":"https:\/\/schema.org","@graph":[{"@type":"Organization","@id":"https:\/\/arteeluoghi.it\/#organization","name":"Arte e Luoghi","url":"https:\/\/arteeluoghi.it\/","sameAs":["https:\/\/www.facebook.com\/ArteELuoghi\/","https:\/\/www.instagram.com\/arteeluoghi\/?hl=it","https:\/\/www.youtube.com\/channel\/UCuRVc4JW4-C5sg9rQB-srkw?view_as=subscriber","https:\/\/twitter.com\/arteeluoghi"],"logo":{"@type":"ImageObject","@id":"https:\/\/arteeluoghi.it\/#logo","inLanguage":"it-IT","url":"https:\/\/arteeluoghi.it\/wp-content\/uploads\/2018\/08\/logoinstagramarte.jpg","contentUrl":"https:\/\/arteeluoghi.it\/wp-content\/uploads\/2018\/08\/logoinstagramarte.jpg","width":150,"height":150,"caption":"Arte e Luoghi"},"image":{"@id":"https:\/\/arteeluoghi.it\/#logo"}},{"@type":"WebSite","@id":"https:\/\/arteeluoghi.it\/#website","url":"https:\/\/arteeluoghi.it\/","name":"Arte e Luoghi","description":"Mensile di arte, cultura, turismo e curiosit\u00e0","publisher":{"@id":"https:\/\/arteeluoghi.it\/#organization"},"potentialAction":[{"@type":"SearchAction","target":{"@type":"EntryPoint","urlTemplate":"https:\/\/arteeluoghi.it\/?s={search_term_string}"},"query-input":"required name=search_term_string"}],"inLanguage":"it-IT"},{"@type":"ImageObject","@id":"https:\/\/arteeluoghi.it\/index.php\/2025\/03\/28\/parte-il-premio-anacapri-bruno-lauzi-canzone-dautore-2025\/#primaryimage","inLanguage":"it-IT","url":"https:\/\/arteeluoghi.it\/wp-content\/uploads\/2025\/03\/Bruno_Lauzi2.jpg","contentUrl":"https:\/\/arteeluoghi.it\/wp-content\/uploads\/2025\/03\/Bruno_Lauzi2.jpg","width":250,"height":256},{"@type":"WebPage","@id":"https:\/\/arteeluoghi.it\/index.php\/2025\/03\/28\/parte-il-premio-anacapri-bruno-lauzi-canzone-dautore-2025\/#webpage","url":"https:\/\/arteeluoghi.it\/index.php\/2025\/03\/28\/parte-il-premio-anacapri-bruno-lauzi-canzone-dautore-2025\/","name":"Parte il Premio \u201cAnacapri Bruno Lauzi - Canzone D\u2019autore 2025\u201d | Arte e Luoghi","isPartOf":{"@id":"https:\/\/arteeluoghi.it\/#website"},"primaryImageOfPage":{"@id":"https:\/\/arteeluoghi.it\/index.php\/2025\/03\/28\/parte-il-premio-anacapri-bruno-lauzi-canzone-dautore-2025\/#primaryimage"},"datePublished":"2025-03-28T22:24:55+00:00","dateModified":"2025-03-28T22:26:40+00:00","description":"Pronto il bando della XVI Edizione del premio dedicato al cantautore tra i fondatori della scuola genovese","breadcrumb":{"@id":"https:\/\/arteeluoghi.it\/index.php\/2025\/03\/28\/parte-il-premio-anacapri-bruno-lauzi-canzone-dautore-2025\/#breadcrumb"},"inLanguage":"it-IT","potentialAction":[{"@type":"ReadAction","target":["https:\/\/arteeluoghi.it\/index.php\/2025\/03\/28\/parte-il-premio-anacapri-bruno-lauzi-canzone-dautore-2025\/"]}]},{"@type":"BreadcrumbList","@id":"https:\/\/arteeluoghi.it\/index.php\/2025\/03\/28\/parte-il-premio-anacapri-bruno-lauzi-canzone-dautore-2025\/#breadcrumb","itemListElement":[{"@type":"ListItem","position":1,"name":"Home","item":"https:\/\/arteeluoghi.it\/"},{"@type":"ListItem","position":2,"name":"Parte il Premio \u201cAnacapri Bruno Lauzi &#8211; Canzone D\u2019autore 2025\u201d"}]},{"@type":"Article","@id":"https:\/\/arteeluoghi.it\/index.php\/2025\/03\/28\/parte-il-premio-anacapri-bruno-lauzi-canzone-dautore-2025\/#article","isPartOf":{"@id":"https:\/\/arteeluoghi.it\/index.php\/2025\/03\/28\/parte-il-premio-anacapri-bruno-lauzi-canzone-dautore-2025\/#webpage"},"author":{"@id":"https:\/\/arteeluoghi.it\/#\/schema\/person\/f84e814e36e91e01448ee07eaadd41d4"},"headline":"Parte il Premio \u201cAnacapri Bruno Lauzi &#8211; Canzone D\u2019autore 2025\u201d","datePublished":"2025-03-28T22:24:55+00:00","dateModified":"2025-03-28T22:26:40+00:00","mainEntityOfPage":{"@id":"https:\/\/arteeluoghi.it\/index.php\/2025\/03\/28\/parte-il-premio-anacapri-bruno-lauzi-canzone-dautore-2025\/#webpage"},"wordCount":364,"commentCount":0,"publisher":{"@id":"https:\/\/arteeluoghi.it\/#organization"},"image":{"@id":"https:\/\/arteeluoghi.it\/index.php\/2025\/03\/28\/parte-il-premio-anacapri-bruno-lauzi-canzone-dautore-2025\/#primaryimage"},"thumbnailUrl":"https:\/\/arteeluoghi.it\/wp-content\/uploads\/2025\/03\/Bruno_Lauzi2.jpg","keywords":["Bruno Lauzi","Premio Anacapri Bruno Lauzi"],"articleSection":["MUSICA"],"inLanguage":"it-IT","potentialAction":[{"@type":"CommentAction","name":"Comment","target":["https:\/\/arteeluoghi.it\/index.php\/2025\/03\/28\/parte-il-premio-anacapri-bruno-lauzi-canzone-dautore-2025\/#respond"]}]},{"@type":"Person","@id":"https:\/\/arteeluoghi.it\/#\/schema\/person\/f84e814e36e91e01448ee07eaadd41d4","name":"Staff","image":{"@type":"ImageObject","@id":"https:\/\/arteeluoghi.it\/#personlogo","inLanguage":"it-IT","url":"https:\/\/secure.gravatar.com\/avatar\/49d2f9e46271bb04e19cebfaf141313a?s=96&d=blank&r=g","contentUrl":"https:\/\/secure.gravatar.com\/avatar\/49d2f9e46271bb04e19cebfaf141313a?s=96&d=blank&r=g","caption":"Staff"}}]}},"_links":{"self":[{"href":"https:\/\/arteeluoghi.it\/index.php\/wp-json\/wp\/v2\/posts\/15293"}],"collection":[{"href":"https:\/\/arteeluoghi.it\/index.php\/wp-json\/wp\/v2\/posts"}],"about":[{"href":"https:\/\/arteeluoghi.it\/index.php\/wp-json\/wp\/v2\/types\/post"}],"author":[{"embeddable":true,"href":"https:\/\/arteeluoghi.it\/index.php\/wp-json\/wp\/v2\/users\/1"}],"replies":[{"embeddable":true,"href":"https:\/\/arteeluoghi.it\/index.php\/wp-json\/wp\/v2\/comments?post=15293"}],"version-history":[{"count":2,"href":"https:\/\/arteeluoghi.it\/index.php\/wp-json\/wp\/v2\/posts\/15293\/revisions"}],"predecessor-version":[{"id":15297,"href":"https:\/\/arteeluoghi.it\/index.php\/wp-json\/wp\/v2\/posts\/15293\/revisions\/15297"}],"wp:featuredmedia":[{"embeddable":true,"href":"https:\/\/arteeluoghi.it\/index.php\/wp-json\/wp\/v2\/media\/15294"}],"wp:attachment":[{"href":"https:\/\/arteeluoghi.it\/index.php\/wp-json\/wp\/v2\/media?parent=15293"}],"wp:term":[{"taxonomy":"category","embeddable":true,"href":"https:\/\/arteeluoghi.it\/index.php\/wp-json\/wp\/v2\/categories?post=15293"},{"taxonomy":"post_tag","embeddable":true,"href":"https:\/\/arteeluoghi.it\/index.php\/wp-json\/wp\/v2\/tags?post=15293"}],"curies":[{"name":"wp","href":"https:\/\/api.w.org\/{rel}","templated":true}]}}