{"id":1533,"date":"2014-02-05T22:07:24","date_gmt":"2014-02-05T21:07:24","guid":{"rendered":"http:\/\/arteeluoghi.it\/index.php\/2014\/02\/05\/giacometti-la-scultura\/"},"modified":"2014-02-05T22:07:24","modified_gmt":"2014-02-05T21:07:24","slug":"giacometti-la-scultura","status":"publish","type":"post","link":"https:\/\/arteeluoghi.it\/index.php\/2014\/02\/05\/giacometti-la-scultura\/","title":{"rendered":"Giacometti. La Scultura"},"content":{"rendered":"<p><img src=\"\/images\/03_Buste%20dAnnette%20dit%20Venise_Museo%20darte%20dei%20Grigioni%20Coira.jpg\" border=\"0\" title=\"Alberto Giacometti Buste d'Annette (dit Venise), 1961 Bronze, 46 x 26,5 x 12 cm B\u00fcndner Kunstmuseum Chur \u00a9 Alberto Giacometti Estate \/ by SIAE in Italy, 2014\" width=\"300\" style=\"margin: 21px; float: left;\" \/>Nella Galleria Borghese a Roma la grande mostra dedicata a Giacometti. Dal 5 febbraio al 25 maggio 2014<\/p>\n<p><span style=\"font-size: small;\"><strong>Tutto il dramma di essere uomo<\/strong><\/span><\/p>\n<p>In quel che per definizione \u00e8 a Roma il luogo della scultura, la villa Pinciana,uno dei maestri del &#8216;900. Giacometti. La Scultura. \u00e8 il titolo della mostra che dal 5 febbraio fino al 25 maggio 2014 sar\u00e0 allestita nelle sale della Galleria Borghese. <br \/>Un vero e proprio viaggio alla scoperta dell\u2019interpretazione statuaria della figura umana nel XX secolo che si concretizza nell\u2019arte di Alberto Giacometti. 40 opere esposte, bronzi, gessi e disegni che innescano nel contesto della Galleria l\u2019energia dell&#8217;artista che indaga la profondit\u00e0 vitale dei soggetti, scavandone l\u2019anima fino a \u201cridurre all\u2019osso\u201d la figura umana.\u00a0 Le sculture di Giacometti creano attorno a loro l\u2019alone volumetrico di una drammatica cornice immateriale, invisibile ma sensibile.<\/p>\n<p>Raccontare attraverso il percorso espositivo il cambiamento della visione che gli artisti nel rapportarsi con la figurazione dell&#8217;essere umano.<\/p>\n<p>  <!--more-->  <\/p>\n<p>\u00a0<\/p>\n<p><img src=\"\/images\/07_LHomme%20qui%20marche%20I_Fondation%20Maeght%20Saint-Paul%20de%20Vence.jpg\" border=\"0\" title=\"Alberto Giacometti Homme qui marche I, 1960, INV0314 Bronze, \u00e9preuve de la Fondation Maeght, fonte de 1963, Susse Fondeur 183 x 26 x 95,5 cm Collection Fondation Aim\u00e9 et Marguerite Maeght, Saint-Paul de Vence (France) Photos Claude Germain \u2013 Archives Fondation Maeght, Saint-Paul de Vence (France) AGD 1448 \u00a9 Alberto Giacometti Estate \/ by SIAE in Italy, 2014\" width=\"300\" style=\"margin: 21px; float: right;\" \/>Il desiderio di raccontare la tragicit\u00e0 della scultura moderna a confronto con la classicit\u00e0 del passato\u00a0 &#8211; spiegano i curatori &#8211; \u00e8 stata dettata da una riflessione sulla poetica di Giacometti, fortemente emblematica di un secolo che vede grandi sconvolgimenti politici, storici e culturali.\u00a0 <br \/>La mostra dunque \u00e8 occasione per raccontare l\u2019artista &#8211; visionario, onirico e surrealista, fautore di un segno indelebile nell\u2019arte &#8211; e soprattutto far vedere la sua opera in dialogo con i capolavori della Galleria: le forme sinuose e bianche della <em>Femme couch\u00e9e qui r\u00eave<\/em> (1929) in cui si scorgono quelle della Paolina di Canova (1805\/1808), il cui volto \u00e8 riflesso, sull\u2019altro lato, nella <em>T\u00eate qui regarde<\/em> (1928); il passo pesante dell\u2019<em>Homme qui marche<\/em> (1947), in cui risuona l\u2019eco di quello affaticato di Enea sotto il peso di Anchise (1619); la <em>Femme qui marche<\/em> (1932\/1936), nera e misteriosa come le sfingi di basalto della Sala egizia; l\u2019equilibrio instabile dell\u2019 <em>Homme qui chavire<\/em> (1950), fuori asse e pronto a perdere l\u2019equilibrio come il David di Bernini (1623\/1624).<\/p>\n<p>Sotto l\u2019Alto Patronato del Presidente della Repubblica, la mostra \u00e8 promossa dal Ministero dei beni e delle attivit\u00e0 culturali e del turismo, curata da Anna Coliva e da Christian Klemm, illustre studioso dell\u2019opera di Giacometti e realizzatore delle monografie pi\u00f9 importanti sull\u2019artista, e organizzata e prodotta da Arthemisia Group.<\/p>\n<p>red. Arte e Luoghi<\/p>\n","protected":false},"excerpt":{"rendered":"<p>Nella Galleria Borghese a Roma la grande mostra dedicata a Giacometti. Dal 5 febbraio al 25 maggio 2014 Tutto il<\/p>\n","protected":false},"author":1,"featured_media":0,"comment_status":"open","ping_status":"open","sticky":false,"template":"","format":"standard","meta":[],"categories":[6],"tags":[],"yoast_head":"<!-- This site is optimized with the Yoast SEO plugin v18.0 - https:\/\/yoast.com\/wordpress\/plugins\/seo\/ -->\n<title>Giacometti. La Scultura | Arte e Luoghi<\/title>\n<meta name=\"robots\" content=\"index, follow, max-snippet:-1, max-image-preview:large, max-video-preview:-1\" \/>\n<link rel=\"canonical\" href=\"https:\/\/arteeluoghi.it\/index.php\/2014\/02\/05\/giacometti-la-scultura\/\" \/>\n<meta property=\"og:locale\" content=\"it_IT\" \/>\n<meta property=\"og:type\" content=\"article\" \/>\n<meta property=\"og:title\" content=\"Giacometti. La Scultura | Arte e Luoghi\" \/>\n<meta property=\"og:description\" content=\"Nella Galleria Borghese a Roma la grande mostra dedicata a Giacometti. Dal 5 febbraio al 25 maggio 2014 Tutto il\" \/>\n<meta property=\"og:url\" content=\"https:\/\/arteeluoghi.it\/index.php\/2014\/02\/05\/giacometti-la-scultura\/\" \/>\n<meta property=\"og:site_name\" content=\"Arte e Luoghi\" \/>\n<meta property=\"article:publisher\" content=\"https:\/\/www.facebook.com\/ArteELuoghi\/\" \/>\n<meta property=\"article:published_time\" content=\"2014-02-05T21:07:24+00:00\" \/>\n<meta property=\"og:image\" content=\"https:\/\/arteeluoghi.it\/images\/03_Buste%20dAnnette%20dit%20Venise_Museo%20darte%20dei%20Grigioni%20Coira.jpg\" \/>\n<meta name=\"twitter:card\" content=\"summary\" \/>\n<meta name=\"twitter:creator\" content=\"@arteeluoghi\" \/>\n<meta name=\"twitter:site\" content=\"@arteeluoghi\" \/>\n<meta name=\"twitter:label1\" content=\"Scritto da\" \/>\n\t<meta name=\"twitter:data1\" content=\"Staff\" \/>\n\t<meta name=\"twitter:label2\" content=\"Tempo di lettura stimato\" \/>\n\t<meta name=\"twitter:data2\" content=\"2 minuti\" \/>\n<script type=\"application\/ld+json\" class=\"yoast-schema-graph\">{\"@context\":\"https:\/\/schema.org\",\"@graph\":[{\"@type\":\"Organization\",\"@id\":\"https:\/\/arteeluoghi.it\/#organization\",\"name\":\"Arte e Luoghi\",\"url\":\"https:\/\/arteeluoghi.it\/\",\"sameAs\":[\"https:\/\/www.facebook.com\/ArteELuoghi\/\",\"https:\/\/www.instagram.com\/arteeluoghi\/?hl=it\",\"https:\/\/www.youtube.com\/channel\/UCuRVc4JW4-C5sg9rQB-srkw?view_as=subscriber\",\"https:\/\/twitter.com\/arteeluoghi\"],\"logo\":{\"@type\":\"ImageObject\",\"@id\":\"https:\/\/arteeluoghi.it\/#logo\",\"inLanguage\":\"it-IT\",\"url\":\"https:\/\/arteeluoghi.it\/wp-content\/uploads\/2018\/08\/logoinstagramarte.jpg\",\"contentUrl\":\"https:\/\/arteeluoghi.it\/wp-content\/uploads\/2018\/08\/logoinstagramarte.jpg\",\"width\":150,\"height\":150,\"caption\":\"Arte e Luoghi\"},\"image\":{\"@id\":\"https:\/\/arteeluoghi.it\/#logo\"}},{\"@type\":\"WebSite\",\"@id\":\"https:\/\/arteeluoghi.it\/#website\",\"url\":\"https:\/\/arteeluoghi.it\/\",\"name\":\"Arte e Luoghi\",\"description\":\"Mensile di arte, cultura, turismo e curiosit\u00e0\",\"publisher\":{\"@id\":\"https:\/\/arteeluoghi.it\/#organization\"},\"potentialAction\":[{\"@type\":\"SearchAction\",\"target\":{\"@type\":\"EntryPoint\",\"urlTemplate\":\"https:\/\/arteeluoghi.it\/?s={search_term_string}\"},\"query-input\":\"required name=search_term_string\"}],\"inLanguage\":\"it-IT\"},{\"@type\":\"ImageObject\",\"@id\":\"https:\/\/arteeluoghi.it\/index.php\/2014\/02\/05\/giacometti-la-scultura\/#primaryimage\",\"inLanguage\":\"it-IT\",\"url\":\"\/images\/03_Buste%20dAnnette%20dit%20Venise_Museo%20darte%20dei%20Grigioni%20Coira.jpg\",\"contentUrl\":\"\/images\/03_Buste%20dAnnette%20dit%20Venise_Museo%20darte%20dei%20Grigioni%20Coira.jpg\"},{\"@type\":\"WebPage\",\"@id\":\"https:\/\/arteeluoghi.it\/index.php\/2014\/02\/05\/giacometti-la-scultura\/#webpage\",\"url\":\"https:\/\/arteeluoghi.it\/index.php\/2014\/02\/05\/giacometti-la-scultura\/\",\"name\":\"Giacometti. La Scultura | Arte e Luoghi\",\"isPartOf\":{\"@id\":\"https:\/\/arteeluoghi.it\/#website\"},\"primaryImageOfPage\":{\"@id\":\"https:\/\/arteeluoghi.it\/index.php\/2014\/02\/05\/giacometti-la-scultura\/#primaryimage\"},\"datePublished\":\"2014-02-05T21:07:24+00:00\",\"dateModified\":\"2014-02-05T21:07:24+00:00\",\"breadcrumb\":{\"@id\":\"https:\/\/arteeluoghi.it\/index.php\/2014\/02\/05\/giacometti-la-scultura\/#breadcrumb\"},\"inLanguage\":\"it-IT\",\"potentialAction\":[{\"@type\":\"ReadAction\",\"target\":[\"https:\/\/arteeluoghi.it\/index.php\/2014\/02\/05\/giacometti-la-scultura\/\"]}]},{\"@type\":\"BreadcrumbList\",\"@id\":\"https:\/\/arteeluoghi.it\/index.php\/2014\/02\/05\/giacometti-la-scultura\/#breadcrumb\",\"itemListElement\":[{\"@type\":\"ListItem\",\"position\":1,\"name\":\"Home\",\"item\":\"https:\/\/arteeluoghi.it\/\"},{\"@type\":\"ListItem\",\"position\":2,\"name\":\"Giacometti. La Scultura\"}]},{\"@type\":\"Article\",\"@id\":\"https:\/\/arteeluoghi.it\/index.php\/2014\/02\/05\/giacometti-la-scultura\/#article\",\"isPartOf\":{\"@id\":\"https:\/\/arteeluoghi.it\/index.php\/2014\/02\/05\/giacometti-la-scultura\/#webpage\"},\"author\":{\"@id\":\"https:\/\/arteeluoghi.it\/#\/schema\/person\/f84e814e36e91e01448ee07eaadd41d4\"},\"headline\":\"Giacometti. La Scultura\",\"datePublished\":\"2014-02-05T21:07:24+00:00\",\"dateModified\":\"2014-02-05T21:07:24+00:00\",\"mainEntityOfPage\":{\"@id\":\"https:\/\/arteeluoghi.it\/index.php\/2014\/02\/05\/giacometti-la-scultura\/#webpage\"},\"wordCount\":381,\"commentCount\":0,\"publisher\":{\"@id\":\"https:\/\/arteeluoghi.it\/#organization\"},\"image\":{\"@id\":\"https:\/\/arteeluoghi.it\/index.php\/2014\/02\/05\/giacometti-la-scultura\/#primaryimage\"},\"thumbnailUrl\":\"\/images\/03_Buste%20dAnnette%20dit%20Venise_Museo%20darte%20dei%20Grigioni%20Coira.jpg\",\"articleSection\":[\"Scultura\"],\"inLanguage\":\"it-IT\",\"potentialAction\":[{\"@type\":\"CommentAction\",\"name\":\"Comment\",\"target\":[\"https:\/\/arteeluoghi.it\/index.php\/2014\/02\/05\/giacometti-la-scultura\/#respond\"]}]},{\"@type\":\"Person\",\"@id\":\"https:\/\/arteeluoghi.it\/#\/schema\/person\/f84e814e36e91e01448ee07eaadd41d4\",\"name\":\"Staff\",\"image\":{\"@type\":\"ImageObject\",\"@id\":\"https:\/\/arteeluoghi.it\/#personlogo\",\"inLanguage\":\"it-IT\",\"url\":\"https:\/\/secure.gravatar.com\/avatar\/49d2f9e46271bb04e19cebfaf141313a?s=96&d=blank&r=g\",\"contentUrl\":\"https:\/\/secure.gravatar.com\/avatar\/49d2f9e46271bb04e19cebfaf141313a?s=96&d=blank&r=g\",\"caption\":\"Staff\"}}]}<\/script>\n<!-- \/ Yoast SEO plugin. -->","yoast_head_json":{"title":"Giacometti. La Scultura | Arte e Luoghi","robots":{"index":"index","follow":"follow","max-snippet":"max-snippet:-1","max-image-preview":"max-image-preview:large","max-video-preview":"max-video-preview:-1"},"canonical":"https:\/\/arteeluoghi.it\/index.php\/2014\/02\/05\/giacometti-la-scultura\/","og_locale":"it_IT","og_type":"article","og_title":"Giacometti. La Scultura | Arte e Luoghi","og_description":"Nella Galleria Borghese a Roma la grande mostra dedicata a Giacometti. Dal 5 febbraio al 25 maggio 2014 Tutto il","og_url":"https:\/\/arteeluoghi.it\/index.php\/2014\/02\/05\/giacometti-la-scultura\/","og_site_name":"Arte e Luoghi","article_publisher":"https:\/\/www.facebook.com\/ArteELuoghi\/","article_published_time":"2014-02-05T21:07:24+00:00","og_image":[{"url":"https:\/\/arteeluoghi.it\/images\/03_Buste%20dAnnette%20dit%20Venise_Museo%20darte%20dei%20Grigioni%20Coira.jpg"}],"twitter_card":"summary","twitter_creator":"@arteeluoghi","twitter_site":"@arteeluoghi","twitter_misc":{"Scritto da":"Staff","Tempo di lettura stimato":"2 minuti"},"schema":{"@context":"https:\/\/schema.org","@graph":[{"@type":"Organization","@id":"https:\/\/arteeluoghi.it\/#organization","name":"Arte e Luoghi","url":"https:\/\/arteeluoghi.it\/","sameAs":["https:\/\/www.facebook.com\/ArteELuoghi\/","https:\/\/www.instagram.com\/arteeluoghi\/?hl=it","https:\/\/www.youtube.com\/channel\/UCuRVc4JW4-C5sg9rQB-srkw?view_as=subscriber","https:\/\/twitter.com\/arteeluoghi"],"logo":{"@type":"ImageObject","@id":"https:\/\/arteeluoghi.it\/#logo","inLanguage":"it-IT","url":"https:\/\/arteeluoghi.it\/wp-content\/uploads\/2018\/08\/logoinstagramarte.jpg","contentUrl":"https:\/\/arteeluoghi.it\/wp-content\/uploads\/2018\/08\/logoinstagramarte.jpg","width":150,"height":150,"caption":"Arte e Luoghi"},"image":{"@id":"https:\/\/arteeluoghi.it\/#logo"}},{"@type":"WebSite","@id":"https:\/\/arteeluoghi.it\/#website","url":"https:\/\/arteeluoghi.it\/","name":"Arte e Luoghi","description":"Mensile di arte, cultura, turismo e curiosit\u00e0","publisher":{"@id":"https:\/\/arteeluoghi.it\/#organization"},"potentialAction":[{"@type":"SearchAction","target":{"@type":"EntryPoint","urlTemplate":"https:\/\/arteeluoghi.it\/?s={search_term_string}"},"query-input":"required name=search_term_string"}],"inLanguage":"it-IT"},{"@type":"ImageObject","@id":"https:\/\/arteeluoghi.it\/index.php\/2014\/02\/05\/giacometti-la-scultura\/#primaryimage","inLanguage":"it-IT","url":"\/images\/03_Buste%20dAnnette%20dit%20Venise_Museo%20darte%20dei%20Grigioni%20Coira.jpg","contentUrl":"\/images\/03_Buste%20dAnnette%20dit%20Venise_Museo%20darte%20dei%20Grigioni%20Coira.jpg"},{"@type":"WebPage","@id":"https:\/\/arteeluoghi.it\/index.php\/2014\/02\/05\/giacometti-la-scultura\/#webpage","url":"https:\/\/arteeluoghi.it\/index.php\/2014\/02\/05\/giacometti-la-scultura\/","name":"Giacometti. La Scultura | Arte e Luoghi","isPartOf":{"@id":"https:\/\/arteeluoghi.it\/#website"},"primaryImageOfPage":{"@id":"https:\/\/arteeluoghi.it\/index.php\/2014\/02\/05\/giacometti-la-scultura\/#primaryimage"},"datePublished":"2014-02-05T21:07:24+00:00","dateModified":"2014-02-05T21:07:24+00:00","breadcrumb":{"@id":"https:\/\/arteeluoghi.it\/index.php\/2014\/02\/05\/giacometti-la-scultura\/#breadcrumb"},"inLanguage":"it-IT","potentialAction":[{"@type":"ReadAction","target":["https:\/\/arteeluoghi.it\/index.php\/2014\/02\/05\/giacometti-la-scultura\/"]}]},{"@type":"BreadcrumbList","@id":"https:\/\/arteeluoghi.it\/index.php\/2014\/02\/05\/giacometti-la-scultura\/#breadcrumb","itemListElement":[{"@type":"ListItem","position":1,"name":"Home","item":"https:\/\/arteeluoghi.it\/"},{"@type":"ListItem","position":2,"name":"Giacometti. La Scultura"}]},{"@type":"Article","@id":"https:\/\/arteeluoghi.it\/index.php\/2014\/02\/05\/giacometti-la-scultura\/#article","isPartOf":{"@id":"https:\/\/arteeluoghi.it\/index.php\/2014\/02\/05\/giacometti-la-scultura\/#webpage"},"author":{"@id":"https:\/\/arteeluoghi.it\/#\/schema\/person\/f84e814e36e91e01448ee07eaadd41d4"},"headline":"Giacometti. La Scultura","datePublished":"2014-02-05T21:07:24+00:00","dateModified":"2014-02-05T21:07:24+00:00","mainEntityOfPage":{"@id":"https:\/\/arteeluoghi.it\/index.php\/2014\/02\/05\/giacometti-la-scultura\/#webpage"},"wordCount":381,"commentCount":0,"publisher":{"@id":"https:\/\/arteeluoghi.it\/#organization"},"image":{"@id":"https:\/\/arteeluoghi.it\/index.php\/2014\/02\/05\/giacometti-la-scultura\/#primaryimage"},"thumbnailUrl":"\/images\/03_Buste%20dAnnette%20dit%20Venise_Museo%20darte%20dei%20Grigioni%20Coira.jpg","articleSection":["Scultura"],"inLanguage":"it-IT","potentialAction":[{"@type":"CommentAction","name":"Comment","target":["https:\/\/arteeluoghi.it\/index.php\/2014\/02\/05\/giacometti-la-scultura\/#respond"]}]},{"@type":"Person","@id":"https:\/\/arteeluoghi.it\/#\/schema\/person\/f84e814e36e91e01448ee07eaadd41d4","name":"Staff","image":{"@type":"ImageObject","@id":"https:\/\/arteeluoghi.it\/#personlogo","inLanguage":"it-IT","url":"https:\/\/secure.gravatar.com\/avatar\/49d2f9e46271bb04e19cebfaf141313a?s=96&d=blank&r=g","contentUrl":"https:\/\/secure.gravatar.com\/avatar\/49d2f9e46271bb04e19cebfaf141313a?s=96&d=blank&r=g","caption":"Staff"}}]}},"_links":{"self":[{"href":"https:\/\/arteeluoghi.it\/index.php\/wp-json\/wp\/v2\/posts\/1533"}],"collection":[{"href":"https:\/\/arteeluoghi.it\/index.php\/wp-json\/wp\/v2\/posts"}],"about":[{"href":"https:\/\/arteeluoghi.it\/index.php\/wp-json\/wp\/v2\/types\/post"}],"author":[{"embeddable":true,"href":"https:\/\/arteeluoghi.it\/index.php\/wp-json\/wp\/v2\/users\/1"}],"replies":[{"embeddable":true,"href":"https:\/\/arteeluoghi.it\/index.php\/wp-json\/wp\/v2\/comments?post=1533"}],"version-history":[{"count":0,"href":"https:\/\/arteeluoghi.it\/index.php\/wp-json\/wp\/v2\/posts\/1533\/revisions"}],"wp:attachment":[{"href":"https:\/\/arteeluoghi.it\/index.php\/wp-json\/wp\/v2\/media?parent=1533"}],"wp:term":[{"taxonomy":"category","embeddable":true,"href":"https:\/\/arteeluoghi.it\/index.php\/wp-json\/wp\/v2\/categories?post=1533"},{"taxonomy":"post_tag","embeddable":true,"href":"https:\/\/arteeluoghi.it\/index.php\/wp-json\/wp\/v2\/tags?post=1533"}],"curies":[{"name":"wp","href":"https:\/\/api.w.org\/{rel}","templated":true}]}}