{"id":15354,"date":"2025-05-03T14:31:57","date_gmt":"2025-05-03T12:31:57","guid":{"rendered":"https:\/\/arteeluoghi.it\/?p=15354"},"modified":"2025-05-03T14:31:58","modified_gmt":"2025-05-03T12:31:58","slug":"morte-per-grazia-ricevuta-incontro-con-simona-pedicini","status":"publish","type":"post","link":"https:\/\/arteeluoghi.it\/index.php\/2025\/05\/03\/morte-per-grazia-ricevuta-incontro-con-simona-pedicini\/","title":{"rendered":"Morte per grazia ricevuta. Incontro con Simona Pedicini"},"content":{"rendered":"\n<blockquote class=\"wp-block-quote\"><p>Domenica 4 maggio 2025  ad Otranto la <strong>Masseria MonteLauro\u00a0<\/strong>(Strada provinciale per Uggiano La Chiesa) ospita la tanatoesteta e tanatoprattora che presenta il suo romanzo edito da Fandango. Evento\u00a0<strong>a cura<\/strong>\u00a0dell\u2019associazione culturale \u2013 libreria\u00a0<strong>Un Panda sulla Luna di Terlizzi<\/strong>, in collaborazione con\u00a0<strong>Masseria Montelauro<\/strong><\/p><\/blockquote>\n\n\n\n<p>Un canto all\u2019amore impossibile, impastato di egoismo, possesso e sangue. Un esordio potente, empatico e rivoluzionario, ambientato in una Napoli che nessuna modernit\u00e0 potr\u00e0 mai scalfire.<\/p>\n\n\n\n<p>Nuova tappa per il ritorno in Puglia di Simona Pedicini, tanatoesteta e tanatoprattora, una delle tre persone in Italia a praticare questa professione, inquietante per molti, ricercata e nobile per pochi, autrice del visionario romanzo &#8220;Morte per grazia ricevuta&#8221; &#8211; Fandango Libri. L&#8217;autrice incontrer\u00e0 il pubblico alla Masseria Montelauro di Otranto (strada provinciale per Uggiano La Chiesa) Domenica 4 Maggio alle ore 11.00. Evento in collaborazione con l&#8217;associazione culturale Un Panda sulla Luna di Terlizzi (Bari). A dialogare con l&#8217;autore il giornalista Vito Marinelli.<\/p>\n\n\n\n<!--more-->\n\n\n\n<p>Per evadere da una vita domestica costrittiva Sofia cerca l\u2019amore altrove e lo rivolge, fin dall\u2019infanzia, a una strana \u201ccreatura\u201d che con i genitori frequenta la sua famiglia. Al di l\u00e0 dei generi e di ogni convenzione, insieme vivono ore felici: le fughe all\u2019alba per raggiungere Marechiaro e stringersi al ritorno nell\u2019odore di alghe, di scogli, di rocce bagnate dal mare; i giochi folli nel Regno, la stanza dai mobili rosa: l\u00ec danzano tra nuvole di talco, sono un Re e una Regina nel loro personalissimo Paradiso, si toccano e si accarezzano la pelle fino a farla diventare liscia come quella delle statue, si desiderano, si truccano, si travestono, si strappano e si scambiano il cuore, invocano la libert\u00e0 di poter peccare; l\u00ec i due protagonisti magici si liberano della propria identit\u00e0. Fino a quando un giorno, come nella pi\u00f9 crudele delle fiabe, qualcuno mette fine a quell\u2019armonia separandoli brutalmente, interrompendo un gioco indicibile che ha a che fare con la nascita di un bambino celeste. L\u2019incanto dell\u2019immaginazione a quel punto si spezza.<\/p>\n\n\n\n<div class=\"wp-block-image\"><figure class=\"alignleft size-large is-resized\"><img loading=\"lazy\" src=\"https:\/\/arteeluoghi.it\/wp-content\/uploads\/2025\/05\/SIMONA-PEDICINI-9-683x1024.jpg\" alt=\"\" class=\"wp-image-15356\" width=\"269\" height=\"403\" srcset=\"https:\/\/arteeluoghi.it\/wp-content\/uploads\/2025\/05\/SIMONA-PEDICINI-9-683x1024.jpg 683w, https:\/\/arteeluoghi.it\/wp-content\/uploads\/2025\/05\/SIMONA-PEDICINI-9-200x300.jpg 200w, https:\/\/arteeluoghi.it\/wp-content\/uploads\/2025\/05\/SIMONA-PEDICINI-9-768x1152.jpg 768w, https:\/\/arteeluoghi.it\/wp-content\/uploads\/2025\/05\/SIMONA-PEDICINI-9-1024x1536.jpg 1024w, https:\/\/arteeluoghi.it\/wp-content\/uploads\/2025\/05\/SIMONA-PEDICINI-9-1365x2048.jpg 1365w, https:\/\/arteeluoghi.it\/wp-content\/uploads\/2025\/05\/SIMONA-PEDICINI-9-scaled.jpg 1706w\" sizes=\"(max-width: 269px) 100vw, 269px\" \/><figcaption>Simona Pedicini<\/figcaption><\/figure><\/div>\n\n\n\n<p>Nata a Foggia il 12 luglio 1973, SIMONA PEDICINI si \u00e8 laureata in Letteratura Antica Greca e Latina con una tesi sulla figura dell\u2019Anticristo. Ha conseguito una specializzazione in Studi storico-religiosi e antropologici sulla morte e il lutto nel Sud<\/p>\n\n\n\n<p>Italia, in Studi sulla mistica femminile di epoca barocca e sulla Storia dell\u2019anatomia sul corpo femminile sempre di epoca barocca. Ha inoltre incentrato le sue ricerche sulla Scienza bibliologica cinque-seicentesca e sulla Storia della Tanatologia con particolare interesse per il rapporto tra Chiesa, fine vita e storia della medicina in epoca controriformistica approfondendo l\u2019analisi della storia della dissezione sul corpo sacro femminile. \u00c8 specializzata in Studi sulla Sacra Sindone. Lavora come tanatoesteta, tanatoprattora, svolgendo inoltre per privati e agenzie di pompe funebri corsi di formazione in tanatoestetica e in cosmesi funeraria. Cerimoniere funebre, ha celebrato commiati laici in cerimonie private.<\/p>\n\n\n\n<p><strong>INGRESSO LIBERO SINO AD ESAURIMENTO POSTI &#8211; INFO:3311968984<\/strong><\/p>\n\n\n\n<p>(fonte: comunicato stampa)<\/p>\n","protected":false},"excerpt":{"rendered":"<p>Domenica 4 maggio 2025 ad Otranto la Masseria MonteLauro\u00a0(Strada provinciale per Uggiano La Chiesa) ospita la tanatoesteta e tanatoprattora che<\/p>\n","protected":false},"author":1,"featured_media":15355,"comment_status":"open","ping_status":"open","sticky":true,"template":"","format":"standard","meta":[],"categories":[1],"tags":[6496,160,76,6495],"yoast_head":"<!-- This site is optimized with the Yoast SEO plugin v18.0 - https:\/\/yoast.com\/wordpress\/plugins\/seo\/ -->\n<title>Morte per grazia ricevuta. Incontro con Simona Pedicini | Arte e Luoghi<\/title>\n<meta name=\"description\" content=\"Domenica 4 maggio 2025 ad Otranto la Masseria MonteLauro (Strada provinciale per Uggiano La Chiesa) ospita la tanatoesteta\" \/>\n<meta name=\"robots\" content=\"index, follow, max-snippet:-1, max-image-preview:large, max-video-preview:-1\" \/>\n<link rel=\"canonical\" href=\"https:\/\/arteeluoghi.it\/index.php\/2025\/05\/03\/morte-per-grazia-ricevuta-incontro-con-simona-pedicini\/\" \/>\n<meta property=\"og:locale\" content=\"it_IT\" \/>\n<meta property=\"og:type\" content=\"article\" \/>\n<meta property=\"og:title\" content=\"Morte per grazia ricevuta. Incontro con Simona Pedicini | Arte e Luoghi\" \/>\n<meta property=\"og:description\" content=\"Domenica 4 maggio 2025 ad Otranto la Masseria MonteLauro (Strada provinciale per Uggiano La Chiesa) ospita la tanatoesteta\" \/>\n<meta property=\"og:url\" content=\"https:\/\/arteeluoghi.it\/index.php\/2025\/05\/03\/morte-per-grazia-ricevuta-incontro-con-simona-pedicini\/\" \/>\n<meta property=\"og:site_name\" content=\"Arte e Luoghi\" \/>\n<meta property=\"article:publisher\" content=\"https:\/\/www.facebook.com\/ArteELuoghi\/\" \/>\n<meta property=\"article:published_time\" content=\"2025-05-03T12:31:57+00:00\" \/>\n<meta property=\"article:modified_time\" content=\"2025-05-03T12:31:58+00:00\" \/>\n<meta property=\"og:image\" content=\"https:\/\/arteeluoghi.it\/wp-content\/uploads\/2025\/05\/Cover-morte-per-grazia-ricevuta.jpg\" \/>\n\t<meta property=\"og:image:width\" content=\"711\" \/>\n\t<meta property=\"og:image:height\" content=\"1000\" \/>\n\t<meta property=\"og:image:type\" content=\"image\/jpeg\" \/>\n<meta name=\"twitter:card\" content=\"summary\" \/>\n<meta name=\"twitter:creator\" content=\"@arteeluoghi\" \/>\n<meta name=\"twitter:site\" content=\"@arteeluoghi\" \/>\n<meta name=\"twitter:label1\" content=\"Scritto da\" \/>\n\t<meta name=\"twitter:data1\" content=\"Staff\" \/>\n\t<meta name=\"twitter:label2\" content=\"Tempo di lettura stimato\" \/>\n\t<meta name=\"twitter:data2\" content=\"3 minuti\" \/>\n<script type=\"application\/ld+json\" class=\"yoast-schema-graph\">{\"@context\":\"https:\/\/schema.org\",\"@graph\":[{\"@type\":\"Organization\",\"@id\":\"https:\/\/arteeluoghi.it\/#organization\",\"name\":\"Arte e Luoghi\",\"url\":\"https:\/\/arteeluoghi.it\/\",\"sameAs\":[\"https:\/\/www.facebook.com\/ArteELuoghi\/\",\"https:\/\/www.instagram.com\/arteeluoghi\/?hl=it\",\"https:\/\/www.youtube.com\/channel\/UCuRVc4JW4-C5sg9rQB-srkw?view_as=subscriber\",\"https:\/\/twitter.com\/arteeluoghi\"],\"logo\":{\"@type\":\"ImageObject\",\"@id\":\"https:\/\/arteeluoghi.it\/#logo\",\"inLanguage\":\"it-IT\",\"url\":\"https:\/\/arteeluoghi.it\/wp-content\/uploads\/2018\/08\/logoinstagramarte.jpg\",\"contentUrl\":\"https:\/\/arteeluoghi.it\/wp-content\/uploads\/2018\/08\/logoinstagramarte.jpg\",\"width\":150,\"height\":150,\"caption\":\"Arte e Luoghi\"},\"image\":{\"@id\":\"https:\/\/arteeluoghi.it\/#logo\"}},{\"@type\":\"WebSite\",\"@id\":\"https:\/\/arteeluoghi.it\/#website\",\"url\":\"https:\/\/arteeluoghi.it\/\",\"name\":\"Arte e Luoghi\",\"description\":\"Mensile di arte, cultura, turismo e curiosit\u00e0\",\"publisher\":{\"@id\":\"https:\/\/arteeluoghi.it\/#organization\"},\"potentialAction\":[{\"@type\":\"SearchAction\",\"target\":{\"@type\":\"EntryPoint\",\"urlTemplate\":\"https:\/\/arteeluoghi.it\/?s={search_term_string}\"},\"query-input\":\"required name=search_term_string\"}],\"inLanguage\":\"it-IT\"},{\"@type\":\"ImageObject\",\"@id\":\"https:\/\/arteeluoghi.it\/index.php\/2025\/05\/03\/morte-per-grazia-ricevuta-incontro-con-simona-pedicini\/#primaryimage\",\"inLanguage\":\"it-IT\",\"url\":\"https:\/\/arteeluoghi.it\/wp-content\/uploads\/2025\/05\/Cover-morte-per-grazia-ricevuta.jpg\",\"contentUrl\":\"https:\/\/arteeluoghi.it\/wp-content\/uploads\/2025\/05\/Cover-morte-per-grazia-ricevuta.jpg\",\"width\":711,\"height\":1000},{\"@type\":\"WebPage\",\"@id\":\"https:\/\/arteeluoghi.it\/index.php\/2025\/05\/03\/morte-per-grazia-ricevuta-incontro-con-simona-pedicini\/#webpage\",\"url\":\"https:\/\/arteeluoghi.it\/index.php\/2025\/05\/03\/morte-per-grazia-ricevuta-incontro-con-simona-pedicini\/\",\"name\":\"Morte per grazia ricevuta. Incontro con Simona Pedicini | Arte e Luoghi\",\"isPartOf\":{\"@id\":\"https:\/\/arteeluoghi.it\/#website\"},\"primaryImageOfPage\":{\"@id\":\"https:\/\/arteeluoghi.it\/index.php\/2025\/05\/03\/morte-per-grazia-ricevuta-incontro-con-simona-pedicini\/#primaryimage\"},\"datePublished\":\"2025-05-03T12:31:57+00:00\",\"dateModified\":\"2025-05-03T12:31:58+00:00\",\"description\":\"Domenica 4 maggio 2025 ad Otranto la Masseria MonteLauro (Strada provinciale per Uggiano La Chiesa) ospita la tanatoesteta\",\"breadcrumb\":{\"@id\":\"https:\/\/arteeluoghi.it\/index.php\/2025\/05\/03\/morte-per-grazia-ricevuta-incontro-con-simona-pedicini\/#breadcrumb\"},\"inLanguage\":\"it-IT\",\"potentialAction\":[{\"@type\":\"ReadAction\",\"target\":[\"https:\/\/arteeluoghi.it\/index.php\/2025\/05\/03\/morte-per-grazia-ricevuta-incontro-con-simona-pedicini\/\"]}]},{\"@type\":\"BreadcrumbList\",\"@id\":\"https:\/\/arteeluoghi.it\/index.php\/2025\/05\/03\/morte-per-grazia-ricevuta-incontro-con-simona-pedicini\/#breadcrumb\",\"itemListElement\":[{\"@type\":\"ListItem\",\"position\":1,\"name\":\"Home\",\"item\":\"https:\/\/arteeluoghi.it\/\"},{\"@type\":\"ListItem\",\"position\":2,\"name\":\"Morte per grazia ricevuta. Incontro con Simona Pedicini\"}]},{\"@type\":\"Article\",\"@id\":\"https:\/\/arteeluoghi.it\/index.php\/2025\/05\/03\/morte-per-grazia-ricevuta-incontro-con-simona-pedicini\/#article\",\"isPartOf\":{\"@id\":\"https:\/\/arteeluoghi.it\/index.php\/2025\/05\/03\/morte-per-grazia-ricevuta-incontro-con-simona-pedicini\/#webpage\"},\"author\":{\"@id\":\"https:\/\/arteeluoghi.it\/#\/schema\/person\/f84e814e36e91e01448ee07eaadd41d4\"},\"headline\":\"Morte per grazia ricevuta. Incontro con Simona Pedicini\",\"datePublished\":\"2025-05-03T12:31:57+00:00\",\"dateModified\":\"2025-05-03T12:31:58+00:00\",\"mainEntityOfPage\":{\"@id\":\"https:\/\/arteeluoghi.it\/index.php\/2025\/05\/03\/morte-per-grazia-ricevuta-incontro-con-simona-pedicini\/#webpage\"},\"wordCount\":493,\"commentCount\":0,\"publisher\":{\"@id\":\"https:\/\/arteeluoghi.it\/#organization\"},\"image\":{\"@id\":\"https:\/\/arteeluoghi.it\/index.php\/2025\/05\/03\/morte-per-grazia-ricevuta-incontro-con-simona-pedicini\/#primaryimage\"},\"thumbnailUrl\":\"https:\/\/arteeluoghi.it\/wp-content\/uploads\/2025\/05\/Cover-morte-per-grazia-ricevuta.jpg\",\"keywords\":[\"Masseria MonteLauro\",\"Napoli\",\"Salento\",\"Sinona Pedicini\"],\"inLanguage\":\"it-IT\",\"potentialAction\":[{\"@type\":\"CommentAction\",\"name\":\"Comment\",\"target\":[\"https:\/\/arteeluoghi.it\/index.php\/2025\/05\/03\/morte-per-grazia-ricevuta-incontro-con-simona-pedicini\/#respond\"]}]},{\"@type\":\"Person\",\"@id\":\"https:\/\/arteeluoghi.it\/#\/schema\/person\/f84e814e36e91e01448ee07eaadd41d4\",\"name\":\"Staff\",\"image\":{\"@type\":\"ImageObject\",\"@id\":\"https:\/\/arteeluoghi.it\/#personlogo\",\"inLanguage\":\"it-IT\",\"url\":\"https:\/\/secure.gravatar.com\/avatar\/49d2f9e46271bb04e19cebfaf141313a?s=96&d=blank&r=g\",\"contentUrl\":\"https:\/\/secure.gravatar.com\/avatar\/49d2f9e46271bb04e19cebfaf141313a?s=96&d=blank&r=g\",\"caption\":\"Staff\"}}]}<\/script>\n<!-- \/ Yoast SEO plugin. -->","yoast_head_json":{"title":"Morte per grazia ricevuta. Incontro con Simona Pedicini | Arte e Luoghi","description":"Domenica 4 maggio 2025 ad Otranto la Masseria MonteLauro (Strada provinciale per Uggiano La Chiesa) ospita la tanatoesteta","robots":{"index":"index","follow":"follow","max-snippet":"max-snippet:-1","max-image-preview":"max-image-preview:large","max-video-preview":"max-video-preview:-1"},"canonical":"https:\/\/arteeluoghi.it\/index.php\/2025\/05\/03\/morte-per-grazia-ricevuta-incontro-con-simona-pedicini\/","og_locale":"it_IT","og_type":"article","og_title":"Morte per grazia ricevuta. Incontro con Simona Pedicini | Arte e Luoghi","og_description":"Domenica 4 maggio 2025 ad Otranto la Masseria MonteLauro (Strada provinciale per Uggiano La Chiesa) ospita la tanatoesteta","og_url":"https:\/\/arteeluoghi.it\/index.php\/2025\/05\/03\/morte-per-grazia-ricevuta-incontro-con-simona-pedicini\/","og_site_name":"Arte e Luoghi","article_publisher":"https:\/\/www.facebook.com\/ArteELuoghi\/","article_published_time":"2025-05-03T12:31:57+00:00","article_modified_time":"2025-05-03T12:31:58+00:00","og_image":[{"width":711,"height":1000,"url":"https:\/\/arteeluoghi.it\/wp-content\/uploads\/2025\/05\/Cover-morte-per-grazia-ricevuta.jpg","type":"image\/jpeg"}],"twitter_card":"summary","twitter_creator":"@arteeluoghi","twitter_site":"@arteeluoghi","twitter_misc":{"Scritto da":"Staff","Tempo di lettura stimato":"3 minuti"},"schema":{"@context":"https:\/\/schema.org","@graph":[{"@type":"Organization","@id":"https:\/\/arteeluoghi.it\/#organization","name":"Arte e Luoghi","url":"https:\/\/arteeluoghi.it\/","sameAs":["https:\/\/www.facebook.com\/ArteELuoghi\/","https:\/\/www.instagram.com\/arteeluoghi\/?hl=it","https:\/\/www.youtube.com\/channel\/UCuRVc4JW4-C5sg9rQB-srkw?view_as=subscriber","https:\/\/twitter.com\/arteeluoghi"],"logo":{"@type":"ImageObject","@id":"https:\/\/arteeluoghi.it\/#logo","inLanguage":"it-IT","url":"https:\/\/arteeluoghi.it\/wp-content\/uploads\/2018\/08\/logoinstagramarte.jpg","contentUrl":"https:\/\/arteeluoghi.it\/wp-content\/uploads\/2018\/08\/logoinstagramarte.jpg","width":150,"height":150,"caption":"Arte e Luoghi"},"image":{"@id":"https:\/\/arteeluoghi.it\/#logo"}},{"@type":"WebSite","@id":"https:\/\/arteeluoghi.it\/#website","url":"https:\/\/arteeluoghi.it\/","name":"Arte e Luoghi","description":"Mensile di arte, cultura, turismo e curiosit\u00e0","publisher":{"@id":"https:\/\/arteeluoghi.it\/#organization"},"potentialAction":[{"@type":"SearchAction","target":{"@type":"EntryPoint","urlTemplate":"https:\/\/arteeluoghi.it\/?s={search_term_string}"},"query-input":"required name=search_term_string"}],"inLanguage":"it-IT"},{"@type":"ImageObject","@id":"https:\/\/arteeluoghi.it\/index.php\/2025\/05\/03\/morte-per-grazia-ricevuta-incontro-con-simona-pedicini\/#primaryimage","inLanguage":"it-IT","url":"https:\/\/arteeluoghi.it\/wp-content\/uploads\/2025\/05\/Cover-morte-per-grazia-ricevuta.jpg","contentUrl":"https:\/\/arteeluoghi.it\/wp-content\/uploads\/2025\/05\/Cover-morte-per-grazia-ricevuta.jpg","width":711,"height":1000},{"@type":"WebPage","@id":"https:\/\/arteeluoghi.it\/index.php\/2025\/05\/03\/morte-per-grazia-ricevuta-incontro-con-simona-pedicini\/#webpage","url":"https:\/\/arteeluoghi.it\/index.php\/2025\/05\/03\/morte-per-grazia-ricevuta-incontro-con-simona-pedicini\/","name":"Morte per grazia ricevuta. Incontro con Simona Pedicini | Arte e Luoghi","isPartOf":{"@id":"https:\/\/arteeluoghi.it\/#website"},"primaryImageOfPage":{"@id":"https:\/\/arteeluoghi.it\/index.php\/2025\/05\/03\/morte-per-grazia-ricevuta-incontro-con-simona-pedicini\/#primaryimage"},"datePublished":"2025-05-03T12:31:57+00:00","dateModified":"2025-05-03T12:31:58+00:00","description":"Domenica 4 maggio 2025 ad Otranto la Masseria MonteLauro (Strada provinciale per Uggiano La Chiesa) ospita la tanatoesteta","breadcrumb":{"@id":"https:\/\/arteeluoghi.it\/index.php\/2025\/05\/03\/morte-per-grazia-ricevuta-incontro-con-simona-pedicini\/#breadcrumb"},"inLanguage":"it-IT","potentialAction":[{"@type":"ReadAction","target":["https:\/\/arteeluoghi.it\/index.php\/2025\/05\/03\/morte-per-grazia-ricevuta-incontro-con-simona-pedicini\/"]}]},{"@type":"BreadcrumbList","@id":"https:\/\/arteeluoghi.it\/index.php\/2025\/05\/03\/morte-per-grazia-ricevuta-incontro-con-simona-pedicini\/#breadcrumb","itemListElement":[{"@type":"ListItem","position":1,"name":"Home","item":"https:\/\/arteeluoghi.it\/"},{"@type":"ListItem","position":2,"name":"Morte per grazia ricevuta. Incontro con Simona Pedicini"}]},{"@type":"Article","@id":"https:\/\/arteeluoghi.it\/index.php\/2025\/05\/03\/morte-per-grazia-ricevuta-incontro-con-simona-pedicini\/#article","isPartOf":{"@id":"https:\/\/arteeluoghi.it\/index.php\/2025\/05\/03\/morte-per-grazia-ricevuta-incontro-con-simona-pedicini\/#webpage"},"author":{"@id":"https:\/\/arteeluoghi.it\/#\/schema\/person\/f84e814e36e91e01448ee07eaadd41d4"},"headline":"Morte per grazia ricevuta. Incontro con Simona Pedicini","datePublished":"2025-05-03T12:31:57+00:00","dateModified":"2025-05-03T12:31:58+00:00","mainEntityOfPage":{"@id":"https:\/\/arteeluoghi.it\/index.php\/2025\/05\/03\/morte-per-grazia-ricevuta-incontro-con-simona-pedicini\/#webpage"},"wordCount":493,"commentCount":0,"publisher":{"@id":"https:\/\/arteeluoghi.it\/#organization"},"image":{"@id":"https:\/\/arteeluoghi.it\/index.php\/2025\/05\/03\/morte-per-grazia-ricevuta-incontro-con-simona-pedicini\/#primaryimage"},"thumbnailUrl":"https:\/\/arteeluoghi.it\/wp-content\/uploads\/2025\/05\/Cover-morte-per-grazia-ricevuta.jpg","keywords":["Masseria MonteLauro","Napoli","Salento","Sinona Pedicini"],"inLanguage":"it-IT","potentialAction":[{"@type":"CommentAction","name":"Comment","target":["https:\/\/arteeluoghi.it\/index.php\/2025\/05\/03\/morte-per-grazia-ricevuta-incontro-con-simona-pedicini\/#respond"]}]},{"@type":"Person","@id":"https:\/\/arteeluoghi.it\/#\/schema\/person\/f84e814e36e91e01448ee07eaadd41d4","name":"Staff","image":{"@type":"ImageObject","@id":"https:\/\/arteeluoghi.it\/#personlogo","inLanguage":"it-IT","url":"https:\/\/secure.gravatar.com\/avatar\/49d2f9e46271bb04e19cebfaf141313a?s=96&d=blank&r=g","contentUrl":"https:\/\/secure.gravatar.com\/avatar\/49d2f9e46271bb04e19cebfaf141313a?s=96&d=blank&r=g","caption":"Staff"}}]}},"_links":{"self":[{"href":"https:\/\/arteeluoghi.it\/index.php\/wp-json\/wp\/v2\/posts\/15354"}],"collection":[{"href":"https:\/\/arteeluoghi.it\/index.php\/wp-json\/wp\/v2\/posts"}],"about":[{"href":"https:\/\/arteeluoghi.it\/index.php\/wp-json\/wp\/v2\/types\/post"}],"author":[{"embeddable":true,"href":"https:\/\/arteeluoghi.it\/index.php\/wp-json\/wp\/v2\/users\/1"}],"replies":[{"embeddable":true,"href":"https:\/\/arteeluoghi.it\/index.php\/wp-json\/wp\/v2\/comments?post=15354"}],"version-history":[{"count":1,"href":"https:\/\/arteeluoghi.it\/index.php\/wp-json\/wp\/v2\/posts\/15354\/revisions"}],"predecessor-version":[{"id":15357,"href":"https:\/\/arteeluoghi.it\/index.php\/wp-json\/wp\/v2\/posts\/15354\/revisions\/15357"}],"wp:featuredmedia":[{"embeddable":true,"href":"https:\/\/arteeluoghi.it\/index.php\/wp-json\/wp\/v2\/media\/15355"}],"wp:attachment":[{"href":"https:\/\/arteeluoghi.it\/index.php\/wp-json\/wp\/v2\/media?parent=15354"}],"wp:term":[{"taxonomy":"category","embeddable":true,"href":"https:\/\/arteeluoghi.it\/index.php\/wp-json\/wp\/v2\/categories?post=15354"},{"taxonomy":"post_tag","embeddable":true,"href":"https:\/\/arteeluoghi.it\/index.php\/wp-json\/wp\/v2\/tags?post=15354"}],"curies":[{"name":"wp","href":"https:\/\/api.w.org\/{rel}","templated":true}]}}