{"id":15361,"date":"2025-05-03T17:36:34","date_gmt":"2025-05-03T15:36:34","guid":{"rendered":"https:\/\/arteeluoghi.it\/?p=15361"},"modified":"2025-05-03T17:36:35","modified_gmt":"2025-05-03T15:36:35","slug":"ritorna-nel-salento-lo-scrittore-walter-cerfeda-per-il-maggio-dei-libri","status":"publish","type":"post","link":"https:\/\/arteeluoghi.it\/index.php\/2025\/05\/03\/ritorna-nel-salento-lo-scrittore-walter-cerfeda-per-il-maggio-dei-libri\/","title":{"rendered":"Ritorna nel Salento lo scrittore Walter Cerfeda per il Maggio dei Libri"},"content":{"rendered":"\n<p> <\/p>\n\n\n\n<blockquote class=\"wp-block-quote\"><p>Autore del romanzo &#8220;A viso aperto&#8221;, edito da Il Raggio Verde, lo scrittore sar\u00e0 il prossimo 8 maggio 2025 a Gallipoli dove incontrer\u00e0 gli studenti del Vespucci e il 10 maggio ore 19 a Tuglie nella Biblioteca comunale F.T. Gnoni<\/p><\/blockquote>\n\n\n\n<p><\/p>\n\n\n\n<p>Ritorna nel Salento lo scrittore Walter Cerfeda per una doppia presentazione a Gallipoli e a Tuglie. L&#8217;evento ideato per il Maggio dei Libri \u00e8 organizzato dalla casa editrice in collaborazione con l&#8217;amministrazione comunale di Tuglie, Citt\u00e0 che Legge, Biblioteca Comunale &#8220;F.T. Gnoni&#8221;, Servizio Civile Universale, Istituto d&#8217;Istruzione Secondaria Superiore &#8220;A. Vespucci&#8221; di Gallipoli.<\/p>\n\n\n\n<!--more-->\n\n\n\n<div class=\"wp-block-image\"><figure class=\"alignleft size-large\"><img loading=\"lazy\" width=\"719\" height=\"1024\" src=\"https:\/\/arteeluoghi.it\/wp-content\/uploads\/2025\/05\/aa4a05cf-120c-43e5-a6d9-d008e30a424d-719x1024.jpg\" alt=\"\" class=\"wp-image-15358\" srcset=\"https:\/\/arteeluoghi.it\/wp-content\/uploads\/2025\/05\/aa4a05cf-120c-43e5-a6d9-d008e30a424d-719x1024.jpg 719w, https:\/\/arteeluoghi.it\/wp-content\/uploads\/2025\/05\/aa4a05cf-120c-43e5-a6d9-d008e30a424d-211x300.jpg 211w, https:\/\/arteeluoghi.it\/wp-content\/uploads\/2025\/05\/aa4a05cf-120c-43e5-a6d9-d008e30a424d-768x1093.jpg 768w, https:\/\/arteeluoghi.it\/wp-content\/uploads\/2025\/05\/aa4a05cf-120c-43e5-a6d9-d008e30a424d-1079x1536.jpg 1079w, https:\/\/arteeluoghi.it\/wp-content\/uploads\/2025\/05\/aa4a05cf-120c-43e5-a6d9-d008e30a424d.jpg 1124w\" sizes=\"(max-width: 719px) 100vw, 719px\" \/><\/figure><\/div>\n\n\n\n<p>Autore del romanzo &#8220;A viso aperto&#8221;, edito da Il Raggio Verde, lo scrittore sar\u00e0 il prossimo 8 maggio 2025 a Gallipoli dove incontrer\u00e0 gli studenti dell\u2019 ISSS \u201cA.Vespucci\u201d, introduce l\u2019incontro la dirigente Paola Apollonio a seguire gli interventi di studenti e docenti.<\/p>\n\n\n\n<p>Il 10 maggio l\u2019autore sar\u00e0 invece ospite della Biblioteca comunale \u201cF.T. Gnoni\u201d di Tuglie. Dopo i saluti istituzionali del sindaco Silvia Romano, interviene interverranno Gabriella Gnoni direttrice della Biblioteca comunale, la studentessa Veronica Di Maglie, gli operatori del Servizio Civile Universale. Modera la giornalista Antonietta Fulvio editore de Il Raggio Verde.<\/p>\n\n\n\n<p><em>&#8220;Perch\u00e9 ho sempre pensato che ogni uomo sia inventore. Inventore della propria vita quando riesce a seguire ci\u00f2 che il pensiero gli suggerisce di fare. E con il sogno poi, quella vita pu\u00f2 renderla pi\u00f9 bella (&#8230;) Pensare \u00e8 l&#8217;unica e sola libert\u00e0 vera che possiede l&#8217;essere umano. E sai perch\u00e9? Perch\u00e9 nessuno pu\u00f2 entrare nel tuo pensiero. Pu\u00f2 obbligarti ad obbedire, a subire, ma mai riuscire ad entrar in ci\u00f2 che tu stai pensando&#8221;.<\/em><\/p>\n\n\n\n<p>Ambientato negli anni Settanta, tra l\u2019Italia, la Svizzera e la Spagna, il libro indaga il rapporto sulla libert\u00e0 in relazione ai contesti in cui si vive, familiari, sociali, professionali e politici. La libert\u00e0&nbsp; \u00e8 sempre figlia del pensiero di ogni essere umano. Ma se pensare \u00e8 libert\u00e0, le azioni originate dal proprio pensiero devono riuscire a trovare un equilibrio con il pensiero degli altri per permettere la convivenza civile. Nel tempo che stiamo attraversando (globalizzazione, crisi, covid, guerra) l\u2019accumulo di impotenza ha generato prima rabbia, poi rancore e infine sempre pi\u00f9 intolleranza e cattiveria, la cui ultima involuzione, specie sul piano politico, \u00e8 quella della perfidia.<\/p>\n\n\n\n<p>Diviso in quattro parti, la narrazione ripercorre le vicende dei protagonisti, Luis Heredero e Gianni Cassano, la loro amicizia attraversa la dittatura franchista, il tema sempre attuale dell\u2019emigrazione per ritrovarsi, dopo gli eventi drammatici della pandemia e della guerra in Ucraina, a tirare le somme del proprio vissuto guardando al futuro incerto che ci attende.<\/p>\n\n\n\n<p>Cenni biografici<\/p>\n\n\n\n<p>Nato a Bari nel 1947, Walter Cerfeda vive tra le Marche e il Salento.<\/p>\n\n\n\n<p>Narratore e saggista, ha vinto\u00a0nel 1967 il Premio \u201cFirenze\u201d con il libro \u201cIl diaframma dell\u2019infelicit\u00e0\u201d (ed. Kursaal), pubblicando in seguito \u201cL\u2019altra faccia della rifondazione\u201d e \u201cL\u2019accordo della discordia\u201d (Ediesse 1988); \u201cUn nuovo contratto sociale\u201d (Ediesse 1992); \u201cLuned\u00ec\u201d (Albatros 2009); \u201cI pupari \u201c(Albatros 2009), opera finalista al Premio \u201cMario Soldati\u201d, menzione d\u2019onore al Premio \u201cLe Muse\u201d di Pisa, terzo posto per opera inedita al Premio \u201cCitt\u00e0 di Castello\u201d; \u201cSolstizio d\u2019inverno\u201d (Albatros 2010); \u201cSenza preavviso\u201d (Manni 2012); \u201cLa nuova Europa\u201d (Ediesse 2013); \u201cDomani\u201d (Albatros 2014). Per i tipi de Il Raggio Verde edizioni sono stati pubblicati \u201cAllegoria\u201d (2016), \u201cCoprifuoco. La Primavera araba, l\u2019Isis, i barconi e Noi\u201d, 2018, \u201cDiscorso sull\u2019economia nel tempo del sovranismo\u201d, 2019, \u201cCristalli\u201d (2021). Nel 2020 \u00e8 stato insignito del Premio Marzano. Nel 2022 ha pubblicato il saggio di economia \u201cAlla fine della notte\u201d ed. Riace. Collabora con numerose riviste nazionali e internazionali.<\/p>\n\n\n\n<p>(fonte: comunicato stampa)<\/p>\n\n\n\n<p><\/p>\n","protected":false},"excerpt":{"rendered":"<p>Autore del romanzo &#8220;A viso aperto&#8221;, edito da Il Raggio Verde, lo scrittore sar\u00e0 il prossimo 8 maggio 2025 a<\/p>\n","protected":false},"author":1,"featured_media":15359,"comment_status":"open","ping_status":"open","sticky":true,"template":"","format":"standard","meta":[],"categories":[17],"tags":[],"yoast_head":"<!-- This site is optimized with the Yoast SEO plugin v18.0 - https:\/\/yoast.com\/wordpress\/plugins\/seo\/ -->\n<title>Ritorna nel Salento lo scrittore Walter Cerfeda per il Maggio dei Libri | Arte e Luoghi<\/title>\n<meta name=\"description\" content=\"Autore del romanzo &quot;A viso aperto&quot;, edito da Il Raggio Verde, lo scrittore sar\u00e0 il prossimo 8 maggio 2025 a Gallipoli\" \/>\n<meta name=\"robots\" content=\"index, follow, max-snippet:-1, max-image-preview:large, max-video-preview:-1\" \/>\n<link rel=\"canonical\" href=\"https:\/\/arteeluoghi.it\/index.php\/2025\/05\/03\/ritorna-nel-salento-lo-scrittore-walter-cerfeda-per-il-maggio-dei-libri\/\" \/>\n<meta property=\"og:locale\" content=\"it_IT\" \/>\n<meta property=\"og:type\" content=\"article\" \/>\n<meta property=\"og:title\" content=\"Ritorna nel Salento lo scrittore Walter Cerfeda per il Maggio dei Libri | Arte e Luoghi\" \/>\n<meta property=\"og:description\" content=\"Autore del romanzo &quot;A viso aperto&quot;, edito da Il Raggio Verde, lo scrittore sar\u00e0 il prossimo 8 maggio 2025 a Gallipoli\" \/>\n<meta property=\"og:url\" content=\"https:\/\/arteeluoghi.it\/index.php\/2025\/05\/03\/ritorna-nel-salento-lo-scrittore-walter-cerfeda-per-il-maggio-dei-libri\/\" \/>\n<meta property=\"og:site_name\" content=\"Arte e Luoghi\" \/>\n<meta property=\"article:publisher\" content=\"https:\/\/www.facebook.com\/ArteELuoghi\/\" \/>\n<meta property=\"article:published_time\" content=\"2025-05-03T15:36:34+00:00\" \/>\n<meta property=\"article:modified_time\" content=\"2025-05-03T15:36:35+00:00\" \/>\n<meta property=\"og:image\" content=\"https:\/\/arteeluoghi.it\/wp-content\/uploads\/2025\/05\/8d9e0453-9dbb-41cc-a434-3658c34c6bcb.jpg\" \/>\n\t<meta property=\"og:image:width\" content=\"1124\" \/>\n\t<meta property=\"og:image:height\" content=\"1600\" \/>\n\t<meta property=\"og:image:type\" content=\"image\/jpeg\" \/>\n<meta name=\"twitter:card\" content=\"summary\" \/>\n<meta name=\"twitter:creator\" content=\"@arteeluoghi\" \/>\n<meta name=\"twitter:site\" content=\"@arteeluoghi\" \/>\n<meta name=\"twitter:label1\" content=\"Scritto da\" \/>\n\t<meta name=\"twitter:data1\" content=\"Staff\" \/>\n\t<meta name=\"twitter:label2\" content=\"Tempo di lettura stimato\" \/>\n\t<meta name=\"twitter:data2\" content=\"4 minuti\" \/>\n<script type=\"application\/ld+json\" class=\"yoast-schema-graph\">{\"@context\":\"https:\/\/schema.org\",\"@graph\":[{\"@type\":\"Organization\",\"@id\":\"https:\/\/arteeluoghi.it\/#organization\",\"name\":\"Arte e Luoghi\",\"url\":\"https:\/\/arteeluoghi.it\/\",\"sameAs\":[\"https:\/\/www.facebook.com\/ArteELuoghi\/\",\"https:\/\/www.instagram.com\/arteeluoghi\/?hl=it\",\"https:\/\/www.youtube.com\/channel\/UCuRVc4JW4-C5sg9rQB-srkw?view_as=subscriber\",\"https:\/\/twitter.com\/arteeluoghi\"],\"logo\":{\"@type\":\"ImageObject\",\"@id\":\"https:\/\/arteeluoghi.it\/#logo\",\"inLanguage\":\"it-IT\",\"url\":\"https:\/\/arteeluoghi.it\/wp-content\/uploads\/2018\/08\/logoinstagramarte.jpg\",\"contentUrl\":\"https:\/\/arteeluoghi.it\/wp-content\/uploads\/2018\/08\/logoinstagramarte.jpg\",\"width\":150,\"height\":150,\"caption\":\"Arte e Luoghi\"},\"image\":{\"@id\":\"https:\/\/arteeluoghi.it\/#logo\"}},{\"@type\":\"WebSite\",\"@id\":\"https:\/\/arteeluoghi.it\/#website\",\"url\":\"https:\/\/arteeluoghi.it\/\",\"name\":\"Arte e Luoghi\",\"description\":\"Mensile di arte, cultura, turismo e curiosit\u00e0\",\"publisher\":{\"@id\":\"https:\/\/arteeluoghi.it\/#organization\"},\"potentialAction\":[{\"@type\":\"SearchAction\",\"target\":{\"@type\":\"EntryPoint\",\"urlTemplate\":\"https:\/\/arteeluoghi.it\/?s={search_term_string}\"},\"query-input\":\"required name=search_term_string\"}],\"inLanguage\":\"it-IT\"},{\"@type\":\"ImageObject\",\"@id\":\"https:\/\/arteeluoghi.it\/index.php\/2025\/05\/03\/ritorna-nel-salento-lo-scrittore-walter-cerfeda-per-il-maggio-dei-libri\/#primaryimage\",\"inLanguage\":\"it-IT\",\"url\":\"https:\/\/arteeluoghi.it\/wp-content\/uploads\/2025\/05\/8d9e0453-9dbb-41cc-a434-3658c34c6bcb.jpg\",\"contentUrl\":\"https:\/\/arteeluoghi.it\/wp-content\/uploads\/2025\/05\/8d9e0453-9dbb-41cc-a434-3658c34c6bcb.jpg\",\"width\":1124,\"height\":1600},{\"@type\":\"WebPage\",\"@id\":\"https:\/\/arteeluoghi.it\/index.php\/2025\/05\/03\/ritorna-nel-salento-lo-scrittore-walter-cerfeda-per-il-maggio-dei-libri\/#webpage\",\"url\":\"https:\/\/arteeluoghi.it\/index.php\/2025\/05\/03\/ritorna-nel-salento-lo-scrittore-walter-cerfeda-per-il-maggio-dei-libri\/\",\"name\":\"Ritorna nel Salento lo scrittore Walter Cerfeda per il Maggio dei Libri | Arte e Luoghi\",\"isPartOf\":{\"@id\":\"https:\/\/arteeluoghi.it\/#website\"},\"primaryImageOfPage\":{\"@id\":\"https:\/\/arteeluoghi.it\/index.php\/2025\/05\/03\/ritorna-nel-salento-lo-scrittore-walter-cerfeda-per-il-maggio-dei-libri\/#primaryimage\"},\"datePublished\":\"2025-05-03T15:36:34+00:00\",\"dateModified\":\"2025-05-03T15:36:35+00:00\",\"description\":\"Autore del romanzo \\\"A viso aperto\\\", edito da Il Raggio Verde, lo scrittore sar\u00e0 il prossimo 8 maggio 2025 a Gallipoli\",\"breadcrumb\":{\"@id\":\"https:\/\/arteeluoghi.it\/index.php\/2025\/05\/03\/ritorna-nel-salento-lo-scrittore-walter-cerfeda-per-il-maggio-dei-libri\/#breadcrumb\"},\"inLanguage\":\"it-IT\",\"potentialAction\":[{\"@type\":\"ReadAction\",\"target\":[\"https:\/\/arteeluoghi.it\/index.php\/2025\/05\/03\/ritorna-nel-salento-lo-scrittore-walter-cerfeda-per-il-maggio-dei-libri\/\"]}]},{\"@type\":\"BreadcrumbList\",\"@id\":\"https:\/\/arteeluoghi.it\/index.php\/2025\/05\/03\/ritorna-nel-salento-lo-scrittore-walter-cerfeda-per-il-maggio-dei-libri\/#breadcrumb\",\"itemListElement\":[{\"@type\":\"ListItem\",\"position\":1,\"name\":\"Home\",\"item\":\"https:\/\/arteeluoghi.it\/\"},{\"@type\":\"ListItem\",\"position\":2,\"name\":\"Ritorna nel Salento lo scrittore Walter Cerfeda per il Maggio dei Libri\"}]},{\"@type\":\"Article\",\"@id\":\"https:\/\/arteeluoghi.it\/index.php\/2025\/05\/03\/ritorna-nel-salento-lo-scrittore-walter-cerfeda-per-il-maggio-dei-libri\/#article\",\"isPartOf\":{\"@id\":\"https:\/\/arteeluoghi.it\/index.php\/2025\/05\/03\/ritorna-nel-salento-lo-scrittore-walter-cerfeda-per-il-maggio-dei-libri\/#webpage\"},\"author\":{\"@id\":\"https:\/\/arteeluoghi.it\/#\/schema\/person\/f84e814e36e91e01448ee07eaadd41d4\"},\"headline\":\"Ritorna nel Salento lo scrittore Walter Cerfeda per il Maggio dei Libri\",\"datePublished\":\"2025-05-03T15:36:34+00:00\",\"dateModified\":\"2025-05-03T15:36:35+00:00\",\"mainEntityOfPage\":{\"@id\":\"https:\/\/arteeluoghi.it\/index.php\/2025\/05\/03\/ritorna-nel-salento-lo-scrittore-walter-cerfeda-per-il-maggio-dei-libri\/#webpage\"},\"wordCount\":585,\"commentCount\":0,\"publisher\":{\"@id\":\"https:\/\/arteeluoghi.it\/#organization\"},\"image\":{\"@id\":\"https:\/\/arteeluoghi.it\/index.php\/2025\/05\/03\/ritorna-nel-salento-lo-scrittore-walter-cerfeda-per-il-maggio-dei-libri\/#primaryimage\"},\"thumbnailUrl\":\"https:\/\/arteeluoghi.it\/wp-content\/uploads\/2025\/05\/8d9e0453-9dbb-41cc-a434-3658c34c6bcb.jpg\",\"articleSection\":[\"LIBRI\"],\"inLanguage\":\"it-IT\",\"potentialAction\":[{\"@type\":\"CommentAction\",\"name\":\"Comment\",\"target\":[\"https:\/\/arteeluoghi.it\/index.php\/2025\/05\/03\/ritorna-nel-salento-lo-scrittore-walter-cerfeda-per-il-maggio-dei-libri\/#respond\"]}]},{\"@type\":\"Person\",\"@id\":\"https:\/\/arteeluoghi.it\/#\/schema\/person\/f84e814e36e91e01448ee07eaadd41d4\",\"name\":\"Staff\",\"image\":{\"@type\":\"ImageObject\",\"@id\":\"https:\/\/arteeluoghi.it\/#personlogo\",\"inLanguage\":\"it-IT\",\"url\":\"https:\/\/secure.gravatar.com\/avatar\/49d2f9e46271bb04e19cebfaf141313a?s=96&d=blank&r=g\",\"contentUrl\":\"https:\/\/secure.gravatar.com\/avatar\/49d2f9e46271bb04e19cebfaf141313a?s=96&d=blank&r=g\",\"caption\":\"Staff\"}}]}<\/script>\n<!-- \/ Yoast SEO plugin. -->","yoast_head_json":{"title":"Ritorna nel Salento lo scrittore Walter Cerfeda per il Maggio dei Libri | Arte e Luoghi","description":"Autore del romanzo \"A viso aperto\", edito da Il Raggio Verde, lo scrittore sar\u00e0 il prossimo 8 maggio 2025 a Gallipoli","robots":{"index":"index","follow":"follow","max-snippet":"max-snippet:-1","max-image-preview":"max-image-preview:large","max-video-preview":"max-video-preview:-1"},"canonical":"https:\/\/arteeluoghi.it\/index.php\/2025\/05\/03\/ritorna-nel-salento-lo-scrittore-walter-cerfeda-per-il-maggio-dei-libri\/","og_locale":"it_IT","og_type":"article","og_title":"Ritorna nel Salento lo scrittore Walter Cerfeda per il Maggio dei Libri | Arte e Luoghi","og_description":"Autore del romanzo \"A viso aperto\", edito da Il Raggio Verde, lo scrittore sar\u00e0 il prossimo 8 maggio 2025 a Gallipoli","og_url":"https:\/\/arteeluoghi.it\/index.php\/2025\/05\/03\/ritorna-nel-salento-lo-scrittore-walter-cerfeda-per-il-maggio-dei-libri\/","og_site_name":"Arte e Luoghi","article_publisher":"https:\/\/www.facebook.com\/ArteELuoghi\/","article_published_time":"2025-05-03T15:36:34+00:00","article_modified_time":"2025-05-03T15:36:35+00:00","og_image":[{"width":1124,"height":1600,"url":"https:\/\/arteeluoghi.it\/wp-content\/uploads\/2025\/05\/8d9e0453-9dbb-41cc-a434-3658c34c6bcb.jpg","type":"image\/jpeg"}],"twitter_card":"summary","twitter_creator":"@arteeluoghi","twitter_site":"@arteeluoghi","twitter_misc":{"Scritto da":"Staff","Tempo di lettura stimato":"4 minuti"},"schema":{"@context":"https:\/\/schema.org","@graph":[{"@type":"Organization","@id":"https:\/\/arteeluoghi.it\/#organization","name":"Arte e Luoghi","url":"https:\/\/arteeluoghi.it\/","sameAs":["https:\/\/www.facebook.com\/ArteELuoghi\/","https:\/\/www.instagram.com\/arteeluoghi\/?hl=it","https:\/\/www.youtube.com\/channel\/UCuRVc4JW4-C5sg9rQB-srkw?view_as=subscriber","https:\/\/twitter.com\/arteeluoghi"],"logo":{"@type":"ImageObject","@id":"https:\/\/arteeluoghi.it\/#logo","inLanguage":"it-IT","url":"https:\/\/arteeluoghi.it\/wp-content\/uploads\/2018\/08\/logoinstagramarte.jpg","contentUrl":"https:\/\/arteeluoghi.it\/wp-content\/uploads\/2018\/08\/logoinstagramarte.jpg","width":150,"height":150,"caption":"Arte e Luoghi"},"image":{"@id":"https:\/\/arteeluoghi.it\/#logo"}},{"@type":"WebSite","@id":"https:\/\/arteeluoghi.it\/#website","url":"https:\/\/arteeluoghi.it\/","name":"Arte e Luoghi","description":"Mensile di arte, cultura, turismo e curiosit\u00e0","publisher":{"@id":"https:\/\/arteeluoghi.it\/#organization"},"potentialAction":[{"@type":"SearchAction","target":{"@type":"EntryPoint","urlTemplate":"https:\/\/arteeluoghi.it\/?s={search_term_string}"},"query-input":"required name=search_term_string"}],"inLanguage":"it-IT"},{"@type":"ImageObject","@id":"https:\/\/arteeluoghi.it\/index.php\/2025\/05\/03\/ritorna-nel-salento-lo-scrittore-walter-cerfeda-per-il-maggio-dei-libri\/#primaryimage","inLanguage":"it-IT","url":"https:\/\/arteeluoghi.it\/wp-content\/uploads\/2025\/05\/8d9e0453-9dbb-41cc-a434-3658c34c6bcb.jpg","contentUrl":"https:\/\/arteeluoghi.it\/wp-content\/uploads\/2025\/05\/8d9e0453-9dbb-41cc-a434-3658c34c6bcb.jpg","width":1124,"height":1600},{"@type":"WebPage","@id":"https:\/\/arteeluoghi.it\/index.php\/2025\/05\/03\/ritorna-nel-salento-lo-scrittore-walter-cerfeda-per-il-maggio-dei-libri\/#webpage","url":"https:\/\/arteeluoghi.it\/index.php\/2025\/05\/03\/ritorna-nel-salento-lo-scrittore-walter-cerfeda-per-il-maggio-dei-libri\/","name":"Ritorna nel Salento lo scrittore Walter Cerfeda per il Maggio dei Libri | Arte e Luoghi","isPartOf":{"@id":"https:\/\/arteeluoghi.it\/#website"},"primaryImageOfPage":{"@id":"https:\/\/arteeluoghi.it\/index.php\/2025\/05\/03\/ritorna-nel-salento-lo-scrittore-walter-cerfeda-per-il-maggio-dei-libri\/#primaryimage"},"datePublished":"2025-05-03T15:36:34+00:00","dateModified":"2025-05-03T15:36:35+00:00","description":"Autore del romanzo \"A viso aperto\", edito da Il Raggio Verde, lo scrittore sar\u00e0 il prossimo 8 maggio 2025 a Gallipoli","breadcrumb":{"@id":"https:\/\/arteeluoghi.it\/index.php\/2025\/05\/03\/ritorna-nel-salento-lo-scrittore-walter-cerfeda-per-il-maggio-dei-libri\/#breadcrumb"},"inLanguage":"it-IT","potentialAction":[{"@type":"ReadAction","target":["https:\/\/arteeluoghi.it\/index.php\/2025\/05\/03\/ritorna-nel-salento-lo-scrittore-walter-cerfeda-per-il-maggio-dei-libri\/"]}]},{"@type":"BreadcrumbList","@id":"https:\/\/arteeluoghi.it\/index.php\/2025\/05\/03\/ritorna-nel-salento-lo-scrittore-walter-cerfeda-per-il-maggio-dei-libri\/#breadcrumb","itemListElement":[{"@type":"ListItem","position":1,"name":"Home","item":"https:\/\/arteeluoghi.it\/"},{"@type":"ListItem","position":2,"name":"Ritorna nel Salento lo scrittore Walter Cerfeda per il Maggio dei Libri"}]},{"@type":"Article","@id":"https:\/\/arteeluoghi.it\/index.php\/2025\/05\/03\/ritorna-nel-salento-lo-scrittore-walter-cerfeda-per-il-maggio-dei-libri\/#article","isPartOf":{"@id":"https:\/\/arteeluoghi.it\/index.php\/2025\/05\/03\/ritorna-nel-salento-lo-scrittore-walter-cerfeda-per-il-maggio-dei-libri\/#webpage"},"author":{"@id":"https:\/\/arteeluoghi.it\/#\/schema\/person\/f84e814e36e91e01448ee07eaadd41d4"},"headline":"Ritorna nel Salento lo scrittore Walter Cerfeda per il Maggio dei Libri","datePublished":"2025-05-03T15:36:34+00:00","dateModified":"2025-05-03T15:36:35+00:00","mainEntityOfPage":{"@id":"https:\/\/arteeluoghi.it\/index.php\/2025\/05\/03\/ritorna-nel-salento-lo-scrittore-walter-cerfeda-per-il-maggio-dei-libri\/#webpage"},"wordCount":585,"commentCount":0,"publisher":{"@id":"https:\/\/arteeluoghi.it\/#organization"},"image":{"@id":"https:\/\/arteeluoghi.it\/index.php\/2025\/05\/03\/ritorna-nel-salento-lo-scrittore-walter-cerfeda-per-il-maggio-dei-libri\/#primaryimage"},"thumbnailUrl":"https:\/\/arteeluoghi.it\/wp-content\/uploads\/2025\/05\/8d9e0453-9dbb-41cc-a434-3658c34c6bcb.jpg","articleSection":["LIBRI"],"inLanguage":"it-IT","potentialAction":[{"@type":"CommentAction","name":"Comment","target":["https:\/\/arteeluoghi.it\/index.php\/2025\/05\/03\/ritorna-nel-salento-lo-scrittore-walter-cerfeda-per-il-maggio-dei-libri\/#respond"]}]},{"@type":"Person","@id":"https:\/\/arteeluoghi.it\/#\/schema\/person\/f84e814e36e91e01448ee07eaadd41d4","name":"Staff","image":{"@type":"ImageObject","@id":"https:\/\/arteeluoghi.it\/#personlogo","inLanguage":"it-IT","url":"https:\/\/secure.gravatar.com\/avatar\/49d2f9e46271bb04e19cebfaf141313a?s=96&d=blank&r=g","contentUrl":"https:\/\/secure.gravatar.com\/avatar\/49d2f9e46271bb04e19cebfaf141313a?s=96&d=blank&r=g","caption":"Staff"}}]}},"_links":{"self":[{"href":"https:\/\/arteeluoghi.it\/index.php\/wp-json\/wp\/v2\/posts\/15361"}],"collection":[{"href":"https:\/\/arteeluoghi.it\/index.php\/wp-json\/wp\/v2\/posts"}],"about":[{"href":"https:\/\/arteeluoghi.it\/index.php\/wp-json\/wp\/v2\/types\/post"}],"author":[{"embeddable":true,"href":"https:\/\/arteeluoghi.it\/index.php\/wp-json\/wp\/v2\/users\/1"}],"replies":[{"embeddable":true,"href":"https:\/\/arteeluoghi.it\/index.php\/wp-json\/wp\/v2\/comments?post=15361"}],"version-history":[{"count":1,"href":"https:\/\/arteeluoghi.it\/index.php\/wp-json\/wp\/v2\/posts\/15361\/revisions"}],"predecessor-version":[{"id":15362,"href":"https:\/\/arteeluoghi.it\/index.php\/wp-json\/wp\/v2\/posts\/15361\/revisions\/15362"}],"wp:featuredmedia":[{"embeddable":true,"href":"https:\/\/arteeluoghi.it\/index.php\/wp-json\/wp\/v2\/media\/15359"}],"wp:attachment":[{"href":"https:\/\/arteeluoghi.it\/index.php\/wp-json\/wp\/v2\/media?parent=15361"}],"wp:term":[{"taxonomy":"category","embeddable":true,"href":"https:\/\/arteeluoghi.it\/index.php\/wp-json\/wp\/v2\/categories?post=15361"},{"taxonomy":"post_tag","embeddable":true,"href":"https:\/\/arteeluoghi.it\/index.php\/wp-json\/wp\/v2\/tags?post=15361"}],"curies":[{"name":"wp","href":"https:\/\/api.w.org\/{rel}","templated":true}]}}