{"id":1543,"date":"2014-02-08T20:46:01","date_gmt":"2014-02-08T19:46:01","guid":{"rendered":"http:\/\/arteeluoghi.it\/index.php\/2014\/02\/08\/margherita-hack-la-donna-la-scienziata-convegno-a-brindisi\/"},"modified":"2014-02-08T20:46:01","modified_gmt":"2014-02-08T19:46:01","slug":"margherita-hack-la-donna-la-scienziata-convegno-a-brindisi","status":"publish","type":"post","link":"https:\/\/arteeluoghi.it\/index.php\/2014\/02\/08\/margherita-hack-la-donna-la-scienziata-convegno-a-brindisi\/","title":{"rendered":"Margherita Hack. La donna, la scienziata. Convegno a Brindisi"},"content":{"rendered":"<p style=\"text-align: left;\" align=\"center\"><img src=\"\/images\/hack%20.jpg\" border=\"0\" title=\"l'astrofisica Margherita Hack\" width=\"200\" style=\"margin: 21px; float: right;\" \/>Convegno a Brindisi il 14 febbraio 2014<strong><br \/><\/strong><\/p>\n<p style=\"text-align: left;\" align=\"center\"><strong>Ricordando la donna delle stelle<br \/><\/strong><\/p>\n<p style=\"text-align: left;\" align=\"center\"><strong>\u00a0<\/strong><\/p>\n<p style=\"text-align: left;\" align=\"center\"><strong>Margherita Hack \u2013 la donna, la scienziata. I ricordi, i pensieri, i sogni, le riflessioni sulla vita e sulla scienza della pi\u00f9 famosa astrofisica italiana <\/strong>sar\u00e0 il tema del convegno in programma il 14 febbraio 2014 a Brindisi, a partire dalle 17.30, presso la<strong> Sala dell\u2019Universit\u00e0 di Palazzo Granafei \u2013 Nervegna di Brindisi <\/strong>(via Duomo 16\/20) con la partecipazione ddel geologo e scienziato Marco Morelli che dialogher\u00e0 con <strong>Luigi D\u2019Ambrosio<\/strong><strong>, <\/strong>Presidente Lions Club \u2013 Brindisi e <strong>Carmen De Stasio<\/strong><strong>, <\/strong>critico, saggista, scrittore.<\/p>\n<p style=\"text-align: left;\" align=\"center\">A pochi mesi dalla scomparsa, il <strong>Lions Club di Brindisi<\/strong> intende, con quest\u2019importante evento, dar voce al ricordo di una donna e scienziata di fama mondiale. Il Convegno toccher\u00e0 aspetti riguardanti la personalit\u00e0 e le intonazioni \u201cminime\u201d di una grande intellettuale. Il convegno sar\u00e0 occasione per presentare &#8220;<strong>Siamo fatti di stelle. Dialogo sui minimi sistemi<\/strong> il libro scritto a due mani dallo stesso <strong style=\"text-align: left;\">Marco Morelli e<\/strong> Margherita Hack (Giulio Einaudi Editore)<strong>.<\/strong><\/p>\n<p>  <!--more-->  <\/p>\n<p style=\"text-align: left;\" align=\"center\">\u00a0<\/p>\n<p><em>In una Trieste quasi incantata, seduti su una panchina del porto vecchio, Margherita Hack e Marco Morelli si immergono in un dialogo appassionato e sincero sulle piccole e grandi questioni della vita. <\/em>Il libro sar\u00e0, infatti, il punto di partenza per ricordare <strong>Margherita Hack <\/strong>(Firenze, 1922 \u2013 Trieste, 2013), astrofisica e intellettuale di fama internazionale che \u00e8 stata membro delle pi\u00f9 rinomate societ\u00e0 fisiche e astronomiche.<\/p>\n<p>Nato a Prato nel 1973, <strong>Marco Morelli <\/strong>\u00e9 scienziato, ricercatore, geologo di fama e autore di numerose pubblicazioni scientifiche.\u00a0 Ideatore e <strong>Direttore del Museo di Scienze Planetarie di Prato, <\/strong>tiene seminari di Geologia Planetaria in corsi universitari.<\/p>\n<p>red. Arte e Luoghi<\/p>\n<p style=\"text-align: left;\" align=\"center\"><strong>\u00a0<\/strong><\/p>\n","protected":false},"excerpt":{"rendered":"<p>Convegno a Brindisi il 14 febbraio 2014 Ricordando la donna delle stelle \u00a0 Margherita Hack \u2013 la donna, la scienziata.<\/p>\n","protected":false},"author":1,"featured_media":0,"comment_status":"open","ping_status":"open","sticky":false,"template":"","format":"standard","meta":[],"categories":[28],"tags":[],"yoast_head":"<!-- This site is optimized with the Yoast SEO plugin v18.0 - https:\/\/yoast.com\/wordpress\/plugins\/seo\/ -->\n<title>Margherita Hack. La donna, la scienziata. Convegno a Brindisi | Arte e Luoghi<\/title>\n<meta name=\"robots\" content=\"index, follow, max-snippet:-1, max-image-preview:large, max-video-preview:-1\" \/>\n<link rel=\"canonical\" href=\"https:\/\/arteeluoghi.it\/index.php\/2014\/02\/08\/margherita-hack-la-donna-la-scienziata-convegno-a-brindisi\/\" \/>\n<meta property=\"og:locale\" content=\"it_IT\" \/>\n<meta property=\"og:type\" content=\"article\" \/>\n<meta property=\"og:title\" content=\"Margherita Hack. La donna, la scienziata. Convegno a Brindisi | Arte e Luoghi\" \/>\n<meta property=\"og:description\" content=\"Convegno a Brindisi il 14 febbraio 2014 Ricordando la donna delle stelle \u00a0 Margherita Hack \u2013 la donna, la scienziata.\" \/>\n<meta property=\"og:url\" content=\"https:\/\/arteeluoghi.it\/index.php\/2014\/02\/08\/margherita-hack-la-donna-la-scienziata-convegno-a-brindisi\/\" \/>\n<meta property=\"og:site_name\" content=\"Arte e Luoghi\" \/>\n<meta property=\"article:publisher\" content=\"https:\/\/www.facebook.com\/ArteELuoghi\/\" \/>\n<meta property=\"article:published_time\" content=\"2014-02-08T19:46:01+00:00\" \/>\n<meta property=\"og:image\" content=\"https:\/\/arteeluoghi.it\/images\/hack%20.jpg\" \/>\n<meta name=\"twitter:card\" content=\"summary\" \/>\n<meta name=\"twitter:creator\" content=\"@arteeluoghi\" \/>\n<meta name=\"twitter:site\" content=\"@arteeluoghi\" \/>\n<meta name=\"twitter:label1\" content=\"Scritto da\" \/>\n\t<meta name=\"twitter:data1\" content=\"Staff\" \/>\n\t<meta name=\"twitter:label2\" content=\"Tempo di lettura stimato\" \/>\n\t<meta name=\"twitter:data2\" content=\"1 minuto\" \/>\n<script type=\"application\/ld+json\" class=\"yoast-schema-graph\">{\"@context\":\"https:\/\/schema.org\",\"@graph\":[{\"@type\":\"Organization\",\"@id\":\"https:\/\/arteeluoghi.it\/#organization\",\"name\":\"Arte e Luoghi\",\"url\":\"https:\/\/arteeluoghi.it\/\",\"sameAs\":[\"https:\/\/www.facebook.com\/ArteELuoghi\/\",\"https:\/\/www.instagram.com\/arteeluoghi\/?hl=it\",\"https:\/\/www.youtube.com\/channel\/UCuRVc4JW4-C5sg9rQB-srkw?view_as=subscriber\",\"https:\/\/twitter.com\/arteeluoghi\"],\"logo\":{\"@type\":\"ImageObject\",\"@id\":\"https:\/\/arteeluoghi.it\/#logo\",\"inLanguage\":\"it-IT\",\"url\":\"https:\/\/arteeluoghi.it\/wp-content\/uploads\/2018\/08\/logoinstagramarte.jpg\",\"contentUrl\":\"https:\/\/arteeluoghi.it\/wp-content\/uploads\/2018\/08\/logoinstagramarte.jpg\",\"width\":150,\"height\":150,\"caption\":\"Arte e Luoghi\"},\"image\":{\"@id\":\"https:\/\/arteeluoghi.it\/#logo\"}},{\"@type\":\"WebSite\",\"@id\":\"https:\/\/arteeluoghi.it\/#website\",\"url\":\"https:\/\/arteeluoghi.it\/\",\"name\":\"Arte e Luoghi\",\"description\":\"Mensile di arte, cultura, turismo e curiosit\u00e0\",\"publisher\":{\"@id\":\"https:\/\/arteeluoghi.it\/#organization\"},\"potentialAction\":[{\"@type\":\"SearchAction\",\"target\":{\"@type\":\"EntryPoint\",\"urlTemplate\":\"https:\/\/arteeluoghi.it\/?s={search_term_string}\"},\"query-input\":\"required name=search_term_string\"}],\"inLanguage\":\"it-IT\"},{\"@type\":\"ImageObject\",\"@id\":\"https:\/\/arteeluoghi.it\/index.php\/2014\/02\/08\/margherita-hack-la-donna-la-scienziata-convegno-a-brindisi\/#primaryimage\",\"inLanguage\":\"it-IT\",\"url\":\"\/images\/hack%20.jpg\",\"contentUrl\":\"\/images\/hack%20.jpg\"},{\"@type\":\"WebPage\",\"@id\":\"https:\/\/arteeluoghi.it\/index.php\/2014\/02\/08\/margherita-hack-la-donna-la-scienziata-convegno-a-brindisi\/#webpage\",\"url\":\"https:\/\/arteeluoghi.it\/index.php\/2014\/02\/08\/margherita-hack-la-donna-la-scienziata-convegno-a-brindisi\/\",\"name\":\"Margherita Hack. La donna, la scienziata. Convegno a Brindisi | Arte e Luoghi\",\"isPartOf\":{\"@id\":\"https:\/\/arteeluoghi.it\/#website\"},\"primaryImageOfPage\":{\"@id\":\"https:\/\/arteeluoghi.it\/index.php\/2014\/02\/08\/margherita-hack-la-donna-la-scienziata-convegno-a-brindisi\/#primaryimage\"},\"datePublished\":\"2014-02-08T19:46:01+00:00\",\"dateModified\":\"2014-02-08T19:46:01+00:00\",\"breadcrumb\":{\"@id\":\"https:\/\/arteeluoghi.it\/index.php\/2014\/02\/08\/margherita-hack-la-donna-la-scienziata-convegno-a-brindisi\/#breadcrumb\"},\"inLanguage\":\"it-IT\",\"potentialAction\":[{\"@type\":\"ReadAction\",\"target\":[\"https:\/\/arteeluoghi.it\/index.php\/2014\/02\/08\/margherita-hack-la-donna-la-scienziata-convegno-a-brindisi\/\"]}]},{\"@type\":\"BreadcrumbList\",\"@id\":\"https:\/\/arteeluoghi.it\/index.php\/2014\/02\/08\/margherita-hack-la-donna-la-scienziata-convegno-a-brindisi\/#breadcrumb\",\"itemListElement\":[{\"@type\":\"ListItem\",\"position\":1,\"name\":\"Home\",\"item\":\"https:\/\/arteeluoghi.it\/\"},{\"@type\":\"ListItem\",\"position\":2,\"name\":\"Margherita Hack. La donna, la scienziata. Convegno a Brindisi\"}]},{\"@type\":\"Article\",\"@id\":\"https:\/\/arteeluoghi.it\/index.php\/2014\/02\/08\/margherita-hack-la-donna-la-scienziata-convegno-a-brindisi\/#article\",\"isPartOf\":{\"@id\":\"https:\/\/arteeluoghi.it\/index.php\/2014\/02\/08\/margherita-hack-la-donna-la-scienziata-convegno-a-brindisi\/#webpage\"},\"author\":{\"@id\":\"https:\/\/arteeluoghi.it\/#\/schema\/person\/f84e814e36e91e01448ee07eaadd41d4\"},\"headline\":\"Margherita Hack. La donna, la scienziata. Convegno a Brindisi\",\"datePublished\":\"2014-02-08T19:46:01+00:00\",\"dateModified\":\"2014-02-08T19:46:01+00:00\",\"mainEntityOfPage\":{\"@id\":\"https:\/\/arteeluoghi.it\/index.php\/2014\/02\/08\/margherita-hack-la-donna-la-scienziata-convegno-a-brindisi\/#webpage\"},\"wordCount\":269,\"commentCount\":0,\"publisher\":{\"@id\":\"https:\/\/arteeluoghi.it\/#organization\"},\"image\":{\"@id\":\"https:\/\/arteeluoghi.it\/index.php\/2014\/02\/08\/margherita-hack-la-donna-la-scienziata-convegno-a-brindisi\/#primaryimage\"},\"thumbnailUrl\":\"\/images\/hack%20.jpg\",\"articleSection\":[\"Notizie\"],\"inLanguage\":\"it-IT\",\"potentialAction\":[{\"@type\":\"CommentAction\",\"name\":\"Comment\",\"target\":[\"https:\/\/arteeluoghi.it\/index.php\/2014\/02\/08\/margherita-hack-la-donna-la-scienziata-convegno-a-brindisi\/#respond\"]}]},{\"@type\":\"Person\",\"@id\":\"https:\/\/arteeluoghi.it\/#\/schema\/person\/f84e814e36e91e01448ee07eaadd41d4\",\"name\":\"Staff\",\"image\":{\"@type\":\"ImageObject\",\"@id\":\"https:\/\/arteeluoghi.it\/#personlogo\",\"inLanguage\":\"it-IT\",\"url\":\"https:\/\/secure.gravatar.com\/avatar\/49d2f9e46271bb04e19cebfaf141313a?s=96&d=blank&r=g\",\"contentUrl\":\"https:\/\/secure.gravatar.com\/avatar\/49d2f9e46271bb04e19cebfaf141313a?s=96&d=blank&r=g\",\"caption\":\"Staff\"}}]}<\/script>\n<!-- \/ Yoast SEO plugin. -->","yoast_head_json":{"title":"Margherita Hack. La donna, la scienziata. Convegno a Brindisi | Arte e Luoghi","robots":{"index":"index","follow":"follow","max-snippet":"max-snippet:-1","max-image-preview":"max-image-preview:large","max-video-preview":"max-video-preview:-1"},"canonical":"https:\/\/arteeluoghi.it\/index.php\/2014\/02\/08\/margherita-hack-la-donna-la-scienziata-convegno-a-brindisi\/","og_locale":"it_IT","og_type":"article","og_title":"Margherita Hack. La donna, la scienziata. Convegno a Brindisi | Arte e Luoghi","og_description":"Convegno a Brindisi il 14 febbraio 2014 Ricordando la donna delle stelle \u00a0 Margherita Hack \u2013 la donna, la scienziata.","og_url":"https:\/\/arteeluoghi.it\/index.php\/2014\/02\/08\/margherita-hack-la-donna-la-scienziata-convegno-a-brindisi\/","og_site_name":"Arte e Luoghi","article_publisher":"https:\/\/www.facebook.com\/ArteELuoghi\/","article_published_time":"2014-02-08T19:46:01+00:00","og_image":[{"url":"https:\/\/arteeluoghi.it\/images\/hack%20.jpg"}],"twitter_card":"summary","twitter_creator":"@arteeluoghi","twitter_site":"@arteeluoghi","twitter_misc":{"Scritto da":"Staff","Tempo di lettura stimato":"1 minuto"},"schema":{"@context":"https:\/\/schema.org","@graph":[{"@type":"Organization","@id":"https:\/\/arteeluoghi.it\/#organization","name":"Arte e Luoghi","url":"https:\/\/arteeluoghi.it\/","sameAs":["https:\/\/www.facebook.com\/ArteELuoghi\/","https:\/\/www.instagram.com\/arteeluoghi\/?hl=it","https:\/\/www.youtube.com\/channel\/UCuRVc4JW4-C5sg9rQB-srkw?view_as=subscriber","https:\/\/twitter.com\/arteeluoghi"],"logo":{"@type":"ImageObject","@id":"https:\/\/arteeluoghi.it\/#logo","inLanguage":"it-IT","url":"https:\/\/arteeluoghi.it\/wp-content\/uploads\/2018\/08\/logoinstagramarte.jpg","contentUrl":"https:\/\/arteeluoghi.it\/wp-content\/uploads\/2018\/08\/logoinstagramarte.jpg","width":150,"height":150,"caption":"Arte e Luoghi"},"image":{"@id":"https:\/\/arteeluoghi.it\/#logo"}},{"@type":"WebSite","@id":"https:\/\/arteeluoghi.it\/#website","url":"https:\/\/arteeluoghi.it\/","name":"Arte e Luoghi","description":"Mensile di arte, cultura, turismo e curiosit\u00e0","publisher":{"@id":"https:\/\/arteeluoghi.it\/#organization"},"potentialAction":[{"@type":"SearchAction","target":{"@type":"EntryPoint","urlTemplate":"https:\/\/arteeluoghi.it\/?s={search_term_string}"},"query-input":"required name=search_term_string"}],"inLanguage":"it-IT"},{"@type":"ImageObject","@id":"https:\/\/arteeluoghi.it\/index.php\/2014\/02\/08\/margherita-hack-la-donna-la-scienziata-convegno-a-brindisi\/#primaryimage","inLanguage":"it-IT","url":"\/images\/hack%20.jpg","contentUrl":"\/images\/hack%20.jpg"},{"@type":"WebPage","@id":"https:\/\/arteeluoghi.it\/index.php\/2014\/02\/08\/margherita-hack-la-donna-la-scienziata-convegno-a-brindisi\/#webpage","url":"https:\/\/arteeluoghi.it\/index.php\/2014\/02\/08\/margherita-hack-la-donna-la-scienziata-convegno-a-brindisi\/","name":"Margherita Hack. La donna, la scienziata. Convegno a Brindisi | Arte e Luoghi","isPartOf":{"@id":"https:\/\/arteeluoghi.it\/#website"},"primaryImageOfPage":{"@id":"https:\/\/arteeluoghi.it\/index.php\/2014\/02\/08\/margherita-hack-la-donna-la-scienziata-convegno-a-brindisi\/#primaryimage"},"datePublished":"2014-02-08T19:46:01+00:00","dateModified":"2014-02-08T19:46:01+00:00","breadcrumb":{"@id":"https:\/\/arteeluoghi.it\/index.php\/2014\/02\/08\/margherita-hack-la-donna-la-scienziata-convegno-a-brindisi\/#breadcrumb"},"inLanguage":"it-IT","potentialAction":[{"@type":"ReadAction","target":["https:\/\/arteeluoghi.it\/index.php\/2014\/02\/08\/margherita-hack-la-donna-la-scienziata-convegno-a-brindisi\/"]}]},{"@type":"BreadcrumbList","@id":"https:\/\/arteeluoghi.it\/index.php\/2014\/02\/08\/margherita-hack-la-donna-la-scienziata-convegno-a-brindisi\/#breadcrumb","itemListElement":[{"@type":"ListItem","position":1,"name":"Home","item":"https:\/\/arteeluoghi.it\/"},{"@type":"ListItem","position":2,"name":"Margherita Hack. La donna, la scienziata. Convegno a Brindisi"}]},{"@type":"Article","@id":"https:\/\/arteeluoghi.it\/index.php\/2014\/02\/08\/margherita-hack-la-donna-la-scienziata-convegno-a-brindisi\/#article","isPartOf":{"@id":"https:\/\/arteeluoghi.it\/index.php\/2014\/02\/08\/margherita-hack-la-donna-la-scienziata-convegno-a-brindisi\/#webpage"},"author":{"@id":"https:\/\/arteeluoghi.it\/#\/schema\/person\/f84e814e36e91e01448ee07eaadd41d4"},"headline":"Margherita Hack. La donna, la scienziata. Convegno a Brindisi","datePublished":"2014-02-08T19:46:01+00:00","dateModified":"2014-02-08T19:46:01+00:00","mainEntityOfPage":{"@id":"https:\/\/arteeluoghi.it\/index.php\/2014\/02\/08\/margherita-hack-la-donna-la-scienziata-convegno-a-brindisi\/#webpage"},"wordCount":269,"commentCount":0,"publisher":{"@id":"https:\/\/arteeluoghi.it\/#organization"},"image":{"@id":"https:\/\/arteeluoghi.it\/index.php\/2014\/02\/08\/margherita-hack-la-donna-la-scienziata-convegno-a-brindisi\/#primaryimage"},"thumbnailUrl":"\/images\/hack%20.jpg","articleSection":["Notizie"],"inLanguage":"it-IT","potentialAction":[{"@type":"CommentAction","name":"Comment","target":["https:\/\/arteeluoghi.it\/index.php\/2014\/02\/08\/margherita-hack-la-donna-la-scienziata-convegno-a-brindisi\/#respond"]}]},{"@type":"Person","@id":"https:\/\/arteeluoghi.it\/#\/schema\/person\/f84e814e36e91e01448ee07eaadd41d4","name":"Staff","image":{"@type":"ImageObject","@id":"https:\/\/arteeluoghi.it\/#personlogo","inLanguage":"it-IT","url":"https:\/\/secure.gravatar.com\/avatar\/49d2f9e46271bb04e19cebfaf141313a?s=96&d=blank&r=g","contentUrl":"https:\/\/secure.gravatar.com\/avatar\/49d2f9e46271bb04e19cebfaf141313a?s=96&d=blank&r=g","caption":"Staff"}}]}},"_links":{"self":[{"href":"https:\/\/arteeluoghi.it\/index.php\/wp-json\/wp\/v2\/posts\/1543"}],"collection":[{"href":"https:\/\/arteeluoghi.it\/index.php\/wp-json\/wp\/v2\/posts"}],"about":[{"href":"https:\/\/arteeluoghi.it\/index.php\/wp-json\/wp\/v2\/types\/post"}],"author":[{"embeddable":true,"href":"https:\/\/arteeluoghi.it\/index.php\/wp-json\/wp\/v2\/users\/1"}],"replies":[{"embeddable":true,"href":"https:\/\/arteeluoghi.it\/index.php\/wp-json\/wp\/v2\/comments?post=1543"}],"version-history":[{"count":0,"href":"https:\/\/arteeluoghi.it\/index.php\/wp-json\/wp\/v2\/posts\/1543\/revisions"}],"wp:attachment":[{"href":"https:\/\/arteeluoghi.it\/index.php\/wp-json\/wp\/v2\/media?parent=1543"}],"wp:term":[{"taxonomy":"category","embeddable":true,"href":"https:\/\/arteeluoghi.it\/index.php\/wp-json\/wp\/v2\/categories?post=1543"},{"taxonomy":"post_tag","embeddable":true,"href":"https:\/\/arteeluoghi.it\/index.php\/wp-json\/wp\/v2\/tags?post=1543"}],"curies":[{"name":"wp","href":"https:\/\/api.w.org\/{rel}","templated":true}]}}