{"id":15441,"date":"2025-05-29T23:30:42","date_gmt":"2025-05-29T21:30:42","guid":{"rendered":"https:\/\/arteeluoghi.it\/?p=15441"},"modified":"2025-05-29T23:30:42","modified_gmt":"2025-05-29T21:30:42","slug":"la-puglia-del-vino-barbara-politi-firma-la-prima-carta-vini-per-palazzo-savino","status":"publish","type":"post","link":"https:\/\/arteeluoghi.it\/index.php\/2025\/05\/29\/la-puglia-del-vino-barbara-politi-firma-la-prima-carta-vini-per-palazzo-savino\/","title":{"rendered":"La Puglia del vino, Barbara Politi firma la prima carta vini per Palazzo Savino"},"content":{"rendered":"\n<blockquote class=\"wp-block-quote\"><p> La carta sar\u00e0 presentata sabato 7 giugno con la partecipazione di:\u00a0 Luca Vece, Palazzo Savino Barbara Politi Autrice \u201cLa Puglia del Vino\u201d Marco Gu, idoPatron\/Fondatore\/Titolare di Enoteca \u201cWine&amp;More\u201dAndrea De Carlo,Resp. Commerciale \u201cWine&amp;More\u201d Toni Matarrelli, Sindaco di Mesagne\u00a0Mimmo Mazza, Direttore de \u201cLa Gazzetta del Mezzogiorno\u201d Fabio Mollica, Editore del magazine \u201cAmazing Puglia\u201d <\/p><\/blockquote>\n\n\n\n<p><strong>&#8220;La Puglia del Vino&#8221;: il 7 giugno a Mesagne presentazione della prima carta vini firmata dalla giornalista enogastronomica Barbara Politi per Palazzo Savino<\/strong>. <em>La Puglia da bere raccontata in una selezione di oltre cento etichette dalla giornalista enogastronomica Barbara Politi in collaborazione con Wine&amp;More Distribuzion<\/em>e<\/p>\n\n\n\n<p>La Puglia del vino \u00e8 oggi al pari della Puglia del mare e delle tradizioni: i suoi vitigni, la sua produzione e la sua qualit\u00e0 ne portano alto il nome in tutta Italia destando sempre maggiore interesse e curiosit\u00e0 da parte degli addetti ai lavori e degli appassionati.<\/p>\n\n\n\n<!--more-->\n\n\n\n<p>I pi\u00f9 lungimiranti lo sanno bene e ne esaltano il valore attraverso iniziative volte a sottolinearne l\u2019importanza, con un plauso a chi ne ha fatto la storia, a chi ne ha raccolto l\u2019eredit\u00e0 e a chi ha portato la Puglia enologica nel presente. Tra questi c\u2019\u00e8&nbsp;Palazzo Savino, a Mesagne, dove sabato 7 giugno,&nbsp;alle ore 18,&nbsp;si svolger\u00e0 la presentazione ufficiale de \u201c<strong>La Puglia del Vino<\/strong>\u201d di&nbsp;<strong>Barbara Politi<\/strong>, in collaborazione con&nbsp;<strong>Wine&amp;More<\/strong>. Si tratta della prima carta vini che&nbsp;<strong>racconta la Puglia enologica<\/strong>&nbsp;attraverso una selezione di cento referenze; un progetto di collaborazione a pi\u00f9 mani, un viaggio alla scoperta dell\u2019anima pi\u00f9 profonda di questa terra, attraverso la storia delle cantine protagoniste e delle loro etichette pi\u00f9 rappresentative.<\/p>\n\n\n\n<p><strong>\u201cLa Puglia del Vino\u201d di Barbara Politi&nbsp;<\/strong>\u00e8 un lavoro che la giornalista enogastronomica pugliese&nbsp;<strong>Barbara Politi<\/strong>&nbsp;&#8211; gi\u00e0 vincitrice del Premio Ischia Internazionale di Giornalismo per la Narrazione Enogastronomica e del Premio Italia 2025 come ambasciatrice del Made in Italy \u2013 ha firmato per&nbsp;<strong>Palazzo Savino<\/strong>, in collaborazione con&nbsp;<strong>Wine&amp;More Distribuzione,&nbsp;<\/strong>con l\u2019obiettivo di portareil degustatore a perdersi tra i filari di viti che dipingono la regione.<\/p>\n\n\n\n<p>\u201c<em>Una selezione personale, romantica, in cui ogni calice di vino \u00e8 una porta aperta su un paesaggio ricco e vario. Dalle pianure del Salento alle Terre del Primitivo, dai monti della Daunia alla Valle dei Trulli, passando per i borghi della Murgia. Ogni sorso \u00e8 una rivelazione che celebra la Puglia da bere, una terra in cui il calore del sole, l\u2019abbraccio dei venti e l\u2019influenza del mare plasmano le&nbsp;<\/em>uve \u2013 racconta la giornalista &#8211;&nbsp;<em>Non ho pensato a un mero elenco di vini; questa \u00e8 una selezione che scava nell\u2019anima pi\u00f9 autentica della mia Puglia, raccontata attraverso alcuni dei suoi protagonisti e le etichette che racchiudono l\u2019essenza stessa di un territorio incredibile. Ringrazio Luca Vece, patron di Palazzo Savino, per l\u2019opportunit\u00e0 e la visione illuminata di accompagnare ai tecnicismi di una carta vini anche il racconto delle storie aziendali e dei terroir. Ringrazio anche Marco Guido e Andrea De Carlo di Wine&amp;More per il supporto operativo nella stesura della carta\u201d,&nbsp;<\/em>ha detto Politi.<\/p>\n\n\n\n<div class=\"wp-block-image\"><figure class=\"alignleft size-large is-resized\"><img loading=\"lazy\" src=\"https:\/\/arteeluoghi.it\/wp-content\/uploads\/2025\/05\/vini-768x1024.jpg\" alt=\"\" class=\"wp-image-15442\" width=\"274\" height=\"365\" srcset=\"https:\/\/arteeluoghi.it\/wp-content\/uploads\/2025\/05\/vini-768x1024.jpg 768w, https:\/\/arteeluoghi.it\/wp-content\/uploads\/2025\/05\/vini-225x300.jpg 225w, https:\/\/arteeluoghi.it\/wp-content\/uploads\/2025\/05\/vini-1152x1536.jpg 1152w, https:\/\/arteeluoghi.it\/wp-content\/uploads\/2025\/05\/vini.jpg 1200w\" sizes=\"(max-width: 274px) 100vw, 274px\" \/><\/figure><\/div>\n\n\n\n<p>L\u2019obiettivo \u00e8 un racconto profondo legato ai vini e al territorio di riferimento, come dichiara anche&nbsp;<strong>Luca Vece<\/strong>, di Palazzo Savino:&nbsp;<em>\u201cLa carta dei vini di Palazzo Savino ha radici profonde. Nasce dall&#8217;idea di raccontare la Puglia in modo nuovo, offrendo un vero e proprio viaggio esperienziale che unisce professionalit\u00e0, passione e competenze. Con la nostra selezione, vi ritroverete a intraprendere un percorso immersivo, capace di evocare profumi, paesaggi e ricordi preziosi in ognuno di voi\u201d.<\/em><\/p>\n\n\n\n<p>Oltre cento referenze pugliesi, patrimonio di custodi della tradizione e di innovatori spesso audaci che, con grande sentimento, lavorano per esaltare le variet\u00e0 autoctone. Dai bianchi di Puglia, in tutte le loro sfumature e profumi, con la lunga storia risalente all\u2019epoca antica, alla Puglia dei rossi, potenti, eleganti e pluripremiati. Ne \u201c<strong>La Puglia del Vino\u201d<\/strong>&nbsp;vi sono i grandi produttori, che hanno saputo incantare e conquistare nasi e palati di tutto il mondo, e le piccole realt\u00e0 con vignaioli emergenti intenti a scrivere un nuovo capitolo della storia enologica pugliese.<\/p>\n\n\n\n<div class=\"wp-block-image\"><figure class=\"alignright size-large is-resized\"><img loading=\"lazy\" src=\"https:\/\/arteeluoghi.it\/wp-content\/uploads\/2025\/05\/vista-da-palazzo-savino-1024x683.jpg\" alt=\"\" class=\"wp-image-15443\" width=\"700\" height=\"467\" srcset=\"https:\/\/arteeluoghi.it\/wp-content\/uploads\/2025\/05\/vista-da-palazzo-savino-1024x683.jpg 1024w, https:\/\/arteeluoghi.it\/wp-content\/uploads\/2025\/05\/vista-da-palazzo-savino-300x200.jpg 300w, https:\/\/arteeluoghi.it\/wp-content\/uploads\/2025\/05\/vista-da-palazzo-savino-768x512.jpg 768w, https:\/\/arteeluoghi.it\/wp-content\/uploads\/2025\/05\/vista-da-palazzo-savino-1536x1024.jpg 1536w, https:\/\/arteeluoghi.it\/wp-content\/uploads\/2025\/05\/vista-da-palazzo-savino.jpg 1600w\" sizes=\"(max-width: 700px) 100vw, 700px\" \/><figcaption>Vista da Palazzo Savino<\/figcaption><\/figure><\/div>\n\n\n\n<p><em>\u201c\u0400 motivo di orgoglio per me, aver potuto mettere a frutto anni di ricerca e valorizzazione dei piccoli produttori regionali, fortemente rappresentativi del territorio vitivinicolo pugliese<\/em>&nbsp;\u2013 aggiunge&nbsp;<strong>Marco Guido<\/strong>, Titolare di Wine&amp;More &#8211;<em>Un grande plauso a questa iniziativa di Luca Vece: realizzare un contenitore legato al vino in una struttura senza un\u2019attivit\u00e0 di ristorazione, \u00e8 una forma di amore verso la propria regione, verso piccoli produttori e verso il vino in generale\u201d.<br><\/em>Un lavoro di cuore ma anche molto divertente, come afferma&nbsp;<strong>Andrea De Carlo<\/strong>, responsabile commerciale Wine&amp;More<em>: \u201c\u0400 stato divertente poter partecipare alla creazione di questa carta vini. Rappresenta il compimento di anni di lavoro spesi nell\u2019ospitalit\u00e0, nel wine tourism con cui ho conosciuto tantissimi produttori appassionati e nell\u2019ambito della ristorazione. Non vedo l\u2019ora che parta il calendario di degustazioni che stiamo progettando con Luca e Barbara e che vedr\u00e0 tanti produttori protagonisti\u201d.<\/em><\/p>\n\n\n\n<p>Sabato 7 giugno, ore 18.00, la presentazione de&nbsp;<strong>La Puglia del Vino<\/strong>&nbsp;vedr\u00e0 la partecipazione di:<\/p>\n\n\n\n<p><strong>LUCA VECE<\/strong>, Palazzo Savino<\/p>\n\n\n\n<p><strong>BARBARA POLITI<\/strong>, Autrice \u201cLa Puglia del Vino\u201d<\/p>\n\n\n\n<p><strong>MARCO GUIDO<\/strong>, Patron\/Fondatore\/Titolare di Enoteca \u201cWine&amp;More\u201d<\/p>\n\n\n\n<p><strong>ANDREA DE CARLO<\/strong>, Resp. Commerciale \u201cWine&amp;More\u201d<\/p>\n\n\n\n<p>Con le considerazioni finali di:<\/p>\n\n\n\n<p><strong>TONI MATARRELLI<\/strong>, Sindaco di Mesagne<\/p>\n\n\n\n<p><strong>MIMMO MAZZA<\/strong>, Direttore de \u201cLa Gazzetta del Mezzogiorno\u201d<\/p>\n\n\n\n<p><strong>FABIO MOLLICA<\/strong>, Editore del magazine \u201cAmazing Puglia\u201d<\/p>\n\n\n\n<p>Al termine dell\u2019incontro, spazio ai banchi di degustazione a cura di Wine&amp;More Distribuzione.<\/p>\n\n\n\n<p>(fonte: comunicato stampa)<\/p>\n","protected":false},"excerpt":{"rendered":"<p>La carta sar\u00e0 presentata sabato 7 giugno con la partecipazione di:\u00a0 Luca Vece, Palazzo Savino Barbara Politi Autrice \u201cLa Puglia<\/p>\n","protected":false},"author":1,"featured_media":15444,"comment_status":"open","ping_status":"open","sticky":true,"template":"","format":"standard","meta":[],"categories":[35,17,28],"tags":[2653,6550,6549,789,669],"yoast_head":"<!-- This site is optimized with the Yoast SEO plugin v18.0 - https:\/\/yoast.com\/wordpress\/plugins\/seo\/ -->\n<title>La Puglia del vino, Barbara Politi firma la prima carta vini per Palazzo Savino | Arte e Luoghi<\/title>\n<meta name=\"description\" content=\"a Puglia del Vino&quot;: il 7 giugno a Mesagne presentazione della prima carta vini firmata dalla giornalista enogastronomica Barbara Politi\" \/>\n<meta name=\"robots\" content=\"index, follow, max-snippet:-1, max-image-preview:large, max-video-preview:-1\" \/>\n<link rel=\"canonical\" href=\"https:\/\/arteeluoghi.it\/index.php\/2025\/05\/29\/la-puglia-del-vino-barbara-politi-firma-la-prima-carta-vini-per-palazzo-savino\/\" \/>\n<meta property=\"og:locale\" content=\"it_IT\" \/>\n<meta property=\"og:type\" content=\"article\" \/>\n<meta property=\"og:title\" content=\"La Puglia del vino, Barbara Politi firma la prima carta vini per Palazzo Savino | Arte e Luoghi\" \/>\n<meta property=\"og:description\" content=\"a Puglia del Vino&quot;: il 7 giugno a Mesagne presentazione della prima carta vini firmata dalla giornalista enogastronomica Barbara Politi\" \/>\n<meta property=\"og:url\" content=\"https:\/\/arteeluoghi.it\/index.php\/2025\/05\/29\/la-puglia-del-vino-barbara-politi-firma-la-prima-carta-vini-per-palazzo-savino\/\" \/>\n<meta property=\"og:site_name\" content=\"Arte e Luoghi\" \/>\n<meta property=\"article:publisher\" content=\"https:\/\/www.facebook.com\/ArteELuoghi\/\" \/>\n<meta property=\"article:published_time\" content=\"2025-05-29T21:30:42+00:00\" \/>\n<meta property=\"og:image\" content=\"https:\/\/arteeluoghi.it\/wp-content\/uploads\/2025\/05\/Barbara-Politi-scaled.jpg\" \/>\n\t<meta property=\"og:image:width\" content=\"2560\" \/>\n\t<meta property=\"og:image:height\" content=\"1707\" \/>\n\t<meta property=\"og:image:type\" content=\"image\/jpeg\" \/>\n<meta name=\"twitter:card\" content=\"summary\" \/>\n<meta name=\"twitter:creator\" content=\"@arteeluoghi\" \/>\n<meta name=\"twitter:site\" content=\"@arteeluoghi\" \/>\n<meta name=\"twitter:label1\" content=\"Scritto da\" \/>\n\t<meta name=\"twitter:data1\" content=\"Staff\" \/>\n\t<meta name=\"twitter:label2\" content=\"Tempo di lettura stimato\" \/>\n\t<meta name=\"twitter:data2\" content=\"6 minuti\" \/>\n<script type=\"application\/ld+json\" class=\"yoast-schema-graph\">{\"@context\":\"https:\/\/schema.org\",\"@graph\":[{\"@type\":\"Organization\",\"@id\":\"https:\/\/arteeluoghi.it\/#organization\",\"name\":\"Arte e Luoghi\",\"url\":\"https:\/\/arteeluoghi.it\/\",\"sameAs\":[\"https:\/\/www.facebook.com\/ArteELuoghi\/\",\"https:\/\/www.instagram.com\/arteeluoghi\/?hl=it\",\"https:\/\/www.youtube.com\/channel\/UCuRVc4JW4-C5sg9rQB-srkw?view_as=subscriber\",\"https:\/\/twitter.com\/arteeluoghi\"],\"logo\":{\"@type\":\"ImageObject\",\"@id\":\"https:\/\/arteeluoghi.it\/#logo\",\"inLanguage\":\"it-IT\",\"url\":\"https:\/\/arteeluoghi.it\/wp-content\/uploads\/2018\/08\/logoinstagramarte.jpg\",\"contentUrl\":\"https:\/\/arteeluoghi.it\/wp-content\/uploads\/2018\/08\/logoinstagramarte.jpg\",\"width\":150,\"height\":150,\"caption\":\"Arte e Luoghi\"},\"image\":{\"@id\":\"https:\/\/arteeluoghi.it\/#logo\"}},{\"@type\":\"WebSite\",\"@id\":\"https:\/\/arteeluoghi.it\/#website\",\"url\":\"https:\/\/arteeluoghi.it\/\",\"name\":\"Arte e Luoghi\",\"description\":\"Mensile di arte, cultura, turismo e curiosit\u00e0\",\"publisher\":{\"@id\":\"https:\/\/arteeluoghi.it\/#organization\"},\"potentialAction\":[{\"@type\":\"SearchAction\",\"target\":{\"@type\":\"EntryPoint\",\"urlTemplate\":\"https:\/\/arteeluoghi.it\/?s={search_term_string}\"},\"query-input\":\"required name=search_term_string\"}],\"inLanguage\":\"it-IT\"},{\"@type\":\"ImageObject\",\"@id\":\"https:\/\/arteeluoghi.it\/index.php\/2025\/05\/29\/la-puglia-del-vino-barbara-politi-firma-la-prima-carta-vini-per-palazzo-savino\/#primaryimage\",\"inLanguage\":\"it-IT\",\"url\":\"https:\/\/arteeluoghi.it\/wp-content\/uploads\/2025\/05\/Barbara-Politi-scaled.jpg\",\"contentUrl\":\"https:\/\/arteeluoghi.it\/wp-content\/uploads\/2025\/05\/Barbara-Politi-scaled.jpg\",\"width\":2560,\"height\":1707},{\"@type\":\"WebPage\",\"@id\":\"https:\/\/arteeluoghi.it\/index.php\/2025\/05\/29\/la-puglia-del-vino-barbara-politi-firma-la-prima-carta-vini-per-palazzo-savino\/#webpage\",\"url\":\"https:\/\/arteeluoghi.it\/index.php\/2025\/05\/29\/la-puglia-del-vino-barbara-politi-firma-la-prima-carta-vini-per-palazzo-savino\/\",\"name\":\"La Puglia del vino, Barbara Politi firma la prima carta vini per Palazzo Savino | Arte e Luoghi\",\"isPartOf\":{\"@id\":\"https:\/\/arteeluoghi.it\/#website\"},\"primaryImageOfPage\":{\"@id\":\"https:\/\/arteeluoghi.it\/index.php\/2025\/05\/29\/la-puglia-del-vino-barbara-politi-firma-la-prima-carta-vini-per-palazzo-savino\/#primaryimage\"},\"datePublished\":\"2025-05-29T21:30:42+00:00\",\"dateModified\":\"2025-05-29T21:30:42+00:00\",\"description\":\"a Puglia del Vino\\\": il 7 giugno a Mesagne presentazione della prima carta vini firmata dalla giornalista enogastronomica Barbara Politi\",\"breadcrumb\":{\"@id\":\"https:\/\/arteeluoghi.it\/index.php\/2025\/05\/29\/la-puglia-del-vino-barbara-politi-firma-la-prima-carta-vini-per-palazzo-savino\/#breadcrumb\"},\"inLanguage\":\"it-IT\",\"potentialAction\":[{\"@type\":\"ReadAction\",\"target\":[\"https:\/\/arteeluoghi.it\/index.php\/2025\/05\/29\/la-puglia-del-vino-barbara-politi-firma-la-prima-carta-vini-per-palazzo-savino\/\"]}]},{\"@type\":\"BreadcrumbList\",\"@id\":\"https:\/\/arteeluoghi.it\/index.php\/2025\/05\/29\/la-puglia-del-vino-barbara-politi-firma-la-prima-carta-vini-per-palazzo-savino\/#breadcrumb\",\"itemListElement\":[{\"@type\":\"ListItem\",\"position\":1,\"name\":\"Home\",\"item\":\"https:\/\/arteeluoghi.it\/\"},{\"@type\":\"ListItem\",\"position\":2,\"name\":\"La Puglia del vino, Barbara Politi firma la prima carta vini per Palazzo Savino\"}]},{\"@type\":\"Article\",\"@id\":\"https:\/\/arteeluoghi.it\/index.php\/2025\/05\/29\/la-puglia-del-vino-barbara-politi-firma-la-prima-carta-vini-per-palazzo-savino\/#article\",\"isPartOf\":{\"@id\":\"https:\/\/arteeluoghi.it\/index.php\/2025\/05\/29\/la-puglia-del-vino-barbara-politi-firma-la-prima-carta-vini-per-palazzo-savino\/#webpage\"},\"author\":{\"@id\":\"https:\/\/arteeluoghi.it\/#\/schema\/person\/f84e814e36e91e01448ee07eaadd41d4\"},\"headline\":\"La Puglia del vino, Barbara Politi firma la prima carta vini per Palazzo Savino\",\"datePublished\":\"2025-05-29T21:30:42+00:00\",\"dateModified\":\"2025-05-29T21:30:42+00:00\",\"mainEntityOfPage\":{\"@id\":\"https:\/\/arteeluoghi.it\/index.php\/2025\/05\/29\/la-puglia-del-vino-barbara-politi-firma-la-prima-carta-vini-per-palazzo-savino\/#webpage\"},\"wordCount\":956,\"commentCount\":0,\"publisher\":{\"@id\":\"https:\/\/arteeluoghi.it\/#organization\"},\"image\":{\"@id\":\"https:\/\/arteeluoghi.it\/index.php\/2025\/05\/29\/la-puglia-del-vino-barbara-politi-firma-la-prima-carta-vini-per-palazzo-savino\/#primaryimage\"},\"thumbnailUrl\":\"https:\/\/arteeluoghi.it\/wp-content\/uploads\/2025\/05\/Barbara-Politi-scaled.jpg\",\"keywords\":[\"Barbara Politi\",\"la Puglia del vino\",\"Palazzo Savino\",\"Puglia\",\"vino\"],\"articleSection\":[\"I luoghi del Gusto\",\"LIBRI\",\"Notizie\"],\"inLanguage\":\"it-IT\",\"potentialAction\":[{\"@type\":\"CommentAction\",\"name\":\"Comment\",\"target\":[\"https:\/\/arteeluoghi.it\/index.php\/2025\/05\/29\/la-puglia-del-vino-barbara-politi-firma-la-prima-carta-vini-per-palazzo-savino\/#respond\"]}]},{\"@type\":\"Person\",\"@id\":\"https:\/\/arteeluoghi.it\/#\/schema\/person\/f84e814e36e91e01448ee07eaadd41d4\",\"name\":\"Staff\",\"image\":{\"@type\":\"ImageObject\",\"@id\":\"https:\/\/arteeluoghi.it\/#personlogo\",\"inLanguage\":\"it-IT\",\"url\":\"https:\/\/secure.gravatar.com\/avatar\/49d2f9e46271bb04e19cebfaf141313a?s=96&d=blank&r=g\",\"contentUrl\":\"https:\/\/secure.gravatar.com\/avatar\/49d2f9e46271bb04e19cebfaf141313a?s=96&d=blank&r=g\",\"caption\":\"Staff\"}}]}<\/script>\n<!-- \/ Yoast SEO plugin. -->","yoast_head_json":{"title":"La Puglia del vino, Barbara Politi firma la prima carta vini per Palazzo Savino | Arte e Luoghi","description":"a Puglia del Vino\": il 7 giugno a Mesagne presentazione della prima carta vini firmata dalla giornalista enogastronomica Barbara Politi","robots":{"index":"index","follow":"follow","max-snippet":"max-snippet:-1","max-image-preview":"max-image-preview:large","max-video-preview":"max-video-preview:-1"},"canonical":"https:\/\/arteeluoghi.it\/index.php\/2025\/05\/29\/la-puglia-del-vino-barbara-politi-firma-la-prima-carta-vini-per-palazzo-savino\/","og_locale":"it_IT","og_type":"article","og_title":"La Puglia del vino, Barbara Politi firma la prima carta vini per Palazzo Savino | Arte e Luoghi","og_description":"a Puglia del Vino\": il 7 giugno a Mesagne presentazione della prima carta vini firmata dalla giornalista enogastronomica Barbara Politi","og_url":"https:\/\/arteeluoghi.it\/index.php\/2025\/05\/29\/la-puglia-del-vino-barbara-politi-firma-la-prima-carta-vini-per-palazzo-savino\/","og_site_name":"Arte e Luoghi","article_publisher":"https:\/\/www.facebook.com\/ArteELuoghi\/","article_published_time":"2025-05-29T21:30:42+00:00","og_image":[{"width":2560,"height":1707,"url":"https:\/\/arteeluoghi.it\/wp-content\/uploads\/2025\/05\/Barbara-Politi-scaled.jpg","type":"image\/jpeg"}],"twitter_card":"summary","twitter_creator":"@arteeluoghi","twitter_site":"@arteeluoghi","twitter_misc":{"Scritto da":"Staff","Tempo di lettura stimato":"6 minuti"},"schema":{"@context":"https:\/\/schema.org","@graph":[{"@type":"Organization","@id":"https:\/\/arteeluoghi.it\/#organization","name":"Arte e Luoghi","url":"https:\/\/arteeluoghi.it\/","sameAs":["https:\/\/www.facebook.com\/ArteELuoghi\/","https:\/\/www.instagram.com\/arteeluoghi\/?hl=it","https:\/\/www.youtube.com\/channel\/UCuRVc4JW4-C5sg9rQB-srkw?view_as=subscriber","https:\/\/twitter.com\/arteeluoghi"],"logo":{"@type":"ImageObject","@id":"https:\/\/arteeluoghi.it\/#logo","inLanguage":"it-IT","url":"https:\/\/arteeluoghi.it\/wp-content\/uploads\/2018\/08\/logoinstagramarte.jpg","contentUrl":"https:\/\/arteeluoghi.it\/wp-content\/uploads\/2018\/08\/logoinstagramarte.jpg","width":150,"height":150,"caption":"Arte e Luoghi"},"image":{"@id":"https:\/\/arteeluoghi.it\/#logo"}},{"@type":"WebSite","@id":"https:\/\/arteeluoghi.it\/#website","url":"https:\/\/arteeluoghi.it\/","name":"Arte e Luoghi","description":"Mensile di arte, cultura, turismo e curiosit\u00e0","publisher":{"@id":"https:\/\/arteeluoghi.it\/#organization"},"potentialAction":[{"@type":"SearchAction","target":{"@type":"EntryPoint","urlTemplate":"https:\/\/arteeluoghi.it\/?s={search_term_string}"},"query-input":"required name=search_term_string"}],"inLanguage":"it-IT"},{"@type":"ImageObject","@id":"https:\/\/arteeluoghi.it\/index.php\/2025\/05\/29\/la-puglia-del-vino-barbara-politi-firma-la-prima-carta-vini-per-palazzo-savino\/#primaryimage","inLanguage":"it-IT","url":"https:\/\/arteeluoghi.it\/wp-content\/uploads\/2025\/05\/Barbara-Politi-scaled.jpg","contentUrl":"https:\/\/arteeluoghi.it\/wp-content\/uploads\/2025\/05\/Barbara-Politi-scaled.jpg","width":2560,"height":1707},{"@type":"WebPage","@id":"https:\/\/arteeluoghi.it\/index.php\/2025\/05\/29\/la-puglia-del-vino-barbara-politi-firma-la-prima-carta-vini-per-palazzo-savino\/#webpage","url":"https:\/\/arteeluoghi.it\/index.php\/2025\/05\/29\/la-puglia-del-vino-barbara-politi-firma-la-prima-carta-vini-per-palazzo-savino\/","name":"La Puglia del vino, Barbara Politi firma la prima carta vini per Palazzo Savino | Arte e Luoghi","isPartOf":{"@id":"https:\/\/arteeluoghi.it\/#website"},"primaryImageOfPage":{"@id":"https:\/\/arteeluoghi.it\/index.php\/2025\/05\/29\/la-puglia-del-vino-barbara-politi-firma-la-prima-carta-vini-per-palazzo-savino\/#primaryimage"},"datePublished":"2025-05-29T21:30:42+00:00","dateModified":"2025-05-29T21:30:42+00:00","description":"a Puglia del Vino\": il 7 giugno a Mesagne presentazione della prima carta vini firmata dalla giornalista enogastronomica Barbara Politi","breadcrumb":{"@id":"https:\/\/arteeluoghi.it\/index.php\/2025\/05\/29\/la-puglia-del-vino-barbara-politi-firma-la-prima-carta-vini-per-palazzo-savino\/#breadcrumb"},"inLanguage":"it-IT","potentialAction":[{"@type":"ReadAction","target":["https:\/\/arteeluoghi.it\/index.php\/2025\/05\/29\/la-puglia-del-vino-barbara-politi-firma-la-prima-carta-vini-per-palazzo-savino\/"]}]},{"@type":"BreadcrumbList","@id":"https:\/\/arteeluoghi.it\/index.php\/2025\/05\/29\/la-puglia-del-vino-barbara-politi-firma-la-prima-carta-vini-per-palazzo-savino\/#breadcrumb","itemListElement":[{"@type":"ListItem","position":1,"name":"Home","item":"https:\/\/arteeluoghi.it\/"},{"@type":"ListItem","position":2,"name":"La Puglia del vino, Barbara Politi firma la prima carta vini per Palazzo Savino"}]},{"@type":"Article","@id":"https:\/\/arteeluoghi.it\/index.php\/2025\/05\/29\/la-puglia-del-vino-barbara-politi-firma-la-prima-carta-vini-per-palazzo-savino\/#article","isPartOf":{"@id":"https:\/\/arteeluoghi.it\/index.php\/2025\/05\/29\/la-puglia-del-vino-barbara-politi-firma-la-prima-carta-vini-per-palazzo-savino\/#webpage"},"author":{"@id":"https:\/\/arteeluoghi.it\/#\/schema\/person\/f84e814e36e91e01448ee07eaadd41d4"},"headline":"La Puglia del vino, Barbara Politi firma la prima carta vini per Palazzo Savino","datePublished":"2025-05-29T21:30:42+00:00","dateModified":"2025-05-29T21:30:42+00:00","mainEntityOfPage":{"@id":"https:\/\/arteeluoghi.it\/index.php\/2025\/05\/29\/la-puglia-del-vino-barbara-politi-firma-la-prima-carta-vini-per-palazzo-savino\/#webpage"},"wordCount":956,"commentCount":0,"publisher":{"@id":"https:\/\/arteeluoghi.it\/#organization"},"image":{"@id":"https:\/\/arteeluoghi.it\/index.php\/2025\/05\/29\/la-puglia-del-vino-barbara-politi-firma-la-prima-carta-vini-per-palazzo-savino\/#primaryimage"},"thumbnailUrl":"https:\/\/arteeluoghi.it\/wp-content\/uploads\/2025\/05\/Barbara-Politi-scaled.jpg","keywords":["Barbara Politi","la Puglia del vino","Palazzo Savino","Puglia","vino"],"articleSection":["I luoghi del Gusto","LIBRI","Notizie"],"inLanguage":"it-IT","potentialAction":[{"@type":"CommentAction","name":"Comment","target":["https:\/\/arteeluoghi.it\/index.php\/2025\/05\/29\/la-puglia-del-vino-barbara-politi-firma-la-prima-carta-vini-per-palazzo-savino\/#respond"]}]},{"@type":"Person","@id":"https:\/\/arteeluoghi.it\/#\/schema\/person\/f84e814e36e91e01448ee07eaadd41d4","name":"Staff","image":{"@type":"ImageObject","@id":"https:\/\/arteeluoghi.it\/#personlogo","inLanguage":"it-IT","url":"https:\/\/secure.gravatar.com\/avatar\/49d2f9e46271bb04e19cebfaf141313a?s=96&d=blank&r=g","contentUrl":"https:\/\/secure.gravatar.com\/avatar\/49d2f9e46271bb04e19cebfaf141313a?s=96&d=blank&r=g","caption":"Staff"}}]}},"_links":{"self":[{"href":"https:\/\/arteeluoghi.it\/index.php\/wp-json\/wp\/v2\/posts\/15441"}],"collection":[{"href":"https:\/\/arteeluoghi.it\/index.php\/wp-json\/wp\/v2\/posts"}],"about":[{"href":"https:\/\/arteeluoghi.it\/index.php\/wp-json\/wp\/v2\/types\/post"}],"author":[{"embeddable":true,"href":"https:\/\/arteeluoghi.it\/index.php\/wp-json\/wp\/v2\/users\/1"}],"replies":[{"embeddable":true,"href":"https:\/\/arteeluoghi.it\/index.php\/wp-json\/wp\/v2\/comments?post=15441"}],"version-history":[{"count":1,"href":"https:\/\/arteeluoghi.it\/index.php\/wp-json\/wp\/v2\/posts\/15441\/revisions"}],"predecessor-version":[{"id":15445,"href":"https:\/\/arteeluoghi.it\/index.php\/wp-json\/wp\/v2\/posts\/15441\/revisions\/15445"}],"wp:featuredmedia":[{"embeddable":true,"href":"https:\/\/arteeluoghi.it\/index.php\/wp-json\/wp\/v2\/media\/15444"}],"wp:attachment":[{"href":"https:\/\/arteeluoghi.it\/index.php\/wp-json\/wp\/v2\/media?parent=15441"}],"wp:term":[{"taxonomy":"category","embeddable":true,"href":"https:\/\/arteeluoghi.it\/index.php\/wp-json\/wp\/v2\/categories?post=15441"},{"taxonomy":"post_tag","embeddable":true,"href":"https:\/\/arteeluoghi.it\/index.php\/wp-json\/wp\/v2\/tags?post=15441"}],"curies":[{"name":"wp","href":"https:\/\/api.w.org\/{rel}","templated":true}]}}