{"id":15446,"date":"2025-05-29T23:43:41","date_gmt":"2025-05-29T21:43:41","guid":{"rendered":"https:\/\/arteeluoghi.it\/?p=15446"},"modified":"2025-05-29T23:49:50","modified_gmt":"2025-05-29T21:49:50","slug":"popoli-in-festa-per-celebrare-la-convivialita-delle-differenze","status":"publish","type":"post","link":"https:\/\/arteeluoghi.it\/index.php\/2025\/05\/29\/popoli-in-festa-per-celebrare-la-convivialita-delle-differenze\/","title":{"rendered":"Popoli in festa. Per celebrare la convivialit\u00e0 delle differenze"},"content":{"rendered":"\n<blockquote class=\"wp-block-quote\"><p>Si apre il 30 maggio la prima edizione del Progetto di comunit\u00e0 che trasformer\u00e0 San Cesario per due giorni, in un villaggio multiculturale dove lingue, tradizioni, musiche e sapori da tutto si incontrano e si incrociano  <\/p><\/blockquote>\n\n\n\n<p>Si apre <strong>alle 16 del 30 maggio<\/strong>, con quattro <strong>Laboratori<\/strong> rivolti alla citt\u00e0, la <strong>Prima edizione<\/strong> di <strong>POPOLI IN FESTA<\/strong>, il <strong>progetto di comunit\u00e0<\/strong> che trasformer\u00e0 <strong>San Cesario di Lecce<\/strong> per due giorni, <strong>30 e 31 maggio<\/strong>, in un vero e proprio <strong>villaggio multiculturale<\/strong> dove lingue, tradizioni, musiche e sapori da tutto il mondo si intrecciano in un\u2019esperienza condivisa e aperta di accoglienza e scoperta.<br><br>Dal \u201c<strong>Laboratorio Interculturale\u201d<\/strong> nella Scuola Saponaro, curato dal \u201cTeatro dei veleni\u201d ai \u201c<strong>Racconti all\u2019ombra del baobab<\/strong>\u201d, tra Casa Saponaro e Largo Forcignan\u00f2 curato da \u201cAstr\u00e0gali Teatro\u201d; da \u201c<strong>Il giro dei mondo in tanti giochi<\/strong>\u201d in Largo Forcignan\u00f2 a cura di \u201cIl Dado Gira\u201d al \u201c<strong>Laboratorio di Percussioni<\/strong>\u201d a cura di Meissa Ndiaye, compositore e percussionista senegalese: non \u00e8 un caso che l\u2019avvio di <strong>POPOLI IN FESTA<\/strong> sia segnato esplicitamente da una carattere di forte apertura e partecipazione intergenerazionale e interetnica, ad affermare sin da subito la cifra caratterizzante l\u2019intero progetto.<br><\/p>\n\n\n\n<!--more-->\n\n\n\n<p><br><strong>Alle 19, in Largo Forcignan\u00f2<\/strong>, l\u2019incontro \u201c<strong>In dialogo tra popoli e culture. Testimonianze, percorsi di inclusione e accoglienza<\/strong>\u201d, che si aprir\u00e0 con i saluti istituzionali di <strong>Don Egidio Buttazzo, <\/strong>Parroco Parrocchia Sant\u2019Antonio Da Padova; <strong>Giuseppe Distante, <\/strong>Sindaco di San Cesariodi Lecce; <strong>Anna Luperto<\/strong>, Assessora alla Cultura San Cesario di Lecce; <strong>Stefano Minerva, <\/strong>Presidente Provincia di Lecce;<strong> Loredana Capone, <\/strong>Presidente Consiglio Regionale della Puglia, per poi entrare nel vivo del tema con gli interventi di <strong>Cesare De Giorgi<\/strong>,DirettoreUfficio Migrantes Diocesi di Lecce; <strong>Maria Stella Colella<\/strong>, Dirigente Istituto Comprensivo San Cesario di Lecce-San Donato; <strong>Alberto Paglialunga<\/strong>, CEO Deghi Spa; <strong>Cristina Martella<\/strong>, Presidente Gruppo Umano Solidariet\u00e0; <strong>Giuseppe Caus<\/strong>, Presidente ASD Sporting Club Lecce\/San Cesario.<br><br>Quindi, <strong>alle 21, in Largo Forcignan\u00f2<\/strong>, \u201c<strong>Musica, canti e danze del Mondo<\/strong>\u201d, che vedr\u00e0 in scena l\u2019ensemble dell\u2019Istituto Comprensivo di San Cesario con \u201cMusical\u2026mente insieme\u201d; l\u2019intervento di Enzo Marenaci, chitarra e voce; \u201cLe lingue dei popoli\u201d, la performance del Gruppo Bar Brasil \u201cRitmi e danze dal Brasile\u201d.<\/p>\n\n\n\n<p>Contemporaneamente, dalle 20.30, <strong>\u201cIl mondo in Tavola\u201d, <\/strong>artigianato, degustazioni, piatti tipici locali e dal mondo,e<strong> Spazio ludico sportivo non-stop <\/strong>per bambine e bambini, ragazze e ragazzi<strong>.<\/strong><\/p>\n\n\n\n<p>Promosso da: <strong>Parrocchia Sant\u2019Antonio da Padova, Centro Missionario Diocesi Lecce, Ufficio Migrantes Diocesi di Lecce, ProLoco \u201cI Tre Casali\u201d, TempoPresente aps,<\/strong> con la collaborazione del <strong>Comune di San Cesario di Lecce,<\/strong> il <strong>Patrocinio di Provincia di Lecce e Consiglio Regionale Puglia, POPOLI IN FESTA<\/strong> vede la partecipazione dell\u2019<strong>Istituto Comprensivo di San Cesario di Lecce-San Donato<\/strong>; il <strong>sostegno<\/strong> di aziende di eccellenza, importanti partner nell\u2019attuazione dell\u2019evento: <strong>Deghi, Leo constructions, Villa Bianca, Autostyle srl, Acquapool, TrianGoal<\/strong>, e si realizza in <strong>collaborazione<\/strong> con una foltissima rete partenariale di enti e associazioni del territorio e grazie all\u2019<strong>apporto <\/strong>fondamentale delle numerosissime e radicate da tempo comunit\u00e0 straniere residenti nel paese e nel Salento.<\/p>\n\n\n\n<p>Un progetto che raccoglie l\u2019eredit\u00e0 importante di una storia territoriale di apertura e relazione, e in forza delle <strong>42 nazionalit\u00e0 presenti nel paese tra cui le numerose comunit\u00e0 albanese, senegalese, rumena, marocchina, cinese, nigeriana, georgiana, polacca, <\/strong>fa suo l\u2019insegnamento di don Tonino Bello ponendo a fondamento del lavoro di comunit\u00e0 la \u201c<strong>convivialit\u00e0 delle differenze<\/strong>\u201d.<\/p>\n\n\n\n<div class=\"wp-block-image\"><figure class=\"alignleft size-large is-resized\"><img loading=\"lazy\" src=\"https:\/\/arteeluoghi.it\/wp-content\/uploads\/2025\/05\/501288519_24094423870189692_4976077412071684327_n-724x1024.jpg\" alt=\"\" class=\"wp-image-15447\" width=\"507\" height=\"717\" srcset=\"https:\/\/arteeluoghi.it\/wp-content\/uploads\/2025\/05\/501288519_24094423870189692_4976077412071684327_n-724x1024.jpg 724w, https:\/\/arteeluoghi.it\/wp-content\/uploads\/2025\/05\/501288519_24094423870189692_4976077412071684327_n-212x300.jpg 212w, https:\/\/arteeluoghi.it\/wp-content\/uploads\/2025\/05\/501288519_24094423870189692_4976077412071684327_n-768x1086.jpg 768w, https:\/\/arteeluoghi.it\/wp-content\/uploads\/2025\/05\/501288519_24094423870189692_4976077412071684327_n-1086x1536.jpg 1086w, https:\/\/arteeluoghi.it\/wp-content\/uploads\/2025\/05\/501288519_24094423870189692_4976077412071684327_n.jpg 1131w\" sizes=\"(max-width: 507px) 100vw, 507px\" \/><\/figure><\/div>\n\n\n\n<p><strong>POPOLI IN FESTA<\/strong>, affermano i promotori, \u201cnasce da un grande lavoro di squadra. Una rete di relazioni che in questi mesi sono cresciute e si sono rafforzate, facendo di questa due giorni un momento pienamente condiviso, vitale, appassionato, coinvolgente. Siamo partiti dall&#8217;idea semplice, ma per certi versi &#8220;rivoluzionaria&#8221;, di aggregare, riunire culture, sapori, musiche diverse tra loro. La diversit\u00e0 che unisce. E arricchisce. Un progetto che ha ricevuto da parte di enti e di tantissime realt\u00e0 associative del territorio un impegno e una collaborazione fortissimi, che invita a pensare come <strong>POPOLI IN FESTA<\/strong> pu\u00f2 diventare un appuntamento fisso, necessario, del nostro paese.<\/p>\n\n\n\n<p><strong>POPOLI IN FESTA <\/strong>non \u00e8 solo un evento ma un messaggio: la diversit\u00e0 \u00e8 una ricchezza da celebrare insieme, non una barriera. \u00c8 uno spazio per un lavoro comune tra uomini e donne, parrocchie, associazioni, istituzioni per creare legami sempre pi\u00f9 saldi e coesi, attraverso eventi, spettacoli, musica, laboratori e riflessioni, condivisioni di enogastronomia e tradizioni popolari\u201d.<\/p>\n\n\n\n<p>Simbolo di questa visione che rilancia in un momento cos\u00ec drammatico il dialogo interculturale e l\u2019interazione sociale come unica via alla convivenza pacifica al di l\u00e0 delle origini, dell\u2019et\u00e0 e della religione, \u00e8 <strong>Jumo<\/strong>, la mascotte fluida e colorata presente in tutti i materiali di comunicazione per significare l\u2019energia, la curiosit\u00e0 e il rispetto reciproco: un piccolo spirito che cresce con ogni storia ascoltata, ogni stretta di mano, ogni sorriso condiviso.<\/p>\n\n\n\n<p>La <strong>rete<\/strong> di <strong>POPOLI IN FESTA (<\/strong><a href=\"https:\/\/www.facebook.com\/profile.php?id=61575535644355\">https:\/\/www.facebook.com\/profile.php?id=61575535644355<\/a><strong>)<\/strong>: Astragali Teatro \u2022 Teatro dei Veleni Coop. Soc. \u2022 Principio Attivo Teatro \u2022 Il Dado Gira \u2022 AVIS San Cesario Odv \u2022 Parrocchia Santa Maria Delle Grazie \u2022 Missionari Comboniani \u2022 Azione Cattolica Parrocchia Sant&#8217;antonio da Padova \u2022 Azione Cattolica Parrocchia Santa Maria delle Grazie \u2022 Istituto Suore Salesiane Filippo Smaldone \u2022 ASD Sporting Club \u2022 Commercio Equo e Solidale Coop. Soc. \u2022 Centro Multiculturale Etnos \u2022 Associazione E.le.MENTI \u2022 Manni Editori \u2022 Nauna Cantieri Musicali \u2022 Associazione Cantiere Democratico \u2022 Centro Oscar Romero \u2022 Associazione Petrolio \u2022 Tempo di Scatto \u2022 Associazione di Protezione Civile &#8220;La Messapia&#8221; \u2022 Associazione Percorsi Meridiani \u2022 GUS \u2013 Gruppo Umana Solidariet\u00e0 \u2022 Consorzio Hera \u2022 Ev\u00f2 Real Fitness \u2022 Centro Danza e Teatro di Emiliana Mariano.<\/p>\n\n\n\n<p>(fonte: comunicato stampa)<\/p>\n","protected":false},"excerpt":{"rendered":"<p>Si apre il 30 maggio la prima edizione del Progetto di comunit\u00e0 che trasformer\u00e0 San Cesario per due giorni, in<\/p>\n","protected":false},"author":1,"featured_media":15449,"comment_status":"open","ping_status":"open","sticky":true,"template":"","format":"standard","meta":[],"categories":[15,52,12,28],"tags":[],"yoast_head":"<!-- This site is optimized with the Yoast SEO plugin v18.0 - https:\/\/yoast.com\/wordpress\/plugins\/seo\/ -->\n<title>Popoli in festa. Per celebrare la convivialit\u00e0 delle differenze | Arte e Luoghi<\/title>\n<meta name=\"description\" content=\"Si apre il 30 maggio la prima edizione del Progetto di comunit\u00e0 che trasformer\u00e0 San Cesario per due giorni, in un villaggio multiculturale\" \/>\n<meta name=\"robots\" content=\"index, follow, max-snippet:-1, max-image-preview:large, max-video-preview:-1\" \/>\n<link rel=\"canonical\" href=\"https:\/\/arteeluoghi.it\/index.php\/2025\/05\/29\/popoli-in-festa-per-celebrare-la-convivialita-delle-differenze\/\" \/>\n<meta property=\"og:locale\" content=\"it_IT\" \/>\n<meta property=\"og:type\" content=\"article\" \/>\n<meta property=\"og:title\" content=\"Popoli in festa. Per celebrare la convivialit\u00e0 delle differenze | Arte e Luoghi\" \/>\n<meta property=\"og:description\" content=\"Si apre il 30 maggio la prima edizione del Progetto di comunit\u00e0 che trasformer\u00e0 San Cesario per due giorni, in un villaggio multiculturale\" \/>\n<meta property=\"og:url\" content=\"https:\/\/arteeluoghi.it\/index.php\/2025\/05\/29\/popoli-in-festa-per-celebrare-la-convivialita-delle-differenze\/\" \/>\n<meta property=\"og:site_name\" content=\"Arte e Luoghi\" \/>\n<meta property=\"article:publisher\" content=\"https:\/\/www.facebook.com\/ArteELuoghi\/\" \/>\n<meta property=\"article:published_time\" content=\"2025-05-29T21:43:41+00:00\" \/>\n<meta property=\"article:modified_time\" content=\"2025-05-29T21:49:50+00:00\" \/>\n<meta property=\"og:image\" content=\"https:\/\/arteeluoghi.it\/wp-content\/uploads\/2025\/05\/0.jpg\" \/>\n\t<meta property=\"og:image:width\" content=\"1626\" \/>\n\t<meta property=\"og:image:height\" content=\"1150\" \/>\n\t<meta property=\"og:image:type\" content=\"image\/jpeg\" \/>\n<meta name=\"twitter:card\" content=\"summary\" \/>\n<meta name=\"twitter:creator\" content=\"@arteeluoghi\" \/>\n<meta name=\"twitter:site\" content=\"@arteeluoghi\" \/>\n<meta name=\"twitter:label1\" content=\"Scritto da\" \/>\n\t<meta name=\"twitter:data1\" content=\"Staff\" \/>\n\t<meta name=\"twitter:label2\" content=\"Tempo di lettura stimato\" \/>\n\t<meta name=\"twitter:data2\" content=\"5 minuti\" \/>\n<script type=\"application\/ld+json\" class=\"yoast-schema-graph\">{\"@context\":\"https:\/\/schema.org\",\"@graph\":[{\"@type\":\"Organization\",\"@id\":\"https:\/\/arteeluoghi.it\/#organization\",\"name\":\"Arte e Luoghi\",\"url\":\"https:\/\/arteeluoghi.it\/\",\"sameAs\":[\"https:\/\/www.facebook.com\/ArteELuoghi\/\",\"https:\/\/www.instagram.com\/arteeluoghi\/?hl=it\",\"https:\/\/www.youtube.com\/channel\/UCuRVc4JW4-C5sg9rQB-srkw?view_as=subscriber\",\"https:\/\/twitter.com\/arteeluoghi\"],\"logo\":{\"@type\":\"ImageObject\",\"@id\":\"https:\/\/arteeluoghi.it\/#logo\",\"inLanguage\":\"it-IT\",\"url\":\"https:\/\/arteeluoghi.it\/wp-content\/uploads\/2018\/08\/logoinstagramarte.jpg\",\"contentUrl\":\"https:\/\/arteeluoghi.it\/wp-content\/uploads\/2018\/08\/logoinstagramarte.jpg\",\"width\":150,\"height\":150,\"caption\":\"Arte e Luoghi\"},\"image\":{\"@id\":\"https:\/\/arteeluoghi.it\/#logo\"}},{\"@type\":\"WebSite\",\"@id\":\"https:\/\/arteeluoghi.it\/#website\",\"url\":\"https:\/\/arteeluoghi.it\/\",\"name\":\"Arte e Luoghi\",\"description\":\"Mensile di arte, cultura, turismo e curiosit\u00e0\",\"publisher\":{\"@id\":\"https:\/\/arteeluoghi.it\/#organization\"},\"potentialAction\":[{\"@type\":\"SearchAction\",\"target\":{\"@type\":\"EntryPoint\",\"urlTemplate\":\"https:\/\/arteeluoghi.it\/?s={search_term_string}\"},\"query-input\":\"required name=search_term_string\"}],\"inLanguage\":\"it-IT\"},{\"@type\":\"ImageObject\",\"@id\":\"https:\/\/arteeluoghi.it\/index.php\/2025\/05\/29\/popoli-in-festa-per-celebrare-la-convivialita-delle-differenze\/#primaryimage\",\"inLanguage\":\"it-IT\",\"url\":\"https:\/\/arteeluoghi.it\/wp-content\/uploads\/2025\/05\/0.jpg\",\"contentUrl\":\"https:\/\/arteeluoghi.it\/wp-content\/uploads\/2025\/05\/0.jpg\",\"width\":1626,\"height\":1150},{\"@type\":\"WebPage\",\"@id\":\"https:\/\/arteeluoghi.it\/index.php\/2025\/05\/29\/popoli-in-festa-per-celebrare-la-convivialita-delle-differenze\/#webpage\",\"url\":\"https:\/\/arteeluoghi.it\/index.php\/2025\/05\/29\/popoli-in-festa-per-celebrare-la-convivialita-delle-differenze\/\",\"name\":\"Popoli in festa. Per celebrare la convivialit\u00e0 delle differenze | Arte e Luoghi\",\"isPartOf\":{\"@id\":\"https:\/\/arteeluoghi.it\/#website\"},\"primaryImageOfPage\":{\"@id\":\"https:\/\/arteeluoghi.it\/index.php\/2025\/05\/29\/popoli-in-festa-per-celebrare-la-convivialita-delle-differenze\/#primaryimage\"},\"datePublished\":\"2025-05-29T21:43:41+00:00\",\"dateModified\":\"2025-05-29T21:49:50+00:00\",\"description\":\"Si apre il 30 maggio la prima edizione del Progetto di comunit\u00e0 che trasformer\u00e0 San Cesario per due giorni, in un villaggio multiculturale\",\"breadcrumb\":{\"@id\":\"https:\/\/arteeluoghi.it\/index.php\/2025\/05\/29\/popoli-in-festa-per-celebrare-la-convivialita-delle-differenze\/#breadcrumb\"},\"inLanguage\":\"it-IT\",\"potentialAction\":[{\"@type\":\"ReadAction\",\"target\":[\"https:\/\/arteeluoghi.it\/index.php\/2025\/05\/29\/popoli-in-festa-per-celebrare-la-convivialita-delle-differenze\/\"]}]},{\"@type\":\"BreadcrumbList\",\"@id\":\"https:\/\/arteeluoghi.it\/index.php\/2025\/05\/29\/popoli-in-festa-per-celebrare-la-convivialita-delle-differenze\/#breadcrumb\",\"itemListElement\":[{\"@type\":\"ListItem\",\"position\":1,\"name\":\"Home\",\"item\":\"https:\/\/arteeluoghi.it\/\"},{\"@type\":\"ListItem\",\"position\":2,\"name\":\"Popoli in festa. Per celebrare la convivialit\u00e0 delle differenze\"}]},{\"@type\":\"Article\",\"@id\":\"https:\/\/arteeluoghi.it\/index.php\/2025\/05\/29\/popoli-in-festa-per-celebrare-la-convivialita-delle-differenze\/#article\",\"isPartOf\":{\"@id\":\"https:\/\/arteeluoghi.it\/index.php\/2025\/05\/29\/popoli-in-festa-per-celebrare-la-convivialita-delle-differenze\/#webpage\"},\"author\":{\"@id\":\"https:\/\/arteeluoghi.it\/#\/schema\/person\/f84e814e36e91e01448ee07eaadd41d4\"},\"headline\":\"Popoli in festa. Per celebrare la convivialit\u00e0 delle differenze\",\"datePublished\":\"2025-05-29T21:43:41+00:00\",\"dateModified\":\"2025-05-29T21:49:50+00:00\",\"mainEntityOfPage\":{\"@id\":\"https:\/\/arteeluoghi.it\/index.php\/2025\/05\/29\/popoli-in-festa-per-celebrare-la-convivialita-delle-differenze\/#webpage\"},\"wordCount\":901,\"commentCount\":0,\"publisher\":{\"@id\":\"https:\/\/arteeluoghi.it\/#organization\"},\"image\":{\"@id\":\"https:\/\/arteeluoghi.it\/index.php\/2025\/05\/29\/popoli-in-festa-per-celebrare-la-convivialita-delle-differenze\/#primaryimage\"},\"thumbnailUrl\":\"https:\/\/arteeluoghi.it\/wp-content\/uploads\/2025\/05\/0.jpg\",\"articleSection\":[\"danza\",\"I luoghi della parola\",\"MUSICA\",\"Notizie\"],\"inLanguage\":\"it-IT\",\"potentialAction\":[{\"@type\":\"CommentAction\",\"name\":\"Comment\",\"target\":[\"https:\/\/arteeluoghi.it\/index.php\/2025\/05\/29\/popoli-in-festa-per-celebrare-la-convivialita-delle-differenze\/#respond\"]}]},{\"@type\":\"Person\",\"@id\":\"https:\/\/arteeluoghi.it\/#\/schema\/person\/f84e814e36e91e01448ee07eaadd41d4\",\"name\":\"Staff\",\"image\":{\"@type\":\"ImageObject\",\"@id\":\"https:\/\/arteeluoghi.it\/#personlogo\",\"inLanguage\":\"it-IT\",\"url\":\"https:\/\/secure.gravatar.com\/avatar\/49d2f9e46271bb04e19cebfaf141313a?s=96&d=blank&r=g\",\"contentUrl\":\"https:\/\/secure.gravatar.com\/avatar\/49d2f9e46271bb04e19cebfaf141313a?s=96&d=blank&r=g\",\"caption\":\"Staff\"}}]}<\/script>\n<!-- \/ Yoast SEO plugin. -->","yoast_head_json":{"title":"Popoli in festa. Per celebrare la convivialit\u00e0 delle differenze | Arte e Luoghi","description":"Si apre il 30 maggio la prima edizione del Progetto di comunit\u00e0 che trasformer\u00e0 San Cesario per due giorni, in un villaggio multiculturale","robots":{"index":"index","follow":"follow","max-snippet":"max-snippet:-1","max-image-preview":"max-image-preview:large","max-video-preview":"max-video-preview:-1"},"canonical":"https:\/\/arteeluoghi.it\/index.php\/2025\/05\/29\/popoli-in-festa-per-celebrare-la-convivialita-delle-differenze\/","og_locale":"it_IT","og_type":"article","og_title":"Popoli in festa. Per celebrare la convivialit\u00e0 delle differenze | Arte e Luoghi","og_description":"Si apre il 30 maggio la prima edizione del Progetto di comunit\u00e0 che trasformer\u00e0 San Cesario per due giorni, in un villaggio multiculturale","og_url":"https:\/\/arteeluoghi.it\/index.php\/2025\/05\/29\/popoli-in-festa-per-celebrare-la-convivialita-delle-differenze\/","og_site_name":"Arte e Luoghi","article_publisher":"https:\/\/www.facebook.com\/ArteELuoghi\/","article_published_time":"2025-05-29T21:43:41+00:00","article_modified_time":"2025-05-29T21:49:50+00:00","og_image":[{"width":1626,"height":1150,"url":"https:\/\/arteeluoghi.it\/wp-content\/uploads\/2025\/05\/0.jpg","type":"image\/jpeg"}],"twitter_card":"summary","twitter_creator":"@arteeluoghi","twitter_site":"@arteeluoghi","twitter_misc":{"Scritto da":"Staff","Tempo di lettura stimato":"5 minuti"},"schema":{"@context":"https:\/\/schema.org","@graph":[{"@type":"Organization","@id":"https:\/\/arteeluoghi.it\/#organization","name":"Arte e Luoghi","url":"https:\/\/arteeluoghi.it\/","sameAs":["https:\/\/www.facebook.com\/ArteELuoghi\/","https:\/\/www.instagram.com\/arteeluoghi\/?hl=it","https:\/\/www.youtube.com\/channel\/UCuRVc4JW4-C5sg9rQB-srkw?view_as=subscriber","https:\/\/twitter.com\/arteeluoghi"],"logo":{"@type":"ImageObject","@id":"https:\/\/arteeluoghi.it\/#logo","inLanguage":"it-IT","url":"https:\/\/arteeluoghi.it\/wp-content\/uploads\/2018\/08\/logoinstagramarte.jpg","contentUrl":"https:\/\/arteeluoghi.it\/wp-content\/uploads\/2018\/08\/logoinstagramarte.jpg","width":150,"height":150,"caption":"Arte e Luoghi"},"image":{"@id":"https:\/\/arteeluoghi.it\/#logo"}},{"@type":"WebSite","@id":"https:\/\/arteeluoghi.it\/#website","url":"https:\/\/arteeluoghi.it\/","name":"Arte e Luoghi","description":"Mensile di arte, cultura, turismo e curiosit\u00e0","publisher":{"@id":"https:\/\/arteeluoghi.it\/#organization"},"potentialAction":[{"@type":"SearchAction","target":{"@type":"EntryPoint","urlTemplate":"https:\/\/arteeluoghi.it\/?s={search_term_string}"},"query-input":"required name=search_term_string"}],"inLanguage":"it-IT"},{"@type":"ImageObject","@id":"https:\/\/arteeluoghi.it\/index.php\/2025\/05\/29\/popoli-in-festa-per-celebrare-la-convivialita-delle-differenze\/#primaryimage","inLanguage":"it-IT","url":"https:\/\/arteeluoghi.it\/wp-content\/uploads\/2025\/05\/0.jpg","contentUrl":"https:\/\/arteeluoghi.it\/wp-content\/uploads\/2025\/05\/0.jpg","width":1626,"height":1150},{"@type":"WebPage","@id":"https:\/\/arteeluoghi.it\/index.php\/2025\/05\/29\/popoli-in-festa-per-celebrare-la-convivialita-delle-differenze\/#webpage","url":"https:\/\/arteeluoghi.it\/index.php\/2025\/05\/29\/popoli-in-festa-per-celebrare-la-convivialita-delle-differenze\/","name":"Popoli in festa. Per celebrare la convivialit\u00e0 delle differenze | Arte e Luoghi","isPartOf":{"@id":"https:\/\/arteeluoghi.it\/#website"},"primaryImageOfPage":{"@id":"https:\/\/arteeluoghi.it\/index.php\/2025\/05\/29\/popoli-in-festa-per-celebrare-la-convivialita-delle-differenze\/#primaryimage"},"datePublished":"2025-05-29T21:43:41+00:00","dateModified":"2025-05-29T21:49:50+00:00","description":"Si apre il 30 maggio la prima edizione del Progetto di comunit\u00e0 che trasformer\u00e0 San Cesario per due giorni, in un villaggio multiculturale","breadcrumb":{"@id":"https:\/\/arteeluoghi.it\/index.php\/2025\/05\/29\/popoli-in-festa-per-celebrare-la-convivialita-delle-differenze\/#breadcrumb"},"inLanguage":"it-IT","potentialAction":[{"@type":"ReadAction","target":["https:\/\/arteeluoghi.it\/index.php\/2025\/05\/29\/popoli-in-festa-per-celebrare-la-convivialita-delle-differenze\/"]}]},{"@type":"BreadcrumbList","@id":"https:\/\/arteeluoghi.it\/index.php\/2025\/05\/29\/popoli-in-festa-per-celebrare-la-convivialita-delle-differenze\/#breadcrumb","itemListElement":[{"@type":"ListItem","position":1,"name":"Home","item":"https:\/\/arteeluoghi.it\/"},{"@type":"ListItem","position":2,"name":"Popoli in festa. Per celebrare la convivialit\u00e0 delle differenze"}]},{"@type":"Article","@id":"https:\/\/arteeluoghi.it\/index.php\/2025\/05\/29\/popoli-in-festa-per-celebrare-la-convivialita-delle-differenze\/#article","isPartOf":{"@id":"https:\/\/arteeluoghi.it\/index.php\/2025\/05\/29\/popoli-in-festa-per-celebrare-la-convivialita-delle-differenze\/#webpage"},"author":{"@id":"https:\/\/arteeluoghi.it\/#\/schema\/person\/f84e814e36e91e01448ee07eaadd41d4"},"headline":"Popoli in festa. Per celebrare la convivialit\u00e0 delle differenze","datePublished":"2025-05-29T21:43:41+00:00","dateModified":"2025-05-29T21:49:50+00:00","mainEntityOfPage":{"@id":"https:\/\/arteeluoghi.it\/index.php\/2025\/05\/29\/popoli-in-festa-per-celebrare-la-convivialita-delle-differenze\/#webpage"},"wordCount":901,"commentCount":0,"publisher":{"@id":"https:\/\/arteeluoghi.it\/#organization"},"image":{"@id":"https:\/\/arteeluoghi.it\/index.php\/2025\/05\/29\/popoli-in-festa-per-celebrare-la-convivialita-delle-differenze\/#primaryimage"},"thumbnailUrl":"https:\/\/arteeluoghi.it\/wp-content\/uploads\/2025\/05\/0.jpg","articleSection":["danza","I luoghi della parola","MUSICA","Notizie"],"inLanguage":"it-IT","potentialAction":[{"@type":"CommentAction","name":"Comment","target":["https:\/\/arteeluoghi.it\/index.php\/2025\/05\/29\/popoli-in-festa-per-celebrare-la-convivialita-delle-differenze\/#respond"]}]},{"@type":"Person","@id":"https:\/\/arteeluoghi.it\/#\/schema\/person\/f84e814e36e91e01448ee07eaadd41d4","name":"Staff","image":{"@type":"ImageObject","@id":"https:\/\/arteeluoghi.it\/#personlogo","inLanguage":"it-IT","url":"https:\/\/secure.gravatar.com\/avatar\/49d2f9e46271bb04e19cebfaf141313a?s=96&d=blank&r=g","contentUrl":"https:\/\/secure.gravatar.com\/avatar\/49d2f9e46271bb04e19cebfaf141313a?s=96&d=blank&r=g","caption":"Staff"}}]}},"_links":{"self":[{"href":"https:\/\/arteeluoghi.it\/index.php\/wp-json\/wp\/v2\/posts\/15446"}],"collection":[{"href":"https:\/\/arteeluoghi.it\/index.php\/wp-json\/wp\/v2\/posts"}],"about":[{"href":"https:\/\/arteeluoghi.it\/index.php\/wp-json\/wp\/v2\/types\/post"}],"author":[{"embeddable":true,"href":"https:\/\/arteeluoghi.it\/index.php\/wp-json\/wp\/v2\/users\/1"}],"replies":[{"embeddable":true,"href":"https:\/\/arteeluoghi.it\/index.php\/wp-json\/wp\/v2\/comments?post=15446"}],"version-history":[{"count":2,"href":"https:\/\/arteeluoghi.it\/index.php\/wp-json\/wp\/v2\/posts\/15446\/revisions"}],"predecessor-version":[{"id":15450,"href":"https:\/\/arteeluoghi.it\/index.php\/wp-json\/wp\/v2\/posts\/15446\/revisions\/15450"}],"wp:featuredmedia":[{"embeddable":true,"href":"https:\/\/arteeluoghi.it\/index.php\/wp-json\/wp\/v2\/media\/15449"}],"wp:attachment":[{"href":"https:\/\/arteeluoghi.it\/index.php\/wp-json\/wp\/v2\/media?parent=15446"}],"wp:term":[{"taxonomy":"category","embeddable":true,"href":"https:\/\/arteeluoghi.it\/index.php\/wp-json\/wp\/v2\/categories?post=15446"},{"taxonomy":"post_tag","embeddable":true,"href":"https:\/\/arteeluoghi.it\/index.php\/wp-json\/wp\/v2\/tags?post=15446"}],"curies":[{"name":"wp","href":"https:\/\/api.w.org\/{rel}","templated":true}]}}