{"id":15458,"date":"2025-05-31T11:29:00","date_gmt":"2025-05-31T09:29:00","guid":{"rendered":"https:\/\/arteeluoghi.it\/?p=15458"},"modified":"2025-06-03T11:36:10","modified_gmt":"2025-06-03T09:36:10","slug":"urbana-natura-come-interpretare-e-ripensare-martano-e-i-suoi-borghi","status":"publish","type":"post","link":"https:\/\/arteeluoghi.it\/index.php\/2025\/05\/31\/urbana-natura-come-interpretare-e-ripensare-martano-e-i-suoi-borghi\/","title":{"rendered":"Urbana Natura, come interpretare e ripensare Martano e i suoi borghi"},"content":{"rendered":"\n<blockquote class=\"wp-block-quote\"><p>I gruppi di lavoro del laboratorio Urbana Natura hanno presentato le ipotesi progettuali. l prossimo appuntamento \u00e8 <strong>dal 2 al 5 ottobre<\/strong>, per l\u2019<strong>Edizione 2025 di Agor\u00e0 Design <\/strong>sul tema \u201cil progetto necessario con la mostra dei lavori proposti<\/p><\/blockquote>\n\n\n\n<p><strong>Con la presentazione dei materiali e le ipotesi progettuali <u>si \u00e8 concluso domenica <\/u>il <u>Laboratorio di architettura e progettazione partecipata<\/u> promosso e organizzato da Ordine Architetti PPC provincia di Lecce e Sprech.<br>Da Largo Pozzelle a Piazza Caduti, da Corte Grande al Mulino Marati: coordinati da Antonio Capestro, Michele Manigrasso, Paola Misino<\/strong>, <strong>Rino Carluccio i gruppi di lavoro hanno riletto i luoghi e immaginato la loro trasformazione lungo un unico comun denominatore: trasformare la memoria in nuova energia.<\/strong><\/p>\n\n\n\n<!--more-->\n\n\n\n<div class=\"wp-block-image\"><figure class=\"alignleft size-large is-resized\"><img loading=\"lazy\" src=\"https:\/\/arteeluoghi.it\/wp-content\/uploads\/2025\/06\/URBANA-NATURA-MARTANO_Workshop-1024x461.jpg\" alt=\"\" class=\"wp-image-15460\" width=\"473\" height=\"213\" srcset=\"https:\/\/arteeluoghi.it\/wp-content\/uploads\/2025\/06\/URBANA-NATURA-MARTANO_Workshop-1024x461.jpg 1024w, https:\/\/arteeluoghi.it\/wp-content\/uploads\/2025\/06\/URBANA-NATURA-MARTANO_Workshop-300x135.jpg 300w, https:\/\/arteeluoghi.it\/wp-content\/uploads\/2025\/06\/URBANA-NATURA-MARTANO_Workshop-768x346.jpg 768w, https:\/\/arteeluoghi.it\/wp-content\/uploads\/2025\/06\/URBANA-NATURA-MARTANO_Workshop-1536x691.jpg 1536w, https:\/\/arteeluoghi.it\/wp-content\/uploads\/2025\/06\/URBANA-NATURA-MARTANO_Workshop.jpg 1600w\" sizes=\"(max-width: 473px) 100vw, 473px\" \/><\/figure><\/div>\n\n\n\n<p>\u201c\u00c8 stata un\u2019occasione preziosa per condividere metodologie di analisi e di lavoro, strumenti conoscitivi, confrontarsi sulle dinamiche della trasformazione urbana tra permanenza, trasformazione, temporaneit\u00e0, riaffermare la centralit\u00e0, proprio nei processi di rigenerazione urbana, della relazione ineludibile con le comunit\u00e0 territoriali, la loro memoria, i loro ricordi, perch\u00e9 la storia dei luoghi \u00e8 anche storia delle persone che quei luoghi abitano o hanno abitato. Nessuno strumento urbanistico, neanche il migliore, come nessuna strategia di crescita o sviluppo territoriale, pu\u00f2 illudersi di bypassare questo snodo. Sono necessarie non logiche autoreferenziali ma trasversalit\u00e0 e multidisciplinariet\u00e0 dei saperi e delle competenze.&nbsp;<\/p>\n\n\n\n<p>Conservare, valorizzare e promuovere le potenzialit\u00e0 dei Concorsi di Progettazione &#8211; sebbene in un contesto normativo in continua evoluzione \u2013 appare essere la strada che consenta di ottenere progetti di qualit\u00e0 elevata coinvolgendo professionalit\u00e0 che si misurino con le sole armi della professionalit\u00e0 e dello spirito di sana competizione\u201d.&nbsp;&nbsp;<\/p>\n\n\n\n<div class=\"wp-block-image\"><figure class=\"alignright size-large is-resized\"><img loading=\"lazy\" src=\"https:\/\/arteeluoghi.it\/wp-content\/uploads\/2025\/06\/URBANA-NATURA-MARTANO_WorkShop_1-460x1024.jpg\" alt=\"\" class=\"wp-image-15461\" width=\"376\" height=\"837\" srcset=\"https:\/\/arteeluoghi.it\/wp-content\/uploads\/2025\/06\/URBANA-NATURA-MARTANO_WorkShop_1-460x1024.jpg 460w, https:\/\/arteeluoghi.it\/wp-content\/uploads\/2025\/06\/URBANA-NATURA-MARTANO_WorkShop_1-135x300.jpg 135w, https:\/\/arteeluoghi.it\/wp-content\/uploads\/2025\/06\/URBANA-NATURA-MARTANO_WorkShop_1-690x1536.jpg 690w, https:\/\/arteeluoghi.it\/wp-content\/uploads\/2025\/06\/URBANA-NATURA-MARTANO_WorkShop_1.jpg 719w\" sizes=\"(max-width: 376px) 100vw, 376px\" \/><\/figure><\/div>\n\n\n\n<p>Cos\u00ec <strong>Tommaso Marcucci<\/strong>, presidente dell\u2019Ordine degli Architetti della provincia di Lecce, a conclusione di <strong>URBANA NATURA_Il progetto della Citt\u00e0 tra permanenza e temporaneit\u00e0<\/strong>, <strong>Laboratorio di architettura e progettazione partecipata svoltosi a Martano dal 23 al 25 maggio scorsi<\/strong>, promosso e organizzato da <strong>Ordine Architetti PPC provincia di Lecce<\/strong> e <strong>Sprech<\/strong> con il <strong>patrocinio <\/strong>della Provincia di Lecce e della locale Amministrazione Comunale, <strong>in collaborazione <\/strong>con Universit\u00e0 degli Studi Chieti-Pescara, Dipartimento di Architettura Pescara, Citt\u00e0 Fertile.<\/p>\n\n\n\n<p>Quattro luoghi urbani: <strong>Largo Pozzelle<\/strong> (dove un temposi contavano probabilmente fino a cento serbatoi ipogei realizzati per accumulare l\u2019acqua piovana), <strong>Piazza Caduti (<\/strong>rivisitata nel corso degli anni ma ancora in divenire), <strong>Corte Grande (<\/strong>bellissimo esempio di casa a corte<strong>)<\/strong> lungo la via che va al mare, <strong>Mulino Marati<\/strong>, straordinario luogo di archeologia industriale risalente agli ultimissimi anni dell\u2019800, per altrettanti gruppi di lavoro coordinati da <strong>Rino Carluccio, <\/strong>pianificatore territoriale, aps Citt\u00e0 Fertile<strong>; Antonio Capestro, <\/strong>Dipartimento di Architettura dell&#8217;Universit\u00e0 degli Studi di Firenze<strong>; Paola Misino, <\/strong>Dipartimento Architettura di Pescara-Unich<strong>; Michele Manigrasso<\/strong>, <strong>Dipartimento Architettura dell\u2019Universit\u00e0 G. d\u2019Annunzio di Chieti-Pescara, affiancati dai tutor Matteo Almoneti, Claudio Costantino, Kevin di Chello, <\/strong>Giorgia Maggiore, Davide Negro, Giulia Trifoglio, Lino Carratta<strong>.<\/strong><br><br>E proprio l\u2019acqua sembra essere stata il comun denominatore nelle proposte emerse dai gruppi di lavoro cos\u00ec come l\u2019invito pressante, sottolineato da tutti i coordinatori, a pensare e progettare le strategie di recupero dei centri antichi senza pensarli \u201ca tutti i costi funzionali solo ed esclusivamente ad un processo turistico che congela l\u2019immagine dei luoghi slegandola dalla loro concreta fisicit\u00e0\u201d.<br><br>Conoscenza, memoria, consapevolezza, patrimonio, comunit\u00e0, trasformazione, paesaggio, identit\u00e0, esperienza: come altrettante chiavi di volta, sono state queste le parole le parole chiave che hanno segnato e caratterizzato le tre giornate di lavoro: la prima dedicata all\u2019ascolto e caratterizzata anche dalla testimonianza di Angela Marati, erede di quel Francesco Marati appassionato mazziniano, abile imprenditore e pioniere dell\u2019industria, che a Martano oltre al Mulino realizz\u00f2 manifatture per la molitura delle olive e un magazzino per la prima lavorazione del tabacco; la seconda all\u2019ideazione; la terza alla restituzione.<\/p>\n\n\n\n<p><br>Ecco allora le ipotesi, accolte nella giornata conclusiva dal Sindaco di Martano, <strong>Fabio Tarantino<\/strong>, come altrettante occasioni per la pianificazione urbanistica e la qualit\u00e0 delle trasformazioni urbane, capaci di suggerire, come hanno indicato i coordinatori, \u201cuna nuova identit\u00e0 dei luoghi capace al contempo di conservare e trattenere le matrici, la bellezza, la profondit\u00e0 della relazione con lo spazio intorno, l\u2019esperienza degli abitanti, la storia della comunit\u00e0\u201d. E paradigma di quella convergenza e multidisciplinariet\u00e0 dei saperi e delle competenze che, ha ricordato <strong>Salvatore Rescio<\/strong> di <strong>Sprech<\/strong>, \u00e8 alla base dell\u2019esperienza di Agor\u00e0 fin dall\u2019avvio, nel 1996.<\/p>\n\n\n\n<p><br><strong>Largo Pozzelle<\/strong> rivisitato per riportare al centro la sua natura di spazio pubblico, bene comune un tempo destinato agli usi civici grazie alla presenza delle <em>pozzelle<\/em> che garantivano l\u2019acqua all\u2019intera popolazione martanese, caratterizzato, nella suggestione proposta, da una green way ciclabile, da un sistema di giardini aperto, dal recupero del segno originario come tratto identificativo e narrativo, dalla relazione con quello che pu\u00f2 essere identificato come un vero e proprio sistema di piazze: da Largo Pozzelle a Piazza Caduti.<br><strong>Piazza Caduti<\/strong> interpretata come spazio aperto, poroso, dove poter immaginare una importante presenza di verde e la realizzazione di un \u201cmuro d\u2019acqua\u201d, in costante connessione con i Giardini Comunali, il cortile del Palazzo Baronale, le strade di via Pomerio e via Marconi, come a creare una sola isola urbana e, a vederla dall\u2019alto, la continuazione del sistema di Piazze, verso Piazza Assunta e Largo Santa Sofia.<\/p>\n\n\n\n<p>Infine, <strong>Corte Grande e Mulino Marati<\/strong>, quasi un unico organismo, per rileggere la funzione urbana della casa a corte e la sua natura di confine tra lo spazio privato e lo spazio pubblico, e immaginare il Mulino Marati come un grande polmone culturale, un \u201cdispositivo potente e affascinate\u201d per riabitare una porzione di borgo antico recuperando una storia che chiede di essere conosciuta e ascoltata, anche stavolta con l\u2019acqua come segno potente, capace di ricucire la storia passata e il futuro dei luoghi.<br><br>Per <strong>URBANA NATURA<\/strong> e i suoi promotori, la conclusivo del workshop \u00e8 solo il primo step. Il prossimo appuntamento \u00e8 <strong>dal 2 al 5 ottobre<\/strong>, per l\u2019<strong>Edizione 2025 di Agor\u00e0 Design <\/strong>sul tema \u201cil progetto necessario\u201d, dove le proposte e i materiali prodotti, dalle foto alle interviste con gli abitanti ai video realizzati, confluiranno in una <strong>Mostra<\/strong> caratterizzata da uno specifico allestimento e saranno presentati nel corso di una discussione pubblica.<\/p>\n\n\n\n<p>(fonte: comunicato stampa)<\/p>\n","protected":false},"excerpt":{"rendered":"<p>I gruppi di lavoro del laboratorio Urbana Natura hanno presentato le ipotesi progettuali. l prossimo appuntamento \u00e8 dal 2 al<\/p>\n","protected":false},"author":1,"featured_media":15459,"comment_status":"open","ping_status":"open","sticky":true,"template":"","format":"standard","meta":[],"categories":[18,19],"tags":[2056,1582,6557,1855,6556],"yoast_head":"<!-- This site is optimized with the Yoast SEO plugin v18.0 - https:\/\/yoast.com\/wordpress\/plugins\/seo\/ -->\n<title>Urbana Natura, come interpretare e ripensare Martano e i suoi borghi | Arte e Luoghi<\/title>\n<meta name=\"description\" content=\"I gruppi di lavoro del laboratorio Urbana Natura hanno presentato le ipotesi progettuali. l prossimo appuntamento \u00e8 dal 2 al 5 ottobre\" \/>\n<meta name=\"robots\" content=\"index, follow, max-snippet:-1, max-image-preview:large, max-video-preview:-1\" \/>\n<link rel=\"canonical\" href=\"https:\/\/arteeluoghi.it\/index.php\/2025\/05\/31\/urbana-natura-come-interpretare-e-ripensare-martano-e-i-suoi-borghi\/\" \/>\n<meta property=\"og:locale\" content=\"it_IT\" \/>\n<meta property=\"og:type\" content=\"article\" \/>\n<meta property=\"og:title\" content=\"Urbana Natura, come interpretare e ripensare Martano e i suoi borghi | Arte e Luoghi\" \/>\n<meta property=\"og:description\" content=\"I gruppi di lavoro del laboratorio Urbana Natura hanno presentato le ipotesi progettuali. l prossimo appuntamento \u00e8 dal 2 al 5 ottobre\" \/>\n<meta property=\"og:url\" content=\"https:\/\/arteeluoghi.it\/index.php\/2025\/05\/31\/urbana-natura-come-interpretare-e-ripensare-martano-e-i-suoi-borghi\/\" \/>\n<meta property=\"og:site_name\" content=\"Arte e Luoghi\" \/>\n<meta property=\"article:publisher\" content=\"https:\/\/www.facebook.com\/ArteELuoghi\/\" \/>\n<meta property=\"article:published_time\" content=\"2025-05-31T09:29:00+00:00\" \/>\n<meta property=\"article:modified_time\" content=\"2025-06-03T09:36:10+00:00\" \/>\n<meta property=\"og:image\" content=\"https:\/\/arteeluoghi.it\/wp-content\/uploads\/2025\/06\/URBANA-NATURA-MARTANO_WorkShop-Piazza-Caduti.jpg\" \/>\n\t<meta property=\"og:image:width\" content=\"1600\" \/>\n\t<meta property=\"og:image:height\" content=\"720\" \/>\n\t<meta property=\"og:image:type\" content=\"image\/jpeg\" \/>\n<meta name=\"twitter:card\" content=\"summary\" \/>\n<meta name=\"twitter:creator\" content=\"@arteeluoghi\" \/>\n<meta name=\"twitter:site\" content=\"@arteeluoghi\" \/>\n<meta name=\"twitter:label1\" content=\"Scritto da\" \/>\n\t<meta name=\"twitter:data1\" content=\"Staff\" \/>\n\t<meta name=\"twitter:label2\" content=\"Tempo di lettura stimato\" \/>\n\t<meta name=\"twitter:data2\" content=\"6 minuti\" \/>\n<script type=\"application\/ld+json\" class=\"yoast-schema-graph\">{\"@context\":\"https:\/\/schema.org\",\"@graph\":[{\"@type\":\"Organization\",\"@id\":\"https:\/\/arteeluoghi.it\/#organization\",\"name\":\"Arte e Luoghi\",\"url\":\"https:\/\/arteeluoghi.it\/\",\"sameAs\":[\"https:\/\/www.facebook.com\/ArteELuoghi\/\",\"https:\/\/www.instagram.com\/arteeluoghi\/?hl=it\",\"https:\/\/www.youtube.com\/channel\/UCuRVc4JW4-C5sg9rQB-srkw?view_as=subscriber\",\"https:\/\/twitter.com\/arteeluoghi\"],\"logo\":{\"@type\":\"ImageObject\",\"@id\":\"https:\/\/arteeluoghi.it\/#logo\",\"inLanguage\":\"it-IT\",\"url\":\"https:\/\/arteeluoghi.it\/wp-content\/uploads\/2018\/08\/logoinstagramarte.jpg\",\"contentUrl\":\"https:\/\/arteeluoghi.it\/wp-content\/uploads\/2018\/08\/logoinstagramarte.jpg\",\"width\":150,\"height\":150,\"caption\":\"Arte e Luoghi\"},\"image\":{\"@id\":\"https:\/\/arteeluoghi.it\/#logo\"}},{\"@type\":\"WebSite\",\"@id\":\"https:\/\/arteeluoghi.it\/#website\",\"url\":\"https:\/\/arteeluoghi.it\/\",\"name\":\"Arte e Luoghi\",\"description\":\"Mensile di arte, cultura, turismo e curiosit\u00e0\",\"publisher\":{\"@id\":\"https:\/\/arteeluoghi.it\/#organization\"},\"potentialAction\":[{\"@type\":\"SearchAction\",\"target\":{\"@type\":\"EntryPoint\",\"urlTemplate\":\"https:\/\/arteeluoghi.it\/?s={search_term_string}\"},\"query-input\":\"required name=search_term_string\"}],\"inLanguage\":\"it-IT\"},{\"@type\":\"ImageObject\",\"@id\":\"https:\/\/arteeluoghi.it\/index.php\/2025\/05\/31\/urbana-natura-come-interpretare-e-ripensare-martano-e-i-suoi-borghi\/#primaryimage\",\"inLanguage\":\"it-IT\",\"url\":\"https:\/\/arteeluoghi.it\/wp-content\/uploads\/2025\/06\/URBANA-NATURA-MARTANO_WorkShop-Piazza-Caduti.jpg\",\"contentUrl\":\"https:\/\/arteeluoghi.it\/wp-content\/uploads\/2025\/06\/URBANA-NATURA-MARTANO_WorkShop-Piazza-Caduti.jpg\",\"width\":1600,\"height\":720},{\"@type\":\"WebPage\",\"@id\":\"https:\/\/arteeluoghi.it\/index.php\/2025\/05\/31\/urbana-natura-come-interpretare-e-ripensare-martano-e-i-suoi-borghi\/#webpage\",\"url\":\"https:\/\/arteeluoghi.it\/index.php\/2025\/05\/31\/urbana-natura-come-interpretare-e-ripensare-martano-e-i-suoi-borghi\/\",\"name\":\"Urbana Natura, come interpretare e ripensare Martano e i suoi borghi | Arte e Luoghi\",\"isPartOf\":{\"@id\":\"https:\/\/arteeluoghi.it\/#website\"},\"primaryImageOfPage\":{\"@id\":\"https:\/\/arteeluoghi.it\/index.php\/2025\/05\/31\/urbana-natura-come-interpretare-e-ripensare-martano-e-i-suoi-borghi\/#primaryimage\"},\"datePublished\":\"2025-05-31T09:29:00+00:00\",\"dateModified\":\"2025-06-03T09:36:10+00:00\",\"description\":\"I gruppi di lavoro del laboratorio Urbana Natura hanno presentato le ipotesi progettuali. l prossimo appuntamento \u00e8 dal 2 al 5 ottobre\",\"breadcrumb\":{\"@id\":\"https:\/\/arteeluoghi.it\/index.php\/2025\/05\/31\/urbana-natura-come-interpretare-e-ripensare-martano-e-i-suoi-borghi\/#breadcrumb\"},\"inLanguage\":\"it-IT\",\"potentialAction\":[{\"@type\":\"ReadAction\",\"target\":[\"https:\/\/arteeluoghi.it\/index.php\/2025\/05\/31\/urbana-natura-come-interpretare-e-ripensare-martano-e-i-suoi-borghi\/\"]}]},{\"@type\":\"BreadcrumbList\",\"@id\":\"https:\/\/arteeluoghi.it\/index.php\/2025\/05\/31\/urbana-natura-come-interpretare-e-ripensare-martano-e-i-suoi-borghi\/#breadcrumb\",\"itemListElement\":[{\"@type\":\"ListItem\",\"position\":1,\"name\":\"Home\",\"item\":\"https:\/\/arteeluoghi.it\/\"},{\"@type\":\"ListItem\",\"position\":2,\"name\":\"Urbana Natura, come interpretare e ripensare Martano e i suoi borghi\"}]},{\"@type\":\"Article\",\"@id\":\"https:\/\/arteeluoghi.it\/index.php\/2025\/05\/31\/urbana-natura-come-interpretare-e-ripensare-martano-e-i-suoi-borghi\/#article\",\"isPartOf\":{\"@id\":\"https:\/\/arteeluoghi.it\/index.php\/2025\/05\/31\/urbana-natura-come-interpretare-e-ripensare-martano-e-i-suoi-borghi\/#webpage\"},\"author\":{\"@id\":\"https:\/\/arteeluoghi.it\/#\/schema\/person\/f84e814e36e91e01448ee07eaadd41d4\"},\"headline\":\"Urbana Natura, come interpretare e ripensare Martano e i suoi borghi\",\"datePublished\":\"2025-05-31T09:29:00+00:00\",\"dateModified\":\"2025-06-03T09:36:10+00:00\",\"mainEntityOfPage\":{\"@id\":\"https:\/\/arteeluoghi.it\/index.php\/2025\/05\/31\/urbana-natura-come-interpretare-e-ripensare-martano-e-i-suoi-borghi\/#webpage\"},\"wordCount\":1014,\"commentCount\":0,\"publisher\":{\"@id\":\"https:\/\/arteeluoghi.it\/#organization\"},\"image\":{\"@id\":\"https:\/\/arteeluoghi.it\/index.php\/2025\/05\/31\/urbana-natura-come-interpretare-e-ripensare-martano-e-i-suoi-borghi\/#primaryimage\"},\"thumbnailUrl\":\"https:\/\/arteeluoghi.it\/wp-content\/uploads\/2025\/06\/URBANA-NATURA-MARTANO_WorkShop-Piazza-Caduti.jpg\",\"keywords\":[\"architettura\",\"design\",\"laboratorio di architettura\",\"Martano\",\"Urbana Natura\"],\"articleSection\":[\"architettura\",\"design\"],\"inLanguage\":\"it-IT\",\"potentialAction\":[{\"@type\":\"CommentAction\",\"name\":\"Comment\",\"target\":[\"https:\/\/arteeluoghi.it\/index.php\/2025\/05\/31\/urbana-natura-come-interpretare-e-ripensare-martano-e-i-suoi-borghi\/#respond\"]}]},{\"@type\":\"Person\",\"@id\":\"https:\/\/arteeluoghi.it\/#\/schema\/person\/f84e814e36e91e01448ee07eaadd41d4\",\"name\":\"Staff\",\"image\":{\"@type\":\"ImageObject\",\"@id\":\"https:\/\/arteeluoghi.it\/#personlogo\",\"inLanguage\":\"it-IT\",\"url\":\"https:\/\/secure.gravatar.com\/avatar\/49d2f9e46271bb04e19cebfaf141313a?s=96&d=blank&r=g\",\"contentUrl\":\"https:\/\/secure.gravatar.com\/avatar\/49d2f9e46271bb04e19cebfaf141313a?s=96&d=blank&r=g\",\"caption\":\"Staff\"}}]}<\/script>\n<!-- \/ Yoast SEO plugin. -->","yoast_head_json":{"title":"Urbana Natura, come interpretare e ripensare Martano e i suoi borghi | Arte e Luoghi","description":"I gruppi di lavoro del laboratorio Urbana Natura hanno presentato le ipotesi progettuali. l prossimo appuntamento \u00e8 dal 2 al 5 ottobre","robots":{"index":"index","follow":"follow","max-snippet":"max-snippet:-1","max-image-preview":"max-image-preview:large","max-video-preview":"max-video-preview:-1"},"canonical":"https:\/\/arteeluoghi.it\/index.php\/2025\/05\/31\/urbana-natura-come-interpretare-e-ripensare-martano-e-i-suoi-borghi\/","og_locale":"it_IT","og_type":"article","og_title":"Urbana Natura, come interpretare e ripensare Martano e i suoi borghi | Arte e Luoghi","og_description":"I gruppi di lavoro del laboratorio Urbana Natura hanno presentato le ipotesi progettuali. l prossimo appuntamento \u00e8 dal 2 al 5 ottobre","og_url":"https:\/\/arteeluoghi.it\/index.php\/2025\/05\/31\/urbana-natura-come-interpretare-e-ripensare-martano-e-i-suoi-borghi\/","og_site_name":"Arte e Luoghi","article_publisher":"https:\/\/www.facebook.com\/ArteELuoghi\/","article_published_time":"2025-05-31T09:29:00+00:00","article_modified_time":"2025-06-03T09:36:10+00:00","og_image":[{"width":1600,"height":720,"url":"https:\/\/arteeluoghi.it\/wp-content\/uploads\/2025\/06\/URBANA-NATURA-MARTANO_WorkShop-Piazza-Caduti.jpg","type":"image\/jpeg"}],"twitter_card":"summary","twitter_creator":"@arteeluoghi","twitter_site":"@arteeluoghi","twitter_misc":{"Scritto da":"Staff","Tempo di lettura stimato":"6 minuti"},"schema":{"@context":"https:\/\/schema.org","@graph":[{"@type":"Organization","@id":"https:\/\/arteeluoghi.it\/#organization","name":"Arte e Luoghi","url":"https:\/\/arteeluoghi.it\/","sameAs":["https:\/\/www.facebook.com\/ArteELuoghi\/","https:\/\/www.instagram.com\/arteeluoghi\/?hl=it","https:\/\/www.youtube.com\/channel\/UCuRVc4JW4-C5sg9rQB-srkw?view_as=subscriber","https:\/\/twitter.com\/arteeluoghi"],"logo":{"@type":"ImageObject","@id":"https:\/\/arteeluoghi.it\/#logo","inLanguage":"it-IT","url":"https:\/\/arteeluoghi.it\/wp-content\/uploads\/2018\/08\/logoinstagramarte.jpg","contentUrl":"https:\/\/arteeluoghi.it\/wp-content\/uploads\/2018\/08\/logoinstagramarte.jpg","width":150,"height":150,"caption":"Arte e Luoghi"},"image":{"@id":"https:\/\/arteeluoghi.it\/#logo"}},{"@type":"WebSite","@id":"https:\/\/arteeluoghi.it\/#website","url":"https:\/\/arteeluoghi.it\/","name":"Arte e Luoghi","description":"Mensile di arte, cultura, turismo e curiosit\u00e0","publisher":{"@id":"https:\/\/arteeluoghi.it\/#organization"},"potentialAction":[{"@type":"SearchAction","target":{"@type":"EntryPoint","urlTemplate":"https:\/\/arteeluoghi.it\/?s={search_term_string}"},"query-input":"required name=search_term_string"}],"inLanguage":"it-IT"},{"@type":"ImageObject","@id":"https:\/\/arteeluoghi.it\/index.php\/2025\/05\/31\/urbana-natura-come-interpretare-e-ripensare-martano-e-i-suoi-borghi\/#primaryimage","inLanguage":"it-IT","url":"https:\/\/arteeluoghi.it\/wp-content\/uploads\/2025\/06\/URBANA-NATURA-MARTANO_WorkShop-Piazza-Caduti.jpg","contentUrl":"https:\/\/arteeluoghi.it\/wp-content\/uploads\/2025\/06\/URBANA-NATURA-MARTANO_WorkShop-Piazza-Caduti.jpg","width":1600,"height":720},{"@type":"WebPage","@id":"https:\/\/arteeluoghi.it\/index.php\/2025\/05\/31\/urbana-natura-come-interpretare-e-ripensare-martano-e-i-suoi-borghi\/#webpage","url":"https:\/\/arteeluoghi.it\/index.php\/2025\/05\/31\/urbana-natura-come-interpretare-e-ripensare-martano-e-i-suoi-borghi\/","name":"Urbana Natura, come interpretare e ripensare Martano e i suoi borghi | Arte e Luoghi","isPartOf":{"@id":"https:\/\/arteeluoghi.it\/#website"},"primaryImageOfPage":{"@id":"https:\/\/arteeluoghi.it\/index.php\/2025\/05\/31\/urbana-natura-come-interpretare-e-ripensare-martano-e-i-suoi-borghi\/#primaryimage"},"datePublished":"2025-05-31T09:29:00+00:00","dateModified":"2025-06-03T09:36:10+00:00","description":"I gruppi di lavoro del laboratorio Urbana Natura hanno presentato le ipotesi progettuali. l prossimo appuntamento \u00e8 dal 2 al 5 ottobre","breadcrumb":{"@id":"https:\/\/arteeluoghi.it\/index.php\/2025\/05\/31\/urbana-natura-come-interpretare-e-ripensare-martano-e-i-suoi-borghi\/#breadcrumb"},"inLanguage":"it-IT","potentialAction":[{"@type":"ReadAction","target":["https:\/\/arteeluoghi.it\/index.php\/2025\/05\/31\/urbana-natura-come-interpretare-e-ripensare-martano-e-i-suoi-borghi\/"]}]},{"@type":"BreadcrumbList","@id":"https:\/\/arteeluoghi.it\/index.php\/2025\/05\/31\/urbana-natura-come-interpretare-e-ripensare-martano-e-i-suoi-borghi\/#breadcrumb","itemListElement":[{"@type":"ListItem","position":1,"name":"Home","item":"https:\/\/arteeluoghi.it\/"},{"@type":"ListItem","position":2,"name":"Urbana Natura, come interpretare e ripensare Martano e i suoi borghi"}]},{"@type":"Article","@id":"https:\/\/arteeluoghi.it\/index.php\/2025\/05\/31\/urbana-natura-come-interpretare-e-ripensare-martano-e-i-suoi-borghi\/#article","isPartOf":{"@id":"https:\/\/arteeluoghi.it\/index.php\/2025\/05\/31\/urbana-natura-come-interpretare-e-ripensare-martano-e-i-suoi-borghi\/#webpage"},"author":{"@id":"https:\/\/arteeluoghi.it\/#\/schema\/person\/f84e814e36e91e01448ee07eaadd41d4"},"headline":"Urbana Natura, come interpretare e ripensare Martano e i suoi borghi","datePublished":"2025-05-31T09:29:00+00:00","dateModified":"2025-06-03T09:36:10+00:00","mainEntityOfPage":{"@id":"https:\/\/arteeluoghi.it\/index.php\/2025\/05\/31\/urbana-natura-come-interpretare-e-ripensare-martano-e-i-suoi-borghi\/#webpage"},"wordCount":1014,"commentCount":0,"publisher":{"@id":"https:\/\/arteeluoghi.it\/#organization"},"image":{"@id":"https:\/\/arteeluoghi.it\/index.php\/2025\/05\/31\/urbana-natura-come-interpretare-e-ripensare-martano-e-i-suoi-borghi\/#primaryimage"},"thumbnailUrl":"https:\/\/arteeluoghi.it\/wp-content\/uploads\/2025\/06\/URBANA-NATURA-MARTANO_WorkShop-Piazza-Caduti.jpg","keywords":["architettura","design","laboratorio di architettura","Martano","Urbana Natura"],"articleSection":["architettura","design"],"inLanguage":"it-IT","potentialAction":[{"@type":"CommentAction","name":"Comment","target":["https:\/\/arteeluoghi.it\/index.php\/2025\/05\/31\/urbana-natura-come-interpretare-e-ripensare-martano-e-i-suoi-borghi\/#respond"]}]},{"@type":"Person","@id":"https:\/\/arteeluoghi.it\/#\/schema\/person\/f84e814e36e91e01448ee07eaadd41d4","name":"Staff","image":{"@type":"ImageObject","@id":"https:\/\/arteeluoghi.it\/#personlogo","inLanguage":"it-IT","url":"https:\/\/secure.gravatar.com\/avatar\/49d2f9e46271bb04e19cebfaf141313a?s=96&d=blank&r=g","contentUrl":"https:\/\/secure.gravatar.com\/avatar\/49d2f9e46271bb04e19cebfaf141313a?s=96&d=blank&r=g","caption":"Staff"}}]}},"_links":{"self":[{"href":"https:\/\/arteeluoghi.it\/index.php\/wp-json\/wp\/v2\/posts\/15458"}],"collection":[{"href":"https:\/\/arteeluoghi.it\/index.php\/wp-json\/wp\/v2\/posts"}],"about":[{"href":"https:\/\/arteeluoghi.it\/index.php\/wp-json\/wp\/v2\/types\/post"}],"author":[{"embeddable":true,"href":"https:\/\/arteeluoghi.it\/index.php\/wp-json\/wp\/v2\/users\/1"}],"replies":[{"embeddable":true,"href":"https:\/\/arteeluoghi.it\/index.php\/wp-json\/wp\/v2\/comments?post=15458"}],"version-history":[{"count":1,"href":"https:\/\/arteeluoghi.it\/index.php\/wp-json\/wp\/v2\/posts\/15458\/revisions"}],"predecessor-version":[{"id":15462,"href":"https:\/\/arteeluoghi.it\/index.php\/wp-json\/wp\/v2\/posts\/15458\/revisions\/15462"}],"wp:featuredmedia":[{"embeddable":true,"href":"https:\/\/arteeluoghi.it\/index.php\/wp-json\/wp\/v2\/media\/15459"}],"wp:attachment":[{"href":"https:\/\/arteeluoghi.it\/index.php\/wp-json\/wp\/v2\/media?parent=15458"}],"wp:term":[{"taxonomy":"category","embeddable":true,"href":"https:\/\/arteeluoghi.it\/index.php\/wp-json\/wp\/v2\/categories?post=15458"},{"taxonomy":"post_tag","embeddable":true,"href":"https:\/\/arteeluoghi.it\/index.php\/wp-json\/wp\/v2\/tags?post=15458"}],"curies":[{"name":"wp","href":"https:\/\/api.w.org\/{rel}","templated":true}]}}