{"id":15467,"date":"2025-06-03T22:01:25","date_gmt":"2025-06-03T20:01:25","guid":{"rendered":"https:\/\/arteeluoghi.it\/?p=15467"},"modified":"2025-06-03T22:01:36","modified_gmt":"2025-06-03T20:01:36","slug":"archivissima-2025-dalla-parte-del-futuro","status":"publish","type":"post","link":"https:\/\/arteeluoghi.it\/index.php\/2025\/06\/03\/archivissima-2025-dalla-parte-del-futuro\/","title":{"rendered":"Archivissima 2025 \u2013 Dalla parte del futuro"},"content":{"rendered":"\n<blockquote class=\"wp-block-quote is-style-default\"><p>Archivi in scena alla Biblioteca Bernardini di Lecce, venerd\u00ec 6 giugno, dalle ore 18:00 alle 22:00<\/p><\/blockquote>\n\n\n\n<p>Il Polo Biblio-museale di Lecce aderisce alla \u201cNotte degli Archivi\u201d di \u201cArchivissima\u201d, festival nato a Torino nel 2018, giunto all\u2019ottava edizione, dedicato alla promozione dei patrimoni conservati negli archivi storici di enti, istituzioni e imprese, grande e attesa festa,&nbsp;<em>cammino<\/em>&nbsp;di valorizzazione e promozione degli Archivi, unico in Italia e in Europa.<\/p>\n\n\n\n<!--more-->\n\n\n\n<p>Tema dell\u2019edizione 2025 \u00e8 \u201c<strong>Dalla parte del futuro<\/strong>\u201d, la suggestione \u2013 che la&nbsp;<strong>Rete degli Archivi di Puglia<\/strong>&nbsp;rilancia \u2013 muove dall\u2019idea dei mondi possibili e (im)possibili e vuol riflettere sull\u2019idea di futuro da costruire. Gli archivi tengono al futuro, se ne prendono cura, custodendo il passato e immaginando nuovi modi e nuovi mondi. Se \u00e8 vero che l\u2019evoluzione della specie avanza un individuo alla volta, il futuro dell\u2019umanit\u00e0 \u00e8 un concetto inclusivo, cucito da relazioni e diversit\u00e0 da valorizzare e tutelare. Nasce plurale, esattamente come gli archivi nascono collettivi, interrelati e interconnessi.&#8221;<\/p>\n\n\n\n<p><strong>Venerd\u00ec 6 giugno<\/strong>, la Biblioteca Bernardini si apre al pubblico con un ciclo di visite guidate,&nbsp;<strong>dalle 18 alle 22<\/strong>, negli spazi dell\u2019ex Convitto Palmieri, dedicati&nbsp;alla \u201cCultura Teatrale e alle Arti dello Spettacolo\u201d che custodiscono,&nbsp;insieme ad importanti fondi bibliografici come il fondo D\u2019Amico e il fondo Pastore,&nbsp;<strong>l\u2019Archivio Carmelo Bene<\/strong>&nbsp;e l\u2019<strong>Archivio LAFLIS di Eugenio Barba e Julia Varley<\/strong>.<\/p>\n\n\n\n<div class=\"wp-block-image\"><figure class=\"alignleft size-large is-resized\"><img loading=\"lazy\" src=\"https:\/\/arteeluoghi.it\/wp-content\/uploads\/2024\/06\/1_Biblioteca-Bernardini_spazi_Archivio_Carmelo_Bene-1024x683.jpg\" alt=\"\" class=\"wp-image-14487\" width=\"478\" height=\"319\" srcset=\"https:\/\/arteeluoghi.it\/wp-content\/uploads\/2024\/06\/1_Biblioteca-Bernardini_spazi_Archivio_Carmelo_Bene-1024x683.jpg 1024w, https:\/\/arteeluoghi.it\/wp-content\/uploads\/2024\/06\/1_Biblioteca-Bernardini_spazi_Archivio_Carmelo_Bene-300x200.jpg 300w, https:\/\/arteeluoghi.it\/wp-content\/uploads\/2024\/06\/1_Biblioteca-Bernardini_spazi_Archivio_Carmelo_Bene-768x512.jpg 768w, https:\/\/arteeluoghi.it\/wp-content\/uploads\/2024\/06\/1_Biblioteca-Bernardini_spazi_Archivio_Carmelo_Bene-1536x1024.jpg 1536w, https:\/\/arteeluoghi.it\/wp-content\/uploads\/2024\/06\/1_Biblioteca-Bernardini_spazi_Archivio_Carmelo_Bene.jpg 1920w\" sizes=\"(max-width: 478px) 100vw, 478px\" \/><\/figure><\/div>\n\n\n\n<p><strong>Carmelo Bene<\/strong>&nbsp;ed&nbsp;<strong>Eugenio Barba<\/strong>&nbsp;sono due protagonisti del Novecento, entrambi salentini, hanno rivoluzionato il teatro muovendosi su traiettorie di ricerca completamente diverse ma allo stesso tempo destabilizzanti e innovative per le aperture e connessioni che hanno esercitato nell\u2019ambito della ricerca teatrale e artistica contemporanea.<\/p>\n\n\n\n<p>L\u2019Archivio Carmelo Bene, aperto nel 2021, unisce in un solo luogo gran parte del patrimonio intellettuale e artistico del grande attore, regista e scrittore, scomparso nel 2002. Raccoglie una vasta gamma di materiali: copioni, manoscritti, testi da leggio, disegni di scena, sceneggiature, spartiti, fotografie, registrazioni audio e video, lettere, saggi, articoli e testi critici. Un archivio che preserva l&#8217;eredit\u00e0 artistica di Bene, diventando risorsa per studiosi, ricercatori e appassionati che desiderano approfondire la sua opera e il suo impatto sulla cultura contemporanea.<\/p>\n\n\n\n<p>Il LAFLIS \u2013 l\u2019Archivio delle Isole Galleggianti di Eugenio Barba costituisce un eccezionale esempio di&nbsp;<em>archivio vivente<\/em>&nbsp;con l\u2019esposizione di materiali biografici, bibliografici e teatrali relativi all\u2019attivit\u00e0 di Barba e Julia Varley, dell\u2019Odin Teatret e del Terzo Teatro creatura barbiana diffusasi&nbsp;in ogni parte del Mondo, anche nei luoghi pi\u00f9 remoti, i luoghi \u201csenza teatro\u201d, fondando una \u201cnuova tradizione\u201d, pi\u00f9 coinvolgente e impegnativa di quella che normalmente pensa il teatro come semplice produzione e consumo di spettacolo.<\/p>\n\n\n\n<p><strong>LA MOSTRA DEDICATA A&nbsp;<em>\u201cHOMMELETTE FOR HAMLET\u201d<\/em><\/strong><\/p>\n\n\n\n<p>Nel corso dell\u2019apertura del 6 giugno per \u201cArchivissima\u201d sar\u00e0 cos\u00ec possibile addentrarsi nei percorsi di questi importanti repertori ed esplorare la loro straordinaria particolarit\u00e0 inoltre, nello spazio che ospita l\u2019Archivio Carmelo Bene, sar\u00e0 possibile visitare la mostra dedicata a\u00a0<em>\u201cHommelette for Hamlet\u201d<\/em>, spettacolo teatrale andato in scena \u2013 la prima si tenne al Piccinni di Bari \u2013 a partire dal 1987, con una successiva declinazione televisiva. Oltre ad alcuni costumi saranno esposti, con i due angeli che dominavano la scena realizzati da Gino Marotta, altri materiali come fotografie, scritti, disegni preparatori, immagini relative all\u2019\u201coperetta inqualificabile\u201d, cos\u00ec recitava il sottotitolo dello spettacolo, versione beniana dell\u2019Amleto nata dalla rivisitazione e da un particolarissimo\u00a0<em>m\u00e9lange<\/em>\u00a0delle opere di William Shakespeare e Jules Laforgue.<\/p>\n\n\n\n<p>(fonte: comunicato stampa)<\/p>\n","protected":false},"excerpt":{"rendered":"<p>Archivi in scena alla Biblioteca Bernardini di Lecce, venerd\u00ec 6 giugno, dalle ore 18:00 alle 22:00 Il Polo Biblio-museale di<\/p>\n","protected":false},"author":1,"featured_media":15468,"comment_status":"open","ping_status":"open","sticky":true,"template":"","format":"standard","meta":[],"categories":[3,16],"tags":[6146,2633,134],"yoast_head":"<!-- This site is optimized with the Yoast SEO plugin v18.0 - https:\/\/yoast.com\/wordpress\/plugins\/seo\/ -->\n<title>Archivissima 2025 \u2013 Dalla parte del futuro | Arte e Luoghi<\/title>\n<meta name=\"description\" content=\"Archivi in scena alla Biblioteca Bernardini di Lecce, venerd\u00ec 6 giugno, dalle ore 18:00 alle 22:00 nell&#039;ambito di Archivissima\" \/>\n<meta name=\"robots\" content=\"index, follow, max-snippet:-1, max-image-preview:large, max-video-preview:-1\" \/>\n<link rel=\"canonical\" href=\"https:\/\/arteeluoghi.it\/index.php\/2025\/06\/03\/archivissima-2025-dalla-parte-del-futuro\/\" \/>\n<meta property=\"og:locale\" content=\"it_IT\" \/>\n<meta property=\"og:type\" content=\"article\" \/>\n<meta property=\"og:title\" content=\"Archivissima 2025 \u2013 Dalla parte del futuro | Arte e Luoghi\" \/>\n<meta property=\"og:description\" content=\"Archivi in scena alla Biblioteca Bernardini di Lecce, venerd\u00ec 6 giugno, dalle ore 18:00 alle 22:00 nell&#039;ambito di Archivissima\" \/>\n<meta property=\"og:url\" content=\"https:\/\/arteeluoghi.it\/index.php\/2025\/06\/03\/archivissima-2025-dalla-parte-del-futuro\/\" \/>\n<meta property=\"og:site_name\" content=\"Arte e Luoghi\" \/>\n<meta property=\"article:publisher\" content=\"https:\/\/www.facebook.com\/ArteELuoghi\/\" \/>\n<meta property=\"article:published_time\" content=\"2025-06-03T20:01:25+00:00\" \/>\n<meta property=\"article:modified_time\" content=\"2025-06-03T20:01:36+00:00\" \/>\n<meta property=\"og:image\" content=\"https:\/\/arteeluoghi.it\/wp-content\/uploads\/2025\/06\/BB-archivissima-2025_card-05-12-apr-906x1024.png\" \/>\n\t<meta property=\"og:image:width\" content=\"906\" \/>\n\t<meta property=\"og:image:height\" content=\"1024\" \/>\n\t<meta property=\"og:image:type\" content=\"image\/png\" \/>\n<meta name=\"twitter:card\" content=\"summary\" \/>\n<meta name=\"twitter:creator\" content=\"@arteeluoghi\" \/>\n<meta name=\"twitter:site\" content=\"@arteeluoghi\" \/>\n<meta name=\"twitter:label1\" content=\"Scritto da\" \/>\n\t<meta name=\"twitter:data1\" content=\"Staff\" \/>\n\t<meta name=\"twitter:label2\" content=\"Tempo di lettura stimato\" \/>\n\t<meta name=\"twitter:data2\" content=\"4 minuti\" \/>\n<script type=\"application\/ld+json\" class=\"yoast-schema-graph\">{\"@context\":\"https:\/\/schema.org\",\"@graph\":[{\"@type\":\"Organization\",\"@id\":\"https:\/\/arteeluoghi.it\/#organization\",\"name\":\"Arte e Luoghi\",\"url\":\"https:\/\/arteeluoghi.it\/\",\"sameAs\":[\"https:\/\/www.facebook.com\/ArteELuoghi\/\",\"https:\/\/www.instagram.com\/arteeluoghi\/?hl=it\",\"https:\/\/www.youtube.com\/channel\/UCuRVc4JW4-C5sg9rQB-srkw?view_as=subscriber\",\"https:\/\/twitter.com\/arteeluoghi\"],\"logo\":{\"@type\":\"ImageObject\",\"@id\":\"https:\/\/arteeluoghi.it\/#logo\",\"inLanguage\":\"it-IT\",\"url\":\"https:\/\/arteeluoghi.it\/wp-content\/uploads\/2018\/08\/logoinstagramarte.jpg\",\"contentUrl\":\"https:\/\/arteeluoghi.it\/wp-content\/uploads\/2018\/08\/logoinstagramarte.jpg\",\"width\":150,\"height\":150,\"caption\":\"Arte e Luoghi\"},\"image\":{\"@id\":\"https:\/\/arteeluoghi.it\/#logo\"}},{\"@type\":\"WebSite\",\"@id\":\"https:\/\/arteeluoghi.it\/#website\",\"url\":\"https:\/\/arteeluoghi.it\/\",\"name\":\"Arte e Luoghi\",\"description\":\"Mensile di arte, cultura, turismo e curiosit\u00e0\",\"publisher\":{\"@id\":\"https:\/\/arteeluoghi.it\/#organization\"},\"potentialAction\":[{\"@type\":\"SearchAction\",\"target\":{\"@type\":\"EntryPoint\",\"urlTemplate\":\"https:\/\/arteeluoghi.it\/?s={search_term_string}\"},\"query-input\":\"required name=search_term_string\"}],\"inLanguage\":\"it-IT\"},{\"@type\":\"ImageObject\",\"@id\":\"https:\/\/arteeluoghi.it\/index.php\/2025\/06\/03\/archivissima-2025-dalla-parte-del-futuro\/#primaryimage\",\"inLanguage\":\"it-IT\",\"url\":\"https:\/\/arteeluoghi.it\/wp-content\/uploads\/2025\/06\/BB-archivissima-2025_card-05-12-apr.png\",\"contentUrl\":\"https:\/\/arteeluoghi.it\/wp-content\/uploads\/2025\/06\/BB-archivissima-2025_card-05-12-apr.png\",\"width\":3153,\"height\":3564},{\"@type\":\"WebPage\",\"@id\":\"https:\/\/arteeluoghi.it\/index.php\/2025\/06\/03\/archivissima-2025-dalla-parte-del-futuro\/#webpage\",\"url\":\"https:\/\/arteeluoghi.it\/index.php\/2025\/06\/03\/archivissima-2025-dalla-parte-del-futuro\/\",\"name\":\"Archivissima 2025 \u2013 Dalla parte del futuro | Arte e Luoghi\",\"isPartOf\":{\"@id\":\"https:\/\/arteeluoghi.it\/#website\"},\"primaryImageOfPage\":{\"@id\":\"https:\/\/arteeluoghi.it\/index.php\/2025\/06\/03\/archivissima-2025-dalla-parte-del-futuro\/#primaryimage\"},\"datePublished\":\"2025-06-03T20:01:25+00:00\",\"dateModified\":\"2025-06-03T20:01:36+00:00\",\"description\":\"Archivi in scena alla Biblioteca Bernardini di Lecce, venerd\u00ec 6 giugno, dalle ore 18:00 alle 22:00 nell'ambito di Archivissima\",\"breadcrumb\":{\"@id\":\"https:\/\/arteeluoghi.it\/index.php\/2025\/06\/03\/archivissima-2025-dalla-parte-del-futuro\/#breadcrumb\"},\"inLanguage\":\"it-IT\",\"potentialAction\":[{\"@type\":\"ReadAction\",\"target\":[\"https:\/\/arteeluoghi.it\/index.php\/2025\/06\/03\/archivissima-2025-dalla-parte-del-futuro\/\"]}]},{\"@type\":\"BreadcrumbList\",\"@id\":\"https:\/\/arteeluoghi.it\/index.php\/2025\/06\/03\/archivissima-2025-dalla-parte-del-futuro\/#breadcrumb\",\"itemListElement\":[{\"@type\":\"ListItem\",\"position\":1,\"name\":\"Home\",\"item\":\"https:\/\/arteeluoghi.it\/\"},{\"@type\":\"ListItem\",\"position\":2,\"name\":\"Archivissima 2025 \u2013 Dalla parte del futuro\"}]},{\"@type\":\"Article\",\"@id\":\"https:\/\/arteeluoghi.it\/index.php\/2025\/06\/03\/archivissima-2025-dalla-parte-del-futuro\/#article\",\"isPartOf\":{\"@id\":\"https:\/\/arteeluoghi.it\/index.php\/2025\/06\/03\/archivissima-2025-dalla-parte-del-futuro\/#webpage\"},\"author\":{\"@id\":\"https:\/\/arteeluoghi.it\/#\/schema\/person\/f84e814e36e91e01448ee07eaadd41d4\"},\"headline\":\"Archivissima 2025 \u2013 Dalla parte del futuro\",\"datePublished\":\"2025-06-03T20:01:25+00:00\",\"dateModified\":\"2025-06-03T20:01:36+00:00\",\"mainEntityOfPage\":{\"@id\":\"https:\/\/arteeluoghi.it\/index.php\/2025\/06\/03\/archivissima-2025-dalla-parte-del-futuro\/#webpage\"},\"wordCount\":579,\"commentCount\":0,\"publisher\":{\"@id\":\"https:\/\/arteeluoghi.it\/#organization\"},\"image\":{\"@id\":\"https:\/\/arteeluoghi.it\/index.php\/2025\/06\/03\/archivissima-2025-dalla-parte-del-futuro\/#primaryimage\"},\"thumbnailUrl\":\"https:\/\/arteeluoghi.it\/wp-content\/uploads\/2025\/06\/BB-archivissima-2025_card-05-12-apr.png\",\"keywords\":[\"Archivissima\",\"Biblioteca Bernardini\",\"Lecce\"],\"articleSection\":[\"Arti visive\",\"I luoghi nella rete Biblioteche Musei Fondazioni\"],\"inLanguage\":\"it-IT\",\"potentialAction\":[{\"@type\":\"CommentAction\",\"name\":\"Comment\",\"target\":[\"https:\/\/arteeluoghi.it\/index.php\/2025\/06\/03\/archivissima-2025-dalla-parte-del-futuro\/#respond\"]}]},{\"@type\":\"Person\",\"@id\":\"https:\/\/arteeluoghi.it\/#\/schema\/person\/f84e814e36e91e01448ee07eaadd41d4\",\"name\":\"Staff\",\"image\":{\"@type\":\"ImageObject\",\"@id\":\"https:\/\/arteeluoghi.it\/#personlogo\",\"inLanguage\":\"it-IT\",\"url\":\"https:\/\/secure.gravatar.com\/avatar\/49d2f9e46271bb04e19cebfaf141313a?s=96&d=blank&r=g\",\"contentUrl\":\"https:\/\/secure.gravatar.com\/avatar\/49d2f9e46271bb04e19cebfaf141313a?s=96&d=blank&r=g\",\"caption\":\"Staff\"}}]}<\/script>\n<!-- \/ Yoast SEO plugin. -->","yoast_head_json":{"title":"Archivissima 2025 \u2013 Dalla parte del futuro | Arte e Luoghi","description":"Archivi in scena alla Biblioteca Bernardini di Lecce, venerd\u00ec 6 giugno, dalle ore 18:00 alle 22:00 nell'ambito di Archivissima","robots":{"index":"index","follow":"follow","max-snippet":"max-snippet:-1","max-image-preview":"max-image-preview:large","max-video-preview":"max-video-preview:-1"},"canonical":"https:\/\/arteeluoghi.it\/index.php\/2025\/06\/03\/archivissima-2025-dalla-parte-del-futuro\/","og_locale":"it_IT","og_type":"article","og_title":"Archivissima 2025 \u2013 Dalla parte del futuro | Arte e Luoghi","og_description":"Archivi in scena alla Biblioteca Bernardini di Lecce, venerd\u00ec 6 giugno, dalle ore 18:00 alle 22:00 nell'ambito di Archivissima","og_url":"https:\/\/arteeluoghi.it\/index.php\/2025\/06\/03\/archivissima-2025-dalla-parte-del-futuro\/","og_site_name":"Arte e Luoghi","article_publisher":"https:\/\/www.facebook.com\/ArteELuoghi\/","article_published_time":"2025-06-03T20:01:25+00:00","article_modified_time":"2025-06-03T20:01:36+00:00","og_image":[{"width":906,"height":1024,"url":"https:\/\/arteeluoghi.it\/wp-content\/uploads\/2025\/06\/BB-archivissima-2025_card-05-12-apr-906x1024.png","type":"image\/png"}],"twitter_card":"summary","twitter_creator":"@arteeluoghi","twitter_site":"@arteeluoghi","twitter_misc":{"Scritto da":"Staff","Tempo di lettura stimato":"4 minuti"},"schema":{"@context":"https:\/\/schema.org","@graph":[{"@type":"Organization","@id":"https:\/\/arteeluoghi.it\/#organization","name":"Arte e Luoghi","url":"https:\/\/arteeluoghi.it\/","sameAs":["https:\/\/www.facebook.com\/ArteELuoghi\/","https:\/\/www.instagram.com\/arteeluoghi\/?hl=it","https:\/\/www.youtube.com\/channel\/UCuRVc4JW4-C5sg9rQB-srkw?view_as=subscriber","https:\/\/twitter.com\/arteeluoghi"],"logo":{"@type":"ImageObject","@id":"https:\/\/arteeluoghi.it\/#logo","inLanguage":"it-IT","url":"https:\/\/arteeluoghi.it\/wp-content\/uploads\/2018\/08\/logoinstagramarte.jpg","contentUrl":"https:\/\/arteeluoghi.it\/wp-content\/uploads\/2018\/08\/logoinstagramarte.jpg","width":150,"height":150,"caption":"Arte e Luoghi"},"image":{"@id":"https:\/\/arteeluoghi.it\/#logo"}},{"@type":"WebSite","@id":"https:\/\/arteeluoghi.it\/#website","url":"https:\/\/arteeluoghi.it\/","name":"Arte e Luoghi","description":"Mensile di arte, cultura, turismo e curiosit\u00e0","publisher":{"@id":"https:\/\/arteeluoghi.it\/#organization"},"potentialAction":[{"@type":"SearchAction","target":{"@type":"EntryPoint","urlTemplate":"https:\/\/arteeluoghi.it\/?s={search_term_string}"},"query-input":"required name=search_term_string"}],"inLanguage":"it-IT"},{"@type":"ImageObject","@id":"https:\/\/arteeluoghi.it\/index.php\/2025\/06\/03\/archivissima-2025-dalla-parte-del-futuro\/#primaryimage","inLanguage":"it-IT","url":"https:\/\/arteeluoghi.it\/wp-content\/uploads\/2025\/06\/BB-archivissima-2025_card-05-12-apr.png","contentUrl":"https:\/\/arteeluoghi.it\/wp-content\/uploads\/2025\/06\/BB-archivissima-2025_card-05-12-apr.png","width":3153,"height":3564},{"@type":"WebPage","@id":"https:\/\/arteeluoghi.it\/index.php\/2025\/06\/03\/archivissima-2025-dalla-parte-del-futuro\/#webpage","url":"https:\/\/arteeluoghi.it\/index.php\/2025\/06\/03\/archivissima-2025-dalla-parte-del-futuro\/","name":"Archivissima 2025 \u2013 Dalla parte del futuro | Arte e Luoghi","isPartOf":{"@id":"https:\/\/arteeluoghi.it\/#website"},"primaryImageOfPage":{"@id":"https:\/\/arteeluoghi.it\/index.php\/2025\/06\/03\/archivissima-2025-dalla-parte-del-futuro\/#primaryimage"},"datePublished":"2025-06-03T20:01:25+00:00","dateModified":"2025-06-03T20:01:36+00:00","description":"Archivi in scena alla Biblioteca Bernardini di Lecce, venerd\u00ec 6 giugno, dalle ore 18:00 alle 22:00 nell'ambito di Archivissima","breadcrumb":{"@id":"https:\/\/arteeluoghi.it\/index.php\/2025\/06\/03\/archivissima-2025-dalla-parte-del-futuro\/#breadcrumb"},"inLanguage":"it-IT","potentialAction":[{"@type":"ReadAction","target":["https:\/\/arteeluoghi.it\/index.php\/2025\/06\/03\/archivissima-2025-dalla-parte-del-futuro\/"]}]},{"@type":"BreadcrumbList","@id":"https:\/\/arteeluoghi.it\/index.php\/2025\/06\/03\/archivissima-2025-dalla-parte-del-futuro\/#breadcrumb","itemListElement":[{"@type":"ListItem","position":1,"name":"Home","item":"https:\/\/arteeluoghi.it\/"},{"@type":"ListItem","position":2,"name":"Archivissima 2025 \u2013 Dalla parte del futuro"}]},{"@type":"Article","@id":"https:\/\/arteeluoghi.it\/index.php\/2025\/06\/03\/archivissima-2025-dalla-parte-del-futuro\/#article","isPartOf":{"@id":"https:\/\/arteeluoghi.it\/index.php\/2025\/06\/03\/archivissima-2025-dalla-parte-del-futuro\/#webpage"},"author":{"@id":"https:\/\/arteeluoghi.it\/#\/schema\/person\/f84e814e36e91e01448ee07eaadd41d4"},"headline":"Archivissima 2025 \u2013 Dalla parte del futuro","datePublished":"2025-06-03T20:01:25+00:00","dateModified":"2025-06-03T20:01:36+00:00","mainEntityOfPage":{"@id":"https:\/\/arteeluoghi.it\/index.php\/2025\/06\/03\/archivissima-2025-dalla-parte-del-futuro\/#webpage"},"wordCount":579,"commentCount":0,"publisher":{"@id":"https:\/\/arteeluoghi.it\/#organization"},"image":{"@id":"https:\/\/arteeluoghi.it\/index.php\/2025\/06\/03\/archivissima-2025-dalla-parte-del-futuro\/#primaryimage"},"thumbnailUrl":"https:\/\/arteeluoghi.it\/wp-content\/uploads\/2025\/06\/BB-archivissima-2025_card-05-12-apr.png","keywords":["Archivissima","Biblioteca Bernardini","Lecce"],"articleSection":["Arti visive","I luoghi nella rete Biblioteche Musei Fondazioni"],"inLanguage":"it-IT","potentialAction":[{"@type":"CommentAction","name":"Comment","target":["https:\/\/arteeluoghi.it\/index.php\/2025\/06\/03\/archivissima-2025-dalla-parte-del-futuro\/#respond"]}]},{"@type":"Person","@id":"https:\/\/arteeluoghi.it\/#\/schema\/person\/f84e814e36e91e01448ee07eaadd41d4","name":"Staff","image":{"@type":"ImageObject","@id":"https:\/\/arteeluoghi.it\/#personlogo","inLanguage":"it-IT","url":"https:\/\/secure.gravatar.com\/avatar\/49d2f9e46271bb04e19cebfaf141313a?s=96&d=blank&r=g","contentUrl":"https:\/\/secure.gravatar.com\/avatar\/49d2f9e46271bb04e19cebfaf141313a?s=96&d=blank&r=g","caption":"Staff"}}]}},"_links":{"self":[{"href":"https:\/\/arteeluoghi.it\/index.php\/wp-json\/wp\/v2\/posts\/15467"}],"collection":[{"href":"https:\/\/arteeluoghi.it\/index.php\/wp-json\/wp\/v2\/posts"}],"about":[{"href":"https:\/\/arteeluoghi.it\/index.php\/wp-json\/wp\/v2\/types\/post"}],"author":[{"embeddable":true,"href":"https:\/\/arteeluoghi.it\/index.php\/wp-json\/wp\/v2\/users\/1"}],"replies":[{"embeddable":true,"href":"https:\/\/arteeluoghi.it\/index.php\/wp-json\/wp\/v2\/comments?post=15467"}],"version-history":[{"count":2,"href":"https:\/\/arteeluoghi.it\/index.php\/wp-json\/wp\/v2\/posts\/15467\/revisions"}],"predecessor-version":[{"id":15470,"href":"https:\/\/arteeluoghi.it\/index.php\/wp-json\/wp\/v2\/posts\/15467\/revisions\/15470"}],"wp:featuredmedia":[{"embeddable":true,"href":"https:\/\/arteeluoghi.it\/index.php\/wp-json\/wp\/v2\/media\/15468"}],"wp:attachment":[{"href":"https:\/\/arteeluoghi.it\/index.php\/wp-json\/wp\/v2\/media?parent=15467"}],"wp:term":[{"taxonomy":"category","embeddable":true,"href":"https:\/\/arteeluoghi.it\/index.php\/wp-json\/wp\/v2\/categories?post=15467"},{"taxonomy":"post_tag","embeddable":true,"href":"https:\/\/arteeluoghi.it\/index.php\/wp-json\/wp\/v2\/tags?post=15467"}],"curies":[{"name":"wp","href":"https:\/\/api.w.org\/{rel}","templated":true}]}}