{"id":15549,"date":"2025-06-19T21:55:00","date_gmt":"2025-06-19T19:55:00","guid":{"rendered":"https:\/\/arteeluoghi.it\/?p=15549"},"modified":"2025-07-06T23:06:38","modified_gmt":"2025-07-06T21:06:38","slug":"sguardi-dal-mondo","status":"publish","type":"post","link":"https:\/\/arteeluoghi.it\/index.php\/2025\/06\/19\/sguardi-dal-mondo\/","title":{"rendered":"Sguardi dal mondo. Quando i luoghi incontrano l&#8217;altro"},"content":{"rendered":"\n<blockquote class=\"wp-block-quote is-style-default\"><p>In occasione della giornata mondiale del rifugiato laboratori, spettacoli e musica con tappe itineranti nel Salento dal 19 giugno al 13 luglio 2025<\/p><\/blockquote>\n\n\n\n<p>Si comincia&nbsp;<strong>gioved\u00ec 19 giugno<\/strong>&nbsp;e si prosegue&nbsp;<strong>fino al 13 luglio<\/strong>&nbsp;con tappe fissate lungo il Salento: torna la rassegna organizzata da&nbsp;<strong>Terzo Millennio ETS-Laboratorio di umana solidariet\u00e0<\/strong>,che opera in favore dei diritti umani, in occasione della&nbsp;<strong>Giornata Mondiale del Rifugiato<\/strong>, indetta dalle Nazioni Unite, che&nbsp;celebra l\u2019approvazione nel 1951 della Convenzione relativa allo statuto dei rifugiati da parte dell\u2019Assemblea generale delle Nazioni Unite. Il tema scelto per quest\u2019anno \u00e8<strong>&nbsp;\u201cSguardi dal mondo<\/strong>\u201d: uno sguardo pu\u00f2 accogliere, raccontare e aprire mondi; ogni sguardo \u00e8 una storia, una storia \u00e8 un ponte. Da uno sguardo nascono incontri e legami.<\/p>\n\n\n\n<!--more-->\n\n\n\n<p><strong>Incontri, laboratori, degustazioni, sport, musiche, spettacoli circensi, installazioni<\/strong>&nbsp;accolti da piazze e oratori, coinvolgono sette paesi: Presicce-Acquarica, Castri di Lecce, Borgagne, Acquarica di Lecce, Alessano, Lecce e San Foca con un programma ricco e vario che invita alla partecipazione gli ospiti del progetto di accoglienza, rifugiati e richiedenti asilo, e tutta la comunit\u00e0, con proposte per grandi e piccoli. Tutti gli appuntamenti sono gratuiti. (Info e prenotazioni: 349\/1196009).<\/p>\n\n\n\n<p>\u201c<em>Con \u2018Sguardi dal mondo\u2019 abbiamo voluto richiamare un concetto a noi molto caro<\/em>\u201d dice&nbsp;<strong>Andrea Pignataro, presidente di Terzo Millennio<\/strong>, \u201c<em>le comunit\u00e0 sono sistemi complessi e, come ci suggerisce Edgar Morin, promuovere la comune \u2018identit\u00e0 terrestre\u2019 sviluppando un punto di vista aperto e dinamico serve ad affrontare i problemi del presente e a contribuire a costruire un futuro pi\u00f9 positivo e sostenibile. In questo senso la nostra rassegna rappresenta un modo per affermare che lo sport, l\u2019arte, la musica, le tradizioni artigiane non sono solo linguaggi universali, ma anche strumenti potenti per promuovere partecipazione, costruire solidariet\u00e0 e rafforzare il legame con quella che \u00e8, prima di tutto, la nostra umanit\u00e0 condivisa. Per dirla in una frase: in occasione della Giornata Mondiale del Rifugiato, quest\u2019anno vogliamo celebrare la possibilit\u00e0 di riconoscerci, oltre le differenze, come parte della stessa umana famiglia\u201d.<\/em><\/p>\n\n\n\n<p><strong>Gioved\u00ec 19 giugno<\/strong>&nbsp;a&nbsp;<strong>Presicce-Acquarica<\/strong>&nbsp;si apre con una serata di festa e intercultura dal titolo \u201c<strong>Giochi e ritmi dal mondo<\/strong>\u201d, all\u2019oratorio don Tonino Bello, organizzata con l\u2019Azione Cattolica e Amici della Musica. Un appuntamento aperto a tutta la comunit\u00e0 all\u2019insegna del dialogo tra culture attraverso la musica e la creativit\u00e0.&nbsp; Dalle 18 bambini e ragazzi sono coinvolti in attivit\u00e0 ludiche ispirate a giochi tradizionali di diversi Paesi del mondo, ideati e realizzati insieme agli ospiti del progetto Sai. Dopo i saluti istituzionali e un aperitivo interculturale condiviso, alle 21.30 prende il via il workshop di Body percussion a cura degli Amici della Musica. Adulti e bambini, usando contenuti multimediali e strumenti a percussioni, sono coinvolti in una esperienza musicale collettiva che valorizza il corpo come mezzo espressivo.<\/p>\n\n\n\n<p>Il secondo appuntamento \u00e8&nbsp;<strong>sabato 21<\/strong>&nbsp;a&nbsp;<strong>Castri di Lecce<\/strong>&nbsp;che si anima nel pomeriggio con attivit\u00e0 sportive e creative. Villa dei Pini, alle 18.30, ospita \u201cGiochi senza confine\u201d che ha il fine di stimolare la cittadinanza attiva e unire comunit\u00e0 diverse attraverso lo sport che trasforma lo spazio in un campo aperto per nuove relazioni, per la collaborazione e la fiducia, in particolare tra i giovani. Si abbattono le barriere linguistiche e culturali attraverso il movimento e il gioco. Partecipano alcune tra le associazioni sportive del territorio (021 Basket Calimera, Team Falco Castri, Chass\u00e8 Danza e il CSI di Castri). Nel corso della giornata i giovani di \u201cOpinioni libere\u201d, il podcast e webradio di Melendugno, realizzano un episodio speciale con interviste e contributi. Sullo sfondo musica con il djset di Alice Palumbo e Graziano Murrone.<\/p>\n\n\n\n<p><strong>Venerd\u00ec 27 a Borgagne<\/strong>, frazione di Melendugno, c\u2019\u00e8 \u201c<strong>Pani della Terra<\/strong>\u201d, un\u2019intera giornata dalle 9.30 alle 23 tra memoria, cultura e solidariet\u00e0 dove il pane diventa mezzo di dialogo e condivisione. Laboratori, degustazioni e momenti culturali sono dedicati al dialogo tra tradizioni e culture. Alle 9.30 all\u2019oratorio c\u2019\u00e8 il laboratorio di panificazione con gli ospiti del progetto SAI e la comunit\u00e0, si producono pani ispirati a culture diverse usando ingredienti locali e ortaggi di stagione. Alle 19 in piazza Sant\u2019Antonio si degusta tutti insieme in un banchetto condiviso. Dopo i saluti istituzionali c\u2019\u00e8 una lettura di poesie ad alta voce, e infine la musica dell\u2019Allegra compagnia cantante.<\/p>\n\n\n\n<p><strong>Acquarica di Lecce<\/strong>, frazione di Vernole, ospita il quarto appuntamento&nbsp;<strong>venerd\u00ec 4 luglio<\/strong>. \u201cL\u2019arte che unisce\u201d prende il via alle 18.30 con arte, tradizione, creativit\u00e0 e musica popolare. Laboratori per bambini, spettacolo circensi e musica popolare animano la festa. La comunit\u00e0 \u00e8 coinvolta dallo spettacolo di Rebel Circus, dal laboratorio di costruzione del tamburello, da \u201cLa valigia dei sogni\u201d a cura delle educatrici del Centro territoriale per l\u2019intercultura \u201cAlessandro Leogrande\u201d e dal gioco \u201cRuba bandiera\u201d a cura de l\u2019Arcobaleno. Si chiude in serata con il concerto di Stella Grande con la sua band in via Pozzo alle 21.<\/p>\n\n\n\n<p>Ci si sposta ad<strong>&nbsp;Alessano domenica 6 luglio&nbsp;<\/strong>con \u201c<strong>Tracce di assenza, ritmi di vita<\/strong>\u201d, per raccontare le esperienze di chi migra e i legami che nascono dal confronto e dalla condivisione. Il cuore dell\u2019evento \u00e8 un\u2019installazione urbana partecipata metafora dei posti vuoti lasciati da chi \u00e8 costretto a migrare che usa come simbolo la sedia. L\u2019installazione \u00e8 a cura di Elisabetta Nicolardi ed \u00e8 il risultato di un laboratorio di quattro incontri con gli ospiti del SAI. In esposizione anche \u201cPopoli in movimento\u201d, la mostra fotografica visitabile seguendo un percorso guidato con canti popolari e dialettali a cura di Elisa Guarraggi, uno sguardo sulle migrazioni e sull\u2019identit\u00e0 in transito. Si chiude con la musica della tradizione salentina degli Alla Bua.<strong><\/strong><\/p>\n\n\n\n<p><strong>Sabato 12 luglio&nbsp;<\/strong>la tappa \u00e8 a<strong>&nbsp;Lecce,&nbsp;<\/strong>dove si chiude<strong>&nbsp;\u201cLe parole colpiscono\u201d<\/strong>,un workshop laboratoriale iniziato il 9 luglio con Anna Paola Paiano, docente dell\u2019Universit\u00e0 del Salento, sull\u2019hate speech, sulle frasi d\u2019odio pi\u00f9 comuni online e offline, sulla decostruzione e su nuove possibili forme. Le parole individuate diventano dei poster tipografici, espressivi e provocatori, per ribaltare i discorsi d\u2019odio. Sabato in serata la comicit\u00e0 si intreccia con l\u2019attivismo con lo spettacolo di stand up comedy, in collaborazione con Stand up comedy Lecce, di Xuliano Dule, artista italo-albanese che racconta con spietato sarcasmo i barconi, il lavoro all\u2019ONU, la scuola, le relazioni.<\/p>\n\n\n\n<p>Ultimo appuntamento&nbsp;<strong>domenica 13 luglio<\/strong>&nbsp;a&nbsp;<strong>San Foca<\/strong>, dove sul lungomare Matteotti si fa festa con The Reggae Circus e \u201cCirco e incanto: la musica fa volare\u201d, progetto musicale di Adriano Bono, ex leader di Radici nel cemento. Un percorso nel ritmo in levare con acrobazie, giocolieri e performance circensi.<\/p>\n\n\n\n<p>(fonte: comunicato stampa)<\/p>\n","protected":false},"excerpt":{"rendered":"<p>In occasione della giornata mondiale del rifugiato laboratori, spettacoli e musica con tappe itineranti nel Salento dal 19 giugno al<\/p>\n","protected":false},"author":1,"featured_media":15550,"comment_status":"open","ping_status":"open","sticky":true,"template":"","format":"standard","meta":[],"categories":[598,52,12],"tags":[],"yoast_head":"<!-- This site is optimized with the Yoast SEO plugin v18.0 - https:\/\/yoast.com\/wordpress\/plugins\/seo\/ -->\n<title>Sguardi dal mondo | Musica | Luoghi della Parola| Arte e Luoghi<\/title>\n<meta name=\"description\" content=\"In occasione della giornata mondiale del rifugiato laboratori, spettacoli e musica con tappe itineranti nel Salento dal 19 giugno al 13\" \/>\n<meta name=\"robots\" content=\"index, follow, max-snippet:-1, max-image-preview:large, max-video-preview:-1\" \/>\n<link rel=\"canonical\" href=\"https:\/\/arteeluoghi.it\/index.php\/2025\/06\/19\/sguardi-dal-mondo\/\" \/>\n<meta property=\"og:locale\" content=\"it_IT\" \/>\n<meta property=\"og:type\" content=\"article\" \/>\n<meta property=\"og:title\" content=\"Sguardi dal mondo | Musica | Luoghi della Parola| Arte e Luoghi\" \/>\n<meta property=\"og:description\" content=\"In occasione della giornata mondiale del rifugiato laboratori, spettacoli e musica con tappe itineranti nel Salento dal 19 giugno al 13\" \/>\n<meta property=\"og:url\" content=\"https:\/\/arteeluoghi.it\/index.php\/2025\/06\/19\/sguardi-dal-mondo\/\" \/>\n<meta property=\"og:site_name\" content=\"Arte e Luoghi\" \/>\n<meta property=\"article:publisher\" content=\"https:\/\/www.facebook.com\/ArteELuoghi\/\" \/>\n<meta property=\"article:published_time\" content=\"2025-06-19T19:55:00+00:00\" \/>\n<meta property=\"article:modified_time\" content=\"2025-07-06T21:06:38+00:00\" \/>\n<meta property=\"og:image\" content=\"https:\/\/arteeluoghi.it\/wp-content\/uploads\/2025\/07\/0.jpg\" \/>\n\t<meta property=\"og:image:width\" content=\"960\" \/>\n\t<meta property=\"og:image:height\" content=\"1280\" \/>\n\t<meta property=\"og:image:type\" content=\"image\/jpeg\" \/>\n<meta name=\"twitter:card\" content=\"summary\" \/>\n<meta name=\"twitter:creator\" content=\"@arteeluoghi\" \/>\n<meta name=\"twitter:site\" content=\"@arteeluoghi\" \/>\n<meta name=\"twitter:label1\" content=\"Scritto da\" \/>\n\t<meta name=\"twitter:data1\" content=\"Staff\" \/>\n\t<meta name=\"twitter:label2\" content=\"Tempo di lettura stimato\" \/>\n\t<meta name=\"twitter:data2\" content=\"6 minuti\" \/>\n<script type=\"application\/ld+json\" class=\"yoast-schema-graph\">{\"@context\":\"https:\/\/schema.org\",\"@graph\":[{\"@type\":\"Organization\",\"@id\":\"https:\/\/arteeluoghi.it\/#organization\",\"name\":\"Arte e Luoghi\",\"url\":\"https:\/\/arteeluoghi.it\/\",\"sameAs\":[\"https:\/\/www.facebook.com\/ArteELuoghi\/\",\"https:\/\/www.instagram.com\/arteeluoghi\/?hl=it\",\"https:\/\/www.youtube.com\/channel\/UCuRVc4JW4-C5sg9rQB-srkw?view_as=subscriber\",\"https:\/\/twitter.com\/arteeluoghi\"],\"logo\":{\"@type\":\"ImageObject\",\"@id\":\"https:\/\/arteeluoghi.it\/#logo\",\"inLanguage\":\"it-IT\",\"url\":\"https:\/\/arteeluoghi.it\/wp-content\/uploads\/2018\/08\/logoinstagramarte.jpg\",\"contentUrl\":\"https:\/\/arteeluoghi.it\/wp-content\/uploads\/2018\/08\/logoinstagramarte.jpg\",\"width\":150,\"height\":150,\"caption\":\"Arte e Luoghi\"},\"image\":{\"@id\":\"https:\/\/arteeluoghi.it\/#logo\"}},{\"@type\":\"WebSite\",\"@id\":\"https:\/\/arteeluoghi.it\/#website\",\"url\":\"https:\/\/arteeluoghi.it\/\",\"name\":\"Arte e Luoghi\",\"description\":\"Mensile di arte, cultura, turismo e curiosit\u00e0\",\"publisher\":{\"@id\":\"https:\/\/arteeluoghi.it\/#organization\"},\"potentialAction\":[{\"@type\":\"SearchAction\",\"target\":{\"@type\":\"EntryPoint\",\"urlTemplate\":\"https:\/\/arteeluoghi.it\/?s={search_term_string}\"},\"query-input\":\"required name=search_term_string\"}],\"inLanguage\":\"it-IT\"},{\"@type\":\"ImageObject\",\"@id\":\"https:\/\/arteeluoghi.it\/index.php\/2025\/06\/19\/sguardi-dal-mondo\/#primaryimage\",\"inLanguage\":\"it-IT\",\"url\":\"https:\/\/arteeluoghi.it\/wp-content\/uploads\/2025\/07\/0.jpg\",\"contentUrl\":\"https:\/\/arteeluoghi.it\/wp-content\/uploads\/2025\/07\/0.jpg\",\"width\":960,\"height\":1280},{\"@type\":\"WebPage\",\"@id\":\"https:\/\/arteeluoghi.it\/index.php\/2025\/06\/19\/sguardi-dal-mondo\/#webpage\",\"url\":\"https:\/\/arteeluoghi.it\/index.php\/2025\/06\/19\/sguardi-dal-mondo\/\",\"name\":\"Sguardi dal mondo | Musica | Luoghi della Parola| Arte e Luoghi\",\"isPartOf\":{\"@id\":\"https:\/\/arteeluoghi.it\/#website\"},\"primaryImageOfPage\":{\"@id\":\"https:\/\/arteeluoghi.it\/index.php\/2025\/06\/19\/sguardi-dal-mondo\/#primaryimage\"},\"datePublished\":\"2025-06-19T19:55:00+00:00\",\"dateModified\":\"2025-07-06T21:06:38+00:00\",\"description\":\"In occasione della giornata mondiale del rifugiato laboratori, spettacoli e musica con tappe itineranti nel Salento dal 19 giugno al 13\",\"breadcrumb\":{\"@id\":\"https:\/\/arteeluoghi.it\/index.php\/2025\/06\/19\/sguardi-dal-mondo\/#breadcrumb\"},\"inLanguage\":\"it-IT\",\"potentialAction\":[{\"@type\":\"ReadAction\",\"target\":[\"https:\/\/arteeluoghi.it\/index.php\/2025\/06\/19\/sguardi-dal-mondo\/\"]}]},{\"@type\":\"BreadcrumbList\",\"@id\":\"https:\/\/arteeluoghi.it\/index.php\/2025\/06\/19\/sguardi-dal-mondo\/#breadcrumb\",\"itemListElement\":[{\"@type\":\"ListItem\",\"position\":1,\"name\":\"Home\",\"item\":\"https:\/\/arteeluoghi.it\/\"},{\"@type\":\"ListItem\",\"position\":2,\"name\":\"Sguardi dal mondo. Quando i luoghi incontrano l&#8217;altro\"}]},{\"@type\":\"Article\",\"@id\":\"https:\/\/arteeluoghi.it\/index.php\/2025\/06\/19\/sguardi-dal-mondo\/#article\",\"isPartOf\":{\"@id\":\"https:\/\/arteeluoghi.it\/index.php\/2025\/06\/19\/sguardi-dal-mondo\/#webpage\"},\"author\":{\"@id\":\"https:\/\/arteeluoghi.it\/#\/schema\/person\/f84e814e36e91e01448ee07eaadd41d4\"},\"headline\":\"Sguardi dal mondo. Quando i luoghi incontrano l&#8217;altro\",\"datePublished\":\"2025-06-19T19:55:00+00:00\",\"dateModified\":\"2025-07-06T21:06:38+00:00\",\"mainEntityOfPage\":{\"@id\":\"https:\/\/arteeluoghi.it\/index.php\/2025\/06\/19\/sguardi-dal-mondo\/#webpage\"},\"wordCount\":1101,\"commentCount\":0,\"publisher\":{\"@id\":\"https:\/\/arteeluoghi.it\/#organization\"},\"image\":{\"@id\":\"https:\/\/arteeluoghi.it\/index.php\/2025\/06\/19\/sguardi-dal-mondo\/#primaryimage\"},\"thumbnailUrl\":\"https:\/\/arteeluoghi.it\/wp-content\/uploads\/2025\/07\/0.jpg\",\"articleSection\":[\"girovagando\",\"I luoghi della parola\",\"MUSICA\"],\"inLanguage\":\"it-IT\",\"potentialAction\":[{\"@type\":\"CommentAction\",\"name\":\"Comment\",\"target\":[\"https:\/\/arteeluoghi.it\/index.php\/2025\/06\/19\/sguardi-dal-mondo\/#respond\"]}]},{\"@type\":\"Person\",\"@id\":\"https:\/\/arteeluoghi.it\/#\/schema\/person\/f84e814e36e91e01448ee07eaadd41d4\",\"name\":\"Staff\",\"image\":{\"@type\":\"ImageObject\",\"@id\":\"https:\/\/arteeluoghi.it\/#personlogo\",\"inLanguage\":\"it-IT\",\"url\":\"https:\/\/secure.gravatar.com\/avatar\/49d2f9e46271bb04e19cebfaf141313a?s=96&d=blank&r=g\",\"contentUrl\":\"https:\/\/secure.gravatar.com\/avatar\/49d2f9e46271bb04e19cebfaf141313a?s=96&d=blank&r=g\",\"caption\":\"Staff\"}}]}<\/script>\n<!-- \/ Yoast SEO plugin. -->","yoast_head_json":{"title":"Sguardi dal mondo | Musica | Luoghi della Parola| Arte e Luoghi","description":"In occasione della giornata mondiale del rifugiato laboratori, spettacoli e musica con tappe itineranti nel Salento dal 19 giugno al 13","robots":{"index":"index","follow":"follow","max-snippet":"max-snippet:-1","max-image-preview":"max-image-preview:large","max-video-preview":"max-video-preview:-1"},"canonical":"https:\/\/arteeluoghi.it\/index.php\/2025\/06\/19\/sguardi-dal-mondo\/","og_locale":"it_IT","og_type":"article","og_title":"Sguardi dal mondo | Musica | Luoghi della Parola| Arte e Luoghi","og_description":"In occasione della giornata mondiale del rifugiato laboratori, spettacoli e musica con tappe itineranti nel Salento dal 19 giugno al 13","og_url":"https:\/\/arteeluoghi.it\/index.php\/2025\/06\/19\/sguardi-dal-mondo\/","og_site_name":"Arte e Luoghi","article_publisher":"https:\/\/www.facebook.com\/ArteELuoghi\/","article_published_time":"2025-06-19T19:55:00+00:00","article_modified_time":"2025-07-06T21:06:38+00:00","og_image":[{"width":960,"height":1280,"url":"https:\/\/arteeluoghi.it\/wp-content\/uploads\/2025\/07\/0.jpg","type":"image\/jpeg"}],"twitter_card":"summary","twitter_creator":"@arteeluoghi","twitter_site":"@arteeluoghi","twitter_misc":{"Scritto da":"Staff","Tempo di lettura stimato":"6 minuti"},"schema":{"@context":"https:\/\/schema.org","@graph":[{"@type":"Organization","@id":"https:\/\/arteeluoghi.it\/#organization","name":"Arte e Luoghi","url":"https:\/\/arteeluoghi.it\/","sameAs":["https:\/\/www.facebook.com\/ArteELuoghi\/","https:\/\/www.instagram.com\/arteeluoghi\/?hl=it","https:\/\/www.youtube.com\/channel\/UCuRVc4JW4-C5sg9rQB-srkw?view_as=subscriber","https:\/\/twitter.com\/arteeluoghi"],"logo":{"@type":"ImageObject","@id":"https:\/\/arteeluoghi.it\/#logo","inLanguage":"it-IT","url":"https:\/\/arteeluoghi.it\/wp-content\/uploads\/2018\/08\/logoinstagramarte.jpg","contentUrl":"https:\/\/arteeluoghi.it\/wp-content\/uploads\/2018\/08\/logoinstagramarte.jpg","width":150,"height":150,"caption":"Arte e Luoghi"},"image":{"@id":"https:\/\/arteeluoghi.it\/#logo"}},{"@type":"WebSite","@id":"https:\/\/arteeluoghi.it\/#website","url":"https:\/\/arteeluoghi.it\/","name":"Arte e Luoghi","description":"Mensile di arte, cultura, turismo e curiosit\u00e0","publisher":{"@id":"https:\/\/arteeluoghi.it\/#organization"},"potentialAction":[{"@type":"SearchAction","target":{"@type":"EntryPoint","urlTemplate":"https:\/\/arteeluoghi.it\/?s={search_term_string}"},"query-input":"required name=search_term_string"}],"inLanguage":"it-IT"},{"@type":"ImageObject","@id":"https:\/\/arteeluoghi.it\/index.php\/2025\/06\/19\/sguardi-dal-mondo\/#primaryimage","inLanguage":"it-IT","url":"https:\/\/arteeluoghi.it\/wp-content\/uploads\/2025\/07\/0.jpg","contentUrl":"https:\/\/arteeluoghi.it\/wp-content\/uploads\/2025\/07\/0.jpg","width":960,"height":1280},{"@type":"WebPage","@id":"https:\/\/arteeluoghi.it\/index.php\/2025\/06\/19\/sguardi-dal-mondo\/#webpage","url":"https:\/\/arteeluoghi.it\/index.php\/2025\/06\/19\/sguardi-dal-mondo\/","name":"Sguardi dal mondo | Musica | Luoghi della Parola| Arte e Luoghi","isPartOf":{"@id":"https:\/\/arteeluoghi.it\/#website"},"primaryImageOfPage":{"@id":"https:\/\/arteeluoghi.it\/index.php\/2025\/06\/19\/sguardi-dal-mondo\/#primaryimage"},"datePublished":"2025-06-19T19:55:00+00:00","dateModified":"2025-07-06T21:06:38+00:00","description":"In occasione della giornata mondiale del rifugiato laboratori, spettacoli e musica con tappe itineranti nel Salento dal 19 giugno al 13","breadcrumb":{"@id":"https:\/\/arteeluoghi.it\/index.php\/2025\/06\/19\/sguardi-dal-mondo\/#breadcrumb"},"inLanguage":"it-IT","potentialAction":[{"@type":"ReadAction","target":["https:\/\/arteeluoghi.it\/index.php\/2025\/06\/19\/sguardi-dal-mondo\/"]}]},{"@type":"BreadcrumbList","@id":"https:\/\/arteeluoghi.it\/index.php\/2025\/06\/19\/sguardi-dal-mondo\/#breadcrumb","itemListElement":[{"@type":"ListItem","position":1,"name":"Home","item":"https:\/\/arteeluoghi.it\/"},{"@type":"ListItem","position":2,"name":"Sguardi dal mondo. Quando i luoghi incontrano l&#8217;altro"}]},{"@type":"Article","@id":"https:\/\/arteeluoghi.it\/index.php\/2025\/06\/19\/sguardi-dal-mondo\/#article","isPartOf":{"@id":"https:\/\/arteeluoghi.it\/index.php\/2025\/06\/19\/sguardi-dal-mondo\/#webpage"},"author":{"@id":"https:\/\/arteeluoghi.it\/#\/schema\/person\/f84e814e36e91e01448ee07eaadd41d4"},"headline":"Sguardi dal mondo. Quando i luoghi incontrano l&#8217;altro","datePublished":"2025-06-19T19:55:00+00:00","dateModified":"2025-07-06T21:06:38+00:00","mainEntityOfPage":{"@id":"https:\/\/arteeluoghi.it\/index.php\/2025\/06\/19\/sguardi-dal-mondo\/#webpage"},"wordCount":1101,"commentCount":0,"publisher":{"@id":"https:\/\/arteeluoghi.it\/#organization"},"image":{"@id":"https:\/\/arteeluoghi.it\/index.php\/2025\/06\/19\/sguardi-dal-mondo\/#primaryimage"},"thumbnailUrl":"https:\/\/arteeluoghi.it\/wp-content\/uploads\/2025\/07\/0.jpg","articleSection":["girovagando","I luoghi della parola","MUSICA"],"inLanguage":"it-IT","potentialAction":[{"@type":"CommentAction","name":"Comment","target":["https:\/\/arteeluoghi.it\/index.php\/2025\/06\/19\/sguardi-dal-mondo\/#respond"]}]},{"@type":"Person","@id":"https:\/\/arteeluoghi.it\/#\/schema\/person\/f84e814e36e91e01448ee07eaadd41d4","name":"Staff","image":{"@type":"ImageObject","@id":"https:\/\/arteeluoghi.it\/#personlogo","inLanguage":"it-IT","url":"https:\/\/secure.gravatar.com\/avatar\/49d2f9e46271bb04e19cebfaf141313a?s=96&d=blank&r=g","contentUrl":"https:\/\/secure.gravatar.com\/avatar\/49d2f9e46271bb04e19cebfaf141313a?s=96&d=blank&r=g","caption":"Staff"}}]}},"_links":{"self":[{"href":"https:\/\/arteeluoghi.it\/index.php\/wp-json\/wp\/v2\/posts\/15549"}],"collection":[{"href":"https:\/\/arteeluoghi.it\/index.php\/wp-json\/wp\/v2\/posts"}],"about":[{"href":"https:\/\/arteeluoghi.it\/index.php\/wp-json\/wp\/v2\/types\/post"}],"author":[{"embeddable":true,"href":"https:\/\/arteeluoghi.it\/index.php\/wp-json\/wp\/v2\/users\/1"}],"replies":[{"embeddable":true,"href":"https:\/\/arteeluoghi.it\/index.php\/wp-json\/wp\/v2\/comments?post=15549"}],"version-history":[{"count":3,"href":"https:\/\/arteeluoghi.it\/index.php\/wp-json\/wp\/v2\/posts\/15549\/revisions"}],"predecessor-version":[{"id":15554,"href":"https:\/\/arteeluoghi.it\/index.php\/wp-json\/wp\/v2\/posts\/15549\/revisions\/15554"}],"wp:featuredmedia":[{"embeddable":true,"href":"https:\/\/arteeluoghi.it\/index.php\/wp-json\/wp\/v2\/media\/15550"}],"wp:attachment":[{"href":"https:\/\/arteeluoghi.it\/index.php\/wp-json\/wp\/v2\/media?parent=15549"}],"wp:term":[{"taxonomy":"category","embeddable":true,"href":"https:\/\/arteeluoghi.it\/index.php\/wp-json\/wp\/v2\/categories?post=15549"},{"taxonomy":"post_tag","embeddable":true,"href":"https:\/\/arteeluoghi.it\/index.php\/wp-json\/wp\/v2\/tags?post=15549"}],"curies":[{"name":"wp","href":"https:\/\/api.w.org\/{rel}","templated":true}]}}