{"id":15555,"date":"2025-07-13T16:35:21","date_gmt":"2025-07-13T14:35:21","guid":{"rendered":"https:\/\/arteeluoghi.it\/?p=15555"},"modified":"2025-07-13T16:36:33","modified_gmt":"2025-07-13T14:36:33","slug":"inaugurazione-del-centro-polivalente-falcone-e-borsellino","status":"publish","type":"post","link":"https:\/\/arteeluoghi.it\/index.php\/2025\/07\/13\/inaugurazione-del-centro-polivalente-falcone-e-borsellino\/","title":{"rendered":"Inaugurazione del Centro Polivalente Falcone e Borsellino"},"content":{"rendered":"\n<blockquote class=\"wp-block-quote is-style-default\"><p>A Cavallino il 19 luglio l&#8217;inaugurazione del centro intitolato ai due magistrati siciliani nella ex Masseria di Ussano bene confiscato alla mafia. A seguire lo spettacolo &#8220;Falcone e Borsellino storie di un dialogo&#8221; di Maria Francesca Mariano<\/p><\/blockquote>\n\n\n\n<p>Sabato 19 luglio, alle ore 20, presso l\u2019\u201cex Masseria di Ussano\u201d (S.S. 16 Lecce- Maglie, uscita San Donato), si terr\u00e0 la cerimonia di inaugurazione del Centro<br>Polivalente a scopo sociale per minori e giovani a rischio. La struttura, la cui propriet\u00e0 \u00e8 stata trasferita al Comune di Cavallino dalla Prefettura, \u00e8 un bene confiscato alla criminalit\u00e0 organizzata, finanziato tramite il PON \u201cLegalit\u00e0\u201d Asse 3 \u2013 Azione 3.1.1\u201d, ed \u00e8 stata oggetto di rifunzionalizzazione in \u201cCentro per l\u2019attivit\u00e0 di volontariato a favore di categorie disagiate\u201d. <\/p>\n\n\n\n<p>Il Centro \u00e8 destinato a scopo esclusivamente sociale per minori e giovani a rischio, con particolare attenzione a quelli di et\u00e0 compresa tra i 14 e i 21 anni di et\u00e0. In occasione dell\u2019evento si solennizzer\u00e0 anche l\u2019intitolazione dell\u2019immobile ai Magistrati Giovanni Falcone e Paolo Borsellino (nella foto di Toni Gentile) , eroi della giustizia ed esempi assoluti di integrit\u00e0 morale e coraggio civile. Ad aprire la serata saranno i saluti del Sindaco della Citt\u00e0 di Cavallino Avv. Bruno Ciccarese Gorgoni e della Dott.ssa Elsa Valeria Mignone, gi\u00e0 Procuratore Aggiunto presso il Tribunale di Lecce. Interverranno il Dott. Giovanni Impastato, scrittore e attivista, fratello di Peppino Impastato e Don Antonio<br>Coluccia, fondatore dell\u2019opera \u201cDon Giustino\u201d. Alla cerimonia di inaugurazione seguir\u00e0 lo spettacolo in un tempo \u201cFalcone e Borsellino, storie di un dialogo\u201d di Maria Francesca Mariano, Magistrato Penale presso il Tribunale di Lecce e scrittrice, per la regia di Temenos Recinti Teatrali. Ingresso libero.<\/p>\n\n\n\n<p>(fonte: comunicato stampa)<\/p>\n","protected":false},"excerpt":{"rendered":"<p>A Cavallino il 19 luglio l&#8217;inaugurazione del centro intitolato ai due magistrati siciliani nella ex Masseria di Ussano bene confiscato<\/p>\n","protected":false},"author":1,"featured_media":11595,"comment_status":"open","ping_status":"open","sticky":true,"template":"","format":"standard","meta":[],"categories":[28],"tags":[6595,6594,6596],"yoast_head":"<!-- This site is optimized with the Yoast SEO plugin v18.0 - https:\/\/yoast.com\/wordpress\/plugins\/seo\/ -->\n<title>Inaugurazione del Centro Polivalente Falcone e Borsellino | Arte e Luoghi<\/title>\n<meta name=\"description\" content=\"A Cavallino il 19 luglio l&#039;inaugurazione del centro intitolato ai due magistrati siciliani nella ex Masseria di Ussano bene confiscato\" \/>\n<meta name=\"robots\" content=\"index, follow, max-snippet:-1, max-image-preview:large, max-video-preview:-1\" \/>\n<link rel=\"canonical\" href=\"https:\/\/arteeluoghi.it\/index.php\/2025\/07\/13\/inaugurazione-del-centro-polivalente-falcone-e-borsellino\/\" \/>\n<meta property=\"og:locale\" content=\"it_IT\" \/>\n<meta property=\"og:type\" content=\"article\" \/>\n<meta property=\"og:title\" content=\"Inaugurazione del Centro Polivalente Falcone e Borsellino | Arte e Luoghi\" \/>\n<meta property=\"og:description\" content=\"A Cavallino il 19 luglio l&#039;inaugurazione del centro intitolato ai due magistrati siciliani nella ex Masseria di Ussano bene confiscato\" \/>\n<meta property=\"og:url\" content=\"https:\/\/arteeluoghi.it\/index.php\/2025\/07\/13\/inaugurazione-del-centro-polivalente-falcone-e-borsellino\/\" \/>\n<meta property=\"og:site_name\" content=\"Arte e Luoghi\" \/>\n<meta property=\"article:publisher\" content=\"https:\/\/www.facebook.com\/ArteELuoghi\/\" \/>\n<meta property=\"article:published_time\" content=\"2025-07-13T14:35:21+00:00\" \/>\n<meta property=\"article:modified_time\" content=\"2025-07-13T14:36:33+00:00\" \/>\n<meta property=\"og:image\" content=\"https:\/\/arteeluoghi.it\/wp-content\/uploads\/2022\/09\/Falcone-e-Borsellino-insieme-Toni-Gentile.jpg\" \/>\n\t<meta property=\"og:image:width\" content=\"1024\" \/>\n\t<meta property=\"og:image:height\" content=\"676\" \/>\n\t<meta property=\"og:image:type\" content=\"image\/jpeg\" \/>\n<meta name=\"twitter:card\" content=\"summary\" \/>\n<meta name=\"twitter:creator\" content=\"@arteeluoghi\" \/>\n<meta name=\"twitter:site\" content=\"@arteeluoghi\" \/>\n<meta name=\"twitter:label1\" content=\"Scritto da\" \/>\n\t<meta name=\"twitter:data1\" content=\"Staff\" \/>\n\t<meta name=\"twitter:label2\" content=\"Tempo di lettura stimato\" \/>\n\t<meta name=\"twitter:data2\" content=\"2 minuti\" \/>\n<script type=\"application\/ld+json\" class=\"yoast-schema-graph\">{\"@context\":\"https:\/\/schema.org\",\"@graph\":[{\"@type\":\"Organization\",\"@id\":\"https:\/\/arteeluoghi.it\/#organization\",\"name\":\"Arte e Luoghi\",\"url\":\"https:\/\/arteeluoghi.it\/\",\"sameAs\":[\"https:\/\/www.facebook.com\/ArteELuoghi\/\",\"https:\/\/www.instagram.com\/arteeluoghi\/?hl=it\",\"https:\/\/www.youtube.com\/channel\/UCuRVc4JW4-C5sg9rQB-srkw?view_as=subscriber\",\"https:\/\/twitter.com\/arteeluoghi\"],\"logo\":{\"@type\":\"ImageObject\",\"@id\":\"https:\/\/arteeluoghi.it\/#logo\",\"inLanguage\":\"it-IT\",\"url\":\"https:\/\/arteeluoghi.it\/wp-content\/uploads\/2018\/08\/logoinstagramarte.jpg\",\"contentUrl\":\"https:\/\/arteeluoghi.it\/wp-content\/uploads\/2018\/08\/logoinstagramarte.jpg\",\"width\":150,\"height\":150,\"caption\":\"Arte e Luoghi\"},\"image\":{\"@id\":\"https:\/\/arteeluoghi.it\/#logo\"}},{\"@type\":\"WebSite\",\"@id\":\"https:\/\/arteeluoghi.it\/#website\",\"url\":\"https:\/\/arteeluoghi.it\/\",\"name\":\"Arte e Luoghi\",\"description\":\"Mensile di arte, cultura, turismo e curiosit\u00e0\",\"publisher\":{\"@id\":\"https:\/\/arteeluoghi.it\/#organization\"},\"potentialAction\":[{\"@type\":\"SearchAction\",\"target\":{\"@type\":\"EntryPoint\",\"urlTemplate\":\"https:\/\/arteeluoghi.it\/?s={search_term_string}\"},\"query-input\":\"required name=search_term_string\"}],\"inLanguage\":\"it-IT\"},{\"@type\":\"ImageObject\",\"@id\":\"https:\/\/arteeluoghi.it\/index.php\/2025\/07\/13\/inaugurazione-del-centro-polivalente-falcone-e-borsellino\/#primaryimage\",\"inLanguage\":\"it-IT\",\"url\":\"https:\/\/arteeluoghi.it\/wp-content\/uploads\/2022\/09\/Falcone-e-Borsellino-insieme-Toni-Gentile.jpg\",\"contentUrl\":\"https:\/\/arteeluoghi.it\/wp-content\/uploads\/2022\/09\/Falcone-e-Borsellino-insieme-Toni-Gentile.jpg\",\"width\":1024,\"height\":676},{\"@type\":\"WebPage\",\"@id\":\"https:\/\/arteeluoghi.it\/index.php\/2025\/07\/13\/inaugurazione-del-centro-polivalente-falcone-e-borsellino\/#webpage\",\"url\":\"https:\/\/arteeluoghi.it\/index.php\/2025\/07\/13\/inaugurazione-del-centro-polivalente-falcone-e-borsellino\/\",\"name\":\"Inaugurazione del Centro Polivalente Falcone e Borsellino | Arte e Luoghi\",\"isPartOf\":{\"@id\":\"https:\/\/arteeluoghi.it\/#website\"},\"primaryImageOfPage\":{\"@id\":\"https:\/\/arteeluoghi.it\/index.php\/2025\/07\/13\/inaugurazione-del-centro-polivalente-falcone-e-borsellino\/#primaryimage\"},\"datePublished\":\"2025-07-13T14:35:21+00:00\",\"dateModified\":\"2025-07-13T14:36:33+00:00\",\"description\":\"A Cavallino il 19 luglio l'inaugurazione del centro intitolato ai due magistrati siciliani nella ex Masseria di Ussano bene confiscato\",\"breadcrumb\":{\"@id\":\"https:\/\/arteeluoghi.it\/index.php\/2025\/07\/13\/inaugurazione-del-centro-polivalente-falcone-e-borsellino\/#breadcrumb\"},\"inLanguage\":\"it-IT\",\"potentialAction\":[{\"@type\":\"ReadAction\",\"target\":[\"https:\/\/arteeluoghi.it\/index.php\/2025\/07\/13\/inaugurazione-del-centro-polivalente-falcone-e-borsellino\/\"]}]},{\"@type\":\"BreadcrumbList\",\"@id\":\"https:\/\/arteeluoghi.it\/index.php\/2025\/07\/13\/inaugurazione-del-centro-polivalente-falcone-e-borsellino\/#breadcrumb\",\"itemListElement\":[{\"@type\":\"ListItem\",\"position\":1,\"name\":\"Home\",\"item\":\"https:\/\/arteeluoghi.it\/\"},{\"@type\":\"ListItem\",\"position\":2,\"name\":\"Inaugurazione del Centro Polivalente Falcone e Borsellino\"}]},{\"@type\":\"Article\",\"@id\":\"https:\/\/arteeluoghi.it\/index.php\/2025\/07\/13\/inaugurazione-del-centro-polivalente-falcone-e-borsellino\/#article\",\"isPartOf\":{\"@id\":\"https:\/\/arteeluoghi.it\/index.php\/2025\/07\/13\/inaugurazione-del-centro-polivalente-falcone-e-borsellino\/#webpage\"},\"author\":{\"@id\":\"https:\/\/arteeluoghi.it\/#\/schema\/person\/f84e814e36e91e01448ee07eaadd41d4\"},\"headline\":\"Inaugurazione del Centro Polivalente Falcone e Borsellino\",\"datePublished\":\"2025-07-13T14:35:21+00:00\",\"dateModified\":\"2025-07-13T14:36:33+00:00\",\"mainEntityOfPage\":{\"@id\":\"https:\/\/arteeluoghi.it\/index.php\/2025\/07\/13\/inaugurazione-del-centro-polivalente-falcone-e-borsellino\/#webpage\"},\"wordCount\":277,\"commentCount\":0,\"publisher\":{\"@id\":\"https:\/\/arteeluoghi.it\/#organization\"},\"image\":{\"@id\":\"https:\/\/arteeluoghi.it\/index.php\/2025\/07\/13\/inaugurazione-del-centro-polivalente-falcone-e-borsellino\/#primaryimage\"},\"thumbnailUrl\":\"https:\/\/arteeluoghi.it\/wp-content\/uploads\/2022\/09\/Falcone-e-Borsellino-insieme-Toni-Gentile.jpg\",\"keywords\":[\"Borsellino\",\"Falcone\",\"minori a rischio\"],\"articleSection\":[\"Notizie\"],\"inLanguage\":\"it-IT\",\"potentialAction\":[{\"@type\":\"CommentAction\",\"name\":\"Comment\",\"target\":[\"https:\/\/arteeluoghi.it\/index.php\/2025\/07\/13\/inaugurazione-del-centro-polivalente-falcone-e-borsellino\/#respond\"]}]},{\"@type\":\"Person\",\"@id\":\"https:\/\/arteeluoghi.it\/#\/schema\/person\/f84e814e36e91e01448ee07eaadd41d4\",\"name\":\"Staff\",\"image\":{\"@type\":\"ImageObject\",\"@id\":\"https:\/\/arteeluoghi.it\/#personlogo\",\"inLanguage\":\"it-IT\",\"url\":\"https:\/\/secure.gravatar.com\/avatar\/49d2f9e46271bb04e19cebfaf141313a?s=96&d=blank&r=g\",\"contentUrl\":\"https:\/\/secure.gravatar.com\/avatar\/49d2f9e46271bb04e19cebfaf141313a?s=96&d=blank&r=g\",\"caption\":\"Staff\"}}]}<\/script>\n<!-- \/ Yoast SEO plugin. -->","yoast_head_json":{"title":"Inaugurazione del Centro Polivalente Falcone e Borsellino | Arte e Luoghi","description":"A Cavallino il 19 luglio l'inaugurazione del centro intitolato ai due magistrati siciliani nella ex Masseria di Ussano bene confiscato","robots":{"index":"index","follow":"follow","max-snippet":"max-snippet:-1","max-image-preview":"max-image-preview:large","max-video-preview":"max-video-preview:-1"},"canonical":"https:\/\/arteeluoghi.it\/index.php\/2025\/07\/13\/inaugurazione-del-centro-polivalente-falcone-e-borsellino\/","og_locale":"it_IT","og_type":"article","og_title":"Inaugurazione del Centro Polivalente Falcone e Borsellino | Arte e Luoghi","og_description":"A Cavallino il 19 luglio l'inaugurazione del centro intitolato ai due magistrati siciliani nella ex Masseria di Ussano bene confiscato","og_url":"https:\/\/arteeluoghi.it\/index.php\/2025\/07\/13\/inaugurazione-del-centro-polivalente-falcone-e-borsellino\/","og_site_name":"Arte e Luoghi","article_publisher":"https:\/\/www.facebook.com\/ArteELuoghi\/","article_published_time":"2025-07-13T14:35:21+00:00","article_modified_time":"2025-07-13T14:36:33+00:00","og_image":[{"width":1024,"height":676,"url":"https:\/\/arteeluoghi.it\/wp-content\/uploads\/2022\/09\/Falcone-e-Borsellino-insieme-Toni-Gentile.jpg","type":"image\/jpeg"}],"twitter_card":"summary","twitter_creator":"@arteeluoghi","twitter_site":"@arteeluoghi","twitter_misc":{"Scritto da":"Staff","Tempo di lettura stimato":"2 minuti"},"schema":{"@context":"https:\/\/schema.org","@graph":[{"@type":"Organization","@id":"https:\/\/arteeluoghi.it\/#organization","name":"Arte e Luoghi","url":"https:\/\/arteeluoghi.it\/","sameAs":["https:\/\/www.facebook.com\/ArteELuoghi\/","https:\/\/www.instagram.com\/arteeluoghi\/?hl=it","https:\/\/www.youtube.com\/channel\/UCuRVc4JW4-C5sg9rQB-srkw?view_as=subscriber","https:\/\/twitter.com\/arteeluoghi"],"logo":{"@type":"ImageObject","@id":"https:\/\/arteeluoghi.it\/#logo","inLanguage":"it-IT","url":"https:\/\/arteeluoghi.it\/wp-content\/uploads\/2018\/08\/logoinstagramarte.jpg","contentUrl":"https:\/\/arteeluoghi.it\/wp-content\/uploads\/2018\/08\/logoinstagramarte.jpg","width":150,"height":150,"caption":"Arte e Luoghi"},"image":{"@id":"https:\/\/arteeluoghi.it\/#logo"}},{"@type":"WebSite","@id":"https:\/\/arteeluoghi.it\/#website","url":"https:\/\/arteeluoghi.it\/","name":"Arte e Luoghi","description":"Mensile di arte, cultura, turismo e curiosit\u00e0","publisher":{"@id":"https:\/\/arteeluoghi.it\/#organization"},"potentialAction":[{"@type":"SearchAction","target":{"@type":"EntryPoint","urlTemplate":"https:\/\/arteeluoghi.it\/?s={search_term_string}"},"query-input":"required name=search_term_string"}],"inLanguage":"it-IT"},{"@type":"ImageObject","@id":"https:\/\/arteeluoghi.it\/index.php\/2025\/07\/13\/inaugurazione-del-centro-polivalente-falcone-e-borsellino\/#primaryimage","inLanguage":"it-IT","url":"https:\/\/arteeluoghi.it\/wp-content\/uploads\/2022\/09\/Falcone-e-Borsellino-insieme-Toni-Gentile.jpg","contentUrl":"https:\/\/arteeluoghi.it\/wp-content\/uploads\/2022\/09\/Falcone-e-Borsellino-insieme-Toni-Gentile.jpg","width":1024,"height":676},{"@type":"WebPage","@id":"https:\/\/arteeluoghi.it\/index.php\/2025\/07\/13\/inaugurazione-del-centro-polivalente-falcone-e-borsellino\/#webpage","url":"https:\/\/arteeluoghi.it\/index.php\/2025\/07\/13\/inaugurazione-del-centro-polivalente-falcone-e-borsellino\/","name":"Inaugurazione del Centro Polivalente Falcone e Borsellino | Arte e Luoghi","isPartOf":{"@id":"https:\/\/arteeluoghi.it\/#website"},"primaryImageOfPage":{"@id":"https:\/\/arteeluoghi.it\/index.php\/2025\/07\/13\/inaugurazione-del-centro-polivalente-falcone-e-borsellino\/#primaryimage"},"datePublished":"2025-07-13T14:35:21+00:00","dateModified":"2025-07-13T14:36:33+00:00","description":"A Cavallino il 19 luglio l'inaugurazione del centro intitolato ai due magistrati siciliani nella ex Masseria di Ussano bene confiscato","breadcrumb":{"@id":"https:\/\/arteeluoghi.it\/index.php\/2025\/07\/13\/inaugurazione-del-centro-polivalente-falcone-e-borsellino\/#breadcrumb"},"inLanguage":"it-IT","potentialAction":[{"@type":"ReadAction","target":["https:\/\/arteeluoghi.it\/index.php\/2025\/07\/13\/inaugurazione-del-centro-polivalente-falcone-e-borsellino\/"]}]},{"@type":"BreadcrumbList","@id":"https:\/\/arteeluoghi.it\/index.php\/2025\/07\/13\/inaugurazione-del-centro-polivalente-falcone-e-borsellino\/#breadcrumb","itemListElement":[{"@type":"ListItem","position":1,"name":"Home","item":"https:\/\/arteeluoghi.it\/"},{"@type":"ListItem","position":2,"name":"Inaugurazione del Centro Polivalente Falcone e Borsellino"}]},{"@type":"Article","@id":"https:\/\/arteeluoghi.it\/index.php\/2025\/07\/13\/inaugurazione-del-centro-polivalente-falcone-e-borsellino\/#article","isPartOf":{"@id":"https:\/\/arteeluoghi.it\/index.php\/2025\/07\/13\/inaugurazione-del-centro-polivalente-falcone-e-borsellino\/#webpage"},"author":{"@id":"https:\/\/arteeluoghi.it\/#\/schema\/person\/f84e814e36e91e01448ee07eaadd41d4"},"headline":"Inaugurazione del Centro Polivalente Falcone e Borsellino","datePublished":"2025-07-13T14:35:21+00:00","dateModified":"2025-07-13T14:36:33+00:00","mainEntityOfPage":{"@id":"https:\/\/arteeluoghi.it\/index.php\/2025\/07\/13\/inaugurazione-del-centro-polivalente-falcone-e-borsellino\/#webpage"},"wordCount":277,"commentCount":0,"publisher":{"@id":"https:\/\/arteeluoghi.it\/#organization"},"image":{"@id":"https:\/\/arteeluoghi.it\/index.php\/2025\/07\/13\/inaugurazione-del-centro-polivalente-falcone-e-borsellino\/#primaryimage"},"thumbnailUrl":"https:\/\/arteeluoghi.it\/wp-content\/uploads\/2022\/09\/Falcone-e-Borsellino-insieme-Toni-Gentile.jpg","keywords":["Borsellino","Falcone","minori a rischio"],"articleSection":["Notizie"],"inLanguage":"it-IT","potentialAction":[{"@type":"CommentAction","name":"Comment","target":["https:\/\/arteeluoghi.it\/index.php\/2025\/07\/13\/inaugurazione-del-centro-polivalente-falcone-e-borsellino\/#respond"]}]},{"@type":"Person","@id":"https:\/\/arteeluoghi.it\/#\/schema\/person\/f84e814e36e91e01448ee07eaadd41d4","name":"Staff","image":{"@type":"ImageObject","@id":"https:\/\/arteeluoghi.it\/#personlogo","inLanguage":"it-IT","url":"https:\/\/secure.gravatar.com\/avatar\/49d2f9e46271bb04e19cebfaf141313a?s=96&d=blank&r=g","contentUrl":"https:\/\/secure.gravatar.com\/avatar\/49d2f9e46271bb04e19cebfaf141313a?s=96&d=blank&r=g","caption":"Staff"}}]}},"_links":{"self":[{"href":"https:\/\/arteeluoghi.it\/index.php\/wp-json\/wp\/v2\/posts\/15555"}],"collection":[{"href":"https:\/\/arteeluoghi.it\/index.php\/wp-json\/wp\/v2\/posts"}],"about":[{"href":"https:\/\/arteeluoghi.it\/index.php\/wp-json\/wp\/v2\/types\/post"}],"author":[{"embeddable":true,"href":"https:\/\/arteeluoghi.it\/index.php\/wp-json\/wp\/v2\/users\/1"}],"replies":[{"embeddable":true,"href":"https:\/\/arteeluoghi.it\/index.php\/wp-json\/wp\/v2\/comments?post=15555"}],"version-history":[{"count":2,"href":"https:\/\/arteeluoghi.it\/index.php\/wp-json\/wp\/v2\/posts\/15555\/revisions"}],"predecessor-version":[{"id":15557,"href":"https:\/\/arteeluoghi.it\/index.php\/wp-json\/wp\/v2\/posts\/15555\/revisions\/15557"}],"wp:featuredmedia":[{"embeddable":true,"href":"https:\/\/arteeluoghi.it\/index.php\/wp-json\/wp\/v2\/media\/11595"}],"wp:attachment":[{"href":"https:\/\/arteeluoghi.it\/index.php\/wp-json\/wp\/v2\/media?parent=15555"}],"wp:term":[{"taxonomy":"category","embeddable":true,"href":"https:\/\/arteeluoghi.it\/index.php\/wp-json\/wp\/v2\/categories?post=15555"},{"taxonomy":"post_tag","embeddable":true,"href":"https:\/\/arteeluoghi.it\/index.php\/wp-json\/wp\/v2\/tags?post=15555"}],"curies":[{"name":"wp","href":"https:\/\/api.w.org\/{rel}","templated":true}]}}