{"id":15569,"date":"2025-07-13T17:42:43","date_gmt":"2025-07-13T15:42:43","guid":{"rendered":"https:\/\/arteeluoghi.it\/?p=15569"},"modified":"2025-07-13T17:44:26","modified_gmt":"2025-07-13T15:44:26","slug":"premio-porta-dei-leoni","status":"publish","type":"post","link":"https:\/\/arteeluoghi.it\/index.php\/2025\/07\/13\/premio-porta-dei-leoni\/","title":{"rendered":"Premio Porta dei Leoni"},"content":{"rendered":"\n<blockquote class=\"wp-block-quote is-style-default\"><p>Il gal\u00e0 in memoria di Katia Valerio Grimaldi \u00e8 patrocinato dalla Fondazione Katia Valerio e patrocinato da Citt\u00e0 di Margherita di Savoia, Fondazione Pino Daniele e Ail<\/p><\/blockquote>\n\n\n\n<p>Mercoled\u00ec&nbsp;<strong>16 luglio 2025<\/strong>, nella suggestiva cornice sul mare&nbsp;<strong>a Margherita di Savoia (BT)<\/strong>, si terr\u00e0 la seconda edizione del \u201c<strong>Premio Porta dei Leoni\u201d, gal\u00e0 solidale in memoria di Katia Valerio Grimaldi<\/strong>, un riconoscimento nato per onorare la memoria di un\u2019imprenditrice straordinaria che ha segnato profondamente il territorio con la sua visione. Un omaggio a un\u2019eredit\u00e0 di determinazione, altruismo e innovazione.&nbsp;<\/p>\n\n\n\n<p>Katia Valerio Grimaldi ha dedicato la sua vita alla crescita e al successo del suo progetto imprenditoriale, trasformando&nbsp;<strong>La Porta dei Leoni<\/strong>&nbsp;in un punto di riferimento per la comunit\u00e0 e generando opportunit\u00e0 per tanti lavoratori. La sua forza e resilienza, anche nei momenti pi\u00f9 difficili della sua malattia, l\u2019hanno spinta a supportare la ricerca medica con donazioni continue all\u2019<strong>AIL&nbsp;<\/strong>(Associazione Italiana Contro le leucemie-linfomi e mieloma), convinta che solo attraverso il sostegno di tutti si potessero raggiungere grandi risultati nella lotta contro la leucemia.<\/p>\n\n\n\n<!--more-->\n\n\n\n<p>Il suo spirito altruista e il suo amore per la famiglia hanno lasciato un\u2019impronta indelebile nella vita del marito&nbsp;<strong>Tonio<\/strong>, della figlia&nbsp;<strong>Claudia<\/strong>&nbsp;e dei suoi adorati nipoti, con i quali ha sempre condiviso una speciale complicit\u00e0. Dopo la sua scomparsa, la figlia Claudia ha deciso di portare avanti la missione solidale della madre, creando la&nbsp;<strong>Fondazione Katia Valerio<\/strong>, che si occupa di sostenere progetti benefici e persone bisognose, seguendo i valori che hanno sempre guidato Katia nella sua vita.<\/p>\n\n\n\n<p>Nato nel&nbsp;<strong>2022<\/strong>, il&nbsp;<strong>Premio&nbsp;<\/strong>\u00e8 un riconoscimento volto a celebrare personalit\u00e0 pugliesi che, attraverso le loro attivit\u00e0 e il loro impegno, hanno contribuito a valorizzare la regione anche a livello nazionale e internazionale.<\/p>\n\n\n\n<div class=\"wp-block-image\"><figure class=\"alignleft size-large is-resized\"><img loading=\"lazy\" src=\"https:\/\/arteeluoghi.it\/wp-content\/uploads\/2025\/07\/Prefetto-Valiante-premiato-nel-2021-nella-prima-edizione-del-Premio-Porta-dei-Leoni-1024x683.jpg\" alt=\"\" class=\"wp-image-15571\" width=\"512\" height=\"342\" srcset=\"https:\/\/arteeluoghi.it\/wp-content\/uploads\/2025\/07\/Prefetto-Valiante-premiato-nel-2021-nella-prima-edizione-del-Premio-Porta-dei-Leoni-1024x683.jpg 1024w, https:\/\/arteeluoghi.it\/wp-content\/uploads\/2025\/07\/Prefetto-Valiante-premiato-nel-2021-nella-prima-edizione-del-Premio-Porta-dei-Leoni-300x200.jpg 300w, https:\/\/arteeluoghi.it\/wp-content\/uploads\/2025\/07\/Prefetto-Valiante-premiato-nel-2021-nella-prima-edizione-del-Premio-Porta-dei-Leoni-768x512.jpg 768w, https:\/\/arteeluoghi.it\/wp-content\/uploads\/2025\/07\/Prefetto-Valiante-premiato-nel-2021-nella-prima-edizione-del-Premio-Porta-dei-Leoni-1536x1025.jpg 1536w, https:\/\/arteeluoghi.it\/wp-content\/uploads\/2025\/07\/Prefetto-Valiante-premiato-nel-2021-nella-prima-edizione-del-Premio-Porta-dei-Leoni.jpg 2048w\" sizes=\"(max-width: 512px) 100vw, 512px\" \/><figcaption>Prefetto Valiante premiato nel 2021 nella prima edizione del Premio Porta dei Leoni.<\/figcaption><\/figure><\/div>\n\n\n\n<p>L\u2019edizione 2025, che si terr\u00e0&nbsp;<strong>mercoled\u00ec 16 luglio<\/strong>&nbsp;<strong>dalle ore 20,00<\/strong>, nella suggestiva cornice de&nbsp;<strong>La Porta dei Leoni a Margherita di Savoia<\/strong>, sar\u00e0 una serata all\u2019insegna della solidariet\u00e0 e della celebrazione di cinque eccellenze pugliesi distintesi con talento e coraggio in diversi ambiti della vita pubblica e professionale.&nbsp;<strong>Cinque volti, cinque storie straordinarie, cinque percorsi diversi che lasciano il segno in un\u2019unica terra, la Puglia:&nbsp;<\/strong>l\u2019instancabile impegno istituzionale del Prefetto&nbsp;<strong>Silvana D\u2019Agostino<\/strong>&nbsp;al servizio della BAT; l&#8217;occhio visionario di&nbsp;<strong>Joseph Cardo<\/strong>&nbsp;che ha rivoluzionato la fotografia di moda; il prezioso contributo del Cav.&nbsp;<strong>Enzo Delvecchio<\/strong>, Presidente del CIV dell\u2019IRCCS \u201cSaverio de Bellis\u201d di Castellana Grotte, nel garantire l\u2019indirizzo strategico delle attivit\u00e0 di un importante polo sanitario di eccellenza nazionale; la leadership illuminata di&nbsp;<strong>Maria Parente<\/strong>&nbsp;alla guida di Terra d\u2019Oro e l\u2019audace spirito imprenditoriale di&nbsp;<strong>Mimmo Zingrillo<\/strong>, forza propulsiva dell\u2019economia locale.&nbsp;<\/p>\n\n\n\n<p><strong>Oltre alla raccolta fondi a favore dell\u2019AIL,&nbsp;<\/strong>il premio sar\u00e0 accompagnato da un evento speciale: \u201c<strong>Nero a met\u00e0 Experience\u201d<\/strong>, un omaggio musicale a&nbsp;<strong>Pino Daniele<\/strong>, artista che Katia amava profondamente.<\/p>\n\n\n\n<p>Durante la serata, gli storici musicisti di Pino Daniele:&nbsp;<strong>Gigi De Rienzo&nbsp;<\/strong>(basso)<strong>, Ernesto Vitolo&nbsp;<\/strong>(tastiere)&nbsp;<strong>e Agostino Marangolo&nbsp;<\/strong>(batteria), insieme a&nbsp;<strong>Jerry Popolo&nbsp;<\/strong>(sax),<strong>&nbsp;Carlo Fimiani&nbsp;<\/strong>(chitarra),&nbsp;<strong>Emilia Zamuner&nbsp;<\/strong>(voce)&nbsp;<strong>e Greg Rega&nbsp;<\/strong>(voce) porteranno sul palco un viaggio emozionante attraverso i capolavori del grande cantautore napoletano, con un focus sull\u2019album iconico \u201cNero a met\u00e0\u201d.&nbsp;<\/p>\n\n\n\n<p>Il progetto musicale, a dieci anni dalla scomparsa del grande cantautore, nell\u2019anno in cui l\u2019artista napoletano avrebbe compiuto 70 anni, acquisisce un significato ancora pi\u00f9 importante. Rappresenta un incontro intimo con l&#8217;anima della musica di Pino Daniele, un progetto rivisitato e arricchito da nuove interpretazioni da coloro che lo hanno conosciuto e accompagnato nel suo percorso artistico. Collaboratori storici e parte integrante del suono unico che ha caratterizzato la carriera dell\u2019artista.<\/p>\n\n\n\n<p>Con grande emozione, il Premio Porta dei Leoni accoglie quest\u2019anno la presenza di un protagonista indiscusso del teatro e del cinema italiano:&nbsp;<strong>Alessandro Preziosi<\/strong>. La sua voce inconfondibile, la profondit\u00e0 della sua interpretazione e la capacit\u00e0 di emozionare con l\u2019intensit\u00e0 di uno sguardo daranno vita a un reading d\u2019autore che promette di essere uno dei momenti pi\u00f9 coinvolgenti e suggestivi della serata. La partecipazione di Preziosi, con il suo straordinario percorso artistico, \u00e8 un regalo al pubblico, che potr\u00e0 lasciarsi trasportare dalla magia della parola interpretata da uno dei pi\u00f9 grandi talenti della scena contemporanea. In un evento che celebra cultura, passione e bellezza, la sua presenza rende ancora pi\u00f9 luminosa la cornice del Premio.<\/p>\n\n\n\n<p>A guidare tutto l\u2019evento che gode dei patrocini di Citt\u00e0 di Margherita di Savoia, Fondazione Pino Daniele, AIL, con la direzione artistica di&nbsp;<strong>Gerardo Russo<\/strong>, sar\u00e0&nbsp;<strong>Dario Salvatori<\/strong>, giornalista, critico musicale e scrittore, che con la sua esperienza offrir\u00e0 al pubblico una narrazione coinvolgente e appassionata.<\/p>\n\n\n\n<p><strong>Il ricavato della serata sar\u00e0 devoluto all\u2019AIL e parte alla Fondazione Pino Daniele<\/strong>, un\u2019organizzazione no profit che preserva la memoria del grande cantautore napoletano, attraverso iniziative culturali e musicali, supportando la formazione artistica di giovani talenti e promuovendo progetti di utilit\u00e0 sociale.&nbsp;La Fondazione si impegna in attivit\u00e0 di ricerca musicale, progetti audiovisivi innovativi e si ispira ai principi del Terzo settore. L\u2019ente ha fatto dell&#8217;educazione dei ragazzi, del contrasto alla povert\u00e0 educativa minorile e del supporto alle nuove generazioni, mediante la musica e le arti in generale, una vera e propria mission, fonte di ispirazione continua che parte dall&#8217;opera e dagli insegnamenti di vita del Maestro Pino Daniele.<strong>&nbsp;Tra i suoi progetti pi\u00f9 importanti \u201cIn Aid Of Children\u201d, in favore dei bambini e degli adolescenti malati di cancro<\/strong>. La Fondazione sostiene infatti la ricerca scientifica e i&nbsp;<strong>progetti di ricerca oncologica pediatrica<\/strong>.&nbsp;<\/p>\n\n\n\n<p>Grazie al suo scopo solidale, il&nbsp;<strong>Premio Porta dei Leoni&nbsp;<\/strong>\u00e8 pi\u00f9 di un riconoscimento: \u00e8 un tributo a una donna straordinaria e un simbolo di speranza, determinazione e amore per la propria terra, con uno sguardo a coloro che soffrono.<\/p>\n\n\n\n<p>La Fondazione Katia Valerio invita la comunit\u00e0 a partecipare a questa serata speciale, sostenendo la ricerca e celebrando l\u2019eredit\u00e0 di una figura che, con il suo operato, ha nobilitato la Puglia.<\/p>\n\n\n\n<p>Info: La Porta dei Leoni | Via&nbsp;Barletta, km 40\/480 &#8211; Margherita di Savoia (BT) Tel: 0882656639 | 3334094891&nbsp;<\/p>\n\n\n\n<p>(fonte: comunicato stampa)<\/p>\n","protected":false},"excerpt":{"rendered":"<p>Il gal\u00e0 in memoria di Katia Valerio Grimaldi \u00e8 patrocinato dalla Fondazione Katia Valerio e patrocinato da Citt\u00e0 di Margherita<\/p>\n","protected":false},"author":1,"featured_media":15570,"comment_status":"open","ping_status":"open","sticky":true,"template":"","format":"standard","meta":[],"categories":[52,28],"tags":[6601,6600],"yoast_head":"<!-- This site is optimized with the Yoast SEO plugin v18.0 - https:\/\/yoast.com\/wordpress\/plugins\/seo\/ -->\n<title>Premio Porta dei Leoni | Arte e Luoghi<\/title>\n<meta name=\"description\" content=\"Il gal\u00e0 in memoria di Katia Valerio Grimaldi \u00e8 patrocinato dalla Fondazione Katia Valerio e patrocinato da Citt\u00e0 di Margherita di Savoia,\" \/>\n<meta name=\"robots\" content=\"index, follow, max-snippet:-1, max-image-preview:large, max-video-preview:-1\" \/>\n<link rel=\"canonical\" href=\"https:\/\/arteeluoghi.it\/index.php\/2025\/07\/13\/premio-porta-dei-leoni\/\" \/>\n<meta property=\"og:locale\" content=\"it_IT\" \/>\n<meta property=\"og:type\" content=\"article\" \/>\n<meta property=\"og:title\" content=\"Premio Porta dei Leoni | Arte e Luoghi\" \/>\n<meta property=\"og:description\" content=\"Il gal\u00e0 in memoria di Katia Valerio Grimaldi \u00e8 patrocinato dalla Fondazione Katia Valerio e patrocinato da Citt\u00e0 di Margherita di Savoia,\" \/>\n<meta property=\"og:url\" content=\"https:\/\/arteeluoghi.it\/index.php\/2025\/07\/13\/premio-porta-dei-leoni\/\" \/>\n<meta property=\"og:site_name\" content=\"Arte e Luoghi\" \/>\n<meta property=\"article:publisher\" content=\"https:\/\/www.facebook.com\/ArteELuoghi\/\" \/>\n<meta property=\"article:published_time\" content=\"2025-07-13T15:42:43+00:00\" \/>\n<meta property=\"article:modified_time\" content=\"2025-07-13T15:44:26+00:00\" \/>\n<meta property=\"og:image\" content=\"https:\/\/arteeluoghi.it\/wp-content\/uploads\/2025\/07\/Premio-Porta-dei-Leoni-I-ediz.-Limmagine-della-nota-imprenditrice-Katia-Valerio-Grimaldi-prematuramente-scomparsa.jpg\" \/>\n\t<meta property=\"og:image:width\" content=\"1600\" \/>\n\t<meta property=\"og:image:height\" content=\"1200\" \/>\n\t<meta property=\"og:image:type\" content=\"image\/jpeg\" \/>\n<meta name=\"twitter:card\" content=\"summary\" \/>\n<meta name=\"twitter:creator\" content=\"@arteeluoghi\" \/>\n<meta name=\"twitter:site\" content=\"@arteeluoghi\" \/>\n<meta name=\"twitter:label1\" content=\"Scritto da\" \/>\n\t<meta name=\"twitter:data1\" content=\"Staff\" \/>\n\t<meta name=\"twitter:label2\" content=\"Tempo di lettura stimato\" \/>\n\t<meta name=\"twitter:data2\" content=\"6 minuti\" \/>\n<script type=\"application\/ld+json\" class=\"yoast-schema-graph\">{\"@context\":\"https:\/\/schema.org\",\"@graph\":[{\"@type\":\"Organization\",\"@id\":\"https:\/\/arteeluoghi.it\/#organization\",\"name\":\"Arte e Luoghi\",\"url\":\"https:\/\/arteeluoghi.it\/\",\"sameAs\":[\"https:\/\/www.facebook.com\/ArteELuoghi\/\",\"https:\/\/www.instagram.com\/arteeluoghi\/?hl=it\",\"https:\/\/www.youtube.com\/channel\/UCuRVc4JW4-C5sg9rQB-srkw?view_as=subscriber\",\"https:\/\/twitter.com\/arteeluoghi\"],\"logo\":{\"@type\":\"ImageObject\",\"@id\":\"https:\/\/arteeluoghi.it\/#logo\",\"inLanguage\":\"it-IT\",\"url\":\"https:\/\/arteeluoghi.it\/wp-content\/uploads\/2018\/08\/logoinstagramarte.jpg\",\"contentUrl\":\"https:\/\/arteeluoghi.it\/wp-content\/uploads\/2018\/08\/logoinstagramarte.jpg\",\"width\":150,\"height\":150,\"caption\":\"Arte e Luoghi\"},\"image\":{\"@id\":\"https:\/\/arteeluoghi.it\/#logo\"}},{\"@type\":\"WebSite\",\"@id\":\"https:\/\/arteeluoghi.it\/#website\",\"url\":\"https:\/\/arteeluoghi.it\/\",\"name\":\"Arte e Luoghi\",\"description\":\"Mensile di arte, cultura, turismo e curiosit\u00e0\",\"publisher\":{\"@id\":\"https:\/\/arteeluoghi.it\/#organization\"},\"potentialAction\":[{\"@type\":\"SearchAction\",\"target\":{\"@type\":\"EntryPoint\",\"urlTemplate\":\"https:\/\/arteeluoghi.it\/?s={search_term_string}\"},\"query-input\":\"required name=search_term_string\"}],\"inLanguage\":\"it-IT\"},{\"@type\":\"ImageObject\",\"@id\":\"https:\/\/arteeluoghi.it\/index.php\/2025\/07\/13\/premio-porta-dei-leoni\/#primaryimage\",\"inLanguage\":\"it-IT\",\"url\":\"https:\/\/arteeluoghi.it\/wp-content\/uploads\/2025\/07\/Premio-Porta-dei-Leoni-I-ediz.-Limmagine-della-nota-imprenditrice-Katia-Valerio-Grimaldi-prematuramente-scomparsa.jpg\",\"contentUrl\":\"https:\/\/arteeluoghi.it\/wp-content\/uploads\/2025\/07\/Premio-Porta-dei-Leoni-I-ediz.-Limmagine-della-nota-imprenditrice-Katia-Valerio-Grimaldi-prematuramente-scomparsa.jpg\",\"width\":1600,\"height\":1200},{\"@type\":\"WebPage\",\"@id\":\"https:\/\/arteeluoghi.it\/index.php\/2025\/07\/13\/premio-porta-dei-leoni\/#webpage\",\"url\":\"https:\/\/arteeluoghi.it\/index.php\/2025\/07\/13\/premio-porta-dei-leoni\/\",\"name\":\"Premio Porta dei Leoni | Arte e Luoghi\",\"isPartOf\":{\"@id\":\"https:\/\/arteeluoghi.it\/#website\"},\"primaryImageOfPage\":{\"@id\":\"https:\/\/arteeluoghi.it\/index.php\/2025\/07\/13\/premio-porta-dei-leoni\/#primaryimage\"},\"datePublished\":\"2025-07-13T15:42:43+00:00\",\"dateModified\":\"2025-07-13T15:44:26+00:00\",\"description\":\"Il gal\u00e0 in memoria di Katia Valerio Grimaldi \u00e8 patrocinato dalla Fondazione Katia Valerio e patrocinato da Citt\u00e0 di Margherita di Savoia,\",\"breadcrumb\":{\"@id\":\"https:\/\/arteeluoghi.it\/index.php\/2025\/07\/13\/premio-porta-dei-leoni\/#breadcrumb\"},\"inLanguage\":\"it-IT\",\"potentialAction\":[{\"@type\":\"ReadAction\",\"target\":[\"https:\/\/arteeluoghi.it\/index.php\/2025\/07\/13\/premio-porta-dei-leoni\/\"]}]},{\"@type\":\"BreadcrumbList\",\"@id\":\"https:\/\/arteeluoghi.it\/index.php\/2025\/07\/13\/premio-porta-dei-leoni\/#breadcrumb\",\"itemListElement\":[{\"@type\":\"ListItem\",\"position\":1,\"name\":\"Home\",\"item\":\"https:\/\/arteeluoghi.it\/\"},{\"@type\":\"ListItem\",\"position\":2,\"name\":\"Premio Porta dei Leoni\"}]},{\"@type\":\"Article\",\"@id\":\"https:\/\/arteeluoghi.it\/index.php\/2025\/07\/13\/premio-porta-dei-leoni\/#article\",\"isPartOf\":{\"@id\":\"https:\/\/arteeluoghi.it\/index.php\/2025\/07\/13\/premio-porta-dei-leoni\/#webpage\"},\"author\":{\"@id\":\"https:\/\/arteeluoghi.it\/#\/schema\/person\/f84e814e36e91e01448ee07eaadd41d4\"},\"headline\":\"Premio Porta dei Leoni\",\"datePublished\":\"2025-07-13T15:42:43+00:00\",\"dateModified\":\"2025-07-13T15:44:26+00:00\",\"mainEntityOfPage\":{\"@id\":\"https:\/\/arteeluoghi.it\/index.php\/2025\/07\/13\/premio-porta-dei-leoni\/#webpage\"},\"wordCount\":1065,\"commentCount\":0,\"publisher\":{\"@id\":\"https:\/\/arteeluoghi.it\/#organization\"},\"image\":{\"@id\":\"https:\/\/arteeluoghi.it\/index.php\/2025\/07\/13\/premio-porta-dei-leoni\/#primaryimage\"},\"thumbnailUrl\":\"https:\/\/arteeluoghi.it\/wp-content\/uploads\/2025\/07\/Premio-Porta-dei-Leoni-I-ediz.-Limmagine-della-nota-imprenditrice-Katia-Valerio-Grimaldi-prematuramente-scomparsa.jpg\",\"keywords\":[\"Fondazione Katia Valerio\",\"Premio Porta dei Leoni\"],\"articleSection\":[\"I luoghi della parola\",\"Notizie\"],\"inLanguage\":\"it-IT\",\"potentialAction\":[{\"@type\":\"CommentAction\",\"name\":\"Comment\",\"target\":[\"https:\/\/arteeluoghi.it\/index.php\/2025\/07\/13\/premio-porta-dei-leoni\/#respond\"]}]},{\"@type\":\"Person\",\"@id\":\"https:\/\/arteeluoghi.it\/#\/schema\/person\/f84e814e36e91e01448ee07eaadd41d4\",\"name\":\"Staff\",\"image\":{\"@type\":\"ImageObject\",\"@id\":\"https:\/\/arteeluoghi.it\/#personlogo\",\"inLanguage\":\"it-IT\",\"url\":\"https:\/\/secure.gravatar.com\/avatar\/49d2f9e46271bb04e19cebfaf141313a?s=96&d=blank&r=g\",\"contentUrl\":\"https:\/\/secure.gravatar.com\/avatar\/49d2f9e46271bb04e19cebfaf141313a?s=96&d=blank&r=g\",\"caption\":\"Staff\"}}]}<\/script>\n<!-- \/ Yoast SEO plugin. -->","yoast_head_json":{"title":"Premio Porta dei Leoni | Arte e Luoghi","description":"Il gal\u00e0 in memoria di Katia Valerio Grimaldi \u00e8 patrocinato dalla Fondazione Katia Valerio e patrocinato da Citt\u00e0 di Margherita di Savoia,","robots":{"index":"index","follow":"follow","max-snippet":"max-snippet:-1","max-image-preview":"max-image-preview:large","max-video-preview":"max-video-preview:-1"},"canonical":"https:\/\/arteeluoghi.it\/index.php\/2025\/07\/13\/premio-porta-dei-leoni\/","og_locale":"it_IT","og_type":"article","og_title":"Premio Porta dei Leoni | Arte e Luoghi","og_description":"Il gal\u00e0 in memoria di Katia Valerio Grimaldi \u00e8 patrocinato dalla Fondazione Katia Valerio e patrocinato da Citt\u00e0 di Margherita di Savoia,","og_url":"https:\/\/arteeluoghi.it\/index.php\/2025\/07\/13\/premio-porta-dei-leoni\/","og_site_name":"Arte e Luoghi","article_publisher":"https:\/\/www.facebook.com\/ArteELuoghi\/","article_published_time":"2025-07-13T15:42:43+00:00","article_modified_time":"2025-07-13T15:44:26+00:00","og_image":[{"width":1600,"height":1200,"url":"https:\/\/arteeluoghi.it\/wp-content\/uploads\/2025\/07\/Premio-Porta-dei-Leoni-I-ediz.-Limmagine-della-nota-imprenditrice-Katia-Valerio-Grimaldi-prematuramente-scomparsa.jpg","type":"image\/jpeg"}],"twitter_card":"summary","twitter_creator":"@arteeluoghi","twitter_site":"@arteeluoghi","twitter_misc":{"Scritto da":"Staff","Tempo di lettura stimato":"6 minuti"},"schema":{"@context":"https:\/\/schema.org","@graph":[{"@type":"Organization","@id":"https:\/\/arteeluoghi.it\/#organization","name":"Arte e Luoghi","url":"https:\/\/arteeluoghi.it\/","sameAs":["https:\/\/www.facebook.com\/ArteELuoghi\/","https:\/\/www.instagram.com\/arteeluoghi\/?hl=it","https:\/\/www.youtube.com\/channel\/UCuRVc4JW4-C5sg9rQB-srkw?view_as=subscriber","https:\/\/twitter.com\/arteeluoghi"],"logo":{"@type":"ImageObject","@id":"https:\/\/arteeluoghi.it\/#logo","inLanguage":"it-IT","url":"https:\/\/arteeluoghi.it\/wp-content\/uploads\/2018\/08\/logoinstagramarte.jpg","contentUrl":"https:\/\/arteeluoghi.it\/wp-content\/uploads\/2018\/08\/logoinstagramarte.jpg","width":150,"height":150,"caption":"Arte e Luoghi"},"image":{"@id":"https:\/\/arteeluoghi.it\/#logo"}},{"@type":"WebSite","@id":"https:\/\/arteeluoghi.it\/#website","url":"https:\/\/arteeluoghi.it\/","name":"Arte e Luoghi","description":"Mensile di arte, cultura, turismo e curiosit\u00e0","publisher":{"@id":"https:\/\/arteeluoghi.it\/#organization"},"potentialAction":[{"@type":"SearchAction","target":{"@type":"EntryPoint","urlTemplate":"https:\/\/arteeluoghi.it\/?s={search_term_string}"},"query-input":"required name=search_term_string"}],"inLanguage":"it-IT"},{"@type":"ImageObject","@id":"https:\/\/arteeluoghi.it\/index.php\/2025\/07\/13\/premio-porta-dei-leoni\/#primaryimage","inLanguage":"it-IT","url":"https:\/\/arteeluoghi.it\/wp-content\/uploads\/2025\/07\/Premio-Porta-dei-Leoni-I-ediz.-Limmagine-della-nota-imprenditrice-Katia-Valerio-Grimaldi-prematuramente-scomparsa.jpg","contentUrl":"https:\/\/arteeluoghi.it\/wp-content\/uploads\/2025\/07\/Premio-Porta-dei-Leoni-I-ediz.-Limmagine-della-nota-imprenditrice-Katia-Valerio-Grimaldi-prematuramente-scomparsa.jpg","width":1600,"height":1200},{"@type":"WebPage","@id":"https:\/\/arteeluoghi.it\/index.php\/2025\/07\/13\/premio-porta-dei-leoni\/#webpage","url":"https:\/\/arteeluoghi.it\/index.php\/2025\/07\/13\/premio-porta-dei-leoni\/","name":"Premio Porta dei Leoni | Arte e Luoghi","isPartOf":{"@id":"https:\/\/arteeluoghi.it\/#website"},"primaryImageOfPage":{"@id":"https:\/\/arteeluoghi.it\/index.php\/2025\/07\/13\/premio-porta-dei-leoni\/#primaryimage"},"datePublished":"2025-07-13T15:42:43+00:00","dateModified":"2025-07-13T15:44:26+00:00","description":"Il gal\u00e0 in memoria di Katia Valerio Grimaldi \u00e8 patrocinato dalla Fondazione Katia Valerio e patrocinato da Citt\u00e0 di Margherita di Savoia,","breadcrumb":{"@id":"https:\/\/arteeluoghi.it\/index.php\/2025\/07\/13\/premio-porta-dei-leoni\/#breadcrumb"},"inLanguage":"it-IT","potentialAction":[{"@type":"ReadAction","target":["https:\/\/arteeluoghi.it\/index.php\/2025\/07\/13\/premio-porta-dei-leoni\/"]}]},{"@type":"BreadcrumbList","@id":"https:\/\/arteeluoghi.it\/index.php\/2025\/07\/13\/premio-porta-dei-leoni\/#breadcrumb","itemListElement":[{"@type":"ListItem","position":1,"name":"Home","item":"https:\/\/arteeluoghi.it\/"},{"@type":"ListItem","position":2,"name":"Premio Porta dei Leoni"}]},{"@type":"Article","@id":"https:\/\/arteeluoghi.it\/index.php\/2025\/07\/13\/premio-porta-dei-leoni\/#article","isPartOf":{"@id":"https:\/\/arteeluoghi.it\/index.php\/2025\/07\/13\/premio-porta-dei-leoni\/#webpage"},"author":{"@id":"https:\/\/arteeluoghi.it\/#\/schema\/person\/f84e814e36e91e01448ee07eaadd41d4"},"headline":"Premio Porta dei Leoni","datePublished":"2025-07-13T15:42:43+00:00","dateModified":"2025-07-13T15:44:26+00:00","mainEntityOfPage":{"@id":"https:\/\/arteeluoghi.it\/index.php\/2025\/07\/13\/premio-porta-dei-leoni\/#webpage"},"wordCount":1065,"commentCount":0,"publisher":{"@id":"https:\/\/arteeluoghi.it\/#organization"},"image":{"@id":"https:\/\/arteeluoghi.it\/index.php\/2025\/07\/13\/premio-porta-dei-leoni\/#primaryimage"},"thumbnailUrl":"https:\/\/arteeluoghi.it\/wp-content\/uploads\/2025\/07\/Premio-Porta-dei-Leoni-I-ediz.-Limmagine-della-nota-imprenditrice-Katia-Valerio-Grimaldi-prematuramente-scomparsa.jpg","keywords":["Fondazione Katia Valerio","Premio Porta dei Leoni"],"articleSection":["I luoghi della parola","Notizie"],"inLanguage":"it-IT","potentialAction":[{"@type":"CommentAction","name":"Comment","target":["https:\/\/arteeluoghi.it\/index.php\/2025\/07\/13\/premio-porta-dei-leoni\/#respond"]}]},{"@type":"Person","@id":"https:\/\/arteeluoghi.it\/#\/schema\/person\/f84e814e36e91e01448ee07eaadd41d4","name":"Staff","image":{"@type":"ImageObject","@id":"https:\/\/arteeluoghi.it\/#personlogo","inLanguage":"it-IT","url":"https:\/\/secure.gravatar.com\/avatar\/49d2f9e46271bb04e19cebfaf141313a?s=96&d=blank&r=g","contentUrl":"https:\/\/secure.gravatar.com\/avatar\/49d2f9e46271bb04e19cebfaf141313a?s=96&d=blank&r=g","caption":"Staff"}}]}},"_links":{"self":[{"href":"https:\/\/arteeluoghi.it\/index.php\/wp-json\/wp\/v2\/posts\/15569"}],"collection":[{"href":"https:\/\/arteeluoghi.it\/index.php\/wp-json\/wp\/v2\/posts"}],"about":[{"href":"https:\/\/arteeluoghi.it\/index.php\/wp-json\/wp\/v2\/types\/post"}],"author":[{"embeddable":true,"href":"https:\/\/arteeluoghi.it\/index.php\/wp-json\/wp\/v2\/users\/1"}],"replies":[{"embeddable":true,"href":"https:\/\/arteeluoghi.it\/index.php\/wp-json\/wp\/v2\/comments?post=15569"}],"version-history":[{"count":1,"href":"https:\/\/arteeluoghi.it\/index.php\/wp-json\/wp\/v2\/posts\/15569\/revisions"}],"predecessor-version":[{"id":15572,"href":"https:\/\/arteeluoghi.it\/index.php\/wp-json\/wp\/v2\/posts\/15569\/revisions\/15572"}],"wp:featuredmedia":[{"embeddable":true,"href":"https:\/\/arteeluoghi.it\/index.php\/wp-json\/wp\/v2\/media\/15570"}],"wp:attachment":[{"href":"https:\/\/arteeluoghi.it\/index.php\/wp-json\/wp\/v2\/media?parent=15569"}],"wp:term":[{"taxonomy":"category","embeddable":true,"href":"https:\/\/arteeluoghi.it\/index.php\/wp-json\/wp\/v2\/categories?post=15569"},{"taxonomy":"post_tag","embeddable":true,"href":"https:\/\/arteeluoghi.it\/index.php\/wp-json\/wp\/v2\/tags?post=15569"}],"curies":[{"name":"wp","href":"https:\/\/api.w.org\/{rel}","templated":true}]}}