{"id":156,"date":"2011-02-01T11:01:57","date_gmt":"2011-02-01T10:01:57","guid":{"rendered":"http:\/\/arteeluoghi.it\/index.php\/2011\/02\/01\/il-re\/"},"modified":"2017-08-06T03:07:30","modified_gmt":"2017-08-06T01:07:30","slug":"il-re","status":"publish","type":"post","link":"https:\/\/arteeluoghi.it\/index.php\/2011\/02\/01\/il-re\/","title":{"rendered":"IL RE BALBUZIENTE"},"content":{"rendered":"<h3><span style=\"font-size: medium;\">Il Re balbuziente<\/span><br \/>dichiarazione di guerra ad ogni totalitarismo<\/h3>\n<p><img src=\"\/images\/stories\/il re.jpg\" border=\"0\" \/><\/p>\n<p><span style=\"font-size: x-large;\">Il\u00a0 bisogno di una Voce<\/span><\/p>\n<p><em>da il PaeseNuovo, Quotidiano del Salento di Marted\u00ec 01\/02\/2011 <\/em><\/p>\n<p>nota di Francesco Pasca<\/p>\n<p>\u00a0<\/p>\n<p style=\"text-align: justify;\"><span style=\"font-size: small;\">Di Tom Hooper la Sceneggiatura, di David Seidler la Fotografia.<\/span><\/p>\n<p style=\"text-align: justify;\"><span style=\"font-size: small;\"><em>Un Re, o meglio un futuro Re, un re balbuziente. Albert Frederick Arthur George Windsor, duca di Yiork, quello che poi, diventando Giorgio VI d&#8217;Inghilterra, indossa la corona giusto in tempo per affrontare la guerra e fare un bel discorso radiofonico ai sudditi. Filato, senza inciampare, con pathos regale e un sottofondo musicale classico ad evidenziare l&#8217;armonia delle parole che dichiarano guerra a Hitler. Un Re Giorgio spesso oscurato dalla Storia &#8230; <\/em><br \/><\/span><\/p>\n<p style=\"text-align: justify;\"><span style=\"font-size: small;\">Colin Firth, Guy Pearce, Helena Bonham Carter, Timothy Spall, Geoffrey Rush, Jennifer Ehle, Derek Jacobi, James Currie, Tim Downie, Michael Gambon, Anthony Andrews, Eve Best, Claire Bloom gli attori. Centoundici i minuti di proiezione.<\/span><\/p>\n<p style=\"text-align: justify;\"><span style=\"font-size: small;\">Non si vive in una campana di vetro. \u00c8 cos\u00ec che i silenzi di quell\u2019interno non potranno mai essere il rumoroso silenzio di ci\u00f2 che pu\u00f2 starne fuori. Il Re non pu\u00f2 essere lasciato nudo ed il giovane Bertie (Colin Firth) non pu\u00f2 soffrire di balbuzie perch\u00e8 una certezza lo insegue, suo fratello il primogenito Edoardo VIII (Guy Pearce) sta per scegliere al di fuori degli obblighi reali ed abdicare. Da una certezza ecco scaturire un\u2019incertezza e quest\u2019ultima \u00e8 con lui fin dalla tenera et\u00e0. Chi ha, come me, avuto l\u2019opportunit\u00e0 di sommare immagini su immagini in una storia oggi anche da altri visionabile con l\u2019ultima pellicola destinata a circa dodici nomination (ricevute dall\u2019Academy di Los Angeles), tutto questo, se veduto con occhio &#8220;strabico&#8221; pu\u00f2 consentire una o pi\u00f9 riflessioni. Casuale e non fatalista come sono mi consento di pensare all\u2019oltre di ci\u00f2 che vedo. Esco momentaneamente dal film ed affermo: in un momento di crisi occorre una voce.<\/span><\/p>\n<p>  <!--more-->  <\/p>\n<p><span style=\"font-size: small;\">Se non stessi parlando del film e di chi all\u2019anagrafe ha per nomi quello di Thomas e George e per cognome Hooper, forse, pi\u00f9 di qualcuno si metterebbe nella vana ricerca di cercare altro nome e cognome. Se la nebbiosa democrazia del nostro paese non fosse anch\u2019essa avvolta in un nebbioso impero, forse, pi\u00f9 di qualcuno non penserebbe che quel nebbioso impero potrebbe essere molto simile a quello inglese, almeno nelle questioni del tipo di un non eufemistico principio atmosferico. Ovviamente con i dovuti distinguo, l\u2019accorto interlocutore-lettore si sar\u00e0 accorto che \u00e8 sufficiente traslare alcune figure e farle poi combaciare con una realt\u00e0 a noi pi\u00f9 vicina. \u00c8 sufficiente dare nome a chi ha preferito l\u2019amore impetuoso o, se preferite, a chi deve necessariamente abdicare. Anche nella nebbiosa Italia ci manca, va costruita la Voce che ora \u00e8 del tutto assente e nemmeno sappiamo se balbetti. Ma questo \u00e8 un altro problema per ora \u00e8 sufficiente \u201cmescolare le carte\u201d.<\/span><\/p>\n<p>\u00a0<\/p>\n<p style=\"text-align: justify;\"><span style=\"font-size: small;\">Ritornando al film. Il bisogno di non essere pu\u00f2 bastare ad essere e passa per la cancellazione del volersi imporre dapprima a se stesso e poi far s\u00ec che i folli progetti di altri non conquistino l\u2019Europa ed il mondo intero, questo era l\u2019intento nella fine del primo terzo del XX secolo.<\/span><\/p>\n<p style=\"text-align: justify;\"><span style=\"font-size: small;\">Nel film diretto con maestria \u00e8 l&#8217;alba di quella crisi, \u00e8 una tragedia per la storia dell&#8217;umanit\u00e0 in attesa. Sufficiente parrebbe il volgere altrove lo sguardo e far indietreggiare i totalitarismi che avanzano. Quel che spesso non accade con o nella realt\u00e0 pu\u00f2 essere raccontato in una trama visiva dove una Voce pu\u00f2 essere \u201caggiustata\u201d.<\/span><\/p>\n<p style=\"text-align: justify;\"><span style=\"font-size: small;\">In breve la racconto, ma non per distogliere dal gusto del vedere, per aggiustare anch\u2019io la mia voce.<\/span><\/p>\n<p style=\"text-align: justify;\"><span style=\"font-size: small;\">Qui, nel film e nella Storia, \u00e8 un Re, o meglio un futuro Re, ancor prima, di nome Albert Frederick Arthur George Windsor nonch\u00e9 duca di York, quello che poi sar\u00e0 con il nome di Giorgio VI d&#8217;Inghilterra, le cui figlie femmine sono tuttora Elisabetta ed Anna.<\/span><\/p>\n<p style=\"text-align: justify;\"><span style=\"font-size: small;\">Come in tutte le storie di un regno, la corona transita e, nel film, \u00e8 nella prima parte di un vecchio condottiero, di un altro Re, di Re Giorgio V<strong> <\/strong>(Michael Gambon), quest\u2019ultimo \u00e8 gravemente malato e preoccupato non poco.<\/span><\/p>\n<p style=\"text-align: justify;\"><span style=\"font-size: small;\">Mescolare realt\u00e0 e finzione \u00e8 l\u2019espediente dei bravi commediografi e mi fa venire in mente anche l\u2019espediente pi\u00f9 datato, la tragedia eschileo-sofoclea, quando questa impiegava i mezzi artistici pi\u00f9 ingegnosi per dare, come per caso, in mano allo spettatore tutti i fili necessari alla migliore comprensione.<\/span><\/p>\n<p style=\"text-align: justify;\"><span style=\"font-size: small;\">Gli attori principali di questa vicenda nel film sono Colin Firth, con una capacit\u00e0 interpretativa magistralmente spesa, che gli ha gi\u00e0 consentito di avere assegnato il Golden Globe a Toronto e il superlativo Geoffrey Rush, due interpreti che certamente si contenderanno alla pari una di quelle nomination. Paziente e \u201cMedico\u201d si inseguono a vicenda in un drammatico continuo cortocircuitare dei loro intenti. Sullo sfondo due famiglie con due donne unite e dedite interamente a sorreggere i pesi di questo cortocircuito che ha per certi versi anche evidenti ripercussioni nel vivere di corte e nelle aspettative dei cittadini inglesi nonch\u00e9 in una Chiesa pi\u00f9 predisposta ad inseguire gli apparati che non la sostanza degli eventi. Credo che \u00e8 qui che, il regista si sia soffermato con particolare indugio per farci capire. Formidabile \u00e8 l\u2019impazienza regale e la pazienza altrettanto umana nell\u2019accettare la propria condizione volta all\u2019oltre, al terapeutico. Suggestiva \u00e8 la figura del Signor Logue, il logopedista. Qui, in questi due personaggi, vi sono mescolate l\u2019ironia, la sagacia e la teatralit\u00e0 Shakespeariana degne della migliore commedia inglese. Il regista accompagna il racconto nel suo spartito musicale e ce lo evidenzia fotograficamente e con sonora eleganza nel discorso finale fra le pause e i magistrali picchi di attese negli scorci d\u2019ambiente. La fotografia, l\u2019ambientazione, il taglio prospettico a volte esageratamente deformato sono l\u2019astuzia del regista. Belli, bellissimi, gli interni e gli esterni che si avvicendano con scorci metropolitani nebbiosi e nelle raffinate scenografie di palazzo. Lo studio del Signor Lionel Logue \u00e8 l\u2019ulteriore attuarsi dell\u2019audace regia sapientemente spoglia. Stupendo il muro di fondo, per dare risalto ai personaggi. \u00c8 la scelta pi\u00f9 informale e logica da sostituire con le stanze di Buckingham Palace.<\/span><\/p>\n<p style=\"text-align: justify;\"><span style=\"font-size: small;\">Il regista mescola e continuamente rimescola la solennit\u00e0 della storia rendendola piacevolmente gradita all&#8217;attenzione dello spettatore. Capolavoro tra i capolavori la resa fonica. Ho visionato alcune clip in lingua originale, consiglio di ascoltare in lingua, se ne apprezza meglio l\u2019approccio psicologico, i suoni sono sfumature di vera emozione. Per chi \u00e8 alla ricerca di una Voce questo Re \u2013 almeno sullo schermo \u2013 risulta molto umanizzato, \u00e8 quello voluto da Hooper e, perch\u00e9 no, anche da chi \u00e8 ancora alla ricerca di una Voce. Spogliarsi dei ruoli sembrerebbe il suggerimento. Sdraiarsi e rotolarsi sul pavimento, fare gargarismi, dire parolacce, cantare e recitare filastrocche \u00e8 la via per chi deve fare tabula rasa della sua impostazione regale.<\/span><\/p>\n<p style=\"text-align: justify;\"><span style=\"font-size: small;\">Interessante in questa scelta comportamentale il rigore formale della macchina da presa, Hooper ce la d\u00e0 nella fissit\u00e0 di chi guarda, con l\u2019attenzione che \u00e8 frontale e fissa, Hooper vuole evidenziare la presenza degli occhi di un intero regno che attende una Voce sicura, una Guida sicura, senza balbettii. Chiss\u00e0 se anche noi, avremo la certezza di poter osare.<\/span><\/p>\n<p style=\"text-align: justify;\"><span style=\"font-size: small;\">Una statuetta dorata qualcuno, certamente, potr\u00e0 gi\u00e0 dire di averla gi\u00e0 ricevuta. Non perdetevi la dodicesima di quelle statuette, in quei centoundici minuti, e, buona visione.<\/span><\/p>\n","protected":false},"excerpt":{"rendered":"<p>Il Re balbuzientedichiarazione di guerra ad ogni totalitarismo Il\u00a0 bisogno di una Voce da il PaeseNuovo, Quotidiano del Salento di<\/p>\n","protected":false},"author":1,"featured_media":0,"comment_status":"open","ping_status":"open","sticky":false,"template":"","format":"standard","meta":[],"categories":[29],"tags":[],"yoast_head":"<!-- This site is optimized with the Yoast SEO plugin v18.0 - https:\/\/yoast.com\/wordpress\/plugins\/seo\/ -->\n<title>IL RE BALBUZIENTE | Arte e Luoghi<\/title>\n<meta name=\"robots\" content=\"index, follow, max-snippet:-1, max-image-preview:large, max-video-preview:-1\" \/>\n<link rel=\"canonical\" href=\"https:\/\/arteeluoghi.it\/index.php\/2011\/02\/01\/il-re\/\" \/>\n<meta property=\"og:locale\" content=\"it_IT\" \/>\n<meta property=\"og:type\" content=\"article\" \/>\n<meta property=\"og:title\" content=\"IL RE BALBUZIENTE | Arte e Luoghi\" \/>\n<meta property=\"og:description\" content=\"Il Re balbuzientedichiarazione di guerra ad ogni totalitarismo Il\u00a0 bisogno di una Voce da il PaeseNuovo, Quotidiano del Salento di\" \/>\n<meta property=\"og:url\" content=\"https:\/\/arteeluoghi.it\/index.php\/2011\/02\/01\/il-re\/\" \/>\n<meta property=\"og:site_name\" content=\"Arte e Luoghi\" \/>\n<meta property=\"article:publisher\" content=\"https:\/\/www.facebook.com\/ArteELuoghi\/\" \/>\n<meta property=\"article:published_time\" content=\"2011-02-01T10:01:57+00:00\" \/>\n<meta property=\"article:modified_time\" content=\"2017-08-06T01:07:30+00:00\" \/>\n<meta property=\"og:image\" content=\"https:\/\/arteeluoghi.it\/images\/stories\/il%20re.jpg\" \/>\n<meta name=\"twitter:card\" content=\"summary\" \/>\n<meta name=\"twitter:creator\" content=\"@arteeluoghi\" \/>\n<meta name=\"twitter:site\" content=\"@arteeluoghi\" \/>\n<meta name=\"twitter:label1\" content=\"Scritto da\" \/>\n\t<meta name=\"twitter:data1\" content=\"Staff\" \/>\n\t<meta name=\"twitter:label2\" content=\"Tempo di lettura stimato\" \/>\n\t<meta name=\"twitter:data2\" content=\"6 minuti\" \/>\n<script type=\"application\/ld+json\" class=\"yoast-schema-graph\">{\"@context\":\"https:\/\/schema.org\",\"@graph\":[{\"@type\":\"Organization\",\"@id\":\"https:\/\/arteeluoghi.it\/#organization\",\"name\":\"Arte e Luoghi\",\"url\":\"https:\/\/arteeluoghi.it\/\",\"sameAs\":[\"https:\/\/www.facebook.com\/ArteELuoghi\/\",\"https:\/\/www.instagram.com\/arteeluoghi\/?hl=it\",\"https:\/\/www.youtube.com\/channel\/UCuRVc4JW4-C5sg9rQB-srkw?view_as=subscriber\",\"https:\/\/twitter.com\/arteeluoghi\"],\"logo\":{\"@type\":\"ImageObject\",\"@id\":\"https:\/\/arteeluoghi.it\/#logo\",\"inLanguage\":\"it-IT\",\"url\":\"https:\/\/arteeluoghi.it\/wp-content\/uploads\/2018\/08\/logoinstagramarte.jpg\",\"contentUrl\":\"https:\/\/arteeluoghi.it\/wp-content\/uploads\/2018\/08\/logoinstagramarte.jpg\",\"width\":150,\"height\":150,\"caption\":\"Arte e Luoghi\"},\"image\":{\"@id\":\"https:\/\/arteeluoghi.it\/#logo\"}},{\"@type\":\"WebSite\",\"@id\":\"https:\/\/arteeluoghi.it\/#website\",\"url\":\"https:\/\/arteeluoghi.it\/\",\"name\":\"Arte e Luoghi\",\"description\":\"Mensile di arte, cultura, turismo e curiosit\u00e0\",\"publisher\":{\"@id\":\"https:\/\/arteeluoghi.it\/#organization\"},\"potentialAction\":[{\"@type\":\"SearchAction\",\"target\":{\"@type\":\"EntryPoint\",\"urlTemplate\":\"https:\/\/arteeluoghi.it\/?s={search_term_string}\"},\"query-input\":\"required name=search_term_string\"}],\"inLanguage\":\"it-IT\"},{\"@type\":\"ImageObject\",\"@id\":\"https:\/\/arteeluoghi.it\/index.php\/2011\/02\/01\/il-re\/#primaryimage\",\"inLanguage\":\"it-IT\",\"url\":\"\/images\/stories\/il re.jpg\",\"contentUrl\":\"\/images\/stories\/il re.jpg\"},{\"@type\":\"WebPage\",\"@id\":\"https:\/\/arteeluoghi.it\/index.php\/2011\/02\/01\/il-re\/#webpage\",\"url\":\"https:\/\/arteeluoghi.it\/index.php\/2011\/02\/01\/il-re\/\",\"name\":\"IL RE BALBUZIENTE | Arte e Luoghi\",\"isPartOf\":{\"@id\":\"https:\/\/arteeluoghi.it\/#website\"},\"primaryImageOfPage\":{\"@id\":\"https:\/\/arteeluoghi.it\/index.php\/2011\/02\/01\/il-re\/#primaryimage\"},\"datePublished\":\"2011-02-01T10:01:57+00:00\",\"dateModified\":\"2017-08-06T01:07:30+00:00\",\"breadcrumb\":{\"@id\":\"https:\/\/arteeluoghi.it\/index.php\/2011\/02\/01\/il-re\/#breadcrumb\"},\"inLanguage\":\"it-IT\",\"potentialAction\":[{\"@type\":\"ReadAction\",\"target\":[\"https:\/\/arteeluoghi.it\/index.php\/2011\/02\/01\/il-re\/\"]}]},{\"@type\":\"BreadcrumbList\",\"@id\":\"https:\/\/arteeluoghi.it\/index.php\/2011\/02\/01\/il-re\/#breadcrumb\",\"itemListElement\":[{\"@type\":\"ListItem\",\"position\":1,\"name\":\"Home\",\"item\":\"https:\/\/arteeluoghi.it\/\"},{\"@type\":\"ListItem\",\"position\":2,\"name\":\"IL RE BALBUZIENTE\"}]},{\"@type\":\"Article\",\"@id\":\"https:\/\/arteeluoghi.it\/index.php\/2011\/02\/01\/il-re\/#article\",\"isPartOf\":{\"@id\":\"https:\/\/arteeluoghi.it\/index.php\/2011\/02\/01\/il-re\/#webpage\"},\"author\":{\"@id\":\"https:\/\/arteeluoghi.it\/#\/schema\/person\/f84e814e36e91e01448ee07eaadd41d4\"},\"headline\":\"IL RE BALBUZIENTE\",\"datePublished\":\"2011-02-01T10:01:57+00:00\",\"dateModified\":\"2017-08-06T01:07:30+00:00\",\"mainEntityOfPage\":{\"@id\":\"https:\/\/arteeluoghi.it\/index.php\/2011\/02\/01\/il-re\/#webpage\"},\"wordCount\":1204,\"commentCount\":0,\"publisher\":{\"@id\":\"https:\/\/arteeluoghi.it\/#organization\"},\"image\":{\"@id\":\"https:\/\/arteeluoghi.it\/index.php\/2011\/02\/01\/il-re\/#primaryimage\"},\"thumbnailUrl\":\"\/images\/stories\/il re.jpg\",\"articleSection\":[\"Cinema\"],\"inLanguage\":\"it-IT\",\"potentialAction\":[{\"@type\":\"CommentAction\",\"name\":\"Comment\",\"target\":[\"https:\/\/arteeluoghi.it\/index.php\/2011\/02\/01\/il-re\/#respond\"]}]},{\"@type\":\"Person\",\"@id\":\"https:\/\/arteeluoghi.it\/#\/schema\/person\/f84e814e36e91e01448ee07eaadd41d4\",\"name\":\"Staff\",\"image\":{\"@type\":\"ImageObject\",\"@id\":\"https:\/\/arteeluoghi.it\/#personlogo\",\"inLanguage\":\"it-IT\",\"url\":\"https:\/\/secure.gravatar.com\/avatar\/49d2f9e46271bb04e19cebfaf141313a?s=96&d=blank&r=g\",\"contentUrl\":\"https:\/\/secure.gravatar.com\/avatar\/49d2f9e46271bb04e19cebfaf141313a?s=96&d=blank&r=g\",\"caption\":\"Staff\"}}]}<\/script>\n<!-- \/ Yoast SEO plugin. -->","yoast_head_json":{"title":"IL RE BALBUZIENTE | Arte e Luoghi","robots":{"index":"index","follow":"follow","max-snippet":"max-snippet:-1","max-image-preview":"max-image-preview:large","max-video-preview":"max-video-preview:-1"},"canonical":"https:\/\/arteeluoghi.it\/index.php\/2011\/02\/01\/il-re\/","og_locale":"it_IT","og_type":"article","og_title":"IL RE BALBUZIENTE | Arte e Luoghi","og_description":"Il Re balbuzientedichiarazione di guerra ad ogni totalitarismo Il\u00a0 bisogno di una Voce da il PaeseNuovo, Quotidiano del Salento di","og_url":"https:\/\/arteeluoghi.it\/index.php\/2011\/02\/01\/il-re\/","og_site_name":"Arte e Luoghi","article_publisher":"https:\/\/www.facebook.com\/ArteELuoghi\/","article_published_time":"2011-02-01T10:01:57+00:00","article_modified_time":"2017-08-06T01:07:30+00:00","og_image":[{"url":"https:\/\/arteeluoghi.it\/images\/stories\/il re.jpg"}],"twitter_card":"summary","twitter_creator":"@arteeluoghi","twitter_site":"@arteeluoghi","twitter_misc":{"Scritto da":"Staff","Tempo di lettura stimato":"6 minuti"},"schema":{"@context":"https:\/\/schema.org","@graph":[{"@type":"Organization","@id":"https:\/\/arteeluoghi.it\/#organization","name":"Arte e Luoghi","url":"https:\/\/arteeluoghi.it\/","sameAs":["https:\/\/www.facebook.com\/ArteELuoghi\/","https:\/\/www.instagram.com\/arteeluoghi\/?hl=it","https:\/\/www.youtube.com\/channel\/UCuRVc4JW4-C5sg9rQB-srkw?view_as=subscriber","https:\/\/twitter.com\/arteeluoghi"],"logo":{"@type":"ImageObject","@id":"https:\/\/arteeluoghi.it\/#logo","inLanguage":"it-IT","url":"https:\/\/arteeluoghi.it\/wp-content\/uploads\/2018\/08\/logoinstagramarte.jpg","contentUrl":"https:\/\/arteeluoghi.it\/wp-content\/uploads\/2018\/08\/logoinstagramarte.jpg","width":150,"height":150,"caption":"Arte e Luoghi"},"image":{"@id":"https:\/\/arteeluoghi.it\/#logo"}},{"@type":"WebSite","@id":"https:\/\/arteeluoghi.it\/#website","url":"https:\/\/arteeluoghi.it\/","name":"Arte e Luoghi","description":"Mensile di arte, cultura, turismo e curiosit\u00e0","publisher":{"@id":"https:\/\/arteeluoghi.it\/#organization"},"potentialAction":[{"@type":"SearchAction","target":{"@type":"EntryPoint","urlTemplate":"https:\/\/arteeluoghi.it\/?s={search_term_string}"},"query-input":"required name=search_term_string"}],"inLanguage":"it-IT"},{"@type":"ImageObject","@id":"https:\/\/arteeluoghi.it\/index.php\/2011\/02\/01\/il-re\/#primaryimage","inLanguage":"it-IT","url":"\/images\/stories\/il re.jpg","contentUrl":"\/images\/stories\/il re.jpg"},{"@type":"WebPage","@id":"https:\/\/arteeluoghi.it\/index.php\/2011\/02\/01\/il-re\/#webpage","url":"https:\/\/arteeluoghi.it\/index.php\/2011\/02\/01\/il-re\/","name":"IL RE BALBUZIENTE | Arte e Luoghi","isPartOf":{"@id":"https:\/\/arteeluoghi.it\/#website"},"primaryImageOfPage":{"@id":"https:\/\/arteeluoghi.it\/index.php\/2011\/02\/01\/il-re\/#primaryimage"},"datePublished":"2011-02-01T10:01:57+00:00","dateModified":"2017-08-06T01:07:30+00:00","breadcrumb":{"@id":"https:\/\/arteeluoghi.it\/index.php\/2011\/02\/01\/il-re\/#breadcrumb"},"inLanguage":"it-IT","potentialAction":[{"@type":"ReadAction","target":["https:\/\/arteeluoghi.it\/index.php\/2011\/02\/01\/il-re\/"]}]},{"@type":"BreadcrumbList","@id":"https:\/\/arteeluoghi.it\/index.php\/2011\/02\/01\/il-re\/#breadcrumb","itemListElement":[{"@type":"ListItem","position":1,"name":"Home","item":"https:\/\/arteeluoghi.it\/"},{"@type":"ListItem","position":2,"name":"IL RE BALBUZIENTE"}]},{"@type":"Article","@id":"https:\/\/arteeluoghi.it\/index.php\/2011\/02\/01\/il-re\/#article","isPartOf":{"@id":"https:\/\/arteeluoghi.it\/index.php\/2011\/02\/01\/il-re\/#webpage"},"author":{"@id":"https:\/\/arteeluoghi.it\/#\/schema\/person\/f84e814e36e91e01448ee07eaadd41d4"},"headline":"IL RE BALBUZIENTE","datePublished":"2011-02-01T10:01:57+00:00","dateModified":"2017-08-06T01:07:30+00:00","mainEntityOfPage":{"@id":"https:\/\/arteeluoghi.it\/index.php\/2011\/02\/01\/il-re\/#webpage"},"wordCount":1204,"commentCount":0,"publisher":{"@id":"https:\/\/arteeluoghi.it\/#organization"},"image":{"@id":"https:\/\/arteeluoghi.it\/index.php\/2011\/02\/01\/il-re\/#primaryimage"},"thumbnailUrl":"\/images\/stories\/il re.jpg","articleSection":["Cinema"],"inLanguage":"it-IT","potentialAction":[{"@type":"CommentAction","name":"Comment","target":["https:\/\/arteeluoghi.it\/index.php\/2011\/02\/01\/il-re\/#respond"]}]},{"@type":"Person","@id":"https:\/\/arteeluoghi.it\/#\/schema\/person\/f84e814e36e91e01448ee07eaadd41d4","name":"Staff","image":{"@type":"ImageObject","@id":"https:\/\/arteeluoghi.it\/#personlogo","inLanguage":"it-IT","url":"https:\/\/secure.gravatar.com\/avatar\/49d2f9e46271bb04e19cebfaf141313a?s=96&d=blank&r=g","contentUrl":"https:\/\/secure.gravatar.com\/avatar\/49d2f9e46271bb04e19cebfaf141313a?s=96&d=blank&r=g","caption":"Staff"}}]}},"_links":{"self":[{"href":"https:\/\/arteeluoghi.it\/index.php\/wp-json\/wp\/v2\/posts\/156"}],"collection":[{"href":"https:\/\/arteeluoghi.it\/index.php\/wp-json\/wp\/v2\/posts"}],"about":[{"href":"https:\/\/arteeluoghi.it\/index.php\/wp-json\/wp\/v2\/types\/post"}],"author":[{"embeddable":true,"href":"https:\/\/arteeluoghi.it\/index.php\/wp-json\/wp\/v2\/users\/1"}],"replies":[{"embeddable":true,"href":"https:\/\/arteeluoghi.it\/index.php\/wp-json\/wp\/v2\/comments?post=156"}],"version-history":[{"count":1,"href":"https:\/\/arteeluoghi.it\/index.php\/wp-json\/wp\/v2\/posts\/156\/revisions"}],"predecessor-version":[{"id":2867,"href":"https:\/\/arteeluoghi.it\/index.php\/wp-json\/wp\/v2\/posts\/156\/revisions\/2867"}],"wp:attachment":[{"href":"https:\/\/arteeluoghi.it\/index.php\/wp-json\/wp\/v2\/media?parent=156"}],"wp:term":[{"taxonomy":"category","embeddable":true,"href":"https:\/\/arteeluoghi.it\/index.php\/wp-json\/wp\/v2\/categories?post=156"},{"taxonomy":"post_tag","embeddable":true,"href":"https:\/\/arteeluoghi.it\/index.php\/wp-json\/wp\/v2\/tags?post=156"}],"curies":[{"name":"wp","href":"https:\/\/api.w.org\/{rel}","templated":true}]}}