{"id":15716,"date":"2025-09-11T22:24:06","date_gmt":"2025-09-11T20:24:06","guid":{"rendered":"https:\/\/arteeluoghi.it\/?p=15716"},"modified":"2025-09-11T22:24:07","modified_gmt":"2025-09-11T20:24:07","slug":"pierdavide-carone-ospite-a-la-notte-del-liscio","status":"publish","type":"post","link":"https:\/\/arteeluoghi.it\/index.php\/2025\/09\/11\/pierdavide-carone-ospite-a-la-notte-del-liscio\/","title":{"rendered":"Pierdavide Carone ospite a La Notte del Liscio"},"content":{"rendered":"\n<blockquote class=\"wp-block-quote\"><p>Venerd\u00ec 12 settembre secondo e ultimo appuntamento (a ingresso gratuito) a Gatteo Mare (FC), Capitale del Liscio, con il Festival dedicato alla tradizione musicale popolare della Romagna<\/p><\/blockquote>\n\n\n\n<p>Dopo il grande successo della serata di apertura della 10a edizione de \u201cLa Notte del Liscio\u201d a Rimini (luned\u00ec 1 settembre) che ha visto Piazza Cavour gremita di pubblico per il concerto dei Nomadi, ospiti d\u2019onore di Mirko Casadei e la sua \u201cMirko Casadei POPular Folk Orchestra\u201d, venerd\u00ec 12 settembre alle 21:00 secondo e ultimo appuntamento (a ingresso gratuito) a Gatteo Mare (FC), Capitale del Liscio, del Festival dedicato alla tradizione musicale popolare della Romagna e alle sue contaminazioni in chiave moderna. <\/p>\n\n\n\n<!--more-->\n\n\n\n<p>Sul palco dell\u2019Arena Rubicone, ospite d\u2019onore di Moreno il Biondo &#8211; direttore artistico dell\u2019evento &#8211; e la sua \u201cOrchestra Grande Evento\u201d sar\u00e0 il cantautore romano Pierdavide Carone, proveniente dalla scuola di Lucio Dalla e vincitore dell\u2019edizione 2025 di Ora o Mai Pi\u00f9, programma televisivo musicale di grande successo, in onda su Rai 1. Sul palco Carone e Moreno il Biondo fonderanno la musica d&#8217;autore italiana con la melodia e la passione per il folklore e la cultura musicale della Romagna, creando un connubio unico ed emozionante. Ad aprire le danze sar\u00e0 la Young Orchestra della Notte del Liscio con i &#8220;Santa Balera&#8221; (gruppo costituito dai giovanissimi Matilde Montanari, Emanuele Tedaldi, Loris Casadei, Andrea Medri e Kevin Cimatti) e i talenti dell\u2019Orchestra &#8220;La Giovane Romagna&#8221; Matteo Tortora, Riccardo Scarabattoli, Elia Righini, Flaminia Boscolo, Silvano Fava e Cesare Valis, a testimoniare la capacit\u00e0 del Liscio di rinnovarsi e reinventarsi costantemente. La serata si concluder\u00e0 con jam session musicale \u201cTrionfo Romagnolo\u201d, le scuole di ballo romagnolo \u201cLe Sirene Danzanti\u201d e il \u201cGruppo Folk Italiano alla Casadei\u201d, per far ballare a ritmo di mazurka, valzer e polka tutti gli amanti del Liscio sulle due grandi piste a disposizione. L&#8217;evento anticipa la Settimana del Liscio &#8211; dal 14 al 19 settembre all&#8217;Arena Rubicone di Gatteo Mare &#8211; grande festa che trasformer\u00e0 la localit\u00e0 nella pi\u00f9 grande balera a cielo aperto. La Notte del Liscio \u00e8 organizzato dalla Societ\u00e0 \u201cMateriali Musicali\u201d di Giordano Sangiorgi, con il sostegno di APT Servizi Emilia-Romagna, di Visit Romagna e del Comune di Gatteo.\u00a0<\/p>\n\n\n\n<p>Ingresso libero. Info:\u00a0<a href=\"https:\/\/a38qj.r.a.d.sendibm1.com\/mk\/cl\/f\/sh\/SMK1E8tHeG13G9jnOfudVeaRh0vF\/VdmGRC6omYcZ\" target=\"_blank\" rel=\"noreferrer noopener\">www.notteliscio.it<\/a>;\u00a0<a href=\"http:\/\/visitgatteomare.it\/portfolio-item\/settimana-del-liscio\/\" target=\"_blank\" rel=\"noreferrer noopener\">visitgatteomare.it\/portfolio-item\/settimana-del-liscio\/<\/a>\u00a0Ufficio Stampa Apt Servizi \u2013 Tel. 0541 430190\u00a0<a href=\"https:\/\/a38qj.r.a.d.sendibm1.com\/mk\/cl\/f\/sh\/SMK1E8tHeG7uiIYkZq47bTtBfJVV\/TFRih6ZndSgM\" target=\"_blank\" rel=\"noreferrer noopener\">www.aptservizi.com<\/a><\/p>\n\n\n\n<p>(fonte: comunicato stampa)<\/p>\n","protected":false},"excerpt":{"rendered":"<p>Venerd\u00ec 12 settembre secondo e ultimo appuntamento (a ingresso gratuito) a Gatteo Mare (FC), Capitale del Liscio, con il Festival<\/p>\n","protected":false},"author":1,"featured_media":15717,"comment_status":"open","ping_status":"open","sticky":true,"template":"","format":"standard","meta":[],"categories":[15,55],"tags":[6661,6662],"yoast_head":"<!-- This site is optimized with the Yoast SEO plugin v18.0 - https:\/\/yoast.com\/wordpress\/plugins\/seo\/ -->\n<title>Pierdavide Carone ospite a La Notte del Liscio | Arte e Luoghi<\/title>\n<meta name=\"description\" content=\"Venerd\u00ec 12 settembre secondo e ultimo appuntamento (a ingresso gratuito) a Gatteo Mare (FC), Capitale del Liscio, con il Festival\" \/>\n<meta name=\"robots\" content=\"index, follow, max-snippet:-1, max-image-preview:large, max-video-preview:-1\" \/>\n<link rel=\"canonical\" href=\"https:\/\/arteeluoghi.it\/index.php\/2025\/09\/11\/pierdavide-carone-ospite-a-la-notte-del-liscio\/\" \/>\n<meta property=\"og:locale\" content=\"it_IT\" \/>\n<meta property=\"og:type\" content=\"article\" \/>\n<meta property=\"og:title\" content=\"Pierdavide Carone ospite a La Notte del Liscio | Arte e Luoghi\" \/>\n<meta property=\"og:description\" content=\"Venerd\u00ec 12 settembre secondo e ultimo appuntamento (a ingresso gratuito) a Gatteo Mare (FC), Capitale del Liscio, con il Festival\" \/>\n<meta property=\"og:url\" content=\"https:\/\/arteeluoghi.it\/index.php\/2025\/09\/11\/pierdavide-carone-ospite-a-la-notte-del-liscio\/\" \/>\n<meta property=\"og:site_name\" content=\"Arte e Luoghi\" \/>\n<meta property=\"article:publisher\" content=\"https:\/\/www.facebook.com\/ArteELuoghi\/\" \/>\n<meta property=\"article:published_time\" content=\"2025-09-11T20:24:06+00:00\" \/>\n<meta property=\"article:modified_time\" content=\"2025-09-11T20:24:07+00:00\" \/>\n<meta property=\"og:image\" content=\"https:\/\/arteeluoghi.it\/wp-content\/uploads\/2025\/09\/2-serata-24.jpeg\" \/>\n\t<meta property=\"og:image:width\" content=\"1280\" \/>\n\t<meta property=\"og:image:height\" content=\"854\" \/>\n\t<meta property=\"og:image:type\" content=\"image\/jpeg\" \/>\n<meta name=\"twitter:card\" content=\"summary\" \/>\n<meta name=\"twitter:creator\" content=\"@arteeluoghi\" \/>\n<meta name=\"twitter:site\" content=\"@arteeluoghi\" \/>\n<meta name=\"twitter:label1\" content=\"Scritto da\" \/>\n\t<meta name=\"twitter:data1\" content=\"Staff\" \/>\n\t<meta name=\"twitter:label2\" content=\"Tempo di lettura stimato\" \/>\n\t<meta name=\"twitter:data2\" content=\"2 minuti\" \/>\n<script type=\"application\/ld+json\" class=\"yoast-schema-graph\">{\"@context\":\"https:\/\/schema.org\",\"@graph\":[{\"@type\":\"Organization\",\"@id\":\"https:\/\/arteeluoghi.it\/#organization\",\"name\":\"Arte e Luoghi\",\"url\":\"https:\/\/arteeluoghi.it\/\",\"sameAs\":[\"https:\/\/www.facebook.com\/ArteELuoghi\/\",\"https:\/\/www.instagram.com\/arteeluoghi\/?hl=it\",\"https:\/\/www.youtube.com\/channel\/UCuRVc4JW4-C5sg9rQB-srkw?view_as=subscriber\",\"https:\/\/twitter.com\/arteeluoghi\"],\"logo\":{\"@type\":\"ImageObject\",\"@id\":\"https:\/\/arteeluoghi.it\/#logo\",\"inLanguage\":\"it-IT\",\"url\":\"https:\/\/arteeluoghi.it\/wp-content\/uploads\/2018\/08\/logoinstagramarte.jpg\",\"contentUrl\":\"https:\/\/arteeluoghi.it\/wp-content\/uploads\/2018\/08\/logoinstagramarte.jpg\",\"width\":150,\"height\":150,\"caption\":\"Arte e Luoghi\"},\"image\":{\"@id\":\"https:\/\/arteeluoghi.it\/#logo\"}},{\"@type\":\"WebSite\",\"@id\":\"https:\/\/arteeluoghi.it\/#website\",\"url\":\"https:\/\/arteeluoghi.it\/\",\"name\":\"Arte e Luoghi\",\"description\":\"Mensile di arte, cultura, turismo e curiosit\u00e0\",\"publisher\":{\"@id\":\"https:\/\/arteeluoghi.it\/#organization\"},\"potentialAction\":[{\"@type\":\"SearchAction\",\"target\":{\"@type\":\"EntryPoint\",\"urlTemplate\":\"https:\/\/arteeluoghi.it\/?s={search_term_string}\"},\"query-input\":\"required name=search_term_string\"}],\"inLanguage\":\"it-IT\"},{\"@type\":\"ImageObject\",\"@id\":\"https:\/\/arteeluoghi.it\/index.php\/2025\/09\/11\/pierdavide-carone-ospite-a-la-notte-del-liscio\/#primaryimage\",\"inLanguage\":\"it-IT\",\"url\":\"https:\/\/arteeluoghi.it\/wp-content\/uploads\/2025\/09\/2-serata-24.jpeg\",\"contentUrl\":\"https:\/\/arteeluoghi.it\/wp-content\/uploads\/2025\/09\/2-serata-24.jpeg\",\"width\":1280,\"height\":854},{\"@type\":\"WebPage\",\"@id\":\"https:\/\/arteeluoghi.it\/index.php\/2025\/09\/11\/pierdavide-carone-ospite-a-la-notte-del-liscio\/#webpage\",\"url\":\"https:\/\/arteeluoghi.it\/index.php\/2025\/09\/11\/pierdavide-carone-ospite-a-la-notte-del-liscio\/\",\"name\":\"Pierdavide Carone ospite a La Notte del Liscio | Arte e Luoghi\",\"isPartOf\":{\"@id\":\"https:\/\/arteeluoghi.it\/#website\"},\"primaryImageOfPage\":{\"@id\":\"https:\/\/arteeluoghi.it\/index.php\/2025\/09\/11\/pierdavide-carone-ospite-a-la-notte-del-liscio\/#primaryimage\"},\"datePublished\":\"2025-09-11T20:24:06+00:00\",\"dateModified\":\"2025-09-11T20:24:07+00:00\",\"description\":\"Venerd\u00ec 12 settembre secondo e ultimo appuntamento (a ingresso gratuito) a Gatteo Mare (FC), Capitale del Liscio, con il Festival\",\"breadcrumb\":{\"@id\":\"https:\/\/arteeluoghi.it\/index.php\/2025\/09\/11\/pierdavide-carone-ospite-a-la-notte-del-liscio\/#breadcrumb\"},\"inLanguage\":\"it-IT\",\"potentialAction\":[{\"@type\":\"ReadAction\",\"target\":[\"https:\/\/arteeluoghi.it\/index.php\/2025\/09\/11\/pierdavide-carone-ospite-a-la-notte-del-liscio\/\"]}]},{\"@type\":\"BreadcrumbList\",\"@id\":\"https:\/\/arteeluoghi.it\/index.php\/2025\/09\/11\/pierdavide-carone-ospite-a-la-notte-del-liscio\/#breadcrumb\",\"itemListElement\":[{\"@type\":\"ListItem\",\"position\":1,\"name\":\"Home\",\"item\":\"https:\/\/arteeluoghi.it\/\"},{\"@type\":\"ListItem\",\"position\":2,\"name\":\"Pierdavide Carone ospite a La Notte del Liscio\"}]},{\"@type\":\"Article\",\"@id\":\"https:\/\/arteeluoghi.it\/index.php\/2025\/09\/11\/pierdavide-carone-ospite-a-la-notte-del-liscio\/#article\",\"isPartOf\":{\"@id\":\"https:\/\/arteeluoghi.it\/index.php\/2025\/09\/11\/pierdavide-carone-ospite-a-la-notte-del-liscio\/#webpage\"},\"author\":{\"@id\":\"https:\/\/arteeluoghi.it\/#\/schema\/person\/f84e814e36e91e01448ee07eaadd41d4\"},\"headline\":\"Pierdavide Carone ospite a La Notte del Liscio\",\"datePublished\":\"2025-09-11T20:24:06+00:00\",\"dateModified\":\"2025-09-11T20:24:07+00:00\",\"mainEntityOfPage\":{\"@id\":\"https:\/\/arteeluoghi.it\/index.php\/2025\/09\/11\/pierdavide-carone-ospite-a-la-notte-del-liscio\/#webpage\"},\"wordCount\":388,\"commentCount\":0,\"publisher\":{\"@id\":\"https:\/\/arteeluoghi.it\/#organization\"},\"image\":{\"@id\":\"https:\/\/arteeluoghi.it\/index.php\/2025\/09\/11\/pierdavide-carone-ospite-a-la-notte-del-liscio\/#primaryimage\"},\"thumbnailUrl\":\"https:\/\/arteeluoghi.it\/wp-content\/uploads\/2025\/09\/2-serata-24.jpeg\",\"keywords\":[\"la notte de liscio\",\"Pierdavide Carone\"],\"articleSection\":[\"danza\",\"dinotte\"],\"inLanguage\":\"it-IT\",\"potentialAction\":[{\"@type\":\"CommentAction\",\"name\":\"Comment\",\"target\":[\"https:\/\/arteeluoghi.it\/index.php\/2025\/09\/11\/pierdavide-carone-ospite-a-la-notte-del-liscio\/#respond\"]}]},{\"@type\":\"Person\",\"@id\":\"https:\/\/arteeluoghi.it\/#\/schema\/person\/f84e814e36e91e01448ee07eaadd41d4\",\"name\":\"Staff\",\"image\":{\"@type\":\"ImageObject\",\"@id\":\"https:\/\/arteeluoghi.it\/#personlogo\",\"inLanguage\":\"it-IT\",\"url\":\"https:\/\/secure.gravatar.com\/avatar\/49d2f9e46271bb04e19cebfaf141313a?s=96&d=blank&r=g\",\"contentUrl\":\"https:\/\/secure.gravatar.com\/avatar\/49d2f9e46271bb04e19cebfaf141313a?s=96&d=blank&r=g\",\"caption\":\"Staff\"}}]}<\/script>\n<!-- \/ Yoast SEO plugin. -->","yoast_head_json":{"title":"Pierdavide Carone ospite a La Notte del Liscio | Arte e Luoghi","description":"Venerd\u00ec 12 settembre secondo e ultimo appuntamento (a ingresso gratuito) a Gatteo Mare (FC), Capitale del Liscio, con il Festival","robots":{"index":"index","follow":"follow","max-snippet":"max-snippet:-1","max-image-preview":"max-image-preview:large","max-video-preview":"max-video-preview:-1"},"canonical":"https:\/\/arteeluoghi.it\/index.php\/2025\/09\/11\/pierdavide-carone-ospite-a-la-notte-del-liscio\/","og_locale":"it_IT","og_type":"article","og_title":"Pierdavide Carone ospite a La Notte del Liscio | Arte e Luoghi","og_description":"Venerd\u00ec 12 settembre secondo e ultimo appuntamento (a ingresso gratuito) a Gatteo Mare (FC), Capitale del Liscio, con il Festival","og_url":"https:\/\/arteeluoghi.it\/index.php\/2025\/09\/11\/pierdavide-carone-ospite-a-la-notte-del-liscio\/","og_site_name":"Arte e Luoghi","article_publisher":"https:\/\/www.facebook.com\/ArteELuoghi\/","article_published_time":"2025-09-11T20:24:06+00:00","article_modified_time":"2025-09-11T20:24:07+00:00","og_image":[{"width":1280,"height":854,"url":"https:\/\/arteeluoghi.it\/wp-content\/uploads\/2025\/09\/2-serata-24.jpeg","type":"image\/jpeg"}],"twitter_card":"summary","twitter_creator":"@arteeluoghi","twitter_site":"@arteeluoghi","twitter_misc":{"Scritto da":"Staff","Tempo di lettura stimato":"2 minuti"},"schema":{"@context":"https:\/\/schema.org","@graph":[{"@type":"Organization","@id":"https:\/\/arteeluoghi.it\/#organization","name":"Arte e Luoghi","url":"https:\/\/arteeluoghi.it\/","sameAs":["https:\/\/www.facebook.com\/ArteELuoghi\/","https:\/\/www.instagram.com\/arteeluoghi\/?hl=it","https:\/\/www.youtube.com\/channel\/UCuRVc4JW4-C5sg9rQB-srkw?view_as=subscriber","https:\/\/twitter.com\/arteeluoghi"],"logo":{"@type":"ImageObject","@id":"https:\/\/arteeluoghi.it\/#logo","inLanguage":"it-IT","url":"https:\/\/arteeluoghi.it\/wp-content\/uploads\/2018\/08\/logoinstagramarte.jpg","contentUrl":"https:\/\/arteeluoghi.it\/wp-content\/uploads\/2018\/08\/logoinstagramarte.jpg","width":150,"height":150,"caption":"Arte e Luoghi"},"image":{"@id":"https:\/\/arteeluoghi.it\/#logo"}},{"@type":"WebSite","@id":"https:\/\/arteeluoghi.it\/#website","url":"https:\/\/arteeluoghi.it\/","name":"Arte e Luoghi","description":"Mensile di arte, cultura, turismo e curiosit\u00e0","publisher":{"@id":"https:\/\/arteeluoghi.it\/#organization"},"potentialAction":[{"@type":"SearchAction","target":{"@type":"EntryPoint","urlTemplate":"https:\/\/arteeluoghi.it\/?s={search_term_string}"},"query-input":"required name=search_term_string"}],"inLanguage":"it-IT"},{"@type":"ImageObject","@id":"https:\/\/arteeluoghi.it\/index.php\/2025\/09\/11\/pierdavide-carone-ospite-a-la-notte-del-liscio\/#primaryimage","inLanguage":"it-IT","url":"https:\/\/arteeluoghi.it\/wp-content\/uploads\/2025\/09\/2-serata-24.jpeg","contentUrl":"https:\/\/arteeluoghi.it\/wp-content\/uploads\/2025\/09\/2-serata-24.jpeg","width":1280,"height":854},{"@type":"WebPage","@id":"https:\/\/arteeluoghi.it\/index.php\/2025\/09\/11\/pierdavide-carone-ospite-a-la-notte-del-liscio\/#webpage","url":"https:\/\/arteeluoghi.it\/index.php\/2025\/09\/11\/pierdavide-carone-ospite-a-la-notte-del-liscio\/","name":"Pierdavide Carone ospite a La Notte del Liscio | Arte e Luoghi","isPartOf":{"@id":"https:\/\/arteeluoghi.it\/#website"},"primaryImageOfPage":{"@id":"https:\/\/arteeluoghi.it\/index.php\/2025\/09\/11\/pierdavide-carone-ospite-a-la-notte-del-liscio\/#primaryimage"},"datePublished":"2025-09-11T20:24:06+00:00","dateModified":"2025-09-11T20:24:07+00:00","description":"Venerd\u00ec 12 settembre secondo e ultimo appuntamento (a ingresso gratuito) a Gatteo Mare (FC), Capitale del Liscio, con il Festival","breadcrumb":{"@id":"https:\/\/arteeluoghi.it\/index.php\/2025\/09\/11\/pierdavide-carone-ospite-a-la-notte-del-liscio\/#breadcrumb"},"inLanguage":"it-IT","potentialAction":[{"@type":"ReadAction","target":["https:\/\/arteeluoghi.it\/index.php\/2025\/09\/11\/pierdavide-carone-ospite-a-la-notte-del-liscio\/"]}]},{"@type":"BreadcrumbList","@id":"https:\/\/arteeluoghi.it\/index.php\/2025\/09\/11\/pierdavide-carone-ospite-a-la-notte-del-liscio\/#breadcrumb","itemListElement":[{"@type":"ListItem","position":1,"name":"Home","item":"https:\/\/arteeluoghi.it\/"},{"@type":"ListItem","position":2,"name":"Pierdavide Carone ospite a La Notte del Liscio"}]},{"@type":"Article","@id":"https:\/\/arteeluoghi.it\/index.php\/2025\/09\/11\/pierdavide-carone-ospite-a-la-notte-del-liscio\/#article","isPartOf":{"@id":"https:\/\/arteeluoghi.it\/index.php\/2025\/09\/11\/pierdavide-carone-ospite-a-la-notte-del-liscio\/#webpage"},"author":{"@id":"https:\/\/arteeluoghi.it\/#\/schema\/person\/f84e814e36e91e01448ee07eaadd41d4"},"headline":"Pierdavide Carone ospite a La Notte del Liscio","datePublished":"2025-09-11T20:24:06+00:00","dateModified":"2025-09-11T20:24:07+00:00","mainEntityOfPage":{"@id":"https:\/\/arteeluoghi.it\/index.php\/2025\/09\/11\/pierdavide-carone-ospite-a-la-notte-del-liscio\/#webpage"},"wordCount":388,"commentCount":0,"publisher":{"@id":"https:\/\/arteeluoghi.it\/#organization"},"image":{"@id":"https:\/\/arteeluoghi.it\/index.php\/2025\/09\/11\/pierdavide-carone-ospite-a-la-notte-del-liscio\/#primaryimage"},"thumbnailUrl":"https:\/\/arteeluoghi.it\/wp-content\/uploads\/2025\/09\/2-serata-24.jpeg","keywords":["la notte de liscio","Pierdavide Carone"],"articleSection":["danza","dinotte"],"inLanguage":"it-IT","potentialAction":[{"@type":"CommentAction","name":"Comment","target":["https:\/\/arteeluoghi.it\/index.php\/2025\/09\/11\/pierdavide-carone-ospite-a-la-notte-del-liscio\/#respond"]}]},{"@type":"Person","@id":"https:\/\/arteeluoghi.it\/#\/schema\/person\/f84e814e36e91e01448ee07eaadd41d4","name":"Staff","image":{"@type":"ImageObject","@id":"https:\/\/arteeluoghi.it\/#personlogo","inLanguage":"it-IT","url":"https:\/\/secure.gravatar.com\/avatar\/49d2f9e46271bb04e19cebfaf141313a?s=96&d=blank&r=g","contentUrl":"https:\/\/secure.gravatar.com\/avatar\/49d2f9e46271bb04e19cebfaf141313a?s=96&d=blank&r=g","caption":"Staff"}}]}},"_links":{"self":[{"href":"https:\/\/arteeluoghi.it\/index.php\/wp-json\/wp\/v2\/posts\/15716"}],"collection":[{"href":"https:\/\/arteeluoghi.it\/index.php\/wp-json\/wp\/v2\/posts"}],"about":[{"href":"https:\/\/arteeluoghi.it\/index.php\/wp-json\/wp\/v2\/types\/post"}],"author":[{"embeddable":true,"href":"https:\/\/arteeluoghi.it\/index.php\/wp-json\/wp\/v2\/users\/1"}],"replies":[{"embeddable":true,"href":"https:\/\/arteeluoghi.it\/index.php\/wp-json\/wp\/v2\/comments?post=15716"}],"version-history":[{"count":1,"href":"https:\/\/arteeluoghi.it\/index.php\/wp-json\/wp\/v2\/posts\/15716\/revisions"}],"predecessor-version":[{"id":15718,"href":"https:\/\/arteeluoghi.it\/index.php\/wp-json\/wp\/v2\/posts\/15716\/revisions\/15718"}],"wp:featuredmedia":[{"embeddable":true,"href":"https:\/\/arteeluoghi.it\/index.php\/wp-json\/wp\/v2\/media\/15717"}],"wp:attachment":[{"href":"https:\/\/arteeluoghi.it\/index.php\/wp-json\/wp\/v2\/media?parent=15716"}],"wp:term":[{"taxonomy":"category","embeddable":true,"href":"https:\/\/arteeluoghi.it\/index.php\/wp-json\/wp\/v2\/categories?post=15716"},{"taxonomy":"post_tag","embeddable":true,"href":"https:\/\/arteeluoghi.it\/index.php\/wp-json\/wp\/v2\/tags?post=15716"}],"curies":[{"name":"wp","href":"https:\/\/api.w.org\/{rel}","templated":true}]}}