{"id":15719,"date":"2025-09-11T22:31:19","date_gmt":"2025-09-11T20:31:19","guid":{"rendered":"https:\/\/arteeluoghi.it\/?p=15719"},"modified":"2025-09-11T22:31:20","modified_gmt":"2025-09-11T20:31:20","slug":"a-sud-del-sud-dei-santi-il-sacro-nel-pensiero-di-cb","status":"publish","type":"post","link":"https:\/\/arteeluoghi.it\/index.php\/2025\/09\/11\/a-sud-del-sud-dei-santi-il-sacro-nel-pensiero-di-cb\/","title":{"rendered":"A Sud del Sud dei Santi. Il sacro nel pensiero di CB"},"content":{"rendered":"\n<blockquote class=\"wp-block-quote\"><p>Performance itinerante tra Lecce e Otranto 13 settembre 2025 grazie all&#8217;Archivio Carmelo Bene di Lecce<\/p><\/blockquote>\n\n\n\n<p>L\u2019Archivio Carmelo Bene di Lecce raccoglie materiali audiovisivi, manoscritti, copioni, libri glossati, costumi e arredi di scena che testimoniano la complessa e radicale produzione sviluppata in oltre quarant\u2019anni di lavoro dell\u2019attore. Bene (Campi Salentina, 1 settembre 1937 \u2013 Roma, 16 marzo 2002) ebbe un\u2019educazione profondamente religiosa e&nbsp;<em>meridiana<\/em>, quelle radici visive e ancestrali sono state in molta parte generative del suo pensiero. Cresciuto fra tre ordini religiosi: scolopi, salesiani, gesuiti, in un Salento estremo e periferico dove il pensiero a suo dire \u201cdepensa\u201d fino a diventare differenza, alterit\u00e0, eresia visionaria, con la sua ricerca poetica e drammaturgica mette a punto una propria idea di santit\u00e0 capace di coniugare il pensiero filosofico con la destrutturazione scenica della parola.<\/p>\n\n\n\n<!--more-->\n\n\n\n<p><strong>Il progetto \u201cA SUD DEL SUD DEI SANTI\u201d<\/strong>&nbsp;nasce dalla riflessione di Carmelo Bene sul sacro, sempre centrale nella sua poetica,&nbsp;e ne richiama una delle immagini pi\u00f9 evocative: il Sud estremo, metafisico e mistico, da cui far risuonare un pensiero scenico radicale e inattuale, capace di interrogare il presente. Il progetto intreccia materiali d\u2019archivio con nuove azioni performative contemporanee e tecniche tradizionali, in un dialogo fra memoria e sperimentazione.<\/p>\n\n\n\n<p><strong>GLI APPUNTAMENTI TRA LECCE E OTRANTO<\/strong><\/p>\n\n\n\n<p><strong>DEL 13 SETTEMBRE 2025<\/strong><\/p>\n\n\n\n<p>La prima tappa prevede, a&nbsp;<strong>Lecce<\/strong>, presso l\u2019<strong>Archivio Carmelo Bene<\/strong>,&nbsp;<strong>alle ore 12,00<\/strong>, una lettura scenica dell\u2019attrice&nbsp;<strong>Caroline Baglioni e Michelangelo Bellani&nbsp;<\/strong>(prenotazione obbligatoria al n\u00b0 0832 \u2013 37 35 76 anche W.App), da qui l\u2019azione performativa si sposter\u00e0 ad&nbsp;<strong>Otranto<\/strong>, luogo d\u2019elezione dell\u2019attore dove,&nbsp;<strong>alle ore 18.00<\/strong>, presso il&nbsp;<strong>Molo dei Santi Martiri<\/strong>&nbsp;si terr\u00e0 un prologo di&nbsp;<strong>Pietrangelo Buttafuoco<\/strong>, con accompagnamento musicale del&nbsp;<strong>Complesso Bandistico Nostra Signora dei Turchi<\/strong>&nbsp;di Vitigliano. Dallo stesso molo salper\u00e0 il corteo di barche con l\u2019installazione in cartapesta della Bottega di Mario Di Donfrancesco, tratta da uno scatto fotografico di Carmelo Bene realizzato da Sandro Becchetti, ispirata al film Don Giovanni.<\/p>\n\n\n\n<p>La traversata si concluder\u00e0 al porto, da qui ci si sposter\u00e0 nello spazio in cui \u00e8 collocata l\u2019opera di Costas Varotsos dedicata alla Kater i Rades e dove avr\u00e0 luogo una orazione di&nbsp;<strong>Camillo Langone<\/strong>&nbsp;sulla dimensione del sacro nella poetica di Carmelo Bene e in particolare sulla figura di San Giuseppe da Copertino.<\/p>\n\n\n\n<p>All\u2019itinerario parteciperanno il Ministro della Cultura&nbsp;<strong>Alessandro Giuli<\/strong>, il Direttore della Direzione Generale Creativit\u00e0 Contemporanea del Ministero della Cultura&nbsp;<strong>Angelo P. Cappello<\/strong>, il sindaco di Otranto&nbsp;<strong>Francesco Bruni<\/strong>&nbsp;e il Direttore del Dipartimento Turismo e Cultura della Regione Puglia&nbsp;<strong>Aldo Patruno<\/strong>.<\/p>\n\n\n\n<p>Il progetto&nbsp;A SUD DEL SUD DEI SANTI&nbsp;<strong>\u00e8 realizzato&nbsp;<\/strong>dall\u2019<strong>Archivio Carmelo Bene&nbsp;<\/strong>e da<strong>&nbsp;AMA<\/strong>&nbsp;(Accademia Mediterranea dell\u2019Attore) con la Direzione Artistica di<strong>&nbsp;Brizia Minerva e Franco Ungaro<\/strong>.<\/p>\n\n\n\n<p>A SUD DEL SUD DEI SANTI \u00e8 la prima tappa del progetto speciale&nbsp;<em>Un teatro perBene #5<\/em>&nbsp;promosso dal Polo Biblio-museale di Lecce e Accademia Mediterranea dell\u2019Attore in partnership con ACS Abruzzo Molise Circuito Spettacolo, Spazio Matta di Pescara e con il sostegno del Ministero della Cultura.&nbsp;<\/p>\n\n\n\n<p>La lettura scenica di Caroline Baglioni, \u00e8 diretta da Michelangelo Bellani, le musiche e il suono sono di Francesco Rizzo.<\/p>\n\n\n\n<p>(fonte: comunicato stampa)<\/p>\n","protected":false},"excerpt":{"rendered":"<p>Performance itinerante tra Lecce e Otranto 13 settembre 2025 grazie all&#8217;Archivio Carmelo Bene di Lecce L\u2019Archivio Carmelo Bene di Lecce<\/p>\n","protected":false},"author":1,"featured_media":15720,"comment_status":"open","ping_status":"open","sticky":true,"template":"","format":"standard","meta":[],"categories":[52,16,17],"tags":[6148,1857,134,428],"yoast_head":"<!-- This site is optimized with the Yoast SEO plugin v18.0 - https:\/\/yoast.com\/wordpress\/plugins\/seo\/ -->\n<title>A Sud del Sud dei Santi. Il sacro nel pensiero di CB | Arte e Luoghi<\/title>\n<meta name=\"description\" content=\"Performance itinerante tra Lecce e Otranto 13 settembre 2025 grazie all&#039;Archivio Carmelo Bene di Lecce\" \/>\n<meta name=\"robots\" content=\"index, follow, max-snippet:-1, max-image-preview:large, max-video-preview:-1\" \/>\n<link rel=\"canonical\" href=\"https:\/\/arteeluoghi.it\/index.php\/2025\/09\/11\/a-sud-del-sud-dei-santi-il-sacro-nel-pensiero-di-cb\/\" \/>\n<meta property=\"og:locale\" content=\"it_IT\" \/>\n<meta property=\"og:type\" content=\"article\" \/>\n<meta property=\"og:title\" content=\"A Sud del Sud dei Santi. Il sacro nel pensiero di CB | Arte e Luoghi\" \/>\n<meta property=\"og:description\" content=\"Performance itinerante tra Lecce e Otranto 13 settembre 2025 grazie all&#039;Archivio Carmelo Bene di Lecce\" \/>\n<meta property=\"og:url\" content=\"https:\/\/arteeluoghi.it\/index.php\/2025\/09\/11\/a-sud-del-sud-dei-santi-il-sacro-nel-pensiero-di-cb\/\" \/>\n<meta property=\"og:site_name\" content=\"Arte e Luoghi\" \/>\n<meta property=\"article:publisher\" content=\"https:\/\/www.facebook.com\/ArteELuoghi\/\" \/>\n<meta property=\"article:published_time\" content=\"2025-09-11T20:31:19+00:00\" \/>\n<meta property=\"article:modified_time\" content=\"2025-09-11T20:31:20+00:00\" \/>\n<meta property=\"og:image\" content=\"https:\/\/arteeluoghi.it\/wp-content\/uploads\/2025\/09\/Card-A-SUD-DEL-SUD-DEI-SANTI.jpg\" \/>\n\t<meta property=\"og:image:width\" content=\"1746\" \/>\n\t<meta property=\"og:image:height\" content=\"2480\" \/>\n\t<meta property=\"og:image:type\" content=\"image\/jpeg\" \/>\n<meta name=\"twitter:card\" content=\"summary\" \/>\n<meta name=\"twitter:creator\" content=\"@arteeluoghi\" \/>\n<meta name=\"twitter:site\" content=\"@arteeluoghi\" \/>\n<meta name=\"twitter:label1\" content=\"Scritto da\" \/>\n\t<meta name=\"twitter:data1\" content=\"Staff\" \/>\n\t<meta name=\"twitter:label2\" content=\"Tempo di lettura stimato\" \/>\n\t<meta name=\"twitter:data2\" content=\"3 minuti\" \/>\n<script type=\"application\/ld+json\" class=\"yoast-schema-graph\">{\"@context\":\"https:\/\/schema.org\",\"@graph\":[{\"@type\":\"Organization\",\"@id\":\"https:\/\/arteeluoghi.it\/#organization\",\"name\":\"Arte e Luoghi\",\"url\":\"https:\/\/arteeluoghi.it\/\",\"sameAs\":[\"https:\/\/www.facebook.com\/ArteELuoghi\/\",\"https:\/\/www.instagram.com\/arteeluoghi\/?hl=it\",\"https:\/\/www.youtube.com\/channel\/UCuRVc4JW4-C5sg9rQB-srkw?view_as=subscriber\",\"https:\/\/twitter.com\/arteeluoghi\"],\"logo\":{\"@type\":\"ImageObject\",\"@id\":\"https:\/\/arteeluoghi.it\/#logo\",\"inLanguage\":\"it-IT\",\"url\":\"https:\/\/arteeluoghi.it\/wp-content\/uploads\/2018\/08\/logoinstagramarte.jpg\",\"contentUrl\":\"https:\/\/arteeluoghi.it\/wp-content\/uploads\/2018\/08\/logoinstagramarte.jpg\",\"width\":150,\"height\":150,\"caption\":\"Arte e Luoghi\"},\"image\":{\"@id\":\"https:\/\/arteeluoghi.it\/#logo\"}},{\"@type\":\"WebSite\",\"@id\":\"https:\/\/arteeluoghi.it\/#website\",\"url\":\"https:\/\/arteeluoghi.it\/\",\"name\":\"Arte e Luoghi\",\"description\":\"Mensile di arte, cultura, turismo e curiosit\u00e0\",\"publisher\":{\"@id\":\"https:\/\/arteeluoghi.it\/#organization\"},\"potentialAction\":[{\"@type\":\"SearchAction\",\"target\":{\"@type\":\"EntryPoint\",\"urlTemplate\":\"https:\/\/arteeluoghi.it\/?s={search_term_string}\"},\"query-input\":\"required name=search_term_string\"}],\"inLanguage\":\"it-IT\"},{\"@type\":\"ImageObject\",\"@id\":\"https:\/\/arteeluoghi.it\/index.php\/2025\/09\/11\/a-sud-del-sud-dei-santi-il-sacro-nel-pensiero-di-cb\/#primaryimage\",\"inLanguage\":\"it-IT\",\"url\":\"https:\/\/arteeluoghi.it\/wp-content\/uploads\/2025\/09\/Card-A-SUD-DEL-SUD-DEI-SANTI.jpg\",\"contentUrl\":\"https:\/\/arteeluoghi.it\/wp-content\/uploads\/2025\/09\/Card-A-SUD-DEL-SUD-DEI-SANTI.jpg\",\"width\":1746,\"height\":2480},{\"@type\":\"WebPage\",\"@id\":\"https:\/\/arteeluoghi.it\/index.php\/2025\/09\/11\/a-sud-del-sud-dei-santi-il-sacro-nel-pensiero-di-cb\/#webpage\",\"url\":\"https:\/\/arteeluoghi.it\/index.php\/2025\/09\/11\/a-sud-del-sud-dei-santi-il-sacro-nel-pensiero-di-cb\/\",\"name\":\"A Sud del Sud dei Santi. Il sacro nel pensiero di CB | Arte e Luoghi\",\"isPartOf\":{\"@id\":\"https:\/\/arteeluoghi.it\/#website\"},\"primaryImageOfPage\":{\"@id\":\"https:\/\/arteeluoghi.it\/index.php\/2025\/09\/11\/a-sud-del-sud-dei-santi-il-sacro-nel-pensiero-di-cb\/#primaryimage\"},\"datePublished\":\"2025-09-11T20:31:19+00:00\",\"dateModified\":\"2025-09-11T20:31:20+00:00\",\"description\":\"Performance itinerante tra Lecce e Otranto 13 settembre 2025 grazie all'Archivio Carmelo Bene di Lecce\",\"breadcrumb\":{\"@id\":\"https:\/\/arteeluoghi.it\/index.php\/2025\/09\/11\/a-sud-del-sud-dei-santi-il-sacro-nel-pensiero-di-cb\/#breadcrumb\"},\"inLanguage\":\"it-IT\",\"potentialAction\":[{\"@type\":\"ReadAction\",\"target\":[\"https:\/\/arteeluoghi.it\/index.php\/2025\/09\/11\/a-sud-del-sud-dei-santi-il-sacro-nel-pensiero-di-cb\/\"]}]},{\"@type\":\"BreadcrumbList\",\"@id\":\"https:\/\/arteeluoghi.it\/index.php\/2025\/09\/11\/a-sud-del-sud-dei-santi-il-sacro-nel-pensiero-di-cb\/#breadcrumb\",\"itemListElement\":[{\"@type\":\"ListItem\",\"position\":1,\"name\":\"Home\",\"item\":\"https:\/\/arteeluoghi.it\/\"},{\"@type\":\"ListItem\",\"position\":2,\"name\":\"A Sud del Sud dei Santi. Il sacro nel pensiero di CB\"}]},{\"@type\":\"Article\",\"@id\":\"https:\/\/arteeluoghi.it\/index.php\/2025\/09\/11\/a-sud-del-sud-dei-santi-il-sacro-nel-pensiero-di-cb\/#article\",\"isPartOf\":{\"@id\":\"https:\/\/arteeluoghi.it\/index.php\/2025\/09\/11\/a-sud-del-sud-dei-santi-il-sacro-nel-pensiero-di-cb\/#webpage\"},\"author\":{\"@id\":\"https:\/\/arteeluoghi.it\/#\/schema\/person\/f84e814e36e91e01448ee07eaadd41d4\"},\"headline\":\"A Sud del Sud dei Santi. Il sacro nel pensiero di CB\",\"datePublished\":\"2025-09-11T20:31:19+00:00\",\"dateModified\":\"2025-09-11T20:31:20+00:00\",\"mainEntityOfPage\":{\"@id\":\"https:\/\/arteeluoghi.it\/index.php\/2025\/09\/11\/a-sud-del-sud-dei-santi-il-sacro-nel-pensiero-di-cb\/#webpage\"},\"wordCount\":553,\"commentCount\":0,\"publisher\":{\"@id\":\"https:\/\/arteeluoghi.it\/#organization\"},\"image\":{\"@id\":\"https:\/\/arteeluoghi.it\/index.php\/2025\/09\/11\/a-sud-del-sud-dei-santi-il-sacro-nel-pensiero-di-cb\/#primaryimage\"},\"thumbnailUrl\":\"https:\/\/arteeluoghi.it\/wp-content\/uploads\/2025\/09\/Card-A-SUD-DEL-SUD-DEI-SANTI.jpg\",\"keywords\":[\"Archivio Carmelo Bene\",\"Carmelo Bene\",\"Lecce\",\"Otranto\"],\"articleSection\":[\"I luoghi della parola\",\"I luoghi nella rete Biblioteche Musei Fondazioni\",\"LIBRI\"],\"inLanguage\":\"it-IT\",\"potentialAction\":[{\"@type\":\"CommentAction\",\"name\":\"Comment\",\"target\":[\"https:\/\/arteeluoghi.it\/index.php\/2025\/09\/11\/a-sud-del-sud-dei-santi-il-sacro-nel-pensiero-di-cb\/#respond\"]}]},{\"@type\":\"Person\",\"@id\":\"https:\/\/arteeluoghi.it\/#\/schema\/person\/f84e814e36e91e01448ee07eaadd41d4\",\"name\":\"Staff\",\"image\":{\"@type\":\"ImageObject\",\"@id\":\"https:\/\/arteeluoghi.it\/#personlogo\",\"inLanguage\":\"it-IT\",\"url\":\"https:\/\/secure.gravatar.com\/avatar\/49d2f9e46271bb04e19cebfaf141313a?s=96&d=blank&r=g\",\"contentUrl\":\"https:\/\/secure.gravatar.com\/avatar\/49d2f9e46271bb04e19cebfaf141313a?s=96&d=blank&r=g\",\"caption\":\"Staff\"}}]}<\/script>\n<!-- \/ Yoast SEO plugin. -->","yoast_head_json":{"title":"A Sud del Sud dei Santi. Il sacro nel pensiero di CB | Arte e Luoghi","description":"Performance itinerante tra Lecce e Otranto 13 settembre 2025 grazie all'Archivio Carmelo Bene di Lecce","robots":{"index":"index","follow":"follow","max-snippet":"max-snippet:-1","max-image-preview":"max-image-preview:large","max-video-preview":"max-video-preview:-1"},"canonical":"https:\/\/arteeluoghi.it\/index.php\/2025\/09\/11\/a-sud-del-sud-dei-santi-il-sacro-nel-pensiero-di-cb\/","og_locale":"it_IT","og_type":"article","og_title":"A Sud del Sud dei Santi. Il sacro nel pensiero di CB | Arte e Luoghi","og_description":"Performance itinerante tra Lecce e Otranto 13 settembre 2025 grazie all'Archivio Carmelo Bene di Lecce","og_url":"https:\/\/arteeluoghi.it\/index.php\/2025\/09\/11\/a-sud-del-sud-dei-santi-il-sacro-nel-pensiero-di-cb\/","og_site_name":"Arte e Luoghi","article_publisher":"https:\/\/www.facebook.com\/ArteELuoghi\/","article_published_time":"2025-09-11T20:31:19+00:00","article_modified_time":"2025-09-11T20:31:20+00:00","og_image":[{"width":1746,"height":2480,"url":"https:\/\/arteeluoghi.it\/wp-content\/uploads\/2025\/09\/Card-A-SUD-DEL-SUD-DEI-SANTI.jpg","type":"image\/jpeg"}],"twitter_card":"summary","twitter_creator":"@arteeluoghi","twitter_site":"@arteeluoghi","twitter_misc":{"Scritto da":"Staff","Tempo di lettura stimato":"3 minuti"},"schema":{"@context":"https:\/\/schema.org","@graph":[{"@type":"Organization","@id":"https:\/\/arteeluoghi.it\/#organization","name":"Arte e Luoghi","url":"https:\/\/arteeluoghi.it\/","sameAs":["https:\/\/www.facebook.com\/ArteELuoghi\/","https:\/\/www.instagram.com\/arteeluoghi\/?hl=it","https:\/\/www.youtube.com\/channel\/UCuRVc4JW4-C5sg9rQB-srkw?view_as=subscriber","https:\/\/twitter.com\/arteeluoghi"],"logo":{"@type":"ImageObject","@id":"https:\/\/arteeluoghi.it\/#logo","inLanguage":"it-IT","url":"https:\/\/arteeluoghi.it\/wp-content\/uploads\/2018\/08\/logoinstagramarte.jpg","contentUrl":"https:\/\/arteeluoghi.it\/wp-content\/uploads\/2018\/08\/logoinstagramarte.jpg","width":150,"height":150,"caption":"Arte e Luoghi"},"image":{"@id":"https:\/\/arteeluoghi.it\/#logo"}},{"@type":"WebSite","@id":"https:\/\/arteeluoghi.it\/#website","url":"https:\/\/arteeluoghi.it\/","name":"Arte e Luoghi","description":"Mensile di arte, cultura, turismo e curiosit\u00e0","publisher":{"@id":"https:\/\/arteeluoghi.it\/#organization"},"potentialAction":[{"@type":"SearchAction","target":{"@type":"EntryPoint","urlTemplate":"https:\/\/arteeluoghi.it\/?s={search_term_string}"},"query-input":"required name=search_term_string"}],"inLanguage":"it-IT"},{"@type":"ImageObject","@id":"https:\/\/arteeluoghi.it\/index.php\/2025\/09\/11\/a-sud-del-sud-dei-santi-il-sacro-nel-pensiero-di-cb\/#primaryimage","inLanguage":"it-IT","url":"https:\/\/arteeluoghi.it\/wp-content\/uploads\/2025\/09\/Card-A-SUD-DEL-SUD-DEI-SANTI.jpg","contentUrl":"https:\/\/arteeluoghi.it\/wp-content\/uploads\/2025\/09\/Card-A-SUD-DEL-SUD-DEI-SANTI.jpg","width":1746,"height":2480},{"@type":"WebPage","@id":"https:\/\/arteeluoghi.it\/index.php\/2025\/09\/11\/a-sud-del-sud-dei-santi-il-sacro-nel-pensiero-di-cb\/#webpage","url":"https:\/\/arteeluoghi.it\/index.php\/2025\/09\/11\/a-sud-del-sud-dei-santi-il-sacro-nel-pensiero-di-cb\/","name":"A Sud del Sud dei Santi. Il sacro nel pensiero di CB | Arte e Luoghi","isPartOf":{"@id":"https:\/\/arteeluoghi.it\/#website"},"primaryImageOfPage":{"@id":"https:\/\/arteeluoghi.it\/index.php\/2025\/09\/11\/a-sud-del-sud-dei-santi-il-sacro-nel-pensiero-di-cb\/#primaryimage"},"datePublished":"2025-09-11T20:31:19+00:00","dateModified":"2025-09-11T20:31:20+00:00","description":"Performance itinerante tra Lecce e Otranto 13 settembre 2025 grazie all'Archivio Carmelo Bene di Lecce","breadcrumb":{"@id":"https:\/\/arteeluoghi.it\/index.php\/2025\/09\/11\/a-sud-del-sud-dei-santi-il-sacro-nel-pensiero-di-cb\/#breadcrumb"},"inLanguage":"it-IT","potentialAction":[{"@type":"ReadAction","target":["https:\/\/arteeluoghi.it\/index.php\/2025\/09\/11\/a-sud-del-sud-dei-santi-il-sacro-nel-pensiero-di-cb\/"]}]},{"@type":"BreadcrumbList","@id":"https:\/\/arteeluoghi.it\/index.php\/2025\/09\/11\/a-sud-del-sud-dei-santi-il-sacro-nel-pensiero-di-cb\/#breadcrumb","itemListElement":[{"@type":"ListItem","position":1,"name":"Home","item":"https:\/\/arteeluoghi.it\/"},{"@type":"ListItem","position":2,"name":"A Sud del Sud dei Santi. Il sacro nel pensiero di CB"}]},{"@type":"Article","@id":"https:\/\/arteeluoghi.it\/index.php\/2025\/09\/11\/a-sud-del-sud-dei-santi-il-sacro-nel-pensiero-di-cb\/#article","isPartOf":{"@id":"https:\/\/arteeluoghi.it\/index.php\/2025\/09\/11\/a-sud-del-sud-dei-santi-il-sacro-nel-pensiero-di-cb\/#webpage"},"author":{"@id":"https:\/\/arteeluoghi.it\/#\/schema\/person\/f84e814e36e91e01448ee07eaadd41d4"},"headline":"A Sud del Sud dei Santi. Il sacro nel pensiero di CB","datePublished":"2025-09-11T20:31:19+00:00","dateModified":"2025-09-11T20:31:20+00:00","mainEntityOfPage":{"@id":"https:\/\/arteeluoghi.it\/index.php\/2025\/09\/11\/a-sud-del-sud-dei-santi-il-sacro-nel-pensiero-di-cb\/#webpage"},"wordCount":553,"commentCount":0,"publisher":{"@id":"https:\/\/arteeluoghi.it\/#organization"},"image":{"@id":"https:\/\/arteeluoghi.it\/index.php\/2025\/09\/11\/a-sud-del-sud-dei-santi-il-sacro-nel-pensiero-di-cb\/#primaryimage"},"thumbnailUrl":"https:\/\/arteeluoghi.it\/wp-content\/uploads\/2025\/09\/Card-A-SUD-DEL-SUD-DEI-SANTI.jpg","keywords":["Archivio Carmelo Bene","Carmelo Bene","Lecce","Otranto"],"articleSection":["I luoghi della parola","I luoghi nella rete Biblioteche Musei Fondazioni","LIBRI"],"inLanguage":"it-IT","potentialAction":[{"@type":"CommentAction","name":"Comment","target":["https:\/\/arteeluoghi.it\/index.php\/2025\/09\/11\/a-sud-del-sud-dei-santi-il-sacro-nel-pensiero-di-cb\/#respond"]}]},{"@type":"Person","@id":"https:\/\/arteeluoghi.it\/#\/schema\/person\/f84e814e36e91e01448ee07eaadd41d4","name":"Staff","image":{"@type":"ImageObject","@id":"https:\/\/arteeluoghi.it\/#personlogo","inLanguage":"it-IT","url":"https:\/\/secure.gravatar.com\/avatar\/49d2f9e46271bb04e19cebfaf141313a?s=96&d=blank&r=g","contentUrl":"https:\/\/secure.gravatar.com\/avatar\/49d2f9e46271bb04e19cebfaf141313a?s=96&d=blank&r=g","caption":"Staff"}}]}},"_links":{"self":[{"href":"https:\/\/arteeluoghi.it\/index.php\/wp-json\/wp\/v2\/posts\/15719"}],"collection":[{"href":"https:\/\/arteeluoghi.it\/index.php\/wp-json\/wp\/v2\/posts"}],"about":[{"href":"https:\/\/arteeluoghi.it\/index.php\/wp-json\/wp\/v2\/types\/post"}],"author":[{"embeddable":true,"href":"https:\/\/arteeluoghi.it\/index.php\/wp-json\/wp\/v2\/users\/1"}],"replies":[{"embeddable":true,"href":"https:\/\/arteeluoghi.it\/index.php\/wp-json\/wp\/v2\/comments?post=15719"}],"version-history":[{"count":1,"href":"https:\/\/arteeluoghi.it\/index.php\/wp-json\/wp\/v2\/posts\/15719\/revisions"}],"predecessor-version":[{"id":15721,"href":"https:\/\/arteeluoghi.it\/index.php\/wp-json\/wp\/v2\/posts\/15719\/revisions\/15721"}],"wp:featuredmedia":[{"embeddable":true,"href":"https:\/\/arteeluoghi.it\/index.php\/wp-json\/wp\/v2\/media\/15720"}],"wp:attachment":[{"href":"https:\/\/arteeluoghi.it\/index.php\/wp-json\/wp\/v2\/media?parent=15719"}],"wp:term":[{"taxonomy":"category","embeddable":true,"href":"https:\/\/arteeluoghi.it\/index.php\/wp-json\/wp\/v2\/categories?post=15719"},{"taxonomy":"post_tag","embeddable":true,"href":"https:\/\/arteeluoghi.it\/index.php\/wp-json\/wp\/v2\/tags?post=15719"}],"curies":[{"name":"wp","href":"https:\/\/api.w.org\/{rel}","templated":true}]}}