{"id":15722,"date":"2025-09-11T22:46:33","date_gmt":"2025-09-11T20:46:33","guid":{"rendered":"https:\/\/arteeluoghi.it\/?p=15722"},"modified":"2025-09-11T22:46:33","modified_gmt":"2025-09-11T20:46:33","slug":"fiera-di-rivivono-gli-anni-ottanta","status":"publish","type":"post","link":"https:\/\/arteeluoghi.it\/index.php\/2025\/09\/11\/fiera-di-rivivono-gli-anni-ottanta\/","title":{"rendered":"Fiera di . Rivivono gli anni Ottanta"},"content":{"rendered":"\n<blockquote class=\"wp-block-quote\"><p>Un\u2019edizione interamente dedicata agli anni &#8217;80, promossa dall\u2019Amministrazione Comunale e dall\u2019Associazione turistica Pro Loco di Argenta.<\/p><\/blockquote>\n\n\n\n<p>Dall\u201911 al 14 settembre si svolger\u00e0 la 68^ Fiera di Argenta: un\u2019edizione interamente dedicata agli anni &#8217;80, promossa dall\u2019Amministrazione Comunale e dall\u2019Associazione turistica Pro Loco di Argenta. A cura del MEI i concerti dell\u201911 settembre dei Joedibrutto, del 12 settembre di Andrea Mingardi e Aga, del 13 settembre del dj Lorenz sul Nuovo Mondo degli Anni Ottanta e del 14 settembre Filippo Graziani nell\u2019Omaggio al padre Ivan Graziani con Ottanta.\u00a0<\/p>\n\n\n\n<p>Perch\u00e9 gli anni &#8217;80? Un po\u2019 per il senso di spensieratezza che evocano, dopo il passaggio dagli anni di piombo a una stagione di relativa stabilit\u00e0 politica ed economica, ma anche e soprattutto per i riferimenti alla musica, all\u2019arte, alla vita quotidiana, al tempo libero che si sono delineati in quel periodo e si sono poi sviluppati successivamente.<\/p>\n\n\n\n<!--more-->\n\n\n\n<p>Chi li ha vissuti, soprattutto durante l\u2019adolescenza, ricorda il modo di stare insieme, l\u2019avvento della televisione a colori, il telefono di casa fisso e la cabina telefonica, il motorino, la vespa e l\u2019auto senza aria condizionata, il mangianastri e il walkman, lo stereo con i vinili, le feste nelle casa in campagna, le band e la musica nei locali, i primi pub, insomma un certo modo di parlare e di atteggiarsi che ritroviamo nella musica, nella pubblicit\u00e0 e nella filmografia di quegli anni.<\/p>\n\n\n\n<p>Quattro i punti con musica live sul&nbsp;<strong>palco principale di Piazza Garibaldi<\/strong>, curato da Materiali Musicali, organizzatore del Meeting delle Etichette Indipendenti di Faenza. L\u2019apertura di&nbsp;<strong>gioved\u00ec 11<\/strong>&nbsp;\u00e8 affidata ai&nbsp;<strong>Joe Dibrutto<\/strong>, la band bolognese che dal 1989 colora ed anima la nostra Regione con nel curriculum sei album ed oltre 2000 concerti!<\/p>\n\n\n\n<p><strong>Venerd\u00ec 12<\/strong>&nbsp;sar\u00e0&nbsp;<strong>Andrea Mingardi&nbsp;<\/strong>a salire sul palco per celebrare, con uno spettacolo unico, 50 anni di storie e brani di fama mondiale. Mingardi, non solo cantautore e musicista, ma anche scrittore e attore, esprime una carriera musicale enorme, che spazia dal rock and roll al rhythm and blues.&nbsp;<\/p>\n\n\n\n<p>Apre la serata:&nbsp;<strong>AGA<\/strong>, vincitore del Contest Musicale \u201cVamos ad Argenta\u201d. AGA &#8211; Alessandro Antolini &#8211; \u00e8 un compositore, performer creativo e fondatore dell&#8217;etichetta Drummer Caff\u00e8, batterista e docente di batteria da pi\u00f9 di vent\u2019anni,&nbsp; laureatosi alla Middlesex University di Londra. L&#8217;artista ha collaborato con il compianto Maestro Ezio Bosso.<\/p>\n\n\n\n<p>Il sabato sera \u00e8 la \u201c<strong>Notte bianca degli anni \u201880<\/strong>\u201d dove&nbsp;<strong>DJ Lorenz<\/strong>&nbsp;proporr\u00e0 le migliori hit degli anni\u201980 per far ballare tutti fino alle 2.00, esattamente come succedeva al \u201cNuovo Mondo\u201d, la discoteca che ha caratterizzato il divertimento di intere generazioni ad Argenta. A completare l\u2019esibizione laser light e disco dance show.<\/p>\n\n\n\n<p>Il gran finale di domenica 14 \u00e8 affidato ad un autentico fuoriclasse:&nbsp;<strong>Filippo Graziani<\/strong>&nbsp;che proporr\u00e0 \u201c<em><strong>OTTANTA. Buon Compleanno Ivan<\/strong><\/em>\u201d; un racconto musicale potente, intimo e travolgente, attraverso i brani pi\u00f9 amati di Ivan Graziani ma anche quelli meno noti, scelti con cura da Filippo per offrire uno sguardo personale e autentico sull\u2019universo creativo del padre. Con oltre 10 anni dedicati a diffondere l\u2019eredit\u00e0 musicale del padre, Filippo ha dimostrato di essere un performer carismatico e creativo.&nbsp;<\/p>\n\n\n\n<p><strong>Tutti gli spettacoli sono ad ingresso gratuito ed inizieranno alle ore 21.30.<\/strong><\/p>\n\n\n\n<p><\/p>\n\n\n\n<p>Ecco tutto il resto del programma:<\/p>\n\n\n\n<p>Musica live anche nel palco di&nbsp;<strong>Piazza Marconi,<\/strong>&nbsp;nell\u2019ambito del Villaggio del volontariato: apre la Gang band il gioved\u00ec sera con il suo Tributo ai classici italiani in chiave rock-punk, il venerd\u00ec sera sar\u00e0 lo spettacolo di danza e sport di Energie in movimento, Argenta Gym H24, ASD Salseri pi\u00f9 che mai, ASD Geam Karate a coinvolgere gli spettatori, mentre il sabato sera irrinunciabile l\u2019appuntamento con la sfilata abiti vintage anni \u201980 e, fino alle 2 di notte, con i vinili del DJ set. La chiusura della domenica sera \u00e8 affidata alla show band 60 lire, gruppo ferrarese che propone&nbsp; canzoni italiane.<\/p>\n\n\n\n<p>Musica dal vivo anche per le band e gli artisti che si esibiranno nel music gazebo della Scuola di Musica Solaris nella piazzetta delle poste e nel piano bar del Ristorante \u201cL\u2019ora del gusto\u201d allestito nella piazza del teatro dei Fluttuanti. Anche in questo caso: musica fino alle 2 di sabato notte!<\/p>\n\n\n\n<p>Ricco e coinvolgente il programma delle mostre che inaugureranno gioved\u00ec in apertura della Fiera.<\/p>\n\n\n\n<p>Al&nbsp;<strong>Mercato centro culturale di Piazza Marconi saranno tre le mostre<\/strong>&nbsp;che si potranno visitare: al primo piano&nbsp;<strong>Alfonso Frasnedi<\/strong>&nbsp;&#8211;&nbsp;<em>La stagione pop 1964-1967 e gli anni ottanta<\/em>, a cura di Sandro Malossini e promossa in collaborazione con la casa d\u2019aste Minghini, che ospiter\u00e0 una sezione della mostra nella sede di viale Roiti, 6. La mostra dell\u2019artista bolognese offre uno sguardo approfondito su un periodo cruciale della sua produzione, mettendo in luce la sua evoluzione dal linguaggio pop alle forme aniconiche e il suo successivo, ma sempre personale, approccio al ritorno alla figurazione negli anni \u201880.<\/p>\n\n\n\n<p>Lo spazio espositivo al piano terra del Mercato \u00e8 riservato all\u2019artista argentano&nbsp;<strong>Gianfranco Vanni\/Collirio<\/strong>&nbsp;con la mostra&nbsp;<em>Bleah. La retroguardia del fumetto (1980-2025)<\/em>: una mostra antologica dalle sue prime esperienze alla fine degli anni settanta, quando realizz\u00f2 la rivista ciclostilata \u201cIl Pinguino\u201d, alla collaborazione con l\u2019editore argentano Stefano Trentini sulla sua fanzine \u201cNuvola Bianca\u201d che si occupava di musica rock e comics e fino poi alle pubblicazioni pi\u00f9 recenti.<\/p>\n\n\n\n<p>Nello spazio all\u2019ingresso del Mercato invece troverranno spazio dei grandi pannelli che illustreranno una straordinaria avventura argentana anni\u201980: il&nbsp;<strong>Razamataz.&nbsp;<\/strong>&nbsp;Tanta nostalgia e lo spirito degli anni \u201980 attraverso le foto dei ragazzi che hanno condiviso questa indimenticabile esperienza, i biglietti di invito ed i testi di Teo &#8211; Pier Filippo Tebaldi: DJ del Raza e memoria storica di tutto il gruppo.<\/p>\n\n\n\n<p>Le iniziative espositive proseguono nell\u2019atrio della&nbsp;<strong>scuola Primaria<\/strong>&nbsp;con la mostra dei soci di&nbsp;<strong>Argentea Arte&nbsp;<\/strong>e con<strong>&nbsp;Anagrumba<\/strong><em>&nbsp;Le band argentane degli anni \u201980 e &#8217;90<\/em>, la mostra fotografica curata dal Cine Foto Club Immagini con il supporto di Roberto Saletti.<\/p>\n\n\n\n<p><strong>Pac man e i suoi amici<\/strong>&nbsp;\u00e8, di fatto, la ricostruzione di una sala giochi anni \u201980 perfettamente funzionante ed utilizzabile con juke box, video giochi, flipper e pubblicit\u00e0: un\u2019occasione unica per immergersi nelle atmosfere di quegli anni. Si trova nei locali&nbsp;<strong>di via Matteotti<\/strong>, di fianco alla sede della Pro Loco.<\/p>\n\n\n\n<p><strong>Anni \u201980 anche tutti da gustare:<\/strong>&nbsp;i sei&nbsp;<strong>ristorantini<\/strong>&nbsp;allestiti durante la Fiera sul percorso proporanno nei loro men\u00f9 almeno un piatto iconico di quegli anni, l\u2019invito \u00e8 di provarli tutti: \u201cQuelli di Bando\u201d in Largo Dante, \u201cIl tempo dei sapori\u201d in via Gramsci, \u201cAiutiamoli a vivere\u201d e l\u2019Agriturismo Vallesanta in piazza Marconi, , \u201cL\u2019ora del gusto\u201d nella piazzetta del Teatro, \u201cDal Don\u201d in Piazza Mazzini e l\u2019Agrilocanda in piazza Giovanni XXIII.<\/p>\n\n\n\n<p>Anni \u201980 sar\u00e0 anche lo shopping con&nbsp;<strong>Sapore di vintage<\/strong>&nbsp;in via Matteotti ed in via e piazza Mazzini con abbigliamento, accessori, vinili, oggettistica.<\/p>\n\n\n\n<p>Triplo impegno per la Biblioteca F.L. Bertoldi: sar\u00e0 presente nel Villaggio del volontariato in piazza Marconi con&nbsp;<strong>Biblioteca vintage<\/strong>, la vendita dei libri anni \u201980 per finanziare le attivit\u00e0 di promozione della lettura, con&nbsp;<strong>Wikipedia argentana anni \u201980<\/strong>, un\u2019originale installazione al centro della Piazza che raccoglie i termini ed i modi di dire utilizzati in quegli anni e che invita gli argentani ad arricchire e a completare questa insolita raccolta e, infine, con la promozione di una rassegna cinematografica di film cult che prender\u00e0 il via dopo la manifestazione fieristica.<\/p>\n\n\n\n<p>Non mancheranno gli&nbsp;<strong>incontri ed i raduni<\/strong>: venerd\u00ec alle ore 20.00 al Mercato&nbsp;<em>Razamataz 1983-1991: non suonavamo ma ci facevamo sentire!<\/em>&nbsp;e sabato 13 alle ore 18.00 nel Villaggio del volontariato&nbsp;<em>Gli anni \u201980 delle donne: carriera, lavoro, potere<\/em>&nbsp;a cura di Unione Donne Italiane e Consulta delle donne di Argenta. I raduni di auto e moto di svolgeranno, invece, nelle serate di sabato e domenica sulla via Garibaldi.<\/p>\n\n\n\n<p>Come ogni anno ci saranno il Luna Park (aperto gi\u00e0 dal 5 settembre), volontariato, sport, lotteria, shopping nelle vie dove si alternano bancarelle tradizionali, i produttori agricoli locali, le opere dell\u2019ingegno, ma anche campionaria ed espositori legati al mondo del benessere.<\/p>\n\n\n\n<p>In particolare, il&nbsp;<strong>Villaggio del volontariato a cura di Centro Servizi Volontariato, associazione Turistica Pro Loco e gli enti del terzo settore del Comune di Argenta<\/strong>, propone i punti informativi delle Associazioni, spettacoli, laboratori artistici, giochi, pesche di beneficenza, mostre d\u2019arte, tecniche di primo soccorso, mercatini, conferenze, eventi sportivi, protezione civile. Un programma tutto da scoprire e da vivere ogni giorno.<\/p>\n\n\n\n<p>Per gli amanti dello sport un ricco programma di iniziative organizzate dalle associazioni locali: tornei di basket, calcio, pesca sportiva, tennis, pallavolo, senza dimenticare le miniolimpiadi e il raduno cicloturistico.&nbsp;<\/p>\n\n\n\n<p>Fiera \u00e8 anche turismo: nello stand dell\u2019<strong>Ecomuseo<\/strong>&nbsp;sar\u00e0 possibile richiedere tutte le informazioni per la visita ai Musei del territorio e per le escursioni in Valle. Nei giorni Fiera sono due gli eventi promossi per i visitatori:&nbsp;<\/p>\n\n\n\n<p><strong>Un tramonto di fine estate<\/strong>&nbsp;&#8211; Sabato 13 settembre ore 18.00. Escursione guidata a piedi in Vallesanta per ammirare lo spettacolo del tramonto sulle Valli di Argenta<\/p>\n\n\n\n<p><strong>San Domenico e San Giovanni: due chiese, una storia<\/strong>&nbsp;&#8211; Domenica 14 settembre ore 16.30. Nel cuore rinascimentale di Argenta alla scoperta di due monumenti che ne testimoniano la ricchezza artistica e culturale.<\/p>\n\n\n\n<p>(fonte. comunicato stampa)<\/p>\n","protected":false},"excerpt":{"rendered":"<p>Un\u2019edizione interamente dedicata agli anni &#8217;80, promossa dall\u2019Amministrazione Comunale e dall\u2019Associazione turistica Pro Loco di Argenta. Dall\u201911 al 14 settembre<\/p>\n","protected":false},"author":1,"featured_media":15723,"comment_status":"open","ping_status":"open","sticky":true,"template":"","format":"standard","meta":[],"categories":[12],"tags":[2410,6663,235],"yoast_head":"<!-- This site is optimized with the Yoast SEO plugin v18.0 - https:\/\/yoast.com\/wordpress\/plugins\/seo\/ -->\n<title>Fiera di . Rivivono gli anni Ottanta | Arte e Luoghi<\/title>\n<meta name=\"description\" content=\"un\u2019edizione interamente dedicata agli anni &#039;80, promossa dall\u2019Amministrazione Comunale e dall\u2019Associazione turistica Pro Loco di Argenta.\" \/>\n<meta name=\"robots\" content=\"index, follow, max-snippet:-1, max-image-preview:large, max-video-preview:-1\" \/>\n<link rel=\"canonical\" href=\"https:\/\/arteeluoghi.it\/index.php\/2025\/09\/11\/fiera-di-rivivono-gli-anni-ottanta\/\" \/>\n<meta property=\"og:locale\" content=\"it_IT\" \/>\n<meta property=\"og:type\" content=\"article\" \/>\n<meta property=\"og:title\" content=\"Fiera di . Rivivono gli anni Ottanta | Arte e Luoghi\" \/>\n<meta property=\"og:description\" content=\"un\u2019edizione interamente dedicata agli anni &#039;80, promossa dall\u2019Amministrazione Comunale e dall\u2019Associazione turistica Pro Loco di Argenta.\" \/>\n<meta property=\"og:url\" content=\"https:\/\/arteeluoghi.it\/index.php\/2025\/09\/11\/fiera-di-rivivono-gli-anni-ottanta\/\" \/>\n<meta property=\"og:site_name\" content=\"Arte e Luoghi\" \/>\n<meta property=\"article:publisher\" content=\"https:\/\/www.facebook.com\/ArteELuoghi\/\" \/>\n<meta property=\"article:published_time\" content=\"2025-09-11T20:46:33+00:00\" \/>\n<meta property=\"og:image\" content=\"https:\/\/arteeluoghi.it\/wp-content\/uploads\/2025\/09\/img303.pg_.jpg\" \/>\n\t<meta property=\"og:image:width\" content=\"650\" \/>\n\t<meta property=\"og:image:height\" content=\"386\" \/>\n\t<meta property=\"og:image:type\" content=\"image\/jpeg\" \/>\n<meta name=\"twitter:card\" content=\"summary\" \/>\n<meta name=\"twitter:creator\" content=\"@arteeluoghi\" \/>\n<meta name=\"twitter:site\" content=\"@arteeluoghi\" \/>\n<meta name=\"twitter:label1\" content=\"Scritto da\" \/>\n\t<meta name=\"twitter:data1\" content=\"Staff\" \/>\n\t<meta name=\"twitter:label2\" content=\"Tempo di lettura stimato\" \/>\n\t<meta name=\"twitter:data2\" content=\"8 minuti\" \/>\n<script type=\"application\/ld+json\" class=\"yoast-schema-graph\">{\"@context\":\"https:\/\/schema.org\",\"@graph\":[{\"@type\":\"Organization\",\"@id\":\"https:\/\/arteeluoghi.it\/#organization\",\"name\":\"Arte e Luoghi\",\"url\":\"https:\/\/arteeluoghi.it\/\",\"sameAs\":[\"https:\/\/www.facebook.com\/ArteELuoghi\/\",\"https:\/\/www.instagram.com\/arteeluoghi\/?hl=it\",\"https:\/\/www.youtube.com\/channel\/UCuRVc4JW4-C5sg9rQB-srkw?view_as=subscriber\",\"https:\/\/twitter.com\/arteeluoghi\"],\"logo\":{\"@type\":\"ImageObject\",\"@id\":\"https:\/\/arteeluoghi.it\/#logo\",\"inLanguage\":\"it-IT\",\"url\":\"https:\/\/arteeluoghi.it\/wp-content\/uploads\/2018\/08\/logoinstagramarte.jpg\",\"contentUrl\":\"https:\/\/arteeluoghi.it\/wp-content\/uploads\/2018\/08\/logoinstagramarte.jpg\",\"width\":150,\"height\":150,\"caption\":\"Arte e Luoghi\"},\"image\":{\"@id\":\"https:\/\/arteeluoghi.it\/#logo\"}},{\"@type\":\"WebSite\",\"@id\":\"https:\/\/arteeluoghi.it\/#website\",\"url\":\"https:\/\/arteeluoghi.it\/\",\"name\":\"Arte e Luoghi\",\"description\":\"Mensile di arte, cultura, turismo e curiosit\u00e0\",\"publisher\":{\"@id\":\"https:\/\/arteeluoghi.it\/#organization\"},\"potentialAction\":[{\"@type\":\"SearchAction\",\"target\":{\"@type\":\"EntryPoint\",\"urlTemplate\":\"https:\/\/arteeluoghi.it\/?s={search_term_string}\"},\"query-input\":\"required name=search_term_string\"}],\"inLanguage\":\"it-IT\"},{\"@type\":\"ImageObject\",\"@id\":\"https:\/\/arteeluoghi.it\/index.php\/2025\/09\/11\/fiera-di-rivivono-gli-anni-ottanta\/#primaryimage\",\"inLanguage\":\"it-IT\",\"url\":\"https:\/\/arteeluoghi.it\/wp-content\/uploads\/2025\/09\/img303.pg_.jpg\",\"contentUrl\":\"https:\/\/arteeluoghi.it\/wp-content\/uploads\/2025\/09\/img303.pg_.jpg\",\"width\":650,\"height\":386},{\"@type\":\"WebPage\",\"@id\":\"https:\/\/arteeluoghi.it\/index.php\/2025\/09\/11\/fiera-di-rivivono-gli-anni-ottanta\/#webpage\",\"url\":\"https:\/\/arteeluoghi.it\/index.php\/2025\/09\/11\/fiera-di-rivivono-gli-anni-ottanta\/\",\"name\":\"Fiera di . Rivivono gli anni Ottanta | Arte e Luoghi\",\"isPartOf\":{\"@id\":\"https:\/\/arteeluoghi.it\/#website\"},\"primaryImageOfPage\":{\"@id\":\"https:\/\/arteeluoghi.it\/index.php\/2025\/09\/11\/fiera-di-rivivono-gli-anni-ottanta\/#primaryimage\"},\"datePublished\":\"2025-09-11T20:46:33+00:00\",\"dateModified\":\"2025-09-11T20:46:33+00:00\",\"description\":\"un\u2019edizione interamente dedicata agli anni '80, promossa dall\u2019Amministrazione Comunale e dall\u2019Associazione turistica Pro Loco di Argenta.\",\"breadcrumb\":{\"@id\":\"https:\/\/arteeluoghi.it\/index.php\/2025\/09\/11\/fiera-di-rivivono-gli-anni-ottanta\/#breadcrumb\"},\"inLanguage\":\"it-IT\",\"potentialAction\":[{\"@type\":\"ReadAction\",\"target\":[\"https:\/\/arteeluoghi.it\/index.php\/2025\/09\/11\/fiera-di-rivivono-gli-anni-ottanta\/\"]}]},{\"@type\":\"BreadcrumbList\",\"@id\":\"https:\/\/arteeluoghi.it\/index.php\/2025\/09\/11\/fiera-di-rivivono-gli-anni-ottanta\/#breadcrumb\",\"itemListElement\":[{\"@type\":\"ListItem\",\"position\":1,\"name\":\"Home\",\"item\":\"https:\/\/arteeluoghi.it\/\"},{\"@type\":\"ListItem\",\"position\":2,\"name\":\"Fiera di . Rivivono gli anni Ottanta\"}]},{\"@type\":\"Article\",\"@id\":\"https:\/\/arteeluoghi.it\/index.php\/2025\/09\/11\/fiera-di-rivivono-gli-anni-ottanta\/#article\",\"isPartOf\":{\"@id\":\"https:\/\/arteeluoghi.it\/index.php\/2025\/09\/11\/fiera-di-rivivono-gli-anni-ottanta\/#webpage\"},\"author\":{\"@id\":\"https:\/\/arteeluoghi.it\/#\/schema\/person\/f84e814e36e91e01448ee07eaadd41d4\"},\"headline\":\"Fiera di . Rivivono gli anni Ottanta\",\"datePublished\":\"2025-09-11T20:46:33+00:00\",\"dateModified\":\"2025-09-11T20:46:33+00:00\",\"mainEntityOfPage\":{\"@id\":\"https:\/\/arteeluoghi.it\/index.php\/2025\/09\/11\/fiera-di-rivivono-gli-anni-ottanta\/#webpage\"},\"wordCount\":1556,\"commentCount\":0,\"publisher\":{\"@id\":\"https:\/\/arteeluoghi.it\/#organization\"},\"image\":{\"@id\":\"https:\/\/arteeluoghi.it\/index.php\/2025\/09\/11\/fiera-di-rivivono-gli-anni-ottanta\/#primaryimage\"},\"thumbnailUrl\":\"https:\/\/arteeluoghi.it\/wp-content\/uploads\/2025\/09\/img303.pg_.jpg\",\"keywords\":[\"anni Ottanta\",\"Fiera di Argenta\",\"musica\"],\"articleSection\":[\"MUSICA\"],\"inLanguage\":\"it-IT\",\"potentialAction\":[{\"@type\":\"CommentAction\",\"name\":\"Comment\",\"target\":[\"https:\/\/arteeluoghi.it\/index.php\/2025\/09\/11\/fiera-di-rivivono-gli-anni-ottanta\/#respond\"]}]},{\"@type\":\"Person\",\"@id\":\"https:\/\/arteeluoghi.it\/#\/schema\/person\/f84e814e36e91e01448ee07eaadd41d4\",\"name\":\"Staff\",\"image\":{\"@type\":\"ImageObject\",\"@id\":\"https:\/\/arteeluoghi.it\/#personlogo\",\"inLanguage\":\"it-IT\",\"url\":\"https:\/\/secure.gravatar.com\/avatar\/49d2f9e46271bb04e19cebfaf141313a?s=96&d=blank&r=g\",\"contentUrl\":\"https:\/\/secure.gravatar.com\/avatar\/49d2f9e46271bb04e19cebfaf141313a?s=96&d=blank&r=g\",\"caption\":\"Staff\"}}]}<\/script>\n<!-- \/ Yoast SEO plugin. -->","yoast_head_json":{"title":"Fiera di . Rivivono gli anni Ottanta | Arte e Luoghi","description":"un\u2019edizione interamente dedicata agli anni '80, promossa dall\u2019Amministrazione Comunale e dall\u2019Associazione turistica Pro Loco di Argenta.","robots":{"index":"index","follow":"follow","max-snippet":"max-snippet:-1","max-image-preview":"max-image-preview:large","max-video-preview":"max-video-preview:-1"},"canonical":"https:\/\/arteeluoghi.it\/index.php\/2025\/09\/11\/fiera-di-rivivono-gli-anni-ottanta\/","og_locale":"it_IT","og_type":"article","og_title":"Fiera di . Rivivono gli anni Ottanta | Arte e Luoghi","og_description":"un\u2019edizione interamente dedicata agli anni '80, promossa dall\u2019Amministrazione Comunale e dall\u2019Associazione turistica Pro Loco di Argenta.","og_url":"https:\/\/arteeluoghi.it\/index.php\/2025\/09\/11\/fiera-di-rivivono-gli-anni-ottanta\/","og_site_name":"Arte e Luoghi","article_publisher":"https:\/\/www.facebook.com\/ArteELuoghi\/","article_published_time":"2025-09-11T20:46:33+00:00","og_image":[{"width":650,"height":386,"url":"https:\/\/arteeluoghi.it\/wp-content\/uploads\/2025\/09\/img303.pg_.jpg","type":"image\/jpeg"}],"twitter_card":"summary","twitter_creator":"@arteeluoghi","twitter_site":"@arteeluoghi","twitter_misc":{"Scritto da":"Staff","Tempo di lettura stimato":"8 minuti"},"schema":{"@context":"https:\/\/schema.org","@graph":[{"@type":"Organization","@id":"https:\/\/arteeluoghi.it\/#organization","name":"Arte e Luoghi","url":"https:\/\/arteeluoghi.it\/","sameAs":["https:\/\/www.facebook.com\/ArteELuoghi\/","https:\/\/www.instagram.com\/arteeluoghi\/?hl=it","https:\/\/www.youtube.com\/channel\/UCuRVc4JW4-C5sg9rQB-srkw?view_as=subscriber","https:\/\/twitter.com\/arteeluoghi"],"logo":{"@type":"ImageObject","@id":"https:\/\/arteeluoghi.it\/#logo","inLanguage":"it-IT","url":"https:\/\/arteeluoghi.it\/wp-content\/uploads\/2018\/08\/logoinstagramarte.jpg","contentUrl":"https:\/\/arteeluoghi.it\/wp-content\/uploads\/2018\/08\/logoinstagramarte.jpg","width":150,"height":150,"caption":"Arte e Luoghi"},"image":{"@id":"https:\/\/arteeluoghi.it\/#logo"}},{"@type":"WebSite","@id":"https:\/\/arteeluoghi.it\/#website","url":"https:\/\/arteeluoghi.it\/","name":"Arte e Luoghi","description":"Mensile di arte, cultura, turismo e curiosit\u00e0","publisher":{"@id":"https:\/\/arteeluoghi.it\/#organization"},"potentialAction":[{"@type":"SearchAction","target":{"@type":"EntryPoint","urlTemplate":"https:\/\/arteeluoghi.it\/?s={search_term_string}"},"query-input":"required name=search_term_string"}],"inLanguage":"it-IT"},{"@type":"ImageObject","@id":"https:\/\/arteeluoghi.it\/index.php\/2025\/09\/11\/fiera-di-rivivono-gli-anni-ottanta\/#primaryimage","inLanguage":"it-IT","url":"https:\/\/arteeluoghi.it\/wp-content\/uploads\/2025\/09\/img303.pg_.jpg","contentUrl":"https:\/\/arteeluoghi.it\/wp-content\/uploads\/2025\/09\/img303.pg_.jpg","width":650,"height":386},{"@type":"WebPage","@id":"https:\/\/arteeluoghi.it\/index.php\/2025\/09\/11\/fiera-di-rivivono-gli-anni-ottanta\/#webpage","url":"https:\/\/arteeluoghi.it\/index.php\/2025\/09\/11\/fiera-di-rivivono-gli-anni-ottanta\/","name":"Fiera di . Rivivono gli anni Ottanta | Arte e Luoghi","isPartOf":{"@id":"https:\/\/arteeluoghi.it\/#website"},"primaryImageOfPage":{"@id":"https:\/\/arteeluoghi.it\/index.php\/2025\/09\/11\/fiera-di-rivivono-gli-anni-ottanta\/#primaryimage"},"datePublished":"2025-09-11T20:46:33+00:00","dateModified":"2025-09-11T20:46:33+00:00","description":"un\u2019edizione interamente dedicata agli anni '80, promossa dall\u2019Amministrazione Comunale e dall\u2019Associazione turistica Pro Loco di Argenta.","breadcrumb":{"@id":"https:\/\/arteeluoghi.it\/index.php\/2025\/09\/11\/fiera-di-rivivono-gli-anni-ottanta\/#breadcrumb"},"inLanguage":"it-IT","potentialAction":[{"@type":"ReadAction","target":["https:\/\/arteeluoghi.it\/index.php\/2025\/09\/11\/fiera-di-rivivono-gli-anni-ottanta\/"]}]},{"@type":"BreadcrumbList","@id":"https:\/\/arteeluoghi.it\/index.php\/2025\/09\/11\/fiera-di-rivivono-gli-anni-ottanta\/#breadcrumb","itemListElement":[{"@type":"ListItem","position":1,"name":"Home","item":"https:\/\/arteeluoghi.it\/"},{"@type":"ListItem","position":2,"name":"Fiera di . Rivivono gli anni Ottanta"}]},{"@type":"Article","@id":"https:\/\/arteeluoghi.it\/index.php\/2025\/09\/11\/fiera-di-rivivono-gli-anni-ottanta\/#article","isPartOf":{"@id":"https:\/\/arteeluoghi.it\/index.php\/2025\/09\/11\/fiera-di-rivivono-gli-anni-ottanta\/#webpage"},"author":{"@id":"https:\/\/arteeluoghi.it\/#\/schema\/person\/f84e814e36e91e01448ee07eaadd41d4"},"headline":"Fiera di . Rivivono gli anni Ottanta","datePublished":"2025-09-11T20:46:33+00:00","dateModified":"2025-09-11T20:46:33+00:00","mainEntityOfPage":{"@id":"https:\/\/arteeluoghi.it\/index.php\/2025\/09\/11\/fiera-di-rivivono-gli-anni-ottanta\/#webpage"},"wordCount":1556,"commentCount":0,"publisher":{"@id":"https:\/\/arteeluoghi.it\/#organization"},"image":{"@id":"https:\/\/arteeluoghi.it\/index.php\/2025\/09\/11\/fiera-di-rivivono-gli-anni-ottanta\/#primaryimage"},"thumbnailUrl":"https:\/\/arteeluoghi.it\/wp-content\/uploads\/2025\/09\/img303.pg_.jpg","keywords":["anni Ottanta","Fiera di Argenta","musica"],"articleSection":["MUSICA"],"inLanguage":"it-IT","potentialAction":[{"@type":"CommentAction","name":"Comment","target":["https:\/\/arteeluoghi.it\/index.php\/2025\/09\/11\/fiera-di-rivivono-gli-anni-ottanta\/#respond"]}]},{"@type":"Person","@id":"https:\/\/arteeluoghi.it\/#\/schema\/person\/f84e814e36e91e01448ee07eaadd41d4","name":"Staff","image":{"@type":"ImageObject","@id":"https:\/\/arteeluoghi.it\/#personlogo","inLanguage":"it-IT","url":"https:\/\/secure.gravatar.com\/avatar\/49d2f9e46271bb04e19cebfaf141313a?s=96&d=blank&r=g","contentUrl":"https:\/\/secure.gravatar.com\/avatar\/49d2f9e46271bb04e19cebfaf141313a?s=96&d=blank&r=g","caption":"Staff"}}]}},"_links":{"self":[{"href":"https:\/\/arteeluoghi.it\/index.php\/wp-json\/wp\/v2\/posts\/15722"}],"collection":[{"href":"https:\/\/arteeluoghi.it\/index.php\/wp-json\/wp\/v2\/posts"}],"about":[{"href":"https:\/\/arteeluoghi.it\/index.php\/wp-json\/wp\/v2\/types\/post"}],"author":[{"embeddable":true,"href":"https:\/\/arteeluoghi.it\/index.php\/wp-json\/wp\/v2\/users\/1"}],"replies":[{"embeddable":true,"href":"https:\/\/arteeluoghi.it\/index.php\/wp-json\/wp\/v2\/comments?post=15722"}],"version-history":[{"count":1,"href":"https:\/\/arteeluoghi.it\/index.php\/wp-json\/wp\/v2\/posts\/15722\/revisions"}],"predecessor-version":[{"id":15724,"href":"https:\/\/arteeluoghi.it\/index.php\/wp-json\/wp\/v2\/posts\/15722\/revisions\/15724"}],"wp:featuredmedia":[{"embeddable":true,"href":"https:\/\/arteeluoghi.it\/index.php\/wp-json\/wp\/v2\/media\/15723"}],"wp:attachment":[{"href":"https:\/\/arteeluoghi.it\/index.php\/wp-json\/wp\/v2\/media?parent=15722"}],"wp:term":[{"taxonomy":"category","embeddable":true,"href":"https:\/\/arteeluoghi.it\/index.php\/wp-json\/wp\/v2\/categories?post=15722"},{"taxonomy":"post_tag","embeddable":true,"href":"https:\/\/arteeluoghi.it\/index.php\/wp-json\/wp\/v2\/tags?post=15722"}],"curies":[{"name":"wp","href":"https:\/\/api.w.org\/{rel}","templated":true}]}}