{"id":15728,"date":"2025-09-12T23:11:57","date_gmt":"2025-09-12T21:11:57","guid":{"rendered":"https:\/\/arteeluoghi.it\/?p=15728"},"modified":"2025-09-12T23:28:50","modified_gmt":"2025-09-12T21:28:50","slug":"nat-lamore-ai-tempi-della-guerra","status":"publish","type":"post","link":"https:\/\/arteeluoghi.it\/index.php\/2025\/09\/12\/nat-lamore-ai-tempi-della-guerra\/","title":{"rendered":"NAT, L&#8217;amore ai tempi della guerra"},"content":{"rendered":"\n<blockquote class=\"wp-block-quote is-style-default\"><p>Doppio appuntamento con il Festival NAT Nature Arts Technologies Festival  che continua con la passeggiata \u201cWalking on harmony\u201d e la performance \u201cIl suono, gli alberi\u201d sabato 13 settembre a Monteroni di Lecce<\/p><\/blockquote>\n\n\n\n<p>Continua con un doppio appuntamento<strong>,<\/strong>&nbsp;<strong>sabato 13 settembre 2025,&nbsp;<\/strong>presso il&nbsp;<strong>Campo dei frutti antichi di Ruralia<\/strong>, la programmazione del Festival&nbsp;<strong>NAT- Nature Arts Technologies (l\u2019amore ai tempi della guerra),&nbsp;<\/strong>promosso da&nbsp;<strong>Astr\u00e0gali Teatro<\/strong>&nbsp;e dall\u2019<strong>International Theatre Institute \u2013 ITI Italia,&nbsp;<\/strong>il Centro Italiano dell\u2019ITI UNESCO, e&nbsp;<strong>sostenuto dal programma Creative Europe dell\u2019Unione Europa.<\/strong><\/p>\n\n\n\n<!--more-->\n\n\n\n<p>Si parte alle&nbsp;<strong>ore 17&nbsp;<\/strong>con \u201cWalking on harmony<strong>\u201d,<\/strong>&nbsp;una&nbsp;<strong>passeggiata rurale tra i paesaggi e le dimore storiche nei dintorni di Rudiae<\/strong>.&nbsp;<strong>Francesco Minonne,<\/strong>&nbsp;biologo, docente, gi\u00e0 Componente Esperto del Comitato Esecutivo del Parco Naturale Regionale \u201cCosta Otranto Leuca e Bosco di Tricase\u201d, e collaboratore per oltre dieci anni dell&#8217;Orto Botanico dell\u2019Universit\u00e0 del Salento. Minonne \u00e8 fondatore di Ruralia che custodisce centinaia di variet\u00e0 frutticole, recuperate da egli stesso in tutto il Salento, insieme a ortaggi e prati eduli. L\u2019azienda aderisce a Re.Ge.Fru.P, progetto regionale per il recupero e la conservazione delle antiche variet\u00e0 di frutta pugliesi.<\/p>\n\n\n\n<p><strong>Alle ore 20.30<\/strong>, nel frutteto di Ruralia, si prosegue&nbsp;andando incontro alla scoperta della parola poetica attraverso la lettura e l\u2019ascolto grazie alla&nbsp;performance \u201c<strong>Il suono, gli alberi\u201d&nbsp;<\/strong>con la voce narrante di&nbsp;<strong>Davide Morgagni<\/strong>, scrittore, attore, regista e drammaturgo, e le note del musicista<strong>&nbsp;Roberto Gagliardi<\/strong>. &nbsp;Morgagni e Gagliardi compiono un viaggio attraverso \u201cIl Galateo in bosco\u201d, il capolavoro poetico di Andrea Zanzotto, uno dei porti pi\u00f9 importanti del novecento letterario italiano. \u201cIl Galateo in bosco\u201d \u00e8 un\u2019opera ricchissima ed allusiva, uno scandaglio del fondo primordiale della&nbsp;<a href=\"https:\/\/it.wikipedia.org\/wiki\/Natura\" target=\"_blank\" rel=\"noreferrer noopener\">natura<\/a>, un&#8217;immersione negli strati pi\u00f9 profondi di ciascuno di noi, La lingua di Zanzotto stupisce, inventa affascina&nbsp;e la performance&nbsp;&nbsp;approfondisce la duplice possibilit\u00e0 che la scrittura poetica possiede, di essere letta e&nbsp;ascoltata, e risponde a una sensibilit\u00e0 e necessit\u00e0 verso la poesia sempre pi\u00f9 diffusa, a cui&nbsp;corrispondono occasioni limitate di confronto, dando altres\u00ec spazio alla riscrittura e alla&nbsp;reinvenzione in forma spettacolare dell\u2019espressione poetica, per svolgerne pienamente le&nbsp;suggestioni sonore e visive.<\/p>\n\n\n\n<p>NAT- Nature Arts Technologies Festival \u00e8&nbsp;sostenuto dal programma<strong>&nbsp;Creative Europe dell\u2019Unione Europa, in partenariato con&nbsp;<\/strong>UNITER &#8211; Unione dei Teatri della Romania di Bucarest<strong>&nbsp;(Romania),&nbsp;<\/strong>ITI Cyprus &#8211; Centro Nazionale cipriota dell\u2019International Theatre Institute<strong>&nbsp;(Cipro),<\/strong>&nbsp;HDACIS -Human Development and Culture International School della<strong>&nbsp;Georgia e&nbsp;<\/strong>AVR Lab \u2013 Laboratorio di Realt\u00e0 Aumentata e Virtuale del Dipartimento di Ingegneria dell&#8217;Innovazione<strong>&nbsp;dell\u2019Universit\u00e0 del Salento.<\/strong><\/p>\n\n\n\n<p>\u00c8 possibile partecipare anche a un singolo appuntamento. Ingresso libero. Prenotazione obbligatoria. Per Info: Tel. 389.2105991, mail:\u00a0<a href=\"mailto:teatro@astragali.org\" target=\"_blank\" rel=\"noreferrer noopener\">teatro@astragali.org<\/a>,\u00a0<a href=\"http:\/\/www.astragali.it\/\" target=\"_blank\" rel=\"noreferrer noopener\">www.astragali.it<\/a>,\u00a0<a href=\"http:\/\/www.iti-italy.it\/\" target=\"_blank\" rel=\"noreferrer noopener\">www.iti-italy.it<\/a>.<\/p>\n\n\n\n<p>(fonte: comunicato stampa)<\/p>\n","protected":false},"excerpt":{"rendered":"<p>Doppio appuntamento con il Festival NAT Nature Arts Technologies Festival che continua con la passeggiata \u201cWalking on harmony\u201d e la<\/p>\n","protected":false},"author":1,"featured_media":15729,"comment_status":"open","ping_status":"open","sticky":true,"template":"","format":"standard","meta":[],"categories":[13],"tags":[],"yoast_head":"<!-- This site is optimized with the Yoast SEO plugin v18.0 - https:\/\/yoast.com\/wordpress\/plugins\/seo\/ -->\n<title>NAT, L&#039;amore ai tempi della guerra | Arte e Luoghi<\/title>\n<meta name=\"description\" content=\"Doppio appuntamento con il Festival NAT Nature Arts Technologies Festival che continua con la passeggiata \u201cWalking on harmony\u201d\" \/>\n<meta name=\"robots\" content=\"index, follow, max-snippet:-1, max-image-preview:large, max-video-preview:-1\" \/>\n<link rel=\"canonical\" href=\"https:\/\/arteeluoghi.it\/index.php\/2025\/09\/12\/nat-lamore-ai-tempi-della-guerra\/\" \/>\n<meta property=\"og:locale\" content=\"it_IT\" \/>\n<meta property=\"og:type\" content=\"article\" \/>\n<meta property=\"og:title\" content=\"NAT, L&#039;amore ai tempi della guerra | Arte e Luoghi\" \/>\n<meta property=\"og:description\" content=\"Doppio appuntamento con il Festival NAT Nature Arts Technologies Festival che continua con la passeggiata \u201cWalking on harmony\u201d\" \/>\n<meta property=\"og:url\" content=\"https:\/\/arteeluoghi.it\/index.php\/2025\/09\/12\/nat-lamore-ai-tempi-della-guerra\/\" \/>\n<meta property=\"og:site_name\" content=\"Arte e Luoghi\" \/>\n<meta property=\"article:publisher\" content=\"https:\/\/www.facebook.com\/ArteELuoghi\/\" \/>\n<meta property=\"article:published_time\" content=\"2025-09-12T21:11:57+00:00\" \/>\n<meta property=\"article:modified_time\" content=\"2025-09-12T21:28:50+00:00\" \/>\n<meta property=\"og:image\" content=\"https:\/\/arteeluoghi.it\/wp-content\/uploads\/2025\/09\/tramonto-1-scaled-1.jpg\" \/>\n\t<meta property=\"og:image:width\" content=\"1285\" \/>\n\t<meta property=\"og:image:height\" content=\"765\" \/>\n\t<meta property=\"og:image:type\" content=\"image\/jpeg\" \/>\n<meta name=\"twitter:card\" content=\"summary\" \/>\n<meta name=\"twitter:creator\" content=\"@arteeluoghi\" \/>\n<meta name=\"twitter:site\" content=\"@arteeluoghi\" \/>\n<meta name=\"twitter:label1\" content=\"Scritto da\" \/>\n\t<meta name=\"twitter:data1\" content=\"Staff\" \/>\n\t<meta name=\"twitter:label2\" content=\"Tempo di lettura stimato\" \/>\n\t<meta name=\"twitter:data2\" content=\"3 minuti\" \/>\n<script type=\"application\/ld+json\" class=\"yoast-schema-graph\">{\"@context\":\"https:\/\/schema.org\",\"@graph\":[{\"@type\":\"Organization\",\"@id\":\"https:\/\/arteeluoghi.it\/#organization\",\"name\":\"Arte e Luoghi\",\"url\":\"https:\/\/arteeluoghi.it\/\",\"sameAs\":[\"https:\/\/www.facebook.com\/ArteELuoghi\/\",\"https:\/\/www.instagram.com\/arteeluoghi\/?hl=it\",\"https:\/\/www.youtube.com\/channel\/UCuRVc4JW4-C5sg9rQB-srkw?view_as=subscriber\",\"https:\/\/twitter.com\/arteeluoghi\"],\"logo\":{\"@type\":\"ImageObject\",\"@id\":\"https:\/\/arteeluoghi.it\/#logo\",\"inLanguage\":\"it-IT\",\"url\":\"https:\/\/arteeluoghi.it\/wp-content\/uploads\/2018\/08\/logoinstagramarte.jpg\",\"contentUrl\":\"https:\/\/arteeluoghi.it\/wp-content\/uploads\/2018\/08\/logoinstagramarte.jpg\",\"width\":150,\"height\":150,\"caption\":\"Arte e Luoghi\"},\"image\":{\"@id\":\"https:\/\/arteeluoghi.it\/#logo\"}},{\"@type\":\"WebSite\",\"@id\":\"https:\/\/arteeluoghi.it\/#website\",\"url\":\"https:\/\/arteeluoghi.it\/\",\"name\":\"Arte e Luoghi\",\"description\":\"Mensile di arte, cultura, turismo e curiosit\u00e0\",\"publisher\":{\"@id\":\"https:\/\/arteeluoghi.it\/#organization\"},\"potentialAction\":[{\"@type\":\"SearchAction\",\"target\":{\"@type\":\"EntryPoint\",\"urlTemplate\":\"https:\/\/arteeluoghi.it\/?s={search_term_string}\"},\"query-input\":\"required name=search_term_string\"}],\"inLanguage\":\"it-IT\"},{\"@type\":\"ImageObject\",\"@id\":\"https:\/\/arteeluoghi.it\/index.php\/2025\/09\/12\/nat-lamore-ai-tempi-della-guerra\/#primaryimage\",\"inLanguage\":\"it-IT\",\"url\":\"https:\/\/arteeluoghi.it\/wp-content\/uploads\/2025\/09\/tramonto-1-scaled-1.jpg\",\"contentUrl\":\"https:\/\/arteeluoghi.it\/wp-content\/uploads\/2025\/09\/tramonto-1-scaled-1.jpg\",\"width\":1285,\"height\":765},{\"@type\":\"WebPage\",\"@id\":\"https:\/\/arteeluoghi.it\/index.php\/2025\/09\/12\/nat-lamore-ai-tempi-della-guerra\/#webpage\",\"url\":\"https:\/\/arteeluoghi.it\/index.php\/2025\/09\/12\/nat-lamore-ai-tempi-della-guerra\/\",\"name\":\"NAT, L'amore ai tempi della guerra | Arte e Luoghi\",\"isPartOf\":{\"@id\":\"https:\/\/arteeluoghi.it\/#website\"},\"primaryImageOfPage\":{\"@id\":\"https:\/\/arteeluoghi.it\/index.php\/2025\/09\/12\/nat-lamore-ai-tempi-della-guerra\/#primaryimage\"},\"datePublished\":\"2025-09-12T21:11:57+00:00\",\"dateModified\":\"2025-09-12T21:28:50+00:00\",\"description\":\"Doppio appuntamento con il Festival NAT Nature Arts Technologies Festival che continua con la passeggiata \u201cWalking on harmony\u201d\",\"breadcrumb\":{\"@id\":\"https:\/\/arteeluoghi.it\/index.php\/2025\/09\/12\/nat-lamore-ai-tempi-della-guerra\/#breadcrumb\"},\"inLanguage\":\"it-IT\",\"potentialAction\":[{\"@type\":\"ReadAction\",\"target\":[\"https:\/\/arteeluoghi.it\/index.php\/2025\/09\/12\/nat-lamore-ai-tempi-della-guerra\/\"]}]},{\"@type\":\"BreadcrumbList\",\"@id\":\"https:\/\/arteeluoghi.it\/index.php\/2025\/09\/12\/nat-lamore-ai-tempi-della-guerra\/#breadcrumb\",\"itemListElement\":[{\"@type\":\"ListItem\",\"position\":1,\"name\":\"Home\",\"item\":\"https:\/\/arteeluoghi.it\/\"},{\"@type\":\"ListItem\",\"position\":2,\"name\":\"NAT, L&#8217;amore ai tempi della guerra\"}]},{\"@type\":\"Article\",\"@id\":\"https:\/\/arteeluoghi.it\/index.php\/2025\/09\/12\/nat-lamore-ai-tempi-della-guerra\/#article\",\"isPartOf\":{\"@id\":\"https:\/\/arteeluoghi.it\/index.php\/2025\/09\/12\/nat-lamore-ai-tempi-della-guerra\/#webpage\"},\"author\":{\"@id\":\"https:\/\/arteeluoghi.it\/#\/schema\/person\/f84e814e36e91e01448ee07eaadd41d4\"},\"headline\":\"NAT, L&#8217;amore ai tempi della guerra\",\"datePublished\":\"2025-09-12T21:11:57+00:00\",\"dateModified\":\"2025-09-12T21:28:50+00:00\",\"mainEntityOfPage\":{\"@id\":\"https:\/\/arteeluoghi.it\/index.php\/2025\/09\/12\/nat-lamore-ai-tempi-della-guerra\/#webpage\"},\"wordCount\":488,\"commentCount\":0,\"publisher\":{\"@id\":\"https:\/\/arteeluoghi.it\/#organization\"},\"image\":{\"@id\":\"https:\/\/arteeluoghi.it\/index.php\/2025\/09\/12\/nat-lamore-ai-tempi-della-guerra\/#primaryimage\"},\"thumbnailUrl\":\"https:\/\/arteeluoghi.it\/wp-content\/uploads\/2025\/09\/tramonto-1-scaled-1.jpg\",\"articleSection\":[\"teatro\"],\"inLanguage\":\"it-IT\",\"potentialAction\":[{\"@type\":\"CommentAction\",\"name\":\"Comment\",\"target\":[\"https:\/\/arteeluoghi.it\/index.php\/2025\/09\/12\/nat-lamore-ai-tempi-della-guerra\/#respond\"]}]},{\"@type\":\"Person\",\"@id\":\"https:\/\/arteeluoghi.it\/#\/schema\/person\/f84e814e36e91e01448ee07eaadd41d4\",\"name\":\"Staff\",\"image\":{\"@type\":\"ImageObject\",\"@id\":\"https:\/\/arteeluoghi.it\/#personlogo\",\"inLanguage\":\"it-IT\",\"url\":\"https:\/\/secure.gravatar.com\/avatar\/49d2f9e46271bb04e19cebfaf141313a?s=96&d=blank&r=g\",\"contentUrl\":\"https:\/\/secure.gravatar.com\/avatar\/49d2f9e46271bb04e19cebfaf141313a?s=96&d=blank&r=g\",\"caption\":\"Staff\"}}]}<\/script>\n<!-- \/ Yoast SEO plugin. -->","yoast_head_json":{"title":"NAT, L'amore ai tempi della guerra | Arte e Luoghi","description":"Doppio appuntamento con il Festival NAT Nature Arts Technologies Festival che continua con la passeggiata \u201cWalking on harmony\u201d","robots":{"index":"index","follow":"follow","max-snippet":"max-snippet:-1","max-image-preview":"max-image-preview:large","max-video-preview":"max-video-preview:-1"},"canonical":"https:\/\/arteeluoghi.it\/index.php\/2025\/09\/12\/nat-lamore-ai-tempi-della-guerra\/","og_locale":"it_IT","og_type":"article","og_title":"NAT, L'amore ai tempi della guerra | Arte e Luoghi","og_description":"Doppio appuntamento con il Festival NAT Nature Arts Technologies Festival che continua con la passeggiata \u201cWalking on harmony\u201d","og_url":"https:\/\/arteeluoghi.it\/index.php\/2025\/09\/12\/nat-lamore-ai-tempi-della-guerra\/","og_site_name":"Arte e Luoghi","article_publisher":"https:\/\/www.facebook.com\/ArteELuoghi\/","article_published_time":"2025-09-12T21:11:57+00:00","article_modified_time":"2025-09-12T21:28:50+00:00","og_image":[{"width":1285,"height":765,"url":"https:\/\/arteeluoghi.it\/wp-content\/uploads\/2025\/09\/tramonto-1-scaled-1.jpg","type":"image\/jpeg"}],"twitter_card":"summary","twitter_creator":"@arteeluoghi","twitter_site":"@arteeluoghi","twitter_misc":{"Scritto da":"Staff","Tempo di lettura stimato":"3 minuti"},"schema":{"@context":"https:\/\/schema.org","@graph":[{"@type":"Organization","@id":"https:\/\/arteeluoghi.it\/#organization","name":"Arte e Luoghi","url":"https:\/\/arteeluoghi.it\/","sameAs":["https:\/\/www.facebook.com\/ArteELuoghi\/","https:\/\/www.instagram.com\/arteeluoghi\/?hl=it","https:\/\/www.youtube.com\/channel\/UCuRVc4JW4-C5sg9rQB-srkw?view_as=subscriber","https:\/\/twitter.com\/arteeluoghi"],"logo":{"@type":"ImageObject","@id":"https:\/\/arteeluoghi.it\/#logo","inLanguage":"it-IT","url":"https:\/\/arteeluoghi.it\/wp-content\/uploads\/2018\/08\/logoinstagramarte.jpg","contentUrl":"https:\/\/arteeluoghi.it\/wp-content\/uploads\/2018\/08\/logoinstagramarte.jpg","width":150,"height":150,"caption":"Arte e Luoghi"},"image":{"@id":"https:\/\/arteeluoghi.it\/#logo"}},{"@type":"WebSite","@id":"https:\/\/arteeluoghi.it\/#website","url":"https:\/\/arteeluoghi.it\/","name":"Arte e Luoghi","description":"Mensile di arte, cultura, turismo e curiosit\u00e0","publisher":{"@id":"https:\/\/arteeluoghi.it\/#organization"},"potentialAction":[{"@type":"SearchAction","target":{"@type":"EntryPoint","urlTemplate":"https:\/\/arteeluoghi.it\/?s={search_term_string}"},"query-input":"required name=search_term_string"}],"inLanguage":"it-IT"},{"@type":"ImageObject","@id":"https:\/\/arteeluoghi.it\/index.php\/2025\/09\/12\/nat-lamore-ai-tempi-della-guerra\/#primaryimage","inLanguage":"it-IT","url":"https:\/\/arteeluoghi.it\/wp-content\/uploads\/2025\/09\/tramonto-1-scaled-1.jpg","contentUrl":"https:\/\/arteeluoghi.it\/wp-content\/uploads\/2025\/09\/tramonto-1-scaled-1.jpg","width":1285,"height":765},{"@type":"WebPage","@id":"https:\/\/arteeluoghi.it\/index.php\/2025\/09\/12\/nat-lamore-ai-tempi-della-guerra\/#webpage","url":"https:\/\/arteeluoghi.it\/index.php\/2025\/09\/12\/nat-lamore-ai-tempi-della-guerra\/","name":"NAT, L'amore ai tempi della guerra | Arte e Luoghi","isPartOf":{"@id":"https:\/\/arteeluoghi.it\/#website"},"primaryImageOfPage":{"@id":"https:\/\/arteeluoghi.it\/index.php\/2025\/09\/12\/nat-lamore-ai-tempi-della-guerra\/#primaryimage"},"datePublished":"2025-09-12T21:11:57+00:00","dateModified":"2025-09-12T21:28:50+00:00","description":"Doppio appuntamento con il Festival NAT Nature Arts Technologies Festival che continua con la passeggiata \u201cWalking on harmony\u201d","breadcrumb":{"@id":"https:\/\/arteeluoghi.it\/index.php\/2025\/09\/12\/nat-lamore-ai-tempi-della-guerra\/#breadcrumb"},"inLanguage":"it-IT","potentialAction":[{"@type":"ReadAction","target":["https:\/\/arteeluoghi.it\/index.php\/2025\/09\/12\/nat-lamore-ai-tempi-della-guerra\/"]}]},{"@type":"BreadcrumbList","@id":"https:\/\/arteeluoghi.it\/index.php\/2025\/09\/12\/nat-lamore-ai-tempi-della-guerra\/#breadcrumb","itemListElement":[{"@type":"ListItem","position":1,"name":"Home","item":"https:\/\/arteeluoghi.it\/"},{"@type":"ListItem","position":2,"name":"NAT, L&#8217;amore ai tempi della guerra"}]},{"@type":"Article","@id":"https:\/\/arteeluoghi.it\/index.php\/2025\/09\/12\/nat-lamore-ai-tempi-della-guerra\/#article","isPartOf":{"@id":"https:\/\/arteeluoghi.it\/index.php\/2025\/09\/12\/nat-lamore-ai-tempi-della-guerra\/#webpage"},"author":{"@id":"https:\/\/arteeluoghi.it\/#\/schema\/person\/f84e814e36e91e01448ee07eaadd41d4"},"headline":"NAT, L&#8217;amore ai tempi della guerra","datePublished":"2025-09-12T21:11:57+00:00","dateModified":"2025-09-12T21:28:50+00:00","mainEntityOfPage":{"@id":"https:\/\/arteeluoghi.it\/index.php\/2025\/09\/12\/nat-lamore-ai-tempi-della-guerra\/#webpage"},"wordCount":488,"commentCount":0,"publisher":{"@id":"https:\/\/arteeluoghi.it\/#organization"},"image":{"@id":"https:\/\/arteeluoghi.it\/index.php\/2025\/09\/12\/nat-lamore-ai-tempi-della-guerra\/#primaryimage"},"thumbnailUrl":"https:\/\/arteeluoghi.it\/wp-content\/uploads\/2025\/09\/tramonto-1-scaled-1.jpg","articleSection":["teatro"],"inLanguage":"it-IT","potentialAction":[{"@type":"CommentAction","name":"Comment","target":["https:\/\/arteeluoghi.it\/index.php\/2025\/09\/12\/nat-lamore-ai-tempi-della-guerra\/#respond"]}]},{"@type":"Person","@id":"https:\/\/arteeluoghi.it\/#\/schema\/person\/f84e814e36e91e01448ee07eaadd41d4","name":"Staff","image":{"@type":"ImageObject","@id":"https:\/\/arteeluoghi.it\/#personlogo","inLanguage":"it-IT","url":"https:\/\/secure.gravatar.com\/avatar\/49d2f9e46271bb04e19cebfaf141313a?s=96&d=blank&r=g","contentUrl":"https:\/\/secure.gravatar.com\/avatar\/49d2f9e46271bb04e19cebfaf141313a?s=96&d=blank&r=g","caption":"Staff"}}]}},"_links":{"self":[{"href":"https:\/\/arteeluoghi.it\/index.php\/wp-json\/wp\/v2\/posts\/15728"}],"collection":[{"href":"https:\/\/arteeluoghi.it\/index.php\/wp-json\/wp\/v2\/posts"}],"about":[{"href":"https:\/\/arteeluoghi.it\/index.php\/wp-json\/wp\/v2\/types\/post"}],"author":[{"embeddable":true,"href":"https:\/\/arteeluoghi.it\/index.php\/wp-json\/wp\/v2\/users\/1"}],"replies":[{"embeddable":true,"href":"https:\/\/arteeluoghi.it\/index.php\/wp-json\/wp\/v2\/comments?post=15728"}],"version-history":[{"count":2,"href":"https:\/\/arteeluoghi.it\/index.php\/wp-json\/wp\/v2\/posts\/15728\/revisions"}],"predecessor-version":[{"id":15731,"href":"https:\/\/arteeluoghi.it\/index.php\/wp-json\/wp\/v2\/posts\/15728\/revisions\/15731"}],"wp:featuredmedia":[{"embeddable":true,"href":"https:\/\/arteeluoghi.it\/index.php\/wp-json\/wp\/v2\/media\/15729"}],"wp:attachment":[{"href":"https:\/\/arteeluoghi.it\/index.php\/wp-json\/wp\/v2\/media?parent=15728"}],"wp:term":[{"taxonomy":"category","embeddable":true,"href":"https:\/\/arteeluoghi.it\/index.php\/wp-json\/wp\/v2\/categories?post=15728"},{"taxonomy":"post_tag","embeddable":true,"href":"https:\/\/arteeluoghi.it\/index.php\/wp-json\/wp\/v2\/tags?post=15728"}],"curies":[{"name":"wp","href":"https:\/\/api.w.org\/{rel}","templated":true}]}}