{"id":15736,"date":"2025-09-12T23:48:58","date_gmt":"2025-09-12T21:48:58","guid":{"rendered":"https:\/\/arteeluoghi.it\/?p=15736"},"modified":"2025-09-12T23:49:09","modified_gmt":"2025-09-12T21:49:09","slug":"fiumicino-jazz-festival-al-museo-del-saxofono","status":"publish","type":"post","link":"https:\/\/arteeluoghi.it\/index.php\/2025\/09\/12\/fiumicino-jazz-festival-al-museo-del-saxofono\/","title":{"rendered":"Fiumicino Jazz Festival  al Museo del Saxofono"},"content":{"rendered":"\n<blockquote class=\"wp-block-quote is-style-default\"><p>Di scena domenica 14 settembre 2025 la <strong>R<\/strong>ed Pellini Tuba Band<\/p><\/blockquote>\n\n\n\n<p>Domenica&nbsp;<strong>14 settembre<\/strong>, alle ore 19:00, il&nbsp;<strong>Fiumicino Jazz Festival<\/strong>&nbsp;torna ad animare gli spazi esterni del&nbsp;<em>Museo del Saxofono<\/em>&nbsp;con un appuntamento che unisce grande musica e valori universali. Protagonista della serata sar\u00e0 la&nbsp;<strong>Red Pellini Tuba Band<\/strong>, nuovo progetto del saxofonista&nbsp;<strong>Red Pellini<\/strong>, che propone il suo inconfondibile repertorio di classici&nbsp;<em>swing<\/em>&nbsp;e&nbsp;<em>dixieland<\/em>&nbsp;in una veste inedita, arricchita dalla presenza del basso tuba. Sul palco, accanto a Pellini al sax alto, si esibiranno&nbsp;<strong>Guido Giacomini<\/strong>&nbsp;(chitarra e voce),&nbsp;<strong>Fabrizio Iacomini<\/strong>&nbsp;(basso tuba) e&nbsp;<strong>Giancarlo Tofanelli<\/strong>&nbsp;(batteria), per un concerto che promette di travolgere il pubblico con energia, ironia e raffinatezza.<\/p>\n\n\n\n<!--more-->\n\n\n\n<p>La quarta edizione del festival, ideata dal&nbsp;<em>Museo del Saxofono<\/em>&nbsp;e organizzata con il sostegno dell\u2019<strong>Amministrazione Comunale di Fiumicino<\/strong>, si conferma un punto di riferimento per gli amanti del jazz e non solo. Nato con l\u2019obiettivo di caratterizzare la citt\u00e0 come vera e propria \u201cCitt\u00e0 del Saxofono\u201d, il festival porta sul territorio artisti di altissimo livello e, grazie alla formula dell\u2019ingresso gratuito, riesce ad avvicinare anche un pubblico ampio ed eterogeneo.<\/p>\n\n\n\n<p>Il festival proseguir\u00e0 poi con un ultimo weekend di grande intensit\u00e0.&nbsp;<strong>Venerd\u00ec 19 settembre<\/strong>, alle ore 21:30, sar\u00e0 la volta del quartetto&nbsp;<strong>Max Ionata &amp; Young Lions<\/strong>, guidato dal celebre sax tenore Ionata e coadiuvato da&nbsp;<strong>Manuel Magrini<\/strong>&nbsp;al pianoforte,&nbsp;<strong>Vincenzo Quirico<\/strong>&nbsp;al contrabbasso e&nbsp;<strong>Cesare Mangiocavallo<\/strong>&nbsp;alla batteria. Un concerto che unisce l\u2019esperienza di uno dei pi\u00f9 apprezzati sassofonisti italiani alla freschezza di una nuova generazione di talenti.&nbsp;Durante la serata, inoltre, verr\u00e0 consegnata una medaglia d\u2019oro ad&nbsp;<strong>Assunta Legnante<\/strong>, capitana della squadra italiana paralimpica, madrina del&nbsp;<em>Premio Salvo D\u2019Acquisto<\/em>&nbsp;e testimone autentica dei valori olimpici.&nbsp;<\/p>\n\n\n\n<p>Sabato&nbsp;<strong>20 settembre<\/strong>, sempre alle 21:30, la chiusura sar\u00e0 affidata al progetto&nbsp;<em>Golsoniana<\/em>, un omaggio al grande Benny Golson interpretato dalla voce calda e potente di&nbsp;<strong>Susanna Stivali<\/strong>, accompagnata da nomi di spicco del jazz, quali&nbsp;<strong>Ettore Carucci<\/strong>&nbsp;al pianoforte,&nbsp;<strong>Nicola Angelucci<\/strong>&nbsp;alla batteria e&nbsp;<strong>Giulio Scianatico<\/strong>&nbsp;al contrabbasso. Una serata che promette di trasformarsi in un viaggio nel cuore della tradizione jazzistica, con la sensibilit\u00e0 e il carisma di una delle cantanti pi\u00f9 raffinate della scena italiana.<\/p>\n\n\n\n<p>Tutti gli appuntamenti sono a ingresso libero fino a esaurimento posti. In caso di maltempo, i concerti si terranno nella sala interna del&nbsp;<em>Museo del Saxofono<\/em>, garantendo al pubblico la possibilit\u00e0 di vivere appieno l\u2019esperienza musicale in un\u2019atmosfera unica.<\/p>\n\n\n\n<figure class=\"wp-block-table\"><table><tbody><tr><td>Sito web ufficiale:<strong><a href=\"https:\/\/customer158.musvc2.net\/e\/tr?q=3%3dEbD%26B%3dE%26K%3dAVFX%26u%3dQNd0SI%26R%3dnJ8My_HezV_SO_OWsd_YL_HezV_RTT3M.tF1Cw0oD3GgPDCkI8F21z.0uC_6xYp_Fm%26j%3dC9P23F.KkJ%26wP%3d8YFa8%261o8gJ7%3dYFRIgEZLgCZJZ8%268%3dq903N9FVFB7UF00Xq8g1pCh6FeF3NBF5r99SsBFYNdF2Jgh5JZBUKXAUNdj1r00Q&amp;mupckp=mupAtu4m8OiX0wt\" rel=\"noreferrer noopener\" target=\"_blank\">www.fiumicinojazzfestival.com<\/a><\/strong>&nbsp;Infoline costi e prenotazioni:+39 06 61697862 &#8211; +39 320 2514087 &#8211;&nbsp;<a href=\"mailto:info@museodelsaxofono.com\" target=\"_blank\" rel=\"noreferrer noopener\">info@museodelsaxofono.com<\/a><\/td><\/tr><\/tbody><\/table><\/figure>\n\n\n\n<p>(fonte: comunicato stampa)<\/p>\n","protected":false},"excerpt":{"rendered":"<p>Di scena domenica 14 settembre 2025 la Red Pellini Tuba Band Domenica&nbsp;14 settembre, alle ore 19:00, il&nbsp;Fiumicino Jazz Festival&nbsp;torna ad<\/p>\n","protected":false},"author":1,"featured_media":15737,"comment_status":"open","ping_status":"open","sticky":true,"template":"","format":"standard","meta":[],"categories":[12],"tags":[790,2368,235,6665],"yoast_head":"<!-- This site is optimized with the Yoast SEO plugin v18.0 - https:\/\/yoast.com\/wordpress\/plugins\/seo\/ -->\n<title>Fiumicino Jazz Festival al Museo del Saxofono | Arte e Luoghi<\/title>\n<meta name=\"robots\" content=\"index, follow, max-snippet:-1, max-image-preview:large, max-video-preview:-1\" \/>\n<link rel=\"canonical\" href=\"https:\/\/arteeluoghi.it\/index.php\/2025\/09\/12\/fiumicino-jazz-festival-al-museo-del-saxofono\/\" \/>\n<meta property=\"og:locale\" content=\"it_IT\" \/>\n<meta property=\"og:type\" content=\"article\" \/>\n<meta property=\"og:title\" content=\"Fiumicino Jazz Festival al Museo del Saxofono | Arte e Luoghi\" \/>\n<meta property=\"og:description\" content=\"Di scena domenica 14 settembre 2025 la Red Pellini Tuba Band Domenica&nbsp;14 settembre, alle ore 19:00, il&nbsp;Fiumicino Jazz Festival&nbsp;torna ad\" \/>\n<meta property=\"og:url\" content=\"https:\/\/arteeluoghi.it\/index.php\/2025\/09\/12\/fiumicino-jazz-festival-al-museo-del-saxofono\/\" \/>\n<meta property=\"og:site_name\" content=\"Arte e Luoghi\" \/>\n<meta property=\"article:publisher\" content=\"https:\/\/www.facebook.com\/ArteELuoghi\/\" \/>\n<meta property=\"article:published_time\" content=\"2025-09-12T21:48:58+00:00\" \/>\n<meta property=\"article:modified_time\" content=\"2025-09-12T21:49:09+00:00\" \/>\n<meta property=\"og:image\" content=\"https:\/\/arteeluoghi.it\/wp-content\/uploads\/2025\/09\/unnamed.png\" \/>\n\t<meta property=\"og:image:width\" content=\"709\" \/>\n\t<meta property=\"og:image:height\" content=\"431\" \/>\n\t<meta property=\"og:image:type\" content=\"image\/png\" \/>\n<meta name=\"twitter:card\" content=\"summary\" \/>\n<meta name=\"twitter:creator\" content=\"@arteeluoghi\" \/>\n<meta name=\"twitter:site\" content=\"@arteeluoghi\" \/>\n<meta name=\"twitter:label1\" content=\"Scritto da\" \/>\n\t<meta name=\"twitter:data1\" content=\"Staff\" \/>\n\t<meta name=\"twitter:label2\" content=\"Tempo di lettura stimato\" \/>\n\t<meta name=\"twitter:data2\" content=\"3 minuti\" \/>\n<script type=\"application\/ld+json\" class=\"yoast-schema-graph\">{\"@context\":\"https:\/\/schema.org\",\"@graph\":[{\"@type\":\"Organization\",\"@id\":\"https:\/\/arteeluoghi.it\/#organization\",\"name\":\"Arte e Luoghi\",\"url\":\"https:\/\/arteeluoghi.it\/\",\"sameAs\":[\"https:\/\/www.facebook.com\/ArteELuoghi\/\",\"https:\/\/www.instagram.com\/arteeluoghi\/?hl=it\",\"https:\/\/www.youtube.com\/channel\/UCuRVc4JW4-C5sg9rQB-srkw?view_as=subscriber\",\"https:\/\/twitter.com\/arteeluoghi\"],\"logo\":{\"@type\":\"ImageObject\",\"@id\":\"https:\/\/arteeluoghi.it\/#logo\",\"inLanguage\":\"it-IT\",\"url\":\"https:\/\/arteeluoghi.it\/wp-content\/uploads\/2018\/08\/logoinstagramarte.jpg\",\"contentUrl\":\"https:\/\/arteeluoghi.it\/wp-content\/uploads\/2018\/08\/logoinstagramarte.jpg\",\"width\":150,\"height\":150,\"caption\":\"Arte e Luoghi\"},\"image\":{\"@id\":\"https:\/\/arteeluoghi.it\/#logo\"}},{\"@type\":\"WebSite\",\"@id\":\"https:\/\/arteeluoghi.it\/#website\",\"url\":\"https:\/\/arteeluoghi.it\/\",\"name\":\"Arte e Luoghi\",\"description\":\"Mensile di arte, cultura, turismo e curiosit\u00e0\",\"publisher\":{\"@id\":\"https:\/\/arteeluoghi.it\/#organization\"},\"potentialAction\":[{\"@type\":\"SearchAction\",\"target\":{\"@type\":\"EntryPoint\",\"urlTemplate\":\"https:\/\/arteeluoghi.it\/?s={search_term_string}\"},\"query-input\":\"required name=search_term_string\"}],\"inLanguage\":\"it-IT\"},{\"@type\":\"ImageObject\",\"@id\":\"https:\/\/arteeluoghi.it\/index.php\/2025\/09\/12\/fiumicino-jazz-festival-al-museo-del-saxofono\/#primaryimage\",\"inLanguage\":\"it-IT\",\"url\":\"https:\/\/arteeluoghi.it\/wp-content\/uploads\/2025\/09\/unnamed.png\",\"contentUrl\":\"https:\/\/arteeluoghi.it\/wp-content\/uploads\/2025\/09\/unnamed.png\",\"width\":709,\"height\":431},{\"@type\":\"WebPage\",\"@id\":\"https:\/\/arteeluoghi.it\/index.php\/2025\/09\/12\/fiumicino-jazz-festival-al-museo-del-saxofono\/#webpage\",\"url\":\"https:\/\/arteeluoghi.it\/index.php\/2025\/09\/12\/fiumicino-jazz-festival-al-museo-del-saxofono\/\",\"name\":\"Fiumicino Jazz Festival al Museo del Saxofono | Arte e Luoghi\",\"isPartOf\":{\"@id\":\"https:\/\/arteeluoghi.it\/#website\"},\"primaryImageOfPage\":{\"@id\":\"https:\/\/arteeluoghi.it\/index.php\/2025\/09\/12\/fiumicino-jazz-festival-al-museo-del-saxofono\/#primaryimage\"},\"datePublished\":\"2025-09-12T21:48:58+00:00\",\"dateModified\":\"2025-09-12T21:49:09+00:00\",\"breadcrumb\":{\"@id\":\"https:\/\/arteeluoghi.it\/index.php\/2025\/09\/12\/fiumicino-jazz-festival-al-museo-del-saxofono\/#breadcrumb\"},\"inLanguage\":\"it-IT\",\"potentialAction\":[{\"@type\":\"ReadAction\",\"target\":[\"https:\/\/arteeluoghi.it\/index.php\/2025\/09\/12\/fiumicino-jazz-festival-al-museo-del-saxofono\/\"]}]},{\"@type\":\"BreadcrumbList\",\"@id\":\"https:\/\/arteeluoghi.it\/index.php\/2025\/09\/12\/fiumicino-jazz-festival-al-museo-del-saxofono\/#breadcrumb\",\"itemListElement\":[{\"@type\":\"ListItem\",\"position\":1,\"name\":\"Home\",\"item\":\"https:\/\/arteeluoghi.it\/\"},{\"@type\":\"ListItem\",\"position\":2,\"name\":\"Fiumicino Jazz Festival al Museo del Saxofono\"}]},{\"@type\":\"Article\",\"@id\":\"https:\/\/arteeluoghi.it\/index.php\/2025\/09\/12\/fiumicino-jazz-festival-al-museo-del-saxofono\/#article\",\"isPartOf\":{\"@id\":\"https:\/\/arteeluoghi.it\/index.php\/2025\/09\/12\/fiumicino-jazz-festival-al-museo-del-saxofono\/#webpage\"},\"author\":{\"@id\":\"https:\/\/arteeluoghi.it\/#\/schema\/person\/f84e814e36e91e01448ee07eaadd41d4\"},\"headline\":\"Fiumicino Jazz Festival al Museo del Saxofono\",\"datePublished\":\"2025-09-12T21:48:58+00:00\",\"dateModified\":\"2025-09-12T21:49:09+00:00\",\"mainEntityOfPage\":{\"@id\":\"https:\/\/arteeluoghi.it\/index.php\/2025\/09\/12\/fiumicino-jazz-festival-al-museo-del-saxofono\/#webpage\"},\"wordCount\":468,\"commentCount\":0,\"publisher\":{\"@id\":\"https:\/\/arteeluoghi.it\/#organization\"},\"image\":{\"@id\":\"https:\/\/arteeluoghi.it\/index.php\/2025\/09\/12\/fiumicino-jazz-festival-al-museo-del-saxofono\/#primaryimage\"},\"thumbnailUrl\":\"https:\/\/arteeluoghi.it\/wp-content\/uploads\/2025\/09\/unnamed.png\",\"keywords\":[\"Jazz\",\"Museo del saxofono\",\"musica\",\"Red Pellini Tuba Band\"],\"articleSection\":[\"MUSICA\"],\"inLanguage\":\"it-IT\",\"potentialAction\":[{\"@type\":\"CommentAction\",\"name\":\"Comment\",\"target\":[\"https:\/\/arteeluoghi.it\/index.php\/2025\/09\/12\/fiumicino-jazz-festival-al-museo-del-saxofono\/#respond\"]}]},{\"@type\":\"Person\",\"@id\":\"https:\/\/arteeluoghi.it\/#\/schema\/person\/f84e814e36e91e01448ee07eaadd41d4\",\"name\":\"Staff\",\"image\":{\"@type\":\"ImageObject\",\"@id\":\"https:\/\/arteeluoghi.it\/#personlogo\",\"inLanguage\":\"it-IT\",\"url\":\"https:\/\/secure.gravatar.com\/avatar\/49d2f9e46271bb04e19cebfaf141313a?s=96&d=blank&r=g\",\"contentUrl\":\"https:\/\/secure.gravatar.com\/avatar\/49d2f9e46271bb04e19cebfaf141313a?s=96&d=blank&r=g\",\"caption\":\"Staff\"}}]}<\/script>\n<!-- \/ Yoast SEO plugin. -->","yoast_head_json":{"title":"Fiumicino Jazz Festival al Museo del Saxofono | Arte e Luoghi","robots":{"index":"index","follow":"follow","max-snippet":"max-snippet:-1","max-image-preview":"max-image-preview:large","max-video-preview":"max-video-preview:-1"},"canonical":"https:\/\/arteeluoghi.it\/index.php\/2025\/09\/12\/fiumicino-jazz-festival-al-museo-del-saxofono\/","og_locale":"it_IT","og_type":"article","og_title":"Fiumicino Jazz Festival al Museo del Saxofono | Arte e Luoghi","og_description":"Di scena domenica 14 settembre 2025 la Red Pellini Tuba Band Domenica&nbsp;14 settembre, alle ore 19:00, il&nbsp;Fiumicino Jazz Festival&nbsp;torna ad","og_url":"https:\/\/arteeluoghi.it\/index.php\/2025\/09\/12\/fiumicino-jazz-festival-al-museo-del-saxofono\/","og_site_name":"Arte e Luoghi","article_publisher":"https:\/\/www.facebook.com\/ArteELuoghi\/","article_published_time":"2025-09-12T21:48:58+00:00","article_modified_time":"2025-09-12T21:49:09+00:00","og_image":[{"width":709,"height":431,"url":"https:\/\/arteeluoghi.it\/wp-content\/uploads\/2025\/09\/unnamed.png","type":"image\/png"}],"twitter_card":"summary","twitter_creator":"@arteeluoghi","twitter_site":"@arteeluoghi","twitter_misc":{"Scritto da":"Staff","Tempo di lettura stimato":"3 minuti"},"schema":{"@context":"https:\/\/schema.org","@graph":[{"@type":"Organization","@id":"https:\/\/arteeluoghi.it\/#organization","name":"Arte e Luoghi","url":"https:\/\/arteeluoghi.it\/","sameAs":["https:\/\/www.facebook.com\/ArteELuoghi\/","https:\/\/www.instagram.com\/arteeluoghi\/?hl=it","https:\/\/www.youtube.com\/channel\/UCuRVc4JW4-C5sg9rQB-srkw?view_as=subscriber","https:\/\/twitter.com\/arteeluoghi"],"logo":{"@type":"ImageObject","@id":"https:\/\/arteeluoghi.it\/#logo","inLanguage":"it-IT","url":"https:\/\/arteeluoghi.it\/wp-content\/uploads\/2018\/08\/logoinstagramarte.jpg","contentUrl":"https:\/\/arteeluoghi.it\/wp-content\/uploads\/2018\/08\/logoinstagramarte.jpg","width":150,"height":150,"caption":"Arte e Luoghi"},"image":{"@id":"https:\/\/arteeluoghi.it\/#logo"}},{"@type":"WebSite","@id":"https:\/\/arteeluoghi.it\/#website","url":"https:\/\/arteeluoghi.it\/","name":"Arte e Luoghi","description":"Mensile di arte, cultura, turismo e curiosit\u00e0","publisher":{"@id":"https:\/\/arteeluoghi.it\/#organization"},"potentialAction":[{"@type":"SearchAction","target":{"@type":"EntryPoint","urlTemplate":"https:\/\/arteeluoghi.it\/?s={search_term_string}"},"query-input":"required name=search_term_string"}],"inLanguage":"it-IT"},{"@type":"ImageObject","@id":"https:\/\/arteeluoghi.it\/index.php\/2025\/09\/12\/fiumicino-jazz-festival-al-museo-del-saxofono\/#primaryimage","inLanguage":"it-IT","url":"https:\/\/arteeluoghi.it\/wp-content\/uploads\/2025\/09\/unnamed.png","contentUrl":"https:\/\/arteeluoghi.it\/wp-content\/uploads\/2025\/09\/unnamed.png","width":709,"height":431},{"@type":"WebPage","@id":"https:\/\/arteeluoghi.it\/index.php\/2025\/09\/12\/fiumicino-jazz-festival-al-museo-del-saxofono\/#webpage","url":"https:\/\/arteeluoghi.it\/index.php\/2025\/09\/12\/fiumicino-jazz-festival-al-museo-del-saxofono\/","name":"Fiumicino Jazz Festival al Museo del Saxofono | Arte e Luoghi","isPartOf":{"@id":"https:\/\/arteeluoghi.it\/#website"},"primaryImageOfPage":{"@id":"https:\/\/arteeluoghi.it\/index.php\/2025\/09\/12\/fiumicino-jazz-festival-al-museo-del-saxofono\/#primaryimage"},"datePublished":"2025-09-12T21:48:58+00:00","dateModified":"2025-09-12T21:49:09+00:00","breadcrumb":{"@id":"https:\/\/arteeluoghi.it\/index.php\/2025\/09\/12\/fiumicino-jazz-festival-al-museo-del-saxofono\/#breadcrumb"},"inLanguage":"it-IT","potentialAction":[{"@type":"ReadAction","target":["https:\/\/arteeluoghi.it\/index.php\/2025\/09\/12\/fiumicino-jazz-festival-al-museo-del-saxofono\/"]}]},{"@type":"BreadcrumbList","@id":"https:\/\/arteeluoghi.it\/index.php\/2025\/09\/12\/fiumicino-jazz-festival-al-museo-del-saxofono\/#breadcrumb","itemListElement":[{"@type":"ListItem","position":1,"name":"Home","item":"https:\/\/arteeluoghi.it\/"},{"@type":"ListItem","position":2,"name":"Fiumicino Jazz Festival al Museo del Saxofono"}]},{"@type":"Article","@id":"https:\/\/arteeluoghi.it\/index.php\/2025\/09\/12\/fiumicino-jazz-festival-al-museo-del-saxofono\/#article","isPartOf":{"@id":"https:\/\/arteeluoghi.it\/index.php\/2025\/09\/12\/fiumicino-jazz-festival-al-museo-del-saxofono\/#webpage"},"author":{"@id":"https:\/\/arteeluoghi.it\/#\/schema\/person\/f84e814e36e91e01448ee07eaadd41d4"},"headline":"Fiumicino Jazz Festival al Museo del Saxofono","datePublished":"2025-09-12T21:48:58+00:00","dateModified":"2025-09-12T21:49:09+00:00","mainEntityOfPage":{"@id":"https:\/\/arteeluoghi.it\/index.php\/2025\/09\/12\/fiumicino-jazz-festival-al-museo-del-saxofono\/#webpage"},"wordCount":468,"commentCount":0,"publisher":{"@id":"https:\/\/arteeluoghi.it\/#organization"},"image":{"@id":"https:\/\/arteeluoghi.it\/index.php\/2025\/09\/12\/fiumicino-jazz-festival-al-museo-del-saxofono\/#primaryimage"},"thumbnailUrl":"https:\/\/arteeluoghi.it\/wp-content\/uploads\/2025\/09\/unnamed.png","keywords":["Jazz","Museo del saxofono","musica","Red Pellini Tuba Band"],"articleSection":["MUSICA"],"inLanguage":"it-IT","potentialAction":[{"@type":"CommentAction","name":"Comment","target":["https:\/\/arteeluoghi.it\/index.php\/2025\/09\/12\/fiumicino-jazz-festival-al-museo-del-saxofono\/#respond"]}]},{"@type":"Person","@id":"https:\/\/arteeluoghi.it\/#\/schema\/person\/f84e814e36e91e01448ee07eaadd41d4","name":"Staff","image":{"@type":"ImageObject","@id":"https:\/\/arteeluoghi.it\/#personlogo","inLanguage":"it-IT","url":"https:\/\/secure.gravatar.com\/avatar\/49d2f9e46271bb04e19cebfaf141313a?s=96&d=blank&r=g","contentUrl":"https:\/\/secure.gravatar.com\/avatar\/49d2f9e46271bb04e19cebfaf141313a?s=96&d=blank&r=g","caption":"Staff"}}]}},"_links":{"self":[{"href":"https:\/\/arteeluoghi.it\/index.php\/wp-json\/wp\/v2\/posts\/15736"}],"collection":[{"href":"https:\/\/arteeluoghi.it\/index.php\/wp-json\/wp\/v2\/posts"}],"about":[{"href":"https:\/\/arteeluoghi.it\/index.php\/wp-json\/wp\/v2\/types\/post"}],"author":[{"embeddable":true,"href":"https:\/\/arteeluoghi.it\/index.php\/wp-json\/wp\/v2\/users\/1"}],"replies":[{"embeddable":true,"href":"https:\/\/arteeluoghi.it\/index.php\/wp-json\/wp\/v2\/comments?post=15736"}],"version-history":[{"count":1,"href":"https:\/\/arteeluoghi.it\/index.php\/wp-json\/wp\/v2\/posts\/15736\/revisions"}],"predecessor-version":[{"id":15738,"href":"https:\/\/arteeluoghi.it\/index.php\/wp-json\/wp\/v2\/posts\/15736\/revisions\/15738"}],"wp:featuredmedia":[{"embeddable":true,"href":"https:\/\/arteeluoghi.it\/index.php\/wp-json\/wp\/v2\/media\/15737"}],"wp:attachment":[{"href":"https:\/\/arteeluoghi.it\/index.php\/wp-json\/wp\/v2\/media?parent=15736"}],"wp:term":[{"taxonomy":"category","embeddable":true,"href":"https:\/\/arteeluoghi.it\/index.php\/wp-json\/wp\/v2\/categories?post=15736"},{"taxonomy":"post_tag","embeddable":true,"href":"https:\/\/arteeluoghi.it\/index.php\/wp-json\/wp\/v2\/tags?post=15736"}],"curies":[{"name":"wp","href":"https:\/\/api.w.org\/{rel}","templated":true}]}}