{"id":15745,"date":"2025-09-13T02:43:52","date_gmt":"2025-09-13T00:43:52","guid":{"rendered":"https:\/\/arteeluoghi.it\/?p=15745"},"modified":"2025-09-13T02:52:25","modified_gmt":"2025-09-13T00:52:25","slug":"osama-hamdan-in-larchitettura-come-strumento-di-pace","status":"publish","type":"post","link":"https:\/\/arteeluoghi.it\/index.php\/2025\/09\/13\/osama-hamdan-in-larchitettura-come-strumento-di-pace\/","title":{"rendered":"Osama Hamdan. L&#8217;Architettura come strumento di pace"},"content":{"rendered":"\n<blockquote class=\"wp-block-quote is-style-default\"><p>Proiettato al Meeting di Rimini, il docufilm racconta la storia dell&#8217;architetto palestinese figura chiave nella conservazione dei luoghi sacri della Terra Santa<\/p><\/blockquote>\n\n\n\n<p><strong>Migrazione, dialogo tra fedi, memoria culturale e riconciliazione,<\/strong>&nbsp;sono i temi del film <em>\u201cOsama. In viaggio verso casa\u201d<\/em>, proiettato lo scorso 24 agosto al Meeting di Rimini incentrato sul lavoro dell&#8217;architetto palestinese Osama Hamdan. Un docufilm che invita a riflettere sull&#8217;architettura come strumento di pace in tempi come quelli attuali dove le architetture si distruggono come le vite umane. \u00c8 sotto gli occhi di tutti ci\u00f2 che sta avvenendo a Gaza, una terra martoriata e distrutta dai  violenti bombardamenti israeliani, e non ci sono pi\u00f9 parole quando si arriva a sparare su bambini in fila per un tozzo di pane. E in queste ore mentre l&#8217;Onu ha votato  per i due Stati ma senza Hamas, le imbarcazioni della Global Sumud Flotilla, in navigazione nonostante tutto verso Gaza, i rappresentanti della societ\u00e0 civile a bordo di barche a vela disarmate proveranno ad aprire un corridoio umanitario per portare aiuti ai gazawi vittime del genocidio di cui si \u00e8 macchiato Israele&#8230; Ottanta anni fa, quando si aprirono i cancelli di Auschwitz, il mondo scopr\u00ec l&#8217;orrore&#8230; oggi l&#8217;orrore invade i social e ci &#8220;passa&#8221; tra le mani e sembra che non abbiamo imparato nulla da allora. Bisogna fermare il genocidio e la violenza dilagante. Non \u00e8 questo il mondo che vogliamo!, dove sono finiti i diritti dei bambini e delle bambine di tutto il mondo? Quale futuro potr\u00e0 esserci per l&#8217;umanit\u00e0 se gli interessi economici sono anteposti alla difesa della vita e del pianeta?  Conservare i luoghi e costruire la pace dovrebbero essere gli imperativi della politica che deve poter fermare la violenza, che genera solo violenza, e assicurare a tutti i popoli del mondo giustizia sociale, diritti, libert\u00e0 perch\u00e9 come ricordava Gino Strada &#8220;L\u2019antidoto alla guerra sta nella costruzione dei diritti umani\u201d.<\/p>\n\n\n\n<!--more-->\n\n\n\n<figure class=\"wp-block-embed is-type-video is-provider-youtube wp-block-embed-youtube wp-embed-aspect-16-9 wp-has-aspect-ratio\"><div class=\"wp-block-embed__wrapper\">\n<iframe loading=\"lazy\" title=\"Osama: In Viaggio Verso Casa TRAILER\" width=\"800\" height=\"450\" src=\"https:\/\/www.youtube.com\/embed\/HrwTO77ur2o?feature=oembed\" frameborder=\"0\" allow=\"accelerometer; autoplay; clipboard-write; encrypted-media; gyroscope; picture-in-picture; web-share\" referrerpolicy=\"strict-origin-when-cross-origin\" allowfullscreen><\/iframe>\n<\/div><figcaption>il trailer del film <em>\u201cOsama. In viaggio verso casa\u201d<\/em><\/figcaption><\/figure>\n\n\n\n<p>Il film,  con il montaggio di Filmati Milanesi e la regia di Luca Mondellini, racconta la storia di <strong>Osama Hamdan<\/strong>, recentemente scomparso, figura chiave nella conservazione dei luoghi sacri della Terra Santa. Il docufilm attraverso interviste, immagini esclusive e testimonianze dirette,  tra le tante quelle del&nbsp;<strong>Cardinale Pierbattista Pizzaballa<\/strong>&nbsp;e del frate francescano<strong>&nbsp;Ibrahim Faltas<\/strong>, offre uno sguardo profondo sul suo lavoro, evidenziando la sua visione, le sue metodologie e l\u2019impatto del suo operato sulla vita delle comunit\u00e0 locali.<\/p>\n\n\n\n<p>Laureato in Architettura all&#8217;Universit\u00e0 di Torino, Hamdan, dopo aver sposato la piemontese Clara fa ritorno nella sua terra dove promuove la rinascita di&nbsp;<strong>Sebastia<\/strong>, l\u2019antica citt\u00e0 romana voluta dall\u2019imperatore Ottaviano.Diventato anche docente di conservazione e restauro all\u2019Universit\u00e0 al-Quds di Gerusalemme, Hamdan nei primi anni 2000 fond\u00f2 a Gerico il&nbsp;<strong>Mosaic Center<\/strong>, che \u00e8  diventato un centro di riferimento per la conservazione di mosaici e ceramiche. Il progetto mette in luce il prezioso lavoro di Hamdan come architetto e restauratore, evidenziando il suo impegno nella preservazione di siti religiosi ebraici, cristiani e musulmani: da Betania a Dominus Flevit, da Getsemani a Magdala, fino al restauro del&nbsp;<strong>Santo Sepolcro<\/strong>&nbsp;nella Basilica di Gerusalemme. Il suo approccio incarna una visione del patrimonio culturale come strumento attivo di dialogo e costruzione della pace, rappresentando un esempio concreto di come la conservazione dei beni culturali possa fungere da ponte tra diverse comunit\u00e0 e tradizioni e contribuire fattivamente alla costruzione della pace: \u00abIl patrimonio culturale  &#8211; diceva &#8211; \u00e8 uno strumento importante per servire il dialogo e la pace. Dobbiamo continuare a vivere, a creare lavoro e segni di speranza\u00bb.<br> <\/p>\n\n\n\n<p><em>\u201cOsama. In viaggio verso casa\u201d<\/em>, \u00e8 prodotto da <em>Pro Terra Sancta,  un network che promuove e realizza progetti di conservazione e valorizzazione del patrimonio culturale e naturale, di sostegno alle comunit\u00e0 locali e di aiuto nelle emergenze umanitarie.<\/em> <em>La Terra Santa \u00e8 il centro del mondo, crocevia di popoli, religioni e culture. \u00c8 la Terra dove tutti i popoli hanno le loro radici. Partecipare all\u2019opera pro Terra Sancta significa&nbsp;amare la Terra Santa nei luoghi e nelle persone, significa vivere un legame duraturo con i Luoghi Santi e le antiche comunit\u00e0 cristiane.<\/em> <em>Pro Terra Sancta opera in Medio Oriente, principalmente dove sono presenti i frati francescani della Custodia di Terra Santa, nei luoghi all\u2019origine della fede cristiana e al fianco delle comunit\u00e0 locali.<\/em> (an.fu.)<\/p>\n\n\n\n<p> <\/p>\n","protected":false},"excerpt":{"rendered":"<p>Proiettato al Meeting di Rimini, il docufilm racconta la storia dell&#8217;architetto palestinese figura chiave nella conservazione dei luoghi sacri della<\/p>\n","protected":false},"author":1,"featured_media":0,"comment_status":"open","ping_status":"open","sticky":true,"template":"","format":"standard","meta":[],"categories":[29],"tags":[2056,6668,452,5708,6667],"yoast_head":"<!-- This site is optimized with the Yoast SEO plugin v18.0 - https:\/\/yoast.com\/wordpress\/plugins\/seo\/ -->\n<title>Osama Hamdan. L&#039;Architettura come strumento di pace | Arte e Luoghi<\/title>\n<meta name=\"description\" content=\"Proiettato al Meeting di Rimini, il docufilm racconta la storia dell&#039;architetto palestinese figura chiave nella conservazione dei luoghi\" \/>\n<meta name=\"robots\" content=\"index, follow, max-snippet:-1, max-image-preview:large, max-video-preview:-1\" \/>\n<link rel=\"canonical\" href=\"https:\/\/arteeluoghi.it\/index.php\/2025\/09\/13\/osama-hamdan-in-larchitettura-come-strumento-di-pace\/\" \/>\n<meta property=\"og:locale\" content=\"it_IT\" \/>\n<meta property=\"og:type\" content=\"article\" \/>\n<meta property=\"og:title\" content=\"Osama Hamdan. L&#039;Architettura come strumento di pace | Arte e Luoghi\" \/>\n<meta property=\"og:description\" content=\"Proiettato al Meeting di Rimini, il docufilm racconta la storia dell&#039;architetto palestinese figura chiave nella conservazione dei luoghi\" \/>\n<meta property=\"og:url\" content=\"https:\/\/arteeluoghi.it\/index.php\/2025\/09\/13\/osama-hamdan-in-larchitettura-come-strumento-di-pace\/\" \/>\n<meta property=\"og:site_name\" content=\"Arte e Luoghi\" \/>\n<meta property=\"article:publisher\" content=\"https:\/\/www.facebook.com\/ArteELuoghi\/\" \/>\n<meta property=\"article:published_time\" content=\"2025-09-13T00:43:52+00:00\" \/>\n<meta property=\"article:modified_time\" content=\"2025-09-13T00:52:25+00:00\" \/>\n<meta name=\"twitter:card\" content=\"summary\" \/>\n<meta name=\"twitter:creator\" content=\"@arteeluoghi\" \/>\n<meta name=\"twitter:site\" content=\"@arteeluoghi\" \/>\n<meta name=\"twitter:label1\" content=\"Scritto da\" \/>\n\t<meta name=\"twitter:data1\" content=\"Staff\" \/>\n\t<meta name=\"twitter:label2\" content=\"Tempo di lettura stimato\" \/>\n\t<meta name=\"twitter:data2\" content=\"4 minuti\" \/>\n<script type=\"application\/ld+json\" class=\"yoast-schema-graph\">{\"@context\":\"https:\/\/schema.org\",\"@graph\":[{\"@type\":\"Organization\",\"@id\":\"https:\/\/arteeluoghi.it\/#organization\",\"name\":\"Arte e Luoghi\",\"url\":\"https:\/\/arteeluoghi.it\/\",\"sameAs\":[\"https:\/\/www.facebook.com\/ArteELuoghi\/\",\"https:\/\/www.instagram.com\/arteeluoghi\/?hl=it\",\"https:\/\/www.youtube.com\/channel\/UCuRVc4JW4-C5sg9rQB-srkw?view_as=subscriber\",\"https:\/\/twitter.com\/arteeluoghi\"],\"logo\":{\"@type\":\"ImageObject\",\"@id\":\"https:\/\/arteeluoghi.it\/#logo\",\"inLanguage\":\"it-IT\",\"url\":\"https:\/\/arteeluoghi.it\/wp-content\/uploads\/2018\/08\/logoinstagramarte.jpg\",\"contentUrl\":\"https:\/\/arteeluoghi.it\/wp-content\/uploads\/2018\/08\/logoinstagramarte.jpg\",\"width\":150,\"height\":150,\"caption\":\"Arte e Luoghi\"},\"image\":{\"@id\":\"https:\/\/arteeluoghi.it\/#logo\"}},{\"@type\":\"WebSite\",\"@id\":\"https:\/\/arteeluoghi.it\/#website\",\"url\":\"https:\/\/arteeluoghi.it\/\",\"name\":\"Arte e Luoghi\",\"description\":\"Mensile di arte, cultura, turismo e curiosit\u00e0\",\"publisher\":{\"@id\":\"https:\/\/arteeluoghi.it\/#organization\"},\"potentialAction\":[{\"@type\":\"SearchAction\",\"target\":{\"@type\":\"EntryPoint\",\"urlTemplate\":\"https:\/\/arteeluoghi.it\/?s={search_term_string}\"},\"query-input\":\"required name=search_term_string\"}],\"inLanguage\":\"it-IT\"},{\"@type\":\"WebPage\",\"@id\":\"https:\/\/arteeluoghi.it\/index.php\/2025\/09\/13\/osama-hamdan-in-larchitettura-come-strumento-di-pace\/#webpage\",\"url\":\"https:\/\/arteeluoghi.it\/index.php\/2025\/09\/13\/osama-hamdan-in-larchitettura-come-strumento-di-pace\/\",\"name\":\"Osama Hamdan. L'Architettura come strumento di pace | Arte e Luoghi\",\"isPartOf\":{\"@id\":\"https:\/\/arteeluoghi.it\/#website\"},\"datePublished\":\"2025-09-13T00:43:52+00:00\",\"dateModified\":\"2025-09-13T00:52:25+00:00\",\"description\":\"Proiettato al Meeting di Rimini, il docufilm racconta la storia dell'architetto palestinese figura chiave nella conservazione dei luoghi\",\"breadcrumb\":{\"@id\":\"https:\/\/arteeluoghi.it\/index.php\/2025\/09\/13\/osama-hamdan-in-larchitettura-come-strumento-di-pace\/#breadcrumb\"},\"inLanguage\":\"it-IT\",\"potentialAction\":[{\"@type\":\"ReadAction\",\"target\":[\"https:\/\/arteeluoghi.it\/index.php\/2025\/09\/13\/osama-hamdan-in-larchitettura-come-strumento-di-pace\/\"]}]},{\"@type\":\"BreadcrumbList\",\"@id\":\"https:\/\/arteeluoghi.it\/index.php\/2025\/09\/13\/osama-hamdan-in-larchitettura-come-strumento-di-pace\/#breadcrumb\",\"itemListElement\":[{\"@type\":\"ListItem\",\"position\":1,\"name\":\"Home\",\"item\":\"https:\/\/arteeluoghi.it\/\"},{\"@type\":\"ListItem\",\"position\":2,\"name\":\"Osama Hamdan. L&#8217;Architettura come strumento di pace\"}]},{\"@type\":\"Article\",\"@id\":\"https:\/\/arteeluoghi.it\/index.php\/2025\/09\/13\/osama-hamdan-in-larchitettura-come-strumento-di-pace\/#article\",\"isPartOf\":{\"@id\":\"https:\/\/arteeluoghi.it\/index.php\/2025\/09\/13\/osama-hamdan-in-larchitettura-come-strumento-di-pace\/#webpage\"},\"author\":{\"@id\":\"https:\/\/arteeluoghi.it\/#\/schema\/person\/f84e814e36e91e01448ee07eaadd41d4\"},\"headline\":\"Osama Hamdan. L&#8217;Architettura come strumento di pace\",\"datePublished\":\"2025-09-13T00:43:52+00:00\",\"dateModified\":\"2025-09-13T00:52:25+00:00\",\"mainEntityOfPage\":{\"@id\":\"https:\/\/arteeluoghi.it\/index.php\/2025\/09\/13\/osama-hamdan-in-larchitettura-come-strumento-di-pace\/#webpage\"},\"wordCount\":732,\"commentCount\":0,\"publisher\":{\"@id\":\"https:\/\/arteeluoghi.it\/#organization\"},\"keywords\":[\"architettura\",\"Osama Hamdan\",\"pace\",\"Palestina\",\"Terra sacra\"],\"articleSection\":[\"Cinema\"],\"inLanguage\":\"it-IT\",\"potentialAction\":[{\"@type\":\"CommentAction\",\"name\":\"Comment\",\"target\":[\"https:\/\/arteeluoghi.it\/index.php\/2025\/09\/13\/osama-hamdan-in-larchitettura-come-strumento-di-pace\/#respond\"]}]},{\"@type\":\"Person\",\"@id\":\"https:\/\/arteeluoghi.it\/#\/schema\/person\/f84e814e36e91e01448ee07eaadd41d4\",\"name\":\"Staff\",\"image\":{\"@type\":\"ImageObject\",\"@id\":\"https:\/\/arteeluoghi.it\/#personlogo\",\"inLanguage\":\"it-IT\",\"url\":\"https:\/\/secure.gravatar.com\/avatar\/49d2f9e46271bb04e19cebfaf141313a?s=96&d=blank&r=g\",\"contentUrl\":\"https:\/\/secure.gravatar.com\/avatar\/49d2f9e46271bb04e19cebfaf141313a?s=96&d=blank&r=g\",\"caption\":\"Staff\"}}]}<\/script>\n<!-- \/ Yoast SEO plugin. -->","yoast_head_json":{"title":"Osama Hamdan. L'Architettura come strumento di pace | Arte e Luoghi","description":"Proiettato al Meeting di Rimini, il docufilm racconta la storia dell'architetto palestinese figura chiave nella conservazione dei luoghi","robots":{"index":"index","follow":"follow","max-snippet":"max-snippet:-1","max-image-preview":"max-image-preview:large","max-video-preview":"max-video-preview:-1"},"canonical":"https:\/\/arteeluoghi.it\/index.php\/2025\/09\/13\/osama-hamdan-in-larchitettura-come-strumento-di-pace\/","og_locale":"it_IT","og_type":"article","og_title":"Osama Hamdan. L'Architettura come strumento di pace | Arte e Luoghi","og_description":"Proiettato al Meeting di Rimini, il docufilm racconta la storia dell'architetto palestinese figura chiave nella conservazione dei luoghi","og_url":"https:\/\/arteeluoghi.it\/index.php\/2025\/09\/13\/osama-hamdan-in-larchitettura-come-strumento-di-pace\/","og_site_name":"Arte e Luoghi","article_publisher":"https:\/\/www.facebook.com\/ArteELuoghi\/","article_published_time":"2025-09-13T00:43:52+00:00","article_modified_time":"2025-09-13T00:52:25+00:00","twitter_card":"summary","twitter_creator":"@arteeluoghi","twitter_site":"@arteeluoghi","twitter_misc":{"Scritto da":"Staff","Tempo di lettura stimato":"4 minuti"},"schema":{"@context":"https:\/\/schema.org","@graph":[{"@type":"Organization","@id":"https:\/\/arteeluoghi.it\/#organization","name":"Arte e Luoghi","url":"https:\/\/arteeluoghi.it\/","sameAs":["https:\/\/www.facebook.com\/ArteELuoghi\/","https:\/\/www.instagram.com\/arteeluoghi\/?hl=it","https:\/\/www.youtube.com\/channel\/UCuRVc4JW4-C5sg9rQB-srkw?view_as=subscriber","https:\/\/twitter.com\/arteeluoghi"],"logo":{"@type":"ImageObject","@id":"https:\/\/arteeluoghi.it\/#logo","inLanguage":"it-IT","url":"https:\/\/arteeluoghi.it\/wp-content\/uploads\/2018\/08\/logoinstagramarte.jpg","contentUrl":"https:\/\/arteeluoghi.it\/wp-content\/uploads\/2018\/08\/logoinstagramarte.jpg","width":150,"height":150,"caption":"Arte e Luoghi"},"image":{"@id":"https:\/\/arteeluoghi.it\/#logo"}},{"@type":"WebSite","@id":"https:\/\/arteeluoghi.it\/#website","url":"https:\/\/arteeluoghi.it\/","name":"Arte e Luoghi","description":"Mensile di arte, cultura, turismo e curiosit\u00e0","publisher":{"@id":"https:\/\/arteeluoghi.it\/#organization"},"potentialAction":[{"@type":"SearchAction","target":{"@type":"EntryPoint","urlTemplate":"https:\/\/arteeluoghi.it\/?s={search_term_string}"},"query-input":"required name=search_term_string"}],"inLanguage":"it-IT"},{"@type":"WebPage","@id":"https:\/\/arteeluoghi.it\/index.php\/2025\/09\/13\/osama-hamdan-in-larchitettura-come-strumento-di-pace\/#webpage","url":"https:\/\/arteeluoghi.it\/index.php\/2025\/09\/13\/osama-hamdan-in-larchitettura-come-strumento-di-pace\/","name":"Osama Hamdan. L'Architettura come strumento di pace | Arte e Luoghi","isPartOf":{"@id":"https:\/\/arteeluoghi.it\/#website"},"datePublished":"2025-09-13T00:43:52+00:00","dateModified":"2025-09-13T00:52:25+00:00","description":"Proiettato al Meeting di Rimini, il docufilm racconta la storia dell'architetto palestinese figura chiave nella conservazione dei luoghi","breadcrumb":{"@id":"https:\/\/arteeluoghi.it\/index.php\/2025\/09\/13\/osama-hamdan-in-larchitettura-come-strumento-di-pace\/#breadcrumb"},"inLanguage":"it-IT","potentialAction":[{"@type":"ReadAction","target":["https:\/\/arteeluoghi.it\/index.php\/2025\/09\/13\/osama-hamdan-in-larchitettura-come-strumento-di-pace\/"]}]},{"@type":"BreadcrumbList","@id":"https:\/\/arteeluoghi.it\/index.php\/2025\/09\/13\/osama-hamdan-in-larchitettura-come-strumento-di-pace\/#breadcrumb","itemListElement":[{"@type":"ListItem","position":1,"name":"Home","item":"https:\/\/arteeluoghi.it\/"},{"@type":"ListItem","position":2,"name":"Osama Hamdan. L&#8217;Architettura come strumento di pace"}]},{"@type":"Article","@id":"https:\/\/arteeluoghi.it\/index.php\/2025\/09\/13\/osama-hamdan-in-larchitettura-come-strumento-di-pace\/#article","isPartOf":{"@id":"https:\/\/arteeluoghi.it\/index.php\/2025\/09\/13\/osama-hamdan-in-larchitettura-come-strumento-di-pace\/#webpage"},"author":{"@id":"https:\/\/arteeluoghi.it\/#\/schema\/person\/f84e814e36e91e01448ee07eaadd41d4"},"headline":"Osama Hamdan. L&#8217;Architettura come strumento di pace","datePublished":"2025-09-13T00:43:52+00:00","dateModified":"2025-09-13T00:52:25+00:00","mainEntityOfPage":{"@id":"https:\/\/arteeluoghi.it\/index.php\/2025\/09\/13\/osama-hamdan-in-larchitettura-come-strumento-di-pace\/#webpage"},"wordCount":732,"commentCount":0,"publisher":{"@id":"https:\/\/arteeluoghi.it\/#organization"},"keywords":["architettura","Osama Hamdan","pace","Palestina","Terra sacra"],"articleSection":["Cinema"],"inLanguage":"it-IT","potentialAction":[{"@type":"CommentAction","name":"Comment","target":["https:\/\/arteeluoghi.it\/index.php\/2025\/09\/13\/osama-hamdan-in-larchitettura-come-strumento-di-pace\/#respond"]}]},{"@type":"Person","@id":"https:\/\/arteeluoghi.it\/#\/schema\/person\/f84e814e36e91e01448ee07eaadd41d4","name":"Staff","image":{"@type":"ImageObject","@id":"https:\/\/arteeluoghi.it\/#personlogo","inLanguage":"it-IT","url":"https:\/\/secure.gravatar.com\/avatar\/49d2f9e46271bb04e19cebfaf141313a?s=96&d=blank&r=g","contentUrl":"https:\/\/secure.gravatar.com\/avatar\/49d2f9e46271bb04e19cebfaf141313a?s=96&d=blank&r=g","caption":"Staff"}}]}},"_links":{"self":[{"href":"https:\/\/arteeluoghi.it\/index.php\/wp-json\/wp\/v2\/posts\/15745"}],"collection":[{"href":"https:\/\/arteeluoghi.it\/index.php\/wp-json\/wp\/v2\/posts"}],"about":[{"href":"https:\/\/arteeluoghi.it\/index.php\/wp-json\/wp\/v2\/types\/post"}],"author":[{"embeddable":true,"href":"https:\/\/arteeluoghi.it\/index.php\/wp-json\/wp\/v2\/users\/1"}],"replies":[{"embeddable":true,"href":"https:\/\/arteeluoghi.it\/index.php\/wp-json\/wp\/v2\/comments?post=15745"}],"version-history":[{"count":2,"href":"https:\/\/arteeluoghi.it\/index.php\/wp-json\/wp\/v2\/posts\/15745\/revisions"}],"predecessor-version":[{"id":15747,"href":"https:\/\/arteeluoghi.it\/index.php\/wp-json\/wp\/v2\/posts\/15745\/revisions\/15747"}],"wp:attachment":[{"href":"https:\/\/arteeluoghi.it\/index.php\/wp-json\/wp\/v2\/media?parent=15745"}],"wp:term":[{"taxonomy":"category","embeddable":true,"href":"https:\/\/arteeluoghi.it\/index.php\/wp-json\/wp\/v2\/categories?post=15745"},{"taxonomy":"post_tag","embeddable":true,"href":"https:\/\/arteeluoghi.it\/index.php\/wp-json\/wp\/v2\/tags?post=15745"}],"curies":[{"name":"wp","href":"https:\/\/api.w.org\/{rel}","templated":true}]}}