{"id":15748,"date":"2025-09-13T12:10:46","date_gmt":"2025-09-13T10:10:46","guid":{"rendered":"https:\/\/arteeluoghi.it\/?p=15748"},"modified":"2025-09-13T21:02:17","modified_gmt":"2025-09-13T19:02:17","slug":"15748","status":"publish","type":"post","link":"https:\/\/arteeluoghi.it\/index.php\/2025\/09\/13\/15748\/","title":{"rendered":"\u201cTERRA! Questo non \u00e8 (pi\u00f9) un borgo"},"content":{"rendered":"\n<blockquote class=\"wp-block-quote is-style-default\"><p>Un fine settimana di arte, musica e partecipazione nel centro storico di Muro Leccese in provincia di Lecce<\/p><\/blockquote>\n\n\n\n<p>\u201cTERRA! Questo non \u00e8 (pi\u00f9) un borgo\u201d va in scena a Muro Leccese sabato&nbsp;<strong>13&nbsp;<\/strong>e domenica&nbsp;<strong>14&nbsp;<\/strong>settembre 2025, un fine settimana di arte, musica e partecipazione. Il centro storico della citt\u00e0 messapica accoglier\u00e0&nbsp;<strong>\u201cTerra! Questo non \u00e8 (pi\u00f9) un borgo\u201d,<\/strong>&nbsp;il festival animer\u00e0 Borgo Terra trasformandolo in un laboratorio di idee, pratiche culturali e rigenerazione urbana.<\/p>\n\n\n\n<p>Il progetto, promosso e organizzato dall\u2019associazione Custodi@ APS, in collaborazione con Music Platform, piattaforma pugliese che lavora sull\u2019incontro tra musica, arti visive e narrazione dei luoghi, con il supporto del Comune di Muro Leccese, si inserisce nel pi\u00f9 ampio percorso di rigenerazione \u201cViviMuro. Strategie integrate per una rivitalizzazione inclusiva e partecipativa&#8221;, promosso con il sostegno dei fondi PNRR destinati al rilancio dei piccoli borghi.<\/p>\n\n\n\n<!--more-->\n\n\n\n<figure class=\"wp-block-gallery columns-2 is-cropped\"><ul class=\"blocks-gallery-grid\"><li class=\"blocks-gallery-item\"><figure><img loading=\"lazy\" width=\"681\" height=\"1024\" src=\"https:\/\/arteeluoghi.it\/wp-content\/uploads\/2025\/09\/Piazza-del-Popolo-Muro-Leccese-681x1024.jpg\" alt=\"\" data-id=\"15750\" data-full-url=\"https:\/\/arteeluoghi.it\/wp-content\/uploads\/2025\/09\/Piazza-del-Popolo-Muro-Leccese.jpg\" data-link=\"https:\/\/arteeluoghi.it\/?attachment_id=15750\" class=\"wp-image-15750\" srcset=\"https:\/\/arteeluoghi.it\/wp-content\/uploads\/2025\/09\/Piazza-del-Popolo-Muro-Leccese-681x1024.jpg 681w, https:\/\/arteeluoghi.it\/wp-content\/uploads\/2025\/09\/Piazza-del-Popolo-Muro-Leccese-200x300.jpg 200w, https:\/\/arteeluoghi.it\/wp-content\/uploads\/2025\/09\/Piazza-del-Popolo-Muro-Leccese-768x1154.jpg 768w, https:\/\/arteeluoghi.it\/wp-content\/uploads\/2025\/09\/Piazza-del-Popolo-Muro-Leccese-1022x1536.jpg 1022w, https:\/\/arteeluoghi.it\/wp-content\/uploads\/2025\/09\/Piazza-del-Popolo-Muro-Leccese-1362x2048.jpg 1362w, https:\/\/arteeluoghi.it\/wp-content\/uploads\/2025\/09\/Piazza-del-Popolo-Muro-Leccese.jpg 1703w\" sizes=\"(max-width: 681px) 100vw, 681px\" \/><\/figure><\/li><li class=\"blocks-gallery-item\"><figure><img loading=\"lazy\" width=\"1024\" height=\"681\" src=\"https:\/\/arteeluoghi.it\/wp-content\/uploads\/2025\/09\/Borgo-terra-Muro-Leccese-1024x681.jpg\" alt=\"\" data-id=\"15751\" data-full-url=\"https:\/\/arteeluoghi.it\/wp-content\/uploads\/2025\/09\/Borgo-terra-Muro-Leccese.jpg\" data-link=\"https:\/\/arteeluoghi.it\/?attachment_id=15751\" class=\"wp-image-15751\" srcset=\"https:\/\/arteeluoghi.it\/wp-content\/uploads\/2025\/09\/Borgo-terra-Muro-Leccese-1024x681.jpg 1024w, https:\/\/arteeluoghi.it\/wp-content\/uploads\/2025\/09\/Borgo-terra-Muro-Leccese-300x200.jpg 300w, https:\/\/arteeluoghi.it\/wp-content\/uploads\/2025\/09\/Borgo-terra-Muro-Leccese-768x511.jpg 768w, https:\/\/arteeluoghi.it\/wp-content\/uploads\/2025\/09\/Borgo-terra-Muro-Leccese-1536x1022.jpg 1536w, https:\/\/arteeluoghi.it\/wp-content\/uploads\/2025\/09\/Borgo-terra-Muro-Leccese-2048x1362.jpg 2048w\" sizes=\"(max-width: 1024px) 100vw, 1024px\" \/><\/figure><\/li><\/ul><figcaption class=\"blocks-gallery-caption\">Alcuni scorci del centro storico di Muro Leccese (Lecce)<\/figcaption><\/figure>\n\n\n\n<p>Il festival prender\u00e0 vita in uno dei luoghi pi\u00f9 antichi e significativi della citt\u00e0: Borgo Terra, nucleo fortificato medievale, oggi segnato da una forte marginalit\u00e0 abitativa e funzionale e per due giorni sar\u00e0 un borgo animato dalla musica e riabitato da voci, sorrisi, installazioni, percorsi, dialoghi e tanto divertimento.<\/p>\n\n\n\n<p>\u201cTERRA!\u201d diventa cos\u00ec un\u2019esclamazione, un grido di allarme e desiderio, un invito a fermarsi, ad ascoltare, a immaginare nuovamente il centro come luogo del possibile.<\/p>\n\n\n\n<p>\u00ab\u201c<em>Terra\u201d! \u00e8 l\u2019esclamazione dell\u2019avvistamento: una chiamata all\u2019attenzione verso un luogo che chiede di essere riconosciuto per ci\u00f2 che \u00e8 stato, ma soprattutto per ci\u00f2 che pu\u00f2 tornare a essere &#8211;&nbsp;<\/em>afferma Sara Spano, Assessora alla Cultura del Comune di Muro Leccese<em>. \u00c8, al tempo stesso, un richiamo semantico al toponimo del borgo e una dichiarazione programmatica sul suo futuro: dobbiamo tornare a guardare Borgo Terra, ad abitarlo, a pensarlo come centro e non pi\u00f9 come margine residuale. Questo progetto non \u00e8 solo mera valorizzazione estetica o musealizzazione del passato, ma un laboratorio sperimentale di pratiche culturali, sociali e urbane orientate a costruire futuro\u00bb<\/em>.<\/p>\n\n\n\n<p><strong>Sabato 13<\/strong>&nbsp;settembre inizia di un percorso di riappropriazione urbana, con la realizzazione di installazioni artistiche temporanee pensate per dialogare direttamente con gli spazi dismessi e le soglie silenziose di Borgo Terra.<\/p>\n\n\n\n<p>Tra i protagonisti, l\u2019architetto, illustratore e designer&nbsp;<strong>Vincenzo D\u2019Alba<\/strong>, autore di opere esposte al MAXXI e all\u2019Accademia Nazionale di San Luca, che realizzer\u00e0 \u201cMuroglifici\u201d, un lavoro corale eseguito insieme agli alunni della Scuola Primaria di Muro Leccese, che invita a riappropriarsi della memoria e della citt\u00e0 nella forma espressiva pi\u00f9 antica. Gli interventi dell\u2019artista&nbsp;<strong>Andrea Stefanelli<\/strong>, la cui ricerca attraversa le dinamiche della comunicazione e della mediazione tecnologica, e dell\u2019illustratore Luigionio contamineranno gli spazi quotidiani con un segno visivo ironico e poetico.<\/p>\n\n\n\n<p>Percorsi guidati e azioni performative inviteranno il pubblico a una lettura critica e sensoriale del paesaggio urbano, rivelando le stratificazioni invisibili che abitano il borgo. Gli spazi di Borgo Terra \u2013 corti, fondi, varchi murari \u2013 diventeranno scena e soglia, punto di incontro tra vissuto e visione.<\/p>\n\n\n\n<p>Dalle ore 19:00, un dialogo aperto su&nbsp;<strong>rigenerazione, arte e abitare<\/strong>&nbsp;tra studiosi, amministratori, operatori culturali e cittadini per interrogare \u2013 senza retorica \u2013 il presente e il possibile dei territori minori. Interverranno Antonio Lorenzo Donno sindaco di Muro Leccese, Vincenzo Santoro, responsabile del dipartimento Cultura e Turismo ANCI, Antonio Prota, co-founder di \u201cLa Tornanza\u201d, Franco De Lorenzi, presidente dell\u2019Ordine degli Architetti PCC della provincia di Lecce, Francesco Maggiore, docente universitario e presidente della Fondazione Dioguardi e Vincenzo D\u2019Alba.<\/p>\n\n\n\n<p>La sera, Piazzetta Luigi Maggiulli si trasformer\u00e0 in un paesaggio sonoro collettivo, con una line-up che intreccia vinile, elettronica e radici musicali del Mediterraneo. Start con le selezioni di Daniele Marzano, che spazier\u00e0 tra funky, house e groove d\u2019archivio. A seguire, il producer salentino Lonoce proporr\u00e0 una visione personale dell\u2019Italo Disco, contaminata da ritmi globali e cultura club. A chiudere la serata, l\u2019atteso set di&nbsp;<em>Ciao<\/em>! Discoteca Italiana del collettivo torinese nato nel 2017 che ha saputo trasformare la pista da ballo in un\u2019esperienza artistica e politica, remixando la cultura pop italiana con il design, l\u2019arte e le estetiche urbane.<\/p>\n\n\n\n<p>Un viaggio sonoro e visivo che rende omaggio \u2013 senza nostalgia \u2013 alla memoria industriale e immaginaria del nostro paese.<\/p>\n\n\n\n<p><strong>Domenica 14<\/strong>&nbsp;Il borgo continuer\u00e0 ad essere animato e attraversato dalle installazioni artistiche e dalle presenze sensibili disseminate negli spazi. Nel pomeriggio, a partire dalle ore 17, un Workshop sensoriale con l\u2019Argilla a cura di Viviana Casaluci, artista, ceramista ed arteterapeuta, proporr\u00e0 un momento di relazione silenziosa con la materia, pensato come gesto poetico di cura.<\/p>\n\n\n\n<p>Alle ore 19:00 una parentesi del festival sar\u00e0 dedicata al pensiero e alla scrittura con la presentazione del libro \u201cIl mondo in forma di racconto. Il metodo narrativo nella ricerca geografica\u201d (FrancoAngeli). L\u2019autrice, Patrizia Miggiano, docente e ricercatrice, dialogher\u00e0 con Luca Bandirali docente di&nbsp;Cinema Fotografia Radio Televisione e Media Digitali&nbsp;dell\u2019Universit\u00e0 del Salento.<\/p>\n\n\n\n<p>In serata, ancora musica e visioni in Piazzetta Maggiulli, con due progetti che raccontano il Mediterraneo attraverso il suono. Il primo \u00e8 Tanit Turbo Sound, formazione che unisce il producer Alessio \u201cFranza\u201d Amato, il trombonista Christian Bevilacqua e il percussionista Japan (Angelo De Grisantis): un viaggio musicale tra Nord Africa, Medioriente e sperimentazione elettronica. Chiude il festival Elettro Mascarimiri, storica realt\u00e0 salentina che miscela pizzica, tarantella, dub e cumbia in un live &amp; dj set in bilico tra tradizione e futuro, ritualit\u00e0 e dancefloor.<\/p>\n\n\n\n<p>Durante le due giornate del festival si potr\u00e0 visitare il Museo Diffuso di Borgo Terra con la sezione Messapica e Medievale, ospitato all\u2019interno delle sale del Palazzo del Principe, elegante struttura cinquecentesca che sorge al margine di Borgo Terra e ne rappresenta oggi il confine architettonico e simbolico. Custodisce al suo interno le testimonianze di oltre 25 anni di scavi a Muro Leccese, tappa fondamentale per chi vuole comprendere la lunga storia di questo luogo e le sue stratificazioni.<\/p>\n\n\n\n<p>Info: Custodi@APS\u00a0 Email:\u00a0<a href=\"mailto:custodia.aps@libero.it\" rel=\"noreferrer noopener\" target=\"_blank\">custodia.aps@libero.it<\/a><\/p>\n\n\n\n<p>(fonte: comunicato stampa)<\/p>\n","protected":false},"excerpt":{"rendered":"<p>Un fine settimana di arte, musica e partecipazione nel centro storico di Muro Leccese in provincia di Lecce \u201cTERRA! Questo<\/p>\n","protected":false},"author":1,"featured_media":15749,"comment_status":"open","ping_status":"open","sticky":true,"template":"","format":"standard","meta":[],"categories":[6669,4],"tags":[],"yoast_head":"<!-- This site is optimized with the Yoast SEO plugin v18.0 - https:\/\/yoast.com\/wordpress\/plugins\/seo\/ -->\n<title>\u201cTERRA! Questo non \u00e8 (pi\u00f9) un borgo | Arte e Luoghi<\/title>\n<meta name=\"description\" content=\"Un fine settimana di arte, musica e partecipazione nel centro storico di Muro Leccese in provincia di Lecce\" \/>\n<meta name=\"robots\" content=\"index, follow, max-snippet:-1, max-image-preview:large, max-video-preview:-1\" \/>\n<link rel=\"canonical\" href=\"https:\/\/arteeluoghi.it\/index.php\/2025\/09\/13\/15748\/\" \/>\n<meta property=\"og:locale\" content=\"it_IT\" \/>\n<meta property=\"og:type\" content=\"article\" \/>\n<meta property=\"og:title\" content=\"\u201cTERRA! Questo non \u00e8 (pi\u00f9) un borgo | Arte e Luoghi\" \/>\n<meta property=\"og:description\" content=\"Un fine settimana di arte, musica e partecipazione nel centro storico di Muro Leccese in provincia di Lecce\" \/>\n<meta property=\"og:url\" content=\"https:\/\/arteeluoghi.it\/index.php\/2025\/09\/13\/15748\/\" \/>\n<meta property=\"og:site_name\" content=\"Arte e Luoghi\" \/>\n<meta property=\"article:publisher\" content=\"https:\/\/www.facebook.com\/ArteELuoghi\/\" \/>\n<meta property=\"article:published_time\" content=\"2025-09-13T10:10:46+00:00\" \/>\n<meta property=\"article:modified_time\" content=\"2025-09-13T19:02:17+00:00\" \/>\n<meta property=\"og:image\" content=\"https:\/\/arteeluoghi.it\/wp-content\/uploads\/2025\/09\/locandina-2-Borgo-Muro.jpg\" \/>\n\t<meta property=\"og:image:width\" content=\"1791\" \/>\n\t<meta property=\"og:image:height\" content=\"2560\" \/>\n\t<meta property=\"og:image:type\" content=\"image\/jpeg\" \/>\n<meta name=\"twitter:card\" content=\"summary\" \/>\n<meta name=\"twitter:creator\" content=\"@arteeluoghi\" \/>\n<meta name=\"twitter:site\" content=\"@arteeluoghi\" \/>\n<meta name=\"twitter:label1\" content=\"Scritto da\" \/>\n\t<meta name=\"twitter:data1\" content=\"Staff\" \/>\n\t<meta name=\"twitter:label2\" content=\"Tempo di lettura stimato\" \/>\n\t<meta name=\"twitter:data2\" content=\"6 minuti\" \/>\n<script type=\"application\/ld+json\" class=\"yoast-schema-graph\">{\"@context\":\"https:\/\/schema.org\",\"@graph\":[{\"@type\":\"Organization\",\"@id\":\"https:\/\/arteeluoghi.it\/#organization\",\"name\":\"Arte e Luoghi\",\"url\":\"https:\/\/arteeluoghi.it\/\",\"sameAs\":[\"https:\/\/www.facebook.com\/ArteELuoghi\/\",\"https:\/\/www.instagram.com\/arteeluoghi\/?hl=it\",\"https:\/\/www.youtube.com\/channel\/UCuRVc4JW4-C5sg9rQB-srkw?view_as=subscriber\",\"https:\/\/twitter.com\/arteeluoghi\"],\"logo\":{\"@type\":\"ImageObject\",\"@id\":\"https:\/\/arteeluoghi.it\/#logo\",\"inLanguage\":\"it-IT\",\"url\":\"https:\/\/arteeluoghi.it\/wp-content\/uploads\/2018\/08\/logoinstagramarte.jpg\",\"contentUrl\":\"https:\/\/arteeluoghi.it\/wp-content\/uploads\/2018\/08\/logoinstagramarte.jpg\",\"width\":150,\"height\":150,\"caption\":\"Arte e Luoghi\"},\"image\":{\"@id\":\"https:\/\/arteeluoghi.it\/#logo\"}},{\"@type\":\"WebSite\",\"@id\":\"https:\/\/arteeluoghi.it\/#website\",\"url\":\"https:\/\/arteeluoghi.it\/\",\"name\":\"Arte e Luoghi\",\"description\":\"Mensile di arte, cultura, turismo e curiosit\u00e0\",\"publisher\":{\"@id\":\"https:\/\/arteeluoghi.it\/#organization\"},\"potentialAction\":[{\"@type\":\"SearchAction\",\"target\":{\"@type\":\"EntryPoint\",\"urlTemplate\":\"https:\/\/arteeluoghi.it\/?s={search_term_string}\"},\"query-input\":\"required name=search_term_string\"}],\"inLanguage\":\"it-IT\"},{\"@type\":\"ImageObject\",\"@id\":\"https:\/\/arteeluoghi.it\/index.php\/2025\/09\/13\/15748\/#primaryimage\",\"inLanguage\":\"it-IT\",\"url\":\"https:\/\/arteeluoghi.it\/wp-content\/uploads\/2025\/09\/locandina-2-Borgo-Muro.jpg\",\"contentUrl\":\"https:\/\/arteeluoghi.it\/wp-content\/uploads\/2025\/09\/locandina-2-Borgo-Muro.jpg\",\"width\":1791,\"height\":2560},{\"@type\":\"WebPage\",\"@id\":\"https:\/\/arteeluoghi.it\/index.php\/2025\/09\/13\/15748\/#webpage\",\"url\":\"https:\/\/arteeluoghi.it\/index.php\/2025\/09\/13\/15748\/\",\"name\":\"\u201cTERRA! Questo non \u00e8 (pi\u00f9) un borgo | Arte e Luoghi\",\"isPartOf\":{\"@id\":\"https:\/\/arteeluoghi.it\/#website\"},\"primaryImageOfPage\":{\"@id\":\"https:\/\/arteeluoghi.it\/index.php\/2025\/09\/13\/15748\/#primaryimage\"},\"datePublished\":\"2025-09-13T10:10:46+00:00\",\"dateModified\":\"2025-09-13T19:02:17+00:00\",\"description\":\"Un fine settimana di arte, musica e partecipazione nel centro storico di Muro Leccese in provincia di Lecce\",\"breadcrumb\":{\"@id\":\"https:\/\/arteeluoghi.it\/index.php\/2025\/09\/13\/15748\/#breadcrumb\"},\"inLanguage\":\"it-IT\",\"potentialAction\":[{\"@type\":\"ReadAction\",\"target\":[\"https:\/\/arteeluoghi.it\/index.php\/2025\/09\/13\/15748\/\"]}]},{\"@type\":\"BreadcrumbList\",\"@id\":\"https:\/\/arteeluoghi.it\/index.php\/2025\/09\/13\/15748\/#breadcrumb\",\"itemListElement\":[{\"@type\":\"ListItem\",\"position\":1,\"name\":\"Home\",\"item\":\"https:\/\/arteeluoghi.it\/\"},{\"@type\":\"ListItem\",\"position\":2,\"name\":\"\u201cTERRA! Questo non \u00e8 (pi\u00f9) un borgo\"}]},{\"@type\":\"Article\",\"@id\":\"https:\/\/arteeluoghi.it\/index.php\/2025\/09\/13\/15748\/#article\",\"isPartOf\":{\"@id\":\"https:\/\/arteeluoghi.it\/index.php\/2025\/09\/13\/15748\/#webpage\"},\"author\":{\"@id\":\"https:\/\/arteeluoghi.it\/#\/schema\/person\/f84e814e36e91e01448ee07eaadd41d4\"},\"headline\":\"\u201cTERRA! Questo non \u00e8 (pi\u00f9) un borgo\",\"datePublished\":\"2025-09-13T10:10:46+00:00\",\"dateModified\":\"2025-09-13T19:02:17+00:00\",\"mainEntityOfPage\":{\"@id\":\"https:\/\/arteeluoghi.it\/index.php\/2025\/09\/13\/15748\/#webpage\"},\"wordCount\":991,\"commentCount\":0,\"publisher\":{\"@id\":\"https:\/\/arteeluoghi.it\/#organization\"},\"image\":{\"@id\":\"https:\/\/arteeluoghi.it\/index.php\/2025\/09\/13\/15748\/#primaryimage\"},\"thumbnailUrl\":\"https:\/\/arteeluoghi.it\/wp-content\/uploads\/2025\/09\/locandina-2-Borgo-Muro.jpg\",\"articleSection\":[\"festival arte e musica\",\"I luoghi dell'Arte\"],\"inLanguage\":\"it-IT\",\"potentialAction\":[{\"@type\":\"CommentAction\",\"name\":\"Comment\",\"target\":[\"https:\/\/arteeluoghi.it\/index.php\/2025\/09\/13\/15748\/#respond\"]}]},{\"@type\":\"Person\",\"@id\":\"https:\/\/arteeluoghi.it\/#\/schema\/person\/f84e814e36e91e01448ee07eaadd41d4\",\"name\":\"Staff\",\"image\":{\"@type\":\"ImageObject\",\"@id\":\"https:\/\/arteeluoghi.it\/#personlogo\",\"inLanguage\":\"it-IT\",\"url\":\"https:\/\/secure.gravatar.com\/avatar\/49d2f9e46271bb04e19cebfaf141313a?s=96&d=blank&r=g\",\"contentUrl\":\"https:\/\/secure.gravatar.com\/avatar\/49d2f9e46271bb04e19cebfaf141313a?s=96&d=blank&r=g\",\"caption\":\"Staff\"}}]}<\/script>\n<!-- \/ Yoast SEO plugin. -->","yoast_head_json":{"title":"\u201cTERRA! Questo non \u00e8 (pi\u00f9) un borgo | Arte e Luoghi","description":"Un fine settimana di arte, musica e partecipazione nel centro storico di Muro Leccese in provincia di Lecce","robots":{"index":"index","follow":"follow","max-snippet":"max-snippet:-1","max-image-preview":"max-image-preview:large","max-video-preview":"max-video-preview:-1"},"canonical":"https:\/\/arteeluoghi.it\/index.php\/2025\/09\/13\/15748\/","og_locale":"it_IT","og_type":"article","og_title":"\u201cTERRA! Questo non \u00e8 (pi\u00f9) un borgo | Arte e Luoghi","og_description":"Un fine settimana di arte, musica e partecipazione nel centro storico di Muro Leccese in provincia di Lecce","og_url":"https:\/\/arteeluoghi.it\/index.php\/2025\/09\/13\/15748\/","og_site_name":"Arte e Luoghi","article_publisher":"https:\/\/www.facebook.com\/ArteELuoghi\/","article_published_time":"2025-09-13T10:10:46+00:00","article_modified_time":"2025-09-13T19:02:17+00:00","og_image":[{"width":1791,"height":2560,"url":"https:\/\/arteeluoghi.it\/wp-content\/uploads\/2025\/09\/locandina-2-Borgo-Muro.jpg","type":"image\/jpeg"}],"twitter_card":"summary","twitter_creator":"@arteeluoghi","twitter_site":"@arteeluoghi","twitter_misc":{"Scritto da":"Staff","Tempo di lettura stimato":"6 minuti"},"schema":{"@context":"https:\/\/schema.org","@graph":[{"@type":"Organization","@id":"https:\/\/arteeluoghi.it\/#organization","name":"Arte e Luoghi","url":"https:\/\/arteeluoghi.it\/","sameAs":["https:\/\/www.facebook.com\/ArteELuoghi\/","https:\/\/www.instagram.com\/arteeluoghi\/?hl=it","https:\/\/www.youtube.com\/channel\/UCuRVc4JW4-C5sg9rQB-srkw?view_as=subscriber","https:\/\/twitter.com\/arteeluoghi"],"logo":{"@type":"ImageObject","@id":"https:\/\/arteeluoghi.it\/#logo","inLanguage":"it-IT","url":"https:\/\/arteeluoghi.it\/wp-content\/uploads\/2018\/08\/logoinstagramarte.jpg","contentUrl":"https:\/\/arteeluoghi.it\/wp-content\/uploads\/2018\/08\/logoinstagramarte.jpg","width":150,"height":150,"caption":"Arte e Luoghi"},"image":{"@id":"https:\/\/arteeluoghi.it\/#logo"}},{"@type":"WebSite","@id":"https:\/\/arteeluoghi.it\/#website","url":"https:\/\/arteeluoghi.it\/","name":"Arte e Luoghi","description":"Mensile di arte, cultura, turismo e curiosit\u00e0","publisher":{"@id":"https:\/\/arteeluoghi.it\/#organization"},"potentialAction":[{"@type":"SearchAction","target":{"@type":"EntryPoint","urlTemplate":"https:\/\/arteeluoghi.it\/?s={search_term_string}"},"query-input":"required name=search_term_string"}],"inLanguage":"it-IT"},{"@type":"ImageObject","@id":"https:\/\/arteeluoghi.it\/index.php\/2025\/09\/13\/15748\/#primaryimage","inLanguage":"it-IT","url":"https:\/\/arteeluoghi.it\/wp-content\/uploads\/2025\/09\/locandina-2-Borgo-Muro.jpg","contentUrl":"https:\/\/arteeluoghi.it\/wp-content\/uploads\/2025\/09\/locandina-2-Borgo-Muro.jpg","width":1791,"height":2560},{"@type":"WebPage","@id":"https:\/\/arteeluoghi.it\/index.php\/2025\/09\/13\/15748\/#webpage","url":"https:\/\/arteeluoghi.it\/index.php\/2025\/09\/13\/15748\/","name":"\u201cTERRA! Questo non \u00e8 (pi\u00f9) un borgo | Arte e Luoghi","isPartOf":{"@id":"https:\/\/arteeluoghi.it\/#website"},"primaryImageOfPage":{"@id":"https:\/\/arteeluoghi.it\/index.php\/2025\/09\/13\/15748\/#primaryimage"},"datePublished":"2025-09-13T10:10:46+00:00","dateModified":"2025-09-13T19:02:17+00:00","description":"Un fine settimana di arte, musica e partecipazione nel centro storico di Muro Leccese in provincia di Lecce","breadcrumb":{"@id":"https:\/\/arteeluoghi.it\/index.php\/2025\/09\/13\/15748\/#breadcrumb"},"inLanguage":"it-IT","potentialAction":[{"@type":"ReadAction","target":["https:\/\/arteeluoghi.it\/index.php\/2025\/09\/13\/15748\/"]}]},{"@type":"BreadcrumbList","@id":"https:\/\/arteeluoghi.it\/index.php\/2025\/09\/13\/15748\/#breadcrumb","itemListElement":[{"@type":"ListItem","position":1,"name":"Home","item":"https:\/\/arteeluoghi.it\/"},{"@type":"ListItem","position":2,"name":"\u201cTERRA! Questo non \u00e8 (pi\u00f9) un borgo"}]},{"@type":"Article","@id":"https:\/\/arteeluoghi.it\/index.php\/2025\/09\/13\/15748\/#article","isPartOf":{"@id":"https:\/\/arteeluoghi.it\/index.php\/2025\/09\/13\/15748\/#webpage"},"author":{"@id":"https:\/\/arteeluoghi.it\/#\/schema\/person\/f84e814e36e91e01448ee07eaadd41d4"},"headline":"\u201cTERRA! Questo non \u00e8 (pi\u00f9) un borgo","datePublished":"2025-09-13T10:10:46+00:00","dateModified":"2025-09-13T19:02:17+00:00","mainEntityOfPage":{"@id":"https:\/\/arteeluoghi.it\/index.php\/2025\/09\/13\/15748\/#webpage"},"wordCount":991,"commentCount":0,"publisher":{"@id":"https:\/\/arteeluoghi.it\/#organization"},"image":{"@id":"https:\/\/arteeluoghi.it\/index.php\/2025\/09\/13\/15748\/#primaryimage"},"thumbnailUrl":"https:\/\/arteeluoghi.it\/wp-content\/uploads\/2025\/09\/locandina-2-Borgo-Muro.jpg","articleSection":["festival arte e musica","I luoghi dell'Arte"],"inLanguage":"it-IT","potentialAction":[{"@type":"CommentAction","name":"Comment","target":["https:\/\/arteeluoghi.it\/index.php\/2025\/09\/13\/15748\/#respond"]}]},{"@type":"Person","@id":"https:\/\/arteeluoghi.it\/#\/schema\/person\/f84e814e36e91e01448ee07eaadd41d4","name":"Staff","image":{"@type":"ImageObject","@id":"https:\/\/arteeluoghi.it\/#personlogo","inLanguage":"it-IT","url":"https:\/\/secure.gravatar.com\/avatar\/49d2f9e46271bb04e19cebfaf141313a?s=96&d=blank&r=g","contentUrl":"https:\/\/secure.gravatar.com\/avatar\/49d2f9e46271bb04e19cebfaf141313a?s=96&d=blank&r=g","caption":"Staff"}}]}},"_links":{"self":[{"href":"https:\/\/arteeluoghi.it\/index.php\/wp-json\/wp\/v2\/posts\/15748"}],"collection":[{"href":"https:\/\/arteeluoghi.it\/index.php\/wp-json\/wp\/v2\/posts"}],"about":[{"href":"https:\/\/arteeluoghi.it\/index.php\/wp-json\/wp\/v2\/types\/post"}],"author":[{"embeddable":true,"href":"https:\/\/arteeluoghi.it\/index.php\/wp-json\/wp\/v2\/users\/1"}],"replies":[{"embeddable":true,"href":"https:\/\/arteeluoghi.it\/index.php\/wp-json\/wp\/v2\/comments?post=15748"}],"version-history":[{"count":3,"href":"https:\/\/arteeluoghi.it\/index.php\/wp-json\/wp\/v2\/posts\/15748\/revisions"}],"predecessor-version":[{"id":15755,"href":"https:\/\/arteeluoghi.it\/index.php\/wp-json\/wp\/v2\/posts\/15748\/revisions\/15755"}],"wp:featuredmedia":[{"embeddable":true,"href":"https:\/\/arteeluoghi.it\/index.php\/wp-json\/wp\/v2\/media\/15749"}],"wp:attachment":[{"href":"https:\/\/arteeluoghi.it\/index.php\/wp-json\/wp\/v2\/media?parent=15748"}],"wp:term":[{"taxonomy":"category","embeddable":true,"href":"https:\/\/arteeluoghi.it\/index.php\/wp-json\/wp\/v2\/categories?post=15748"},{"taxonomy":"post_tag","embeddable":true,"href":"https:\/\/arteeluoghi.it\/index.php\/wp-json\/wp\/v2\/tags?post=15748"}],"curies":[{"name":"wp","href":"https:\/\/api.w.org\/{rel}","templated":true}]}}