{"id":1584,"date":"2014-02-05T18:19:00","date_gmt":"2014-02-05T17:19:00","guid":{"rendered":"http:\/\/arteeluoghi.it\/index.php\/2014\/02\/05\/al-teatro-paisiello-di-lecce-claudia-pandolfi-e-francesco-montanari\/"},"modified":"2014-02-05T18:19:00","modified_gmt":"2014-02-05T17:19:00","slug":"al-teatro-paisiello-di-lecce-claudia-pandolfi-e-francesco-montanari","status":"publish","type":"post","link":"https:\/\/arteeluoghi.it\/index.php\/2014\/02\/05\/al-teatro-paisiello-di-lecce-claudia-pandolfi-e-francesco-montanari\/","title":{"rendered":"Al Teatro Paisiello di Lecce Claudia Pandolfi e Francesco Montanari"},"content":{"rendered":"<p>\u00a0<\/p>\n<p><strong>A Lecce Claudia Pandolfi e Francesco Montanari nel trhiller teatrale di Luciano Melchionna<\/strong><\/p>\n<p>di Lara Napoli<\/p>\n<p><object width=\"425\" height=\"350\" hspace=\"21\" vspace=\"21\" data=\"http:\/\/www.youtube.com\/embed\/h1CSLVrtLzM\" type=\"audio\/x-pn-realaudio-plugin\"><param name=\"src\" value=\"http:\/\/www.youtube.com\/embed\/h1CSLVrtLzM\" \/><param name=\"frameborder\" value=\"0\" \/><\/object><span id=\"__caret\">_<\/span><\/p>\n<p>A poche ore dallo spettacolo, in un Teatro Paisiello che registra nuovamente un tutto esaurito, parla del suo personaggio con affetto e rispetto profondo Claudia Pandolfi seduta ne la Feltrinelli di Lecce e ringrazia Melchionna per averla scelta e per aver tirato il meglio di se come attrice, dopo anni di lontananza dal teatro. Una storia particolare quella messa in scena sul palco a Lecce insieme a Francesco Montanari, che un po&#8217; riprende le difficolt\u00e0 quotidiane delle donne nel nostro Paese alle prese con violenze fisiche e psicologiche da parte di ex amanti, compagni, mariti e fidanzati. E lo scenario fa da cornice al thriller: un cinema abbandonato, fatiscente, isolato dal mondo. Nella penombra, in silhouette, una giovane donna \u00e8 seduta al centro della platea, tra poltrone divelte e polverose. Davanti a lei, gigantesco, campeggia il primissimo piano del volto di un uomo che confesser\u00e0 di essere un serial killer e di aver gi\u00e0 ucciso diciotto persone, tutte scelte a caso.Tra colpi bassi e cedimenti psicologici, scabrose verit\u00e0, menzogne e calunnie infamanti, appare presto chiaro che i due si conoscono molto bene, in realt\u00e0. Il secondo appuntamento della stagione teatrale segna, con nuovo successo, il ritorno a Lecce del regista Luciano Melchionna, che ad aprile scorso aveva rivoluzionato con il suo &#8220;Dignit\u00e0 autonome di prostituzione&#8221; il Teatro Paisiello di Lecce. Ed eccolo impegnato a portare in scena con la complicit\u00e0 di interpreti come Claudia Pandolfi e Francesco Montanari un vero e proprio thriller di Jordi Galceran, tradotto per la prima volta in Italia.<\/p>\n<p>\u00a0<\/p>\n","protected":false},"excerpt":{"rendered":"<p>\u00a0 A Lecce Claudia Pandolfi e Francesco Montanari nel trhiller teatrale di Luciano Melchionna di Lara Napoli _ A poche<\/p>\n","protected":false},"author":1,"featured_media":0,"comment_status":"open","ping_status":"open","sticky":false,"template":"","format":"standard","meta":[],"categories":[45],"tags":[],"yoast_head":"<!-- This site is optimized with the Yoast SEO plugin v18.0 - https:\/\/yoast.com\/wordpress\/plugins\/seo\/ -->\n<title>Al Teatro Paisiello di Lecce Claudia Pandolfi e Francesco Montanari | Arte e Luoghi<\/title>\n<meta name=\"robots\" content=\"index, follow, max-snippet:-1, max-image-preview:large, max-video-preview:-1\" \/>\n<link rel=\"canonical\" href=\"https:\/\/arteeluoghi.it\/index.php\/2014\/02\/05\/al-teatro-paisiello-di-lecce-claudia-pandolfi-e-francesco-montanari\/\" \/>\n<meta property=\"og:locale\" content=\"it_IT\" \/>\n<meta property=\"og:type\" content=\"article\" \/>\n<meta property=\"og:title\" content=\"Al Teatro Paisiello di Lecce Claudia Pandolfi e Francesco Montanari | Arte e Luoghi\" \/>\n<meta property=\"og:description\" content=\"\u00a0 A Lecce Claudia Pandolfi e Francesco Montanari nel trhiller teatrale di Luciano Melchionna di Lara Napoli _ A poche\" \/>\n<meta property=\"og:url\" content=\"https:\/\/arteeluoghi.it\/index.php\/2014\/02\/05\/al-teatro-paisiello-di-lecce-claudia-pandolfi-e-francesco-montanari\/\" \/>\n<meta property=\"og:site_name\" content=\"Arte e Luoghi\" \/>\n<meta property=\"article:publisher\" content=\"https:\/\/www.facebook.com\/ArteELuoghi\/\" \/>\n<meta property=\"article:published_time\" content=\"2014-02-05T17:19:00+00:00\" \/>\n<meta name=\"twitter:card\" content=\"summary\" \/>\n<meta name=\"twitter:creator\" content=\"@arteeluoghi\" \/>\n<meta name=\"twitter:site\" content=\"@arteeluoghi\" \/>\n<meta name=\"twitter:label1\" content=\"Scritto da\" \/>\n\t<meta name=\"twitter:data1\" content=\"Staff\" \/>\n\t<meta name=\"twitter:label2\" content=\"Tempo di lettura stimato\" \/>\n\t<meta name=\"twitter:data2\" content=\"1 minuto\" \/>\n<script type=\"application\/ld+json\" class=\"yoast-schema-graph\">{\"@context\":\"https:\/\/schema.org\",\"@graph\":[{\"@type\":\"Organization\",\"@id\":\"https:\/\/arteeluoghi.it\/#organization\",\"name\":\"Arte e Luoghi\",\"url\":\"https:\/\/arteeluoghi.it\/\",\"sameAs\":[\"https:\/\/www.facebook.com\/ArteELuoghi\/\",\"https:\/\/www.instagram.com\/arteeluoghi\/?hl=it\",\"https:\/\/www.youtube.com\/channel\/UCuRVc4JW4-C5sg9rQB-srkw?view_as=subscriber\",\"https:\/\/twitter.com\/arteeluoghi\"],\"logo\":{\"@type\":\"ImageObject\",\"@id\":\"https:\/\/arteeluoghi.it\/#logo\",\"inLanguage\":\"it-IT\",\"url\":\"https:\/\/arteeluoghi.it\/wp-content\/uploads\/2018\/08\/logoinstagramarte.jpg\",\"contentUrl\":\"https:\/\/arteeluoghi.it\/wp-content\/uploads\/2018\/08\/logoinstagramarte.jpg\",\"width\":150,\"height\":150,\"caption\":\"Arte e Luoghi\"},\"image\":{\"@id\":\"https:\/\/arteeluoghi.it\/#logo\"}},{\"@type\":\"WebSite\",\"@id\":\"https:\/\/arteeluoghi.it\/#website\",\"url\":\"https:\/\/arteeluoghi.it\/\",\"name\":\"Arte e Luoghi\",\"description\":\"Mensile di arte, cultura, turismo e curiosit\u00e0\",\"publisher\":{\"@id\":\"https:\/\/arteeluoghi.it\/#organization\"},\"potentialAction\":[{\"@type\":\"SearchAction\",\"target\":{\"@type\":\"EntryPoint\",\"urlTemplate\":\"https:\/\/arteeluoghi.it\/?s={search_term_string}\"},\"query-input\":\"required name=search_term_string\"}],\"inLanguage\":\"it-IT\"},{\"@type\":\"WebPage\",\"@id\":\"https:\/\/arteeluoghi.it\/index.php\/2014\/02\/05\/al-teatro-paisiello-di-lecce-claudia-pandolfi-e-francesco-montanari\/#webpage\",\"url\":\"https:\/\/arteeluoghi.it\/index.php\/2014\/02\/05\/al-teatro-paisiello-di-lecce-claudia-pandolfi-e-francesco-montanari\/\",\"name\":\"Al Teatro Paisiello di Lecce Claudia Pandolfi e Francesco Montanari | Arte e Luoghi\",\"isPartOf\":{\"@id\":\"https:\/\/arteeluoghi.it\/#website\"},\"datePublished\":\"2014-02-05T17:19:00+00:00\",\"dateModified\":\"2014-02-05T17:19:00+00:00\",\"breadcrumb\":{\"@id\":\"https:\/\/arteeluoghi.it\/index.php\/2014\/02\/05\/al-teatro-paisiello-di-lecce-claudia-pandolfi-e-francesco-montanari\/#breadcrumb\"},\"inLanguage\":\"it-IT\",\"potentialAction\":[{\"@type\":\"ReadAction\",\"target\":[\"https:\/\/arteeluoghi.it\/index.php\/2014\/02\/05\/al-teatro-paisiello-di-lecce-claudia-pandolfi-e-francesco-montanari\/\"]}]},{\"@type\":\"BreadcrumbList\",\"@id\":\"https:\/\/arteeluoghi.it\/index.php\/2014\/02\/05\/al-teatro-paisiello-di-lecce-claudia-pandolfi-e-francesco-montanari\/#breadcrumb\",\"itemListElement\":[{\"@type\":\"ListItem\",\"position\":1,\"name\":\"Home\",\"item\":\"https:\/\/arteeluoghi.it\/\"},{\"@type\":\"ListItem\",\"position\":2,\"name\":\"Al Teatro Paisiello di Lecce Claudia Pandolfi e Francesco Montanari\"}]},{\"@type\":\"Article\",\"@id\":\"https:\/\/arteeluoghi.it\/index.php\/2014\/02\/05\/al-teatro-paisiello-di-lecce-claudia-pandolfi-e-francesco-montanari\/#article\",\"isPartOf\":{\"@id\":\"https:\/\/arteeluoghi.it\/index.php\/2014\/02\/05\/al-teatro-paisiello-di-lecce-claudia-pandolfi-e-francesco-montanari\/#webpage\"},\"author\":{\"@id\":\"https:\/\/arteeluoghi.it\/#\/schema\/person\/f84e814e36e91e01448ee07eaadd41d4\"},\"headline\":\"Al Teatro Paisiello di Lecce Claudia Pandolfi e Francesco Montanari\",\"datePublished\":\"2014-02-05T17:19:00+00:00\",\"dateModified\":\"2014-02-05T17:19:00+00:00\",\"mainEntityOfPage\":{\"@id\":\"https:\/\/arteeluoghi.it\/index.php\/2014\/02\/05\/al-teatro-paisiello-di-lecce-claudia-pandolfi-e-francesco-montanari\/#webpage\"},\"wordCount\":279,\"commentCount\":0,\"publisher\":{\"@id\":\"https:\/\/arteeluoghi.it\/#organization\"},\"articleSection\":[\"da imovepuglia.tv\"],\"inLanguage\":\"it-IT\",\"potentialAction\":[{\"@type\":\"CommentAction\",\"name\":\"Comment\",\"target\":[\"https:\/\/arteeluoghi.it\/index.php\/2014\/02\/05\/al-teatro-paisiello-di-lecce-claudia-pandolfi-e-francesco-montanari\/#respond\"]}]},{\"@type\":\"Person\",\"@id\":\"https:\/\/arteeluoghi.it\/#\/schema\/person\/f84e814e36e91e01448ee07eaadd41d4\",\"name\":\"Staff\",\"image\":{\"@type\":\"ImageObject\",\"@id\":\"https:\/\/arteeluoghi.it\/#personlogo\",\"inLanguage\":\"it-IT\",\"url\":\"https:\/\/secure.gravatar.com\/avatar\/49d2f9e46271bb04e19cebfaf141313a?s=96&d=blank&r=g\",\"contentUrl\":\"https:\/\/secure.gravatar.com\/avatar\/49d2f9e46271bb04e19cebfaf141313a?s=96&d=blank&r=g\",\"caption\":\"Staff\"}}]}<\/script>\n<!-- \/ Yoast SEO plugin. -->","yoast_head_json":{"title":"Al Teatro Paisiello di Lecce Claudia Pandolfi e Francesco Montanari | Arte e Luoghi","robots":{"index":"index","follow":"follow","max-snippet":"max-snippet:-1","max-image-preview":"max-image-preview:large","max-video-preview":"max-video-preview:-1"},"canonical":"https:\/\/arteeluoghi.it\/index.php\/2014\/02\/05\/al-teatro-paisiello-di-lecce-claudia-pandolfi-e-francesco-montanari\/","og_locale":"it_IT","og_type":"article","og_title":"Al Teatro Paisiello di Lecce Claudia Pandolfi e Francesco Montanari | Arte e Luoghi","og_description":"\u00a0 A Lecce Claudia Pandolfi e Francesco Montanari nel trhiller teatrale di Luciano Melchionna di Lara Napoli _ A poche","og_url":"https:\/\/arteeluoghi.it\/index.php\/2014\/02\/05\/al-teatro-paisiello-di-lecce-claudia-pandolfi-e-francesco-montanari\/","og_site_name":"Arte e Luoghi","article_publisher":"https:\/\/www.facebook.com\/ArteELuoghi\/","article_published_time":"2014-02-05T17:19:00+00:00","twitter_card":"summary","twitter_creator":"@arteeluoghi","twitter_site":"@arteeluoghi","twitter_misc":{"Scritto da":"Staff","Tempo di lettura stimato":"1 minuto"},"schema":{"@context":"https:\/\/schema.org","@graph":[{"@type":"Organization","@id":"https:\/\/arteeluoghi.it\/#organization","name":"Arte e Luoghi","url":"https:\/\/arteeluoghi.it\/","sameAs":["https:\/\/www.facebook.com\/ArteELuoghi\/","https:\/\/www.instagram.com\/arteeluoghi\/?hl=it","https:\/\/www.youtube.com\/channel\/UCuRVc4JW4-C5sg9rQB-srkw?view_as=subscriber","https:\/\/twitter.com\/arteeluoghi"],"logo":{"@type":"ImageObject","@id":"https:\/\/arteeluoghi.it\/#logo","inLanguage":"it-IT","url":"https:\/\/arteeluoghi.it\/wp-content\/uploads\/2018\/08\/logoinstagramarte.jpg","contentUrl":"https:\/\/arteeluoghi.it\/wp-content\/uploads\/2018\/08\/logoinstagramarte.jpg","width":150,"height":150,"caption":"Arte e Luoghi"},"image":{"@id":"https:\/\/arteeluoghi.it\/#logo"}},{"@type":"WebSite","@id":"https:\/\/arteeluoghi.it\/#website","url":"https:\/\/arteeluoghi.it\/","name":"Arte e Luoghi","description":"Mensile di arte, cultura, turismo e curiosit\u00e0","publisher":{"@id":"https:\/\/arteeluoghi.it\/#organization"},"potentialAction":[{"@type":"SearchAction","target":{"@type":"EntryPoint","urlTemplate":"https:\/\/arteeluoghi.it\/?s={search_term_string}"},"query-input":"required name=search_term_string"}],"inLanguage":"it-IT"},{"@type":"WebPage","@id":"https:\/\/arteeluoghi.it\/index.php\/2014\/02\/05\/al-teatro-paisiello-di-lecce-claudia-pandolfi-e-francesco-montanari\/#webpage","url":"https:\/\/arteeluoghi.it\/index.php\/2014\/02\/05\/al-teatro-paisiello-di-lecce-claudia-pandolfi-e-francesco-montanari\/","name":"Al Teatro Paisiello di Lecce Claudia Pandolfi e Francesco Montanari | Arte e Luoghi","isPartOf":{"@id":"https:\/\/arteeluoghi.it\/#website"},"datePublished":"2014-02-05T17:19:00+00:00","dateModified":"2014-02-05T17:19:00+00:00","breadcrumb":{"@id":"https:\/\/arteeluoghi.it\/index.php\/2014\/02\/05\/al-teatro-paisiello-di-lecce-claudia-pandolfi-e-francesco-montanari\/#breadcrumb"},"inLanguage":"it-IT","potentialAction":[{"@type":"ReadAction","target":["https:\/\/arteeluoghi.it\/index.php\/2014\/02\/05\/al-teatro-paisiello-di-lecce-claudia-pandolfi-e-francesco-montanari\/"]}]},{"@type":"BreadcrumbList","@id":"https:\/\/arteeluoghi.it\/index.php\/2014\/02\/05\/al-teatro-paisiello-di-lecce-claudia-pandolfi-e-francesco-montanari\/#breadcrumb","itemListElement":[{"@type":"ListItem","position":1,"name":"Home","item":"https:\/\/arteeluoghi.it\/"},{"@type":"ListItem","position":2,"name":"Al Teatro Paisiello di Lecce Claudia Pandolfi e Francesco Montanari"}]},{"@type":"Article","@id":"https:\/\/arteeluoghi.it\/index.php\/2014\/02\/05\/al-teatro-paisiello-di-lecce-claudia-pandolfi-e-francesco-montanari\/#article","isPartOf":{"@id":"https:\/\/arteeluoghi.it\/index.php\/2014\/02\/05\/al-teatro-paisiello-di-lecce-claudia-pandolfi-e-francesco-montanari\/#webpage"},"author":{"@id":"https:\/\/arteeluoghi.it\/#\/schema\/person\/f84e814e36e91e01448ee07eaadd41d4"},"headline":"Al Teatro Paisiello di Lecce Claudia Pandolfi e Francesco Montanari","datePublished":"2014-02-05T17:19:00+00:00","dateModified":"2014-02-05T17:19:00+00:00","mainEntityOfPage":{"@id":"https:\/\/arteeluoghi.it\/index.php\/2014\/02\/05\/al-teatro-paisiello-di-lecce-claudia-pandolfi-e-francesco-montanari\/#webpage"},"wordCount":279,"commentCount":0,"publisher":{"@id":"https:\/\/arteeluoghi.it\/#organization"},"articleSection":["da imovepuglia.tv"],"inLanguage":"it-IT","potentialAction":[{"@type":"CommentAction","name":"Comment","target":["https:\/\/arteeluoghi.it\/index.php\/2014\/02\/05\/al-teatro-paisiello-di-lecce-claudia-pandolfi-e-francesco-montanari\/#respond"]}]},{"@type":"Person","@id":"https:\/\/arteeluoghi.it\/#\/schema\/person\/f84e814e36e91e01448ee07eaadd41d4","name":"Staff","image":{"@type":"ImageObject","@id":"https:\/\/arteeluoghi.it\/#personlogo","inLanguage":"it-IT","url":"https:\/\/secure.gravatar.com\/avatar\/49d2f9e46271bb04e19cebfaf141313a?s=96&d=blank&r=g","contentUrl":"https:\/\/secure.gravatar.com\/avatar\/49d2f9e46271bb04e19cebfaf141313a?s=96&d=blank&r=g","caption":"Staff"}}]}},"_links":{"self":[{"href":"https:\/\/arteeluoghi.it\/index.php\/wp-json\/wp\/v2\/posts\/1584"}],"collection":[{"href":"https:\/\/arteeluoghi.it\/index.php\/wp-json\/wp\/v2\/posts"}],"about":[{"href":"https:\/\/arteeluoghi.it\/index.php\/wp-json\/wp\/v2\/types\/post"}],"author":[{"embeddable":true,"href":"https:\/\/arteeluoghi.it\/index.php\/wp-json\/wp\/v2\/users\/1"}],"replies":[{"embeddable":true,"href":"https:\/\/arteeluoghi.it\/index.php\/wp-json\/wp\/v2\/comments?post=1584"}],"version-history":[{"count":0,"href":"https:\/\/arteeluoghi.it\/index.php\/wp-json\/wp\/v2\/posts\/1584\/revisions"}],"wp:attachment":[{"href":"https:\/\/arteeluoghi.it\/index.php\/wp-json\/wp\/v2\/media?parent=1584"}],"wp:term":[{"taxonomy":"category","embeddable":true,"href":"https:\/\/arteeluoghi.it\/index.php\/wp-json\/wp\/v2\/categories?post=1584"},{"taxonomy":"post_tag","embeddable":true,"href":"https:\/\/arteeluoghi.it\/index.php\/wp-json\/wp\/v2\/tags?post=1584"}],"curies":[{"name":"wp","href":"https:\/\/api.w.org\/{rel}","templated":true}]}}